{"id":92465,"date":"2024-10-02T18:21:12","date_gmt":"2024-10-03T01:21:12","guid":{"rendered":"https:\/\/fuentesfidedignas.com.mx\/?p=92465"},"modified":"2024-10-02T18:21:14","modified_gmt":"2024-10-03T01:21:14","slug":"militares-mexicanos-implicados-en-asesinato-de-seis-migrantes-en-chiapas","status":"publish","type":"post","link":"https:\/\/fuentesfidedignas.com.mx\/index.php\/2024\/10\/02\/militares-mexicanos-implicados-en-asesinato-de-seis-migrantes-en-chiapas\/","title":{"rendered":"Militares mexicanos implicados en asesinato de seis migrantes en Chiapas"},"content":{"rendered":"\n<p><strong><em>De acuerdo con la nota, los dos agentes de Ej\u00e9rcito Mexicano habr\u00edan confundido a los 33 migrantes que viajaban en dos camionetas en Chiapas con presuntos delincuentes<\/em><\/strong><\/p>\n\n\n\n<p>Al menos dos militares mexicanos son investigados por disparar contra migrantes de pa\u00edses de Medio Oriente en el estado de Chiapas, hecho que dej\u00f3 como saldo seis asesinados y 10 lesionados.<\/p>\n\n\n\n<p>As\u00ed lo confirm\u00f3 en un comunicado la Secretar\u00eda de la Defensa Nacional (Sedena), donde precis\u00f3 que los hechos ocurrieron la noche del martes 1 de octubre, en un tramo carretero entre Villa Comaltitl\u00e1n y Huixtla, municipios de Chiapas.<\/p>\n\n\n\n<p>&#8220;El personal militar al acercarse identific\u00f3 33 migrantes de nacionalidad egipcia, nepal\u00ed, cubana, hind\u00fa, pakistan\u00ed y \u00e1rabe, de los cuales cuatro hab\u00edan fallecido, 12 lesionados y 17 ilesos\u201d, reconoci\u00f3 la Sedena.<\/p>\n\n\n\n<p>De acuerdo con la nota, los dos agentes de Ej\u00e9rcito Mexicano habr\u00edan confundido a los 33 migrantes que viajaban en dos camionetas con presuntos delincuentes.<\/p>\n\n\n\n<p>\u201cIntegrantes del Ej\u00e9rcito Mexicano al efectuar reconocimientos terrestres, detectaron un veh\u00edculo tipo \u2018pick-up\u2019 que iba a alta velocidad, mismo que al ver al personal militar se evadi\u00f3\u201d, narr\u00f3 la Sedena.<\/p>\n\n\n\n<p>Detall\u00f3 que a la retaguardia de la camioneta \u201cse desplazaban dos camionetas de redilas como las que usan grupos delincuenciales en esa regi\u00f3n\u201d.<\/p>\n\n\n\n<p>&#8220;Personal militar manifest\u00f3 escuchar detonaciones, por lo que dos elementos accionaron su armamento, deteniendo su marcha una de las camionetas de redilas\u201d, a\u00f1ade la nota.<\/p>\n\n\n\n<p>Al acercarse, los militares mexicanos identificaron a cuatro migrantes muertos y 12 lesionados, los cuales fueron trasladados a un hospital cercano, donde dos m\u00e1s perdieron la vida.<\/p>\n\n\n\n<p>Las 17 personas restantes que resultaron ilesas fueron puestos a disposici\u00f3n del Instituto Nacional de Migraci\u00f3n, quien atendi\u00f3 el incidente seg\u00fan protocolo.<\/p>\n\n\n\n<p>Por estos hechos, los dos militares que accionaron sus armas contra los migrantes fueron separados de sus funciones y por incurrir en afectaciones a civiles ser\u00e1n investigados por la Fiscal\u00eda General de la Rep\u00fablica (FGR).<\/p>\n\n\n\n<p>A la par, la Sedena inform\u00f3 que la Fiscal\u00eda General de Justicia Militar tambi\u00e9n desarrollar\u00e1 sus propias \u201cinvestigaciones respecto a la disciplina militar\u201d.<\/p>\n\n\n\n<p>Adem\u00e1s, la Sedena indic\u00f3 que estableci\u00f3 coordinaci\u00f3n con la Canciller\u00eda para que se mantenga en contacto con las embajadas correspondientes.<\/p>\n\n\n\n<p>\u201cLa Secretar\u00eda de la Defensa Nacional, en el \u00e1mbito de su competencia, refrenda su compromiso de actuar con estricto apego al estado de derecho, bajo una pol\u00edtica de cero impunidad y est\u00e1 atenta a requerimientos por parte de las autoridades civiles para el esclarecimiento de los hechos\u201d, concluy\u00f3.<\/p>\n","protected":false},"excerpt":{"rendered":"<p>De acuerdo con la nota, los dos agentes de Ej\u00e9rcito Mexicano habr\u00edan confundido a los 33 migrantes que viajaban en dos camionetas en Chiapas con presuntos delincuentes Al menos dos militares mexicanos son investigados por disparar contra migrantes de pa\u00edses de Medio Oriente en el estado de Chiapas, hecho que dej\u00f3 como saldo seis asesinados [&hellip;]<\/p>\n","protected":false},"author":47,"featured_media":77800,"comment_status":"open","ping_status":"open","sticky":false,"template":"","format":"standard","meta":{"tdm_status":"","tdm_grid_status":"","footnotes":""},"categories":[39],"tags":[],"class_list":{"0":"post-92465","1":"post","2":"type-post","3":"status-publish","4":"format-standard","5":"has-post-thumbnail","7":"category-noticias-nacionales"},"yoast_head":"<!-- This site is optimized with the Yoast SEO plugin v27.5 - https:\/\/yoast.com\/product\/yoast-seo-wordpress\/ -->\n<title>Militares mexicanos implicados en asesinato de seis migrantes en Chiapas - Fuentes Fidedignas<\/title>\n<meta name=\"robots\" content=\"index, follow, max-snippet:-1, max-image-preview:large, max-video-preview:-1\" \/>\n<link rel=\"canonical\" href=\"https:\/\/fuentesfidedignas.com.mx\/index.php\/2024\/10\/02\/militares-mexicanos-implicados-en-asesinato-de-seis-migrantes-en-chiapas\/\" \/>\n<meta property=\"og:locale\" content=\"es_MX\" \/>\n<meta property=\"og:type\" content=\"article\" \/>\n<meta property=\"og:title\" content=\"Militares mexicanos implicados en asesinato de seis migrantes en Chiapas - Fuentes Fidedignas\" \/>\n<meta property=\"og:description\" content=\"De acuerdo con la nota, los dos agentes de Ej\u00e9rcito Mexicano habr\u00edan confundido a los 33 migrantes que viajaban en dos camionetas en Chiapas con presuntos delincuentes Al menos dos militares mexicanos son investigados por disparar contra migrantes de pa\u00edses de Medio Oriente en el estado de Chiapas, hecho que dej\u00f3 como saldo seis asesinados [&hellip;]\" \/>\n<meta property=\"og:url\" content=\"https:\/\/fuentesfidedignas.com.mx\/index.php\/2024\/10\/02\/militares-mexicanos-implicados-en-asesinato-de-seis-migrantes-en-chiapas\/\" \/>\n<meta property=\"og:site_name\" content=\"Fuentes Fidedignas\" \/>\n<meta property=\"article:publisher\" content=\"https:\/\/www.facebook.com\/Fuentes-Fidedignas-368234489921644\" \/>\n<meta property=\"article:published_time\" content=\"2024-10-03T01:21:12+00:00\" \/>\n<meta property=\"article:modified_time\" content=\"2024-10-03T01:21:14+00:00\" \/>\n<meta property=\"og:image\" content=\"https:\/\/fuentesfidedignas.com.mx\/wp-content\/uploads\/2024\/03\/MILITARES.jpg\" \/>\n\t<meta property=\"og:image:width\" content=\"600\" \/>\n\t<meta property=\"og:image:height\" content=\"348\" \/>\n\t<meta property=\"og:image:type\" content=\"image\/jpeg\" \/>\n<meta name=\"author\" content=\"L\u00f3pez D\u00f3riga\" \/>\n<meta name=\"twitter:card\" content=\"summary_large_image\" \/>\n<meta name=\"twitter:creator\" content=\"@fidedignas\" \/>\n<meta name=\"twitter:site\" content=\"@fidedignas\" \/>\n<meta name=\"twitter:label1\" content=\"Escrito por\" \/>\n\t<meta name=\"twitter:data1\" content=\"L\u00f3pez D\u00f3riga\" \/>\n\t<meta name=\"twitter:label2\" content=\"Tiempo de lectura\" \/>\n\t<meta name=\"twitter:data2\" content=\"3 minutos\" \/>\n<script type=\"application\/ld+json\" class=\"yoast-schema-graph\">{\"@context\":\"https:\\\/\\\/schema.org\",\"@graph\":[{\"@type\":\"Article\",\"@id\":\"https:\\\/\\\/fuentesfidedignas.com.mx\\\/index.php\\\/2024\\\/10\\\/02\\\/militares-mexicanos-implicados-en-asesinato-de-seis-migrantes-en-chiapas\\\/#article\",\"isPartOf\":{\"@id\":\"https:\\\/\\\/fuentesfidedignas.com.mx\\\/index.php\\\/2024\\\/10\\\/02\\\/militares-mexicanos-implicados-en-asesinato-de-seis-migrantes-en-chiapas\\\/\"},\"author\":{\"name\":\"L\u00f3pez D\u00f3riga\",\"@id\":\"https:\\\/\\\/fuentesfidedignas.com.mx\\\/#\\\/schema\\\/person\\\/67d852f0557c8509146a4b9ddebd543a\"},\"headline\":\"Militares mexicanos implicados en asesinato de seis migrantes en Chiapas\",\"datePublished\":\"2024-10-03T01:21:12+00:00\",\"dateModified\":\"2024-10-03T01:21:14+00:00\",\"mainEntityOfPage\":{\"@id\":\"https:\\\/\\\/fuentesfidedignas.com.mx\\\/index.php\\\/2024\\\/10\\\/02\\\/militares-mexicanos-implicados-en-asesinato-de-seis-migrantes-en-chiapas\\\/\"},\"wordCount\":432,\"commentCount\":0,\"publisher\":{\"@id\":\"https:\\\/\\\/fuentesfidedignas.com.mx\\\/#organization\"},\"image\":{\"@id\":\"https:\\\/\\\/fuentesfidedignas.com.mx\\\/index.php\\\/2024\\\/10\\\/02\\\/militares-mexicanos-implicados-en-asesinato-de-seis-migrantes-en-chiapas\\\/#primaryimage\"},\"thumbnailUrl\":\"https:\\\/\\\/fuentesfidedignas.com.mx\\\/wp-content\\\/uploads\\\/2024\\\/03\\\/MILITARES.jpg\",\"articleSection\":[\"NOTICIAS NACIONALES\"],\"inLanguage\":\"es\",\"potentialAction\":[{\"@type\":\"CommentAction\",\"name\":\"Comment\",\"target\":[\"https:\\\/\\\/fuentesfidedignas.com.mx\\\/index.php\\\/2024\\\/10\\\/02\\\/militares-mexicanos-implicados-en-asesinato-de-seis-migrantes-en-chiapas\\\/#respond\"]}]},{\"@type\":\"WebPage\",\"@id\":\"https:\\\/\\\/fuentesfidedignas.com.mx\\\/index.php\\\/2024\\\/10\\\/02\\\/militares-mexicanos-implicados-en-asesinato-de-seis-migrantes-en-chiapas\\\/\",\"url\":\"https:\\\/\\\/fuentesfidedignas.com.mx\\\/index.php\\\/2024\\\/10\\\/02\\\/militares-mexicanos-implicados-en-asesinato-de-seis-migrantes-en-chiapas\\\/\",\"name\":\"Militares mexicanos implicados en asesinato de seis migrantes en Chiapas - Fuentes Fidedignas\",\"isPartOf\":{\"@id\":\"https:\\\/\\\/fuentesfidedignas.com.mx\\\/#website\"},\"primaryImageOfPage\":{\"@id\":\"https:\\\/\\\/fuentesfidedignas.com.mx\\\/index.php\\\/2024\\\/10\\\/02\\\/militares-mexicanos-implicados-en-asesinato-de-seis-migrantes-en-chiapas\\\/#primaryimage\"},\"image\":{\"@id\":\"https:\\\/\\\/fuentesfidedignas.com.mx\\\/index.php\\\/2024\\\/10\\\/02\\\/militares-mexicanos-implicados-en-asesinato-de-seis-migrantes-en-chiapas\\\/#primaryimage\"},\"thumbnailUrl\":\"https:\\\/\\\/fuentesfidedignas.com.mx\\\/wp-content\\\/uploads\\\/2024\\\/03\\\/MILITARES.jpg\",\"datePublished\":\"2024-10-03T01:21:12+00:00\",\"dateModified\":\"2024-10-03T01:21:14+00:00\",\"breadcrumb\":{\"@id\":\"https:\\\/\\\/fuentesfidedignas.com.mx\\\/index.php\\\/2024\\\/10\\\/02\\\/militares-mexicanos-implicados-en-asesinato-de-seis-migrantes-en-chiapas\\\/#breadcrumb\"},\"inLanguage\":\"es\",\"potentialAction\":[{\"@type\":\"ReadAction\",\"target\":[\"https:\\\/\\\/fuentesfidedignas.com.mx\\\/index.php\\\/2024\\\/10\\\/02\\\/militares-mexicanos-implicados-en-asesinato-de-seis-migrantes-en-chiapas\\\/\"]}]},{\"@type\":\"ImageObject\",\"inLanguage\":\"es\",\"@id\":\"https:\\\/\\\/fuentesfidedignas.com.mx\\\/index.php\\\/2024\\\/10\\\/02\\\/militares-mexicanos-implicados-en-asesinato-de-seis-migrantes-en-chiapas\\\/#primaryimage\",\"url\":\"https:\\\/\\\/fuentesfidedignas.com.mx\\\/wp-content\\\/uploads\\\/2024\\\/03\\\/MILITARES.jpg\",\"contentUrl\":\"https:\\\/\\\/fuentesfidedignas.com.mx\\\/wp-content\\\/uploads\\\/2024\\\/03\\\/MILITARES.jpg\",\"width\":600,\"height\":348},{\"@type\":\"BreadcrumbList\",\"@id\":\"https:\\\/\\\/fuentesfidedignas.com.mx\\\/index.php\\\/2024\\\/10\\\/02\\\/militares-mexicanos-implicados-en-asesinato-de-seis-migrantes-en-chiapas\\\/#breadcrumb\",\"itemListElement\":[{\"@type\":\"ListItem\",\"position\":1,\"name\":\"Inicio\",\"item\":\"https:\\\/\\\/fuentesfidedignas.com.mx\\\/\"},{\"@type\":\"ListItem\",\"position\":2,\"name\":\"Militares mexicanos implicados en asesinato de seis migrantes en Chiapas\"}]},{\"@type\":\"WebSite\",\"@id\":\"https:\\\/\\\/fuentesfidedignas.com.mx\\\/#website\",\"url\":\"https:\\\/\\\/fuentesfidedignas.com.mx\\\/\",\"name\":\"Fuentes Fidedignas\",\"description\":\"Otro sitio realizado con WordPress\",\"publisher\":{\"@id\":\"https:\\\/\\\/fuentesfidedignas.com.mx\\\/#organization\"},\"potentialAction\":[{\"@type\":\"SearchAction\",\"target\":{\"@type\":\"EntryPoint\",\"urlTemplate\":\"https:\\\/\\\/fuentesfidedignas.com.mx\\\/?s={search_term_string}\"},\"query-input\":{\"@type\":\"PropertyValueSpecification\",\"valueRequired\":true,\"valueName\":\"search_term_string\"}}],\"inLanguage\":\"es\"},{\"@type\":\"Organization\",\"@id\":\"https:\\\/\\\/fuentesfidedignas.com.mx\\\/#organization\",\"name\":\"Fuentes Fidedignas\",\"url\":\"https:\\\/\\\/fuentesfidedignas.com.mx\\\/\",\"logo\":{\"@type\":\"ImageObject\",\"inLanguage\":\"es\",\"@id\":\"https:\\\/\\\/fuentesfidedignas.com.mx\\\/#\\\/schema\\\/logo\\\/image\\\/\",\"url\":\"https:\\\/\\\/fuentesfidedignas.com.mx\\\/wp-content\\\/uploads\\\/2021\\\/04\\\/logo-retina.png\",\"contentUrl\":\"https:\\\/\\\/fuentesfidedignas.com.mx\\\/wp-content\\\/uploads\\\/2021\\\/04\\\/logo-retina.png\",\"width\":280,\"height\":51,\"caption\":\"Fuentes Fidedignas\"},\"image\":{\"@id\":\"https:\\\/\\\/fuentesfidedignas.com.mx\\\/#\\\/schema\\\/logo\\\/image\\\/\"},\"sameAs\":[\"https:\\\/\\\/www.facebook.com\\\/Fuentes-Fidedignas-368234489921644\",\"https:\\\/\\\/x.com\\\/fidedignas\"]},{\"@type\":\"Person\",\"@id\":\"https:\\\/\\\/fuentesfidedignas.com.mx\\\/#\\\/schema\\\/person\\\/67d852f0557c8509146a4b9ddebd543a\",\"name\":\"L\u00f3pez D\u00f3riga\",\"image\":{\"@type\":\"ImageObject\",\"inLanguage\":\"es\",\"@id\":\"https:\\\/\\\/secure.gravatar.com\\\/avatar\\\/e525b06574ca18b33cded59dfe5778d6c823b9513154eff47da551b0551bdd1e?s=96&d=mm&r=g\",\"url\":\"https:\\\/\\\/secure.gravatar.com\\\/avatar\\\/e525b06574ca18b33cded59dfe5778d6c823b9513154eff47da551b0551bdd1e?s=96&d=mm&r=g\",\"contentUrl\":\"https:\\\/\\\/secure.gravatar.com\\\/avatar\\\/e525b06574ca18b33cded59dfe5778d6c823b9513154eff47da551b0551bdd1e?s=96&d=mm&r=g\",\"caption\":\"L\u00f3pez D\u00f3riga\"},\"url\":\"https:\\\/\\\/fuentesfidedignas.com.mx\\\/index.php\\\/author\\\/doriga\\\/\"}]}<\/script>\n<!-- \/ Yoast SEO plugin. -->","yoast_head_json":{"title":"Militares mexicanos implicados en asesinato de seis migrantes en Chiapas - Fuentes Fidedignas","robots":{"index":"index","follow":"follow","max-snippet":"max-snippet:-1","max-image-preview":"max-image-preview:large","max-video-preview":"max-video-preview:-1"},"canonical":"https:\/\/fuentesfidedignas.com.mx\/index.php\/2024\/10\/02\/militares-mexicanos-implicados-en-asesinato-de-seis-migrantes-en-chiapas\/","og_locale":"es_MX","og_type":"article","og_title":"Militares mexicanos implicados en asesinato de seis migrantes en Chiapas - Fuentes Fidedignas","og_description":"De acuerdo con la nota, los dos agentes de Ej\u00e9rcito Mexicano habr\u00edan confundido a los 33 migrantes que viajaban en dos camionetas en Chiapas con presuntos delincuentes Al menos dos militares mexicanos son investigados por disparar contra migrantes de pa\u00edses de Medio Oriente en el estado de Chiapas, hecho que dej\u00f3 como saldo seis asesinados [&hellip;]","og_url":"https:\/\/fuentesfidedignas.com.mx\/index.php\/2024\/10\/02\/militares-mexicanos-implicados-en-asesinato-de-seis-migrantes-en-chiapas\/","og_site_name":"Fuentes Fidedignas","article_publisher":"https:\/\/www.facebook.com\/Fuentes-Fidedignas-368234489921644","article_published_time":"2024-10-03T01:21:12+00:00","article_modified_time":"2024-10-03T01:21:14+00:00","og_image":[{"width":600,"height":348,"url":"https:\/\/fuentesfidedignas.com.mx\/wp-content\/uploads\/2024\/03\/MILITARES.jpg","type":"image\/jpeg"}],"author":"L\u00f3pez D\u00f3riga","twitter_card":"summary_large_image","twitter_creator":"@fidedignas","twitter_site":"@fidedignas","twitter_misc":{"Escrito por":"L\u00f3pez D\u00f3riga","Tiempo de lectura":"3 minutos"},"schema":{"@context":"https:\/\/schema.org","@graph":[{"@type":"Article","@id":"https:\/\/fuentesfidedignas.com.mx\/index.php\/2024\/10\/02\/militares-mexicanos-implicados-en-asesinato-de-seis-migrantes-en-chiapas\/#article","isPartOf":{"@id":"https:\/\/fuentesfidedignas.com.mx\/index.php\/2024\/10\/02\/militares-mexicanos-implicados-en-asesinato-de-seis-migrantes-en-chiapas\/"},"author":{"name":"L\u00f3pez D\u00f3riga","@id":"https:\/\/fuentesfidedignas.com.mx\/#\/schema\/person\/67d852f0557c8509146a4b9ddebd543a"},"headline":"Militares mexicanos implicados en asesinato de seis migrantes en Chiapas","datePublished":"2024-10-03T01:21:12+00:00","dateModified":"2024-10-03T01:21:14+00:00","mainEntityOfPage":{"@id":"https:\/\/fuentesfidedignas.com.mx\/index.php\/2024\/10\/02\/militares-mexicanos-implicados-en-asesinato-de-seis-migrantes-en-chiapas\/"},"wordCount":432,"commentCount":0,"publisher":{"@id":"https:\/\/fuentesfidedignas.com.mx\/#organization"},"image":{"@id":"https:\/\/fuentesfidedignas.com.mx\/index.php\/2024\/10\/02\/militares-mexicanos-implicados-en-asesinato-de-seis-migrantes-en-chiapas\/#primaryimage"},"thumbnailUrl":"https:\/\/fuentesfidedignas.com.mx\/wp-content\/uploads\/2024\/03\/MILITARES.jpg","articleSection":["NOTICIAS NACIONALES"],"inLanguage":"es","potentialAction":[{"@type":"CommentAction","name":"Comment","target":["https:\/\/fuentesfidedignas.com.mx\/index.php\/2024\/10\/02\/militares-mexicanos-implicados-en-asesinato-de-seis-migrantes-en-chiapas\/#respond"]}]},{"@type":"WebPage","@id":"https:\/\/fuentesfidedignas.com.mx\/index.php\/2024\/10\/02\/militares-mexicanos-implicados-en-asesinato-de-seis-migrantes-en-chiapas\/","url":"https:\/\/fuentesfidedignas.com.mx\/index.php\/2024\/10\/02\/militares-mexicanos-implicados-en-asesinato-de-seis-migrantes-en-chiapas\/","name":"Militares mexicanos implicados en asesinato de seis migrantes en Chiapas - Fuentes Fidedignas","isPartOf":{"@id":"https:\/\/fuentesfidedignas.com.mx\/#website"},"primaryImageOfPage":{"@id":"https:\/\/fuentesfidedignas.com.mx\/index.php\/2024\/10\/02\/militares-mexicanos-implicados-en-asesinato-de-seis-migrantes-en-chiapas\/#primaryimage"},"image":{"@id":"https:\/\/fuentesfidedignas.com.mx\/index.php\/2024\/10\/02\/militares-mexicanos-implicados-en-asesinato-de-seis-migrantes-en-chiapas\/#primaryimage"},"thumbnailUrl":"https:\/\/fuentesfidedignas.com.mx\/wp-content\/uploads\/2024\/03\/MILITARES.jpg","datePublished":"2024-10-03T01:21:12+00:00","dateModified":"2024-10-03T01:21:14+00:00","breadcrumb":{"@id":"https:\/\/fuentesfidedignas.com.mx\/index.php\/2024\/10\/02\/militares-mexicanos-implicados-en-asesinato-de-seis-migrantes-en-chiapas\/#breadcrumb"},"inLanguage":"es","potentialAction":[{"@type":"ReadAction","target":["https:\/\/fuentesfidedignas.com.mx\/index.php\/2024\/10\/02\/militares-mexicanos-implicados-en-asesinato-de-seis-migrantes-en-chiapas\/"]}]},{"@type":"ImageObject","inLanguage":"es","@id":"https:\/\/fuentesfidedignas.com.mx\/index.php\/2024\/10\/02\/militares-mexicanos-implicados-en-asesinato-de-seis-migrantes-en-chiapas\/#primaryimage","url":"https:\/\/fuentesfidedignas.com.mx\/wp-content\/uploads\/2024\/03\/MILITARES.jpg","contentUrl":"https:\/\/fuentesfidedignas.com.mx\/wp-content\/uploads\/2024\/03\/MILITARES.jpg","width":600,"height":348},{"@type":"BreadcrumbList","@id":"https:\/\/fuentesfidedignas.com.mx\/index.php\/2024\/10\/02\/militares-mexicanos-implicados-en-asesinato-de-seis-migrantes-en-chiapas\/#breadcrumb","itemListElement":[{"@type":"ListItem","position":1,"name":"Inicio","item":"https:\/\/fuentesfidedignas.com.mx\/"},{"@type":"ListItem","position":2,"name":"Militares mexicanos implicados en asesinato de seis migrantes en Chiapas"}]},{"@type":"WebSite","@id":"https:\/\/fuentesfidedignas.com.mx\/#website","url":"https:\/\/fuentesfidedignas.com.mx\/","name":"Fuentes Fidedignas","description":"Otro sitio realizado con WordPress","publisher":{"@id":"https:\/\/fuentesfidedignas.com.mx\/#organization"},"potentialAction":[{"@type":"SearchAction","target":{"@type":"EntryPoint","urlTemplate":"https:\/\/fuentesfidedignas.com.mx\/?s={search_term_string}"},"query-input":{"@type":"PropertyValueSpecification","valueRequired":true,"valueName":"search_term_string"}}],"inLanguage":"es"},{"@type":"Organization","@id":"https:\/\/fuentesfidedignas.com.mx\/#organization","name":"Fuentes Fidedignas","url":"https:\/\/fuentesfidedignas.com.mx\/","logo":{"@type":"ImageObject","inLanguage":"es","@id":"https:\/\/fuentesfidedignas.com.mx\/#\/schema\/logo\/image\/","url":"https:\/\/fuentesfidedignas.com.mx\/wp-content\/uploads\/2021\/04\/logo-retina.png","contentUrl":"https:\/\/fuentesfidedignas.com.mx\/wp-content\/uploads\/2021\/04\/logo-retina.png","width":280,"height":51,"caption":"Fuentes Fidedignas"},"image":{"@id":"https:\/\/fuentesfidedignas.com.mx\/#\/schema\/logo\/image\/"},"sameAs":["https:\/\/www.facebook.com\/Fuentes-Fidedignas-368234489921644","https:\/\/x.com\/fidedignas"]},{"@type":"Person","@id":"https:\/\/fuentesfidedignas.com.mx\/#\/schema\/person\/67d852f0557c8509146a4b9ddebd543a","name":"L\u00f3pez D\u00f3riga","image":{"@type":"ImageObject","inLanguage":"es","@id":"https:\/\/secure.gravatar.com\/avatar\/e525b06574ca18b33cded59dfe5778d6c823b9513154eff47da551b0551bdd1e?s=96&d=mm&r=g","url":"https:\/\/secure.gravatar.com\/avatar\/e525b06574ca18b33cded59dfe5778d6c823b9513154eff47da551b0551bdd1e?s=96&d=mm&r=g","contentUrl":"https:\/\/secure.gravatar.com\/avatar\/e525b06574ca18b33cded59dfe5778d6c823b9513154eff47da551b0551bdd1e?s=96&d=mm&r=g","caption":"L\u00f3pez D\u00f3riga"},"url":"https:\/\/fuentesfidedignas.com.mx\/index.php\/author\/doriga\/"}]}},"_links":{"self":[{"href":"https:\/\/fuentesfidedignas.com.mx\/index.php\/wp-json\/wp\/v2\/posts\/92465","targetHints":{"allow":["GET"]}}],"collection":[{"href":"https:\/\/fuentesfidedignas.com.mx\/index.php\/wp-json\/wp\/v2\/posts"}],"about":[{"href":"https:\/\/fuentesfidedignas.com.mx\/index.php\/wp-json\/wp\/v2\/types\/post"}],"author":[{"embeddable":true,"href":"https:\/\/fuentesfidedignas.com.mx\/index.php\/wp-json\/wp\/v2\/users\/47"}],"replies":[{"embeddable":true,"href":"https:\/\/fuentesfidedignas.com.mx\/index.php\/wp-json\/wp\/v2\/comments?post=92465"}],"version-history":[{"count":1,"href":"https:\/\/fuentesfidedignas.com.mx\/index.php\/wp-json\/wp\/v2\/posts\/92465\/revisions"}],"predecessor-version":[{"id":92466,"href":"https:\/\/fuentesfidedignas.com.mx\/index.php\/wp-json\/wp\/v2\/posts\/92465\/revisions\/92466"}],"wp:featuredmedia":[{"embeddable":true,"href":"https:\/\/fuentesfidedignas.com.mx\/index.php\/wp-json\/wp\/v2\/media\/77800"}],"wp:attachment":[{"href":"https:\/\/fuentesfidedignas.com.mx\/index.php\/wp-json\/wp\/v2\/media?parent=92465"}],"wp:term":[{"taxonomy":"category","embeddable":true,"href":"https:\/\/fuentesfidedignas.com.mx\/index.php\/wp-json\/wp\/v2\/categories?post=92465"},{"taxonomy":"post_tag","embeddable":true,"href":"https:\/\/fuentesfidedignas.com.mx\/index.php\/wp-json\/wp\/v2\/tags?post=92465"}],"curies":[{"name":"wp","href":"https:\/\/api.w.org\/{rel}","templated":true}]}}