{"id":92425,"date":"2024-10-02T09:59:42","date_gmt":"2024-10-02T16:59:42","guid":{"rendered":"https:\/\/fuentesfidedignas.com.mx\/?p=92425"},"modified":"2024-10-02T09:59:42","modified_gmt":"2024-10-02T16:59:42","slug":"minimiza-sheinbaum-violencia-en-sinaloa-durante-su-primera-mananera","status":"publish","type":"post","link":"https:\/\/fuentesfidedignas.com.mx\/index.php\/2024\/10\/02\/minimiza-sheinbaum-violencia-en-sinaloa-durante-su-primera-mananera\/","title":{"rendered":"Minimiza Sheinbaum violencia en Sinaloa durante su primera \u2018Ma\u00f1anera\u2019"},"content":{"rendered":"\n<p>Ciudad de M\u00e9xico.- En su primera conferencia Ma\u00f1anera del sexenio, la presidenta Claudia Sheinbaum, minimiz\u00f3 la ola de violencia que vive Sinaloa, pues seg\u00fan ella, los datos confirman que no es la entidad donde m\u00e1s asesinatos se cometen.<\/p>\n\n\n\n<p>\u201cPor cierto, Sinaloa no aparece entre los cinco estados de mayor n\u00famero de homicidios. El primero sigue siendo Guanajuato, estaba Chihuahua, Estado de M\u00e9xico, pero el m\u00e1ximo Guanajuato, de nuevo\u201d.<\/p>\n\n\n\n<p>La mandataria federal explic\u00f3 que el pr\u00f3ximo martes presentar\u00e1 el Plan Nacional de Seguridad y las iniciativas que enviar\u00e1 al Congreso para fortalecer la inteligencia y la investigaci\u00f3n para enfrentar el delito. De paso, anunci\u00f3 que a partir de ahora la Fiscal\u00eda General de la Rep\u00fablica tendr\u00e1 presencia en las reuniones del gabinete de seguridad, y que hoy ya estuvo presente un fiscal.&nbsp;<\/p>\n\n\n\n<p><strong>\u00bfQu\u00e9 m\u00e1s inform\u00f3 durante su primera \u2018Ma\u00f1anera\u2019 del sexenio?<\/strong><\/p>\n\n\n\n<ul class=\"wp-block-list\">\n<li>En su primera conferencia \u201cma\u00f1anera\u201d, la presidenta, Claudia Sheinbaum, comenta que esta ser\u00e1 dedicada a la matanza del 2 de octubre de 1968.<\/li>\n\n\n\n<li>La presidenta, Claudia Sheinbaum, da a conocer el esquema de sus conferencias ma\u00f1aneras, de ah\u00ed que los d\u00edas lunes sea dedicado al tema de \u201cVida Saludable\u201d, los martes se dedicar\u00e1 al \u201cHumanismo Mexicano\u201d, el d\u00eda mi\u00e9rcoles ser\u00e1 el \u201cDetector de Mentiras\u201d, los d\u00edas jueves \u201cMujeres en la Historia\u201d, y los viernes se llamar\u00e1 \u201cSuave Patria\u201d.<\/li>\n\n\n\n<li>El subsecretario de Derechos Humanos, de la Secretar\u00eda de Gobernaci\u00f3n, Arturo Medina, dirige un emotivo mensaje para homenajear al movimiento estudiantil de 1968, y apunt\u00f3 que esta lucha fue a nivel nacional.<\/li>\n\n\n\n<li>La presidenta, Claudia Sheinbaum Pardo, inform\u00f3 que el d\u00eda de hoy sostuvo su primera reuni\u00f3n de gabinete, y detall\u00f3 que el Fiscal, Alejandro Gertz Manero, envi\u00f3 a una persona para representarlo durante la reuni\u00f3n..<\/li>\n<\/ul>\n","protected":false},"excerpt":{"rendered":"<p>Ciudad de M\u00e9xico.- En su primera conferencia Ma\u00f1anera del sexenio, la presidenta Claudia Sheinbaum, minimiz\u00f3 la ola de violencia que vive Sinaloa, pues seg\u00fan ella, los datos confirman que no es la entidad donde m\u00e1s asesinatos se cometen. \u201cPor cierto, Sinaloa no aparece entre los cinco estados de mayor n\u00famero de homicidios. El primero sigue [&hellip;]<\/p>\n","protected":false},"author":46,"featured_media":92424,"comment_status":"closed","ping_status":"open","sticky":false,"template":"","format":"standard","meta":{"tdm_status":"","tdm_grid_status":"","footnotes":""},"categories":[37],"tags":[],"class_list":{"0":"post-92425","1":"post","2":"type-post","3":"status-publish","4":"format-standard","5":"has-post-thumbnail","7":"category-nota-principal"},"yoast_head":"<!-- This site is optimized with the Yoast SEO plugin v27.5 - https:\/\/yoast.com\/product\/yoast-seo-wordpress\/ -->\n<title>Minimiza Sheinbaum violencia en Sinaloa durante su primera \u2018Ma\u00f1anera\u2019 - Fuentes Fidedignas<\/title>\n<meta name=\"robots\" content=\"index, follow, max-snippet:-1, max-image-preview:large, max-video-preview:-1\" \/>\n<link rel=\"canonical\" href=\"https:\/\/fuentesfidedignas.com.mx\/index.php\/2024\/10\/02\/minimiza-sheinbaum-violencia-en-sinaloa-durante-su-primera-mananera\/\" \/>\n<meta property=\"og:locale\" content=\"es_MX\" \/>\n<meta property=\"og:type\" content=\"article\" \/>\n<meta property=\"og:title\" content=\"Minimiza Sheinbaum violencia en Sinaloa durante su primera \u2018Ma\u00f1anera\u2019 - Fuentes Fidedignas\" \/>\n<meta property=\"og:description\" content=\"Ciudad de M\u00e9xico.- En su primera conferencia Ma\u00f1anera del sexenio, la presidenta Claudia Sheinbaum, minimiz\u00f3 la ola de violencia que vive Sinaloa, pues seg\u00fan ella, los datos confirman que no es la entidad donde m\u00e1s asesinatos se cometen. \u201cPor cierto, Sinaloa no aparece entre los cinco estados de mayor n\u00famero de homicidios. El primero sigue [&hellip;]\" \/>\n<meta property=\"og:url\" content=\"https:\/\/fuentesfidedignas.com.mx\/index.php\/2024\/10\/02\/minimiza-sheinbaum-violencia-en-sinaloa-durante-su-primera-mananera\/\" \/>\n<meta property=\"og:site_name\" content=\"Fuentes Fidedignas\" \/>\n<meta property=\"article:publisher\" content=\"https:\/\/www.facebook.com\/Fuentes-Fidedignas-368234489921644\" \/>\n<meta property=\"article:published_time\" content=\"2024-10-02T16:59:42+00:00\" \/>\n<meta property=\"og:image\" content=\"https:\/\/fuentesfidedignas.com.mx\/wp-content\/uploads\/2024\/10\/img_2034-1.jpg\" \/>\n\t<meta property=\"og:image:width\" content=\"610\" \/>\n\t<meta property=\"og:image:height\" content=\"389\" \/>\n\t<meta property=\"og:image:type\" content=\"image\/png\" \/>\n<meta name=\"author\" content=\"Noticieros Televisa\" \/>\n<meta name=\"twitter:card\" content=\"summary_large_image\" \/>\n<meta name=\"twitter:creator\" content=\"@fidedignas\" \/>\n<meta name=\"twitter:site\" content=\"@fidedignas\" \/>\n<meta name=\"twitter:label1\" content=\"Escrito por\" \/>\n\t<meta name=\"twitter:data1\" content=\"Noticieros Televisa\" \/>\n\t<meta name=\"twitter:label2\" content=\"Tiempo de lectura\" \/>\n\t<meta name=\"twitter:data2\" content=\"2 minutos\" \/>\n<script type=\"application\/ld+json\" class=\"yoast-schema-graph\">{\"@context\":\"https:\\\/\\\/schema.org\",\"@graph\":[{\"@type\":\"Article\",\"@id\":\"https:\\\/\\\/fuentesfidedignas.com.mx\\\/index.php\\\/2024\\\/10\\\/02\\\/minimiza-sheinbaum-violencia-en-sinaloa-durante-su-primera-mananera\\\/#article\",\"isPartOf\":{\"@id\":\"https:\\\/\\\/fuentesfidedignas.com.mx\\\/index.php\\\/2024\\\/10\\\/02\\\/minimiza-sheinbaum-violencia-en-sinaloa-durante-su-primera-mananera\\\/\"},\"author\":{\"name\":\"Noticieros Televisa\",\"@id\":\"https:\\\/\\\/fuentesfidedignas.com.mx\\\/#\\\/schema\\\/person\\\/f030e42657a5a464a8bbd891b1aab6ee\"},\"headline\":\"Minimiza Sheinbaum violencia en Sinaloa durante su primera \u2018Ma\u00f1anera\u2019\",\"datePublished\":\"2024-10-02T16:59:42+00:00\",\"mainEntityOfPage\":{\"@id\":\"https:\\\/\\\/fuentesfidedignas.com.mx\\\/index.php\\\/2024\\\/10\\\/02\\\/minimiza-sheinbaum-violencia-en-sinaloa-durante-su-primera-mananera\\\/\"},\"wordCount\":317,\"publisher\":{\"@id\":\"https:\\\/\\\/fuentesfidedignas.com.mx\\\/#organization\"},\"image\":{\"@id\":\"https:\\\/\\\/fuentesfidedignas.com.mx\\\/index.php\\\/2024\\\/10\\\/02\\\/minimiza-sheinbaum-violencia-en-sinaloa-durante-su-primera-mananera\\\/#primaryimage\"},\"thumbnailUrl\":\"https:\\\/\\\/fuentesfidedignas.com.mx\\\/wp-content\\\/uploads\\\/2024\\\/10\\\/img_2034-1.jpg\",\"articleSection\":[\"NOTA PRINCIPAL\"],\"inLanguage\":\"es\"},{\"@type\":\"WebPage\",\"@id\":\"https:\\\/\\\/fuentesfidedignas.com.mx\\\/index.php\\\/2024\\\/10\\\/02\\\/minimiza-sheinbaum-violencia-en-sinaloa-durante-su-primera-mananera\\\/\",\"url\":\"https:\\\/\\\/fuentesfidedignas.com.mx\\\/index.php\\\/2024\\\/10\\\/02\\\/minimiza-sheinbaum-violencia-en-sinaloa-durante-su-primera-mananera\\\/\",\"name\":\"Minimiza Sheinbaum violencia en Sinaloa durante su primera \u2018Ma\u00f1anera\u2019 - Fuentes Fidedignas\",\"isPartOf\":{\"@id\":\"https:\\\/\\\/fuentesfidedignas.com.mx\\\/#website\"},\"primaryImageOfPage\":{\"@id\":\"https:\\\/\\\/fuentesfidedignas.com.mx\\\/index.php\\\/2024\\\/10\\\/02\\\/minimiza-sheinbaum-violencia-en-sinaloa-durante-su-primera-mananera\\\/#primaryimage\"},\"image\":{\"@id\":\"https:\\\/\\\/fuentesfidedignas.com.mx\\\/index.php\\\/2024\\\/10\\\/02\\\/minimiza-sheinbaum-violencia-en-sinaloa-durante-su-primera-mananera\\\/#primaryimage\"},\"thumbnailUrl\":\"https:\\\/\\\/fuentesfidedignas.com.mx\\\/wp-content\\\/uploads\\\/2024\\\/10\\\/img_2034-1.jpg\",\"datePublished\":\"2024-10-02T16:59:42+00:00\",\"breadcrumb\":{\"@id\":\"https:\\\/\\\/fuentesfidedignas.com.mx\\\/index.php\\\/2024\\\/10\\\/02\\\/minimiza-sheinbaum-violencia-en-sinaloa-durante-su-primera-mananera\\\/#breadcrumb\"},\"inLanguage\":\"es\",\"potentialAction\":[{\"@type\":\"ReadAction\",\"target\":[\"https:\\\/\\\/fuentesfidedignas.com.mx\\\/index.php\\\/2024\\\/10\\\/02\\\/minimiza-sheinbaum-violencia-en-sinaloa-durante-su-primera-mananera\\\/\"]}]},{\"@type\":\"ImageObject\",\"inLanguage\":\"es\",\"@id\":\"https:\\\/\\\/fuentesfidedignas.com.mx\\\/index.php\\\/2024\\\/10\\\/02\\\/minimiza-sheinbaum-violencia-en-sinaloa-durante-su-primera-mananera\\\/#primaryimage\",\"url\":\"https:\\\/\\\/fuentesfidedignas.com.mx\\\/wp-content\\\/uploads\\\/2024\\\/10\\\/img_2034-1.jpg\",\"contentUrl\":\"https:\\\/\\\/fuentesfidedignas.com.mx\\\/wp-content\\\/uploads\\\/2024\\\/10\\\/img_2034-1.jpg\",\"width\":610,\"height\":389},{\"@type\":\"BreadcrumbList\",\"@id\":\"https:\\\/\\\/fuentesfidedignas.com.mx\\\/index.php\\\/2024\\\/10\\\/02\\\/minimiza-sheinbaum-violencia-en-sinaloa-durante-su-primera-mananera\\\/#breadcrumb\",\"itemListElement\":[{\"@type\":\"ListItem\",\"position\":1,\"name\":\"Inicio\",\"item\":\"https:\\\/\\\/fuentesfidedignas.com.mx\\\/\"},{\"@type\":\"ListItem\",\"position\":2,\"name\":\"Minimiza Sheinbaum violencia en Sinaloa durante su primera \u2018Ma\u00f1anera\u2019\"}]},{\"@type\":\"WebSite\",\"@id\":\"https:\\\/\\\/fuentesfidedignas.com.mx\\\/#website\",\"url\":\"https:\\\/\\\/fuentesfidedignas.com.mx\\\/\",\"name\":\"Fuentes Fidedignas\",\"description\":\"Otro sitio realizado con WordPress\",\"publisher\":{\"@id\":\"https:\\\/\\\/fuentesfidedignas.com.mx\\\/#organization\"},\"potentialAction\":[{\"@type\":\"SearchAction\",\"target\":{\"@type\":\"EntryPoint\",\"urlTemplate\":\"https:\\\/\\\/fuentesfidedignas.com.mx\\\/?s={search_term_string}\"},\"query-input\":{\"@type\":\"PropertyValueSpecification\",\"valueRequired\":true,\"valueName\":\"search_term_string\"}}],\"inLanguage\":\"es\"},{\"@type\":\"Organization\",\"@id\":\"https:\\\/\\\/fuentesfidedignas.com.mx\\\/#organization\",\"name\":\"Fuentes Fidedignas\",\"url\":\"https:\\\/\\\/fuentesfidedignas.com.mx\\\/\",\"logo\":{\"@type\":\"ImageObject\",\"inLanguage\":\"es\",\"@id\":\"https:\\\/\\\/fuentesfidedignas.com.mx\\\/#\\\/schema\\\/logo\\\/image\\\/\",\"url\":\"https:\\\/\\\/fuentesfidedignas.com.mx\\\/wp-content\\\/uploads\\\/2021\\\/04\\\/logo-retina.png\",\"contentUrl\":\"https:\\\/\\\/fuentesfidedignas.com.mx\\\/wp-content\\\/uploads\\\/2021\\\/04\\\/logo-retina.png\",\"width\":280,\"height\":51,\"caption\":\"Fuentes Fidedignas\"},\"image\":{\"@id\":\"https:\\\/\\\/fuentesfidedignas.com.mx\\\/#\\\/schema\\\/logo\\\/image\\\/\"},\"sameAs\":[\"https:\\\/\\\/www.facebook.com\\\/Fuentes-Fidedignas-368234489921644\",\"https:\\\/\\\/x.com\\\/fidedignas\"]},{\"@type\":\"Person\",\"@id\":\"https:\\\/\\\/fuentesfidedignas.com.mx\\\/#\\\/schema\\\/person\\\/f030e42657a5a464a8bbd891b1aab6ee\",\"name\":\"Noticieros Televisa\",\"image\":{\"@type\":\"ImageObject\",\"inLanguage\":\"es\",\"@id\":\"https:\\\/\\\/secure.gravatar.com\\\/avatar\\\/0e47b9e785a628831b8fd9eaf15e090e106760a879abbd4a3306f128ef5d43a9?s=96&d=mm&r=g\",\"url\":\"https:\\\/\\\/secure.gravatar.com\\\/avatar\\\/0e47b9e785a628831b8fd9eaf15e090e106760a879abbd4a3306f128ef5d43a9?s=96&d=mm&r=g\",\"contentUrl\":\"https:\\\/\\\/secure.gravatar.com\\\/avatar\\\/0e47b9e785a628831b8fd9eaf15e090e106760a879abbd4a3306f128ef5d43a9?s=96&d=mm&r=g\",\"caption\":\"Noticieros Televisa\"},\"url\":\"https:\\\/\\\/fuentesfidedignas.com.mx\\\/index.php\\\/author\\\/noticieros-televisa\\\/\"}]}<\/script>\n<!-- \/ Yoast SEO plugin. -->","yoast_head_json":{"title":"Minimiza Sheinbaum violencia en Sinaloa durante su primera \u2018Ma\u00f1anera\u2019 - Fuentes Fidedignas","robots":{"index":"index","follow":"follow","max-snippet":"max-snippet:-1","max-image-preview":"max-image-preview:large","max-video-preview":"max-video-preview:-1"},"canonical":"https:\/\/fuentesfidedignas.com.mx\/index.php\/2024\/10\/02\/minimiza-sheinbaum-violencia-en-sinaloa-durante-su-primera-mananera\/","og_locale":"es_MX","og_type":"article","og_title":"Minimiza Sheinbaum violencia en Sinaloa durante su primera \u2018Ma\u00f1anera\u2019 - Fuentes Fidedignas","og_description":"Ciudad de M\u00e9xico.- En su primera conferencia Ma\u00f1anera del sexenio, la presidenta Claudia Sheinbaum, minimiz\u00f3 la ola de violencia que vive Sinaloa, pues seg\u00fan ella, los datos confirman que no es la entidad donde m\u00e1s asesinatos se cometen. \u201cPor cierto, Sinaloa no aparece entre los cinco estados de mayor n\u00famero de homicidios. El primero sigue [&hellip;]","og_url":"https:\/\/fuentesfidedignas.com.mx\/index.php\/2024\/10\/02\/minimiza-sheinbaum-violencia-en-sinaloa-durante-su-primera-mananera\/","og_site_name":"Fuentes Fidedignas","article_publisher":"https:\/\/www.facebook.com\/Fuentes-Fidedignas-368234489921644","article_published_time":"2024-10-02T16:59:42+00:00","og_image":[{"width":610,"height":389,"url":"https:\/\/fuentesfidedignas.com.mx\/wp-content\/uploads\/2024\/10\/img_2034-1.jpg","type":"image\/png"}],"author":"Noticieros Televisa","twitter_card":"summary_large_image","twitter_creator":"@fidedignas","twitter_site":"@fidedignas","twitter_misc":{"Escrito por":"Noticieros Televisa","Tiempo de lectura":"2 minutos"},"schema":{"@context":"https:\/\/schema.org","@graph":[{"@type":"Article","@id":"https:\/\/fuentesfidedignas.com.mx\/index.php\/2024\/10\/02\/minimiza-sheinbaum-violencia-en-sinaloa-durante-su-primera-mananera\/#article","isPartOf":{"@id":"https:\/\/fuentesfidedignas.com.mx\/index.php\/2024\/10\/02\/minimiza-sheinbaum-violencia-en-sinaloa-durante-su-primera-mananera\/"},"author":{"name":"Noticieros Televisa","@id":"https:\/\/fuentesfidedignas.com.mx\/#\/schema\/person\/f030e42657a5a464a8bbd891b1aab6ee"},"headline":"Minimiza Sheinbaum violencia en Sinaloa durante su primera \u2018Ma\u00f1anera\u2019","datePublished":"2024-10-02T16:59:42+00:00","mainEntityOfPage":{"@id":"https:\/\/fuentesfidedignas.com.mx\/index.php\/2024\/10\/02\/minimiza-sheinbaum-violencia-en-sinaloa-durante-su-primera-mananera\/"},"wordCount":317,"publisher":{"@id":"https:\/\/fuentesfidedignas.com.mx\/#organization"},"image":{"@id":"https:\/\/fuentesfidedignas.com.mx\/index.php\/2024\/10\/02\/minimiza-sheinbaum-violencia-en-sinaloa-durante-su-primera-mananera\/#primaryimage"},"thumbnailUrl":"https:\/\/fuentesfidedignas.com.mx\/wp-content\/uploads\/2024\/10\/img_2034-1.jpg","articleSection":["NOTA PRINCIPAL"],"inLanguage":"es"},{"@type":"WebPage","@id":"https:\/\/fuentesfidedignas.com.mx\/index.php\/2024\/10\/02\/minimiza-sheinbaum-violencia-en-sinaloa-durante-su-primera-mananera\/","url":"https:\/\/fuentesfidedignas.com.mx\/index.php\/2024\/10\/02\/minimiza-sheinbaum-violencia-en-sinaloa-durante-su-primera-mananera\/","name":"Minimiza Sheinbaum violencia en Sinaloa durante su primera \u2018Ma\u00f1anera\u2019 - Fuentes Fidedignas","isPartOf":{"@id":"https:\/\/fuentesfidedignas.com.mx\/#website"},"primaryImageOfPage":{"@id":"https:\/\/fuentesfidedignas.com.mx\/index.php\/2024\/10\/02\/minimiza-sheinbaum-violencia-en-sinaloa-durante-su-primera-mananera\/#primaryimage"},"image":{"@id":"https:\/\/fuentesfidedignas.com.mx\/index.php\/2024\/10\/02\/minimiza-sheinbaum-violencia-en-sinaloa-durante-su-primera-mananera\/#primaryimage"},"thumbnailUrl":"https:\/\/fuentesfidedignas.com.mx\/wp-content\/uploads\/2024\/10\/img_2034-1.jpg","datePublished":"2024-10-02T16:59:42+00:00","breadcrumb":{"@id":"https:\/\/fuentesfidedignas.com.mx\/index.php\/2024\/10\/02\/minimiza-sheinbaum-violencia-en-sinaloa-durante-su-primera-mananera\/#breadcrumb"},"inLanguage":"es","potentialAction":[{"@type":"ReadAction","target":["https:\/\/fuentesfidedignas.com.mx\/index.php\/2024\/10\/02\/minimiza-sheinbaum-violencia-en-sinaloa-durante-su-primera-mananera\/"]}]},{"@type":"ImageObject","inLanguage":"es","@id":"https:\/\/fuentesfidedignas.com.mx\/index.php\/2024\/10\/02\/minimiza-sheinbaum-violencia-en-sinaloa-durante-su-primera-mananera\/#primaryimage","url":"https:\/\/fuentesfidedignas.com.mx\/wp-content\/uploads\/2024\/10\/img_2034-1.jpg","contentUrl":"https:\/\/fuentesfidedignas.com.mx\/wp-content\/uploads\/2024\/10\/img_2034-1.jpg","width":610,"height":389},{"@type":"BreadcrumbList","@id":"https:\/\/fuentesfidedignas.com.mx\/index.php\/2024\/10\/02\/minimiza-sheinbaum-violencia-en-sinaloa-durante-su-primera-mananera\/#breadcrumb","itemListElement":[{"@type":"ListItem","position":1,"name":"Inicio","item":"https:\/\/fuentesfidedignas.com.mx\/"},{"@type":"ListItem","position":2,"name":"Minimiza Sheinbaum violencia en Sinaloa durante su primera \u2018Ma\u00f1anera\u2019"}]},{"@type":"WebSite","@id":"https:\/\/fuentesfidedignas.com.mx\/#website","url":"https:\/\/fuentesfidedignas.com.mx\/","name":"Fuentes Fidedignas","description":"Otro sitio realizado con WordPress","publisher":{"@id":"https:\/\/fuentesfidedignas.com.mx\/#organization"},"potentialAction":[{"@type":"SearchAction","target":{"@type":"EntryPoint","urlTemplate":"https:\/\/fuentesfidedignas.com.mx\/?s={search_term_string}"},"query-input":{"@type":"PropertyValueSpecification","valueRequired":true,"valueName":"search_term_string"}}],"inLanguage":"es"},{"@type":"Organization","@id":"https:\/\/fuentesfidedignas.com.mx\/#organization","name":"Fuentes Fidedignas","url":"https:\/\/fuentesfidedignas.com.mx\/","logo":{"@type":"ImageObject","inLanguage":"es","@id":"https:\/\/fuentesfidedignas.com.mx\/#\/schema\/logo\/image\/","url":"https:\/\/fuentesfidedignas.com.mx\/wp-content\/uploads\/2021\/04\/logo-retina.png","contentUrl":"https:\/\/fuentesfidedignas.com.mx\/wp-content\/uploads\/2021\/04\/logo-retina.png","width":280,"height":51,"caption":"Fuentes Fidedignas"},"image":{"@id":"https:\/\/fuentesfidedignas.com.mx\/#\/schema\/logo\/image\/"},"sameAs":["https:\/\/www.facebook.com\/Fuentes-Fidedignas-368234489921644","https:\/\/x.com\/fidedignas"]},{"@type":"Person","@id":"https:\/\/fuentesfidedignas.com.mx\/#\/schema\/person\/f030e42657a5a464a8bbd891b1aab6ee","name":"Noticieros Televisa","image":{"@type":"ImageObject","inLanguage":"es","@id":"https:\/\/secure.gravatar.com\/avatar\/0e47b9e785a628831b8fd9eaf15e090e106760a879abbd4a3306f128ef5d43a9?s=96&d=mm&r=g","url":"https:\/\/secure.gravatar.com\/avatar\/0e47b9e785a628831b8fd9eaf15e090e106760a879abbd4a3306f128ef5d43a9?s=96&d=mm&r=g","contentUrl":"https:\/\/secure.gravatar.com\/avatar\/0e47b9e785a628831b8fd9eaf15e090e106760a879abbd4a3306f128ef5d43a9?s=96&d=mm&r=g","caption":"Noticieros Televisa"},"url":"https:\/\/fuentesfidedignas.com.mx\/index.php\/author\/noticieros-televisa\/"}]}},"_links":{"self":[{"href":"https:\/\/fuentesfidedignas.com.mx\/index.php\/wp-json\/wp\/v2\/posts\/92425","targetHints":{"allow":["GET"]}}],"collection":[{"href":"https:\/\/fuentesfidedignas.com.mx\/index.php\/wp-json\/wp\/v2\/posts"}],"about":[{"href":"https:\/\/fuentesfidedignas.com.mx\/index.php\/wp-json\/wp\/v2\/types\/post"}],"author":[{"embeddable":true,"href":"https:\/\/fuentesfidedignas.com.mx\/index.php\/wp-json\/wp\/v2\/users\/46"}],"replies":[{"embeddable":true,"href":"https:\/\/fuentesfidedignas.com.mx\/index.php\/wp-json\/wp\/v2\/comments?post=92425"}],"version-history":[{"count":1,"href":"https:\/\/fuentesfidedignas.com.mx\/index.php\/wp-json\/wp\/v2\/posts\/92425\/revisions"}],"predecessor-version":[{"id":92426,"href":"https:\/\/fuentesfidedignas.com.mx\/index.php\/wp-json\/wp\/v2\/posts\/92425\/revisions\/92426"}],"wp:featuredmedia":[{"embeddable":true,"href":"https:\/\/fuentesfidedignas.com.mx\/index.php\/wp-json\/wp\/v2\/media\/92424"}],"wp:attachment":[{"href":"https:\/\/fuentesfidedignas.com.mx\/index.php\/wp-json\/wp\/v2\/media?parent=92425"}],"wp:term":[{"taxonomy":"category","embeddable":true,"href":"https:\/\/fuentesfidedignas.com.mx\/index.php\/wp-json\/wp\/v2\/categories?post=92425"},{"taxonomy":"post_tag","embeddable":true,"href":"https:\/\/fuentesfidedignas.com.mx\/index.php\/wp-json\/wp\/v2\/tags?post=92425"}],"curies":[{"name":"wp","href":"https:\/\/api.w.org\/{rel}","templated":true}]}}