{"id":92410,"date":"2024-10-02T08:06:31","date_gmt":"2024-10-02T15:06:31","guid":{"rendered":"https:\/\/fuentesfidedignas.com.mx\/?p=92410"},"modified":"2024-10-02T08:06:33","modified_gmt":"2024-10-02T15:06:33","slug":"masacre-en-anexo-de-salamanca-deja-cinco-personas-sin-vida-y-cuatro-lesionados","status":"publish","type":"post","link":"https:\/\/fuentesfidedignas.com.mx\/index.php\/2024\/10\/02\/masacre-en-anexo-de-salamanca-deja-cinco-personas-sin-vida-y-cuatro-lesionados\/","title":{"rendered":"Masacre en anexo de Salamanca deja cinco personas sin vida y cuatro lesionados"},"content":{"rendered":"\n<p><strong><em>Vecinos alertaron a las autoridades sobre las detonaciones por arma de fuego dentro del establecimiento.<\/em><\/strong><\/p>\n\n\n\n<p>Cinco personas sin vida y cuatro m\u00e1s lesionadas es el saldo que dej\u00f3 un ataque armado al interior de un anexo ubicado en la intersecci\u00f3n de las calles Reforma y Comunicaci\u00f3n Norte de la colonia El Rosario, en la zona sur del municipio de Salamanca.<\/p>\n\n\n\n<p>De acuerdo con el parte informativo, fue cerca de las 9 de la noche de este martes cuando se alert\u00f3 al sistema de emergencias 911, sobre disparos de arma de fuego al interior de un anexo; al lugar arribaron elementos de la polic\u00eda municipal, quienes al ingresar al domicilio encontraron a varias personas con lesiones producidas por impactos de arma de fuego.<\/p>\n\n\n\n<p>Minutos m\u00e1s tarde, al lugar arribaron param\u00e9dicos de la Cruz Roja, quienes corroboraron el deceso de cinco v\u00edctimas debido a la gravedad de las lesiones.<\/p>\n\n\n\n<p>Testigos en el lugar informaron que un grupo de hombres armados arribaron al domicilio a bordo de un veh\u00edculo con el que impactaron el port\u00f3n de color blanco del supuesto anexo al que ingresaron e inmediatamente realizaron los disparos en contra de las personas.<\/p>\n\n\n\n<p>En su huida la unidad fue detectada por elementos de Seguridad P\u00fablica que iniciaron su persecuci\u00f3n, sin embargo, los presuntos agresores pudieron huir luego de esparcir poncha llantas que averiaron los neum\u00e1ticos de tres patrullas en la avenida Valle de Santiago.<\/p>\n\n\n\n<p>La zona del crimen qued\u00f3 acordonada por elementos de la polic\u00eda municipal, mientras peritos de la Fiscal\u00eda General del Estado levantaban las primeras investigaciones del hecho.<\/p>\n","protected":false},"excerpt":{"rendered":"<p>Vecinos alertaron a las autoridades sobre las detonaciones por arma de fuego dentro del establecimiento. Cinco personas sin vida y cuatro m\u00e1s lesionadas es el saldo que dej\u00f3 un ataque armado al interior de un anexo ubicado en la intersecci\u00f3n de las calles Reforma y Comunicaci\u00f3n Norte de la colonia El Rosario, en la zona [&hellip;]<\/p>\n","protected":false},"author":9,"featured_media":92411,"comment_status":"open","ping_status":"open","sticky":false,"template":"","format":"standard","meta":{"tdm_status":"","tdm_grid_status":"","footnotes":""},"categories":[39],"tags":[],"class_list":{"0":"post-92410","1":"post","2":"type-post","3":"status-publish","4":"format-standard","5":"has-post-thumbnail","7":"category-noticias-nacionales"},"yoast_head":"<!-- This site is optimized with the Yoast SEO plugin v27.5 - https:\/\/yoast.com\/product\/yoast-seo-wordpress\/ -->\n<title>Masacre en anexo de Salamanca deja cinco personas sin vida y cuatro lesionados - Fuentes Fidedignas<\/title>\n<meta name=\"robots\" content=\"index, follow, max-snippet:-1, max-image-preview:large, max-video-preview:-1\" \/>\n<link rel=\"canonical\" href=\"https:\/\/fuentesfidedignas.com.mx\/index.php\/2024\/10\/02\/masacre-en-anexo-de-salamanca-deja-cinco-personas-sin-vida-y-cuatro-lesionados\/\" \/>\n<meta property=\"og:locale\" content=\"es_MX\" \/>\n<meta property=\"og:type\" content=\"article\" \/>\n<meta property=\"og:title\" content=\"Masacre en anexo de Salamanca deja cinco personas sin vida y cuatro lesionados - Fuentes Fidedignas\" \/>\n<meta property=\"og:description\" content=\"Vecinos alertaron a las autoridades sobre las detonaciones por arma de fuego dentro del establecimiento. Cinco personas sin vida y cuatro m\u00e1s lesionadas es el saldo que dej\u00f3 un ataque armado al interior de un anexo ubicado en la intersecci\u00f3n de las calles Reforma y Comunicaci\u00f3n Norte de la colonia El Rosario, en la zona [&hellip;]\" \/>\n<meta property=\"og:url\" content=\"https:\/\/fuentesfidedignas.com.mx\/index.php\/2024\/10\/02\/masacre-en-anexo-de-salamanca-deja-cinco-personas-sin-vida-y-cuatro-lesionados\/\" \/>\n<meta property=\"og:site_name\" content=\"Fuentes Fidedignas\" \/>\n<meta property=\"article:publisher\" content=\"https:\/\/www.facebook.com\/Fuentes-Fidedignas-368234489921644\" \/>\n<meta property=\"article:published_time\" content=\"2024-10-02T15:06:31+00:00\" \/>\n<meta property=\"article:modified_time\" content=\"2024-10-02T15:06:33+00:00\" \/>\n<meta property=\"og:image\" content=\"https:\/\/fuentesfidedignas.com.mx\/wp-content\/uploads\/2024\/10\/anexo_GTO.jpg\" \/>\n\t<meta property=\"og:image:width\" content=\"695\" \/>\n\t<meta property=\"og:image:height\" content=\"532\" \/>\n\t<meta property=\"og:image:type\" content=\"image\/jpeg\" \/>\n<meta name=\"author\" content=\"Milenio\" \/>\n<meta name=\"twitter:card\" content=\"summary_large_image\" \/>\n<meta name=\"twitter:creator\" content=\"@fidedignas\" \/>\n<meta name=\"twitter:site\" content=\"@fidedignas\" \/>\n<meta name=\"twitter:label1\" content=\"Escrito por\" \/>\n\t<meta name=\"twitter:data1\" content=\"Milenio\" \/>\n\t<meta name=\"twitter:label2\" content=\"Tiempo de lectura\" \/>\n\t<meta name=\"twitter:data2\" content=\"2 minutos\" \/>\n<script type=\"application\/ld+json\" class=\"yoast-schema-graph\">{\"@context\":\"https:\\\/\\\/schema.org\",\"@graph\":[{\"@type\":\"Article\",\"@id\":\"https:\\\/\\\/fuentesfidedignas.com.mx\\\/index.php\\\/2024\\\/10\\\/02\\\/masacre-en-anexo-de-salamanca-deja-cinco-personas-sin-vida-y-cuatro-lesionados\\\/#article\",\"isPartOf\":{\"@id\":\"https:\\\/\\\/fuentesfidedignas.com.mx\\\/index.php\\\/2024\\\/10\\\/02\\\/masacre-en-anexo-de-salamanca-deja-cinco-personas-sin-vida-y-cuatro-lesionados\\\/\"},\"author\":{\"name\":\"Milenio\",\"@id\":\"https:\\\/\\\/fuentesfidedignas.com.mx\\\/#\\\/schema\\\/person\\\/47ec0135738f4b0c7495f06a77a2c976\"},\"headline\":\"Masacre en anexo de Salamanca deja cinco personas sin vida y cuatro lesionados\",\"datePublished\":\"2024-10-02T15:06:31+00:00\",\"dateModified\":\"2024-10-02T15:06:33+00:00\",\"mainEntityOfPage\":{\"@id\":\"https:\\\/\\\/fuentesfidedignas.com.mx\\\/index.php\\\/2024\\\/10\\\/02\\\/masacre-en-anexo-de-salamanca-deja-cinco-personas-sin-vida-y-cuatro-lesionados\\\/\"},\"wordCount\":283,\"commentCount\":0,\"publisher\":{\"@id\":\"https:\\\/\\\/fuentesfidedignas.com.mx\\\/#organization\"},\"image\":{\"@id\":\"https:\\\/\\\/fuentesfidedignas.com.mx\\\/index.php\\\/2024\\\/10\\\/02\\\/masacre-en-anexo-de-salamanca-deja-cinco-personas-sin-vida-y-cuatro-lesionados\\\/#primaryimage\"},\"thumbnailUrl\":\"https:\\\/\\\/fuentesfidedignas.com.mx\\\/wp-content\\\/uploads\\\/2024\\\/10\\\/anexo_GTO.jpg\",\"articleSection\":[\"NOTICIAS NACIONALES\"],\"inLanguage\":\"es\",\"potentialAction\":[{\"@type\":\"CommentAction\",\"name\":\"Comment\",\"target\":[\"https:\\\/\\\/fuentesfidedignas.com.mx\\\/index.php\\\/2024\\\/10\\\/02\\\/masacre-en-anexo-de-salamanca-deja-cinco-personas-sin-vida-y-cuatro-lesionados\\\/#respond\"]}]},{\"@type\":\"WebPage\",\"@id\":\"https:\\\/\\\/fuentesfidedignas.com.mx\\\/index.php\\\/2024\\\/10\\\/02\\\/masacre-en-anexo-de-salamanca-deja-cinco-personas-sin-vida-y-cuatro-lesionados\\\/\",\"url\":\"https:\\\/\\\/fuentesfidedignas.com.mx\\\/index.php\\\/2024\\\/10\\\/02\\\/masacre-en-anexo-de-salamanca-deja-cinco-personas-sin-vida-y-cuatro-lesionados\\\/\",\"name\":\"Masacre en anexo de Salamanca deja cinco personas sin vida y cuatro lesionados - Fuentes Fidedignas\",\"isPartOf\":{\"@id\":\"https:\\\/\\\/fuentesfidedignas.com.mx\\\/#website\"},\"primaryImageOfPage\":{\"@id\":\"https:\\\/\\\/fuentesfidedignas.com.mx\\\/index.php\\\/2024\\\/10\\\/02\\\/masacre-en-anexo-de-salamanca-deja-cinco-personas-sin-vida-y-cuatro-lesionados\\\/#primaryimage\"},\"image\":{\"@id\":\"https:\\\/\\\/fuentesfidedignas.com.mx\\\/index.php\\\/2024\\\/10\\\/02\\\/masacre-en-anexo-de-salamanca-deja-cinco-personas-sin-vida-y-cuatro-lesionados\\\/#primaryimage\"},\"thumbnailUrl\":\"https:\\\/\\\/fuentesfidedignas.com.mx\\\/wp-content\\\/uploads\\\/2024\\\/10\\\/anexo_GTO.jpg\",\"datePublished\":\"2024-10-02T15:06:31+00:00\",\"dateModified\":\"2024-10-02T15:06:33+00:00\",\"breadcrumb\":{\"@id\":\"https:\\\/\\\/fuentesfidedignas.com.mx\\\/index.php\\\/2024\\\/10\\\/02\\\/masacre-en-anexo-de-salamanca-deja-cinco-personas-sin-vida-y-cuatro-lesionados\\\/#breadcrumb\"},\"inLanguage\":\"es\",\"potentialAction\":[{\"@type\":\"ReadAction\",\"target\":[\"https:\\\/\\\/fuentesfidedignas.com.mx\\\/index.php\\\/2024\\\/10\\\/02\\\/masacre-en-anexo-de-salamanca-deja-cinco-personas-sin-vida-y-cuatro-lesionados\\\/\"]}]},{\"@type\":\"ImageObject\",\"inLanguage\":\"es\",\"@id\":\"https:\\\/\\\/fuentesfidedignas.com.mx\\\/index.php\\\/2024\\\/10\\\/02\\\/masacre-en-anexo-de-salamanca-deja-cinco-personas-sin-vida-y-cuatro-lesionados\\\/#primaryimage\",\"url\":\"https:\\\/\\\/fuentesfidedignas.com.mx\\\/wp-content\\\/uploads\\\/2024\\\/10\\\/anexo_GTO.jpg\",\"contentUrl\":\"https:\\\/\\\/fuentesfidedignas.com.mx\\\/wp-content\\\/uploads\\\/2024\\\/10\\\/anexo_GTO.jpg\",\"width\":695,\"height\":532},{\"@type\":\"BreadcrumbList\",\"@id\":\"https:\\\/\\\/fuentesfidedignas.com.mx\\\/index.php\\\/2024\\\/10\\\/02\\\/masacre-en-anexo-de-salamanca-deja-cinco-personas-sin-vida-y-cuatro-lesionados\\\/#breadcrumb\",\"itemListElement\":[{\"@type\":\"ListItem\",\"position\":1,\"name\":\"Inicio\",\"item\":\"https:\\\/\\\/fuentesfidedignas.com.mx\\\/\"},{\"@type\":\"ListItem\",\"position\":2,\"name\":\"Masacre en anexo de Salamanca deja cinco personas sin vida y cuatro lesionados\"}]},{\"@type\":\"WebSite\",\"@id\":\"https:\\\/\\\/fuentesfidedignas.com.mx\\\/#website\",\"url\":\"https:\\\/\\\/fuentesfidedignas.com.mx\\\/\",\"name\":\"Fuentes Fidedignas\",\"description\":\"Otro sitio realizado con WordPress\",\"publisher\":{\"@id\":\"https:\\\/\\\/fuentesfidedignas.com.mx\\\/#organization\"},\"potentialAction\":[{\"@type\":\"SearchAction\",\"target\":{\"@type\":\"EntryPoint\",\"urlTemplate\":\"https:\\\/\\\/fuentesfidedignas.com.mx\\\/?s={search_term_string}\"},\"query-input\":{\"@type\":\"PropertyValueSpecification\",\"valueRequired\":true,\"valueName\":\"search_term_string\"}}],\"inLanguage\":\"es\"},{\"@type\":\"Organization\",\"@id\":\"https:\\\/\\\/fuentesfidedignas.com.mx\\\/#organization\",\"name\":\"Fuentes Fidedignas\",\"url\":\"https:\\\/\\\/fuentesfidedignas.com.mx\\\/\",\"logo\":{\"@type\":\"ImageObject\",\"inLanguage\":\"es\",\"@id\":\"https:\\\/\\\/fuentesfidedignas.com.mx\\\/#\\\/schema\\\/logo\\\/image\\\/\",\"url\":\"https:\\\/\\\/fuentesfidedignas.com.mx\\\/wp-content\\\/uploads\\\/2021\\\/04\\\/logo-retina.png\",\"contentUrl\":\"https:\\\/\\\/fuentesfidedignas.com.mx\\\/wp-content\\\/uploads\\\/2021\\\/04\\\/logo-retina.png\",\"width\":280,\"height\":51,\"caption\":\"Fuentes Fidedignas\"},\"image\":{\"@id\":\"https:\\\/\\\/fuentesfidedignas.com.mx\\\/#\\\/schema\\\/logo\\\/image\\\/\"},\"sameAs\":[\"https:\\\/\\\/www.facebook.com\\\/Fuentes-Fidedignas-368234489921644\",\"https:\\\/\\\/x.com\\\/fidedignas\"]},{\"@type\":\"Person\",\"@id\":\"https:\\\/\\\/fuentesfidedignas.com.mx\\\/#\\\/schema\\\/person\\\/47ec0135738f4b0c7495f06a77a2c976\",\"name\":\"Milenio\",\"image\":{\"@type\":\"ImageObject\",\"inLanguage\":\"es\",\"@id\":\"https:\\\/\\\/secure.gravatar.com\\\/avatar\\\/acabf7b54753e51c2c76457954577c236b3b764789b19879565769739d1e4a75?s=96&d=mm&r=g\",\"url\":\"https:\\\/\\\/secure.gravatar.com\\\/avatar\\\/acabf7b54753e51c2c76457954577c236b3b764789b19879565769739d1e4a75?s=96&d=mm&r=g\",\"contentUrl\":\"https:\\\/\\\/secure.gravatar.com\\\/avatar\\\/acabf7b54753e51c2c76457954577c236b3b764789b19879565769739d1e4a75?s=96&d=mm&r=g\",\"caption\":\"Milenio\"},\"url\":\"https:\\\/\\\/fuentesfidedignas.com.mx\\\/index.php\\\/author\\\/milenio\\\/\"}]}<\/script>\n<!-- \/ Yoast SEO plugin. -->","yoast_head_json":{"title":"Masacre en anexo de Salamanca deja cinco personas sin vida y cuatro lesionados - Fuentes Fidedignas","robots":{"index":"index","follow":"follow","max-snippet":"max-snippet:-1","max-image-preview":"max-image-preview:large","max-video-preview":"max-video-preview:-1"},"canonical":"https:\/\/fuentesfidedignas.com.mx\/index.php\/2024\/10\/02\/masacre-en-anexo-de-salamanca-deja-cinco-personas-sin-vida-y-cuatro-lesionados\/","og_locale":"es_MX","og_type":"article","og_title":"Masacre en anexo de Salamanca deja cinco personas sin vida y cuatro lesionados - Fuentes Fidedignas","og_description":"Vecinos alertaron a las autoridades sobre las detonaciones por arma de fuego dentro del establecimiento. Cinco personas sin vida y cuatro m\u00e1s lesionadas es el saldo que dej\u00f3 un ataque armado al interior de un anexo ubicado en la intersecci\u00f3n de las calles Reforma y Comunicaci\u00f3n Norte de la colonia El Rosario, en la zona [&hellip;]","og_url":"https:\/\/fuentesfidedignas.com.mx\/index.php\/2024\/10\/02\/masacre-en-anexo-de-salamanca-deja-cinco-personas-sin-vida-y-cuatro-lesionados\/","og_site_name":"Fuentes Fidedignas","article_publisher":"https:\/\/www.facebook.com\/Fuentes-Fidedignas-368234489921644","article_published_time":"2024-10-02T15:06:31+00:00","article_modified_time":"2024-10-02T15:06:33+00:00","og_image":[{"width":695,"height":532,"url":"https:\/\/fuentesfidedignas.com.mx\/wp-content\/uploads\/2024\/10\/anexo_GTO.jpg","type":"image\/jpeg"}],"author":"Milenio","twitter_card":"summary_large_image","twitter_creator":"@fidedignas","twitter_site":"@fidedignas","twitter_misc":{"Escrito por":"Milenio","Tiempo de lectura":"2 minutos"},"schema":{"@context":"https:\/\/schema.org","@graph":[{"@type":"Article","@id":"https:\/\/fuentesfidedignas.com.mx\/index.php\/2024\/10\/02\/masacre-en-anexo-de-salamanca-deja-cinco-personas-sin-vida-y-cuatro-lesionados\/#article","isPartOf":{"@id":"https:\/\/fuentesfidedignas.com.mx\/index.php\/2024\/10\/02\/masacre-en-anexo-de-salamanca-deja-cinco-personas-sin-vida-y-cuatro-lesionados\/"},"author":{"name":"Milenio","@id":"https:\/\/fuentesfidedignas.com.mx\/#\/schema\/person\/47ec0135738f4b0c7495f06a77a2c976"},"headline":"Masacre en anexo de Salamanca deja cinco personas sin vida y cuatro lesionados","datePublished":"2024-10-02T15:06:31+00:00","dateModified":"2024-10-02T15:06:33+00:00","mainEntityOfPage":{"@id":"https:\/\/fuentesfidedignas.com.mx\/index.php\/2024\/10\/02\/masacre-en-anexo-de-salamanca-deja-cinco-personas-sin-vida-y-cuatro-lesionados\/"},"wordCount":283,"commentCount":0,"publisher":{"@id":"https:\/\/fuentesfidedignas.com.mx\/#organization"},"image":{"@id":"https:\/\/fuentesfidedignas.com.mx\/index.php\/2024\/10\/02\/masacre-en-anexo-de-salamanca-deja-cinco-personas-sin-vida-y-cuatro-lesionados\/#primaryimage"},"thumbnailUrl":"https:\/\/fuentesfidedignas.com.mx\/wp-content\/uploads\/2024\/10\/anexo_GTO.jpg","articleSection":["NOTICIAS NACIONALES"],"inLanguage":"es","potentialAction":[{"@type":"CommentAction","name":"Comment","target":["https:\/\/fuentesfidedignas.com.mx\/index.php\/2024\/10\/02\/masacre-en-anexo-de-salamanca-deja-cinco-personas-sin-vida-y-cuatro-lesionados\/#respond"]}]},{"@type":"WebPage","@id":"https:\/\/fuentesfidedignas.com.mx\/index.php\/2024\/10\/02\/masacre-en-anexo-de-salamanca-deja-cinco-personas-sin-vida-y-cuatro-lesionados\/","url":"https:\/\/fuentesfidedignas.com.mx\/index.php\/2024\/10\/02\/masacre-en-anexo-de-salamanca-deja-cinco-personas-sin-vida-y-cuatro-lesionados\/","name":"Masacre en anexo de Salamanca deja cinco personas sin vida y cuatro lesionados - Fuentes Fidedignas","isPartOf":{"@id":"https:\/\/fuentesfidedignas.com.mx\/#website"},"primaryImageOfPage":{"@id":"https:\/\/fuentesfidedignas.com.mx\/index.php\/2024\/10\/02\/masacre-en-anexo-de-salamanca-deja-cinco-personas-sin-vida-y-cuatro-lesionados\/#primaryimage"},"image":{"@id":"https:\/\/fuentesfidedignas.com.mx\/index.php\/2024\/10\/02\/masacre-en-anexo-de-salamanca-deja-cinco-personas-sin-vida-y-cuatro-lesionados\/#primaryimage"},"thumbnailUrl":"https:\/\/fuentesfidedignas.com.mx\/wp-content\/uploads\/2024\/10\/anexo_GTO.jpg","datePublished":"2024-10-02T15:06:31+00:00","dateModified":"2024-10-02T15:06:33+00:00","breadcrumb":{"@id":"https:\/\/fuentesfidedignas.com.mx\/index.php\/2024\/10\/02\/masacre-en-anexo-de-salamanca-deja-cinco-personas-sin-vida-y-cuatro-lesionados\/#breadcrumb"},"inLanguage":"es","potentialAction":[{"@type":"ReadAction","target":["https:\/\/fuentesfidedignas.com.mx\/index.php\/2024\/10\/02\/masacre-en-anexo-de-salamanca-deja-cinco-personas-sin-vida-y-cuatro-lesionados\/"]}]},{"@type":"ImageObject","inLanguage":"es","@id":"https:\/\/fuentesfidedignas.com.mx\/index.php\/2024\/10\/02\/masacre-en-anexo-de-salamanca-deja-cinco-personas-sin-vida-y-cuatro-lesionados\/#primaryimage","url":"https:\/\/fuentesfidedignas.com.mx\/wp-content\/uploads\/2024\/10\/anexo_GTO.jpg","contentUrl":"https:\/\/fuentesfidedignas.com.mx\/wp-content\/uploads\/2024\/10\/anexo_GTO.jpg","width":695,"height":532},{"@type":"BreadcrumbList","@id":"https:\/\/fuentesfidedignas.com.mx\/index.php\/2024\/10\/02\/masacre-en-anexo-de-salamanca-deja-cinco-personas-sin-vida-y-cuatro-lesionados\/#breadcrumb","itemListElement":[{"@type":"ListItem","position":1,"name":"Inicio","item":"https:\/\/fuentesfidedignas.com.mx\/"},{"@type":"ListItem","position":2,"name":"Masacre en anexo de Salamanca deja cinco personas sin vida y cuatro lesionados"}]},{"@type":"WebSite","@id":"https:\/\/fuentesfidedignas.com.mx\/#website","url":"https:\/\/fuentesfidedignas.com.mx\/","name":"Fuentes Fidedignas","description":"Otro sitio realizado con WordPress","publisher":{"@id":"https:\/\/fuentesfidedignas.com.mx\/#organization"},"potentialAction":[{"@type":"SearchAction","target":{"@type":"EntryPoint","urlTemplate":"https:\/\/fuentesfidedignas.com.mx\/?s={search_term_string}"},"query-input":{"@type":"PropertyValueSpecification","valueRequired":true,"valueName":"search_term_string"}}],"inLanguage":"es"},{"@type":"Organization","@id":"https:\/\/fuentesfidedignas.com.mx\/#organization","name":"Fuentes Fidedignas","url":"https:\/\/fuentesfidedignas.com.mx\/","logo":{"@type":"ImageObject","inLanguage":"es","@id":"https:\/\/fuentesfidedignas.com.mx\/#\/schema\/logo\/image\/","url":"https:\/\/fuentesfidedignas.com.mx\/wp-content\/uploads\/2021\/04\/logo-retina.png","contentUrl":"https:\/\/fuentesfidedignas.com.mx\/wp-content\/uploads\/2021\/04\/logo-retina.png","width":280,"height":51,"caption":"Fuentes Fidedignas"},"image":{"@id":"https:\/\/fuentesfidedignas.com.mx\/#\/schema\/logo\/image\/"},"sameAs":["https:\/\/www.facebook.com\/Fuentes-Fidedignas-368234489921644","https:\/\/x.com\/fidedignas"]},{"@type":"Person","@id":"https:\/\/fuentesfidedignas.com.mx\/#\/schema\/person\/47ec0135738f4b0c7495f06a77a2c976","name":"Milenio","image":{"@type":"ImageObject","inLanguage":"es","@id":"https:\/\/secure.gravatar.com\/avatar\/acabf7b54753e51c2c76457954577c236b3b764789b19879565769739d1e4a75?s=96&d=mm&r=g","url":"https:\/\/secure.gravatar.com\/avatar\/acabf7b54753e51c2c76457954577c236b3b764789b19879565769739d1e4a75?s=96&d=mm&r=g","contentUrl":"https:\/\/secure.gravatar.com\/avatar\/acabf7b54753e51c2c76457954577c236b3b764789b19879565769739d1e4a75?s=96&d=mm&r=g","caption":"Milenio"},"url":"https:\/\/fuentesfidedignas.com.mx\/index.php\/author\/milenio\/"}]}},"_links":{"self":[{"href":"https:\/\/fuentesfidedignas.com.mx\/index.php\/wp-json\/wp\/v2\/posts\/92410","targetHints":{"allow":["GET"]}}],"collection":[{"href":"https:\/\/fuentesfidedignas.com.mx\/index.php\/wp-json\/wp\/v2\/posts"}],"about":[{"href":"https:\/\/fuentesfidedignas.com.mx\/index.php\/wp-json\/wp\/v2\/types\/post"}],"author":[{"embeddable":true,"href":"https:\/\/fuentesfidedignas.com.mx\/index.php\/wp-json\/wp\/v2\/users\/9"}],"replies":[{"embeddable":true,"href":"https:\/\/fuentesfidedignas.com.mx\/index.php\/wp-json\/wp\/v2\/comments?post=92410"}],"version-history":[{"count":1,"href":"https:\/\/fuentesfidedignas.com.mx\/index.php\/wp-json\/wp\/v2\/posts\/92410\/revisions"}],"predecessor-version":[{"id":92412,"href":"https:\/\/fuentesfidedignas.com.mx\/index.php\/wp-json\/wp\/v2\/posts\/92410\/revisions\/92412"}],"wp:featuredmedia":[{"embeddable":true,"href":"https:\/\/fuentesfidedignas.com.mx\/index.php\/wp-json\/wp\/v2\/media\/92411"}],"wp:attachment":[{"href":"https:\/\/fuentesfidedignas.com.mx\/index.php\/wp-json\/wp\/v2\/media?parent=92410"}],"wp:term":[{"taxonomy":"category","embeddable":true,"href":"https:\/\/fuentesfidedignas.com.mx\/index.php\/wp-json\/wp\/v2\/categories?post=92410"},{"taxonomy":"post_tag","embeddable":true,"href":"https:\/\/fuentesfidedignas.com.mx\/index.php\/wp-json\/wp\/v2\/tags?post=92410"}],"curies":[{"name":"wp","href":"https:\/\/api.w.org\/{rel}","templated":true}]}}