{"id":92272,"date":"2024-09-29T11:58:55","date_gmt":"2024-09-29T18:58:55","guid":{"rendered":"https:\/\/fuentesfidedignas.com.mx\/?p=92272"},"modified":"2024-09-29T11:58:57","modified_gmt":"2024-09-29T18:58:57","slug":"diputadas-y-diputados-de-la-65-legislatura-se-preparan-para-rendir-protesta-e-instalarse-este-lunes","status":"publish","type":"post","link":"https:\/\/fuentesfidedignas.com.mx\/index.php\/2024\/09\/29\/diputadas-y-diputados-de-la-65-legislatura-se-preparan-para-rendir-protesta-e-instalarse-este-lunes\/","title":{"rendered":"Diputadas y diputados de la 65 Legislatura se preparan para rendir protesta e instalarse este lunes"},"content":{"rendered":"\n<p><strong><em>Asistir\u00e1n representantes de los poderes Judicial y Ejecutivo, se deber\u00e1 elegir a la Mesa Directiva que coordinar\u00e1 los trabajos del primer a\u00f1o de ejercicio constitucional.<\/em><\/strong><\/p>\n\n\n\n<p>Diputadas y diputados electos de la pr\u00f3xima Legislatura, la 65, realizaron este domingo un simulacro de lo que ser\u00e1 este lunes 30 de septiembre su formal toma de protesta e instalaci\u00f3n como Legislatura, tal como lo contempla la Constituci\u00f3n Pol\u00edtica del Estado de Sinaloa y la Ley Org\u00e1nica del Congreso del Estado de Sinaloa.<\/p>\n\n\n\n<p>En este evento, que fue presidido por la actual presidenta de la Mesa Directiva, la diputada Gloria Himelda F\u00e9lix NIebla, se hizo un pase de lista de todas las diputadas y diputados electos, ya que eso se har\u00e1 y rendir\u00e1n protesta en su primera sesi\u00f3n ordinaria que tendr\u00e1n el lunes, con la que dar\u00e1n inicio a su primer periodo ordinario de sesiones de su primer a\u00f1o de ejercicio constitucional.<\/p>\n\n\n\n<p>En el pres\u00eddium estuvieron las diputadas y diputados que en la 65 Legislatura coordinar\u00e1n los grupos parlamentarios de Morena, Mar\u00eda Teresa Guerra Ochoa; del PVEM, Rodolfo Valenzuela S\u00e1nchez; del PRI, Bernardino Antelo Espero;&nbsp; del PAN, Roxana Rubio Valdez, de Movimiento Ciudadano, Sergio Torres F\u00e9lix, y del PT, Monserrat L\u00f3pez L\u00f3pez.<\/p>\n\n\n\n<p>Luego del pase de lista, que estuvo a cargo del secretario general, Jos\u00e9 Antonio R\u00edos Rojo, la diputada F\u00e9lix Niebla les explic\u00f3 a las diputadas y diputados electos que en la sesi\u00f3n de este lunes, luego de su toma de protesta e instalaci\u00f3n de la 65 Legislatura, a la que asistir\u00e1n representantes de los poderes Judicial y Ejecutivo, se deber\u00e1 elegir a la Mesa Directiva que coordinar\u00e1 los trabajos del primer a\u00f1o de ejercicio constitucional.<\/p>\n\n\n\n<p>Expuso que tal como lo establece el art\u00edculo 34 de la Ley Org\u00e1nica del Congreso del Estado,<br>hac\u00eda la invitaci\u00f3n a todas las diputadas electas y electos a que se integren en grupos parlamentarios para un mejor desarrollo de las labores legislativas, as\u00ed como para facilitar su participaci\u00f3n en las tareas que les sean asignadas.<\/p>\n\n\n\n<p>Precis\u00f3 que en la segunda sesi\u00f3n ordinaria que tengan como 65 Legislatura, deber\u00e1n presentar sus propuestas de integraci\u00f3n de grupos parlamentarias a trav\u00e9s de la Secretar\u00eda General del Congreso para que sean integradas en la nueva Junta de Coordinaci\u00f3n Pol\u00edtica (Jucopo).<\/p>\n","protected":false},"excerpt":{"rendered":"<p>Asistir\u00e1n representantes de los poderes Judicial y Ejecutivo, se deber\u00e1 elegir a la Mesa Directiva que coordinar\u00e1 los trabajos del primer a\u00f1o de ejercicio constitucional. Diputadas y diputados electos de la pr\u00f3xima Legislatura, la 65, realizaron este domingo un simulacro de lo que ser\u00e1 este lunes 30 de septiembre su formal toma de protesta e [&hellip;]<\/p>\n","protected":false},"author":4,"featured_media":92273,"comment_status":"open","ping_status":"open","sticky":false,"template":"","format":"standard","meta":{"tdm_status":"","tdm_grid_status":"","footnotes":""},"categories":[37],"tags":[],"class_list":{"0":"post-92272","1":"post","2":"type-post","3":"status-publish","4":"format-standard","5":"has-post-thumbnail","7":"category-nota-principal"},"yoast_head":"<!-- This site is optimized with the Yoast SEO plugin v27.5 - https:\/\/yoast.com\/product\/yoast-seo-wordpress\/ -->\n<title>Diputadas y diputados de la 65 Legislatura se preparan para rendir protesta e instalarse este lunes - Fuentes Fidedignas<\/title>\n<meta name=\"robots\" content=\"index, follow, max-snippet:-1, max-image-preview:large, max-video-preview:-1\" \/>\n<link rel=\"canonical\" href=\"https:\/\/fuentesfidedignas.com.mx\/index.php\/2024\/09\/29\/diputadas-y-diputados-de-la-65-legislatura-se-preparan-para-rendir-protesta-e-instalarse-este-lunes\/\" \/>\n<meta property=\"og:locale\" content=\"es_MX\" \/>\n<meta property=\"og:type\" content=\"article\" \/>\n<meta property=\"og:title\" content=\"Diputadas y diputados de la 65 Legislatura se preparan para rendir protesta e instalarse este lunes - Fuentes Fidedignas\" \/>\n<meta property=\"og:description\" content=\"Asistir\u00e1n representantes de los poderes Judicial y Ejecutivo, se deber\u00e1 elegir a la Mesa Directiva que coordinar\u00e1 los trabajos del primer a\u00f1o de ejercicio constitucional. Diputadas y diputados electos de la pr\u00f3xima Legislatura, la 65, realizaron este domingo un simulacro de lo que ser\u00e1 este lunes 30 de septiembre su formal toma de protesta e [&hellip;]\" \/>\n<meta property=\"og:url\" content=\"https:\/\/fuentesfidedignas.com.mx\/index.php\/2024\/09\/29\/diputadas-y-diputados-de-la-65-legislatura-se-preparan-para-rendir-protesta-e-instalarse-este-lunes\/\" \/>\n<meta property=\"og:site_name\" content=\"Fuentes Fidedignas\" \/>\n<meta property=\"article:publisher\" content=\"https:\/\/www.facebook.com\/Fuentes-Fidedignas-368234489921644\" \/>\n<meta property=\"article:published_time\" content=\"2024-09-29T18:58:55+00:00\" \/>\n<meta property=\"article:modified_time\" content=\"2024-09-29T18:58:57+00:00\" \/>\n<meta property=\"og:image\" content=\"https:\/\/fuentesfidedignas.com.mx\/wp-content\/uploads\/2024\/09\/diputados-y-diputadas.jpg\" \/>\n\t<meta property=\"og:image:width\" content=\"650\" \/>\n\t<meta property=\"og:image:height\" content=\"434\" \/>\n\t<meta property=\"og:image:type\" content=\"image\/jpeg\" \/>\n<meta name=\"author\" content=\"Redacci\u00f3n\" \/>\n<meta name=\"twitter:card\" content=\"summary_large_image\" \/>\n<meta name=\"twitter:creator\" content=\"@fidedignas\" \/>\n<meta name=\"twitter:site\" content=\"@fidedignas\" \/>\n<meta name=\"twitter:label1\" content=\"Escrito por\" \/>\n\t<meta name=\"twitter:data1\" content=\"Redacci\u00f3n\" \/>\n\t<meta name=\"twitter:label2\" content=\"Tiempo de lectura\" \/>\n\t<meta name=\"twitter:data2\" content=\"2 minutos\" \/>\n<script type=\"application\/ld+json\" class=\"yoast-schema-graph\">{\"@context\":\"https:\\\/\\\/schema.org\",\"@graph\":[{\"@type\":\"Article\",\"@id\":\"https:\\\/\\\/fuentesfidedignas.com.mx\\\/index.php\\\/2024\\\/09\\\/29\\\/diputadas-y-diputados-de-la-65-legislatura-se-preparan-para-rendir-protesta-e-instalarse-este-lunes\\\/#article\",\"isPartOf\":{\"@id\":\"https:\\\/\\\/fuentesfidedignas.com.mx\\\/index.php\\\/2024\\\/09\\\/29\\\/diputadas-y-diputados-de-la-65-legislatura-se-preparan-para-rendir-protesta-e-instalarse-este-lunes\\\/\"},\"author\":{\"name\":\"Redacci\u00f3n\",\"@id\":\"https:\\\/\\\/fuentesfidedignas.com.mx\\\/#\\\/schema\\\/person\\\/331be9283d37198e2acd5750279085b0\"},\"headline\":\"Diputadas y diputados de la 65 Legislatura se preparan para rendir protesta e instalarse este lunes\",\"datePublished\":\"2024-09-29T18:58:55+00:00\",\"dateModified\":\"2024-09-29T18:58:57+00:00\",\"mainEntityOfPage\":{\"@id\":\"https:\\\/\\\/fuentesfidedignas.com.mx\\\/index.php\\\/2024\\\/09\\\/29\\\/diputadas-y-diputados-de-la-65-legislatura-se-preparan-para-rendir-protesta-e-instalarse-este-lunes\\\/\"},\"wordCount\":417,\"commentCount\":0,\"publisher\":{\"@id\":\"https:\\\/\\\/fuentesfidedignas.com.mx\\\/#organization\"},\"image\":{\"@id\":\"https:\\\/\\\/fuentesfidedignas.com.mx\\\/index.php\\\/2024\\\/09\\\/29\\\/diputadas-y-diputados-de-la-65-legislatura-se-preparan-para-rendir-protesta-e-instalarse-este-lunes\\\/#primaryimage\"},\"thumbnailUrl\":\"https:\\\/\\\/fuentesfidedignas.com.mx\\\/wp-content\\\/uploads\\\/2024\\\/09\\\/diputados-y-diputadas.jpg\",\"articleSection\":[\"NOTA PRINCIPAL\"],\"inLanguage\":\"es\",\"potentialAction\":[{\"@type\":\"CommentAction\",\"name\":\"Comment\",\"target\":[\"https:\\\/\\\/fuentesfidedignas.com.mx\\\/index.php\\\/2024\\\/09\\\/29\\\/diputadas-y-diputados-de-la-65-legislatura-se-preparan-para-rendir-protesta-e-instalarse-este-lunes\\\/#respond\"]}]},{\"@type\":\"WebPage\",\"@id\":\"https:\\\/\\\/fuentesfidedignas.com.mx\\\/index.php\\\/2024\\\/09\\\/29\\\/diputadas-y-diputados-de-la-65-legislatura-se-preparan-para-rendir-protesta-e-instalarse-este-lunes\\\/\",\"url\":\"https:\\\/\\\/fuentesfidedignas.com.mx\\\/index.php\\\/2024\\\/09\\\/29\\\/diputadas-y-diputados-de-la-65-legislatura-se-preparan-para-rendir-protesta-e-instalarse-este-lunes\\\/\",\"name\":\"Diputadas y diputados de la 65 Legislatura se preparan para rendir protesta e instalarse este lunes - Fuentes Fidedignas\",\"isPartOf\":{\"@id\":\"https:\\\/\\\/fuentesfidedignas.com.mx\\\/#website\"},\"primaryImageOfPage\":{\"@id\":\"https:\\\/\\\/fuentesfidedignas.com.mx\\\/index.php\\\/2024\\\/09\\\/29\\\/diputadas-y-diputados-de-la-65-legislatura-se-preparan-para-rendir-protesta-e-instalarse-este-lunes\\\/#primaryimage\"},\"image\":{\"@id\":\"https:\\\/\\\/fuentesfidedignas.com.mx\\\/index.php\\\/2024\\\/09\\\/29\\\/diputadas-y-diputados-de-la-65-legislatura-se-preparan-para-rendir-protesta-e-instalarse-este-lunes\\\/#primaryimage\"},\"thumbnailUrl\":\"https:\\\/\\\/fuentesfidedignas.com.mx\\\/wp-content\\\/uploads\\\/2024\\\/09\\\/diputados-y-diputadas.jpg\",\"datePublished\":\"2024-09-29T18:58:55+00:00\",\"dateModified\":\"2024-09-29T18:58:57+00:00\",\"breadcrumb\":{\"@id\":\"https:\\\/\\\/fuentesfidedignas.com.mx\\\/index.php\\\/2024\\\/09\\\/29\\\/diputadas-y-diputados-de-la-65-legislatura-se-preparan-para-rendir-protesta-e-instalarse-este-lunes\\\/#breadcrumb\"},\"inLanguage\":\"es\",\"potentialAction\":[{\"@type\":\"ReadAction\",\"target\":[\"https:\\\/\\\/fuentesfidedignas.com.mx\\\/index.php\\\/2024\\\/09\\\/29\\\/diputadas-y-diputados-de-la-65-legislatura-se-preparan-para-rendir-protesta-e-instalarse-este-lunes\\\/\"]}]},{\"@type\":\"ImageObject\",\"inLanguage\":\"es\",\"@id\":\"https:\\\/\\\/fuentesfidedignas.com.mx\\\/index.php\\\/2024\\\/09\\\/29\\\/diputadas-y-diputados-de-la-65-legislatura-se-preparan-para-rendir-protesta-e-instalarse-este-lunes\\\/#primaryimage\",\"url\":\"https:\\\/\\\/fuentesfidedignas.com.mx\\\/wp-content\\\/uploads\\\/2024\\\/09\\\/diputados-y-diputadas.jpg\",\"contentUrl\":\"https:\\\/\\\/fuentesfidedignas.com.mx\\\/wp-content\\\/uploads\\\/2024\\\/09\\\/diputados-y-diputadas.jpg\",\"width\":650,\"height\":434},{\"@type\":\"BreadcrumbList\",\"@id\":\"https:\\\/\\\/fuentesfidedignas.com.mx\\\/index.php\\\/2024\\\/09\\\/29\\\/diputadas-y-diputados-de-la-65-legislatura-se-preparan-para-rendir-protesta-e-instalarse-este-lunes\\\/#breadcrumb\",\"itemListElement\":[{\"@type\":\"ListItem\",\"position\":1,\"name\":\"Inicio\",\"item\":\"https:\\\/\\\/fuentesfidedignas.com.mx\\\/\"},{\"@type\":\"ListItem\",\"position\":2,\"name\":\"Diputadas y diputados de la 65 Legislatura se preparan para rendir protesta e instalarse este lunes\"}]},{\"@type\":\"WebSite\",\"@id\":\"https:\\\/\\\/fuentesfidedignas.com.mx\\\/#website\",\"url\":\"https:\\\/\\\/fuentesfidedignas.com.mx\\\/\",\"name\":\"Fuentes Fidedignas\",\"description\":\"Otro sitio realizado con WordPress\",\"publisher\":{\"@id\":\"https:\\\/\\\/fuentesfidedignas.com.mx\\\/#organization\"},\"potentialAction\":[{\"@type\":\"SearchAction\",\"target\":{\"@type\":\"EntryPoint\",\"urlTemplate\":\"https:\\\/\\\/fuentesfidedignas.com.mx\\\/?s={search_term_string}\"},\"query-input\":{\"@type\":\"PropertyValueSpecification\",\"valueRequired\":true,\"valueName\":\"search_term_string\"}}],\"inLanguage\":\"es\"},{\"@type\":\"Organization\",\"@id\":\"https:\\\/\\\/fuentesfidedignas.com.mx\\\/#organization\",\"name\":\"Fuentes Fidedignas\",\"url\":\"https:\\\/\\\/fuentesfidedignas.com.mx\\\/\",\"logo\":{\"@type\":\"ImageObject\",\"inLanguage\":\"es\",\"@id\":\"https:\\\/\\\/fuentesfidedignas.com.mx\\\/#\\\/schema\\\/logo\\\/image\\\/\",\"url\":\"https:\\\/\\\/fuentesfidedignas.com.mx\\\/wp-content\\\/uploads\\\/2021\\\/04\\\/logo-retina.png\",\"contentUrl\":\"https:\\\/\\\/fuentesfidedignas.com.mx\\\/wp-content\\\/uploads\\\/2021\\\/04\\\/logo-retina.png\",\"width\":280,\"height\":51,\"caption\":\"Fuentes Fidedignas\"},\"image\":{\"@id\":\"https:\\\/\\\/fuentesfidedignas.com.mx\\\/#\\\/schema\\\/logo\\\/image\\\/\"},\"sameAs\":[\"https:\\\/\\\/www.facebook.com\\\/Fuentes-Fidedignas-368234489921644\",\"https:\\\/\\\/x.com\\\/fidedignas\"]},{\"@type\":\"Person\",\"@id\":\"https:\\\/\\\/fuentesfidedignas.com.mx\\\/#\\\/schema\\\/person\\\/331be9283d37198e2acd5750279085b0\",\"name\":\"Redacci\u00f3n\",\"image\":{\"@type\":\"ImageObject\",\"inLanguage\":\"es\",\"@id\":\"https:\\\/\\\/secure.gravatar.com\\\/avatar\\\/f6d8782c11d12b2d4ad3fbb6931aeab5309937a4d6cd2fc9cfaa28a6396a5aec?s=96&d=mm&r=g\",\"url\":\"https:\\\/\\\/secure.gravatar.com\\\/avatar\\\/f6d8782c11d12b2d4ad3fbb6931aeab5309937a4d6cd2fc9cfaa28a6396a5aec?s=96&d=mm&r=g\",\"contentUrl\":\"https:\\\/\\\/secure.gravatar.com\\\/avatar\\\/f6d8782c11d12b2d4ad3fbb6931aeab5309937a4d6cd2fc9cfaa28a6396a5aec?s=96&d=mm&r=g\",\"caption\":\"Redacci\u00f3n\"},\"url\":\"https:\\\/\\\/fuentesfidedignas.com.mx\\\/index.php\\\/author\\\/redaccion\\\/\"}]}<\/script>\n<!-- \/ Yoast SEO plugin. -->","yoast_head_json":{"title":"Diputadas y diputados de la 65 Legislatura se preparan para rendir protesta e instalarse este lunes - Fuentes Fidedignas","robots":{"index":"index","follow":"follow","max-snippet":"max-snippet:-1","max-image-preview":"max-image-preview:large","max-video-preview":"max-video-preview:-1"},"canonical":"https:\/\/fuentesfidedignas.com.mx\/index.php\/2024\/09\/29\/diputadas-y-diputados-de-la-65-legislatura-se-preparan-para-rendir-protesta-e-instalarse-este-lunes\/","og_locale":"es_MX","og_type":"article","og_title":"Diputadas y diputados de la 65 Legislatura se preparan para rendir protesta e instalarse este lunes - Fuentes Fidedignas","og_description":"Asistir\u00e1n representantes de los poderes Judicial y Ejecutivo, se deber\u00e1 elegir a la Mesa Directiva que coordinar\u00e1 los trabajos del primer a\u00f1o de ejercicio constitucional. Diputadas y diputados electos de la pr\u00f3xima Legislatura, la 65, realizaron este domingo un simulacro de lo que ser\u00e1 este lunes 30 de septiembre su formal toma de protesta e [&hellip;]","og_url":"https:\/\/fuentesfidedignas.com.mx\/index.php\/2024\/09\/29\/diputadas-y-diputados-de-la-65-legislatura-se-preparan-para-rendir-protesta-e-instalarse-este-lunes\/","og_site_name":"Fuentes Fidedignas","article_publisher":"https:\/\/www.facebook.com\/Fuentes-Fidedignas-368234489921644","article_published_time":"2024-09-29T18:58:55+00:00","article_modified_time":"2024-09-29T18:58:57+00:00","og_image":[{"width":650,"height":434,"url":"https:\/\/fuentesfidedignas.com.mx\/wp-content\/uploads\/2024\/09\/diputados-y-diputadas.jpg","type":"image\/jpeg"}],"author":"Redacci\u00f3n","twitter_card":"summary_large_image","twitter_creator":"@fidedignas","twitter_site":"@fidedignas","twitter_misc":{"Escrito por":"Redacci\u00f3n","Tiempo de lectura":"2 minutos"},"schema":{"@context":"https:\/\/schema.org","@graph":[{"@type":"Article","@id":"https:\/\/fuentesfidedignas.com.mx\/index.php\/2024\/09\/29\/diputadas-y-diputados-de-la-65-legislatura-se-preparan-para-rendir-protesta-e-instalarse-este-lunes\/#article","isPartOf":{"@id":"https:\/\/fuentesfidedignas.com.mx\/index.php\/2024\/09\/29\/diputadas-y-diputados-de-la-65-legislatura-se-preparan-para-rendir-protesta-e-instalarse-este-lunes\/"},"author":{"name":"Redacci\u00f3n","@id":"https:\/\/fuentesfidedignas.com.mx\/#\/schema\/person\/331be9283d37198e2acd5750279085b0"},"headline":"Diputadas y diputados de la 65 Legislatura se preparan para rendir protesta e instalarse este lunes","datePublished":"2024-09-29T18:58:55+00:00","dateModified":"2024-09-29T18:58:57+00:00","mainEntityOfPage":{"@id":"https:\/\/fuentesfidedignas.com.mx\/index.php\/2024\/09\/29\/diputadas-y-diputados-de-la-65-legislatura-se-preparan-para-rendir-protesta-e-instalarse-este-lunes\/"},"wordCount":417,"commentCount":0,"publisher":{"@id":"https:\/\/fuentesfidedignas.com.mx\/#organization"},"image":{"@id":"https:\/\/fuentesfidedignas.com.mx\/index.php\/2024\/09\/29\/diputadas-y-diputados-de-la-65-legislatura-se-preparan-para-rendir-protesta-e-instalarse-este-lunes\/#primaryimage"},"thumbnailUrl":"https:\/\/fuentesfidedignas.com.mx\/wp-content\/uploads\/2024\/09\/diputados-y-diputadas.jpg","articleSection":["NOTA PRINCIPAL"],"inLanguage":"es","potentialAction":[{"@type":"CommentAction","name":"Comment","target":["https:\/\/fuentesfidedignas.com.mx\/index.php\/2024\/09\/29\/diputadas-y-diputados-de-la-65-legislatura-se-preparan-para-rendir-protesta-e-instalarse-este-lunes\/#respond"]}]},{"@type":"WebPage","@id":"https:\/\/fuentesfidedignas.com.mx\/index.php\/2024\/09\/29\/diputadas-y-diputados-de-la-65-legislatura-se-preparan-para-rendir-protesta-e-instalarse-este-lunes\/","url":"https:\/\/fuentesfidedignas.com.mx\/index.php\/2024\/09\/29\/diputadas-y-diputados-de-la-65-legislatura-se-preparan-para-rendir-protesta-e-instalarse-este-lunes\/","name":"Diputadas y diputados de la 65 Legislatura se preparan para rendir protesta e instalarse este lunes - Fuentes Fidedignas","isPartOf":{"@id":"https:\/\/fuentesfidedignas.com.mx\/#website"},"primaryImageOfPage":{"@id":"https:\/\/fuentesfidedignas.com.mx\/index.php\/2024\/09\/29\/diputadas-y-diputados-de-la-65-legislatura-se-preparan-para-rendir-protesta-e-instalarse-este-lunes\/#primaryimage"},"image":{"@id":"https:\/\/fuentesfidedignas.com.mx\/index.php\/2024\/09\/29\/diputadas-y-diputados-de-la-65-legislatura-se-preparan-para-rendir-protesta-e-instalarse-este-lunes\/#primaryimage"},"thumbnailUrl":"https:\/\/fuentesfidedignas.com.mx\/wp-content\/uploads\/2024\/09\/diputados-y-diputadas.jpg","datePublished":"2024-09-29T18:58:55+00:00","dateModified":"2024-09-29T18:58:57+00:00","breadcrumb":{"@id":"https:\/\/fuentesfidedignas.com.mx\/index.php\/2024\/09\/29\/diputadas-y-diputados-de-la-65-legislatura-se-preparan-para-rendir-protesta-e-instalarse-este-lunes\/#breadcrumb"},"inLanguage":"es","potentialAction":[{"@type":"ReadAction","target":["https:\/\/fuentesfidedignas.com.mx\/index.php\/2024\/09\/29\/diputadas-y-diputados-de-la-65-legislatura-se-preparan-para-rendir-protesta-e-instalarse-este-lunes\/"]}]},{"@type":"ImageObject","inLanguage":"es","@id":"https:\/\/fuentesfidedignas.com.mx\/index.php\/2024\/09\/29\/diputadas-y-diputados-de-la-65-legislatura-se-preparan-para-rendir-protesta-e-instalarse-este-lunes\/#primaryimage","url":"https:\/\/fuentesfidedignas.com.mx\/wp-content\/uploads\/2024\/09\/diputados-y-diputadas.jpg","contentUrl":"https:\/\/fuentesfidedignas.com.mx\/wp-content\/uploads\/2024\/09\/diputados-y-diputadas.jpg","width":650,"height":434},{"@type":"BreadcrumbList","@id":"https:\/\/fuentesfidedignas.com.mx\/index.php\/2024\/09\/29\/diputadas-y-diputados-de-la-65-legislatura-se-preparan-para-rendir-protesta-e-instalarse-este-lunes\/#breadcrumb","itemListElement":[{"@type":"ListItem","position":1,"name":"Inicio","item":"https:\/\/fuentesfidedignas.com.mx\/"},{"@type":"ListItem","position":2,"name":"Diputadas y diputados de la 65 Legislatura se preparan para rendir protesta e instalarse este lunes"}]},{"@type":"WebSite","@id":"https:\/\/fuentesfidedignas.com.mx\/#website","url":"https:\/\/fuentesfidedignas.com.mx\/","name":"Fuentes Fidedignas","description":"Otro sitio realizado con WordPress","publisher":{"@id":"https:\/\/fuentesfidedignas.com.mx\/#organization"},"potentialAction":[{"@type":"SearchAction","target":{"@type":"EntryPoint","urlTemplate":"https:\/\/fuentesfidedignas.com.mx\/?s={search_term_string}"},"query-input":{"@type":"PropertyValueSpecification","valueRequired":true,"valueName":"search_term_string"}}],"inLanguage":"es"},{"@type":"Organization","@id":"https:\/\/fuentesfidedignas.com.mx\/#organization","name":"Fuentes Fidedignas","url":"https:\/\/fuentesfidedignas.com.mx\/","logo":{"@type":"ImageObject","inLanguage":"es","@id":"https:\/\/fuentesfidedignas.com.mx\/#\/schema\/logo\/image\/","url":"https:\/\/fuentesfidedignas.com.mx\/wp-content\/uploads\/2021\/04\/logo-retina.png","contentUrl":"https:\/\/fuentesfidedignas.com.mx\/wp-content\/uploads\/2021\/04\/logo-retina.png","width":280,"height":51,"caption":"Fuentes Fidedignas"},"image":{"@id":"https:\/\/fuentesfidedignas.com.mx\/#\/schema\/logo\/image\/"},"sameAs":["https:\/\/www.facebook.com\/Fuentes-Fidedignas-368234489921644","https:\/\/x.com\/fidedignas"]},{"@type":"Person","@id":"https:\/\/fuentesfidedignas.com.mx\/#\/schema\/person\/331be9283d37198e2acd5750279085b0","name":"Redacci\u00f3n","image":{"@type":"ImageObject","inLanguage":"es","@id":"https:\/\/secure.gravatar.com\/avatar\/f6d8782c11d12b2d4ad3fbb6931aeab5309937a4d6cd2fc9cfaa28a6396a5aec?s=96&d=mm&r=g","url":"https:\/\/secure.gravatar.com\/avatar\/f6d8782c11d12b2d4ad3fbb6931aeab5309937a4d6cd2fc9cfaa28a6396a5aec?s=96&d=mm&r=g","contentUrl":"https:\/\/secure.gravatar.com\/avatar\/f6d8782c11d12b2d4ad3fbb6931aeab5309937a4d6cd2fc9cfaa28a6396a5aec?s=96&d=mm&r=g","caption":"Redacci\u00f3n"},"url":"https:\/\/fuentesfidedignas.com.mx\/index.php\/author\/redaccion\/"}]}},"_links":{"self":[{"href":"https:\/\/fuentesfidedignas.com.mx\/index.php\/wp-json\/wp\/v2\/posts\/92272","targetHints":{"allow":["GET"]}}],"collection":[{"href":"https:\/\/fuentesfidedignas.com.mx\/index.php\/wp-json\/wp\/v2\/posts"}],"about":[{"href":"https:\/\/fuentesfidedignas.com.mx\/index.php\/wp-json\/wp\/v2\/types\/post"}],"author":[{"embeddable":true,"href":"https:\/\/fuentesfidedignas.com.mx\/index.php\/wp-json\/wp\/v2\/users\/4"}],"replies":[{"embeddable":true,"href":"https:\/\/fuentesfidedignas.com.mx\/index.php\/wp-json\/wp\/v2\/comments?post=92272"}],"version-history":[{"count":1,"href":"https:\/\/fuentesfidedignas.com.mx\/index.php\/wp-json\/wp\/v2\/posts\/92272\/revisions"}],"predecessor-version":[{"id":92274,"href":"https:\/\/fuentesfidedignas.com.mx\/index.php\/wp-json\/wp\/v2\/posts\/92272\/revisions\/92274"}],"wp:featuredmedia":[{"embeddable":true,"href":"https:\/\/fuentesfidedignas.com.mx\/index.php\/wp-json\/wp\/v2\/media\/92273"}],"wp:attachment":[{"href":"https:\/\/fuentesfidedignas.com.mx\/index.php\/wp-json\/wp\/v2\/media?parent=92272"}],"wp:term":[{"taxonomy":"category","embeddable":true,"href":"https:\/\/fuentesfidedignas.com.mx\/index.php\/wp-json\/wp\/v2\/categories?post=92272"},{"taxonomy":"post_tag","embeddable":true,"href":"https:\/\/fuentesfidedignas.com.mx\/index.php\/wp-json\/wp\/v2\/tags?post=92272"}],"curies":[{"name":"wp","href":"https:\/\/api.w.org\/{rel}","templated":true}]}}