{"id":92193,"date":"2024-09-28T05:23:00","date_gmt":"2024-09-28T12:23:00","guid":{"rendered":"https:\/\/fuentesfidedignas.com.mx\/?p=92193"},"modified":"2024-09-27T17:27:12","modified_gmt":"2024-09-28T00:27:12","slug":"video-le-salio-caro-joven-muestra-cuanto-le-cobraron-en-restaurante-por-cargar-su-celular","status":"publish","type":"post","link":"https:\/\/fuentesfidedignas.com.mx\/index.php\/2024\/09\/28\/video-le-salio-caro-joven-muestra-cuanto-le-cobraron-en-restaurante-por-cargar-su-celular\/","title":{"rendered":"VIDEO: \u00a1Le sali\u00f3 caro! Joven muestra cu\u00e1nto le cobraron en restaurante por cargar su celular"},"content":{"rendered":"\n<p><strong><em>\u00a1Nada barato! El caso ha indignado a usuarios en redes sociales.<\/em><\/strong><\/p>\n\n\n\n<p>A trav\u00e9s de sus redes sociales, un joven se volvi\u00f3 viral tras compartir que un restaurante le cobr\u00f3 500 pesos por poner a cargar su celular en sus instalaciones. En el video se puede apreciar que en la cuenta fue a\u00f1adido el excesivo cobro como \u201cBater\u00eda celular\u201d.<\/p>\n\n\n\n<p>En el video se muestra la reacci\u00f3n del joven y la cuenta del restaurante en donde se puede leer \u201cBater\u00eda celular\u201d, haciendo referencia al cobro por cargar la bater\u00eda de su dispositivo m\u00f3vil.<\/p>\n\n\n\n<p>\u201c\u00c9l solo quer\u00eda cargar su tel\u00e9fono\u201d, dice la descripci\u00f3n del video. Adem\u00e1s, otro texto en la publicaci\u00f3n se\u00f1ala: \u201cAvisen! por el amor de Dios\u201d, dando a entender que no se les avis\u00f3 que se les cobrar\u00eda por poner a cargar el celular.<\/p>\n\n\n\n<p>Usuarios en redes sociales \u2018explotaron\u2019 contra el restaurante por el excesivo cobro por cargar el tel\u00e9fono, algo que en muchos locales se hace de manera gratuita.<\/p>\n\n\n\n<p>Adem\u00e1s, los internautas tambi\u00e9n se\u00f1alaron que adem\u00e1s de exhibirlos en redes sociales, el joven podr\u00eda presentar una denuncia, ya que supuestamente no se le notific\u00f3 que se le cobrar\u00eda tal cantidad por poner a cargar su tel\u00e9fono.<\/p>\n\n\n\n<p><strong>Mira aqu\u00ed el video viral:<\/strong><\/p>\n\n\n\n<blockquote class=\"tiktok-embed\" cite=\"https:\/\/www.tiktok.com\/@omarcasas368\/video\/7417227777612565766\" data-video-id=\"7417227777612565766\" style=\"max-width: 605px;min-width: 325px;\" > <section> <a target=\"_blank\" title=\"@omarcasas368\" href=\"https:\/\/www.tiktok.com\/@omarcasas368?refer=embed\" rel=\"noopener\">@omarcasas368<\/a> Avisen! por el amor de Dios  <a title=\"fyp\" target=\"_blank\" href=\"https:\/\/www.tiktok.com\/tag\/fyp?refer=embed\" rel=\"noopener\">#fyp<\/a> <a title=\"foryou\" target=\"_blank\" href=\"https:\/\/www.tiktok.com\/tag\/foryou?refer=embed\" rel=\"noopener\">#foryou<\/a> <a title=\"humor\" target=\"_blank\" href=\"https:\/\/www.tiktok.com\/tag\/humor?refer=embed\" rel=\"noopener\">#humor<\/a> <a target=\"_blank\" title=\"\u266c sonido original - \u00a1BRAVAZO PE!\" href=\"https:\/\/www.tiktok.com\/music\/sonido-original-7092918197006895878?refer=embed\" rel=\"noopener\">\u266c sonido original &#8211; \u00a1BRAVAZO PE!<\/a> <\/section> <\/blockquote> <script async src=\"https:\/\/www.tiktok.com\/embed.js\"><\/script>\n\n\n\n<p>\u201cSupongo fue un Power Bank, de lo contrario fue un atraco jajajaja\u201d<br>\u201cSupongo que reparan celulares y tienen terraza con amenidades para esperar el equipo\u201d<br>\u201cSi no viene en el men\u00fa no te pueden cobrar eso\u201d<br>\u201cUna demandita a Profeco en corto\u201d<br>\u201cAh\u00ed donde te das cuenta que el hambreado no es el cliente, si no el restaurante\u201d<br>\u201cMejor hubiera pedido el revivo de la luz creo que va a pagar menos\u201d, se puede leer en los comentarios.<br>En tan solo un par de d\u00edas, el video del usuario @omarcasas368 ya suma m\u00e1s de tres millones y medio de reproducciones en TikTok.<\/p>\n","protected":false},"excerpt":{"rendered":"<p>\u00a1Nada barato! El caso ha indignado a usuarios en redes sociales. A trav\u00e9s de sus redes sociales, un joven se volvi\u00f3 viral tras compartir que un restaurante le cobr\u00f3 500 pesos por poner a cargar su celular en sus instalaciones. En el video se puede apreciar que en la cuenta fue a\u00f1adido el excesivo cobro [&hellip;]<\/p>\n","protected":false},"author":9,"featured_media":92194,"comment_status":"open","ping_status":"open","sticky":false,"template":"","format":"standard","meta":{"tdm_status":"","tdm_grid_status":"","footnotes":""},"categories":[40],"tags":[],"class_list":{"0":"post-92193","1":"post","2":"type-post","3":"status-publish","4":"format-standard","5":"has-post-thumbnail","7":"category-las-asombrosas"},"yoast_head":"<!-- This site is optimized with the Yoast SEO plugin v27.5 - https:\/\/yoast.com\/product\/yoast-seo-wordpress\/ -->\n<title>VIDEO: \u00a1Le sali\u00f3 caro! Joven muestra cu\u00e1nto le cobraron en restaurante por cargar su celular - Fuentes Fidedignas<\/title>\n<meta name=\"robots\" content=\"index, follow, max-snippet:-1, max-image-preview:large, max-video-preview:-1\" \/>\n<link rel=\"canonical\" href=\"https:\/\/fuentesfidedignas.com.mx\/index.php\/2024\/09\/28\/video-le-salio-caro-joven-muestra-cuanto-le-cobraron-en-restaurante-por-cargar-su-celular\/\" \/>\n<meta property=\"og:locale\" content=\"es_MX\" \/>\n<meta property=\"og:type\" content=\"article\" \/>\n<meta property=\"og:title\" content=\"VIDEO: \u00a1Le sali\u00f3 caro! Joven muestra cu\u00e1nto le cobraron en restaurante por cargar su celular - Fuentes Fidedignas\" \/>\n<meta property=\"og:description\" content=\"\u00a1Nada barato! El caso ha indignado a usuarios en redes sociales. A trav\u00e9s de sus redes sociales, un joven se volvi\u00f3 viral tras compartir que un restaurante le cobr\u00f3 500 pesos por poner a cargar su celular en sus instalaciones. En el video se puede apreciar que en la cuenta fue a\u00f1adido el excesivo cobro [&hellip;]\" \/>\n<meta property=\"og:url\" content=\"https:\/\/fuentesfidedignas.com.mx\/index.php\/2024\/09\/28\/video-le-salio-caro-joven-muestra-cuanto-le-cobraron-en-restaurante-por-cargar-su-celular\/\" \/>\n<meta property=\"og:site_name\" content=\"Fuentes Fidedignas\" \/>\n<meta property=\"article:publisher\" content=\"https:\/\/www.facebook.com\/Fuentes-Fidedignas-368234489921644\" \/>\n<meta property=\"article:published_time\" content=\"2024-09-28T12:23:00+00:00\" \/>\n<meta property=\"og:image\" content=\"https:\/\/fuentesfidedignas.com.mx\/wp-content\/uploads\/2024\/09\/monto_carga_cel.jpg\" \/>\n\t<meta property=\"og:image:width\" content=\"650\" \/>\n\t<meta property=\"og:image:height\" content=\"418\" \/>\n\t<meta property=\"og:image:type\" content=\"image\/jpeg\" \/>\n<meta name=\"author\" content=\"Milenio\" \/>\n<meta name=\"twitter:card\" content=\"summary_large_image\" \/>\n<meta name=\"twitter:creator\" content=\"@fidedignas\" \/>\n<meta name=\"twitter:site\" content=\"@fidedignas\" \/>\n<meta name=\"twitter:label1\" content=\"Escrito por\" \/>\n\t<meta name=\"twitter:data1\" content=\"Milenio\" \/>\n\t<meta name=\"twitter:label2\" content=\"Tiempo de lectura\" \/>\n\t<meta name=\"twitter:data2\" content=\"2 minutos\" \/>\n<script type=\"application\/ld+json\" class=\"yoast-schema-graph\">{\"@context\":\"https:\\\/\\\/schema.org\",\"@graph\":[{\"@type\":\"Article\",\"@id\":\"https:\\\/\\\/fuentesfidedignas.com.mx\\\/index.php\\\/2024\\\/09\\\/28\\\/video-le-salio-caro-joven-muestra-cuanto-le-cobraron-en-restaurante-por-cargar-su-celular\\\/#article\",\"isPartOf\":{\"@id\":\"https:\\\/\\\/fuentesfidedignas.com.mx\\\/index.php\\\/2024\\\/09\\\/28\\\/video-le-salio-caro-joven-muestra-cuanto-le-cobraron-en-restaurante-por-cargar-su-celular\\\/\"},\"author\":{\"name\":\"Milenio\",\"@id\":\"https:\\\/\\\/fuentesfidedignas.com.mx\\\/#\\\/schema\\\/person\\\/47ec0135738f4b0c7495f06a77a2c976\"},\"headline\":\"VIDEO: \u00a1Le sali\u00f3 caro! Joven muestra cu\u00e1nto le cobraron en restaurante por cargar su celular\",\"datePublished\":\"2024-09-28T12:23:00+00:00\",\"mainEntityOfPage\":{\"@id\":\"https:\\\/\\\/fuentesfidedignas.com.mx\\\/index.php\\\/2024\\\/09\\\/28\\\/video-le-salio-caro-joven-muestra-cuanto-le-cobraron-en-restaurante-por-cargar-su-celular\\\/\"},\"wordCount\":357,\"commentCount\":0,\"publisher\":{\"@id\":\"https:\\\/\\\/fuentesfidedignas.com.mx\\\/#organization\"},\"image\":{\"@id\":\"https:\\\/\\\/fuentesfidedignas.com.mx\\\/index.php\\\/2024\\\/09\\\/28\\\/video-le-salio-caro-joven-muestra-cuanto-le-cobraron-en-restaurante-por-cargar-su-celular\\\/#primaryimage\"},\"thumbnailUrl\":\"https:\\\/\\\/fuentesfidedignas.com.mx\\\/wp-content\\\/uploads\\\/2024\\\/09\\\/monto_carga_cel.jpg\",\"articleSection\":[\"LAS ASOMBROSAS\"],\"inLanguage\":\"es\",\"potentialAction\":[{\"@type\":\"CommentAction\",\"name\":\"Comment\",\"target\":[\"https:\\\/\\\/fuentesfidedignas.com.mx\\\/index.php\\\/2024\\\/09\\\/28\\\/video-le-salio-caro-joven-muestra-cuanto-le-cobraron-en-restaurante-por-cargar-su-celular\\\/#respond\"]}]},{\"@type\":\"WebPage\",\"@id\":\"https:\\\/\\\/fuentesfidedignas.com.mx\\\/index.php\\\/2024\\\/09\\\/28\\\/video-le-salio-caro-joven-muestra-cuanto-le-cobraron-en-restaurante-por-cargar-su-celular\\\/\",\"url\":\"https:\\\/\\\/fuentesfidedignas.com.mx\\\/index.php\\\/2024\\\/09\\\/28\\\/video-le-salio-caro-joven-muestra-cuanto-le-cobraron-en-restaurante-por-cargar-su-celular\\\/\",\"name\":\"VIDEO: \u00a1Le sali\u00f3 caro! Joven muestra cu\u00e1nto le cobraron en restaurante por cargar su celular - Fuentes Fidedignas\",\"isPartOf\":{\"@id\":\"https:\\\/\\\/fuentesfidedignas.com.mx\\\/#website\"},\"primaryImageOfPage\":{\"@id\":\"https:\\\/\\\/fuentesfidedignas.com.mx\\\/index.php\\\/2024\\\/09\\\/28\\\/video-le-salio-caro-joven-muestra-cuanto-le-cobraron-en-restaurante-por-cargar-su-celular\\\/#primaryimage\"},\"image\":{\"@id\":\"https:\\\/\\\/fuentesfidedignas.com.mx\\\/index.php\\\/2024\\\/09\\\/28\\\/video-le-salio-caro-joven-muestra-cuanto-le-cobraron-en-restaurante-por-cargar-su-celular\\\/#primaryimage\"},\"thumbnailUrl\":\"https:\\\/\\\/fuentesfidedignas.com.mx\\\/wp-content\\\/uploads\\\/2024\\\/09\\\/monto_carga_cel.jpg\",\"datePublished\":\"2024-09-28T12:23:00+00:00\",\"breadcrumb\":{\"@id\":\"https:\\\/\\\/fuentesfidedignas.com.mx\\\/index.php\\\/2024\\\/09\\\/28\\\/video-le-salio-caro-joven-muestra-cuanto-le-cobraron-en-restaurante-por-cargar-su-celular\\\/#breadcrumb\"},\"inLanguage\":\"es\",\"potentialAction\":[{\"@type\":\"ReadAction\",\"target\":[\"https:\\\/\\\/fuentesfidedignas.com.mx\\\/index.php\\\/2024\\\/09\\\/28\\\/video-le-salio-caro-joven-muestra-cuanto-le-cobraron-en-restaurante-por-cargar-su-celular\\\/\"]}]},{\"@type\":\"ImageObject\",\"inLanguage\":\"es\",\"@id\":\"https:\\\/\\\/fuentesfidedignas.com.mx\\\/index.php\\\/2024\\\/09\\\/28\\\/video-le-salio-caro-joven-muestra-cuanto-le-cobraron-en-restaurante-por-cargar-su-celular\\\/#primaryimage\",\"url\":\"https:\\\/\\\/fuentesfidedignas.com.mx\\\/wp-content\\\/uploads\\\/2024\\\/09\\\/monto_carga_cel.jpg\",\"contentUrl\":\"https:\\\/\\\/fuentesfidedignas.com.mx\\\/wp-content\\\/uploads\\\/2024\\\/09\\\/monto_carga_cel.jpg\",\"width\":650,\"height\":418},{\"@type\":\"BreadcrumbList\",\"@id\":\"https:\\\/\\\/fuentesfidedignas.com.mx\\\/index.php\\\/2024\\\/09\\\/28\\\/video-le-salio-caro-joven-muestra-cuanto-le-cobraron-en-restaurante-por-cargar-su-celular\\\/#breadcrumb\",\"itemListElement\":[{\"@type\":\"ListItem\",\"position\":1,\"name\":\"Inicio\",\"item\":\"https:\\\/\\\/fuentesfidedignas.com.mx\\\/\"},{\"@type\":\"ListItem\",\"position\":2,\"name\":\"VIDEO: \u00a1Le sali\u00f3 caro! Joven muestra cu\u00e1nto le cobraron en restaurante por cargar su celular\"}]},{\"@type\":\"WebSite\",\"@id\":\"https:\\\/\\\/fuentesfidedignas.com.mx\\\/#website\",\"url\":\"https:\\\/\\\/fuentesfidedignas.com.mx\\\/\",\"name\":\"Fuentes Fidedignas\",\"description\":\"Otro sitio realizado con WordPress\",\"publisher\":{\"@id\":\"https:\\\/\\\/fuentesfidedignas.com.mx\\\/#organization\"},\"potentialAction\":[{\"@type\":\"SearchAction\",\"target\":{\"@type\":\"EntryPoint\",\"urlTemplate\":\"https:\\\/\\\/fuentesfidedignas.com.mx\\\/?s={search_term_string}\"},\"query-input\":{\"@type\":\"PropertyValueSpecification\",\"valueRequired\":true,\"valueName\":\"search_term_string\"}}],\"inLanguage\":\"es\"},{\"@type\":\"Organization\",\"@id\":\"https:\\\/\\\/fuentesfidedignas.com.mx\\\/#organization\",\"name\":\"Fuentes Fidedignas\",\"url\":\"https:\\\/\\\/fuentesfidedignas.com.mx\\\/\",\"logo\":{\"@type\":\"ImageObject\",\"inLanguage\":\"es\",\"@id\":\"https:\\\/\\\/fuentesfidedignas.com.mx\\\/#\\\/schema\\\/logo\\\/image\\\/\",\"url\":\"https:\\\/\\\/fuentesfidedignas.com.mx\\\/wp-content\\\/uploads\\\/2021\\\/04\\\/logo-retina.png\",\"contentUrl\":\"https:\\\/\\\/fuentesfidedignas.com.mx\\\/wp-content\\\/uploads\\\/2021\\\/04\\\/logo-retina.png\",\"width\":280,\"height\":51,\"caption\":\"Fuentes Fidedignas\"},\"image\":{\"@id\":\"https:\\\/\\\/fuentesfidedignas.com.mx\\\/#\\\/schema\\\/logo\\\/image\\\/\"},\"sameAs\":[\"https:\\\/\\\/www.facebook.com\\\/Fuentes-Fidedignas-368234489921644\",\"https:\\\/\\\/x.com\\\/fidedignas\"]},{\"@type\":\"Person\",\"@id\":\"https:\\\/\\\/fuentesfidedignas.com.mx\\\/#\\\/schema\\\/person\\\/47ec0135738f4b0c7495f06a77a2c976\",\"name\":\"Milenio\",\"image\":{\"@type\":\"ImageObject\",\"inLanguage\":\"es\",\"@id\":\"https:\\\/\\\/secure.gravatar.com\\\/avatar\\\/acabf7b54753e51c2c76457954577c236b3b764789b19879565769739d1e4a75?s=96&d=mm&r=g\",\"url\":\"https:\\\/\\\/secure.gravatar.com\\\/avatar\\\/acabf7b54753e51c2c76457954577c236b3b764789b19879565769739d1e4a75?s=96&d=mm&r=g\",\"contentUrl\":\"https:\\\/\\\/secure.gravatar.com\\\/avatar\\\/acabf7b54753e51c2c76457954577c236b3b764789b19879565769739d1e4a75?s=96&d=mm&r=g\",\"caption\":\"Milenio\"},\"url\":\"https:\\\/\\\/fuentesfidedignas.com.mx\\\/index.php\\\/author\\\/milenio\\\/\"}]}<\/script>\n<!-- \/ Yoast SEO plugin. -->","yoast_head_json":{"title":"VIDEO: \u00a1Le sali\u00f3 caro! Joven muestra cu\u00e1nto le cobraron en restaurante por cargar su celular - Fuentes Fidedignas","robots":{"index":"index","follow":"follow","max-snippet":"max-snippet:-1","max-image-preview":"max-image-preview:large","max-video-preview":"max-video-preview:-1"},"canonical":"https:\/\/fuentesfidedignas.com.mx\/index.php\/2024\/09\/28\/video-le-salio-caro-joven-muestra-cuanto-le-cobraron-en-restaurante-por-cargar-su-celular\/","og_locale":"es_MX","og_type":"article","og_title":"VIDEO: \u00a1Le sali\u00f3 caro! Joven muestra cu\u00e1nto le cobraron en restaurante por cargar su celular - Fuentes Fidedignas","og_description":"\u00a1Nada barato! El caso ha indignado a usuarios en redes sociales. A trav\u00e9s de sus redes sociales, un joven se volvi\u00f3 viral tras compartir que un restaurante le cobr\u00f3 500 pesos por poner a cargar su celular en sus instalaciones. En el video se puede apreciar que en la cuenta fue a\u00f1adido el excesivo cobro [&hellip;]","og_url":"https:\/\/fuentesfidedignas.com.mx\/index.php\/2024\/09\/28\/video-le-salio-caro-joven-muestra-cuanto-le-cobraron-en-restaurante-por-cargar-su-celular\/","og_site_name":"Fuentes Fidedignas","article_publisher":"https:\/\/www.facebook.com\/Fuentes-Fidedignas-368234489921644","article_published_time":"2024-09-28T12:23:00+00:00","og_image":[{"width":650,"height":418,"url":"https:\/\/fuentesfidedignas.com.mx\/wp-content\/uploads\/2024\/09\/monto_carga_cel.jpg","type":"image\/jpeg"}],"author":"Milenio","twitter_card":"summary_large_image","twitter_creator":"@fidedignas","twitter_site":"@fidedignas","twitter_misc":{"Escrito por":"Milenio","Tiempo de lectura":"2 minutos"},"schema":{"@context":"https:\/\/schema.org","@graph":[{"@type":"Article","@id":"https:\/\/fuentesfidedignas.com.mx\/index.php\/2024\/09\/28\/video-le-salio-caro-joven-muestra-cuanto-le-cobraron-en-restaurante-por-cargar-su-celular\/#article","isPartOf":{"@id":"https:\/\/fuentesfidedignas.com.mx\/index.php\/2024\/09\/28\/video-le-salio-caro-joven-muestra-cuanto-le-cobraron-en-restaurante-por-cargar-su-celular\/"},"author":{"name":"Milenio","@id":"https:\/\/fuentesfidedignas.com.mx\/#\/schema\/person\/47ec0135738f4b0c7495f06a77a2c976"},"headline":"VIDEO: \u00a1Le sali\u00f3 caro! Joven muestra cu\u00e1nto le cobraron en restaurante por cargar su celular","datePublished":"2024-09-28T12:23:00+00:00","mainEntityOfPage":{"@id":"https:\/\/fuentesfidedignas.com.mx\/index.php\/2024\/09\/28\/video-le-salio-caro-joven-muestra-cuanto-le-cobraron-en-restaurante-por-cargar-su-celular\/"},"wordCount":357,"commentCount":0,"publisher":{"@id":"https:\/\/fuentesfidedignas.com.mx\/#organization"},"image":{"@id":"https:\/\/fuentesfidedignas.com.mx\/index.php\/2024\/09\/28\/video-le-salio-caro-joven-muestra-cuanto-le-cobraron-en-restaurante-por-cargar-su-celular\/#primaryimage"},"thumbnailUrl":"https:\/\/fuentesfidedignas.com.mx\/wp-content\/uploads\/2024\/09\/monto_carga_cel.jpg","articleSection":["LAS ASOMBROSAS"],"inLanguage":"es","potentialAction":[{"@type":"CommentAction","name":"Comment","target":["https:\/\/fuentesfidedignas.com.mx\/index.php\/2024\/09\/28\/video-le-salio-caro-joven-muestra-cuanto-le-cobraron-en-restaurante-por-cargar-su-celular\/#respond"]}]},{"@type":"WebPage","@id":"https:\/\/fuentesfidedignas.com.mx\/index.php\/2024\/09\/28\/video-le-salio-caro-joven-muestra-cuanto-le-cobraron-en-restaurante-por-cargar-su-celular\/","url":"https:\/\/fuentesfidedignas.com.mx\/index.php\/2024\/09\/28\/video-le-salio-caro-joven-muestra-cuanto-le-cobraron-en-restaurante-por-cargar-su-celular\/","name":"VIDEO: \u00a1Le sali\u00f3 caro! Joven muestra cu\u00e1nto le cobraron en restaurante por cargar su celular - Fuentes Fidedignas","isPartOf":{"@id":"https:\/\/fuentesfidedignas.com.mx\/#website"},"primaryImageOfPage":{"@id":"https:\/\/fuentesfidedignas.com.mx\/index.php\/2024\/09\/28\/video-le-salio-caro-joven-muestra-cuanto-le-cobraron-en-restaurante-por-cargar-su-celular\/#primaryimage"},"image":{"@id":"https:\/\/fuentesfidedignas.com.mx\/index.php\/2024\/09\/28\/video-le-salio-caro-joven-muestra-cuanto-le-cobraron-en-restaurante-por-cargar-su-celular\/#primaryimage"},"thumbnailUrl":"https:\/\/fuentesfidedignas.com.mx\/wp-content\/uploads\/2024\/09\/monto_carga_cel.jpg","datePublished":"2024-09-28T12:23:00+00:00","breadcrumb":{"@id":"https:\/\/fuentesfidedignas.com.mx\/index.php\/2024\/09\/28\/video-le-salio-caro-joven-muestra-cuanto-le-cobraron-en-restaurante-por-cargar-su-celular\/#breadcrumb"},"inLanguage":"es","potentialAction":[{"@type":"ReadAction","target":["https:\/\/fuentesfidedignas.com.mx\/index.php\/2024\/09\/28\/video-le-salio-caro-joven-muestra-cuanto-le-cobraron-en-restaurante-por-cargar-su-celular\/"]}]},{"@type":"ImageObject","inLanguage":"es","@id":"https:\/\/fuentesfidedignas.com.mx\/index.php\/2024\/09\/28\/video-le-salio-caro-joven-muestra-cuanto-le-cobraron-en-restaurante-por-cargar-su-celular\/#primaryimage","url":"https:\/\/fuentesfidedignas.com.mx\/wp-content\/uploads\/2024\/09\/monto_carga_cel.jpg","contentUrl":"https:\/\/fuentesfidedignas.com.mx\/wp-content\/uploads\/2024\/09\/monto_carga_cel.jpg","width":650,"height":418},{"@type":"BreadcrumbList","@id":"https:\/\/fuentesfidedignas.com.mx\/index.php\/2024\/09\/28\/video-le-salio-caro-joven-muestra-cuanto-le-cobraron-en-restaurante-por-cargar-su-celular\/#breadcrumb","itemListElement":[{"@type":"ListItem","position":1,"name":"Inicio","item":"https:\/\/fuentesfidedignas.com.mx\/"},{"@type":"ListItem","position":2,"name":"VIDEO: \u00a1Le sali\u00f3 caro! Joven muestra cu\u00e1nto le cobraron en restaurante por cargar su celular"}]},{"@type":"WebSite","@id":"https:\/\/fuentesfidedignas.com.mx\/#website","url":"https:\/\/fuentesfidedignas.com.mx\/","name":"Fuentes Fidedignas","description":"Otro sitio realizado con WordPress","publisher":{"@id":"https:\/\/fuentesfidedignas.com.mx\/#organization"},"potentialAction":[{"@type":"SearchAction","target":{"@type":"EntryPoint","urlTemplate":"https:\/\/fuentesfidedignas.com.mx\/?s={search_term_string}"},"query-input":{"@type":"PropertyValueSpecification","valueRequired":true,"valueName":"search_term_string"}}],"inLanguage":"es"},{"@type":"Organization","@id":"https:\/\/fuentesfidedignas.com.mx\/#organization","name":"Fuentes Fidedignas","url":"https:\/\/fuentesfidedignas.com.mx\/","logo":{"@type":"ImageObject","inLanguage":"es","@id":"https:\/\/fuentesfidedignas.com.mx\/#\/schema\/logo\/image\/","url":"https:\/\/fuentesfidedignas.com.mx\/wp-content\/uploads\/2021\/04\/logo-retina.png","contentUrl":"https:\/\/fuentesfidedignas.com.mx\/wp-content\/uploads\/2021\/04\/logo-retina.png","width":280,"height":51,"caption":"Fuentes Fidedignas"},"image":{"@id":"https:\/\/fuentesfidedignas.com.mx\/#\/schema\/logo\/image\/"},"sameAs":["https:\/\/www.facebook.com\/Fuentes-Fidedignas-368234489921644","https:\/\/x.com\/fidedignas"]},{"@type":"Person","@id":"https:\/\/fuentesfidedignas.com.mx\/#\/schema\/person\/47ec0135738f4b0c7495f06a77a2c976","name":"Milenio","image":{"@type":"ImageObject","inLanguage":"es","@id":"https:\/\/secure.gravatar.com\/avatar\/acabf7b54753e51c2c76457954577c236b3b764789b19879565769739d1e4a75?s=96&d=mm&r=g","url":"https:\/\/secure.gravatar.com\/avatar\/acabf7b54753e51c2c76457954577c236b3b764789b19879565769739d1e4a75?s=96&d=mm&r=g","contentUrl":"https:\/\/secure.gravatar.com\/avatar\/acabf7b54753e51c2c76457954577c236b3b764789b19879565769739d1e4a75?s=96&d=mm&r=g","caption":"Milenio"},"url":"https:\/\/fuentesfidedignas.com.mx\/index.php\/author\/milenio\/"}]}},"_links":{"self":[{"href":"https:\/\/fuentesfidedignas.com.mx\/index.php\/wp-json\/wp\/v2\/posts\/92193","targetHints":{"allow":["GET"]}}],"collection":[{"href":"https:\/\/fuentesfidedignas.com.mx\/index.php\/wp-json\/wp\/v2\/posts"}],"about":[{"href":"https:\/\/fuentesfidedignas.com.mx\/index.php\/wp-json\/wp\/v2\/types\/post"}],"author":[{"embeddable":true,"href":"https:\/\/fuentesfidedignas.com.mx\/index.php\/wp-json\/wp\/v2\/users\/9"}],"replies":[{"embeddable":true,"href":"https:\/\/fuentesfidedignas.com.mx\/index.php\/wp-json\/wp\/v2\/comments?post=92193"}],"version-history":[{"count":1,"href":"https:\/\/fuentesfidedignas.com.mx\/index.php\/wp-json\/wp\/v2\/posts\/92193\/revisions"}],"predecessor-version":[{"id":92195,"href":"https:\/\/fuentesfidedignas.com.mx\/index.php\/wp-json\/wp\/v2\/posts\/92193\/revisions\/92195"}],"wp:featuredmedia":[{"embeddable":true,"href":"https:\/\/fuentesfidedignas.com.mx\/index.php\/wp-json\/wp\/v2\/media\/92194"}],"wp:attachment":[{"href":"https:\/\/fuentesfidedignas.com.mx\/index.php\/wp-json\/wp\/v2\/media?parent=92193"}],"wp:term":[{"taxonomy":"category","embeddable":true,"href":"https:\/\/fuentesfidedignas.com.mx\/index.php\/wp-json\/wp\/v2\/categories?post=92193"},{"taxonomy":"post_tag","embeddable":true,"href":"https:\/\/fuentesfidedignas.com.mx\/index.php\/wp-json\/wp\/v2\/tags?post=92193"}],"curies":[{"name":"wp","href":"https:\/\/api.w.org\/{rel}","templated":true}]}}