{"id":92190,"date":"2024-09-27T17:15:16","date_gmt":"2024-09-28T00:15:16","guid":{"rendered":"https:\/\/fuentesfidedignas.com.mx\/?p=92190"},"modified":"2024-09-27T17:15:19","modified_gmt":"2024-09-28T00:15:19","slug":"renuncia-gabriel-yorio-como-subsecretario-de-hacienda","status":"publish","type":"post","link":"https:\/\/fuentesfidedignas.com.mx\/index.php\/2024\/09\/27\/renuncia-gabriel-yorio-como-subsecretario-de-hacienda\/","title":{"rendered":"Renuncia Gabriel Yorio como subsecretario de Hacienda"},"content":{"rendered":"\n<p><strong><em>El ahora ex subsecretario de Hacienda estuvo en el cargo durante cinco a\u00f1os.<\/em><\/strong><\/p>\n\n\n\n<p>Gabriel Yorio Gonz\u00e1lez renunci\u00f3 como subsecretario de Hacienda y Cr\u00e9dito P\u00fablico (SHCP), confirman a MILENIO fuentes cercanas al nuevo gobierno federal y del sector privado, que coincidieron en que la salida es &#8220;inminente&#8221;, en las siguientes horas o d\u00edas.<\/p>\n\n\n\n<p>Gabriel Yorio,&nbsp;dej\u00f3 el cargo tras cinco a\u00f1os en la dependencia. Anteriormente, fue titular de la Unidad de Cr\u00e9dito P\u00fablico y encargado de la Unidad de Asuntos Internacionales de Hacienda (diciembre 2018 \u2013 agosto 2019).<\/p>\n\n\n\n<p>En su carrera profesional ha ocupado posiciones en el Banco Mundial, el Banco Nacional de Obras y Servicios P\u00fablicos y la Secretar\u00eda de Finanzas del gobierno de la Ciudad de M\u00e9xico.<\/p>\n\n\n\n<p>Por otro lado, las fuentes mencionan que tras la renuncia, el economista buscar\u00e1 un puesto en el&nbsp;Banco Internacional del Desarrollo&nbsp;(BID).<\/p>\n\n\n\n<p><strong>Claudia Sheimbaum confirma la renuncia de Yorio\u00a0<\/strong><\/p>\n\n\n\n<p>Tras la renuncia de Gabriel Yorio como subsecretario de Hacienda del actual gobierno, la presidenta electa Claudia Sheinbaum inform\u00f3 que ya tiene conocimiento de esta decisi\u00f3n.<\/p>\n\n\n\n<p>Tras salir de la entrega del acueducto y distrito de riego en Sonora, Sheinbaum se\u00f1al\u00f3 que, pr\u00f3ximamente informar\u00e1&nbsp; qui\u00e9n ser\u00e1 el equipo que tome lugar en esta dependencia.<\/p>\n\n\n\n<p>Asimismo, la doctora&nbsp;s\u00f3lo realiz\u00f3 un comentario&nbsp;al respecto de los cambios que tiene Yorio.<\/p>\n\n\n\n<p>&#8220;\u00c9l quiere ocupar un espacio internacional&#8221;, afirm\u00f3 la doctora Sheinbaum.<\/p>\n\n\n\n<p>Esta salida se da a pocos d\u00edas de que concluya la administraci\u00f3n del presidente Andr\u00e9s Manuel L\u00f3pez Obrador, y\u00a0en el contexto de que Rogelio Ram\u00edrez de la O continuar\u00e1 como titular de la Secretar\u00eda de Hacienda y Cr\u00e9dito P\u00fablico.<\/p>\n\n\n\n<p><strong>Ya se espera a su sucesor<\/strong><br>Ante la salida Yorio, se prev\u00e9 que sea el economista Edgar Amador quien tome el puesto de subsecretario de Hacienda.<\/p>\n\n\n\n<p>Amador fue titular de la Secretar\u00eda de Finanzas de la Ciudad de M\u00e9xico en el gobierno de Miguel \u00c1ngel Mancera, aunque el 24 de abril de 2018 con Jos\u00e9 Ram\u00f3n Amieva al frente de la capital present\u00f3 su renuncia.<\/p>\n\n\n\n<p>Originario de Monclova, Coahuila, el economista por la Universidad Nacional Aut\u00f3noma de M\u00e9xico (UNAM) con una maestr\u00eda en la misma rama por el Colegio de M\u00e9xico (Colmex), tambi\u00e9n ocup\u00f3 cargos en el lado privado y en diversos organismos, como en el Banco de M\u00e9xico (Banxico).<\/p>\n\n\n\n<p><strong>\u00bfQui\u00e9n es Gabriel Yorio?\u00a0<\/strong><\/p>\n\n\n\n<p>Gabriel Yorio Gonz\u00e1lez es licenciado en Econom\u00eda por el Instituto Tecnol\u00f3gico y de Estudios Superiores de Monterrey, Campus Monterrey; cuenta con una maestr\u00eda en econom\u00eda por el Colegio de M\u00e9xico y otra en Gesti\u00f3n de Pol\u00edticas P\u00fablicas por la Universidad de Georgetown en la Escuela McCourt de Pol\u00edticas P\u00fablicas.<\/p>\n\n\n\n<p>En el \u00e1mbito internacional, desde 2013, Gabriel Yorio fue especialista en Sector P\u00fablico en el Banco Mundial donde particip\u00f3 en m\u00e1s de 20 proyectos orientados a mejorar el desempe\u00f1o del sector p\u00fablico en m\u00e1s de 12 pa\u00edses en diferentes regiones del mundo.<\/p>\n\n\n\n<p>Previamente, en el Banco Nacional de Obras y Servicios P\u00fablicos, S.N.C, se desempe\u00f1\u00f3 como subdirector de Asistencia T\u00e9cnica y Financiera (2011 a 2013) y como gerente de Asesor\u00eda Crediticia y Financiera (2007 a 2011).<\/p>\n\n\n\n<p>Adicionalmente, en la Secretar\u00eda de Finanzas del Gobierno de la Ciudad de M\u00e9xico, Gabriel Yorio fue director de Deuda P\u00fablica (2004 a 2007) donde promovi\u00f3 el financiamiento de los sectores de la Ciudad de M\u00e9xico. En la misma instituci\u00f3n, se desempe\u00f1\u00f3 como director de Fondos, Operaciones y Custodia de Valores (2002 a 2004) y subdirector de Operaciones Financieras (2001 a 2002).<\/p>\n\n\n\n<p>Yorio Gonz\u00e1lez ocup\u00f3 el puesto como subsecretario de la dependencia desde agosto de 2019. Al tomar posesi\u00f3n se\u00f1al\u00f3 que trabajar\u00eda para fortalecer las finanzas p\u00fablicas y el sector financiero, incluyendo la estabilizaci\u00f3n del nivel de la deuda p\u00fablica, un manejo macro fiscal responsable y una pol\u00edtica fiscal equitativa, con el objetivo de lograr un desarrollo estable y un crecimiento incluyente.<\/p>\n","protected":false},"excerpt":{"rendered":"<p>El ahora ex subsecretario de Hacienda estuvo en el cargo durante cinco a\u00f1os. Gabriel Yorio Gonz\u00e1lez renunci\u00f3 como subsecretario de Hacienda y Cr\u00e9dito P\u00fablico (SHCP), confirman a MILENIO fuentes cercanas al nuevo gobierno federal y del sector privado, que coincidieron en que la salida es &#8220;inminente&#8221;, en las siguientes horas o d\u00edas. Gabriel Yorio,&nbsp;dej\u00f3 el [&hellip;]<\/p>\n","protected":false},"author":9,"featured_media":92191,"comment_status":"open","ping_status":"open","sticky":false,"template":"","format":"standard","meta":{"tdm_status":"","tdm_grid_status":"","footnotes":""},"categories":[39],"tags":[],"class_list":{"0":"post-92190","1":"post","2":"type-post","3":"status-publish","4":"format-standard","5":"has-post-thumbnail","7":"category-noticias-nacionales"},"yoast_head":"<!-- This site is optimized with the Yoast SEO plugin v27.5 - https:\/\/yoast.com\/product\/yoast-seo-wordpress\/ -->\n<title>Renuncia Gabriel Yorio como subsecretario de Hacienda - Fuentes Fidedignas<\/title>\n<meta name=\"robots\" content=\"index, follow, max-snippet:-1, max-image-preview:large, max-video-preview:-1\" \/>\n<link rel=\"canonical\" href=\"https:\/\/fuentesfidedignas.com.mx\/index.php\/2024\/09\/27\/renuncia-gabriel-yorio-como-subsecretario-de-hacienda\/\" \/>\n<meta property=\"og:locale\" content=\"es_MX\" \/>\n<meta property=\"og:type\" content=\"article\" \/>\n<meta property=\"og:title\" content=\"Renuncia Gabriel Yorio como subsecretario de Hacienda - Fuentes Fidedignas\" \/>\n<meta property=\"og:description\" content=\"El ahora ex subsecretario de Hacienda estuvo en el cargo durante cinco a\u00f1os. Gabriel Yorio Gonz\u00e1lez renunci\u00f3 como subsecretario de Hacienda y Cr\u00e9dito P\u00fablico (SHCP), confirman a MILENIO fuentes cercanas al nuevo gobierno federal y del sector privado, que coincidieron en que la salida es &#8220;inminente&#8221;, en las siguientes horas o d\u00edas. Gabriel Yorio,&nbsp;dej\u00f3 el [&hellip;]\" \/>\n<meta property=\"og:url\" content=\"https:\/\/fuentesfidedignas.com.mx\/index.php\/2024\/09\/27\/renuncia-gabriel-yorio-como-subsecretario-de-hacienda\/\" \/>\n<meta property=\"og:site_name\" content=\"Fuentes Fidedignas\" \/>\n<meta property=\"article:publisher\" content=\"https:\/\/www.facebook.com\/Fuentes-Fidedignas-368234489921644\" \/>\n<meta property=\"article:published_time\" content=\"2024-09-28T00:15:16+00:00\" \/>\n<meta property=\"article:modified_time\" content=\"2024-09-28T00:15:19+00:00\" \/>\n<meta property=\"og:image\" content=\"https:\/\/fuentesfidedignas.com.mx\/wp-content\/uploads\/2024\/09\/Gabriel-Yorio.jpg\" \/>\n\t<meta property=\"og:image:width\" content=\"650\" \/>\n\t<meta property=\"og:image:height\" content=\"363\" \/>\n\t<meta property=\"og:image:type\" content=\"image\/jpeg\" \/>\n<meta name=\"author\" content=\"Milenio\" \/>\n<meta name=\"twitter:card\" content=\"summary_large_image\" \/>\n<meta name=\"twitter:creator\" content=\"@fidedignas\" \/>\n<meta name=\"twitter:site\" content=\"@fidedignas\" \/>\n<meta name=\"twitter:label1\" content=\"Escrito por\" \/>\n\t<meta name=\"twitter:data1\" content=\"Milenio\" \/>\n\t<meta name=\"twitter:label2\" content=\"Tiempo de lectura\" \/>\n\t<meta name=\"twitter:data2\" content=\"4 minutos\" \/>\n<script type=\"application\/ld+json\" class=\"yoast-schema-graph\">{\"@context\":\"https:\\\/\\\/schema.org\",\"@graph\":[{\"@type\":\"Article\",\"@id\":\"https:\\\/\\\/fuentesfidedignas.com.mx\\\/index.php\\\/2024\\\/09\\\/27\\\/renuncia-gabriel-yorio-como-subsecretario-de-hacienda\\\/#article\",\"isPartOf\":{\"@id\":\"https:\\\/\\\/fuentesfidedignas.com.mx\\\/index.php\\\/2024\\\/09\\\/27\\\/renuncia-gabriel-yorio-como-subsecretario-de-hacienda\\\/\"},\"author\":{\"name\":\"Milenio\",\"@id\":\"https:\\\/\\\/fuentesfidedignas.com.mx\\\/#\\\/schema\\\/person\\\/47ec0135738f4b0c7495f06a77a2c976\"},\"headline\":\"Renuncia Gabriel Yorio como subsecretario de Hacienda\",\"datePublished\":\"2024-09-28T00:15:16+00:00\",\"dateModified\":\"2024-09-28T00:15:19+00:00\",\"mainEntityOfPage\":{\"@id\":\"https:\\\/\\\/fuentesfidedignas.com.mx\\\/index.php\\\/2024\\\/09\\\/27\\\/renuncia-gabriel-yorio-como-subsecretario-de-hacienda\\\/\"},\"wordCount\":689,\"commentCount\":0,\"publisher\":{\"@id\":\"https:\\\/\\\/fuentesfidedignas.com.mx\\\/#organization\"},\"image\":{\"@id\":\"https:\\\/\\\/fuentesfidedignas.com.mx\\\/index.php\\\/2024\\\/09\\\/27\\\/renuncia-gabriel-yorio-como-subsecretario-de-hacienda\\\/#primaryimage\"},\"thumbnailUrl\":\"https:\\\/\\\/fuentesfidedignas.com.mx\\\/wp-content\\\/uploads\\\/2024\\\/09\\\/Gabriel-Yorio.jpg\",\"articleSection\":[\"NOTICIAS NACIONALES\"],\"inLanguage\":\"es\",\"potentialAction\":[{\"@type\":\"CommentAction\",\"name\":\"Comment\",\"target\":[\"https:\\\/\\\/fuentesfidedignas.com.mx\\\/index.php\\\/2024\\\/09\\\/27\\\/renuncia-gabriel-yorio-como-subsecretario-de-hacienda\\\/#respond\"]}]},{\"@type\":\"WebPage\",\"@id\":\"https:\\\/\\\/fuentesfidedignas.com.mx\\\/index.php\\\/2024\\\/09\\\/27\\\/renuncia-gabriel-yorio-como-subsecretario-de-hacienda\\\/\",\"url\":\"https:\\\/\\\/fuentesfidedignas.com.mx\\\/index.php\\\/2024\\\/09\\\/27\\\/renuncia-gabriel-yorio-como-subsecretario-de-hacienda\\\/\",\"name\":\"Renuncia Gabriel Yorio como subsecretario de Hacienda - Fuentes Fidedignas\",\"isPartOf\":{\"@id\":\"https:\\\/\\\/fuentesfidedignas.com.mx\\\/#website\"},\"primaryImageOfPage\":{\"@id\":\"https:\\\/\\\/fuentesfidedignas.com.mx\\\/index.php\\\/2024\\\/09\\\/27\\\/renuncia-gabriel-yorio-como-subsecretario-de-hacienda\\\/#primaryimage\"},\"image\":{\"@id\":\"https:\\\/\\\/fuentesfidedignas.com.mx\\\/index.php\\\/2024\\\/09\\\/27\\\/renuncia-gabriel-yorio-como-subsecretario-de-hacienda\\\/#primaryimage\"},\"thumbnailUrl\":\"https:\\\/\\\/fuentesfidedignas.com.mx\\\/wp-content\\\/uploads\\\/2024\\\/09\\\/Gabriel-Yorio.jpg\",\"datePublished\":\"2024-09-28T00:15:16+00:00\",\"dateModified\":\"2024-09-28T00:15:19+00:00\",\"breadcrumb\":{\"@id\":\"https:\\\/\\\/fuentesfidedignas.com.mx\\\/index.php\\\/2024\\\/09\\\/27\\\/renuncia-gabriel-yorio-como-subsecretario-de-hacienda\\\/#breadcrumb\"},\"inLanguage\":\"es\",\"potentialAction\":[{\"@type\":\"ReadAction\",\"target\":[\"https:\\\/\\\/fuentesfidedignas.com.mx\\\/index.php\\\/2024\\\/09\\\/27\\\/renuncia-gabriel-yorio-como-subsecretario-de-hacienda\\\/\"]}]},{\"@type\":\"ImageObject\",\"inLanguage\":\"es\",\"@id\":\"https:\\\/\\\/fuentesfidedignas.com.mx\\\/index.php\\\/2024\\\/09\\\/27\\\/renuncia-gabriel-yorio-como-subsecretario-de-hacienda\\\/#primaryimage\",\"url\":\"https:\\\/\\\/fuentesfidedignas.com.mx\\\/wp-content\\\/uploads\\\/2024\\\/09\\\/Gabriel-Yorio.jpg\",\"contentUrl\":\"https:\\\/\\\/fuentesfidedignas.com.mx\\\/wp-content\\\/uploads\\\/2024\\\/09\\\/Gabriel-Yorio.jpg\",\"width\":650,\"height\":363},{\"@type\":\"BreadcrumbList\",\"@id\":\"https:\\\/\\\/fuentesfidedignas.com.mx\\\/index.php\\\/2024\\\/09\\\/27\\\/renuncia-gabriel-yorio-como-subsecretario-de-hacienda\\\/#breadcrumb\",\"itemListElement\":[{\"@type\":\"ListItem\",\"position\":1,\"name\":\"Inicio\",\"item\":\"https:\\\/\\\/fuentesfidedignas.com.mx\\\/\"},{\"@type\":\"ListItem\",\"position\":2,\"name\":\"Renuncia Gabriel Yorio como subsecretario de Hacienda\"}]},{\"@type\":\"WebSite\",\"@id\":\"https:\\\/\\\/fuentesfidedignas.com.mx\\\/#website\",\"url\":\"https:\\\/\\\/fuentesfidedignas.com.mx\\\/\",\"name\":\"Fuentes Fidedignas\",\"description\":\"Otro sitio realizado con WordPress\",\"publisher\":{\"@id\":\"https:\\\/\\\/fuentesfidedignas.com.mx\\\/#organization\"},\"potentialAction\":[{\"@type\":\"SearchAction\",\"target\":{\"@type\":\"EntryPoint\",\"urlTemplate\":\"https:\\\/\\\/fuentesfidedignas.com.mx\\\/?s={search_term_string}\"},\"query-input\":{\"@type\":\"PropertyValueSpecification\",\"valueRequired\":true,\"valueName\":\"search_term_string\"}}],\"inLanguage\":\"es\"},{\"@type\":\"Organization\",\"@id\":\"https:\\\/\\\/fuentesfidedignas.com.mx\\\/#organization\",\"name\":\"Fuentes Fidedignas\",\"url\":\"https:\\\/\\\/fuentesfidedignas.com.mx\\\/\",\"logo\":{\"@type\":\"ImageObject\",\"inLanguage\":\"es\",\"@id\":\"https:\\\/\\\/fuentesfidedignas.com.mx\\\/#\\\/schema\\\/logo\\\/image\\\/\",\"url\":\"https:\\\/\\\/fuentesfidedignas.com.mx\\\/wp-content\\\/uploads\\\/2021\\\/04\\\/logo-retina.png\",\"contentUrl\":\"https:\\\/\\\/fuentesfidedignas.com.mx\\\/wp-content\\\/uploads\\\/2021\\\/04\\\/logo-retina.png\",\"width\":280,\"height\":51,\"caption\":\"Fuentes Fidedignas\"},\"image\":{\"@id\":\"https:\\\/\\\/fuentesfidedignas.com.mx\\\/#\\\/schema\\\/logo\\\/image\\\/\"},\"sameAs\":[\"https:\\\/\\\/www.facebook.com\\\/Fuentes-Fidedignas-368234489921644\",\"https:\\\/\\\/x.com\\\/fidedignas\"]},{\"@type\":\"Person\",\"@id\":\"https:\\\/\\\/fuentesfidedignas.com.mx\\\/#\\\/schema\\\/person\\\/47ec0135738f4b0c7495f06a77a2c976\",\"name\":\"Milenio\",\"image\":{\"@type\":\"ImageObject\",\"inLanguage\":\"es\",\"@id\":\"https:\\\/\\\/secure.gravatar.com\\\/avatar\\\/acabf7b54753e51c2c76457954577c236b3b764789b19879565769739d1e4a75?s=96&d=mm&r=g\",\"url\":\"https:\\\/\\\/secure.gravatar.com\\\/avatar\\\/acabf7b54753e51c2c76457954577c236b3b764789b19879565769739d1e4a75?s=96&d=mm&r=g\",\"contentUrl\":\"https:\\\/\\\/secure.gravatar.com\\\/avatar\\\/acabf7b54753e51c2c76457954577c236b3b764789b19879565769739d1e4a75?s=96&d=mm&r=g\",\"caption\":\"Milenio\"},\"url\":\"https:\\\/\\\/fuentesfidedignas.com.mx\\\/index.php\\\/author\\\/milenio\\\/\"}]}<\/script>\n<!-- \/ Yoast SEO plugin. -->","yoast_head_json":{"title":"Renuncia Gabriel Yorio como subsecretario de Hacienda - Fuentes Fidedignas","robots":{"index":"index","follow":"follow","max-snippet":"max-snippet:-1","max-image-preview":"max-image-preview:large","max-video-preview":"max-video-preview:-1"},"canonical":"https:\/\/fuentesfidedignas.com.mx\/index.php\/2024\/09\/27\/renuncia-gabriel-yorio-como-subsecretario-de-hacienda\/","og_locale":"es_MX","og_type":"article","og_title":"Renuncia Gabriel Yorio como subsecretario de Hacienda - Fuentes Fidedignas","og_description":"El ahora ex subsecretario de Hacienda estuvo en el cargo durante cinco a\u00f1os. Gabriel Yorio Gonz\u00e1lez renunci\u00f3 como subsecretario de Hacienda y Cr\u00e9dito P\u00fablico (SHCP), confirman a MILENIO fuentes cercanas al nuevo gobierno federal y del sector privado, que coincidieron en que la salida es &#8220;inminente&#8221;, en las siguientes horas o d\u00edas. Gabriel Yorio,&nbsp;dej\u00f3 el [&hellip;]","og_url":"https:\/\/fuentesfidedignas.com.mx\/index.php\/2024\/09\/27\/renuncia-gabriel-yorio-como-subsecretario-de-hacienda\/","og_site_name":"Fuentes Fidedignas","article_publisher":"https:\/\/www.facebook.com\/Fuentes-Fidedignas-368234489921644","article_published_time":"2024-09-28T00:15:16+00:00","article_modified_time":"2024-09-28T00:15:19+00:00","og_image":[{"width":650,"height":363,"url":"https:\/\/fuentesfidedignas.com.mx\/wp-content\/uploads\/2024\/09\/Gabriel-Yorio.jpg","type":"image\/jpeg"}],"author":"Milenio","twitter_card":"summary_large_image","twitter_creator":"@fidedignas","twitter_site":"@fidedignas","twitter_misc":{"Escrito por":"Milenio","Tiempo de lectura":"4 minutos"},"schema":{"@context":"https:\/\/schema.org","@graph":[{"@type":"Article","@id":"https:\/\/fuentesfidedignas.com.mx\/index.php\/2024\/09\/27\/renuncia-gabriel-yorio-como-subsecretario-de-hacienda\/#article","isPartOf":{"@id":"https:\/\/fuentesfidedignas.com.mx\/index.php\/2024\/09\/27\/renuncia-gabriel-yorio-como-subsecretario-de-hacienda\/"},"author":{"name":"Milenio","@id":"https:\/\/fuentesfidedignas.com.mx\/#\/schema\/person\/47ec0135738f4b0c7495f06a77a2c976"},"headline":"Renuncia Gabriel Yorio como subsecretario de Hacienda","datePublished":"2024-09-28T00:15:16+00:00","dateModified":"2024-09-28T00:15:19+00:00","mainEntityOfPage":{"@id":"https:\/\/fuentesfidedignas.com.mx\/index.php\/2024\/09\/27\/renuncia-gabriel-yorio-como-subsecretario-de-hacienda\/"},"wordCount":689,"commentCount":0,"publisher":{"@id":"https:\/\/fuentesfidedignas.com.mx\/#organization"},"image":{"@id":"https:\/\/fuentesfidedignas.com.mx\/index.php\/2024\/09\/27\/renuncia-gabriel-yorio-como-subsecretario-de-hacienda\/#primaryimage"},"thumbnailUrl":"https:\/\/fuentesfidedignas.com.mx\/wp-content\/uploads\/2024\/09\/Gabriel-Yorio.jpg","articleSection":["NOTICIAS NACIONALES"],"inLanguage":"es","potentialAction":[{"@type":"CommentAction","name":"Comment","target":["https:\/\/fuentesfidedignas.com.mx\/index.php\/2024\/09\/27\/renuncia-gabriel-yorio-como-subsecretario-de-hacienda\/#respond"]}]},{"@type":"WebPage","@id":"https:\/\/fuentesfidedignas.com.mx\/index.php\/2024\/09\/27\/renuncia-gabriel-yorio-como-subsecretario-de-hacienda\/","url":"https:\/\/fuentesfidedignas.com.mx\/index.php\/2024\/09\/27\/renuncia-gabriel-yorio-como-subsecretario-de-hacienda\/","name":"Renuncia Gabriel Yorio como subsecretario de Hacienda - Fuentes Fidedignas","isPartOf":{"@id":"https:\/\/fuentesfidedignas.com.mx\/#website"},"primaryImageOfPage":{"@id":"https:\/\/fuentesfidedignas.com.mx\/index.php\/2024\/09\/27\/renuncia-gabriel-yorio-como-subsecretario-de-hacienda\/#primaryimage"},"image":{"@id":"https:\/\/fuentesfidedignas.com.mx\/index.php\/2024\/09\/27\/renuncia-gabriel-yorio-como-subsecretario-de-hacienda\/#primaryimage"},"thumbnailUrl":"https:\/\/fuentesfidedignas.com.mx\/wp-content\/uploads\/2024\/09\/Gabriel-Yorio.jpg","datePublished":"2024-09-28T00:15:16+00:00","dateModified":"2024-09-28T00:15:19+00:00","breadcrumb":{"@id":"https:\/\/fuentesfidedignas.com.mx\/index.php\/2024\/09\/27\/renuncia-gabriel-yorio-como-subsecretario-de-hacienda\/#breadcrumb"},"inLanguage":"es","potentialAction":[{"@type":"ReadAction","target":["https:\/\/fuentesfidedignas.com.mx\/index.php\/2024\/09\/27\/renuncia-gabriel-yorio-como-subsecretario-de-hacienda\/"]}]},{"@type":"ImageObject","inLanguage":"es","@id":"https:\/\/fuentesfidedignas.com.mx\/index.php\/2024\/09\/27\/renuncia-gabriel-yorio-como-subsecretario-de-hacienda\/#primaryimage","url":"https:\/\/fuentesfidedignas.com.mx\/wp-content\/uploads\/2024\/09\/Gabriel-Yorio.jpg","contentUrl":"https:\/\/fuentesfidedignas.com.mx\/wp-content\/uploads\/2024\/09\/Gabriel-Yorio.jpg","width":650,"height":363},{"@type":"BreadcrumbList","@id":"https:\/\/fuentesfidedignas.com.mx\/index.php\/2024\/09\/27\/renuncia-gabriel-yorio-como-subsecretario-de-hacienda\/#breadcrumb","itemListElement":[{"@type":"ListItem","position":1,"name":"Inicio","item":"https:\/\/fuentesfidedignas.com.mx\/"},{"@type":"ListItem","position":2,"name":"Renuncia Gabriel Yorio como subsecretario de Hacienda"}]},{"@type":"WebSite","@id":"https:\/\/fuentesfidedignas.com.mx\/#website","url":"https:\/\/fuentesfidedignas.com.mx\/","name":"Fuentes Fidedignas","description":"Otro sitio realizado con WordPress","publisher":{"@id":"https:\/\/fuentesfidedignas.com.mx\/#organization"},"potentialAction":[{"@type":"SearchAction","target":{"@type":"EntryPoint","urlTemplate":"https:\/\/fuentesfidedignas.com.mx\/?s={search_term_string}"},"query-input":{"@type":"PropertyValueSpecification","valueRequired":true,"valueName":"search_term_string"}}],"inLanguage":"es"},{"@type":"Organization","@id":"https:\/\/fuentesfidedignas.com.mx\/#organization","name":"Fuentes Fidedignas","url":"https:\/\/fuentesfidedignas.com.mx\/","logo":{"@type":"ImageObject","inLanguage":"es","@id":"https:\/\/fuentesfidedignas.com.mx\/#\/schema\/logo\/image\/","url":"https:\/\/fuentesfidedignas.com.mx\/wp-content\/uploads\/2021\/04\/logo-retina.png","contentUrl":"https:\/\/fuentesfidedignas.com.mx\/wp-content\/uploads\/2021\/04\/logo-retina.png","width":280,"height":51,"caption":"Fuentes Fidedignas"},"image":{"@id":"https:\/\/fuentesfidedignas.com.mx\/#\/schema\/logo\/image\/"},"sameAs":["https:\/\/www.facebook.com\/Fuentes-Fidedignas-368234489921644","https:\/\/x.com\/fidedignas"]},{"@type":"Person","@id":"https:\/\/fuentesfidedignas.com.mx\/#\/schema\/person\/47ec0135738f4b0c7495f06a77a2c976","name":"Milenio","image":{"@type":"ImageObject","inLanguage":"es","@id":"https:\/\/secure.gravatar.com\/avatar\/acabf7b54753e51c2c76457954577c236b3b764789b19879565769739d1e4a75?s=96&d=mm&r=g","url":"https:\/\/secure.gravatar.com\/avatar\/acabf7b54753e51c2c76457954577c236b3b764789b19879565769739d1e4a75?s=96&d=mm&r=g","contentUrl":"https:\/\/secure.gravatar.com\/avatar\/acabf7b54753e51c2c76457954577c236b3b764789b19879565769739d1e4a75?s=96&d=mm&r=g","caption":"Milenio"},"url":"https:\/\/fuentesfidedignas.com.mx\/index.php\/author\/milenio\/"}]}},"_links":{"self":[{"href":"https:\/\/fuentesfidedignas.com.mx\/index.php\/wp-json\/wp\/v2\/posts\/92190","targetHints":{"allow":["GET"]}}],"collection":[{"href":"https:\/\/fuentesfidedignas.com.mx\/index.php\/wp-json\/wp\/v2\/posts"}],"about":[{"href":"https:\/\/fuentesfidedignas.com.mx\/index.php\/wp-json\/wp\/v2\/types\/post"}],"author":[{"embeddable":true,"href":"https:\/\/fuentesfidedignas.com.mx\/index.php\/wp-json\/wp\/v2\/users\/9"}],"replies":[{"embeddable":true,"href":"https:\/\/fuentesfidedignas.com.mx\/index.php\/wp-json\/wp\/v2\/comments?post=92190"}],"version-history":[{"count":1,"href":"https:\/\/fuentesfidedignas.com.mx\/index.php\/wp-json\/wp\/v2\/posts\/92190\/revisions"}],"predecessor-version":[{"id":92192,"href":"https:\/\/fuentesfidedignas.com.mx\/index.php\/wp-json\/wp\/v2\/posts\/92190\/revisions\/92192"}],"wp:featuredmedia":[{"embeddable":true,"href":"https:\/\/fuentesfidedignas.com.mx\/index.php\/wp-json\/wp\/v2\/media\/92191"}],"wp:attachment":[{"href":"https:\/\/fuentesfidedignas.com.mx\/index.php\/wp-json\/wp\/v2\/media?parent=92190"}],"wp:term":[{"taxonomy":"category","embeddable":true,"href":"https:\/\/fuentesfidedignas.com.mx\/index.php\/wp-json\/wp\/v2\/categories?post=92190"},{"taxonomy":"post_tag","embeddable":true,"href":"https:\/\/fuentesfidedignas.com.mx\/index.php\/wp-json\/wp\/v2\/tags?post=92190"}],"curies":[{"name":"wp","href":"https:\/\/api.w.org\/{rel}","templated":true}]}}