{"id":92119,"date":"2024-09-26T18:32:31","date_gmt":"2024-09-27T01:32:31","guid":{"rendered":"https:\/\/fuentesfidedignas.com.mx\/?p=92119"},"modified":"2024-09-27T08:15:31","modified_gmt":"2024-09-27T15:15:31","slug":"violencia-en-la-durango-mazatlan-reportan-bloqueos-y-quema-de-traileres","status":"publish","type":"post","link":"https:\/\/fuentesfidedignas.com.mx\/index.php\/2024\/09\/26\/violencia-en-la-durango-mazatlan-reportan-bloqueos-y-quema-de-traileres\/","title":{"rendered":"Violencia en la Durango-Mazatl\u00e1n: Reportan bloqueos y quema de tr\u00e1ileres"},"content":{"rendered":"\n<p><strong>Se reportan enfrentamientos entre personas de distintas organizaciones criminales.<\/strong><\/p>\n\n\n\n<p>La autopista Durango-Mazatl\u00e1n, a la altura del kil\u00f3metro 168, se encuentra bloqueada tras varios incidentes violentos que se registraron en las \u00faltimas horas.&nbsp;<\/p>\n\n\n\n<p>Presuntos grupos armados incendiaron tr\u00e1ileres y dejaron artefactos poncha llantas, lo que ha provocado el cierre del tramo.<\/p>\n\n\n\n<p>Seg\u00fan reportes de&nbsp;Caminos y Puentes Federales (Capufe)&nbsp;, los incidentes han sido atendido por las autoridades y se mantienen trabajos para reabrir por completo la v\u00eda.<\/p>\n\n\n\n<p>El bloqueo ha sido prolongado luego de que se localizaran dos personas muertas en la zona, lo que ha intensificado la presencia de autoridades en el \u00e1rea para investigar los hechos y restablecer la seguridad en la regi\u00f3n.<\/p>\n\n\n\n<blockquote class=\"twitter-tweet\"><p lang=\"es\" dir=\"ltr\"><a href=\"https:\/\/twitter.com\/hashtag\/%C3%9AltimaHora?src=hash&amp;ref_src=twsrc%5Etfw\">#\u00daltimaHora<\/a> | \ud83d\udea8 La autopista <a href=\"https:\/\/twitter.com\/hashtag\/Mazatl%C3%A1n?src=hash&amp;ref_src=twsrc%5Etfw\">#Mazatl\u00e1n<\/a> &#8211; <a href=\"https:\/\/twitter.com\/hashtag\/Durango?src=hash&amp;ref_src=twsrc%5Etfw\">#Durango<\/a> se encuentra cerrada tras enfrentamientos y bloqueos de grupos armados.<br><br>\ud83d\udce2\ud83d\udc47 Veh\u00edculos fueron incendiados cerca de la caseta <a href=\"https:\/\/twitter.com\/hashtag\/Coscomate?src=hash&amp;ref_src=twsrc%5Etfw\">#Coscomate<\/a> y dos cuerpos fueron localizados en el t\u00fanel &quot;El Sinaloense&quot;. \ud83d\udccc <a href=\"https:\/\/t.co\/1rEF9memqG\">pic.twitter.com\/1rEF9memqG<\/a><\/p>&mdash; Paralelo19\ud83c\udf10 (@Paralelo19MX_) <a href=\"https:\/\/twitter.com\/Paralelo19MX_\/status\/1839457835307938287?ref_src=twsrc%5Etfw\">September 27, 2024<\/a><\/blockquote> <script async src=\"https:\/\/platform.twitter.com\/widgets.js\" charset=\"utf-8\"><\/script>\n\n\n\n<p>Horas antes, en el municipio de Concordia, se registr\u00f3 un enfrentamiento entre grupos rivales que dej\u00f3 un saldo de siete personas muertas en el lugar y dos heridos graves. Uno de los heridos falleci\u00f3 despu\u00e9s de recibir atenci\u00f3n m\u00e9dica, lo que elev\u00f3 el n\u00famero de v\u00edctimas a ocho.<\/p>\n\n\n\n<p><strong>\u00daltimos bloqueos en la\u00a0Durango-Mazatl\u00e1n<\/strong><br>El 15 de septiembre, Capufe\u00a0cerr\u00f3 la supercarretera Durango-Mazatl\u00e1n a la altura del kil\u00f3metro 216 ya del lado de Sinaloa, por bloqueos. De manera extraoficial se supo que por la carretera libre se habr\u00edan cerrado los dos carriles para impedir la circulaci\u00f3n.<\/p>\n\n\n\n<p>Pero en el caso de la supercarretera Durango-Mazatl\u00e1n, fue la cuenta de X aproximadamente a la 13:06 horas emiti\u00f3 el comunicado en el que advert\u00eda que se encontraba cerrada la ruta.<\/p>\n\n\n\n<p>Por lo que se solicitaba paciencia para los viajeros, adem\u00e1s que ser\u00eda la guardia nacional la que se encargar\u00eda de la situaci\u00f3n.<\/p>\n\n\n\n<p>Cabe mencionar que el jueves por la noche sucedi\u00f3 lo mismo en el t\u00fanel el Sinaloense, en que se quemaron un par de tractocamiones en ambos sentidos de la r\u00faa. Incluso que se habr\u00eda suspendido el trabajo de los empleados de las casetas por su propia seguridad.<\/p>\n\n\n\n<p>A lo largo del fin de semana, comenz\u00f3 a circular informaci\u00f3n que los municipios de Canelas y Topia habr\u00eda de suspender los festejos patrios por razones de prevenci\u00f3n, lo que los municipios de San Dimas y Tamazula habr\u00edan informado lo mismo, como medida de seguridad por los hechos sucedidos en Sinaloa.<\/p>\n\n\n\n<p>En este sentido, autoridades estatales han mencionado, tanto el Gobernador Esteban Villegas, la fiscal Sonia Yadira de la Garza, y el secretario de Seguridad P\u00fablica, que el estado se mantiene seguro, y que se encuentra blindado de la incursi\u00f3n de grupos del crimen organizado.<\/p>\n\n\n\n<p>Adem\u00e1s, que se reforzaron las zonas que se consideraban podr\u00edan prevenirse como en el caso de San Dimas.<\/p>\n","protected":false},"excerpt":{"rendered":"<p>Se reportan enfrentamientos entre personas de distintas organizaciones criminales. La autopista Durango-Mazatl\u00e1n, a la altura del kil\u00f3metro 168, se encuentra bloqueada tras varios incidentes violentos que se registraron en las \u00faltimas horas.&nbsp; Presuntos grupos armados incendiaron tr\u00e1ileres y dejaron artefactos poncha llantas, lo que ha provocado el cierre del tramo. Seg\u00fan reportes de&nbsp;Caminos y Puentes [&hellip;]<\/p>\n","protected":false},"author":9,"featured_media":92120,"comment_status":"open","ping_status":"open","sticky":false,"template":"","format":"standard","meta":{"tdm_status":"","tdm_grid_status":"","footnotes":""},"categories":[38],"tags":[],"class_list":{"0":"post-92119","1":"post","2":"type-post","3":"status-publish","4":"format-standard","5":"has-post-thumbnail","7":"category-noticias-locales"},"yoast_head":"<!-- This site is optimized with the Yoast SEO plugin v27.5 - https:\/\/yoast.com\/product\/yoast-seo-wordpress\/ -->\n<title>Violencia en la Durango-Mazatl\u00e1n: Reportan bloqueos y quema de tr\u00e1ileres - Fuentes Fidedignas<\/title>\n<meta name=\"robots\" content=\"index, follow, max-snippet:-1, max-image-preview:large, max-video-preview:-1\" \/>\n<link rel=\"canonical\" href=\"https:\/\/fuentesfidedignas.com.mx\/index.php\/2024\/09\/26\/violencia-en-la-durango-mazatlan-reportan-bloqueos-y-quema-de-traileres\/\" \/>\n<meta property=\"og:locale\" content=\"es_MX\" \/>\n<meta property=\"og:type\" content=\"article\" \/>\n<meta property=\"og:title\" content=\"Violencia en la Durango-Mazatl\u00e1n: Reportan bloqueos y quema de tr\u00e1ileres - Fuentes Fidedignas\" \/>\n<meta property=\"og:description\" content=\"Se reportan enfrentamientos entre personas de distintas organizaciones criminales. La autopista Durango-Mazatl\u00e1n, a la altura del kil\u00f3metro 168, se encuentra bloqueada tras varios incidentes violentos que se registraron en las \u00faltimas horas.&nbsp; Presuntos grupos armados incendiaron tr\u00e1ileres y dejaron artefactos poncha llantas, lo que ha provocado el cierre del tramo. Seg\u00fan reportes de&nbsp;Caminos y Puentes [&hellip;]\" \/>\n<meta property=\"og:url\" content=\"https:\/\/fuentesfidedignas.com.mx\/index.php\/2024\/09\/26\/violencia-en-la-durango-mazatlan-reportan-bloqueos-y-quema-de-traileres\/\" \/>\n<meta property=\"og:site_name\" content=\"Fuentes Fidedignas\" \/>\n<meta property=\"article:publisher\" content=\"https:\/\/www.facebook.com\/Fuentes-Fidedignas-368234489921644\" \/>\n<meta property=\"article:published_time\" content=\"2024-09-27T01:32:31+00:00\" \/>\n<meta property=\"article:modified_time\" content=\"2024-09-27T15:15:31+00:00\" \/>\n<meta property=\"og:image\" content=\"https:\/\/fuentesfidedignas.com.mx\/wp-content\/uploads\/2024\/09\/elsinaloense_bloqueado.jpg\" \/>\n\t<meta property=\"og:image:width\" content=\"650\" \/>\n\t<meta property=\"og:image:height\" content=\"362\" \/>\n\t<meta property=\"og:image:type\" content=\"image\/jpeg\" \/>\n<meta name=\"author\" content=\"Milenio\" \/>\n<meta name=\"twitter:card\" content=\"summary_large_image\" \/>\n<meta name=\"twitter:creator\" content=\"@fidedignas\" \/>\n<meta name=\"twitter:site\" content=\"@fidedignas\" \/>\n<meta name=\"twitter:label1\" content=\"Escrito por\" \/>\n\t<meta name=\"twitter:data1\" content=\"Milenio\" \/>\n\t<meta name=\"twitter:label2\" content=\"Tiempo de lectura\" \/>\n\t<meta name=\"twitter:data2\" content=\"3 minutos\" \/>\n<script type=\"application\/ld+json\" class=\"yoast-schema-graph\">{\"@context\":\"https:\\\/\\\/schema.org\",\"@graph\":[{\"@type\":\"Article\",\"@id\":\"https:\\\/\\\/fuentesfidedignas.com.mx\\\/index.php\\\/2024\\\/09\\\/26\\\/violencia-en-la-durango-mazatlan-reportan-bloqueos-y-quema-de-traileres\\\/#article\",\"isPartOf\":{\"@id\":\"https:\\\/\\\/fuentesfidedignas.com.mx\\\/index.php\\\/2024\\\/09\\\/26\\\/violencia-en-la-durango-mazatlan-reportan-bloqueos-y-quema-de-traileres\\\/\"},\"author\":{\"name\":\"Milenio\",\"@id\":\"https:\\\/\\\/fuentesfidedignas.com.mx\\\/#\\\/schema\\\/person\\\/47ec0135738f4b0c7495f06a77a2c976\"},\"headline\":\"Violencia en la Durango-Mazatl\u00e1n: Reportan bloqueos y quema de tr\u00e1ileres\",\"datePublished\":\"2024-09-27T01:32:31+00:00\",\"dateModified\":\"2024-09-27T15:15:31+00:00\",\"mainEntityOfPage\":{\"@id\":\"https:\\\/\\\/fuentesfidedignas.com.mx\\\/index.php\\\/2024\\\/09\\\/26\\\/violencia-en-la-durango-mazatlan-reportan-bloqueos-y-quema-de-traileres\\\/\"},\"wordCount\":515,\"commentCount\":0,\"publisher\":{\"@id\":\"https:\\\/\\\/fuentesfidedignas.com.mx\\\/#organization\"},\"image\":{\"@id\":\"https:\\\/\\\/fuentesfidedignas.com.mx\\\/index.php\\\/2024\\\/09\\\/26\\\/violencia-en-la-durango-mazatlan-reportan-bloqueos-y-quema-de-traileres\\\/#primaryimage\"},\"thumbnailUrl\":\"https:\\\/\\\/fuentesfidedignas.com.mx\\\/wp-content\\\/uploads\\\/2024\\\/09\\\/elsinaloense_bloqueado.jpg\",\"articleSection\":[\"NOTICIAS LOCALES\"],\"inLanguage\":\"es\",\"potentialAction\":[{\"@type\":\"CommentAction\",\"name\":\"Comment\",\"target\":[\"https:\\\/\\\/fuentesfidedignas.com.mx\\\/index.php\\\/2024\\\/09\\\/26\\\/violencia-en-la-durango-mazatlan-reportan-bloqueos-y-quema-de-traileres\\\/#respond\"]}]},{\"@type\":\"WebPage\",\"@id\":\"https:\\\/\\\/fuentesfidedignas.com.mx\\\/index.php\\\/2024\\\/09\\\/26\\\/violencia-en-la-durango-mazatlan-reportan-bloqueos-y-quema-de-traileres\\\/\",\"url\":\"https:\\\/\\\/fuentesfidedignas.com.mx\\\/index.php\\\/2024\\\/09\\\/26\\\/violencia-en-la-durango-mazatlan-reportan-bloqueos-y-quema-de-traileres\\\/\",\"name\":\"Violencia en la Durango-Mazatl\u00e1n: Reportan bloqueos y quema de tr\u00e1ileres - Fuentes Fidedignas\",\"isPartOf\":{\"@id\":\"https:\\\/\\\/fuentesfidedignas.com.mx\\\/#website\"},\"primaryImageOfPage\":{\"@id\":\"https:\\\/\\\/fuentesfidedignas.com.mx\\\/index.php\\\/2024\\\/09\\\/26\\\/violencia-en-la-durango-mazatlan-reportan-bloqueos-y-quema-de-traileres\\\/#primaryimage\"},\"image\":{\"@id\":\"https:\\\/\\\/fuentesfidedignas.com.mx\\\/index.php\\\/2024\\\/09\\\/26\\\/violencia-en-la-durango-mazatlan-reportan-bloqueos-y-quema-de-traileres\\\/#primaryimage\"},\"thumbnailUrl\":\"https:\\\/\\\/fuentesfidedignas.com.mx\\\/wp-content\\\/uploads\\\/2024\\\/09\\\/elsinaloense_bloqueado.jpg\",\"datePublished\":\"2024-09-27T01:32:31+00:00\",\"dateModified\":\"2024-09-27T15:15:31+00:00\",\"breadcrumb\":{\"@id\":\"https:\\\/\\\/fuentesfidedignas.com.mx\\\/index.php\\\/2024\\\/09\\\/26\\\/violencia-en-la-durango-mazatlan-reportan-bloqueos-y-quema-de-traileres\\\/#breadcrumb\"},\"inLanguage\":\"es\",\"potentialAction\":[{\"@type\":\"ReadAction\",\"target\":[\"https:\\\/\\\/fuentesfidedignas.com.mx\\\/index.php\\\/2024\\\/09\\\/26\\\/violencia-en-la-durango-mazatlan-reportan-bloqueos-y-quema-de-traileres\\\/\"]}]},{\"@type\":\"ImageObject\",\"inLanguage\":\"es\",\"@id\":\"https:\\\/\\\/fuentesfidedignas.com.mx\\\/index.php\\\/2024\\\/09\\\/26\\\/violencia-en-la-durango-mazatlan-reportan-bloqueos-y-quema-de-traileres\\\/#primaryimage\",\"url\":\"https:\\\/\\\/fuentesfidedignas.com.mx\\\/wp-content\\\/uploads\\\/2024\\\/09\\\/elsinaloense_bloqueado.jpg\",\"contentUrl\":\"https:\\\/\\\/fuentesfidedignas.com.mx\\\/wp-content\\\/uploads\\\/2024\\\/09\\\/elsinaloense_bloqueado.jpg\",\"width\":650,\"height\":362},{\"@type\":\"BreadcrumbList\",\"@id\":\"https:\\\/\\\/fuentesfidedignas.com.mx\\\/index.php\\\/2024\\\/09\\\/26\\\/violencia-en-la-durango-mazatlan-reportan-bloqueos-y-quema-de-traileres\\\/#breadcrumb\",\"itemListElement\":[{\"@type\":\"ListItem\",\"position\":1,\"name\":\"Inicio\",\"item\":\"https:\\\/\\\/fuentesfidedignas.com.mx\\\/\"},{\"@type\":\"ListItem\",\"position\":2,\"name\":\"Violencia en la Durango-Mazatl\u00e1n: Reportan bloqueos y quema de tr\u00e1ileres\"}]},{\"@type\":\"WebSite\",\"@id\":\"https:\\\/\\\/fuentesfidedignas.com.mx\\\/#website\",\"url\":\"https:\\\/\\\/fuentesfidedignas.com.mx\\\/\",\"name\":\"Fuentes Fidedignas\",\"description\":\"Otro sitio realizado con WordPress\",\"publisher\":{\"@id\":\"https:\\\/\\\/fuentesfidedignas.com.mx\\\/#organization\"},\"potentialAction\":[{\"@type\":\"SearchAction\",\"target\":{\"@type\":\"EntryPoint\",\"urlTemplate\":\"https:\\\/\\\/fuentesfidedignas.com.mx\\\/?s={search_term_string}\"},\"query-input\":{\"@type\":\"PropertyValueSpecification\",\"valueRequired\":true,\"valueName\":\"search_term_string\"}}],\"inLanguage\":\"es\"},{\"@type\":\"Organization\",\"@id\":\"https:\\\/\\\/fuentesfidedignas.com.mx\\\/#organization\",\"name\":\"Fuentes Fidedignas\",\"url\":\"https:\\\/\\\/fuentesfidedignas.com.mx\\\/\",\"logo\":{\"@type\":\"ImageObject\",\"inLanguage\":\"es\",\"@id\":\"https:\\\/\\\/fuentesfidedignas.com.mx\\\/#\\\/schema\\\/logo\\\/image\\\/\",\"url\":\"https:\\\/\\\/fuentesfidedignas.com.mx\\\/wp-content\\\/uploads\\\/2021\\\/04\\\/logo-retina.png\",\"contentUrl\":\"https:\\\/\\\/fuentesfidedignas.com.mx\\\/wp-content\\\/uploads\\\/2021\\\/04\\\/logo-retina.png\",\"width\":280,\"height\":51,\"caption\":\"Fuentes Fidedignas\"},\"image\":{\"@id\":\"https:\\\/\\\/fuentesfidedignas.com.mx\\\/#\\\/schema\\\/logo\\\/image\\\/\"},\"sameAs\":[\"https:\\\/\\\/www.facebook.com\\\/Fuentes-Fidedignas-368234489921644\",\"https:\\\/\\\/x.com\\\/fidedignas\"]},{\"@type\":\"Person\",\"@id\":\"https:\\\/\\\/fuentesfidedignas.com.mx\\\/#\\\/schema\\\/person\\\/47ec0135738f4b0c7495f06a77a2c976\",\"name\":\"Milenio\",\"image\":{\"@type\":\"ImageObject\",\"inLanguage\":\"es\",\"@id\":\"https:\\\/\\\/secure.gravatar.com\\\/avatar\\\/acabf7b54753e51c2c76457954577c236b3b764789b19879565769739d1e4a75?s=96&d=mm&r=g\",\"url\":\"https:\\\/\\\/secure.gravatar.com\\\/avatar\\\/acabf7b54753e51c2c76457954577c236b3b764789b19879565769739d1e4a75?s=96&d=mm&r=g\",\"contentUrl\":\"https:\\\/\\\/secure.gravatar.com\\\/avatar\\\/acabf7b54753e51c2c76457954577c236b3b764789b19879565769739d1e4a75?s=96&d=mm&r=g\",\"caption\":\"Milenio\"},\"url\":\"https:\\\/\\\/fuentesfidedignas.com.mx\\\/index.php\\\/author\\\/milenio\\\/\"}]}<\/script>\n<!-- \/ Yoast SEO plugin. -->","yoast_head_json":{"title":"Violencia en la Durango-Mazatl\u00e1n: Reportan bloqueos y quema de tr\u00e1ileres - Fuentes Fidedignas","robots":{"index":"index","follow":"follow","max-snippet":"max-snippet:-1","max-image-preview":"max-image-preview:large","max-video-preview":"max-video-preview:-1"},"canonical":"https:\/\/fuentesfidedignas.com.mx\/index.php\/2024\/09\/26\/violencia-en-la-durango-mazatlan-reportan-bloqueos-y-quema-de-traileres\/","og_locale":"es_MX","og_type":"article","og_title":"Violencia en la Durango-Mazatl\u00e1n: Reportan bloqueos y quema de tr\u00e1ileres - Fuentes Fidedignas","og_description":"Se reportan enfrentamientos entre personas de distintas organizaciones criminales. La autopista Durango-Mazatl\u00e1n, a la altura del kil\u00f3metro 168, se encuentra bloqueada tras varios incidentes violentos que se registraron en las \u00faltimas horas.&nbsp; Presuntos grupos armados incendiaron tr\u00e1ileres y dejaron artefactos poncha llantas, lo que ha provocado el cierre del tramo. Seg\u00fan reportes de&nbsp;Caminos y Puentes [&hellip;]","og_url":"https:\/\/fuentesfidedignas.com.mx\/index.php\/2024\/09\/26\/violencia-en-la-durango-mazatlan-reportan-bloqueos-y-quema-de-traileres\/","og_site_name":"Fuentes Fidedignas","article_publisher":"https:\/\/www.facebook.com\/Fuentes-Fidedignas-368234489921644","article_published_time":"2024-09-27T01:32:31+00:00","article_modified_time":"2024-09-27T15:15:31+00:00","og_image":[{"width":650,"height":362,"url":"https:\/\/fuentesfidedignas.com.mx\/wp-content\/uploads\/2024\/09\/elsinaloense_bloqueado.jpg","type":"image\/jpeg"}],"author":"Milenio","twitter_card":"summary_large_image","twitter_creator":"@fidedignas","twitter_site":"@fidedignas","twitter_misc":{"Escrito por":"Milenio","Tiempo de lectura":"3 minutos"},"schema":{"@context":"https:\/\/schema.org","@graph":[{"@type":"Article","@id":"https:\/\/fuentesfidedignas.com.mx\/index.php\/2024\/09\/26\/violencia-en-la-durango-mazatlan-reportan-bloqueos-y-quema-de-traileres\/#article","isPartOf":{"@id":"https:\/\/fuentesfidedignas.com.mx\/index.php\/2024\/09\/26\/violencia-en-la-durango-mazatlan-reportan-bloqueos-y-quema-de-traileres\/"},"author":{"name":"Milenio","@id":"https:\/\/fuentesfidedignas.com.mx\/#\/schema\/person\/47ec0135738f4b0c7495f06a77a2c976"},"headline":"Violencia en la Durango-Mazatl\u00e1n: Reportan bloqueos y quema de tr\u00e1ileres","datePublished":"2024-09-27T01:32:31+00:00","dateModified":"2024-09-27T15:15:31+00:00","mainEntityOfPage":{"@id":"https:\/\/fuentesfidedignas.com.mx\/index.php\/2024\/09\/26\/violencia-en-la-durango-mazatlan-reportan-bloqueos-y-quema-de-traileres\/"},"wordCount":515,"commentCount":0,"publisher":{"@id":"https:\/\/fuentesfidedignas.com.mx\/#organization"},"image":{"@id":"https:\/\/fuentesfidedignas.com.mx\/index.php\/2024\/09\/26\/violencia-en-la-durango-mazatlan-reportan-bloqueos-y-quema-de-traileres\/#primaryimage"},"thumbnailUrl":"https:\/\/fuentesfidedignas.com.mx\/wp-content\/uploads\/2024\/09\/elsinaloense_bloqueado.jpg","articleSection":["NOTICIAS LOCALES"],"inLanguage":"es","potentialAction":[{"@type":"CommentAction","name":"Comment","target":["https:\/\/fuentesfidedignas.com.mx\/index.php\/2024\/09\/26\/violencia-en-la-durango-mazatlan-reportan-bloqueos-y-quema-de-traileres\/#respond"]}]},{"@type":"WebPage","@id":"https:\/\/fuentesfidedignas.com.mx\/index.php\/2024\/09\/26\/violencia-en-la-durango-mazatlan-reportan-bloqueos-y-quema-de-traileres\/","url":"https:\/\/fuentesfidedignas.com.mx\/index.php\/2024\/09\/26\/violencia-en-la-durango-mazatlan-reportan-bloqueos-y-quema-de-traileres\/","name":"Violencia en la Durango-Mazatl\u00e1n: Reportan bloqueos y quema de tr\u00e1ileres - Fuentes Fidedignas","isPartOf":{"@id":"https:\/\/fuentesfidedignas.com.mx\/#website"},"primaryImageOfPage":{"@id":"https:\/\/fuentesfidedignas.com.mx\/index.php\/2024\/09\/26\/violencia-en-la-durango-mazatlan-reportan-bloqueos-y-quema-de-traileres\/#primaryimage"},"image":{"@id":"https:\/\/fuentesfidedignas.com.mx\/index.php\/2024\/09\/26\/violencia-en-la-durango-mazatlan-reportan-bloqueos-y-quema-de-traileres\/#primaryimage"},"thumbnailUrl":"https:\/\/fuentesfidedignas.com.mx\/wp-content\/uploads\/2024\/09\/elsinaloense_bloqueado.jpg","datePublished":"2024-09-27T01:32:31+00:00","dateModified":"2024-09-27T15:15:31+00:00","breadcrumb":{"@id":"https:\/\/fuentesfidedignas.com.mx\/index.php\/2024\/09\/26\/violencia-en-la-durango-mazatlan-reportan-bloqueos-y-quema-de-traileres\/#breadcrumb"},"inLanguage":"es","potentialAction":[{"@type":"ReadAction","target":["https:\/\/fuentesfidedignas.com.mx\/index.php\/2024\/09\/26\/violencia-en-la-durango-mazatlan-reportan-bloqueos-y-quema-de-traileres\/"]}]},{"@type":"ImageObject","inLanguage":"es","@id":"https:\/\/fuentesfidedignas.com.mx\/index.php\/2024\/09\/26\/violencia-en-la-durango-mazatlan-reportan-bloqueos-y-quema-de-traileres\/#primaryimage","url":"https:\/\/fuentesfidedignas.com.mx\/wp-content\/uploads\/2024\/09\/elsinaloense_bloqueado.jpg","contentUrl":"https:\/\/fuentesfidedignas.com.mx\/wp-content\/uploads\/2024\/09\/elsinaloense_bloqueado.jpg","width":650,"height":362},{"@type":"BreadcrumbList","@id":"https:\/\/fuentesfidedignas.com.mx\/index.php\/2024\/09\/26\/violencia-en-la-durango-mazatlan-reportan-bloqueos-y-quema-de-traileres\/#breadcrumb","itemListElement":[{"@type":"ListItem","position":1,"name":"Inicio","item":"https:\/\/fuentesfidedignas.com.mx\/"},{"@type":"ListItem","position":2,"name":"Violencia en la Durango-Mazatl\u00e1n: Reportan bloqueos y quema de tr\u00e1ileres"}]},{"@type":"WebSite","@id":"https:\/\/fuentesfidedignas.com.mx\/#website","url":"https:\/\/fuentesfidedignas.com.mx\/","name":"Fuentes Fidedignas","description":"Otro sitio realizado con WordPress","publisher":{"@id":"https:\/\/fuentesfidedignas.com.mx\/#organization"},"potentialAction":[{"@type":"SearchAction","target":{"@type":"EntryPoint","urlTemplate":"https:\/\/fuentesfidedignas.com.mx\/?s={search_term_string}"},"query-input":{"@type":"PropertyValueSpecification","valueRequired":true,"valueName":"search_term_string"}}],"inLanguage":"es"},{"@type":"Organization","@id":"https:\/\/fuentesfidedignas.com.mx\/#organization","name":"Fuentes Fidedignas","url":"https:\/\/fuentesfidedignas.com.mx\/","logo":{"@type":"ImageObject","inLanguage":"es","@id":"https:\/\/fuentesfidedignas.com.mx\/#\/schema\/logo\/image\/","url":"https:\/\/fuentesfidedignas.com.mx\/wp-content\/uploads\/2021\/04\/logo-retina.png","contentUrl":"https:\/\/fuentesfidedignas.com.mx\/wp-content\/uploads\/2021\/04\/logo-retina.png","width":280,"height":51,"caption":"Fuentes Fidedignas"},"image":{"@id":"https:\/\/fuentesfidedignas.com.mx\/#\/schema\/logo\/image\/"},"sameAs":["https:\/\/www.facebook.com\/Fuentes-Fidedignas-368234489921644","https:\/\/x.com\/fidedignas"]},{"@type":"Person","@id":"https:\/\/fuentesfidedignas.com.mx\/#\/schema\/person\/47ec0135738f4b0c7495f06a77a2c976","name":"Milenio","image":{"@type":"ImageObject","inLanguage":"es","@id":"https:\/\/secure.gravatar.com\/avatar\/acabf7b54753e51c2c76457954577c236b3b764789b19879565769739d1e4a75?s=96&d=mm&r=g","url":"https:\/\/secure.gravatar.com\/avatar\/acabf7b54753e51c2c76457954577c236b3b764789b19879565769739d1e4a75?s=96&d=mm&r=g","contentUrl":"https:\/\/secure.gravatar.com\/avatar\/acabf7b54753e51c2c76457954577c236b3b764789b19879565769739d1e4a75?s=96&d=mm&r=g","caption":"Milenio"},"url":"https:\/\/fuentesfidedignas.com.mx\/index.php\/author\/milenio\/"}]}},"_links":{"self":[{"href":"https:\/\/fuentesfidedignas.com.mx\/index.php\/wp-json\/wp\/v2\/posts\/92119","targetHints":{"allow":["GET"]}}],"collection":[{"href":"https:\/\/fuentesfidedignas.com.mx\/index.php\/wp-json\/wp\/v2\/posts"}],"about":[{"href":"https:\/\/fuentesfidedignas.com.mx\/index.php\/wp-json\/wp\/v2\/types\/post"}],"author":[{"embeddable":true,"href":"https:\/\/fuentesfidedignas.com.mx\/index.php\/wp-json\/wp\/v2\/users\/9"}],"replies":[{"embeddable":true,"href":"https:\/\/fuentesfidedignas.com.mx\/index.php\/wp-json\/wp\/v2\/comments?post=92119"}],"version-history":[{"count":1,"href":"https:\/\/fuentesfidedignas.com.mx\/index.php\/wp-json\/wp\/v2\/posts\/92119\/revisions"}],"predecessor-version":[{"id":92121,"href":"https:\/\/fuentesfidedignas.com.mx\/index.php\/wp-json\/wp\/v2\/posts\/92119\/revisions\/92121"}],"wp:featuredmedia":[{"embeddable":true,"href":"https:\/\/fuentesfidedignas.com.mx\/index.php\/wp-json\/wp\/v2\/media\/92120"}],"wp:attachment":[{"href":"https:\/\/fuentesfidedignas.com.mx\/index.php\/wp-json\/wp\/v2\/media?parent=92119"}],"wp:term":[{"taxonomy":"category","embeddable":true,"href":"https:\/\/fuentesfidedignas.com.mx\/index.php\/wp-json\/wp\/v2\/categories?post=92119"},{"taxonomy":"post_tag","embeddable":true,"href":"https:\/\/fuentesfidedignas.com.mx\/index.php\/wp-json\/wp\/v2\/tags?post=92119"}],"curies":[{"name":"wp","href":"https:\/\/api.w.org\/{rel}","templated":true}]}}