{"id":92110,"date":"2024-09-27T04:10:00","date_gmt":"2024-09-27T11:10:00","guid":{"rendered":"https:\/\/fuentesfidedignas.com.mx\/?p=92110"},"modified":"2024-09-26T17:14:39","modified_gmt":"2024-09-27T00:14:39","slug":"video-joven-revela-que-tiene-a-su-asaltante-de-fondo-de-pantalla-por-si-se-lo-encuentra","status":"publish","type":"post","link":"https:\/\/fuentesfidedignas.com.mx\/index.php\/2024\/09\/27\/video-joven-revela-que-tiene-a-su-asaltante-de-fondo-de-pantalla-por-si-se-lo-encuentra\/","title":{"rendered":"VIDEO: Joven revela que tiene a su asaltante de fondo de pantalla &#8220;por si se lo encuentra&#8221;"},"content":{"rendered":"\n<p><strong><em>Fue un tiktoker quien se aventur\u00f3 a buscar el fondo de pantalla m\u00e1s raro.<\/em><\/strong><\/p>\n\n\n\n<p>Los tel\u00e9fonos celulares se han convertido en una extensi\u00f3n de nuestro cuerpo. Ahora, en pleno 2024, ya se hace imposible imaginar nuestra vida y tareas cotidianas sin nuestro fiel acompa\u00f1ante, es por eso que cada uno de nosotros trata de personalizar el propio para que nos represente a la perfecci\u00f3n.<\/p>\n\n\n\n<p>Y una de las cosas que m\u00e1s habla de nosotros dentro del tel\u00e9fono es el fondo de pantalla que ponemos. Sin embargo, muchas veces \u00e9ste suele ser bastante raro, este fue el caso de un joven que decidi\u00f3 poner una foto de un extra\u00f1o como el fondo de pantalla de iPhone.<\/p>\n\n\n\n<p><strong>Joven revela que tiene a su asaltante de fondo de pantalla<\/strong><br>Fue en un video del usuario llamado El Coust, en TikTok, en donde subi\u00f3 un video en el que iba en busca del fondo de pantalla m\u00e1s bonito, pero tambi\u00e9n del m\u00e1s raro.<\/p>\n\n\n\n<p>Su b\u00fasqueda lleg\u00f3 a su fin cuando se encontr\u00f3 con un hombre que ten\u00eda el rostro de su asaltante como el fondo de su celular.\u00a0<\/p>\n\n\n\n<p>Este joven explic\u00f3 que la foto logr\u00f3 obtenerla gracias a las diferentes c\u00e1maras de video del lugar en donde fue v\u00edctima de este delito. Todo esto lo hizo por si llega el momento de que se lo encuentre caminando por la calle.&nbsp;<\/p>\n\n\n\n<p>&#8220;Est\u00e1 un poco raro. Es que es el wey que me asalt\u00f3 apenas. Lo consegu\u00ed con las c\u00e1maras de las personas esta foto y por si me lo llego a encontrar pues me lo puse de fondo&#8221;, explic\u00f3.&nbsp;<\/p>\n\n\n\n<blockquote class=\"tiktok-embed\" cite=\"https:\/\/www.tiktok.com\/@elcoust\/video\/7416927575873801477\" data-video-id=\"7416927575873801477\" style=\"max-width: 605px;min-width: 325px;\" > <section> <a target=\"_blank\" title=\"@elcoust\" href=\"https:\/\/www.tiktok.com\/@elcoust?refer=embed\" rel=\"noopener\">@elcoust<\/a> \u00bfTu FONDO de PANTALLA es BONITO o RARO? \ud83d\ude33 <a title=\"fondosdepantalla\" target=\"_blank\" href=\"https:\/\/www.tiktok.com\/tag\/fondosdepantalla?refer=embed\" rel=\"noopener\">#fondosdepantalla<\/a> <a title=\"fondos\" target=\"_blank\" href=\"https:\/\/www.tiktok.com\/tag\/fondos?refer=embed\" rel=\"noopener\">#fondos<\/a> <a title=\"funnygames\" target=\"_blank\" href=\"https:\/\/www.tiktok.com\/tag\/funnygames?refer=embed\" rel=\"noopener\">#funnygames<\/a> <a title=\"juegos\" target=\"_blank\" href=\"https:\/\/www.tiktok.com\/tag\/juegos?refer=embed\" rel=\"noopener\">#juegos<\/a> <a target=\"_blank\" title=\"\u266c sonido original  - Costa\" href=\"https:\/\/www.tiktok.com\/music\/sonido-original-Costa-7416927592712653573?refer=embed\" rel=\"noopener\">\u266c sonido original  &#8211; Costa<\/a> <\/section> <\/blockquote> <script async src=\"https:\/\/www.tiktok.com\/embed.js\"><\/script>\n\n\n\n<p>Adem\u00e1s, dijo que aquel hombre, que ahora todav\u00eda se encuentra en libertad, le rob\u00f3 su cartera por lo que el d\u00eda que lo encuentre piensa interceptarlo para que le pueda devolver sus cosas.&nbsp;<\/p>\n\n\n\n<p>&#8220;Es que s\u00ed me sac\u00f3 mi cartera. Lo traigo para reconocerlo y a ver si me regresa mis cosas&#8221;, termin\u00f3.\u00a0<\/p>\n","protected":false},"excerpt":{"rendered":"<p>Fue un tiktoker quien se aventur\u00f3 a buscar el fondo de pantalla m\u00e1s raro. Los tel\u00e9fonos celulares se han convertido en una extensi\u00f3n de nuestro cuerpo. Ahora, en pleno 2024, ya se hace imposible imaginar nuestra vida y tareas cotidianas sin nuestro fiel acompa\u00f1ante, es por eso que cada uno de nosotros trata de personalizar [&hellip;]<\/p>\n","protected":false},"author":9,"featured_media":92111,"comment_status":"open","ping_status":"open","sticky":false,"template":"","format":"standard","meta":{"tdm_status":"","tdm_grid_status":"","footnotes":""},"categories":[40],"tags":[],"class_list":{"0":"post-92110","1":"post","2":"type-post","3":"status-publish","4":"format-standard","5":"has-post-thumbnail","7":"category-las-asombrosas"},"yoast_head":"<!-- This site is optimized with the Yoast SEO plugin v27.5 - https:\/\/yoast.com\/product\/yoast-seo-wordpress\/ -->\n<title>VIDEO: Joven revela que tiene a su asaltante de fondo de pantalla &quot;por si se lo encuentra&quot; - Fuentes Fidedignas<\/title>\n<meta name=\"robots\" content=\"index, follow, max-snippet:-1, max-image-preview:large, max-video-preview:-1\" \/>\n<link rel=\"canonical\" href=\"https:\/\/fuentesfidedignas.com.mx\/index.php\/2024\/09\/27\/video-joven-revela-que-tiene-a-su-asaltante-de-fondo-de-pantalla-por-si-se-lo-encuentra\/\" \/>\n<meta property=\"og:locale\" content=\"es_MX\" \/>\n<meta property=\"og:type\" content=\"article\" \/>\n<meta property=\"og:title\" content=\"VIDEO: Joven revela que tiene a su asaltante de fondo de pantalla &quot;por si se lo encuentra&quot; - Fuentes Fidedignas\" \/>\n<meta property=\"og:description\" content=\"Fue un tiktoker quien se aventur\u00f3 a buscar el fondo de pantalla m\u00e1s raro. Los tel\u00e9fonos celulares se han convertido en una extensi\u00f3n de nuestro cuerpo. Ahora, en pleno 2024, ya se hace imposible imaginar nuestra vida y tareas cotidianas sin nuestro fiel acompa\u00f1ante, es por eso que cada uno de nosotros trata de personalizar [&hellip;]\" \/>\n<meta property=\"og:url\" content=\"https:\/\/fuentesfidedignas.com.mx\/index.php\/2024\/09\/27\/video-joven-revela-que-tiene-a-su-asaltante-de-fondo-de-pantalla-por-si-se-lo-encuentra\/\" \/>\n<meta property=\"og:site_name\" content=\"Fuentes Fidedignas\" \/>\n<meta property=\"article:publisher\" content=\"https:\/\/www.facebook.com\/Fuentes-Fidedignas-368234489921644\" \/>\n<meta property=\"article:published_time\" content=\"2024-09-27T11:10:00+00:00\" \/>\n<meta property=\"og:image\" content=\"https:\/\/fuentesfidedignas.com.mx\/wp-content\/uploads\/2024\/09\/pantalla_celraro.jpg\" \/>\n\t<meta property=\"og:image:width\" content=\"650\" \/>\n\t<meta property=\"og:image:height\" content=\"414\" \/>\n\t<meta property=\"og:image:type\" content=\"image\/jpeg\" \/>\n<meta name=\"author\" content=\"Milenio\" \/>\n<meta name=\"twitter:card\" content=\"summary_large_image\" \/>\n<meta name=\"twitter:creator\" content=\"@fidedignas\" \/>\n<meta name=\"twitter:site\" content=\"@fidedignas\" \/>\n<meta name=\"twitter:label1\" content=\"Escrito por\" \/>\n\t<meta name=\"twitter:data1\" content=\"Milenio\" \/>\n\t<meta name=\"twitter:label2\" content=\"Tiempo de lectura\" \/>\n\t<meta name=\"twitter:data2\" content=\"2 minutos\" \/>\n<script type=\"application\/ld+json\" class=\"yoast-schema-graph\">{\"@context\":\"https:\\\/\\\/schema.org\",\"@graph\":[{\"@type\":\"Article\",\"@id\":\"https:\\\/\\\/fuentesfidedignas.com.mx\\\/index.php\\\/2024\\\/09\\\/27\\\/video-joven-revela-que-tiene-a-su-asaltante-de-fondo-de-pantalla-por-si-se-lo-encuentra\\\/#article\",\"isPartOf\":{\"@id\":\"https:\\\/\\\/fuentesfidedignas.com.mx\\\/index.php\\\/2024\\\/09\\\/27\\\/video-joven-revela-que-tiene-a-su-asaltante-de-fondo-de-pantalla-por-si-se-lo-encuentra\\\/\"},\"author\":{\"name\":\"Milenio\",\"@id\":\"https:\\\/\\\/fuentesfidedignas.com.mx\\\/#\\\/schema\\\/person\\\/47ec0135738f4b0c7495f06a77a2c976\"},\"headline\":\"VIDEO: Joven revela que tiene a su asaltante de fondo de pantalla &#8220;por si se lo encuentra&#8221;\",\"datePublished\":\"2024-09-27T11:10:00+00:00\",\"mainEntityOfPage\":{\"@id\":\"https:\\\/\\\/fuentesfidedignas.com.mx\\\/index.php\\\/2024\\\/09\\\/27\\\/video-joven-revela-que-tiene-a-su-asaltante-de-fondo-de-pantalla-por-si-se-lo-encuentra\\\/\"},\"wordCount\":372,\"commentCount\":0,\"publisher\":{\"@id\":\"https:\\\/\\\/fuentesfidedignas.com.mx\\\/#organization\"},\"image\":{\"@id\":\"https:\\\/\\\/fuentesfidedignas.com.mx\\\/index.php\\\/2024\\\/09\\\/27\\\/video-joven-revela-que-tiene-a-su-asaltante-de-fondo-de-pantalla-por-si-se-lo-encuentra\\\/#primaryimage\"},\"thumbnailUrl\":\"https:\\\/\\\/fuentesfidedignas.com.mx\\\/wp-content\\\/uploads\\\/2024\\\/09\\\/pantalla_celraro.jpg\",\"articleSection\":[\"LAS ASOMBROSAS\"],\"inLanguage\":\"es\",\"potentialAction\":[{\"@type\":\"CommentAction\",\"name\":\"Comment\",\"target\":[\"https:\\\/\\\/fuentesfidedignas.com.mx\\\/index.php\\\/2024\\\/09\\\/27\\\/video-joven-revela-que-tiene-a-su-asaltante-de-fondo-de-pantalla-por-si-se-lo-encuentra\\\/#respond\"]}]},{\"@type\":\"WebPage\",\"@id\":\"https:\\\/\\\/fuentesfidedignas.com.mx\\\/index.php\\\/2024\\\/09\\\/27\\\/video-joven-revela-que-tiene-a-su-asaltante-de-fondo-de-pantalla-por-si-se-lo-encuentra\\\/\",\"url\":\"https:\\\/\\\/fuentesfidedignas.com.mx\\\/index.php\\\/2024\\\/09\\\/27\\\/video-joven-revela-que-tiene-a-su-asaltante-de-fondo-de-pantalla-por-si-se-lo-encuentra\\\/\",\"name\":\"VIDEO: Joven revela que tiene a su asaltante de fondo de pantalla \\\"por si se lo encuentra\\\" - Fuentes Fidedignas\",\"isPartOf\":{\"@id\":\"https:\\\/\\\/fuentesfidedignas.com.mx\\\/#website\"},\"primaryImageOfPage\":{\"@id\":\"https:\\\/\\\/fuentesfidedignas.com.mx\\\/index.php\\\/2024\\\/09\\\/27\\\/video-joven-revela-que-tiene-a-su-asaltante-de-fondo-de-pantalla-por-si-se-lo-encuentra\\\/#primaryimage\"},\"image\":{\"@id\":\"https:\\\/\\\/fuentesfidedignas.com.mx\\\/index.php\\\/2024\\\/09\\\/27\\\/video-joven-revela-que-tiene-a-su-asaltante-de-fondo-de-pantalla-por-si-se-lo-encuentra\\\/#primaryimage\"},\"thumbnailUrl\":\"https:\\\/\\\/fuentesfidedignas.com.mx\\\/wp-content\\\/uploads\\\/2024\\\/09\\\/pantalla_celraro.jpg\",\"datePublished\":\"2024-09-27T11:10:00+00:00\",\"breadcrumb\":{\"@id\":\"https:\\\/\\\/fuentesfidedignas.com.mx\\\/index.php\\\/2024\\\/09\\\/27\\\/video-joven-revela-que-tiene-a-su-asaltante-de-fondo-de-pantalla-por-si-se-lo-encuentra\\\/#breadcrumb\"},\"inLanguage\":\"es\",\"potentialAction\":[{\"@type\":\"ReadAction\",\"target\":[\"https:\\\/\\\/fuentesfidedignas.com.mx\\\/index.php\\\/2024\\\/09\\\/27\\\/video-joven-revela-que-tiene-a-su-asaltante-de-fondo-de-pantalla-por-si-se-lo-encuentra\\\/\"]}]},{\"@type\":\"ImageObject\",\"inLanguage\":\"es\",\"@id\":\"https:\\\/\\\/fuentesfidedignas.com.mx\\\/index.php\\\/2024\\\/09\\\/27\\\/video-joven-revela-que-tiene-a-su-asaltante-de-fondo-de-pantalla-por-si-se-lo-encuentra\\\/#primaryimage\",\"url\":\"https:\\\/\\\/fuentesfidedignas.com.mx\\\/wp-content\\\/uploads\\\/2024\\\/09\\\/pantalla_celraro.jpg\",\"contentUrl\":\"https:\\\/\\\/fuentesfidedignas.com.mx\\\/wp-content\\\/uploads\\\/2024\\\/09\\\/pantalla_celraro.jpg\",\"width\":650,\"height\":414},{\"@type\":\"BreadcrumbList\",\"@id\":\"https:\\\/\\\/fuentesfidedignas.com.mx\\\/index.php\\\/2024\\\/09\\\/27\\\/video-joven-revela-que-tiene-a-su-asaltante-de-fondo-de-pantalla-por-si-se-lo-encuentra\\\/#breadcrumb\",\"itemListElement\":[{\"@type\":\"ListItem\",\"position\":1,\"name\":\"Inicio\",\"item\":\"https:\\\/\\\/fuentesfidedignas.com.mx\\\/\"},{\"@type\":\"ListItem\",\"position\":2,\"name\":\"VIDEO: Joven revela que tiene a su asaltante de fondo de pantalla &#8220;por si se lo encuentra&#8221;\"}]},{\"@type\":\"WebSite\",\"@id\":\"https:\\\/\\\/fuentesfidedignas.com.mx\\\/#website\",\"url\":\"https:\\\/\\\/fuentesfidedignas.com.mx\\\/\",\"name\":\"Fuentes Fidedignas\",\"description\":\"Otro sitio realizado con WordPress\",\"publisher\":{\"@id\":\"https:\\\/\\\/fuentesfidedignas.com.mx\\\/#organization\"},\"potentialAction\":[{\"@type\":\"SearchAction\",\"target\":{\"@type\":\"EntryPoint\",\"urlTemplate\":\"https:\\\/\\\/fuentesfidedignas.com.mx\\\/?s={search_term_string}\"},\"query-input\":{\"@type\":\"PropertyValueSpecification\",\"valueRequired\":true,\"valueName\":\"search_term_string\"}}],\"inLanguage\":\"es\"},{\"@type\":\"Organization\",\"@id\":\"https:\\\/\\\/fuentesfidedignas.com.mx\\\/#organization\",\"name\":\"Fuentes Fidedignas\",\"url\":\"https:\\\/\\\/fuentesfidedignas.com.mx\\\/\",\"logo\":{\"@type\":\"ImageObject\",\"inLanguage\":\"es\",\"@id\":\"https:\\\/\\\/fuentesfidedignas.com.mx\\\/#\\\/schema\\\/logo\\\/image\\\/\",\"url\":\"https:\\\/\\\/fuentesfidedignas.com.mx\\\/wp-content\\\/uploads\\\/2021\\\/04\\\/logo-retina.png\",\"contentUrl\":\"https:\\\/\\\/fuentesfidedignas.com.mx\\\/wp-content\\\/uploads\\\/2021\\\/04\\\/logo-retina.png\",\"width\":280,\"height\":51,\"caption\":\"Fuentes Fidedignas\"},\"image\":{\"@id\":\"https:\\\/\\\/fuentesfidedignas.com.mx\\\/#\\\/schema\\\/logo\\\/image\\\/\"},\"sameAs\":[\"https:\\\/\\\/www.facebook.com\\\/Fuentes-Fidedignas-368234489921644\",\"https:\\\/\\\/x.com\\\/fidedignas\"]},{\"@type\":\"Person\",\"@id\":\"https:\\\/\\\/fuentesfidedignas.com.mx\\\/#\\\/schema\\\/person\\\/47ec0135738f4b0c7495f06a77a2c976\",\"name\":\"Milenio\",\"image\":{\"@type\":\"ImageObject\",\"inLanguage\":\"es\",\"@id\":\"https:\\\/\\\/secure.gravatar.com\\\/avatar\\\/acabf7b54753e51c2c76457954577c236b3b764789b19879565769739d1e4a75?s=96&d=mm&r=g\",\"url\":\"https:\\\/\\\/secure.gravatar.com\\\/avatar\\\/acabf7b54753e51c2c76457954577c236b3b764789b19879565769739d1e4a75?s=96&d=mm&r=g\",\"contentUrl\":\"https:\\\/\\\/secure.gravatar.com\\\/avatar\\\/acabf7b54753e51c2c76457954577c236b3b764789b19879565769739d1e4a75?s=96&d=mm&r=g\",\"caption\":\"Milenio\"},\"url\":\"https:\\\/\\\/fuentesfidedignas.com.mx\\\/index.php\\\/author\\\/milenio\\\/\"}]}<\/script>\n<!-- \/ Yoast SEO plugin. -->","yoast_head_json":{"title":"VIDEO: Joven revela que tiene a su asaltante de fondo de pantalla \"por si se lo encuentra\" - Fuentes Fidedignas","robots":{"index":"index","follow":"follow","max-snippet":"max-snippet:-1","max-image-preview":"max-image-preview:large","max-video-preview":"max-video-preview:-1"},"canonical":"https:\/\/fuentesfidedignas.com.mx\/index.php\/2024\/09\/27\/video-joven-revela-que-tiene-a-su-asaltante-de-fondo-de-pantalla-por-si-se-lo-encuentra\/","og_locale":"es_MX","og_type":"article","og_title":"VIDEO: Joven revela que tiene a su asaltante de fondo de pantalla \"por si se lo encuentra\" - Fuentes Fidedignas","og_description":"Fue un tiktoker quien se aventur\u00f3 a buscar el fondo de pantalla m\u00e1s raro. Los tel\u00e9fonos celulares se han convertido en una extensi\u00f3n de nuestro cuerpo. Ahora, en pleno 2024, ya se hace imposible imaginar nuestra vida y tareas cotidianas sin nuestro fiel acompa\u00f1ante, es por eso que cada uno de nosotros trata de personalizar [&hellip;]","og_url":"https:\/\/fuentesfidedignas.com.mx\/index.php\/2024\/09\/27\/video-joven-revela-que-tiene-a-su-asaltante-de-fondo-de-pantalla-por-si-se-lo-encuentra\/","og_site_name":"Fuentes Fidedignas","article_publisher":"https:\/\/www.facebook.com\/Fuentes-Fidedignas-368234489921644","article_published_time":"2024-09-27T11:10:00+00:00","og_image":[{"width":650,"height":414,"url":"https:\/\/fuentesfidedignas.com.mx\/wp-content\/uploads\/2024\/09\/pantalla_celraro.jpg","type":"image\/jpeg"}],"author":"Milenio","twitter_card":"summary_large_image","twitter_creator":"@fidedignas","twitter_site":"@fidedignas","twitter_misc":{"Escrito por":"Milenio","Tiempo de lectura":"2 minutos"},"schema":{"@context":"https:\/\/schema.org","@graph":[{"@type":"Article","@id":"https:\/\/fuentesfidedignas.com.mx\/index.php\/2024\/09\/27\/video-joven-revela-que-tiene-a-su-asaltante-de-fondo-de-pantalla-por-si-se-lo-encuentra\/#article","isPartOf":{"@id":"https:\/\/fuentesfidedignas.com.mx\/index.php\/2024\/09\/27\/video-joven-revela-que-tiene-a-su-asaltante-de-fondo-de-pantalla-por-si-se-lo-encuentra\/"},"author":{"name":"Milenio","@id":"https:\/\/fuentesfidedignas.com.mx\/#\/schema\/person\/47ec0135738f4b0c7495f06a77a2c976"},"headline":"VIDEO: Joven revela que tiene a su asaltante de fondo de pantalla &#8220;por si se lo encuentra&#8221;","datePublished":"2024-09-27T11:10:00+00:00","mainEntityOfPage":{"@id":"https:\/\/fuentesfidedignas.com.mx\/index.php\/2024\/09\/27\/video-joven-revela-que-tiene-a-su-asaltante-de-fondo-de-pantalla-por-si-se-lo-encuentra\/"},"wordCount":372,"commentCount":0,"publisher":{"@id":"https:\/\/fuentesfidedignas.com.mx\/#organization"},"image":{"@id":"https:\/\/fuentesfidedignas.com.mx\/index.php\/2024\/09\/27\/video-joven-revela-que-tiene-a-su-asaltante-de-fondo-de-pantalla-por-si-se-lo-encuentra\/#primaryimage"},"thumbnailUrl":"https:\/\/fuentesfidedignas.com.mx\/wp-content\/uploads\/2024\/09\/pantalla_celraro.jpg","articleSection":["LAS ASOMBROSAS"],"inLanguage":"es","potentialAction":[{"@type":"CommentAction","name":"Comment","target":["https:\/\/fuentesfidedignas.com.mx\/index.php\/2024\/09\/27\/video-joven-revela-que-tiene-a-su-asaltante-de-fondo-de-pantalla-por-si-se-lo-encuentra\/#respond"]}]},{"@type":"WebPage","@id":"https:\/\/fuentesfidedignas.com.mx\/index.php\/2024\/09\/27\/video-joven-revela-que-tiene-a-su-asaltante-de-fondo-de-pantalla-por-si-se-lo-encuentra\/","url":"https:\/\/fuentesfidedignas.com.mx\/index.php\/2024\/09\/27\/video-joven-revela-que-tiene-a-su-asaltante-de-fondo-de-pantalla-por-si-se-lo-encuentra\/","name":"VIDEO: Joven revela que tiene a su asaltante de fondo de pantalla \"por si se lo encuentra\" - Fuentes Fidedignas","isPartOf":{"@id":"https:\/\/fuentesfidedignas.com.mx\/#website"},"primaryImageOfPage":{"@id":"https:\/\/fuentesfidedignas.com.mx\/index.php\/2024\/09\/27\/video-joven-revela-que-tiene-a-su-asaltante-de-fondo-de-pantalla-por-si-se-lo-encuentra\/#primaryimage"},"image":{"@id":"https:\/\/fuentesfidedignas.com.mx\/index.php\/2024\/09\/27\/video-joven-revela-que-tiene-a-su-asaltante-de-fondo-de-pantalla-por-si-se-lo-encuentra\/#primaryimage"},"thumbnailUrl":"https:\/\/fuentesfidedignas.com.mx\/wp-content\/uploads\/2024\/09\/pantalla_celraro.jpg","datePublished":"2024-09-27T11:10:00+00:00","breadcrumb":{"@id":"https:\/\/fuentesfidedignas.com.mx\/index.php\/2024\/09\/27\/video-joven-revela-que-tiene-a-su-asaltante-de-fondo-de-pantalla-por-si-se-lo-encuentra\/#breadcrumb"},"inLanguage":"es","potentialAction":[{"@type":"ReadAction","target":["https:\/\/fuentesfidedignas.com.mx\/index.php\/2024\/09\/27\/video-joven-revela-que-tiene-a-su-asaltante-de-fondo-de-pantalla-por-si-se-lo-encuentra\/"]}]},{"@type":"ImageObject","inLanguage":"es","@id":"https:\/\/fuentesfidedignas.com.mx\/index.php\/2024\/09\/27\/video-joven-revela-que-tiene-a-su-asaltante-de-fondo-de-pantalla-por-si-se-lo-encuentra\/#primaryimage","url":"https:\/\/fuentesfidedignas.com.mx\/wp-content\/uploads\/2024\/09\/pantalla_celraro.jpg","contentUrl":"https:\/\/fuentesfidedignas.com.mx\/wp-content\/uploads\/2024\/09\/pantalla_celraro.jpg","width":650,"height":414},{"@type":"BreadcrumbList","@id":"https:\/\/fuentesfidedignas.com.mx\/index.php\/2024\/09\/27\/video-joven-revela-que-tiene-a-su-asaltante-de-fondo-de-pantalla-por-si-se-lo-encuentra\/#breadcrumb","itemListElement":[{"@type":"ListItem","position":1,"name":"Inicio","item":"https:\/\/fuentesfidedignas.com.mx\/"},{"@type":"ListItem","position":2,"name":"VIDEO: Joven revela que tiene a su asaltante de fondo de pantalla &#8220;por si se lo encuentra&#8221;"}]},{"@type":"WebSite","@id":"https:\/\/fuentesfidedignas.com.mx\/#website","url":"https:\/\/fuentesfidedignas.com.mx\/","name":"Fuentes Fidedignas","description":"Otro sitio realizado con WordPress","publisher":{"@id":"https:\/\/fuentesfidedignas.com.mx\/#organization"},"potentialAction":[{"@type":"SearchAction","target":{"@type":"EntryPoint","urlTemplate":"https:\/\/fuentesfidedignas.com.mx\/?s={search_term_string}"},"query-input":{"@type":"PropertyValueSpecification","valueRequired":true,"valueName":"search_term_string"}}],"inLanguage":"es"},{"@type":"Organization","@id":"https:\/\/fuentesfidedignas.com.mx\/#organization","name":"Fuentes Fidedignas","url":"https:\/\/fuentesfidedignas.com.mx\/","logo":{"@type":"ImageObject","inLanguage":"es","@id":"https:\/\/fuentesfidedignas.com.mx\/#\/schema\/logo\/image\/","url":"https:\/\/fuentesfidedignas.com.mx\/wp-content\/uploads\/2021\/04\/logo-retina.png","contentUrl":"https:\/\/fuentesfidedignas.com.mx\/wp-content\/uploads\/2021\/04\/logo-retina.png","width":280,"height":51,"caption":"Fuentes Fidedignas"},"image":{"@id":"https:\/\/fuentesfidedignas.com.mx\/#\/schema\/logo\/image\/"},"sameAs":["https:\/\/www.facebook.com\/Fuentes-Fidedignas-368234489921644","https:\/\/x.com\/fidedignas"]},{"@type":"Person","@id":"https:\/\/fuentesfidedignas.com.mx\/#\/schema\/person\/47ec0135738f4b0c7495f06a77a2c976","name":"Milenio","image":{"@type":"ImageObject","inLanguage":"es","@id":"https:\/\/secure.gravatar.com\/avatar\/acabf7b54753e51c2c76457954577c236b3b764789b19879565769739d1e4a75?s=96&d=mm&r=g","url":"https:\/\/secure.gravatar.com\/avatar\/acabf7b54753e51c2c76457954577c236b3b764789b19879565769739d1e4a75?s=96&d=mm&r=g","contentUrl":"https:\/\/secure.gravatar.com\/avatar\/acabf7b54753e51c2c76457954577c236b3b764789b19879565769739d1e4a75?s=96&d=mm&r=g","caption":"Milenio"},"url":"https:\/\/fuentesfidedignas.com.mx\/index.php\/author\/milenio\/"}]}},"_links":{"self":[{"href":"https:\/\/fuentesfidedignas.com.mx\/index.php\/wp-json\/wp\/v2\/posts\/92110","targetHints":{"allow":["GET"]}}],"collection":[{"href":"https:\/\/fuentesfidedignas.com.mx\/index.php\/wp-json\/wp\/v2\/posts"}],"about":[{"href":"https:\/\/fuentesfidedignas.com.mx\/index.php\/wp-json\/wp\/v2\/types\/post"}],"author":[{"embeddable":true,"href":"https:\/\/fuentesfidedignas.com.mx\/index.php\/wp-json\/wp\/v2\/users\/9"}],"replies":[{"embeddable":true,"href":"https:\/\/fuentesfidedignas.com.mx\/index.php\/wp-json\/wp\/v2\/comments?post=92110"}],"version-history":[{"count":1,"href":"https:\/\/fuentesfidedignas.com.mx\/index.php\/wp-json\/wp\/v2\/posts\/92110\/revisions"}],"predecessor-version":[{"id":92112,"href":"https:\/\/fuentesfidedignas.com.mx\/index.php\/wp-json\/wp\/v2\/posts\/92110\/revisions\/92112"}],"wp:featuredmedia":[{"embeddable":true,"href":"https:\/\/fuentesfidedignas.com.mx\/index.php\/wp-json\/wp\/v2\/media\/92111"}],"wp:attachment":[{"href":"https:\/\/fuentesfidedignas.com.mx\/index.php\/wp-json\/wp\/v2\/media?parent=92110"}],"wp:term":[{"taxonomy":"category","embeddable":true,"href":"https:\/\/fuentesfidedignas.com.mx\/index.php\/wp-json\/wp\/v2\/categories?post=92110"},{"taxonomy":"post_tag","embeddable":true,"href":"https:\/\/fuentesfidedignas.com.mx\/index.php\/wp-json\/wp\/v2\/tags?post=92110"}],"curies":[{"name":"wp","href":"https:\/\/api.w.org\/{rel}","templated":true}]}}