{"id":92105,"date":"2024-09-26T16:59:18","date_gmt":"2024-09-26T23:59:18","guid":{"rendered":"https:\/\/fuentesfidedignas.com.mx\/?p=92105"},"modified":"2024-09-26T16:59:20","modified_gmt":"2024-09-26T23:59:20","slug":"el-piyi-comparece-tras-detencion-en-sinaloa-lo-ligan-a-enfrentamientos-entre-la-mayiza-y-los-chapitos","status":"publish","type":"post","link":"https:\/\/fuentesfidedignas.com.mx\/index.php\/2024\/09\/26\/el-piyi-comparece-tras-detencion-en-sinaloa-lo-ligan-a-enfrentamientos-entre-la-mayiza-y-los-chapitos\/","title":{"rendered":"&#8216;El Piyi&#8217; comparece tras detenci\u00f3n en Sinaloa; lo ligan a enfrentamientos entre &#8216;La Mayiza&#8217; y &#8216;Los Chapitos&#8217;"},"content":{"rendered":"\n<p><strong><em>El sospechoso fue detenido exactamente hace una semana en Culiac\u00e1n, Sinaloa, junto con otros hombres armados.<\/em><\/strong><\/p>\n\n\n\n<p>Poco despu\u00e9s de las 16: 30 horas del jueves 26 de septiembre, se llev\u00f3 a cabo la primera audiencia en contra de Mario Alexander \u201cN\u201d, El Piyi, identificado como supuesto l\u00edder de seguridad del l\u00edder de Los Chapitos, Iv\u00e1n Archivaldo Guzm\u00e1n.<\/p>\n\n\n\n<p>El sospechoso fue detenido el jueves 19 de septiembre en Culiac\u00e1n, Sinaloa, junto con otros hombres armados.<\/p>\n\n\n\n<p><strong>\u00bfDe qu\u00e9 acusar\u00eda a El Piyi?\u00a0<\/strong><br>Autoridades refirieron que el imputado era investigado por una serie de ejecuciones documentadas en la entidad durante las \u00faltimas semanas.<\/p>\n\n\n\n<p>Cabe mencionar que, el imputado estar\u00eda relacionado con una pugna entre dos de las facciones criminales delC\u00e1rtel de Sinaloa&nbsp;, una de ellas de Los Chapitos y otra la de Ismael El Mayo Zambada.<\/p>\n\n\n\n<p><strong>\u00bfD\u00f3nde est\u00e1 El Piyi?<\/strong><\/p>\n\n\n\n<iframe loading=\"lazy\" width=\"618\" height=\"348\" src=\"https:\/\/www.youtube.com\/embed\/R2Uz1fCz4oA\" title=\"&#39;El Piyi&#39; fue trasladado esta ma\u00f1ana al penal del Altiplano\" frameborder=\"0\" allow=\"accelerometer; autoplay; clipboard-write; encrypted-media; gyroscope; picture-in-picture; web-share\" referrerpolicy=\"strict-origin-when-cross-origin\" allowfullscreen><\/iframe>\n\n\n\n<p><strong>\u00bfQui\u00e9n es El Piyi?\u00a0<\/strong><br>El Piyi es miembro clave de Los Chapitos, brazo delictivo liderado por los hijos de Joaqu\u00edn El Chapo Guzm\u00e1n.\u00a0De acuerdo con fuentes federales, hab\u00eda mantenido un perfil bajo y ello complic\u00f3 su plena identificaci\u00f3n.<\/p>\n\n\n\n<p>Su rostro hab\u00eda sido pocas veces visto, pues siempre usaba un pasamonta\u00f1as para evitar ser ubicado.&nbsp;De acuerdo con las fuentes consultadas, luego de la detenci\u00f3n N\u00e9stor Isidro P\u00e9rez Salas, El Nini, otro sicario de Los Chapitos, a El Piyi ya no se le permit\u00eda mostrarse en p\u00fablico, mucho menos en redes sociales, en las que El Nini sol\u00eda presumir su estilo de vida.<\/p>\n\n\n\n<p>Mario Alexander&nbsp;gan\u00f3 notoriedad tras conocerse que estuvo presente en los dos culiacanazos en los que arrestaron a Ovidio Guzm\u00e1n L\u00f3pez, El Rat\u00f3n.<\/p>\n\n\n\n<p>El Piyi, de 1.75 metros de estatura, se habr\u00eda unido a las filas del C\u00e1rtel de Sinaloa de la mano de El Nini y, tras su arresto, qued\u00f3 bajo el mando de Jorge Humberto Figueroa,&nbsp;La Perris o El 27, jefe de sicarios de Los Chapitos.<\/p>\n\n\n\n<p>Actualmente, el trabajo de El Piyi habr\u00eda sido el de proteger una zona de entrada a la capital sinaloense de los embates de la facci\u00f3n de El Mayito Flaco, el \u00fanico hijo en Sinaloa de Ismael El Mayo Zambada.<\/p>\n\n\n\n<p>El Piyi es considerado una figura central dentro de la estructura criminal, responsable de coordinar operaciones de alto impacto en la regi\u00f3n.<\/p>\n\n\n\n<p>Su captura representa un golpe significativo para la organizaci\u00f3n, que ha sido responsable de diversos actos de violencia en Sinaloa.<\/p>\n\n\n\n<p>Cabe mencionar que, una de las cosas que ayudaron a las autoridades a identificar a este presunto narcotraficante fue uno de los corridos del cantante Peso Pluma.&nbsp;<\/p>\n\n\n\n<p>Recientemente,\u00a0El Piyi fue aprehendido el 19 de septiembre de 2024 tras un operativo por parte de elementos del Ej\u00e9rcito y la Guardia Nacional en el\u00a0sector Jardines de Santa Fe.<\/p>\n","protected":false},"excerpt":{"rendered":"<p>El sospechoso fue detenido exactamente hace una semana en Culiac\u00e1n, Sinaloa, junto con otros hombres armados. Poco despu\u00e9s de las 16: 30 horas del jueves 26 de septiembre, se llev\u00f3 a cabo la primera audiencia en contra de Mario Alexander \u201cN\u201d, El Piyi, identificado como supuesto l\u00edder de seguridad del l\u00edder de Los Chapitos, Iv\u00e1n [&hellip;]<\/p>\n","protected":false},"author":9,"featured_media":91594,"comment_status":"open","ping_status":"open","sticky":false,"template":"","format":"standard","meta":{"tdm_status":"","tdm_grid_status":"","footnotes":""},"categories":[37],"tags":[],"class_list":{"0":"post-92105","1":"post","2":"type-post","3":"status-publish","4":"format-standard","5":"has-post-thumbnail","7":"category-nota-principal"},"yoast_head":"<!-- This site is optimized with the Yoast SEO plugin v27.5 - https:\/\/yoast.com\/product\/yoast-seo-wordpress\/ -->\n<title>&#039;El Piyi&#039; comparece tras detenci\u00f3n en Sinaloa; lo ligan a enfrentamientos entre &#039;La Mayiza&#039; y &#039;Los Chapitos&#039; - Fuentes Fidedignas<\/title>\n<meta name=\"robots\" content=\"index, follow, max-snippet:-1, max-image-preview:large, max-video-preview:-1\" \/>\n<link rel=\"canonical\" href=\"https:\/\/fuentesfidedignas.com.mx\/index.php\/2024\/09\/26\/el-piyi-comparece-tras-detencion-en-sinaloa-lo-ligan-a-enfrentamientos-entre-la-mayiza-y-los-chapitos\/\" \/>\n<meta property=\"og:locale\" content=\"es_MX\" \/>\n<meta property=\"og:type\" content=\"article\" \/>\n<meta property=\"og:title\" content=\"&#039;El Piyi&#039; comparece tras detenci\u00f3n en Sinaloa; lo ligan a enfrentamientos entre &#039;La Mayiza&#039; y &#039;Los Chapitos&#039; - Fuentes Fidedignas\" \/>\n<meta property=\"og:description\" content=\"El sospechoso fue detenido exactamente hace una semana en Culiac\u00e1n, Sinaloa, junto con otros hombres armados. Poco despu\u00e9s de las 16: 30 horas del jueves 26 de septiembre, se llev\u00f3 a cabo la primera audiencia en contra de Mario Alexander \u201cN\u201d, El Piyi, identificado como supuesto l\u00edder de seguridad del l\u00edder de Los Chapitos, Iv\u00e1n [&hellip;]\" \/>\n<meta property=\"og:url\" content=\"https:\/\/fuentesfidedignas.com.mx\/index.php\/2024\/09\/26\/el-piyi-comparece-tras-detencion-en-sinaloa-lo-ligan-a-enfrentamientos-entre-la-mayiza-y-los-chapitos\/\" \/>\n<meta property=\"og:site_name\" content=\"Fuentes Fidedignas\" \/>\n<meta property=\"article:publisher\" content=\"https:\/\/www.facebook.com\/Fuentes-Fidedignas-368234489921644\" \/>\n<meta property=\"article:published_time\" content=\"2024-09-26T23:59:18+00:00\" \/>\n<meta property=\"article:modified_time\" content=\"2024-09-26T23:59:20+00:00\" \/>\n<meta property=\"og:image\" content=\"https:\/\/fuentesfidedignas.com.mx\/wp-content\/uploads\/2024\/09\/Piyi.jpg\" \/>\n\t<meta property=\"og:image:width\" content=\"650\" \/>\n\t<meta property=\"og:image:height\" content=\"487\" \/>\n\t<meta property=\"og:image:type\" content=\"image\/jpeg\" \/>\n<meta name=\"author\" content=\"Milenio\" \/>\n<meta name=\"twitter:card\" content=\"summary_large_image\" \/>\n<meta name=\"twitter:creator\" content=\"@fidedignas\" \/>\n<meta name=\"twitter:site\" content=\"@fidedignas\" \/>\n<meta name=\"twitter:label1\" content=\"Escrito por\" \/>\n\t<meta name=\"twitter:data1\" content=\"Milenio\" \/>\n\t<meta name=\"twitter:label2\" content=\"Tiempo de lectura\" \/>\n\t<meta name=\"twitter:data2\" content=\"3 minutos\" \/>\n<script type=\"application\/ld+json\" class=\"yoast-schema-graph\">{\"@context\":\"https:\\\/\\\/schema.org\",\"@graph\":[{\"@type\":\"Article\",\"@id\":\"https:\\\/\\\/fuentesfidedignas.com.mx\\\/index.php\\\/2024\\\/09\\\/26\\\/el-piyi-comparece-tras-detencion-en-sinaloa-lo-ligan-a-enfrentamientos-entre-la-mayiza-y-los-chapitos\\\/#article\",\"isPartOf\":{\"@id\":\"https:\\\/\\\/fuentesfidedignas.com.mx\\\/index.php\\\/2024\\\/09\\\/26\\\/el-piyi-comparece-tras-detencion-en-sinaloa-lo-ligan-a-enfrentamientos-entre-la-mayiza-y-los-chapitos\\\/\"},\"author\":{\"name\":\"Milenio\",\"@id\":\"https:\\\/\\\/fuentesfidedignas.com.mx\\\/#\\\/schema\\\/person\\\/47ec0135738f4b0c7495f06a77a2c976\"},\"headline\":\"&#8216;El Piyi&#8217; comparece tras detenci\u00f3n en Sinaloa; lo ligan a enfrentamientos entre &#8216;La Mayiza&#8217; y &#8216;Los Chapitos&#8217;\",\"datePublished\":\"2024-09-26T23:59:18+00:00\",\"dateModified\":\"2024-09-26T23:59:20+00:00\",\"mainEntityOfPage\":{\"@id\":\"https:\\\/\\\/fuentesfidedignas.com.mx\\\/index.php\\\/2024\\\/09\\\/26\\\/el-piyi-comparece-tras-detencion-en-sinaloa-lo-ligan-a-enfrentamientos-entre-la-mayiza-y-los-chapitos\\\/\"},\"wordCount\":497,\"commentCount\":0,\"publisher\":{\"@id\":\"https:\\\/\\\/fuentesfidedignas.com.mx\\\/#organization\"},\"image\":{\"@id\":\"https:\\\/\\\/fuentesfidedignas.com.mx\\\/index.php\\\/2024\\\/09\\\/26\\\/el-piyi-comparece-tras-detencion-en-sinaloa-lo-ligan-a-enfrentamientos-entre-la-mayiza-y-los-chapitos\\\/#primaryimage\"},\"thumbnailUrl\":\"https:\\\/\\\/fuentesfidedignas.com.mx\\\/wp-content\\\/uploads\\\/2024\\\/09\\\/Piyi.jpg\",\"articleSection\":[\"NOTA PRINCIPAL\"],\"inLanguage\":\"es\",\"potentialAction\":[{\"@type\":\"CommentAction\",\"name\":\"Comment\",\"target\":[\"https:\\\/\\\/fuentesfidedignas.com.mx\\\/index.php\\\/2024\\\/09\\\/26\\\/el-piyi-comparece-tras-detencion-en-sinaloa-lo-ligan-a-enfrentamientos-entre-la-mayiza-y-los-chapitos\\\/#respond\"]}]},{\"@type\":\"WebPage\",\"@id\":\"https:\\\/\\\/fuentesfidedignas.com.mx\\\/index.php\\\/2024\\\/09\\\/26\\\/el-piyi-comparece-tras-detencion-en-sinaloa-lo-ligan-a-enfrentamientos-entre-la-mayiza-y-los-chapitos\\\/\",\"url\":\"https:\\\/\\\/fuentesfidedignas.com.mx\\\/index.php\\\/2024\\\/09\\\/26\\\/el-piyi-comparece-tras-detencion-en-sinaloa-lo-ligan-a-enfrentamientos-entre-la-mayiza-y-los-chapitos\\\/\",\"name\":\"'El Piyi' comparece tras detenci\u00f3n en Sinaloa; lo ligan a enfrentamientos entre 'La Mayiza' y 'Los Chapitos' - Fuentes Fidedignas\",\"isPartOf\":{\"@id\":\"https:\\\/\\\/fuentesfidedignas.com.mx\\\/#website\"},\"primaryImageOfPage\":{\"@id\":\"https:\\\/\\\/fuentesfidedignas.com.mx\\\/index.php\\\/2024\\\/09\\\/26\\\/el-piyi-comparece-tras-detencion-en-sinaloa-lo-ligan-a-enfrentamientos-entre-la-mayiza-y-los-chapitos\\\/#primaryimage\"},\"image\":{\"@id\":\"https:\\\/\\\/fuentesfidedignas.com.mx\\\/index.php\\\/2024\\\/09\\\/26\\\/el-piyi-comparece-tras-detencion-en-sinaloa-lo-ligan-a-enfrentamientos-entre-la-mayiza-y-los-chapitos\\\/#primaryimage\"},\"thumbnailUrl\":\"https:\\\/\\\/fuentesfidedignas.com.mx\\\/wp-content\\\/uploads\\\/2024\\\/09\\\/Piyi.jpg\",\"datePublished\":\"2024-09-26T23:59:18+00:00\",\"dateModified\":\"2024-09-26T23:59:20+00:00\",\"breadcrumb\":{\"@id\":\"https:\\\/\\\/fuentesfidedignas.com.mx\\\/index.php\\\/2024\\\/09\\\/26\\\/el-piyi-comparece-tras-detencion-en-sinaloa-lo-ligan-a-enfrentamientos-entre-la-mayiza-y-los-chapitos\\\/#breadcrumb\"},\"inLanguage\":\"es\",\"potentialAction\":[{\"@type\":\"ReadAction\",\"target\":[\"https:\\\/\\\/fuentesfidedignas.com.mx\\\/index.php\\\/2024\\\/09\\\/26\\\/el-piyi-comparece-tras-detencion-en-sinaloa-lo-ligan-a-enfrentamientos-entre-la-mayiza-y-los-chapitos\\\/\"]}]},{\"@type\":\"ImageObject\",\"inLanguage\":\"es\",\"@id\":\"https:\\\/\\\/fuentesfidedignas.com.mx\\\/index.php\\\/2024\\\/09\\\/26\\\/el-piyi-comparece-tras-detencion-en-sinaloa-lo-ligan-a-enfrentamientos-entre-la-mayiza-y-los-chapitos\\\/#primaryimage\",\"url\":\"https:\\\/\\\/fuentesfidedignas.com.mx\\\/wp-content\\\/uploads\\\/2024\\\/09\\\/Piyi.jpg\",\"contentUrl\":\"https:\\\/\\\/fuentesfidedignas.com.mx\\\/wp-content\\\/uploads\\\/2024\\\/09\\\/Piyi.jpg\",\"width\":650,\"height\":487},{\"@type\":\"BreadcrumbList\",\"@id\":\"https:\\\/\\\/fuentesfidedignas.com.mx\\\/index.php\\\/2024\\\/09\\\/26\\\/el-piyi-comparece-tras-detencion-en-sinaloa-lo-ligan-a-enfrentamientos-entre-la-mayiza-y-los-chapitos\\\/#breadcrumb\",\"itemListElement\":[{\"@type\":\"ListItem\",\"position\":1,\"name\":\"Inicio\",\"item\":\"https:\\\/\\\/fuentesfidedignas.com.mx\\\/\"},{\"@type\":\"ListItem\",\"position\":2,\"name\":\"&#8216;El Piyi&#8217; comparece tras detenci\u00f3n en Sinaloa; lo ligan a enfrentamientos entre &#8216;La Mayiza&#8217; y &#8216;Los Chapitos&#8217;\"}]},{\"@type\":\"WebSite\",\"@id\":\"https:\\\/\\\/fuentesfidedignas.com.mx\\\/#website\",\"url\":\"https:\\\/\\\/fuentesfidedignas.com.mx\\\/\",\"name\":\"Fuentes Fidedignas\",\"description\":\"Otro sitio realizado con WordPress\",\"publisher\":{\"@id\":\"https:\\\/\\\/fuentesfidedignas.com.mx\\\/#organization\"},\"potentialAction\":[{\"@type\":\"SearchAction\",\"target\":{\"@type\":\"EntryPoint\",\"urlTemplate\":\"https:\\\/\\\/fuentesfidedignas.com.mx\\\/?s={search_term_string}\"},\"query-input\":{\"@type\":\"PropertyValueSpecification\",\"valueRequired\":true,\"valueName\":\"search_term_string\"}}],\"inLanguage\":\"es\"},{\"@type\":\"Organization\",\"@id\":\"https:\\\/\\\/fuentesfidedignas.com.mx\\\/#organization\",\"name\":\"Fuentes Fidedignas\",\"url\":\"https:\\\/\\\/fuentesfidedignas.com.mx\\\/\",\"logo\":{\"@type\":\"ImageObject\",\"inLanguage\":\"es\",\"@id\":\"https:\\\/\\\/fuentesfidedignas.com.mx\\\/#\\\/schema\\\/logo\\\/image\\\/\",\"url\":\"https:\\\/\\\/fuentesfidedignas.com.mx\\\/wp-content\\\/uploads\\\/2021\\\/04\\\/logo-retina.png\",\"contentUrl\":\"https:\\\/\\\/fuentesfidedignas.com.mx\\\/wp-content\\\/uploads\\\/2021\\\/04\\\/logo-retina.png\",\"width\":280,\"height\":51,\"caption\":\"Fuentes Fidedignas\"},\"image\":{\"@id\":\"https:\\\/\\\/fuentesfidedignas.com.mx\\\/#\\\/schema\\\/logo\\\/image\\\/\"},\"sameAs\":[\"https:\\\/\\\/www.facebook.com\\\/Fuentes-Fidedignas-368234489921644\",\"https:\\\/\\\/x.com\\\/fidedignas\"]},{\"@type\":\"Person\",\"@id\":\"https:\\\/\\\/fuentesfidedignas.com.mx\\\/#\\\/schema\\\/person\\\/47ec0135738f4b0c7495f06a77a2c976\",\"name\":\"Milenio\",\"image\":{\"@type\":\"ImageObject\",\"inLanguage\":\"es\",\"@id\":\"https:\\\/\\\/secure.gravatar.com\\\/avatar\\\/acabf7b54753e51c2c76457954577c236b3b764789b19879565769739d1e4a75?s=96&d=mm&r=g\",\"url\":\"https:\\\/\\\/secure.gravatar.com\\\/avatar\\\/acabf7b54753e51c2c76457954577c236b3b764789b19879565769739d1e4a75?s=96&d=mm&r=g\",\"contentUrl\":\"https:\\\/\\\/secure.gravatar.com\\\/avatar\\\/acabf7b54753e51c2c76457954577c236b3b764789b19879565769739d1e4a75?s=96&d=mm&r=g\",\"caption\":\"Milenio\"},\"url\":\"https:\\\/\\\/fuentesfidedignas.com.mx\\\/index.php\\\/author\\\/milenio\\\/\"}]}<\/script>\n<!-- \/ Yoast SEO plugin. -->","yoast_head_json":{"title":"'El Piyi' comparece tras detenci\u00f3n en Sinaloa; lo ligan a enfrentamientos entre 'La Mayiza' y 'Los Chapitos' - Fuentes Fidedignas","robots":{"index":"index","follow":"follow","max-snippet":"max-snippet:-1","max-image-preview":"max-image-preview:large","max-video-preview":"max-video-preview:-1"},"canonical":"https:\/\/fuentesfidedignas.com.mx\/index.php\/2024\/09\/26\/el-piyi-comparece-tras-detencion-en-sinaloa-lo-ligan-a-enfrentamientos-entre-la-mayiza-y-los-chapitos\/","og_locale":"es_MX","og_type":"article","og_title":"'El Piyi' comparece tras detenci\u00f3n en Sinaloa; lo ligan a enfrentamientos entre 'La Mayiza' y 'Los Chapitos' - Fuentes Fidedignas","og_description":"El sospechoso fue detenido exactamente hace una semana en Culiac\u00e1n, Sinaloa, junto con otros hombres armados. Poco despu\u00e9s de las 16: 30 horas del jueves 26 de septiembre, se llev\u00f3 a cabo la primera audiencia en contra de Mario Alexander \u201cN\u201d, El Piyi, identificado como supuesto l\u00edder de seguridad del l\u00edder de Los Chapitos, Iv\u00e1n [&hellip;]","og_url":"https:\/\/fuentesfidedignas.com.mx\/index.php\/2024\/09\/26\/el-piyi-comparece-tras-detencion-en-sinaloa-lo-ligan-a-enfrentamientos-entre-la-mayiza-y-los-chapitos\/","og_site_name":"Fuentes Fidedignas","article_publisher":"https:\/\/www.facebook.com\/Fuentes-Fidedignas-368234489921644","article_published_time":"2024-09-26T23:59:18+00:00","article_modified_time":"2024-09-26T23:59:20+00:00","og_image":[{"width":650,"height":487,"url":"https:\/\/fuentesfidedignas.com.mx\/wp-content\/uploads\/2024\/09\/Piyi.jpg","type":"image\/jpeg"}],"author":"Milenio","twitter_card":"summary_large_image","twitter_creator":"@fidedignas","twitter_site":"@fidedignas","twitter_misc":{"Escrito por":"Milenio","Tiempo de lectura":"3 minutos"},"schema":{"@context":"https:\/\/schema.org","@graph":[{"@type":"Article","@id":"https:\/\/fuentesfidedignas.com.mx\/index.php\/2024\/09\/26\/el-piyi-comparece-tras-detencion-en-sinaloa-lo-ligan-a-enfrentamientos-entre-la-mayiza-y-los-chapitos\/#article","isPartOf":{"@id":"https:\/\/fuentesfidedignas.com.mx\/index.php\/2024\/09\/26\/el-piyi-comparece-tras-detencion-en-sinaloa-lo-ligan-a-enfrentamientos-entre-la-mayiza-y-los-chapitos\/"},"author":{"name":"Milenio","@id":"https:\/\/fuentesfidedignas.com.mx\/#\/schema\/person\/47ec0135738f4b0c7495f06a77a2c976"},"headline":"&#8216;El Piyi&#8217; comparece tras detenci\u00f3n en Sinaloa; lo ligan a enfrentamientos entre &#8216;La Mayiza&#8217; y &#8216;Los Chapitos&#8217;","datePublished":"2024-09-26T23:59:18+00:00","dateModified":"2024-09-26T23:59:20+00:00","mainEntityOfPage":{"@id":"https:\/\/fuentesfidedignas.com.mx\/index.php\/2024\/09\/26\/el-piyi-comparece-tras-detencion-en-sinaloa-lo-ligan-a-enfrentamientos-entre-la-mayiza-y-los-chapitos\/"},"wordCount":497,"commentCount":0,"publisher":{"@id":"https:\/\/fuentesfidedignas.com.mx\/#organization"},"image":{"@id":"https:\/\/fuentesfidedignas.com.mx\/index.php\/2024\/09\/26\/el-piyi-comparece-tras-detencion-en-sinaloa-lo-ligan-a-enfrentamientos-entre-la-mayiza-y-los-chapitos\/#primaryimage"},"thumbnailUrl":"https:\/\/fuentesfidedignas.com.mx\/wp-content\/uploads\/2024\/09\/Piyi.jpg","articleSection":["NOTA PRINCIPAL"],"inLanguage":"es","potentialAction":[{"@type":"CommentAction","name":"Comment","target":["https:\/\/fuentesfidedignas.com.mx\/index.php\/2024\/09\/26\/el-piyi-comparece-tras-detencion-en-sinaloa-lo-ligan-a-enfrentamientos-entre-la-mayiza-y-los-chapitos\/#respond"]}]},{"@type":"WebPage","@id":"https:\/\/fuentesfidedignas.com.mx\/index.php\/2024\/09\/26\/el-piyi-comparece-tras-detencion-en-sinaloa-lo-ligan-a-enfrentamientos-entre-la-mayiza-y-los-chapitos\/","url":"https:\/\/fuentesfidedignas.com.mx\/index.php\/2024\/09\/26\/el-piyi-comparece-tras-detencion-en-sinaloa-lo-ligan-a-enfrentamientos-entre-la-mayiza-y-los-chapitos\/","name":"'El Piyi' comparece tras detenci\u00f3n en Sinaloa; lo ligan a enfrentamientos entre 'La Mayiza' y 'Los Chapitos' - Fuentes Fidedignas","isPartOf":{"@id":"https:\/\/fuentesfidedignas.com.mx\/#website"},"primaryImageOfPage":{"@id":"https:\/\/fuentesfidedignas.com.mx\/index.php\/2024\/09\/26\/el-piyi-comparece-tras-detencion-en-sinaloa-lo-ligan-a-enfrentamientos-entre-la-mayiza-y-los-chapitos\/#primaryimage"},"image":{"@id":"https:\/\/fuentesfidedignas.com.mx\/index.php\/2024\/09\/26\/el-piyi-comparece-tras-detencion-en-sinaloa-lo-ligan-a-enfrentamientos-entre-la-mayiza-y-los-chapitos\/#primaryimage"},"thumbnailUrl":"https:\/\/fuentesfidedignas.com.mx\/wp-content\/uploads\/2024\/09\/Piyi.jpg","datePublished":"2024-09-26T23:59:18+00:00","dateModified":"2024-09-26T23:59:20+00:00","breadcrumb":{"@id":"https:\/\/fuentesfidedignas.com.mx\/index.php\/2024\/09\/26\/el-piyi-comparece-tras-detencion-en-sinaloa-lo-ligan-a-enfrentamientos-entre-la-mayiza-y-los-chapitos\/#breadcrumb"},"inLanguage":"es","potentialAction":[{"@type":"ReadAction","target":["https:\/\/fuentesfidedignas.com.mx\/index.php\/2024\/09\/26\/el-piyi-comparece-tras-detencion-en-sinaloa-lo-ligan-a-enfrentamientos-entre-la-mayiza-y-los-chapitos\/"]}]},{"@type":"ImageObject","inLanguage":"es","@id":"https:\/\/fuentesfidedignas.com.mx\/index.php\/2024\/09\/26\/el-piyi-comparece-tras-detencion-en-sinaloa-lo-ligan-a-enfrentamientos-entre-la-mayiza-y-los-chapitos\/#primaryimage","url":"https:\/\/fuentesfidedignas.com.mx\/wp-content\/uploads\/2024\/09\/Piyi.jpg","contentUrl":"https:\/\/fuentesfidedignas.com.mx\/wp-content\/uploads\/2024\/09\/Piyi.jpg","width":650,"height":487},{"@type":"BreadcrumbList","@id":"https:\/\/fuentesfidedignas.com.mx\/index.php\/2024\/09\/26\/el-piyi-comparece-tras-detencion-en-sinaloa-lo-ligan-a-enfrentamientos-entre-la-mayiza-y-los-chapitos\/#breadcrumb","itemListElement":[{"@type":"ListItem","position":1,"name":"Inicio","item":"https:\/\/fuentesfidedignas.com.mx\/"},{"@type":"ListItem","position":2,"name":"&#8216;El Piyi&#8217; comparece tras detenci\u00f3n en Sinaloa; lo ligan a enfrentamientos entre &#8216;La Mayiza&#8217; y &#8216;Los Chapitos&#8217;"}]},{"@type":"WebSite","@id":"https:\/\/fuentesfidedignas.com.mx\/#website","url":"https:\/\/fuentesfidedignas.com.mx\/","name":"Fuentes Fidedignas","description":"Otro sitio realizado con WordPress","publisher":{"@id":"https:\/\/fuentesfidedignas.com.mx\/#organization"},"potentialAction":[{"@type":"SearchAction","target":{"@type":"EntryPoint","urlTemplate":"https:\/\/fuentesfidedignas.com.mx\/?s={search_term_string}"},"query-input":{"@type":"PropertyValueSpecification","valueRequired":true,"valueName":"search_term_string"}}],"inLanguage":"es"},{"@type":"Organization","@id":"https:\/\/fuentesfidedignas.com.mx\/#organization","name":"Fuentes Fidedignas","url":"https:\/\/fuentesfidedignas.com.mx\/","logo":{"@type":"ImageObject","inLanguage":"es","@id":"https:\/\/fuentesfidedignas.com.mx\/#\/schema\/logo\/image\/","url":"https:\/\/fuentesfidedignas.com.mx\/wp-content\/uploads\/2021\/04\/logo-retina.png","contentUrl":"https:\/\/fuentesfidedignas.com.mx\/wp-content\/uploads\/2021\/04\/logo-retina.png","width":280,"height":51,"caption":"Fuentes Fidedignas"},"image":{"@id":"https:\/\/fuentesfidedignas.com.mx\/#\/schema\/logo\/image\/"},"sameAs":["https:\/\/www.facebook.com\/Fuentes-Fidedignas-368234489921644","https:\/\/x.com\/fidedignas"]},{"@type":"Person","@id":"https:\/\/fuentesfidedignas.com.mx\/#\/schema\/person\/47ec0135738f4b0c7495f06a77a2c976","name":"Milenio","image":{"@type":"ImageObject","inLanguage":"es","@id":"https:\/\/secure.gravatar.com\/avatar\/acabf7b54753e51c2c76457954577c236b3b764789b19879565769739d1e4a75?s=96&d=mm&r=g","url":"https:\/\/secure.gravatar.com\/avatar\/acabf7b54753e51c2c76457954577c236b3b764789b19879565769739d1e4a75?s=96&d=mm&r=g","contentUrl":"https:\/\/secure.gravatar.com\/avatar\/acabf7b54753e51c2c76457954577c236b3b764789b19879565769739d1e4a75?s=96&d=mm&r=g","caption":"Milenio"},"url":"https:\/\/fuentesfidedignas.com.mx\/index.php\/author\/milenio\/"}]}},"_links":{"self":[{"href":"https:\/\/fuentesfidedignas.com.mx\/index.php\/wp-json\/wp\/v2\/posts\/92105","targetHints":{"allow":["GET"]}}],"collection":[{"href":"https:\/\/fuentesfidedignas.com.mx\/index.php\/wp-json\/wp\/v2\/posts"}],"about":[{"href":"https:\/\/fuentesfidedignas.com.mx\/index.php\/wp-json\/wp\/v2\/types\/post"}],"author":[{"embeddable":true,"href":"https:\/\/fuentesfidedignas.com.mx\/index.php\/wp-json\/wp\/v2\/users\/9"}],"replies":[{"embeddable":true,"href":"https:\/\/fuentesfidedignas.com.mx\/index.php\/wp-json\/wp\/v2\/comments?post=92105"}],"version-history":[{"count":1,"href":"https:\/\/fuentesfidedignas.com.mx\/index.php\/wp-json\/wp\/v2\/posts\/92105\/revisions"}],"predecessor-version":[{"id":92106,"href":"https:\/\/fuentesfidedignas.com.mx\/index.php\/wp-json\/wp\/v2\/posts\/92105\/revisions\/92106"}],"wp:featuredmedia":[{"embeddable":true,"href":"https:\/\/fuentesfidedignas.com.mx\/index.php\/wp-json\/wp\/v2\/media\/91594"}],"wp:attachment":[{"href":"https:\/\/fuentesfidedignas.com.mx\/index.php\/wp-json\/wp\/v2\/media?parent=92105"}],"wp:term":[{"taxonomy":"category","embeddable":true,"href":"https:\/\/fuentesfidedignas.com.mx\/index.php\/wp-json\/wp\/v2\/categories?post=92105"},{"taxonomy":"post_tag","embeddable":true,"href":"https:\/\/fuentesfidedignas.com.mx\/index.php\/wp-json\/wp\/v2\/tags?post=92105"}],"curies":[{"name":"wp","href":"https:\/\/api.w.org\/{rel}","templated":true}]}}