{"id":92063,"date":"2024-09-26T06:34:48","date_gmt":"2024-09-26T13:34:48","guid":{"rendered":"https:\/\/fuentesfidedignas.com.mx\/?p=92063"},"modified":"2024-09-26T06:34:50","modified_gmt":"2024-09-26T13:34:50","slug":"john-vuelve-a-intensificarse-a-huracan-categoria-1-frente-a-costas-de-michoacan","status":"publish","type":"post","link":"https:\/\/fuentesfidedignas.com.mx\/index.php\/2024\/09\/26\/john-vuelve-a-intensificarse-a-huracan-categoria-1-frente-a-costas-de-michoacan\/","title":{"rendered":"\u201cJohn\u201d vuelve a intensificarse a hurac\u00e1n categor\u00eda 1 frente a costas de Michoac\u00e1n"},"content":{"rendered":"\n<p><strong><em>El SMN apunt\u00f3 que el hurac\u00e1n \u201cJohn\u201d producir\u00e1 lluvias muy fuertes a puntuales extraordinarias en el occidente y sur del pa\u00eds<\/em><\/strong><\/p>\n\n\n\n<p>El Servicio Meteorol\u00f3gico Nacional (SMN) inform\u00f3 que \u201cJohn\u201d se intensific\u00f3 a hurac\u00e1n categor\u00eda 1 frente a las costas de Michoac\u00e1n.<\/p>\n\n\n\n<blockquote class=\"twitter-tweet\"><p lang=\"es\" dir=\"ltr\">\u26a0\ufe0f <a href=\"https:\/\/twitter.com\/hashtag\/John?src=hash&amp;ref_src=twsrc%5Etfw\">#John<\/a> ahora como hurac\u00e1n categor\u00eda 1 produce <a href=\"https:\/\/twitter.com\/hashtag\/Lluvias?src=hash&amp;ref_src=twsrc%5Etfw\">#Lluvias<\/a> muy fuertes a puntuales extraordinarias, <a href=\"https:\/\/twitter.com\/hashtag\/Vientos?src=hash&amp;ref_src=twsrc%5Etfw\">#Vientos<\/a> fuertes y <a href=\"https:\/\/twitter.com\/hashtag\/Oleaje?src=hash&amp;ref_src=twsrc%5Etfw\">#Oleaje<\/a> elevado en costas del occidente y sur del territorio nacional. Todos los detalles en el gr\u00e1fico\u2b07\ufe0f <a href=\"https:\/\/t.co\/VVYNAkfJiY\">https:\/\/t.co\/VVYNAkfJiY<\/a> <a href=\"https:\/\/t.co\/ygz3J0RNth\">pic.twitter.com\/ygz3J0RNth<\/a><\/p>&mdash; CONAGUA Clima (@conagua_clima) <a href=\"https:\/\/twitter.com\/conagua_clima\/status\/1839283754247897107?ref_src=twsrc%5Etfw\">September 26, 2024<\/a><\/blockquote> <script async src=\"https:\/\/platform.twitter.com\/widgets.js\" charset=\"utf-8\"><\/script>\n\n\n\n<p>Por medio de un aviso, el SMN apunt\u00f3 que \u201cJohn\u201d producir\u00e1 lluvias muy fuertes a puntuales extraordinarias, vientos fuertes y oleaje elevado en costas del occidente y sur del territorio nacional.<\/p>\n\n\n\n<p>Dicho cicl\u00f3n se encuentra a 90 kil\u00f3metros al sur-suroeste de L\u00e1zaro C\u00e1rdenas, Michoac\u00e1n, y a 115 kil\u00f3metros al oeste-suroeste de Zihuatanejo, Guerrero.<\/p>\n\n\n\n<p>Se mantiene la zona de prevenci\u00f3n por efectos de hurac\u00e1n desde T\u00e9cpan de Galeana, Guerrero, hasta Punta San Telmo, Michoac\u00e1n, as\u00ed como la zona de prevenci\u00f3n por efectos de tormenta tropical desde Punta Maldonado hasta T\u00e9cpan de Galeana, Guerrero, y desde Punta San Telmo, Michoac\u00e1n, hasta Manzanillo, en Colima.<\/p>\n\n\n\n<p>Su amplia circulaci\u00f3n generar\u00e1 lluvias puntuales extraordinarias (superiores a 250 mm) en Guerrero y Oaxaca; lluvias puntuales torrenciales (150 a 250 mm) en Chiapas (occidente); lluvias puntuales intensas (75 a 150 mm) en Michoac\u00e1n, Puebla (sur) y Veracruz (sur).<\/p>\n\n\n\n<p>Tambi\u00e9n se esperan lluvias puntuales muy fuertes (50 a 75 mm) en Jalisco y Colima. Adem\u00e1s, incrementa la probabilidad de lluvias fuertes a muy fuertes en el centro del pa\u00eds, incluido el Valle de M\u00e9xico.<\/p>\n\n\n\n<p>Se prev\u00e9 viento con rachas de 80 a 100 km\/h y oleaje de 3 a 5 metros de altura en costas de Guerrero y Michoac\u00e1n; rachas de viento de 50 a 70 km\/h y oleaje de 2 a 4 metros de altura en costas de Jalisco, Colima y Oaxaca, as\u00ed como posible formaci\u00f3n de trombas marinas en las costas de dichas entidades.<\/p>\n","protected":false},"excerpt":{"rendered":"<p>El SMN apunt\u00f3 que el hurac\u00e1n \u201cJohn\u201d producir\u00e1 lluvias muy fuertes a puntuales extraordinarias en el occidente y sur del pa\u00eds El Servicio Meteorol\u00f3gico Nacional (SMN) inform\u00f3 que \u201cJohn\u201d se intensific\u00f3 a hurac\u00e1n categor\u00eda 1 frente a las costas de Michoac\u00e1n. \u26a0\ufe0f #John ahora como hurac\u00e1n categor\u00eda 1 produce #Lluvias muy fuertes a puntuales extraordinarias, [&hellip;]<\/p>\n","protected":false},"author":47,"featured_media":92064,"comment_status":"open","ping_status":"open","sticky":false,"template":"","format":"standard","meta":{"tdm_status":"","tdm_grid_status":"","footnotes":""},"categories":[39],"tags":[],"class_list":{"0":"post-92063","1":"post","2":"type-post","3":"status-publish","4":"format-standard","5":"has-post-thumbnail","7":"category-noticias-nacionales"},"yoast_head":"<!-- This site is optimized with the Yoast SEO plugin v27.5 - https:\/\/yoast.com\/product\/yoast-seo-wordpress\/ -->\n<title>\u201cJohn\u201d vuelve a intensificarse a hurac\u00e1n categor\u00eda 1 frente a costas de Michoac\u00e1n - Fuentes Fidedignas<\/title>\n<meta name=\"robots\" content=\"index, follow, max-snippet:-1, max-image-preview:large, max-video-preview:-1\" \/>\n<link rel=\"canonical\" href=\"https:\/\/fuentesfidedignas.com.mx\/index.php\/2024\/09\/26\/john-vuelve-a-intensificarse-a-huracan-categoria-1-frente-a-costas-de-michoacan\/\" \/>\n<meta property=\"og:locale\" content=\"es_MX\" \/>\n<meta property=\"og:type\" content=\"article\" \/>\n<meta property=\"og:title\" content=\"\u201cJohn\u201d vuelve a intensificarse a hurac\u00e1n categor\u00eda 1 frente a costas de Michoac\u00e1n - Fuentes Fidedignas\" \/>\n<meta property=\"og:description\" content=\"El SMN apunt\u00f3 que el hurac\u00e1n \u201cJohn\u201d producir\u00e1 lluvias muy fuertes a puntuales extraordinarias en el occidente y sur del pa\u00eds El Servicio Meteorol\u00f3gico Nacional (SMN) inform\u00f3 que \u201cJohn\u201d se intensific\u00f3 a hurac\u00e1n categor\u00eda 1 frente a las costas de Michoac\u00e1n. \u26a0\ufe0f #John ahora como hurac\u00e1n categor\u00eda 1 produce #Lluvias muy fuertes a puntuales extraordinarias, [&hellip;]\" \/>\n<meta property=\"og:url\" content=\"https:\/\/fuentesfidedignas.com.mx\/index.php\/2024\/09\/26\/john-vuelve-a-intensificarse-a-huracan-categoria-1-frente-a-costas-de-michoacan\/\" \/>\n<meta property=\"og:site_name\" content=\"Fuentes Fidedignas\" \/>\n<meta property=\"article:publisher\" content=\"https:\/\/www.facebook.com\/Fuentes-Fidedignas-368234489921644\" \/>\n<meta property=\"article:published_time\" content=\"2024-09-26T13:34:48+00:00\" \/>\n<meta property=\"article:modified_time\" content=\"2024-09-26T13:34:50+00:00\" \/>\n<meta property=\"og:image\" content=\"https:\/\/fuentesfidedignas.com.mx\/wp-content\/uploads\/2024\/09\/john.jpg\" \/>\n\t<meta property=\"og:image:width\" content=\"650\" \/>\n\t<meta property=\"og:image:height\" content=\"433\" \/>\n\t<meta property=\"og:image:type\" content=\"image\/jpeg\" \/>\n<meta name=\"author\" content=\"L\u00f3pez D\u00f3riga\" \/>\n<meta name=\"twitter:card\" content=\"summary_large_image\" \/>\n<meta name=\"twitter:creator\" content=\"@fidedignas\" \/>\n<meta name=\"twitter:site\" content=\"@fidedignas\" \/>\n<meta name=\"twitter:label1\" content=\"Escrito por\" \/>\n\t<meta name=\"twitter:data1\" content=\"L\u00f3pez D\u00f3riga\" \/>\n\t<meta name=\"twitter:label2\" content=\"Tiempo de lectura\" \/>\n\t<meta name=\"twitter:data2\" content=\"2 minutos\" \/>\n<script type=\"application\/ld+json\" class=\"yoast-schema-graph\">{\"@context\":\"https:\\\/\\\/schema.org\",\"@graph\":[{\"@type\":\"Article\",\"@id\":\"https:\\\/\\\/fuentesfidedignas.com.mx\\\/index.php\\\/2024\\\/09\\\/26\\\/john-vuelve-a-intensificarse-a-huracan-categoria-1-frente-a-costas-de-michoacan\\\/#article\",\"isPartOf\":{\"@id\":\"https:\\\/\\\/fuentesfidedignas.com.mx\\\/index.php\\\/2024\\\/09\\\/26\\\/john-vuelve-a-intensificarse-a-huracan-categoria-1-frente-a-costas-de-michoacan\\\/\"},\"author\":{\"name\":\"L\u00f3pez D\u00f3riga\",\"@id\":\"https:\\\/\\\/fuentesfidedignas.com.mx\\\/#\\\/schema\\\/person\\\/67d852f0557c8509146a4b9ddebd543a\"},\"headline\":\"\u201cJohn\u201d vuelve a intensificarse a hurac\u00e1n categor\u00eda 1 frente a costas de Michoac\u00e1n\",\"datePublished\":\"2024-09-26T13:34:48+00:00\",\"dateModified\":\"2024-09-26T13:34:50+00:00\",\"mainEntityOfPage\":{\"@id\":\"https:\\\/\\\/fuentesfidedignas.com.mx\\\/index.php\\\/2024\\\/09\\\/26\\\/john-vuelve-a-intensificarse-a-huracan-categoria-1-frente-a-costas-de-michoacan\\\/\"},\"wordCount\":356,\"commentCount\":0,\"publisher\":{\"@id\":\"https:\\\/\\\/fuentesfidedignas.com.mx\\\/#organization\"},\"image\":{\"@id\":\"https:\\\/\\\/fuentesfidedignas.com.mx\\\/index.php\\\/2024\\\/09\\\/26\\\/john-vuelve-a-intensificarse-a-huracan-categoria-1-frente-a-costas-de-michoacan\\\/#primaryimage\"},\"thumbnailUrl\":\"https:\\\/\\\/fuentesfidedignas.com.mx\\\/wp-content\\\/uploads\\\/2024\\\/09\\\/john.jpg\",\"articleSection\":[\"NOTICIAS NACIONALES\"],\"inLanguage\":\"es\",\"potentialAction\":[{\"@type\":\"CommentAction\",\"name\":\"Comment\",\"target\":[\"https:\\\/\\\/fuentesfidedignas.com.mx\\\/index.php\\\/2024\\\/09\\\/26\\\/john-vuelve-a-intensificarse-a-huracan-categoria-1-frente-a-costas-de-michoacan\\\/#respond\"]}]},{\"@type\":\"WebPage\",\"@id\":\"https:\\\/\\\/fuentesfidedignas.com.mx\\\/index.php\\\/2024\\\/09\\\/26\\\/john-vuelve-a-intensificarse-a-huracan-categoria-1-frente-a-costas-de-michoacan\\\/\",\"url\":\"https:\\\/\\\/fuentesfidedignas.com.mx\\\/index.php\\\/2024\\\/09\\\/26\\\/john-vuelve-a-intensificarse-a-huracan-categoria-1-frente-a-costas-de-michoacan\\\/\",\"name\":\"\u201cJohn\u201d vuelve a intensificarse a hurac\u00e1n categor\u00eda 1 frente a costas de Michoac\u00e1n - Fuentes Fidedignas\",\"isPartOf\":{\"@id\":\"https:\\\/\\\/fuentesfidedignas.com.mx\\\/#website\"},\"primaryImageOfPage\":{\"@id\":\"https:\\\/\\\/fuentesfidedignas.com.mx\\\/index.php\\\/2024\\\/09\\\/26\\\/john-vuelve-a-intensificarse-a-huracan-categoria-1-frente-a-costas-de-michoacan\\\/#primaryimage\"},\"image\":{\"@id\":\"https:\\\/\\\/fuentesfidedignas.com.mx\\\/index.php\\\/2024\\\/09\\\/26\\\/john-vuelve-a-intensificarse-a-huracan-categoria-1-frente-a-costas-de-michoacan\\\/#primaryimage\"},\"thumbnailUrl\":\"https:\\\/\\\/fuentesfidedignas.com.mx\\\/wp-content\\\/uploads\\\/2024\\\/09\\\/john.jpg\",\"datePublished\":\"2024-09-26T13:34:48+00:00\",\"dateModified\":\"2024-09-26T13:34:50+00:00\",\"breadcrumb\":{\"@id\":\"https:\\\/\\\/fuentesfidedignas.com.mx\\\/index.php\\\/2024\\\/09\\\/26\\\/john-vuelve-a-intensificarse-a-huracan-categoria-1-frente-a-costas-de-michoacan\\\/#breadcrumb\"},\"inLanguage\":\"es\",\"potentialAction\":[{\"@type\":\"ReadAction\",\"target\":[\"https:\\\/\\\/fuentesfidedignas.com.mx\\\/index.php\\\/2024\\\/09\\\/26\\\/john-vuelve-a-intensificarse-a-huracan-categoria-1-frente-a-costas-de-michoacan\\\/\"]}]},{\"@type\":\"ImageObject\",\"inLanguage\":\"es\",\"@id\":\"https:\\\/\\\/fuentesfidedignas.com.mx\\\/index.php\\\/2024\\\/09\\\/26\\\/john-vuelve-a-intensificarse-a-huracan-categoria-1-frente-a-costas-de-michoacan\\\/#primaryimage\",\"url\":\"https:\\\/\\\/fuentesfidedignas.com.mx\\\/wp-content\\\/uploads\\\/2024\\\/09\\\/john.jpg\",\"contentUrl\":\"https:\\\/\\\/fuentesfidedignas.com.mx\\\/wp-content\\\/uploads\\\/2024\\\/09\\\/john.jpg\",\"width\":650,\"height\":433},{\"@type\":\"BreadcrumbList\",\"@id\":\"https:\\\/\\\/fuentesfidedignas.com.mx\\\/index.php\\\/2024\\\/09\\\/26\\\/john-vuelve-a-intensificarse-a-huracan-categoria-1-frente-a-costas-de-michoacan\\\/#breadcrumb\",\"itemListElement\":[{\"@type\":\"ListItem\",\"position\":1,\"name\":\"Inicio\",\"item\":\"https:\\\/\\\/fuentesfidedignas.com.mx\\\/\"},{\"@type\":\"ListItem\",\"position\":2,\"name\":\"\u201cJohn\u201d vuelve a intensificarse a hurac\u00e1n categor\u00eda 1 frente a costas de Michoac\u00e1n\"}]},{\"@type\":\"WebSite\",\"@id\":\"https:\\\/\\\/fuentesfidedignas.com.mx\\\/#website\",\"url\":\"https:\\\/\\\/fuentesfidedignas.com.mx\\\/\",\"name\":\"Fuentes Fidedignas\",\"description\":\"Otro sitio realizado con WordPress\",\"publisher\":{\"@id\":\"https:\\\/\\\/fuentesfidedignas.com.mx\\\/#organization\"},\"potentialAction\":[{\"@type\":\"SearchAction\",\"target\":{\"@type\":\"EntryPoint\",\"urlTemplate\":\"https:\\\/\\\/fuentesfidedignas.com.mx\\\/?s={search_term_string}\"},\"query-input\":{\"@type\":\"PropertyValueSpecification\",\"valueRequired\":true,\"valueName\":\"search_term_string\"}}],\"inLanguage\":\"es\"},{\"@type\":\"Organization\",\"@id\":\"https:\\\/\\\/fuentesfidedignas.com.mx\\\/#organization\",\"name\":\"Fuentes Fidedignas\",\"url\":\"https:\\\/\\\/fuentesfidedignas.com.mx\\\/\",\"logo\":{\"@type\":\"ImageObject\",\"inLanguage\":\"es\",\"@id\":\"https:\\\/\\\/fuentesfidedignas.com.mx\\\/#\\\/schema\\\/logo\\\/image\\\/\",\"url\":\"https:\\\/\\\/fuentesfidedignas.com.mx\\\/wp-content\\\/uploads\\\/2021\\\/04\\\/logo-retina.png\",\"contentUrl\":\"https:\\\/\\\/fuentesfidedignas.com.mx\\\/wp-content\\\/uploads\\\/2021\\\/04\\\/logo-retina.png\",\"width\":280,\"height\":51,\"caption\":\"Fuentes Fidedignas\"},\"image\":{\"@id\":\"https:\\\/\\\/fuentesfidedignas.com.mx\\\/#\\\/schema\\\/logo\\\/image\\\/\"},\"sameAs\":[\"https:\\\/\\\/www.facebook.com\\\/Fuentes-Fidedignas-368234489921644\",\"https:\\\/\\\/x.com\\\/fidedignas\"]},{\"@type\":\"Person\",\"@id\":\"https:\\\/\\\/fuentesfidedignas.com.mx\\\/#\\\/schema\\\/person\\\/67d852f0557c8509146a4b9ddebd543a\",\"name\":\"L\u00f3pez D\u00f3riga\",\"image\":{\"@type\":\"ImageObject\",\"inLanguage\":\"es\",\"@id\":\"https:\\\/\\\/secure.gravatar.com\\\/avatar\\\/e525b06574ca18b33cded59dfe5778d6c823b9513154eff47da551b0551bdd1e?s=96&d=mm&r=g\",\"url\":\"https:\\\/\\\/secure.gravatar.com\\\/avatar\\\/e525b06574ca18b33cded59dfe5778d6c823b9513154eff47da551b0551bdd1e?s=96&d=mm&r=g\",\"contentUrl\":\"https:\\\/\\\/secure.gravatar.com\\\/avatar\\\/e525b06574ca18b33cded59dfe5778d6c823b9513154eff47da551b0551bdd1e?s=96&d=mm&r=g\",\"caption\":\"L\u00f3pez D\u00f3riga\"},\"url\":\"https:\\\/\\\/fuentesfidedignas.com.mx\\\/index.php\\\/author\\\/doriga\\\/\"}]}<\/script>\n<!-- \/ Yoast SEO plugin. -->","yoast_head_json":{"title":"\u201cJohn\u201d vuelve a intensificarse a hurac\u00e1n categor\u00eda 1 frente a costas de Michoac\u00e1n - Fuentes Fidedignas","robots":{"index":"index","follow":"follow","max-snippet":"max-snippet:-1","max-image-preview":"max-image-preview:large","max-video-preview":"max-video-preview:-1"},"canonical":"https:\/\/fuentesfidedignas.com.mx\/index.php\/2024\/09\/26\/john-vuelve-a-intensificarse-a-huracan-categoria-1-frente-a-costas-de-michoacan\/","og_locale":"es_MX","og_type":"article","og_title":"\u201cJohn\u201d vuelve a intensificarse a hurac\u00e1n categor\u00eda 1 frente a costas de Michoac\u00e1n - Fuentes Fidedignas","og_description":"El SMN apunt\u00f3 que el hurac\u00e1n \u201cJohn\u201d producir\u00e1 lluvias muy fuertes a puntuales extraordinarias en el occidente y sur del pa\u00eds El Servicio Meteorol\u00f3gico Nacional (SMN) inform\u00f3 que \u201cJohn\u201d se intensific\u00f3 a hurac\u00e1n categor\u00eda 1 frente a las costas de Michoac\u00e1n. \u26a0\ufe0f #John ahora como hurac\u00e1n categor\u00eda 1 produce #Lluvias muy fuertes a puntuales extraordinarias, [&hellip;]","og_url":"https:\/\/fuentesfidedignas.com.mx\/index.php\/2024\/09\/26\/john-vuelve-a-intensificarse-a-huracan-categoria-1-frente-a-costas-de-michoacan\/","og_site_name":"Fuentes Fidedignas","article_publisher":"https:\/\/www.facebook.com\/Fuentes-Fidedignas-368234489921644","article_published_time":"2024-09-26T13:34:48+00:00","article_modified_time":"2024-09-26T13:34:50+00:00","og_image":[{"width":650,"height":433,"url":"https:\/\/fuentesfidedignas.com.mx\/wp-content\/uploads\/2024\/09\/john.jpg","type":"image\/jpeg"}],"author":"L\u00f3pez D\u00f3riga","twitter_card":"summary_large_image","twitter_creator":"@fidedignas","twitter_site":"@fidedignas","twitter_misc":{"Escrito por":"L\u00f3pez D\u00f3riga","Tiempo de lectura":"2 minutos"},"schema":{"@context":"https:\/\/schema.org","@graph":[{"@type":"Article","@id":"https:\/\/fuentesfidedignas.com.mx\/index.php\/2024\/09\/26\/john-vuelve-a-intensificarse-a-huracan-categoria-1-frente-a-costas-de-michoacan\/#article","isPartOf":{"@id":"https:\/\/fuentesfidedignas.com.mx\/index.php\/2024\/09\/26\/john-vuelve-a-intensificarse-a-huracan-categoria-1-frente-a-costas-de-michoacan\/"},"author":{"name":"L\u00f3pez D\u00f3riga","@id":"https:\/\/fuentesfidedignas.com.mx\/#\/schema\/person\/67d852f0557c8509146a4b9ddebd543a"},"headline":"\u201cJohn\u201d vuelve a intensificarse a hurac\u00e1n categor\u00eda 1 frente a costas de Michoac\u00e1n","datePublished":"2024-09-26T13:34:48+00:00","dateModified":"2024-09-26T13:34:50+00:00","mainEntityOfPage":{"@id":"https:\/\/fuentesfidedignas.com.mx\/index.php\/2024\/09\/26\/john-vuelve-a-intensificarse-a-huracan-categoria-1-frente-a-costas-de-michoacan\/"},"wordCount":356,"commentCount":0,"publisher":{"@id":"https:\/\/fuentesfidedignas.com.mx\/#organization"},"image":{"@id":"https:\/\/fuentesfidedignas.com.mx\/index.php\/2024\/09\/26\/john-vuelve-a-intensificarse-a-huracan-categoria-1-frente-a-costas-de-michoacan\/#primaryimage"},"thumbnailUrl":"https:\/\/fuentesfidedignas.com.mx\/wp-content\/uploads\/2024\/09\/john.jpg","articleSection":["NOTICIAS NACIONALES"],"inLanguage":"es","potentialAction":[{"@type":"CommentAction","name":"Comment","target":["https:\/\/fuentesfidedignas.com.mx\/index.php\/2024\/09\/26\/john-vuelve-a-intensificarse-a-huracan-categoria-1-frente-a-costas-de-michoacan\/#respond"]}]},{"@type":"WebPage","@id":"https:\/\/fuentesfidedignas.com.mx\/index.php\/2024\/09\/26\/john-vuelve-a-intensificarse-a-huracan-categoria-1-frente-a-costas-de-michoacan\/","url":"https:\/\/fuentesfidedignas.com.mx\/index.php\/2024\/09\/26\/john-vuelve-a-intensificarse-a-huracan-categoria-1-frente-a-costas-de-michoacan\/","name":"\u201cJohn\u201d vuelve a intensificarse a hurac\u00e1n categor\u00eda 1 frente a costas de Michoac\u00e1n - Fuentes Fidedignas","isPartOf":{"@id":"https:\/\/fuentesfidedignas.com.mx\/#website"},"primaryImageOfPage":{"@id":"https:\/\/fuentesfidedignas.com.mx\/index.php\/2024\/09\/26\/john-vuelve-a-intensificarse-a-huracan-categoria-1-frente-a-costas-de-michoacan\/#primaryimage"},"image":{"@id":"https:\/\/fuentesfidedignas.com.mx\/index.php\/2024\/09\/26\/john-vuelve-a-intensificarse-a-huracan-categoria-1-frente-a-costas-de-michoacan\/#primaryimage"},"thumbnailUrl":"https:\/\/fuentesfidedignas.com.mx\/wp-content\/uploads\/2024\/09\/john.jpg","datePublished":"2024-09-26T13:34:48+00:00","dateModified":"2024-09-26T13:34:50+00:00","breadcrumb":{"@id":"https:\/\/fuentesfidedignas.com.mx\/index.php\/2024\/09\/26\/john-vuelve-a-intensificarse-a-huracan-categoria-1-frente-a-costas-de-michoacan\/#breadcrumb"},"inLanguage":"es","potentialAction":[{"@type":"ReadAction","target":["https:\/\/fuentesfidedignas.com.mx\/index.php\/2024\/09\/26\/john-vuelve-a-intensificarse-a-huracan-categoria-1-frente-a-costas-de-michoacan\/"]}]},{"@type":"ImageObject","inLanguage":"es","@id":"https:\/\/fuentesfidedignas.com.mx\/index.php\/2024\/09\/26\/john-vuelve-a-intensificarse-a-huracan-categoria-1-frente-a-costas-de-michoacan\/#primaryimage","url":"https:\/\/fuentesfidedignas.com.mx\/wp-content\/uploads\/2024\/09\/john.jpg","contentUrl":"https:\/\/fuentesfidedignas.com.mx\/wp-content\/uploads\/2024\/09\/john.jpg","width":650,"height":433},{"@type":"BreadcrumbList","@id":"https:\/\/fuentesfidedignas.com.mx\/index.php\/2024\/09\/26\/john-vuelve-a-intensificarse-a-huracan-categoria-1-frente-a-costas-de-michoacan\/#breadcrumb","itemListElement":[{"@type":"ListItem","position":1,"name":"Inicio","item":"https:\/\/fuentesfidedignas.com.mx\/"},{"@type":"ListItem","position":2,"name":"\u201cJohn\u201d vuelve a intensificarse a hurac\u00e1n categor\u00eda 1 frente a costas de Michoac\u00e1n"}]},{"@type":"WebSite","@id":"https:\/\/fuentesfidedignas.com.mx\/#website","url":"https:\/\/fuentesfidedignas.com.mx\/","name":"Fuentes Fidedignas","description":"Otro sitio realizado con WordPress","publisher":{"@id":"https:\/\/fuentesfidedignas.com.mx\/#organization"},"potentialAction":[{"@type":"SearchAction","target":{"@type":"EntryPoint","urlTemplate":"https:\/\/fuentesfidedignas.com.mx\/?s={search_term_string}"},"query-input":{"@type":"PropertyValueSpecification","valueRequired":true,"valueName":"search_term_string"}}],"inLanguage":"es"},{"@type":"Organization","@id":"https:\/\/fuentesfidedignas.com.mx\/#organization","name":"Fuentes Fidedignas","url":"https:\/\/fuentesfidedignas.com.mx\/","logo":{"@type":"ImageObject","inLanguage":"es","@id":"https:\/\/fuentesfidedignas.com.mx\/#\/schema\/logo\/image\/","url":"https:\/\/fuentesfidedignas.com.mx\/wp-content\/uploads\/2021\/04\/logo-retina.png","contentUrl":"https:\/\/fuentesfidedignas.com.mx\/wp-content\/uploads\/2021\/04\/logo-retina.png","width":280,"height":51,"caption":"Fuentes Fidedignas"},"image":{"@id":"https:\/\/fuentesfidedignas.com.mx\/#\/schema\/logo\/image\/"},"sameAs":["https:\/\/www.facebook.com\/Fuentes-Fidedignas-368234489921644","https:\/\/x.com\/fidedignas"]},{"@type":"Person","@id":"https:\/\/fuentesfidedignas.com.mx\/#\/schema\/person\/67d852f0557c8509146a4b9ddebd543a","name":"L\u00f3pez D\u00f3riga","image":{"@type":"ImageObject","inLanguage":"es","@id":"https:\/\/secure.gravatar.com\/avatar\/e525b06574ca18b33cded59dfe5778d6c823b9513154eff47da551b0551bdd1e?s=96&d=mm&r=g","url":"https:\/\/secure.gravatar.com\/avatar\/e525b06574ca18b33cded59dfe5778d6c823b9513154eff47da551b0551bdd1e?s=96&d=mm&r=g","contentUrl":"https:\/\/secure.gravatar.com\/avatar\/e525b06574ca18b33cded59dfe5778d6c823b9513154eff47da551b0551bdd1e?s=96&d=mm&r=g","caption":"L\u00f3pez D\u00f3riga"},"url":"https:\/\/fuentesfidedignas.com.mx\/index.php\/author\/doriga\/"}]}},"_links":{"self":[{"href":"https:\/\/fuentesfidedignas.com.mx\/index.php\/wp-json\/wp\/v2\/posts\/92063","targetHints":{"allow":["GET"]}}],"collection":[{"href":"https:\/\/fuentesfidedignas.com.mx\/index.php\/wp-json\/wp\/v2\/posts"}],"about":[{"href":"https:\/\/fuentesfidedignas.com.mx\/index.php\/wp-json\/wp\/v2\/types\/post"}],"author":[{"embeddable":true,"href":"https:\/\/fuentesfidedignas.com.mx\/index.php\/wp-json\/wp\/v2\/users\/47"}],"replies":[{"embeddable":true,"href":"https:\/\/fuentesfidedignas.com.mx\/index.php\/wp-json\/wp\/v2\/comments?post=92063"}],"version-history":[{"count":1,"href":"https:\/\/fuentesfidedignas.com.mx\/index.php\/wp-json\/wp\/v2\/posts\/92063\/revisions"}],"predecessor-version":[{"id":92065,"href":"https:\/\/fuentesfidedignas.com.mx\/index.php\/wp-json\/wp\/v2\/posts\/92063\/revisions\/92065"}],"wp:featuredmedia":[{"embeddable":true,"href":"https:\/\/fuentesfidedignas.com.mx\/index.php\/wp-json\/wp\/v2\/media\/92064"}],"wp:attachment":[{"href":"https:\/\/fuentesfidedignas.com.mx\/index.php\/wp-json\/wp\/v2\/media?parent=92063"}],"wp:term":[{"taxonomy":"category","embeddable":true,"href":"https:\/\/fuentesfidedignas.com.mx\/index.php\/wp-json\/wp\/v2\/categories?post=92063"},{"taxonomy":"post_tag","embeddable":true,"href":"https:\/\/fuentesfidedignas.com.mx\/index.php\/wp-json\/wp\/v2\/tags?post=92063"}],"curies":[{"name":"wp","href":"https:\/\/api.w.org\/{rel}","templated":true}]}}