{"id":91960,"date":"2024-09-25T06:29:43","date_gmt":"2024-09-25T13:29:43","guid":{"rendered":"https:\/\/fuentesfidedignas.com.mx\/?p=91960"},"modified":"2024-09-25T06:29:47","modified_gmt":"2024-09-25T13:29:47","slug":"morena-y-aliados-aprueban-en-lo-general-y-particular-el-traspaso-de-la-guardia-nacional-a-la-sedena","status":"publish","type":"post","link":"https:\/\/fuentesfidedignas.com.mx\/index.php\/2024\/09\/25\/morena-y-aliados-aprueban-en-lo-general-y-particular-el-traspaso-de-la-guardia-nacional-a-la-sedena\/","title":{"rendered":"Morena y aliados aprueban en lo general y particular el traspaso de la Guardia Nacional a la Sedena"},"content":{"rendered":"\n<p><strong><em>El traspaso de Guardia Nacional a Sedena deber\u00e1 ratificarse en al menos 17 congresos locales.<\/em><\/strong><\/p>\n\n\n\n<p>Entre confrontaci\u00f3n, acusaciones, y audios, Morena y los partidos Verde y del Trabajo hicieron valer su mayor\u00eda y aprobaron en lo general, con el voto en contra del PAN, PRI y Movimiento Ciudadano, el traspaso de la Guardia Nacional a la Secretar\u00eda de la Defensa Nacional (Sedena).<\/p>\n\n\n\n<p>En una sesi\u00f3n nocturna, que inici\u00f3 a las 21:50 horas del martes, y una vez transcurridas las 24 horas que marca la ley, la mayor\u00eda inici\u00f3 la discusi\u00f3n fast track y tras casi siete horas se aprob\u00f3 al contar con la mayor\u00eda calificada que se requiere para modificar la Constituci\u00f3n. Esto se logr\u00f3 por 86 votos a favor y 42 en contra.&nbsp;<\/p>\n\n\n\n<p>De inmediato, el decreto se envi\u00f3 a los congresos de los estados para que la mitad m\u00e1s uno lo ratifique. Las reformas que modifican los art\u00edculos 13, 16, 21, 32, 55, 73, 76, 78, 82, 89, 123 y 129 de la Carta Magna, fueron avaladas con \u2026.. Adem\u00e1s de su adscripci\u00f3n a la Sedena, se da a la Guardia Nacional la facultad de investigar delitos.<\/p>\n\n\n\n<p>&#8220;La investigaci\u00f3n de los delitos corresponde al Ministerio P\u00fablico, a las polic\u00edas y a la Guardia Nacional, en el \u00e1mbito de su competencia, las cuales actuar\u00e1n bajo la conducci\u00f3n y mando de aqu\u00e9l en el ejercicio de esta funci\u00f3n\u201d, se establece en el dictamen.<\/p>\n\n\n\n<p><strong>Harfuch toma la tribuna por primera vez\u00a0<\/strong><br>En su \u00fanica intervenci\u00f3n en tribuna como senador, el pr\u00f3ximo secretario de Seguridad, Omar Garc\u00eda Harfuch defendi\u00f3 la reforma propuesta por el presidente Andr\u00e9s Manuel L\u00f3pez Obrador y que se aplicar\u00e1 en el sexenio de la pr\u00f3xima mandataria Claudia Sheinbaum. Y dijo que se apuesta a la investigaci\u00f3n e inteligencia.<\/p>\n\n\n\n<p>\u201cNo existe militarizaci\u00f3n alguna. La Secretar\u00eda de Seguridad hoy tiene la atribuci\u00f3n de dise\u00f1ar la estrategia de seguridad, as\u00ed como de coordinar el Gabinete de Seguridad.. Considerando que existe la inteligencia naval, inteligencia militar, inteligencia financiera, el objetivo es reunir la informaci\u00f3n generada por todas las instancias y convertirlas en un producto operable, unificar la investigaci\u00f3n para disminuir la incidencia y prevenir actos delictivos\u201d.<\/p>\n\n\n\n<p>A\u00f1adi\u00f3 que \u201cUn retroceso en la consolidaci\u00f3n de la Guardia Nacional implicar\u00eda esfuerzos perdidos y nos tomar\u00eda a\u00f1os construir otro cuerpo de seguridad y nuevamente volver\u00edamos a empezar de cero\u201d.<\/p>\n\n\n\n<p>Antes, al posicionar el dictamen, Citlalli Hern\u00e1ndez, senadora de Morena y presidenta de la Comisi\u00f3n de Estudios Legislativos, explic\u00f3 que la reforma no trastoca las garant\u00edas individuales de las y los ciudadanos.<\/p>\n\n\n\n<p>\u201cVale la pena decirlo fuerte y claro, la presenta reforma no vulnera, no trastoca, no limita derechos fundamentales del pueblo. La seguridad ciudadana en un Estado garantista como el nuestro, se concibe como la situaci\u00f3n social en la que todas las personas puedan gozar libremente de sus derechos fundamentales\u201d.<\/p>\n\n\n\n<p>Desde tribuna, rechaz\u00f3 el discurso de la oposici\u00f3n y as\u00ed les respondi\u00f3:<\/p>\n\n\n\n<p>\u201cPrimero, que estamos militarizando al pa\u00eds cosa que como he explicado es totalmente falso. Y segunda, que la mayor\u00eda legislativa proveniente de la lucha social somos incongruentes por nuestras posturas del pasado de la pol\u00edtica de seguridad de Felipe Calder\u00f3n. Nos sacan nuestros tuits, nuestras posturas de hace 12 a\u00f1os, planteadas en los anteriores sexenios insinuando que estamos alejados de los mismos. No compa\u00f1eros de la oposici\u00f3n, nosotros seguimos siendo los mismos y con las convicciones m\u00e1s fuertes\u201d.<\/p>\n\n\n\n<p><strong>El PAN yMC no van por la reforma<\/strong><\/p>\n\n\n\n<p>El panista Ricardo Anaya brome\u00f3 con su lapsus de un d\u00eda anterior, al votar en comisiones a favor de la reforma, y dijo que a base de \u201cmadrazos\u201d ha aprendido a re\u00edrse de \u00e9l mismo. Adem\u00e1s, en su intervenci\u00f3n acus\u00f3 que la estrategia de este gobierno ha sido un rotundo fracaso.<\/p>\n\n\n\n<p>\u201cPorque esta estrategia que consiste en militarizar la seguridad p\u00fablica ha sido un absoluto fracaso en nuestro pa\u00eds\u2026Es una estrategia fallida y esa es la primera raz\u00f3n por la que no podemos acompa\u00f1ar esta reforma. No nos oponemos por necedad, nos oponemos porque no funciona para pacificar el pa\u00eds\u201d.<\/p>\n\n\n\n<p>Y agreg\u00f3: \u201cDec\u00eda Einstein, o por lo menos se lo atribuyen, que la definici\u00f3n de locura es hacer lo mismo una y otra vez, y esperar resultados diferentes, no vamos a apoyar esta reforma, porque haciendo lo mismo una y otra vez, estamos condenados al mismo fracaso, y por eso nuestro voto ser\u00e1, y no me vuelvo a equivocar, en contra\u201d.<\/p>\n\n\n\n<p>La emecista Alejandra Barrales anunci\u00f3 el voto en contra de su bancada y cuestion\u00f3 a sus ex compa\u00f1eros de izquierda en qu\u00e9 momento cambiaron de parecer al apoyar una reforma como estas.<\/p>\n\n\n\n<p>\u201cNo puedo sino con tristeza decirles una vez m\u00e1s, y que no se les olvide, estoy segura, al tiempo, as\u00ed se les va a etiquetar en la historia de este pa\u00eds. Es este gobierno de izquierda el que viene a hacer realidad el m\u00e1s grande anhelo de la derecha, militarizar al pa\u00eds. Piensen, reflexionen si lo que hoy se est\u00e1 haciendo no es lanzar un boomerang nos puede alcanzar a todos los que estamos aqu\u00ed presentes\u201d, subray\u00f3.<\/p>\n\n\n\n<p>Marko Cort\u00e9s, senador del PAN, le pidi\u00f3 al coordinador de Morena respetar la pluralidad, porque al final sab\u00edan que tienen los votos necesarios para aprobar la reforma\u2026 \u201cen Acci\u00f3n Nacional decimos s\u00ed a la seguridad, pero decimos no, con mucha claridad a la militarizaci\u00f3n de nuestro pa\u00eds. Y si hay preguntas me espero con mucho gusto\u201d.<\/p>\n\n\n\n<p>Pero, el presidente del Senado, Gerardo Fern\u00e1ndez Noro\u00f1a le dijo que ya hab\u00eda terminado su tiempo, \u201csenador, aqu\u00ed quien conduce es un servidor, usted ya termin\u00f3 su intervenci\u00f3n\u201d.<\/p>\n\n\n\n<p>Pero, pidi\u00f3 la palabra Ad\u00e1n Augusto L\u00f3pez, coordinador de Morena, quien s\u00f3lo se limit\u00f3 a comentar: \u201cpensaba responder al senador que me aludi\u00f3, pero, recurro a la sabidur\u00eda popular: \u00e1guila no come mosca\u201d.<\/p>\n\n\n\n<p><strong>El Senado contra Corral<\/strong><\/p>\n\n\n\n<p>En la discusi\u00f3n, el senador del PRI, Miguel Riquelme y la panista Mayuli Latifa Mart\u00ednez cuestionaron a Javier Corral por defender el traspaso de la Guardia Nacional a la Sedena cuando antes pensaba diferente.<\/p>\n\n\n\n<p>El ex gobernador de Coahuila le dijo que recordara cuando solicit\u00f3 la salida de la Guardia Nacional en Chihuahua, pero el ex panista lo neg\u00f3.<\/p>\n\n\n\n<p>Despu\u00e9s, la senadora Mart\u00ednez puso en su celular un audio de Corral donde se escuch\u00f3:&nbsp;<\/p>\n\n\n\n<p>\u201cComo legislador federal y luego como gobernador por el estado de Chihuahua me he opuesto a los tres intentos de militarizar la seguridad p\u00fablica de nuestro pa\u00eds\u201d<br>A lo que la legisladora ironiz\u00f3: Ups, \u00bfqui\u00e9n ser\u00e1?<\/p>\n\n\n\n<p>Y coloc\u00f3 nuevamente su celular en el micr\u00f3fono: \u201cpor supuesto me opongo a la iniciativa presentada por el presidente Andr\u00e9s Manuel L\u00f3pez Obrador, lo hago bajo los mismos argumentos, bajo la misma consistencia, el modelo no es entregar en la desesperaci\u00f3n entregar a las Fuerzas Armadas desde el estatus constitucional\u201d<\/p>\n\n\n\n<p>De inmediato Corral respondi\u00f3: \u201cLo invito, no solo a ir a la fuente original, los invito a que consulten la p\u00e1gina del gobierno del estado de Chihuahua para que vean la manera, el nivel en que un ex gobernador, como lo hace una senadora, pretenden enga\u00f1ar a este pleno, distorsionado informaci\u00f3n, aqu\u00ed todo mundo pens\u00f3 que hab\u00eda pedido la salida de la guardia nacional, pues nunca lo hice, fue una mentira, una manipulaci\u00f3n como lo hace la senadora del PAN\u201d.<\/p>\n\n\n\n<p>Alrededor de las 3:00 de la ma\u00f1ana del mi\u00e9rcoles, subi\u00f3 a tribuna el a\u00fan panista Miguel Angel Yunes y nuevamente respald\u00f3 la reforma morenista:<\/p>\n\n\n\n<p>\u201cInsin\u00faan, pero no se atreven a decir que existe el riesgo de represi\u00f3n, de que se destruya nuestra democracia y de que vayamos hacia una dictadura. Yo no veo esos riesgos porque conozco de cerca a nuestras fuerzas armadas y s\u00e9 de su amor a M\u00e9xico, de su lealtad a la Constituci\u00f3n, de su institucionalidad y de su patriotismo. El \u00fanico poder al que aspiran nuestras fuerzas armadas es el poder de servir m\u00e1s y mejor a M\u00e9xico, no aspiran al poder pol\u00edtico\u201d.<br>Geovanna Ba\u00f1uelos del PT se\u00f1al\u00f3 que a diferencia de reg\u00edmenes anteriores donde el uso del Ej\u00e9rcito fue para atentar, reprimir, desaparecer y liquidar a los grupos civiles opositores, hoy el uso de las Fuerzas Armadas ha tenido un destino muy espec\u00edfico: servir y ser defensores del pueblo mexicano.<\/p>\n\n\n\n<p>\u201cEn la Cuarta Transformaci\u00f3n no hay represi\u00f3n pol\u00edtica, tortura, no hay espionaje. Los delitos de alto impacto van a la baja: los homicidios se han reducido en un 18%; feminicidios que antes ni siquiera se contaban tambi\u00e9n; los secuestros y los delitos del fuero federal. Aunque no les guste, ah\u00ed est\u00e1n las estad\u00edsticas\u201d, resalt\u00f3.<br>Te recomendamos<\/p>\n\n\n\n<p>PRI en Senado insiste en que votar\u00e1 en contra de la Guardia Nacional<\/p>\n\n\n\n<p>Traspaso de Guardia Nacional a Sedena avanza en comisiones del Senado; pasa al pleno<br>De qu\u00e9 van las modificaciones&nbsp;<br>El Senado aprob\u00f3 en lo general el traspaso de la Guardia Nacional a la Secretar\u00eda de la Defensa Nacional (Sedena) y as\u00ed modificar el p\u00e1rrafo d\u00e9cimo segundo del art\u00edculo 21 del dictamen, a fin de eliminar las palabras \u201cde origen\u201d y \u201cmarino\u201d.<\/p>\n\n\n\n<p>Por lo que el p\u00e1rrafo: \u201cde car\u00e1cter permanente e integrada por personal de origen militar y marino\u201d solamente quedar\u00eda: \u201cpor personal militar con formaci\u00f3n policial\u201d.<\/p>\n\n\n\n<p><strong>La modificaci\u00f3n se establece:<\/strong><br>La Federaci\u00f3n contar\u00e1 con la Guardia Nacional, fuerza de seguridad p\u00fablica, profesional, de car\u00e1cter permanente e integrada por personal militar con formaci\u00f3n policial, dependiente de la Secretar\u00eda del ramo de Defensa Nacional, para ejecutar la Estrategia Nacional de Seguridad P\u00fablica en el \u00e1mbito de su competencia.<br>Adem\u00e1s, el\u00a0dictamen, adem\u00e1s de la definici\u00f3n y funci\u00f3n para la Guardia Nacional, estipula que la investigaci\u00f3n de los delitos corresponde al Ministerio P\u00fablico, a las polic\u00edas y a la Guardia Nacional, en el \u00e1mbito de su competencia, las cuales actuar\u00e1n bajo la conducci\u00f3n y mando de aquel en el ejercicio de esta funci\u00f3n.<\/p>\n\n\n\n<p>La reforma, tambi\u00e9n\u00a0indica que el Congreso tendr\u00e1 la facultad para expedir leyes que regulen y establezcan requisitos y l\u00edmites para la participaci\u00f3n del Ej\u00e9rcito, Armada y Fuerza A\u00e9rea en materia de seguridad interior y en tareas de apoyo a la seguridad p\u00fablica.<\/p>\n","protected":false},"excerpt":{"rendered":"<p>El traspaso de Guardia Nacional a Sedena deber\u00e1 ratificarse en al menos 17 congresos locales. Entre confrontaci\u00f3n, acusaciones, y audios, Morena y los partidos Verde y del Trabajo hicieron valer su mayor\u00eda y aprobaron en lo general, con el voto en contra del PAN, PRI y Movimiento Ciudadano, el traspaso de la Guardia Nacional a [&hellip;]<\/p>\n","protected":false},"author":9,"featured_media":17663,"comment_status":"open","ping_status":"open","sticky":false,"template":"","format":"standard","meta":{"tdm_status":"","tdm_grid_status":"","footnotes":""},"categories":[39],"tags":[],"class_list":{"0":"post-91960","1":"post","2":"type-post","3":"status-publish","4":"format-standard","5":"has-post-thumbnail","7":"category-noticias-nacionales"},"yoast_head":"<!-- This site is optimized with the Yoast SEO plugin v27.5 - https:\/\/yoast.com\/product\/yoast-seo-wordpress\/ -->\n<title>Morena y aliados aprueban en lo general y particular el traspaso de la Guardia Nacional a la Sedena - Fuentes Fidedignas<\/title>\n<meta name=\"robots\" content=\"index, follow, max-snippet:-1, max-image-preview:large, max-video-preview:-1\" \/>\n<link rel=\"canonical\" href=\"https:\/\/fuentesfidedignas.com.mx\/index.php\/2024\/09\/25\/morena-y-aliados-aprueban-en-lo-general-y-particular-el-traspaso-de-la-guardia-nacional-a-la-sedena\/\" \/>\n<meta property=\"og:locale\" content=\"es_MX\" \/>\n<meta property=\"og:type\" content=\"article\" \/>\n<meta property=\"og:title\" content=\"Morena y aliados aprueban en lo general y particular el traspaso de la Guardia Nacional a la Sedena - Fuentes Fidedignas\" \/>\n<meta property=\"og:description\" content=\"El traspaso de Guardia Nacional a Sedena deber\u00e1 ratificarse en al menos 17 congresos locales. Entre confrontaci\u00f3n, acusaciones, y audios, Morena y los partidos Verde y del Trabajo hicieron valer su mayor\u00eda y aprobaron en lo general, con el voto en contra del PAN, PRI y Movimiento Ciudadano, el traspaso de la Guardia Nacional a [&hellip;]\" \/>\n<meta property=\"og:url\" content=\"https:\/\/fuentesfidedignas.com.mx\/index.php\/2024\/09\/25\/morena-y-aliados-aprueban-en-lo-general-y-particular-el-traspaso-de-la-guardia-nacional-a-la-sedena\/\" \/>\n<meta property=\"og:site_name\" content=\"Fuentes Fidedignas\" \/>\n<meta property=\"article:publisher\" content=\"https:\/\/www.facebook.com\/Fuentes-Fidedignas-368234489921644\" \/>\n<meta property=\"article:published_time\" content=\"2024-09-25T13:29:43+00:00\" \/>\n<meta property=\"article:modified_time\" content=\"2024-09-25T13:29:47+00:00\" \/>\n<meta property=\"og:image\" content=\"https:\/\/fuentesfidedignas.com.mx\/wp-content\/uploads\/2021\/11\/GUARDIA_NACIONAL.jpg\" \/>\n\t<meta property=\"og:image:width\" content=\"512\" \/>\n\t<meta property=\"og:image:height\" content=\"316\" \/>\n\t<meta property=\"og:image:type\" content=\"image\/jpeg\" \/>\n<meta name=\"author\" content=\"Milenio\" \/>\n<meta name=\"twitter:card\" content=\"summary_large_image\" \/>\n<meta name=\"twitter:creator\" content=\"@fidedignas\" \/>\n<meta name=\"twitter:site\" content=\"@fidedignas\" \/>\n<meta name=\"twitter:label1\" content=\"Escrito por\" \/>\n\t<meta name=\"twitter:data1\" content=\"Milenio\" \/>\n\t<meta name=\"twitter:label2\" content=\"Tiempo de lectura\" \/>\n\t<meta name=\"twitter:data2\" content=\"8 minutos\" \/>\n<script type=\"application\/ld+json\" class=\"yoast-schema-graph\">{\"@context\":\"https:\\\/\\\/schema.org\",\"@graph\":[{\"@type\":\"Article\",\"@id\":\"https:\\\/\\\/fuentesfidedignas.com.mx\\\/index.php\\\/2024\\\/09\\\/25\\\/morena-y-aliados-aprueban-en-lo-general-y-particular-el-traspaso-de-la-guardia-nacional-a-la-sedena\\\/#article\",\"isPartOf\":{\"@id\":\"https:\\\/\\\/fuentesfidedignas.com.mx\\\/index.php\\\/2024\\\/09\\\/25\\\/morena-y-aliados-aprueban-en-lo-general-y-particular-el-traspaso-de-la-guardia-nacional-a-la-sedena\\\/\"},\"author\":{\"name\":\"Milenio\",\"@id\":\"https:\\\/\\\/fuentesfidedignas.com.mx\\\/#\\\/schema\\\/person\\\/47ec0135738f4b0c7495f06a77a2c976\"},\"headline\":\"Morena y aliados aprueban en lo general y particular el traspaso de la Guardia Nacional a la Sedena\",\"datePublished\":\"2024-09-25T13:29:43+00:00\",\"dateModified\":\"2024-09-25T13:29:47+00:00\",\"mainEntityOfPage\":{\"@id\":\"https:\\\/\\\/fuentesfidedignas.com.mx\\\/index.php\\\/2024\\\/09\\\/25\\\/morena-y-aliados-aprueban-en-lo-general-y-particular-el-traspaso-de-la-guardia-nacional-a-la-sedena\\\/\"},\"wordCount\":1798,\"commentCount\":0,\"publisher\":{\"@id\":\"https:\\\/\\\/fuentesfidedignas.com.mx\\\/#organization\"},\"image\":{\"@id\":\"https:\\\/\\\/fuentesfidedignas.com.mx\\\/index.php\\\/2024\\\/09\\\/25\\\/morena-y-aliados-aprueban-en-lo-general-y-particular-el-traspaso-de-la-guardia-nacional-a-la-sedena\\\/#primaryimage\"},\"thumbnailUrl\":\"https:\\\/\\\/fuentesfidedignas.com.mx\\\/wp-content\\\/uploads\\\/2021\\\/11\\\/GUARDIA_NACIONAL.jpg\",\"articleSection\":[\"NOTICIAS NACIONALES\"],\"inLanguage\":\"es\",\"potentialAction\":[{\"@type\":\"CommentAction\",\"name\":\"Comment\",\"target\":[\"https:\\\/\\\/fuentesfidedignas.com.mx\\\/index.php\\\/2024\\\/09\\\/25\\\/morena-y-aliados-aprueban-en-lo-general-y-particular-el-traspaso-de-la-guardia-nacional-a-la-sedena\\\/#respond\"]}]},{\"@type\":\"WebPage\",\"@id\":\"https:\\\/\\\/fuentesfidedignas.com.mx\\\/index.php\\\/2024\\\/09\\\/25\\\/morena-y-aliados-aprueban-en-lo-general-y-particular-el-traspaso-de-la-guardia-nacional-a-la-sedena\\\/\",\"url\":\"https:\\\/\\\/fuentesfidedignas.com.mx\\\/index.php\\\/2024\\\/09\\\/25\\\/morena-y-aliados-aprueban-en-lo-general-y-particular-el-traspaso-de-la-guardia-nacional-a-la-sedena\\\/\",\"name\":\"Morena y aliados aprueban en lo general y particular el traspaso de la Guardia Nacional a la Sedena - Fuentes Fidedignas\",\"isPartOf\":{\"@id\":\"https:\\\/\\\/fuentesfidedignas.com.mx\\\/#website\"},\"primaryImageOfPage\":{\"@id\":\"https:\\\/\\\/fuentesfidedignas.com.mx\\\/index.php\\\/2024\\\/09\\\/25\\\/morena-y-aliados-aprueban-en-lo-general-y-particular-el-traspaso-de-la-guardia-nacional-a-la-sedena\\\/#primaryimage\"},\"image\":{\"@id\":\"https:\\\/\\\/fuentesfidedignas.com.mx\\\/index.php\\\/2024\\\/09\\\/25\\\/morena-y-aliados-aprueban-en-lo-general-y-particular-el-traspaso-de-la-guardia-nacional-a-la-sedena\\\/#primaryimage\"},\"thumbnailUrl\":\"https:\\\/\\\/fuentesfidedignas.com.mx\\\/wp-content\\\/uploads\\\/2021\\\/11\\\/GUARDIA_NACIONAL.jpg\",\"datePublished\":\"2024-09-25T13:29:43+00:00\",\"dateModified\":\"2024-09-25T13:29:47+00:00\",\"breadcrumb\":{\"@id\":\"https:\\\/\\\/fuentesfidedignas.com.mx\\\/index.php\\\/2024\\\/09\\\/25\\\/morena-y-aliados-aprueban-en-lo-general-y-particular-el-traspaso-de-la-guardia-nacional-a-la-sedena\\\/#breadcrumb\"},\"inLanguage\":\"es\",\"potentialAction\":[{\"@type\":\"ReadAction\",\"target\":[\"https:\\\/\\\/fuentesfidedignas.com.mx\\\/index.php\\\/2024\\\/09\\\/25\\\/morena-y-aliados-aprueban-en-lo-general-y-particular-el-traspaso-de-la-guardia-nacional-a-la-sedena\\\/\"]}]},{\"@type\":\"ImageObject\",\"inLanguage\":\"es\",\"@id\":\"https:\\\/\\\/fuentesfidedignas.com.mx\\\/index.php\\\/2024\\\/09\\\/25\\\/morena-y-aliados-aprueban-en-lo-general-y-particular-el-traspaso-de-la-guardia-nacional-a-la-sedena\\\/#primaryimage\",\"url\":\"https:\\\/\\\/fuentesfidedignas.com.mx\\\/wp-content\\\/uploads\\\/2021\\\/11\\\/GUARDIA_NACIONAL.jpg\",\"contentUrl\":\"https:\\\/\\\/fuentesfidedignas.com.mx\\\/wp-content\\\/uploads\\\/2021\\\/11\\\/GUARDIA_NACIONAL.jpg\",\"width\":512,\"height\":316},{\"@type\":\"BreadcrumbList\",\"@id\":\"https:\\\/\\\/fuentesfidedignas.com.mx\\\/index.php\\\/2024\\\/09\\\/25\\\/morena-y-aliados-aprueban-en-lo-general-y-particular-el-traspaso-de-la-guardia-nacional-a-la-sedena\\\/#breadcrumb\",\"itemListElement\":[{\"@type\":\"ListItem\",\"position\":1,\"name\":\"Inicio\",\"item\":\"https:\\\/\\\/fuentesfidedignas.com.mx\\\/\"},{\"@type\":\"ListItem\",\"position\":2,\"name\":\"Morena y aliados aprueban en lo general y particular el traspaso de la Guardia Nacional a la Sedena\"}]},{\"@type\":\"WebSite\",\"@id\":\"https:\\\/\\\/fuentesfidedignas.com.mx\\\/#website\",\"url\":\"https:\\\/\\\/fuentesfidedignas.com.mx\\\/\",\"name\":\"Fuentes Fidedignas\",\"description\":\"Otro sitio realizado con WordPress\",\"publisher\":{\"@id\":\"https:\\\/\\\/fuentesfidedignas.com.mx\\\/#organization\"},\"potentialAction\":[{\"@type\":\"SearchAction\",\"target\":{\"@type\":\"EntryPoint\",\"urlTemplate\":\"https:\\\/\\\/fuentesfidedignas.com.mx\\\/?s={search_term_string}\"},\"query-input\":{\"@type\":\"PropertyValueSpecification\",\"valueRequired\":true,\"valueName\":\"search_term_string\"}}],\"inLanguage\":\"es\"},{\"@type\":\"Organization\",\"@id\":\"https:\\\/\\\/fuentesfidedignas.com.mx\\\/#organization\",\"name\":\"Fuentes Fidedignas\",\"url\":\"https:\\\/\\\/fuentesfidedignas.com.mx\\\/\",\"logo\":{\"@type\":\"ImageObject\",\"inLanguage\":\"es\",\"@id\":\"https:\\\/\\\/fuentesfidedignas.com.mx\\\/#\\\/schema\\\/logo\\\/image\\\/\",\"url\":\"https:\\\/\\\/fuentesfidedignas.com.mx\\\/wp-content\\\/uploads\\\/2021\\\/04\\\/logo-retina.png\",\"contentUrl\":\"https:\\\/\\\/fuentesfidedignas.com.mx\\\/wp-content\\\/uploads\\\/2021\\\/04\\\/logo-retina.png\",\"width\":280,\"height\":51,\"caption\":\"Fuentes Fidedignas\"},\"image\":{\"@id\":\"https:\\\/\\\/fuentesfidedignas.com.mx\\\/#\\\/schema\\\/logo\\\/image\\\/\"},\"sameAs\":[\"https:\\\/\\\/www.facebook.com\\\/Fuentes-Fidedignas-368234489921644\",\"https:\\\/\\\/x.com\\\/fidedignas\"]},{\"@type\":\"Person\",\"@id\":\"https:\\\/\\\/fuentesfidedignas.com.mx\\\/#\\\/schema\\\/person\\\/47ec0135738f4b0c7495f06a77a2c976\",\"name\":\"Milenio\",\"image\":{\"@type\":\"ImageObject\",\"inLanguage\":\"es\",\"@id\":\"https:\\\/\\\/secure.gravatar.com\\\/avatar\\\/acabf7b54753e51c2c76457954577c236b3b764789b19879565769739d1e4a75?s=96&d=mm&r=g\",\"url\":\"https:\\\/\\\/secure.gravatar.com\\\/avatar\\\/acabf7b54753e51c2c76457954577c236b3b764789b19879565769739d1e4a75?s=96&d=mm&r=g\",\"contentUrl\":\"https:\\\/\\\/secure.gravatar.com\\\/avatar\\\/acabf7b54753e51c2c76457954577c236b3b764789b19879565769739d1e4a75?s=96&d=mm&r=g\",\"caption\":\"Milenio\"},\"url\":\"https:\\\/\\\/fuentesfidedignas.com.mx\\\/index.php\\\/author\\\/milenio\\\/\"}]}<\/script>\n<!-- \/ Yoast SEO plugin. -->","yoast_head_json":{"title":"Morena y aliados aprueban en lo general y particular el traspaso de la Guardia Nacional a la Sedena - Fuentes Fidedignas","robots":{"index":"index","follow":"follow","max-snippet":"max-snippet:-1","max-image-preview":"max-image-preview:large","max-video-preview":"max-video-preview:-1"},"canonical":"https:\/\/fuentesfidedignas.com.mx\/index.php\/2024\/09\/25\/morena-y-aliados-aprueban-en-lo-general-y-particular-el-traspaso-de-la-guardia-nacional-a-la-sedena\/","og_locale":"es_MX","og_type":"article","og_title":"Morena y aliados aprueban en lo general y particular el traspaso de la Guardia Nacional a la Sedena - Fuentes Fidedignas","og_description":"El traspaso de Guardia Nacional a Sedena deber\u00e1 ratificarse en al menos 17 congresos locales. Entre confrontaci\u00f3n, acusaciones, y audios, Morena y los partidos Verde y del Trabajo hicieron valer su mayor\u00eda y aprobaron en lo general, con el voto en contra del PAN, PRI y Movimiento Ciudadano, el traspaso de la Guardia Nacional a [&hellip;]","og_url":"https:\/\/fuentesfidedignas.com.mx\/index.php\/2024\/09\/25\/morena-y-aliados-aprueban-en-lo-general-y-particular-el-traspaso-de-la-guardia-nacional-a-la-sedena\/","og_site_name":"Fuentes Fidedignas","article_publisher":"https:\/\/www.facebook.com\/Fuentes-Fidedignas-368234489921644","article_published_time":"2024-09-25T13:29:43+00:00","article_modified_time":"2024-09-25T13:29:47+00:00","og_image":[{"width":512,"height":316,"url":"https:\/\/fuentesfidedignas.com.mx\/wp-content\/uploads\/2021\/11\/GUARDIA_NACIONAL.jpg","type":"image\/jpeg"}],"author":"Milenio","twitter_card":"summary_large_image","twitter_creator":"@fidedignas","twitter_site":"@fidedignas","twitter_misc":{"Escrito por":"Milenio","Tiempo de lectura":"8 minutos"},"schema":{"@context":"https:\/\/schema.org","@graph":[{"@type":"Article","@id":"https:\/\/fuentesfidedignas.com.mx\/index.php\/2024\/09\/25\/morena-y-aliados-aprueban-en-lo-general-y-particular-el-traspaso-de-la-guardia-nacional-a-la-sedena\/#article","isPartOf":{"@id":"https:\/\/fuentesfidedignas.com.mx\/index.php\/2024\/09\/25\/morena-y-aliados-aprueban-en-lo-general-y-particular-el-traspaso-de-la-guardia-nacional-a-la-sedena\/"},"author":{"name":"Milenio","@id":"https:\/\/fuentesfidedignas.com.mx\/#\/schema\/person\/47ec0135738f4b0c7495f06a77a2c976"},"headline":"Morena y aliados aprueban en lo general y particular el traspaso de la Guardia Nacional a la Sedena","datePublished":"2024-09-25T13:29:43+00:00","dateModified":"2024-09-25T13:29:47+00:00","mainEntityOfPage":{"@id":"https:\/\/fuentesfidedignas.com.mx\/index.php\/2024\/09\/25\/morena-y-aliados-aprueban-en-lo-general-y-particular-el-traspaso-de-la-guardia-nacional-a-la-sedena\/"},"wordCount":1798,"commentCount":0,"publisher":{"@id":"https:\/\/fuentesfidedignas.com.mx\/#organization"},"image":{"@id":"https:\/\/fuentesfidedignas.com.mx\/index.php\/2024\/09\/25\/morena-y-aliados-aprueban-en-lo-general-y-particular-el-traspaso-de-la-guardia-nacional-a-la-sedena\/#primaryimage"},"thumbnailUrl":"https:\/\/fuentesfidedignas.com.mx\/wp-content\/uploads\/2021\/11\/GUARDIA_NACIONAL.jpg","articleSection":["NOTICIAS NACIONALES"],"inLanguage":"es","potentialAction":[{"@type":"CommentAction","name":"Comment","target":["https:\/\/fuentesfidedignas.com.mx\/index.php\/2024\/09\/25\/morena-y-aliados-aprueban-en-lo-general-y-particular-el-traspaso-de-la-guardia-nacional-a-la-sedena\/#respond"]}]},{"@type":"WebPage","@id":"https:\/\/fuentesfidedignas.com.mx\/index.php\/2024\/09\/25\/morena-y-aliados-aprueban-en-lo-general-y-particular-el-traspaso-de-la-guardia-nacional-a-la-sedena\/","url":"https:\/\/fuentesfidedignas.com.mx\/index.php\/2024\/09\/25\/morena-y-aliados-aprueban-en-lo-general-y-particular-el-traspaso-de-la-guardia-nacional-a-la-sedena\/","name":"Morena y aliados aprueban en lo general y particular el traspaso de la Guardia Nacional a la Sedena - Fuentes Fidedignas","isPartOf":{"@id":"https:\/\/fuentesfidedignas.com.mx\/#website"},"primaryImageOfPage":{"@id":"https:\/\/fuentesfidedignas.com.mx\/index.php\/2024\/09\/25\/morena-y-aliados-aprueban-en-lo-general-y-particular-el-traspaso-de-la-guardia-nacional-a-la-sedena\/#primaryimage"},"image":{"@id":"https:\/\/fuentesfidedignas.com.mx\/index.php\/2024\/09\/25\/morena-y-aliados-aprueban-en-lo-general-y-particular-el-traspaso-de-la-guardia-nacional-a-la-sedena\/#primaryimage"},"thumbnailUrl":"https:\/\/fuentesfidedignas.com.mx\/wp-content\/uploads\/2021\/11\/GUARDIA_NACIONAL.jpg","datePublished":"2024-09-25T13:29:43+00:00","dateModified":"2024-09-25T13:29:47+00:00","breadcrumb":{"@id":"https:\/\/fuentesfidedignas.com.mx\/index.php\/2024\/09\/25\/morena-y-aliados-aprueban-en-lo-general-y-particular-el-traspaso-de-la-guardia-nacional-a-la-sedena\/#breadcrumb"},"inLanguage":"es","potentialAction":[{"@type":"ReadAction","target":["https:\/\/fuentesfidedignas.com.mx\/index.php\/2024\/09\/25\/morena-y-aliados-aprueban-en-lo-general-y-particular-el-traspaso-de-la-guardia-nacional-a-la-sedena\/"]}]},{"@type":"ImageObject","inLanguage":"es","@id":"https:\/\/fuentesfidedignas.com.mx\/index.php\/2024\/09\/25\/morena-y-aliados-aprueban-en-lo-general-y-particular-el-traspaso-de-la-guardia-nacional-a-la-sedena\/#primaryimage","url":"https:\/\/fuentesfidedignas.com.mx\/wp-content\/uploads\/2021\/11\/GUARDIA_NACIONAL.jpg","contentUrl":"https:\/\/fuentesfidedignas.com.mx\/wp-content\/uploads\/2021\/11\/GUARDIA_NACIONAL.jpg","width":512,"height":316},{"@type":"BreadcrumbList","@id":"https:\/\/fuentesfidedignas.com.mx\/index.php\/2024\/09\/25\/morena-y-aliados-aprueban-en-lo-general-y-particular-el-traspaso-de-la-guardia-nacional-a-la-sedena\/#breadcrumb","itemListElement":[{"@type":"ListItem","position":1,"name":"Inicio","item":"https:\/\/fuentesfidedignas.com.mx\/"},{"@type":"ListItem","position":2,"name":"Morena y aliados aprueban en lo general y particular el traspaso de la Guardia Nacional a la Sedena"}]},{"@type":"WebSite","@id":"https:\/\/fuentesfidedignas.com.mx\/#website","url":"https:\/\/fuentesfidedignas.com.mx\/","name":"Fuentes Fidedignas","description":"Otro sitio realizado con WordPress","publisher":{"@id":"https:\/\/fuentesfidedignas.com.mx\/#organization"},"potentialAction":[{"@type":"SearchAction","target":{"@type":"EntryPoint","urlTemplate":"https:\/\/fuentesfidedignas.com.mx\/?s={search_term_string}"},"query-input":{"@type":"PropertyValueSpecification","valueRequired":true,"valueName":"search_term_string"}}],"inLanguage":"es"},{"@type":"Organization","@id":"https:\/\/fuentesfidedignas.com.mx\/#organization","name":"Fuentes Fidedignas","url":"https:\/\/fuentesfidedignas.com.mx\/","logo":{"@type":"ImageObject","inLanguage":"es","@id":"https:\/\/fuentesfidedignas.com.mx\/#\/schema\/logo\/image\/","url":"https:\/\/fuentesfidedignas.com.mx\/wp-content\/uploads\/2021\/04\/logo-retina.png","contentUrl":"https:\/\/fuentesfidedignas.com.mx\/wp-content\/uploads\/2021\/04\/logo-retina.png","width":280,"height":51,"caption":"Fuentes Fidedignas"},"image":{"@id":"https:\/\/fuentesfidedignas.com.mx\/#\/schema\/logo\/image\/"},"sameAs":["https:\/\/www.facebook.com\/Fuentes-Fidedignas-368234489921644","https:\/\/x.com\/fidedignas"]},{"@type":"Person","@id":"https:\/\/fuentesfidedignas.com.mx\/#\/schema\/person\/47ec0135738f4b0c7495f06a77a2c976","name":"Milenio","image":{"@type":"ImageObject","inLanguage":"es","@id":"https:\/\/secure.gravatar.com\/avatar\/acabf7b54753e51c2c76457954577c236b3b764789b19879565769739d1e4a75?s=96&d=mm&r=g","url":"https:\/\/secure.gravatar.com\/avatar\/acabf7b54753e51c2c76457954577c236b3b764789b19879565769739d1e4a75?s=96&d=mm&r=g","contentUrl":"https:\/\/secure.gravatar.com\/avatar\/acabf7b54753e51c2c76457954577c236b3b764789b19879565769739d1e4a75?s=96&d=mm&r=g","caption":"Milenio"},"url":"https:\/\/fuentesfidedignas.com.mx\/index.php\/author\/milenio\/"}]}},"_links":{"self":[{"href":"https:\/\/fuentesfidedignas.com.mx\/index.php\/wp-json\/wp\/v2\/posts\/91960","targetHints":{"allow":["GET"]}}],"collection":[{"href":"https:\/\/fuentesfidedignas.com.mx\/index.php\/wp-json\/wp\/v2\/posts"}],"about":[{"href":"https:\/\/fuentesfidedignas.com.mx\/index.php\/wp-json\/wp\/v2\/types\/post"}],"author":[{"embeddable":true,"href":"https:\/\/fuentesfidedignas.com.mx\/index.php\/wp-json\/wp\/v2\/users\/9"}],"replies":[{"embeddable":true,"href":"https:\/\/fuentesfidedignas.com.mx\/index.php\/wp-json\/wp\/v2\/comments?post=91960"}],"version-history":[{"count":1,"href":"https:\/\/fuentesfidedignas.com.mx\/index.php\/wp-json\/wp\/v2\/posts\/91960\/revisions"}],"predecessor-version":[{"id":91961,"href":"https:\/\/fuentesfidedignas.com.mx\/index.php\/wp-json\/wp\/v2\/posts\/91960\/revisions\/91961"}],"wp:featuredmedia":[{"embeddable":true,"href":"https:\/\/fuentesfidedignas.com.mx\/index.php\/wp-json\/wp\/v2\/media\/17663"}],"wp:attachment":[{"href":"https:\/\/fuentesfidedignas.com.mx\/index.php\/wp-json\/wp\/v2\/media?parent=91960"}],"wp:term":[{"taxonomy":"category","embeddable":true,"href":"https:\/\/fuentesfidedignas.com.mx\/index.php\/wp-json\/wp\/v2\/categories?post=91960"},{"taxonomy":"post_tag","embeddable":true,"href":"https:\/\/fuentesfidedignas.com.mx\/index.php\/wp-json\/wp\/v2\/tags?post=91960"}],"curies":[{"name":"wp","href":"https:\/\/api.w.org\/{rel}","templated":true}]}}