{"id":919,"date":"2021-05-03T20:09:54","date_gmt":"2021-05-04T03:09:54","guid":{"rendered":"https:\/\/fuentesfidedignas.com.mx\/?p=919"},"modified":"2021-05-03T20:09:57","modified_gmt":"2021-05-04T03:09:57","slug":"ampliar-los-programas-sociales-para-la-gente-mas-olvidada-rocha-moya","status":"publish","type":"post","link":"https:\/\/fuentesfidedignas.com.mx\/index.php\/2021\/05\/03\/ampliar-los-programas-sociales-para-la-gente-mas-olvidada-rocha-moya\/","title":{"rendered":"Ampliar los programas sociales para la gente m\u00e1s olvidada: Rocha Moya"},"content":{"rendered":"\n<p><strong>A 100 mil ciudadanos que padecen pobreza extrema se les brindar\u00e1 educaci\u00f3n y salud<\/strong><\/p>\n\n\n\n<p>Culiac\u00e1n, Sin. \u2013 Nuestro gobierno va a ser justo y tendr\u00e1 un v\u00ednculo preferencial con las franjas sociales m\u00e1s necesitadas de todas las regiones de nuestra entidad, es ah\u00ed donde se distribuir\u00e1 la riqueza del Estado a trav\u00e9s de los programas sociales, asegur\u00f3 el abanderado de los partidos MORENA y PAS, Rub\u00e9n Rocha Moya.<\/p>\n\n\n\n<p>En su visita en la colonia Benito Ju\u00e1rez, conocida antes como la Mazatl\u00e1n, del municipio de Culiac\u00e1n, el candidato a la gubernatura agreg\u00f3 que la pobreza no solo est\u00e1 en lugares&nbsp;&nbsp; de la sierra o zonas alejadas, sino tambi\u00e9n en las ciudades, principalmente en las colonias populares, siendo alrededor de 100 mil sinaloenses los que padecen al extremo esta situaci\u00f3n.<\/p>\n\n\n\n<p>\u201cNuestra administraci\u00f3n va a ser el gobierno del pueblo; el que est\u00e9 vinculado con las franjas sociales m\u00e1s necesitadas. Uno de los objetivos de la cuarta transformaci\u00f3n que se vive ya en el pa\u00eds, es que se fortalezcan los programas sociales y mejoren los servicios p\u00fablicos necesarios como agua potable, drenaje, pavimentaci\u00f3n\u201d.&nbsp;&nbsp;<\/p>\n\n\n\n<p>\u201cEs importante ampliar los servicios de salud, no todos los sinaloenses tienen este derecho, no todos tienen posibilidad de ir a los hospitales, de ser atendidos, porque no tienen Seguridad Social\u201d.<\/p>\n\n\n\n<p>Rocha Moya dijo que har\u00e1n todos los esfuerzos para que llegue la paz, tranquilidad y la seguridad a las&nbsp; familias y colonias populares.<\/p>\n\n\n\n<p>El candidato cerr\u00f3 su jornada de este lunes con un encuentro con vecinos de Infonavit Humaya, a quienes como ya es su estilo de dialogar les abri\u00f3 los micr\u00f3fonos para que expusieran su problem\u00e1tica, entre la que destacaron la petici\u00f3n de se resuelvan definitivamente las inundaciones que ocasiona cada temporada de lluvias el canal de aguas pluviales Agustina Ram\u00edrez.<\/p>\n\n\n\n<p>Rocha Moya estableci\u00f3 el compromiso de que antes de asumir la gubernatura volver\u00e1 para reunirse de nuevo con los vecinos y establecer una lista de peticiones y soluciones concretas.&nbsp;<\/p>\n\n\n\n<p>En su recorrido proselitista por las colonias de la capital sinaloense, Rub\u00e9n Rocha Moya estuvo acompa\u00f1ado por el presidente del PAS, H\u00e9ctor Melesio Cu\u00e9n Ojeda; el candidato a la alcald\u00eda de Culiac\u00e1n, Jesus Estrada Ferreiro y el candidato a la diputaci\u00f3n local por el Distrito 14, Jesus Ibarra Ramos.<\/p>\n","protected":false},"excerpt":{"rendered":"<p>A 100 mil ciudadanos que padecen pobreza extrema se les brindar\u00e1 educaci\u00f3n y salud Culiac\u00e1n, Sin. \u2013 Nuestro gobierno va a ser justo y tendr\u00e1 un v\u00ednculo preferencial con las franjas sociales m\u00e1s necesitadas de todas las regiones de nuestra entidad, es ah\u00ed donde se distribuir\u00e1 la riqueza del Estado a trav\u00e9s de los programas [&hellip;]<\/p>\n","protected":false},"author":4,"featured_media":920,"comment_status":"open","ping_status":"open","sticky":false,"template":"","format":"standard","meta":{"tdm_status":"","tdm_grid_status":"","footnotes":""},"categories":[38],"tags":[43,49],"class_list":{"0":"post-919","1":"post","2":"type-post","3":"status-publish","4":"format-standard","5":"has-post-thumbnail","7":"category-noticias-locales","8":"tag-politica","9":"tag-sinaloa"},"yoast_head":"<!-- This site is optimized with the Yoast SEO plugin v27.5 - https:\/\/yoast.com\/product\/yoast-seo-wordpress\/ -->\n<title>Ampliar los programas sociales para la gente m\u00e1s olvidada: Rocha Moya - Fuentes Fidedignas<\/title>\n<meta name=\"robots\" content=\"index, follow, max-snippet:-1, max-image-preview:large, max-video-preview:-1\" \/>\n<link rel=\"canonical\" href=\"https:\/\/fuentesfidedignas.com.mx\/index.php\/2021\/05\/03\/ampliar-los-programas-sociales-para-la-gente-mas-olvidada-rocha-moya\/\" \/>\n<meta property=\"og:locale\" content=\"es_MX\" \/>\n<meta property=\"og:type\" content=\"article\" \/>\n<meta property=\"og:title\" content=\"Ampliar los programas sociales para la gente m\u00e1s olvidada: Rocha Moya - Fuentes Fidedignas\" \/>\n<meta property=\"og:description\" content=\"A 100 mil ciudadanos que padecen pobreza extrema se les brindar\u00e1 educaci\u00f3n y salud Culiac\u00e1n, Sin. \u2013 Nuestro gobierno va a ser justo y tendr\u00e1 un v\u00ednculo preferencial con las franjas sociales m\u00e1s necesitadas de todas las regiones de nuestra entidad, es ah\u00ed donde se distribuir\u00e1 la riqueza del Estado a trav\u00e9s de los programas [&hellip;]\" \/>\n<meta property=\"og:url\" content=\"https:\/\/fuentesfidedignas.com.mx\/index.php\/2021\/05\/03\/ampliar-los-programas-sociales-para-la-gente-mas-olvidada-rocha-moya\/\" \/>\n<meta property=\"og:site_name\" content=\"Fuentes Fidedignas\" \/>\n<meta property=\"article:publisher\" content=\"https:\/\/www.facebook.com\/Fuentes-Fidedignas-368234489921644\" \/>\n<meta property=\"article:published_time\" content=\"2021-05-04T03:09:54+00:00\" \/>\n<meta property=\"article:modified_time\" content=\"2021-05-04T03:09:57+00:00\" \/>\n<meta property=\"og:image\" content=\"https:\/\/fuentesfidedignas.com.mx\/wp-content\/uploads\/2021\/05\/rocha0305.jpg\" \/>\n\t<meta property=\"og:image:width\" content=\"1280\" \/>\n\t<meta property=\"og:image:height\" content=\"851\" \/>\n\t<meta property=\"og:image:type\" content=\"image\/jpeg\" \/>\n<meta name=\"author\" content=\"Redacci\u00f3n\" \/>\n<meta name=\"twitter:card\" content=\"summary_large_image\" \/>\n<meta name=\"twitter:creator\" content=\"@fidedignas\" \/>\n<meta name=\"twitter:site\" content=\"@fidedignas\" \/>\n<meta name=\"twitter:label1\" content=\"Escrito por\" \/>\n\t<meta name=\"twitter:data1\" content=\"Redacci\u00f3n\" \/>\n\t<meta name=\"twitter:label2\" content=\"Tiempo de lectura\" \/>\n\t<meta name=\"twitter:data2\" content=\"2 minutos\" \/>\n<script type=\"application\/ld+json\" class=\"yoast-schema-graph\">{\"@context\":\"https:\\\/\\\/schema.org\",\"@graph\":[{\"@type\":\"Article\",\"@id\":\"https:\\\/\\\/fuentesfidedignas.com.mx\\\/index.php\\\/2021\\\/05\\\/03\\\/ampliar-los-programas-sociales-para-la-gente-mas-olvidada-rocha-moya\\\/#article\",\"isPartOf\":{\"@id\":\"https:\\\/\\\/fuentesfidedignas.com.mx\\\/index.php\\\/2021\\\/05\\\/03\\\/ampliar-los-programas-sociales-para-la-gente-mas-olvidada-rocha-moya\\\/\"},\"author\":{\"name\":\"Redacci\u00f3n\",\"@id\":\"https:\\\/\\\/fuentesfidedignas.com.mx\\\/#\\\/schema\\\/person\\\/331be9283d37198e2acd5750279085b0\"},\"headline\":\"Ampliar los programas sociales para la gente m\u00e1s olvidada: Rocha Moya\",\"datePublished\":\"2021-05-04T03:09:54+00:00\",\"dateModified\":\"2021-05-04T03:09:57+00:00\",\"mainEntityOfPage\":{\"@id\":\"https:\\\/\\\/fuentesfidedignas.com.mx\\\/index.php\\\/2021\\\/05\\\/03\\\/ampliar-los-programas-sociales-para-la-gente-mas-olvidada-rocha-moya\\\/\"},\"wordCount\":414,\"commentCount\":0,\"publisher\":{\"@id\":\"https:\\\/\\\/fuentesfidedignas.com.mx\\\/#organization\"},\"image\":{\"@id\":\"https:\\\/\\\/fuentesfidedignas.com.mx\\\/index.php\\\/2021\\\/05\\\/03\\\/ampliar-los-programas-sociales-para-la-gente-mas-olvidada-rocha-moya\\\/#primaryimage\"},\"thumbnailUrl\":\"https:\\\/\\\/fuentesfidedignas.com.mx\\\/wp-content\\\/uploads\\\/2021\\\/05\\\/rocha0305.jpg\",\"keywords\":[\"pol\u00edtica\",\"sinaloa\"],\"articleSection\":[\"NOTICIAS LOCALES\"],\"inLanguage\":\"es\",\"potentialAction\":[{\"@type\":\"CommentAction\",\"name\":\"Comment\",\"target\":[\"https:\\\/\\\/fuentesfidedignas.com.mx\\\/index.php\\\/2021\\\/05\\\/03\\\/ampliar-los-programas-sociales-para-la-gente-mas-olvidada-rocha-moya\\\/#respond\"]}]},{\"@type\":\"WebPage\",\"@id\":\"https:\\\/\\\/fuentesfidedignas.com.mx\\\/index.php\\\/2021\\\/05\\\/03\\\/ampliar-los-programas-sociales-para-la-gente-mas-olvidada-rocha-moya\\\/\",\"url\":\"https:\\\/\\\/fuentesfidedignas.com.mx\\\/index.php\\\/2021\\\/05\\\/03\\\/ampliar-los-programas-sociales-para-la-gente-mas-olvidada-rocha-moya\\\/\",\"name\":\"Ampliar los programas sociales para la gente m\u00e1s olvidada: Rocha Moya - Fuentes Fidedignas\",\"isPartOf\":{\"@id\":\"https:\\\/\\\/fuentesfidedignas.com.mx\\\/#website\"},\"primaryImageOfPage\":{\"@id\":\"https:\\\/\\\/fuentesfidedignas.com.mx\\\/index.php\\\/2021\\\/05\\\/03\\\/ampliar-los-programas-sociales-para-la-gente-mas-olvidada-rocha-moya\\\/#primaryimage\"},\"image\":{\"@id\":\"https:\\\/\\\/fuentesfidedignas.com.mx\\\/index.php\\\/2021\\\/05\\\/03\\\/ampliar-los-programas-sociales-para-la-gente-mas-olvidada-rocha-moya\\\/#primaryimage\"},\"thumbnailUrl\":\"https:\\\/\\\/fuentesfidedignas.com.mx\\\/wp-content\\\/uploads\\\/2021\\\/05\\\/rocha0305.jpg\",\"datePublished\":\"2021-05-04T03:09:54+00:00\",\"dateModified\":\"2021-05-04T03:09:57+00:00\",\"breadcrumb\":{\"@id\":\"https:\\\/\\\/fuentesfidedignas.com.mx\\\/index.php\\\/2021\\\/05\\\/03\\\/ampliar-los-programas-sociales-para-la-gente-mas-olvidada-rocha-moya\\\/#breadcrumb\"},\"inLanguage\":\"es\",\"potentialAction\":[{\"@type\":\"ReadAction\",\"target\":[\"https:\\\/\\\/fuentesfidedignas.com.mx\\\/index.php\\\/2021\\\/05\\\/03\\\/ampliar-los-programas-sociales-para-la-gente-mas-olvidada-rocha-moya\\\/\"]}]},{\"@type\":\"ImageObject\",\"inLanguage\":\"es\",\"@id\":\"https:\\\/\\\/fuentesfidedignas.com.mx\\\/index.php\\\/2021\\\/05\\\/03\\\/ampliar-los-programas-sociales-para-la-gente-mas-olvidada-rocha-moya\\\/#primaryimage\",\"url\":\"https:\\\/\\\/fuentesfidedignas.com.mx\\\/wp-content\\\/uploads\\\/2021\\\/05\\\/rocha0305.jpg\",\"contentUrl\":\"https:\\\/\\\/fuentesfidedignas.com.mx\\\/wp-content\\\/uploads\\\/2021\\\/05\\\/rocha0305.jpg\",\"width\":1280,\"height\":851},{\"@type\":\"BreadcrumbList\",\"@id\":\"https:\\\/\\\/fuentesfidedignas.com.mx\\\/index.php\\\/2021\\\/05\\\/03\\\/ampliar-los-programas-sociales-para-la-gente-mas-olvidada-rocha-moya\\\/#breadcrumb\",\"itemListElement\":[{\"@type\":\"ListItem\",\"position\":1,\"name\":\"Inicio\",\"item\":\"https:\\\/\\\/fuentesfidedignas.com.mx\\\/\"},{\"@type\":\"ListItem\",\"position\":2,\"name\":\"Ampliar los programas sociales para la gente m\u00e1s olvidada: Rocha Moya\"}]},{\"@type\":\"WebSite\",\"@id\":\"https:\\\/\\\/fuentesfidedignas.com.mx\\\/#website\",\"url\":\"https:\\\/\\\/fuentesfidedignas.com.mx\\\/\",\"name\":\"Fuentes Fidedignas\",\"description\":\"Otro sitio realizado con WordPress\",\"publisher\":{\"@id\":\"https:\\\/\\\/fuentesfidedignas.com.mx\\\/#organization\"},\"potentialAction\":[{\"@type\":\"SearchAction\",\"target\":{\"@type\":\"EntryPoint\",\"urlTemplate\":\"https:\\\/\\\/fuentesfidedignas.com.mx\\\/?s={search_term_string}\"},\"query-input\":{\"@type\":\"PropertyValueSpecification\",\"valueRequired\":true,\"valueName\":\"search_term_string\"}}],\"inLanguage\":\"es\"},{\"@type\":\"Organization\",\"@id\":\"https:\\\/\\\/fuentesfidedignas.com.mx\\\/#organization\",\"name\":\"Fuentes Fidedignas\",\"url\":\"https:\\\/\\\/fuentesfidedignas.com.mx\\\/\",\"logo\":{\"@type\":\"ImageObject\",\"inLanguage\":\"es\",\"@id\":\"https:\\\/\\\/fuentesfidedignas.com.mx\\\/#\\\/schema\\\/logo\\\/image\\\/\",\"url\":\"https:\\\/\\\/fuentesfidedignas.com.mx\\\/wp-content\\\/uploads\\\/2021\\\/04\\\/logo-retina.png\",\"contentUrl\":\"https:\\\/\\\/fuentesfidedignas.com.mx\\\/wp-content\\\/uploads\\\/2021\\\/04\\\/logo-retina.png\",\"width\":280,\"height\":51,\"caption\":\"Fuentes Fidedignas\"},\"image\":{\"@id\":\"https:\\\/\\\/fuentesfidedignas.com.mx\\\/#\\\/schema\\\/logo\\\/image\\\/\"},\"sameAs\":[\"https:\\\/\\\/www.facebook.com\\\/Fuentes-Fidedignas-368234489921644\",\"https:\\\/\\\/x.com\\\/fidedignas\"]},{\"@type\":\"Person\",\"@id\":\"https:\\\/\\\/fuentesfidedignas.com.mx\\\/#\\\/schema\\\/person\\\/331be9283d37198e2acd5750279085b0\",\"name\":\"Redacci\u00f3n\",\"image\":{\"@type\":\"ImageObject\",\"inLanguage\":\"es\",\"@id\":\"https:\\\/\\\/secure.gravatar.com\\\/avatar\\\/f6d8782c11d12b2d4ad3fbb6931aeab5309937a4d6cd2fc9cfaa28a6396a5aec?s=96&d=mm&r=g\",\"url\":\"https:\\\/\\\/secure.gravatar.com\\\/avatar\\\/f6d8782c11d12b2d4ad3fbb6931aeab5309937a4d6cd2fc9cfaa28a6396a5aec?s=96&d=mm&r=g\",\"contentUrl\":\"https:\\\/\\\/secure.gravatar.com\\\/avatar\\\/f6d8782c11d12b2d4ad3fbb6931aeab5309937a4d6cd2fc9cfaa28a6396a5aec?s=96&d=mm&r=g\",\"caption\":\"Redacci\u00f3n\"},\"url\":\"https:\\\/\\\/fuentesfidedignas.com.mx\\\/index.php\\\/author\\\/redaccion\\\/\"}]}<\/script>\n<!-- \/ Yoast SEO plugin. -->","yoast_head_json":{"title":"Ampliar los programas sociales para la gente m\u00e1s olvidada: Rocha Moya - Fuentes Fidedignas","robots":{"index":"index","follow":"follow","max-snippet":"max-snippet:-1","max-image-preview":"max-image-preview:large","max-video-preview":"max-video-preview:-1"},"canonical":"https:\/\/fuentesfidedignas.com.mx\/index.php\/2021\/05\/03\/ampliar-los-programas-sociales-para-la-gente-mas-olvidada-rocha-moya\/","og_locale":"es_MX","og_type":"article","og_title":"Ampliar los programas sociales para la gente m\u00e1s olvidada: Rocha Moya - Fuentes Fidedignas","og_description":"A 100 mil ciudadanos que padecen pobreza extrema se les brindar\u00e1 educaci\u00f3n y salud Culiac\u00e1n, Sin. \u2013 Nuestro gobierno va a ser justo y tendr\u00e1 un v\u00ednculo preferencial con las franjas sociales m\u00e1s necesitadas de todas las regiones de nuestra entidad, es ah\u00ed donde se distribuir\u00e1 la riqueza del Estado a trav\u00e9s de los programas [&hellip;]","og_url":"https:\/\/fuentesfidedignas.com.mx\/index.php\/2021\/05\/03\/ampliar-los-programas-sociales-para-la-gente-mas-olvidada-rocha-moya\/","og_site_name":"Fuentes Fidedignas","article_publisher":"https:\/\/www.facebook.com\/Fuentes-Fidedignas-368234489921644","article_published_time":"2021-05-04T03:09:54+00:00","article_modified_time":"2021-05-04T03:09:57+00:00","og_image":[{"width":1280,"height":851,"url":"https:\/\/fuentesfidedignas.com.mx\/wp-content\/uploads\/2021\/05\/rocha0305.jpg","type":"image\/jpeg"}],"author":"Redacci\u00f3n","twitter_card":"summary_large_image","twitter_creator":"@fidedignas","twitter_site":"@fidedignas","twitter_misc":{"Escrito por":"Redacci\u00f3n","Tiempo de lectura":"2 minutos"},"schema":{"@context":"https:\/\/schema.org","@graph":[{"@type":"Article","@id":"https:\/\/fuentesfidedignas.com.mx\/index.php\/2021\/05\/03\/ampliar-los-programas-sociales-para-la-gente-mas-olvidada-rocha-moya\/#article","isPartOf":{"@id":"https:\/\/fuentesfidedignas.com.mx\/index.php\/2021\/05\/03\/ampliar-los-programas-sociales-para-la-gente-mas-olvidada-rocha-moya\/"},"author":{"name":"Redacci\u00f3n","@id":"https:\/\/fuentesfidedignas.com.mx\/#\/schema\/person\/331be9283d37198e2acd5750279085b0"},"headline":"Ampliar los programas sociales para la gente m\u00e1s olvidada: Rocha Moya","datePublished":"2021-05-04T03:09:54+00:00","dateModified":"2021-05-04T03:09:57+00:00","mainEntityOfPage":{"@id":"https:\/\/fuentesfidedignas.com.mx\/index.php\/2021\/05\/03\/ampliar-los-programas-sociales-para-la-gente-mas-olvidada-rocha-moya\/"},"wordCount":414,"commentCount":0,"publisher":{"@id":"https:\/\/fuentesfidedignas.com.mx\/#organization"},"image":{"@id":"https:\/\/fuentesfidedignas.com.mx\/index.php\/2021\/05\/03\/ampliar-los-programas-sociales-para-la-gente-mas-olvidada-rocha-moya\/#primaryimage"},"thumbnailUrl":"https:\/\/fuentesfidedignas.com.mx\/wp-content\/uploads\/2021\/05\/rocha0305.jpg","keywords":["pol\u00edtica","sinaloa"],"articleSection":["NOTICIAS LOCALES"],"inLanguage":"es","potentialAction":[{"@type":"CommentAction","name":"Comment","target":["https:\/\/fuentesfidedignas.com.mx\/index.php\/2021\/05\/03\/ampliar-los-programas-sociales-para-la-gente-mas-olvidada-rocha-moya\/#respond"]}]},{"@type":"WebPage","@id":"https:\/\/fuentesfidedignas.com.mx\/index.php\/2021\/05\/03\/ampliar-los-programas-sociales-para-la-gente-mas-olvidada-rocha-moya\/","url":"https:\/\/fuentesfidedignas.com.mx\/index.php\/2021\/05\/03\/ampliar-los-programas-sociales-para-la-gente-mas-olvidada-rocha-moya\/","name":"Ampliar los programas sociales para la gente m\u00e1s olvidada: Rocha Moya - Fuentes Fidedignas","isPartOf":{"@id":"https:\/\/fuentesfidedignas.com.mx\/#website"},"primaryImageOfPage":{"@id":"https:\/\/fuentesfidedignas.com.mx\/index.php\/2021\/05\/03\/ampliar-los-programas-sociales-para-la-gente-mas-olvidada-rocha-moya\/#primaryimage"},"image":{"@id":"https:\/\/fuentesfidedignas.com.mx\/index.php\/2021\/05\/03\/ampliar-los-programas-sociales-para-la-gente-mas-olvidada-rocha-moya\/#primaryimage"},"thumbnailUrl":"https:\/\/fuentesfidedignas.com.mx\/wp-content\/uploads\/2021\/05\/rocha0305.jpg","datePublished":"2021-05-04T03:09:54+00:00","dateModified":"2021-05-04T03:09:57+00:00","breadcrumb":{"@id":"https:\/\/fuentesfidedignas.com.mx\/index.php\/2021\/05\/03\/ampliar-los-programas-sociales-para-la-gente-mas-olvidada-rocha-moya\/#breadcrumb"},"inLanguage":"es","potentialAction":[{"@type":"ReadAction","target":["https:\/\/fuentesfidedignas.com.mx\/index.php\/2021\/05\/03\/ampliar-los-programas-sociales-para-la-gente-mas-olvidada-rocha-moya\/"]}]},{"@type":"ImageObject","inLanguage":"es","@id":"https:\/\/fuentesfidedignas.com.mx\/index.php\/2021\/05\/03\/ampliar-los-programas-sociales-para-la-gente-mas-olvidada-rocha-moya\/#primaryimage","url":"https:\/\/fuentesfidedignas.com.mx\/wp-content\/uploads\/2021\/05\/rocha0305.jpg","contentUrl":"https:\/\/fuentesfidedignas.com.mx\/wp-content\/uploads\/2021\/05\/rocha0305.jpg","width":1280,"height":851},{"@type":"BreadcrumbList","@id":"https:\/\/fuentesfidedignas.com.mx\/index.php\/2021\/05\/03\/ampliar-los-programas-sociales-para-la-gente-mas-olvidada-rocha-moya\/#breadcrumb","itemListElement":[{"@type":"ListItem","position":1,"name":"Inicio","item":"https:\/\/fuentesfidedignas.com.mx\/"},{"@type":"ListItem","position":2,"name":"Ampliar los programas sociales para la gente m\u00e1s olvidada: Rocha Moya"}]},{"@type":"WebSite","@id":"https:\/\/fuentesfidedignas.com.mx\/#website","url":"https:\/\/fuentesfidedignas.com.mx\/","name":"Fuentes Fidedignas","description":"Otro sitio realizado con WordPress","publisher":{"@id":"https:\/\/fuentesfidedignas.com.mx\/#organization"},"potentialAction":[{"@type":"SearchAction","target":{"@type":"EntryPoint","urlTemplate":"https:\/\/fuentesfidedignas.com.mx\/?s={search_term_string}"},"query-input":{"@type":"PropertyValueSpecification","valueRequired":true,"valueName":"search_term_string"}}],"inLanguage":"es"},{"@type":"Organization","@id":"https:\/\/fuentesfidedignas.com.mx\/#organization","name":"Fuentes Fidedignas","url":"https:\/\/fuentesfidedignas.com.mx\/","logo":{"@type":"ImageObject","inLanguage":"es","@id":"https:\/\/fuentesfidedignas.com.mx\/#\/schema\/logo\/image\/","url":"https:\/\/fuentesfidedignas.com.mx\/wp-content\/uploads\/2021\/04\/logo-retina.png","contentUrl":"https:\/\/fuentesfidedignas.com.mx\/wp-content\/uploads\/2021\/04\/logo-retina.png","width":280,"height":51,"caption":"Fuentes Fidedignas"},"image":{"@id":"https:\/\/fuentesfidedignas.com.mx\/#\/schema\/logo\/image\/"},"sameAs":["https:\/\/www.facebook.com\/Fuentes-Fidedignas-368234489921644","https:\/\/x.com\/fidedignas"]},{"@type":"Person","@id":"https:\/\/fuentesfidedignas.com.mx\/#\/schema\/person\/331be9283d37198e2acd5750279085b0","name":"Redacci\u00f3n","image":{"@type":"ImageObject","inLanguage":"es","@id":"https:\/\/secure.gravatar.com\/avatar\/f6d8782c11d12b2d4ad3fbb6931aeab5309937a4d6cd2fc9cfaa28a6396a5aec?s=96&d=mm&r=g","url":"https:\/\/secure.gravatar.com\/avatar\/f6d8782c11d12b2d4ad3fbb6931aeab5309937a4d6cd2fc9cfaa28a6396a5aec?s=96&d=mm&r=g","contentUrl":"https:\/\/secure.gravatar.com\/avatar\/f6d8782c11d12b2d4ad3fbb6931aeab5309937a4d6cd2fc9cfaa28a6396a5aec?s=96&d=mm&r=g","caption":"Redacci\u00f3n"},"url":"https:\/\/fuentesfidedignas.com.mx\/index.php\/author\/redaccion\/"}]}},"_links":{"self":[{"href":"https:\/\/fuentesfidedignas.com.mx\/index.php\/wp-json\/wp\/v2\/posts\/919","targetHints":{"allow":["GET"]}}],"collection":[{"href":"https:\/\/fuentesfidedignas.com.mx\/index.php\/wp-json\/wp\/v2\/posts"}],"about":[{"href":"https:\/\/fuentesfidedignas.com.mx\/index.php\/wp-json\/wp\/v2\/types\/post"}],"author":[{"embeddable":true,"href":"https:\/\/fuentesfidedignas.com.mx\/index.php\/wp-json\/wp\/v2\/users\/4"}],"replies":[{"embeddable":true,"href":"https:\/\/fuentesfidedignas.com.mx\/index.php\/wp-json\/wp\/v2\/comments?post=919"}],"version-history":[{"count":1,"href":"https:\/\/fuentesfidedignas.com.mx\/index.php\/wp-json\/wp\/v2\/posts\/919\/revisions"}],"predecessor-version":[{"id":921,"href":"https:\/\/fuentesfidedignas.com.mx\/index.php\/wp-json\/wp\/v2\/posts\/919\/revisions\/921"}],"wp:featuredmedia":[{"embeddable":true,"href":"https:\/\/fuentesfidedignas.com.mx\/index.php\/wp-json\/wp\/v2\/media\/920"}],"wp:attachment":[{"href":"https:\/\/fuentesfidedignas.com.mx\/index.php\/wp-json\/wp\/v2\/media?parent=919"}],"wp:term":[{"taxonomy":"category","embeddable":true,"href":"https:\/\/fuentesfidedignas.com.mx\/index.php\/wp-json\/wp\/v2\/categories?post=919"},{"taxonomy":"post_tag","embeddable":true,"href":"https:\/\/fuentesfidedignas.com.mx\/index.php\/wp-json\/wp\/v2\/tags?post=919"}],"curies":[{"name":"wp","href":"https:\/\/api.w.org\/{rel}","templated":true}]}}