{"id":91844,"date":"2024-09-24T04:41:00","date_gmt":"2024-09-24T11:41:00","guid":{"rendered":"https:\/\/fuentesfidedignas.com.mx\/?p=91844"},"modified":"2024-09-23T17:45:48","modified_gmt":"2024-09-24T00:45:48","slug":"video-hombre-muestra-el-carrito-plegable-perfecto-para-poder-ir-al-supermercado","status":"publish","type":"post","link":"https:\/\/fuentesfidedignas.com.mx\/index.php\/2024\/09\/24\/video-hombre-muestra-el-carrito-plegable-perfecto-para-poder-ir-al-supermercado\/","title":{"rendered":"VIDEO: Hombre muestra el carrito plegable perfecto para poder ir al supermercado"},"content":{"rendered":"\n<p><strong><em>El video en el que un hombre muestra su m\u00e1s reciente y \u00fatil compra ya ha superado los tres millones de reproducciones.<\/em><\/strong><\/p>\n\n\n\n<p>ESTADOS UNIDOS.- Para muchas personas, trasladar todas las bolsas de compras del supermercado al autom\u00f3vil puede resultar una actividad sumamente estresante.<\/p>\n\n\n\n<p>Por esta raz\u00f3n, algunas personas han optado por buscar alternativas m\u00e1s eficientes que agilicen esta tarea. En un reciente video publicado, se ha demostrado que existe una herramienta perfecta para ello.<\/p>\n\n\n\n<p><strong>\u00a1Este hombre tiene el carrito perfecto para ir al supermercado!<\/strong><br>La usuaria Olivia Laura White comparti\u00f3 una de las compras m\u00e1s recientes que realiz\u00f3 su esposo, destacando un carrito plegable que facilita el traslado de toda la despensa adquirida en el supermercado.<\/p>\n\n\n\n<p>Este carrito se caracteriza por su capacidad para plegarse f\u00e1cilmente y caber en la cajuela del auto. Una vez en el lugar, se pueden colocar dos canastas en los dos niveles que ofrece este novedoso dise\u00f1o.<\/p>\n\n\n\n<blockquote class=\"tiktok-embed\" cite=\"https:\/\/www.tiktok.com\/@olivialaurawhite\/video\/7416941174050589959\" data-video-id=\"7416941174050589959\" style=\"max-width: 605px;min-width: 325px;\" > <section> <a target=\"_blank\" title=\"@olivialaurawhite\" href=\"https:\/\/www.tiktok.com\/@olivialaurawhite?refer=embed\" rel=\"noopener\">@olivialaurawhite<\/a> Now it\u2019s his turn for the random purchases \ud83d\ude02 I must say, his are a bit more practical \ud83d\ude06 @Clax Cart Australia  Do we rate it?! \ud83d\ude1c <a title=\"shoppingcart\" target=\"_blank\" href=\"https:\/\/www.tiktok.com\/tag\/shoppingcart?refer=embed\" rel=\"noopener\">#shoppingcart<\/a> <a title=\"foldableshoppingcart\" target=\"_blank\" href=\"https:\/\/www.tiktok.com\/tag\/foldableshoppingcart?refer=embed\" rel=\"noopener\">#foldableshoppingcart<\/a> <a title=\"aldi\" target=\"_blank\" href=\"https:\/\/www.tiktok.com\/tag\/aldi?refer=embed\" rel=\"noopener\">#aldi<\/a> <a title=\"claxcart\" target=\"_blank\" href=\"https:\/\/www.tiktok.com\/tag\/claxcart?refer=embed\" rel=\"noopener\">#claxcart<\/a> <a target=\"_blank\" title=\"\u266c original sound - Olivia White\" href=\"https:\/\/www.tiktok.com\/music\/original-sound-7416941201145842448?refer=embed\" rel=\"noopener\">\u266c original sound &#8211; Olivia White<\/a> <\/section> <\/blockquote> <script async src=\"https:\/\/www.tiktok.com\/embed.js\"><\/script>\n\n\n\n<p>En el video se observa c\u00f3mo la esposa de este ingenioso hombre grab\u00f3 el proceso de utilizar el carrito, mostrando la sencillez con la que trasladan sus compras desde el supermercado hasta su veh\u00edculo.<\/p>\n\n\n\n<p>El video ha llamado tanto la atenci\u00f3n de los usuarios de la plataforma TikTok que, hasta hoy, ha logrado acumular 3 millones de reproducciones y casi un mill\u00f3n de \u201cme gusta\u201d. \u00bfY a ti te gustar\u00eda tener este carrito plegable?<\/p>\n","protected":false},"excerpt":{"rendered":"<p>El video en el que un hombre muestra su m\u00e1s reciente y \u00fatil compra ya ha superado los tres millones de reproducciones. ESTADOS UNIDOS.- Para muchas personas, trasladar todas las bolsas de compras del supermercado al autom\u00f3vil puede resultar una actividad sumamente estresante. Por esta raz\u00f3n, algunas personas han optado por buscar alternativas m\u00e1s eficientes [&hellip;]<\/p>\n","protected":false},"author":40,"featured_media":91845,"comment_status":"open","ping_status":"open","sticky":false,"template":"","format":"standard","meta":{"tdm_status":"","tdm_grid_status":"","footnotes":""},"categories":[40],"tags":[],"class_list":{"0":"post-91844","1":"post","2":"type-post","3":"status-publish","4":"format-standard","5":"has-post-thumbnail","7":"category-las-asombrosas"},"yoast_head":"<!-- This site is optimized with the Yoast SEO plugin v27.5 - https:\/\/yoast.com\/product\/yoast-seo-wordpress\/ -->\n<title>VIDEO: Hombre muestra el carrito plegable perfecto para poder ir al supermercado - Fuentes Fidedignas<\/title>\n<meta name=\"robots\" content=\"index, follow, max-snippet:-1, max-image-preview:large, max-video-preview:-1\" \/>\n<link rel=\"canonical\" href=\"https:\/\/fuentesfidedignas.com.mx\/index.php\/2024\/09\/24\/video-hombre-muestra-el-carrito-plegable-perfecto-para-poder-ir-al-supermercado\/\" \/>\n<meta property=\"og:locale\" content=\"es_MX\" \/>\n<meta property=\"og:type\" content=\"article\" \/>\n<meta property=\"og:title\" content=\"VIDEO: Hombre muestra el carrito plegable perfecto para poder ir al supermercado - Fuentes Fidedignas\" \/>\n<meta property=\"og:description\" content=\"El video en el que un hombre muestra su m\u00e1s reciente y \u00fatil compra ya ha superado los tres millones de reproducciones. ESTADOS UNIDOS.- Para muchas personas, trasladar todas las bolsas de compras del supermercado al autom\u00f3vil puede resultar una actividad sumamente estresante. Por esta raz\u00f3n, algunas personas han optado por buscar alternativas m\u00e1s eficientes [&hellip;]\" \/>\n<meta property=\"og:url\" content=\"https:\/\/fuentesfidedignas.com.mx\/index.php\/2024\/09\/24\/video-hombre-muestra-el-carrito-plegable-perfecto-para-poder-ir-al-supermercado\/\" \/>\n<meta property=\"og:site_name\" content=\"Fuentes Fidedignas\" \/>\n<meta property=\"article:publisher\" content=\"https:\/\/www.facebook.com\/Fuentes-Fidedignas-368234489921644\" \/>\n<meta property=\"article:published_time\" content=\"2024-09-24T11:41:00+00:00\" \/>\n<meta property=\"og:image\" content=\"https:\/\/fuentesfidedignas.com.mx\/wp-content\/uploads\/2024\/09\/carrito-del-super.jpg\" \/>\n\t<meta property=\"og:image:width\" content=\"650\" \/>\n\t<meta property=\"og:image:height\" content=\"400\" \/>\n\t<meta property=\"og:image:type\" content=\"image\/jpeg\" \/>\n<meta name=\"author\" content=\"El Imparcial\" \/>\n<meta name=\"twitter:card\" content=\"summary_large_image\" \/>\n<meta name=\"twitter:creator\" content=\"@fidedignas\" \/>\n<meta name=\"twitter:site\" content=\"@fidedignas\" \/>\n<meta name=\"twitter:label1\" content=\"Escrito por\" \/>\n\t<meta name=\"twitter:data1\" content=\"El Imparcial\" \/>\n\t<meta name=\"twitter:label2\" content=\"Tiempo de lectura\" \/>\n\t<meta name=\"twitter:data2\" content=\"2 minutos\" \/>\n<script type=\"application\/ld+json\" class=\"yoast-schema-graph\">{\"@context\":\"https:\\\/\\\/schema.org\",\"@graph\":[{\"@type\":\"Article\",\"@id\":\"https:\\\/\\\/fuentesfidedignas.com.mx\\\/index.php\\\/2024\\\/09\\\/24\\\/video-hombre-muestra-el-carrito-plegable-perfecto-para-poder-ir-al-supermercado\\\/#article\",\"isPartOf\":{\"@id\":\"https:\\\/\\\/fuentesfidedignas.com.mx\\\/index.php\\\/2024\\\/09\\\/24\\\/video-hombre-muestra-el-carrito-plegable-perfecto-para-poder-ir-al-supermercado\\\/\"},\"author\":{\"name\":\"El Imparcial\",\"@id\":\"https:\\\/\\\/fuentesfidedignas.com.mx\\\/#\\\/schema\\\/person\\\/ff4db17f8fd9c584e0cfc2a0c436b8a1\"},\"headline\":\"VIDEO: Hombre muestra el carrito plegable perfecto para poder ir al supermercado\",\"datePublished\":\"2024-09-24T11:41:00+00:00\",\"mainEntityOfPage\":{\"@id\":\"https:\\\/\\\/fuentesfidedignas.com.mx\\\/index.php\\\/2024\\\/09\\\/24\\\/video-hombre-muestra-el-carrito-plegable-perfecto-para-poder-ir-al-supermercado\\\/\"},\"wordCount\":285,\"commentCount\":0,\"publisher\":{\"@id\":\"https:\\\/\\\/fuentesfidedignas.com.mx\\\/#organization\"},\"image\":{\"@id\":\"https:\\\/\\\/fuentesfidedignas.com.mx\\\/index.php\\\/2024\\\/09\\\/24\\\/video-hombre-muestra-el-carrito-plegable-perfecto-para-poder-ir-al-supermercado\\\/#primaryimage\"},\"thumbnailUrl\":\"https:\\\/\\\/fuentesfidedignas.com.mx\\\/wp-content\\\/uploads\\\/2024\\\/09\\\/carrito-del-super.jpg\",\"articleSection\":[\"LAS ASOMBROSAS\"],\"inLanguage\":\"es\",\"potentialAction\":[{\"@type\":\"CommentAction\",\"name\":\"Comment\",\"target\":[\"https:\\\/\\\/fuentesfidedignas.com.mx\\\/index.php\\\/2024\\\/09\\\/24\\\/video-hombre-muestra-el-carrito-plegable-perfecto-para-poder-ir-al-supermercado\\\/#respond\"]}]},{\"@type\":\"WebPage\",\"@id\":\"https:\\\/\\\/fuentesfidedignas.com.mx\\\/index.php\\\/2024\\\/09\\\/24\\\/video-hombre-muestra-el-carrito-plegable-perfecto-para-poder-ir-al-supermercado\\\/\",\"url\":\"https:\\\/\\\/fuentesfidedignas.com.mx\\\/index.php\\\/2024\\\/09\\\/24\\\/video-hombre-muestra-el-carrito-plegable-perfecto-para-poder-ir-al-supermercado\\\/\",\"name\":\"VIDEO: Hombre muestra el carrito plegable perfecto para poder ir al supermercado - Fuentes Fidedignas\",\"isPartOf\":{\"@id\":\"https:\\\/\\\/fuentesfidedignas.com.mx\\\/#website\"},\"primaryImageOfPage\":{\"@id\":\"https:\\\/\\\/fuentesfidedignas.com.mx\\\/index.php\\\/2024\\\/09\\\/24\\\/video-hombre-muestra-el-carrito-plegable-perfecto-para-poder-ir-al-supermercado\\\/#primaryimage\"},\"image\":{\"@id\":\"https:\\\/\\\/fuentesfidedignas.com.mx\\\/index.php\\\/2024\\\/09\\\/24\\\/video-hombre-muestra-el-carrito-plegable-perfecto-para-poder-ir-al-supermercado\\\/#primaryimage\"},\"thumbnailUrl\":\"https:\\\/\\\/fuentesfidedignas.com.mx\\\/wp-content\\\/uploads\\\/2024\\\/09\\\/carrito-del-super.jpg\",\"datePublished\":\"2024-09-24T11:41:00+00:00\",\"breadcrumb\":{\"@id\":\"https:\\\/\\\/fuentesfidedignas.com.mx\\\/index.php\\\/2024\\\/09\\\/24\\\/video-hombre-muestra-el-carrito-plegable-perfecto-para-poder-ir-al-supermercado\\\/#breadcrumb\"},\"inLanguage\":\"es\",\"potentialAction\":[{\"@type\":\"ReadAction\",\"target\":[\"https:\\\/\\\/fuentesfidedignas.com.mx\\\/index.php\\\/2024\\\/09\\\/24\\\/video-hombre-muestra-el-carrito-plegable-perfecto-para-poder-ir-al-supermercado\\\/\"]}]},{\"@type\":\"ImageObject\",\"inLanguage\":\"es\",\"@id\":\"https:\\\/\\\/fuentesfidedignas.com.mx\\\/index.php\\\/2024\\\/09\\\/24\\\/video-hombre-muestra-el-carrito-plegable-perfecto-para-poder-ir-al-supermercado\\\/#primaryimage\",\"url\":\"https:\\\/\\\/fuentesfidedignas.com.mx\\\/wp-content\\\/uploads\\\/2024\\\/09\\\/carrito-del-super.jpg\",\"contentUrl\":\"https:\\\/\\\/fuentesfidedignas.com.mx\\\/wp-content\\\/uploads\\\/2024\\\/09\\\/carrito-del-super.jpg\",\"width\":650,\"height\":400},{\"@type\":\"BreadcrumbList\",\"@id\":\"https:\\\/\\\/fuentesfidedignas.com.mx\\\/index.php\\\/2024\\\/09\\\/24\\\/video-hombre-muestra-el-carrito-plegable-perfecto-para-poder-ir-al-supermercado\\\/#breadcrumb\",\"itemListElement\":[{\"@type\":\"ListItem\",\"position\":1,\"name\":\"Inicio\",\"item\":\"https:\\\/\\\/fuentesfidedignas.com.mx\\\/\"},{\"@type\":\"ListItem\",\"position\":2,\"name\":\"VIDEO: Hombre muestra el carrito plegable perfecto para poder ir al supermercado\"}]},{\"@type\":\"WebSite\",\"@id\":\"https:\\\/\\\/fuentesfidedignas.com.mx\\\/#website\",\"url\":\"https:\\\/\\\/fuentesfidedignas.com.mx\\\/\",\"name\":\"Fuentes Fidedignas\",\"description\":\"Otro sitio realizado con WordPress\",\"publisher\":{\"@id\":\"https:\\\/\\\/fuentesfidedignas.com.mx\\\/#organization\"},\"potentialAction\":[{\"@type\":\"SearchAction\",\"target\":{\"@type\":\"EntryPoint\",\"urlTemplate\":\"https:\\\/\\\/fuentesfidedignas.com.mx\\\/?s={search_term_string}\"},\"query-input\":{\"@type\":\"PropertyValueSpecification\",\"valueRequired\":true,\"valueName\":\"search_term_string\"}}],\"inLanguage\":\"es\"},{\"@type\":\"Organization\",\"@id\":\"https:\\\/\\\/fuentesfidedignas.com.mx\\\/#organization\",\"name\":\"Fuentes Fidedignas\",\"url\":\"https:\\\/\\\/fuentesfidedignas.com.mx\\\/\",\"logo\":{\"@type\":\"ImageObject\",\"inLanguage\":\"es\",\"@id\":\"https:\\\/\\\/fuentesfidedignas.com.mx\\\/#\\\/schema\\\/logo\\\/image\\\/\",\"url\":\"https:\\\/\\\/fuentesfidedignas.com.mx\\\/wp-content\\\/uploads\\\/2021\\\/04\\\/logo-retina.png\",\"contentUrl\":\"https:\\\/\\\/fuentesfidedignas.com.mx\\\/wp-content\\\/uploads\\\/2021\\\/04\\\/logo-retina.png\",\"width\":280,\"height\":51,\"caption\":\"Fuentes Fidedignas\"},\"image\":{\"@id\":\"https:\\\/\\\/fuentesfidedignas.com.mx\\\/#\\\/schema\\\/logo\\\/image\\\/\"},\"sameAs\":[\"https:\\\/\\\/www.facebook.com\\\/Fuentes-Fidedignas-368234489921644\",\"https:\\\/\\\/x.com\\\/fidedignas\"]},{\"@type\":\"Person\",\"@id\":\"https:\\\/\\\/fuentesfidedignas.com.mx\\\/#\\\/schema\\\/person\\\/ff4db17f8fd9c584e0cfc2a0c436b8a1\",\"name\":\"El Imparcial\",\"image\":{\"@type\":\"ImageObject\",\"inLanguage\":\"es\",\"@id\":\"https:\\\/\\\/secure.gravatar.com\\\/avatar\\\/accd6807585a75316c237ee783498317be6f66ab34c47c940966f26a3f613161?s=96&d=mm&r=g\",\"url\":\"https:\\\/\\\/secure.gravatar.com\\\/avatar\\\/accd6807585a75316c237ee783498317be6f66ab34c47c940966f26a3f613161?s=96&d=mm&r=g\",\"contentUrl\":\"https:\\\/\\\/secure.gravatar.com\\\/avatar\\\/accd6807585a75316c237ee783498317be6f66ab34c47c940966f26a3f613161?s=96&d=mm&r=g\",\"caption\":\"El Imparcial\"},\"url\":\"https:\\\/\\\/fuentesfidedignas.com.mx\\\/index.php\\\/author\\\/imparcial\\\/\"}]}<\/script>\n<!-- \/ Yoast SEO plugin. -->","yoast_head_json":{"title":"VIDEO: Hombre muestra el carrito plegable perfecto para poder ir al supermercado - Fuentes Fidedignas","robots":{"index":"index","follow":"follow","max-snippet":"max-snippet:-1","max-image-preview":"max-image-preview:large","max-video-preview":"max-video-preview:-1"},"canonical":"https:\/\/fuentesfidedignas.com.mx\/index.php\/2024\/09\/24\/video-hombre-muestra-el-carrito-plegable-perfecto-para-poder-ir-al-supermercado\/","og_locale":"es_MX","og_type":"article","og_title":"VIDEO: Hombre muestra el carrito plegable perfecto para poder ir al supermercado - Fuentes Fidedignas","og_description":"El video en el que un hombre muestra su m\u00e1s reciente y \u00fatil compra ya ha superado los tres millones de reproducciones. ESTADOS UNIDOS.- Para muchas personas, trasladar todas las bolsas de compras del supermercado al autom\u00f3vil puede resultar una actividad sumamente estresante. Por esta raz\u00f3n, algunas personas han optado por buscar alternativas m\u00e1s eficientes [&hellip;]","og_url":"https:\/\/fuentesfidedignas.com.mx\/index.php\/2024\/09\/24\/video-hombre-muestra-el-carrito-plegable-perfecto-para-poder-ir-al-supermercado\/","og_site_name":"Fuentes Fidedignas","article_publisher":"https:\/\/www.facebook.com\/Fuentes-Fidedignas-368234489921644","article_published_time":"2024-09-24T11:41:00+00:00","og_image":[{"width":650,"height":400,"url":"https:\/\/fuentesfidedignas.com.mx\/wp-content\/uploads\/2024\/09\/carrito-del-super.jpg","type":"image\/jpeg"}],"author":"El Imparcial","twitter_card":"summary_large_image","twitter_creator":"@fidedignas","twitter_site":"@fidedignas","twitter_misc":{"Escrito por":"El Imparcial","Tiempo de lectura":"2 minutos"},"schema":{"@context":"https:\/\/schema.org","@graph":[{"@type":"Article","@id":"https:\/\/fuentesfidedignas.com.mx\/index.php\/2024\/09\/24\/video-hombre-muestra-el-carrito-plegable-perfecto-para-poder-ir-al-supermercado\/#article","isPartOf":{"@id":"https:\/\/fuentesfidedignas.com.mx\/index.php\/2024\/09\/24\/video-hombre-muestra-el-carrito-plegable-perfecto-para-poder-ir-al-supermercado\/"},"author":{"name":"El Imparcial","@id":"https:\/\/fuentesfidedignas.com.mx\/#\/schema\/person\/ff4db17f8fd9c584e0cfc2a0c436b8a1"},"headline":"VIDEO: Hombre muestra el carrito plegable perfecto para poder ir al supermercado","datePublished":"2024-09-24T11:41:00+00:00","mainEntityOfPage":{"@id":"https:\/\/fuentesfidedignas.com.mx\/index.php\/2024\/09\/24\/video-hombre-muestra-el-carrito-plegable-perfecto-para-poder-ir-al-supermercado\/"},"wordCount":285,"commentCount":0,"publisher":{"@id":"https:\/\/fuentesfidedignas.com.mx\/#organization"},"image":{"@id":"https:\/\/fuentesfidedignas.com.mx\/index.php\/2024\/09\/24\/video-hombre-muestra-el-carrito-plegable-perfecto-para-poder-ir-al-supermercado\/#primaryimage"},"thumbnailUrl":"https:\/\/fuentesfidedignas.com.mx\/wp-content\/uploads\/2024\/09\/carrito-del-super.jpg","articleSection":["LAS ASOMBROSAS"],"inLanguage":"es","potentialAction":[{"@type":"CommentAction","name":"Comment","target":["https:\/\/fuentesfidedignas.com.mx\/index.php\/2024\/09\/24\/video-hombre-muestra-el-carrito-plegable-perfecto-para-poder-ir-al-supermercado\/#respond"]}]},{"@type":"WebPage","@id":"https:\/\/fuentesfidedignas.com.mx\/index.php\/2024\/09\/24\/video-hombre-muestra-el-carrito-plegable-perfecto-para-poder-ir-al-supermercado\/","url":"https:\/\/fuentesfidedignas.com.mx\/index.php\/2024\/09\/24\/video-hombre-muestra-el-carrito-plegable-perfecto-para-poder-ir-al-supermercado\/","name":"VIDEO: Hombre muestra el carrito plegable perfecto para poder ir al supermercado - Fuentes Fidedignas","isPartOf":{"@id":"https:\/\/fuentesfidedignas.com.mx\/#website"},"primaryImageOfPage":{"@id":"https:\/\/fuentesfidedignas.com.mx\/index.php\/2024\/09\/24\/video-hombre-muestra-el-carrito-plegable-perfecto-para-poder-ir-al-supermercado\/#primaryimage"},"image":{"@id":"https:\/\/fuentesfidedignas.com.mx\/index.php\/2024\/09\/24\/video-hombre-muestra-el-carrito-plegable-perfecto-para-poder-ir-al-supermercado\/#primaryimage"},"thumbnailUrl":"https:\/\/fuentesfidedignas.com.mx\/wp-content\/uploads\/2024\/09\/carrito-del-super.jpg","datePublished":"2024-09-24T11:41:00+00:00","breadcrumb":{"@id":"https:\/\/fuentesfidedignas.com.mx\/index.php\/2024\/09\/24\/video-hombre-muestra-el-carrito-plegable-perfecto-para-poder-ir-al-supermercado\/#breadcrumb"},"inLanguage":"es","potentialAction":[{"@type":"ReadAction","target":["https:\/\/fuentesfidedignas.com.mx\/index.php\/2024\/09\/24\/video-hombre-muestra-el-carrito-plegable-perfecto-para-poder-ir-al-supermercado\/"]}]},{"@type":"ImageObject","inLanguage":"es","@id":"https:\/\/fuentesfidedignas.com.mx\/index.php\/2024\/09\/24\/video-hombre-muestra-el-carrito-plegable-perfecto-para-poder-ir-al-supermercado\/#primaryimage","url":"https:\/\/fuentesfidedignas.com.mx\/wp-content\/uploads\/2024\/09\/carrito-del-super.jpg","contentUrl":"https:\/\/fuentesfidedignas.com.mx\/wp-content\/uploads\/2024\/09\/carrito-del-super.jpg","width":650,"height":400},{"@type":"BreadcrumbList","@id":"https:\/\/fuentesfidedignas.com.mx\/index.php\/2024\/09\/24\/video-hombre-muestra-el-carrito-plegable-perfecto-para-poder-ir-al-supermercado\/#breadcrumb","itemListElement":[{"@type":"ListItem","position":1,"name":"Inicio","item":"https:\/\/fuentesfidedignas.com.mx\/"},{"@type":"ListItem","position":2,"name":"VIDEO: Hombre muestra el carrito plegable perfecto para poder ir al supermercado"}]},{"@type":"WebSite","@id":"https:\/\/fuentesfidedignas.com.mx\/#website","url":"https:\/\/fuentesfidedignas.com.mx\/","name":"Fuentes Fidedignas","description":"Otro sitio realizado con WordPress","publisher":{"@id":"https:\/\/fuentesfidedignas.com.mx\/#organization"},"potentialAction":[{"@type":"SearchAction","target":{"@type":"EntryPoint","urlTemplate":"https:\/\/fuentesfidedignas.com.mx\/?s={search_term_string}"},"query-input":{"@type":"PropertyValueSpecification","valueRequired":true,"valueName":"search_term_string"}}],"inLanguage":"es"},{"@type":"Organization","@id":"https:\/\/fuentesfidedignas.com.mx\/#organization","name":"Fuentes Fidedignas","url":"https:\/\/fuentesfidedignas.com.mx\/","logo":{"@type":"ImageObject","inLanguage":"es","@id":"https:\/\/fuentesfidedignas.com.mx\/#\/schema\/logo\/image\/","url":"https:\/\/fuentesfidedignas.com.mx\/wp-content\/uploads\/2021\/04\/logo-retina.png","contentUrl":"https:\/\/fuentesfidedignas.com.mx\/wp-content\/uploads\/2021\/04\/logo-retina.png","width":280,"height":51,"caption":"Fuentes Fidedignas"},"image":{"@id":"https:\/\/fuentesfidedignas.com.mx\/#\/schema\/logo\/image\/"},"sameAs":["https:\/\/www.facebook.com\/Fuentes-Fidedignas-368234489921644","https:\/\/x.com\/fidedignas"]},{"@type":"Person","@id":"https:\/\/fuentesfidedignas.com.mx\/#\/schema\/person\/ff4db17f8fd9c584e0cfc2a0c436b8a1","name":"El Imparcial","image":{"@type":"ImageObject","inLanguage":"es","@id":"https:\/\/secure.gravatar.com\/avatar\/accd6807585a75316c237ee783498317be6f66ab34c47c940966f26a3f613161?s=96&d=mm&r=g","url":"https:\/\/secure.gravatar.com\/avatar\/accd6807585a75316c237ee783498317be6f66ab34c47c940966f26a3f613161?s=96&d=mm&r=g","contentUrl":"https:\/\/secure.gravatar.com\/avatar\/accd6807585a75316c237ee783498317be6f66ab34c47c940966f26a3f613161?s=96&d=mm&r=g","caption":"El Imparcial"},"url":"https:\/\/fuentesfidedignas.com.mx\/index.php\/author\/imparcial\/"}]}},"_links":{"self":[{"href":"https:\/\/fuentesfidedignas.com.mx\/index.php\/wp-json\/wp\/v2\/posts\/91844","targetHints":{"allow":["GET"]}}],"collection":[{"href":"https:\/\/fuentesfidedignas.com.mx\/index.php\/wp-json\/wp\/v2\/posts"}],"about":[{"href":"https:\/\/fuentesfidedignas.com.mx\/index.php\/wp-json\/wp\/v2\/types\/post"}],"author":[{"embeddable":true,"href":"https:\/\/fuentesfidedignas.com.mx\/index.php\/wp-json\/wp\/v2\/users\/40"}],"replies":[{"embeddable":true,"href":"https:\/\/fuentesfidedignas.com.mx\/index.php\/wp-json\/wp\/v2\/comments?post=91844"}],"version-history":[{"count":1,"href":"https:\/\/fuentesfidedignas.com.mx\/index.php\/wp-json\/wp\/v2\/posts\/91844\/revisions"}],"predecessor-version":[{"id":91846,"href":"https:\/\/fuentesfidedignas.com.mx\/index.php\/wp-json\/wp\/v2\/posts\/91844\/revisions\/91846"}],"wp:featuredmedia":[{"embeddable":true,"href":"https:\/\/fuentesfidedignas.com.mx\/index.php\/wp-json\/wp\/v2\/media\/91845"}],"wp:attachment":[{"href":"https:\/\/fuentesfidedignas.com.mx\/index.php\/wp-json\/wp\/v2\/media?parent=91844"}],"wp:term":[{"taxonomy":"category","embeddable":true,"href":"https:\/\/fuentesfidedignas.com.mx\/index.php\/wp-json\/wp\/v2\/categories?post=91844"},{"taxonomy":"post_tag","embeddable":true,"href":"https:\/\/fuentesfidedignas.com.mx\/index.php\/wp-json\/wp\/v2\/tags?post=91844"}],"curies":[{"name":"wp","href":"https:\/\/api.w.org\/{rel}","templated":true}]}}