{"id":91763,"date":"2024-09-22T12:15:20","date_gmt":"2024-09-22T19:15:20","guid":{"rendered":"https:\/\/fuentesfidedignas.com.mx\/?p=91763"},"modified":"2024-09-23T07:07:41","modified_gmt":"2024-09-23T14:07:41","slug":"la-anuies-rechaza-de-manera-energica-la-modificacion-a-la-ley-organica-de-la-uas","status":"publish","type":"post","link":"https:\/\/fuentesfidedignas.com.mx\/index.php\/2024\/09\/22\/la-anuies-rechaza-de-manera-energica-la-modificacion-a-la-ley-organica-de-la-uas\/","title":{"rendered":"La ANUIES rechaza de manera en\u00e9rgica la modificaci\u00f3n a la Ley Org\u00e1nica de la UAS"},"content":{"rendered":"\n<p><strong><em>Lo hizo saber a trav\u00e9s de un documento que va firmado por todos los integrantes de dicho Consejo, encabezados por el doctor Luis Armando Gonz\u00e1lez Plascencia y va dirigido al Congreso de Sinaloa, a la Comunidad de la Universidad Aut\u00f3noma de Sinaloa y a la opini\u00f3n p\u00fablica.<\/em><\/strong><\/p>\n\n\n\n<p>A trav\u00e9s de un posicionamiento, el Consejo Nacional de la Asociaci\u00f3n Nacional de Universidades e Instituciones de Educaci\u00f3n Superior de la Rep\u00fablica Mexicana (ANUIES) rechaz\u00f3 en\u00e9rgicamente la modificaci\u00f3n a la Ley Org\u00e1nica de la Universidad Aut\u00f3noma de Sinaloa llevada a cabo por el Congreso de Sinaloa.<\/p>\n\n\n\n<p>El documento va firmado por todos los integrantes de dicho Consejo, encabezados por el doctor Luis Armando Gonz\u00e1lez Plascencia, secretario general ejecutivo de la ANUIES, y va dirigido al Congreso de Sinaloa, a la Comunidad de la Universidad Aut\u00f3noma de Sinaloa y a la opini\u00f3n p\u00fablica.<\/p>\n\n\n\n<p>El posicionamiento se\u00f1ala que dicha modificaci\u00f3n a la Ley Org\u00e1nica de la UAS es violatoria del art\u00edculo tercero, fracci\u00f3n VII de la Constituci\u00f3n Pol\u00edtica de los Estados Unidos Mexicanos, as\u00ed como del art\u00edculo segundo, p\u00e1rrafo III de la Ley General de Educaci\u00f3n Superior, d\u00f3nde establece que cualquier iniciativa o reforma a las leyes org\u00e1nicas deber\u00e1n contar con los resultados de una consulta previa, libre e informada a su comunidad universitaria, a los \u00f3rganos de gobierno competentes de la universidad o instituci\u00f3n de educaci\u00f3n superior a la que la ley otorga autonom\u00eda, as\u00ed como de una respuesta expl\u00edcita de su m\u00e1ximo \u00f3rgano de gobierno colegiado.<\/p>\n\n\n\n<p>Sin embargo, este procedimiento no fue observado por el Congreso Estatal y, ante esta grave situaci\u00f3n, la ANUIES hace un nuevo llamado para que las relaciones entre el Poder Legislativo de Sinaloa y la comunidad universitaria se conduzcan invariablemente con el m\u00e1s irrestricto apego al mandato constitucional y legal para salvaguardar la autonom\u00eda universitaria.<\/p>\n\n\n\n<p>Apenas el pasado 14 la propia Asociaci\u00f3n Nacional de Universidades e Instituciones de Educaci\u00f3n Superior de la Rep\u00fablica Mexicana, a trav\u00e9s de otro posicionamiento, hab\u00eda hecho un llamado al Congreso del Estado de Sinaloa, para reconsiderar la legalidad de la consulta efectuada con objeto de reformar la Ley Org\u00e1nica de la Universidad Aut\u00f3noma de Sinaloa (UAS), con base en las sentencias emitidas por el Juez Primero de Distrito y el Tribunal Colegiado del D\u00e9cimo Segundo Distrito.<\/p>\n\n\n\n<figure class=\"wp-block-image size-full\"><img decoding=\"async\" width=\"650\" height=\"811\" src=\"https:\/\/fuentesfidedignas.com.mx\/wp-content\/uploads\/2024\/09\/WhatsApp-Image-2024-09-21-at-9.06.40-PM.jpeg\" alt=\"\" class=\"wp-image-91764\" srcset=\"https:\/\/fuentesfidedignas.com.mx\/wp-content\/uploads\/2024\/09\/WhatsApp-Image-2024-09-21-at-9.06.40-PM.jpeg 650w, https:\/\/fuentesfidedignas.com.mx\/wp-content\/uploads\/2024\/09\/WhatsApp-Image-2024-09-21-at-9.06.40-PM-240x300.jpeg 240w, https:\/\/fuentesfidedignas.com.mx\/wp-content\/uploads\/2024\/09\/WhatsApp-Image-2024-09-21-at-9.06.40-PM-337x420.jpeg 337w, https:\/\/fuentesfidedignas.com.mx\/wp-content\/uploads\/2024\/09\/WhatsApp-Image-2024-09-21-at-9.06.40-PM-300x374.jpeg 300w, https:\/\/fuentesfidedignas.com.mx\/wp-content\/uploads\/2024\/09\/WhatsApp-Image-2024-09-21-at-9.06.40-PM-600x749.jpeg 600w\" sizes=\"(max-width: 650px) 100vw, 650px\" \/><\/figure>\n","protected":false},"excerpt":{"rendered":"<p>Lo hizo saber a trav\u00e9s de un documento que va firmado por todos los integrantes de dicho Consejo, encabezados por el doctor Luis Armando Gonz\u00e1lez Plascencia y va dirigido al Congreso de Sinaloa, a la Comunidad de la Universidad Aut\u00f3noma de Sinaloa y a la opini\u00f3n p\u00fablica. A trav\u00e9s de un posicionamiento, el Consejo Nacional [&hellip;]<\/p>\n","protected":false},"author":4,"featured_media":44306,"comment_status":"open","ping_status":"open","sticky":false,"template":"","format":"standard","meta":{"tdm_status":"","tdm_grid_status":"","footnotes":""},"categories":[1],"tags":[],"class_list":{"0":"post-91763","1":"post","2":"type-post","3":"status-publish","4":"format-standard","5":"has-post-thumbnail","7":"category-sin-categoria"},"yoast_head":"<!-- This site is optimized with the Yoast SEO plugin v27.5 - https:\/\/yoast.com\/product\/yoast-seo-wordpress\/ -->\n<title>La ANUIES rechaza de manera en\u00e9rgica la modificaci\u00f3n a la Ley Org\u00e1nica de la UAS - Fuentes Fidedignas<\/title>\n<meta name=\"robots\" content=\"index, follow, max-snippet:-1, max-image-preview:large, max-video-preview:-1\" \/>\n<link rel=\"canonical\" href=\"https:\/\/fuentesfidedignas.com.mx\/index.php\/2024\/09\/22\/la-anuies-rechaza-de-manera-energica-la-modificacion-a-la-ley-organica-de-la-uas\/\" \/>\n<meta property=\"og:locale\" content=\"es_MX\" \/>\n<meta property=\"og:type\" content=\"article\" \/>\n<meta property=\"og:title\" content=\"La ANUIES rechaza de manera en\u00e9rgica la modificaci\u00f3n a la Ley Org\u00e1nica de la UAS - Fuentes Fidedignas\" \/>\n<meta property=\"og:description\" content=\"Lo hizo saber a trav\u00e9s de un documento que va firmado por todos los integrantes de dicho Consejo, encabezados por el doctor Luis Armando Gonz\u00e1lez Plascencia y va dirigido al Congreso de Sinaloa, a la Comunidad de la Universidad Aut\u00f3noma de Sinaloa y a la opini\u00f3n p\u00fablica. A trav\u00e9s de un posicionamiento, el Consejo Nacional [&hellip;]\" \/>\n<meta property=\"og:url\" content=\"https:\/\/fuentesfidedignas.com.mx\/index.php\/2024\/09\/22\/la-anuies-rechaza-de-manera-energica-la-modificacion-a-la-ley-organica-de-la-uas\/\" \/>\n<meta property=\"og:site_name\" content=\"Fuentes Fidedignas\" \/>\n<meta property=\"article:publisher\" content=\"https:\/\/www.facebook.com\/Fuentes-Fidedignas-368234489921644\" \/>\n<meta property=\"article:published_time\" content=\"2024-09-22T19:15:20+00:00\" \/>\n<meta property=\"article:modified_time\" content=\"2024-09-23T14:07:41+00:00\" \/>\n<meta property=\"og:image\" content=\"https:\/\/fuentesfidedignas.com.mx\/wp-content\/uploads\/2023\/04\/rectoria.jpg\" \/>\n\t<meta property=\"og:image:width\" content=\"1280\" \/>\n\t<meta property=\"og:image:height\" content=\"850\" \/>\n\t<meta property=\"og:image:type\" content=\"image\/jpeg\" \/>\n<meta name=\"author\" content=\"Redacci\u00f3n\" \/>\n<meta name=\"twitter:card\" content=\"summary_large_image\" \/>\n<meta name=\"twitter:creator\" content=\"@fidedignas\" \/>\n<meta name=\"twitter:site\" content=\"@fidedignas\" \/>\n<meta name=\"twitter:label1\" content=\"Escrito por\" \/>\n\t<meta name=\"twitter:data1\" content=\"Redacci\u00f3n\" \/>\n\t<meta name=\"twitter:label2\" content=\"Tiempo de lectura\" \/>\n\t<meta name=\"twitter:data2\" content=\"3 minutos\" \/>\n<script type=\"application\/ld+json\" class=\"yoast-schema-graph\">{\"@context\":\"https:\\\/\\\/schema.org\",\"@graph\":[{\"@type\":\"Article\",\"@id\":\"https:\\\/\\\/fuentesfidedignas.com.mx\\\/index.php\\\/2024\\\/09\\\/22\\\/la-anuies-rechaza-de-manera-energica-la-modificacion-a-la-ley-organica-de-la-uas\\\/#article\",\"isPartOf\":{\"@id\":\"https:\\\/\\\/fuentesfidedignas.com.mx\\\/index.php\\\/2024\\\/09\\\/22\\\/la-anuies-rechaza-de-manera-energica-la-modificacion-a-la-ley-organica-de-la-uas\\\/\"},\"author\":{\"name\":\"Redacci\u00f3n\",\"@id\":\"https:\\\/\\\/fuentesfidedignas.com.mx\\\/#\\\/schema\\\/person\\\/331be9283d37198e2acd5750279085b0\"},\"headline\":\"La ANUIES rechaza de manera en\u00e9rgica la modificaci\u00f3n a la Ley Org\u00e1nica de la UAS\",\"datePublished\":\"2024-09-22T19:15:20+00:00\",\"dateModified\":\"2024-09-23T14:07:41+00:00\",\"mainEntityOfPage\":{\"@id\":\"https:\\\/\\\/fuentesfidedignas.com.mx\\\/index.php\\\/2024\\\/09\\\/22\\\/la-anuies-rechaza-de-manera-energica-la-modificacion-a-la-ley-organica-de-la-uas\\\/\"},\"wordCount\":436,\"commentCount\":0,\"publisher\":{\"@id\":\"https:\\\/\\\/fuentesfidedignas.com.mx\\\/#organization\"},\"image\":{\"@id\":\"https:\\\/\\\/fuentesfidedignas.com.mx\\\/index.php\\\/2024\\\/09\\\/22\\\/la-anuies-rechaza-de-manera-energica-la-modificacion-a-la-ley-organica-de-la-uas\\\/#primaryimage\"},\"thumbnailUrl\":\"https:\\\/\\\/fuentesfidedignas.com.mx\\\/wp-content\\\/uploads\\\/2023\\\/04\\\/rectoria.jpg\",\"inLanguage\":\"es\",\"potentialAction\":[{\"@type\":\"CommentAction\",\"name\":\"Comment\",\"target\":[\"https:\\\/\\\/fuentesfidedignas.com.mx\\\/index.php\\\/2024\\\/09\\\/22\\\/la-anuies-rechaza-de-manera-energica-la-modificacion-a-la-ley-organica-de-la-uas\\\/#respond\"]}]},{\"@type\":\"WebPage\",\"@id\":\"https:\\\/\\\/fuentesfidedignas.com.mx\\\/index.php\\\/2024\\\/09\\\/22\\\/la-anuies-rechaza-de-manera-energica-la-modificacion-a-la-ley-organica-de-la-uas\\\/\",\"url\":\"https:\\\/\\\/fuentesfidedignas.com.mx\\\/index.php\\\/2024\\\/09\\\/22\\\/la-anuies-rechaza-de-manera-energica-la-modificacion-a-la-ley-organica-de-la-uas\\\/\",\"name\":\"La ANUIES rechaza de manera en\u00e9rgica la modificaci\u00f3n a la Ley Org\u00e1nica de la UAS - Fuentes Fidedignas\",\"isPartOf\":{\"@id\":\"https:\\\/\\\/fuentesfidedignas.com.mx\\\/#website\"},\"primaryImageOfPage\":{\"@id\":\"https:\\\/\\\/fuentesfidedignas.com.mx\\\/index.php\\\/2024\\\/09\\\/22\\\/la-anuies-rechaza-de-manera-energica-la-modificacion-a-la-ley-organica-de-la-uas\\\/#primaryimage\"},\"image\":{\"@id\":\"https:\\\/\\\/fuentesfidedignas.com.mx\\\/index.php\\\/2024\\\/09\\\/22\\\/la-anuies-rechaza-de-manera-energica-la-modificacion-a-la-ley-organica-de-la-uas\\\/#primaryimage\"},\"thumbnailUrl\":\"https:\\\/\\\/fuentesfidedignas.com.mx\\\/wp-content\\\/uploads\\\/2023\\\/04\\\/rectoria.jpg\",\"datePublished\":\"2024-09-22T19:15:20+00:00\",\"dateModified\":\"2024-09-23T14:07:41+00:00\",\"breadcrumb\":{\"@id\":\"https:\\\/\\\/fuentesfidedignas.com.mx\\\/index.php\\\/2024\\\/09\\\/22\\\/la-anuies-rechaza-de-manera-energica-la-modificacion-a-la-ley-organica-de-la-uas\\\/#breadcrumb\"},\"inLanguage\":\"es\",\"potentialAction\":[{\"@type\":\"ReadAction\",\"target\":[\"https:\\\/\\\/fuentesfidedignas.com.mx\\\/index.php\\\/2024\\\/09\\\/22\\\/la-anuies-rechaza-de-manera-energica-la-modificacion-a-la-ley-organica-de-la-uas\\\/\"]}]},{\"@type\":\"ImageObject\",\"inLanguage\":\"es\",\"@id\":\"https:\\\/\\\/fuentesfidedignas.com.mx\\\/index.php\\\/2024\\\/09\\\/22\\\/la-anuies-rechaza-de-manera-energica-la-modificacion-a-la-ley-organica-de-la-uas\\\/#primaryimage\",\"url\":\"https:\\\/\\\/fuentesfidedignas.com.mx\\\/wp-content\\\/uploads\\\/2023\\\/04\\\/rectoria.jpg\",\"contentUrl\":\"https:\\\/\\\/fuentesfidedignas.com.mx\\\/wp-content\\\/uploads\\\/2023\\\/04\\\/rectoria.jpg\",\"width\":1280,\"height\":850},{\"@type\":\"BreadcrumbList\",\"@id\":\"https:\\\/\\\/fuentesfidedignas.com.mx\\\/index.php\\\/2024\\\/09\\\/22\\\/la-anuies-rechaza-de-manera-energica-la-modificacion-a-la-ley-organica-de-la-uas\\\/#breadcrumb\",\"itemListElement\":[{\"@type\":\"ListItem\",\"position\":1,\"name\":\"Inicio\",\"item\":\"https:\\\/\\\/fuentesfidedignas.com.mx\\\/\"},{\"@type\":\"ListItem\",\"position\":2,\"name\":\"La ANUIES rechaza de manera en\u00e9rgica la modificaci\u00f3n a la Ley Org\u00e1nica de la UAS\"}]},{\"@type\":\"WebSite\",\"@id\":\"https:\\\/\\\/fuentesfidedignas.com.mx\\\/#website\",\"url\":\"https:\\\/\\\/fuentesfidedignas.com.mx\\\/\",\"name\":\"Fuentes Fidedignas\",\"description\":\"Otro sitio realizado con WordPress\",\"publisher\":{\"@id\":\"https:\\\/\\\/fuentesfidedignas.com.mx\\\/#organization\"},\"potentialAction\":[{\"@type\":\"SearchAction\",\"target\":{\"@type\":\"EntryPoint\",\"urlTemplate\":\"https:\\\/\\\/fuentesfidedignas.com.mx\\\/?s={search_term_string}\"},\"query-input\":{\"@type\":\"PropertyValueSpecification\",\"valueRequired\":true,\"valueName\":\"search_term_string\"}}],\"inLanguage\":\"es\"},{\"@type\":\"Organization\",\"@id\":\"https:\\\/\\\/fuentesfidedignas.com.mx\\\/#organization\",\"name\":\"Fuentes Fidedignas\",\"url\":\"https:\\\/\\\/fuentesfidedignas.com.mx\\\/\",\"logo\":{\"@type\":\"ImageObject\",\"inLanguage\":\"es\",\"@id\":\"https:\\\/\\\/fuentesfidedignas.com.mx\\\/#\\\/schema\\\/logo\\\/image\\\/\",\"url\":\"https:\\\/\\\/fuentesfidedignas.com.mx\\\/wp-content\\\/uploads\\\/2021\\\/04\\\/logo-retina.png\",\"contentUrl\":\"https:\\\/\\\/fuentesfidedignas.com.mx\\\/wp-content\\\/uploads\\\/2021\\\/04\\\/logo-retina.png\",\"width\":280,\"height\":51,\"caption\":\"Fuentes Fidedignas\"},\"image\":{\"@id\":\"https:\\\/\\\/fuentesfidedignas.com.mx\\\/#\\\/schema\\\/logo\\\/image\\\/\"},\"sameAs\":[\"https:\\\/\\\/www.facebook.com\\\/Fuentes-Fidedignas-368234489921644\",\"https:\\\/\\\/x.com\\\/fidedignas\"]},{\"@type\":\"Person\",\"@id\":\"https:\\\/\\\/fuentesfidedignas.com.mx\\\/#\\\/schema\\\/person\\\/331be9283d37198e2acd5750279085b0\",\"name\":\"Redacci\u00f3n\",\"image\":{\"@type\":\"ImageObject\",\"inLanguage\":\"es\",\"@id\":\"https:\\\/\\\/secure.gravatar.com\\\/avatar\\\/f6d8782c11d12b2d4ad3fbb6931aeab5309937a4d6cd2fc9cfaa28a6396a5aec?s=96&d=mm&r=g\",\"url\":\"https:\\\/\\\/secure.gravatar.com\\\/avatar\\\/f6d8782c11d12b2d4ad3fbb6931aeab5309937a4d6cd2fc9cfaa28a6396a5aec?s=96&d=mm&r=g\",\"contentUrl\":\"https:\\\/\\\/secure.gravatar.com\\\/avatar\\\/f6d8782c11d12b2d4ad3fbb6931aeab5309937a4d6cd2fc9cfaa28a6396a5aec?s=96&d=mm&r=g\",\"caption\":\"Redacci\u00f3n\"},\"url\":\"https:\\\/\\\/fuentesfidedignas.com.mx\\\/index.php\\\/author\\\/redaccion\\\/\"}]}<\/script>\n<!-- \/ Yoast SEO plugin. -->","yoast_head_json":{"title":"La ANUIES rechaza de manera en\u00e9rgica la modificaci\u00f3n a la Ley Org\u00e1nica de la UAS - Fuentes Fidedignas","robots":{"index":"index","follow":"follow","max-snippet":"max-snippet:-1","max-image-preview":"max-image-preview:large","max-video-preview":"max-video-preview:-1"},"canonical":"https:\/\/fuentesfidedignas.com.mx\/index.php\/2024\/09\/22\/la-anuies-rechaza-de-manera-energica-la-modificacion-a-la-ley-organica-de-la-uas\/","og_locale":"es_MX","og_type":"article","og_title":"La ANUIES rechaza de manera en\u00e9rgica la modificaci\u00f3n a la Ley Org\u00e1nica de la UAS - Fuentes Fidedignas","og_description":"Lo hizo saber a trav\u00e9s de un documento que va firmado por todos los integrantes de dicho Consejo, encabezados por el doctor Luis Armando Gonz\u00e1lez Plascencia y va dirigido al Congreso de Sinaloa, a la Comunidad de la Universidad Aut\u00f3noma de Sinaloa y a la opini\u00f3n p\u00fablica. A trav\u00e9s de un posicionamiento, el Consejo Nacional [&hellip;]","og_url":"https:\/\/fuentesfidedignas.com.mx\/index.php\/2024\/09\/22\/la-anuies-rechaza-de-manera-energica-la-modificacion-a-la-ley-organica-de-la-uas\/","og_site_name":"Fuentes Fidedignas","article_publisher":"https:\/\/www.facebook.com\/Fuentes-Fidedignas-368234489921644","article_published_time":"2024-09-22T19:15:20+00:00","article_modified_time":"2024-09-23T14:07:41+00:00","og_image":[{"width":1280,"height":850,"url":"https:\/\/fuentesfidedignas.com.mx\/wp-content\/uploads\/2023\/04\/rectoria.jpg","type":"image\/jpeg"}],"author":"Redacci\u00f3n","twitter_card":"summary_large_image","twitter_creator":"@fidedignas","twitter_site":"@fidedignas","twitter_misc":{"Escrito por":"Redacci\u00f3n","Tiempo de lectura":"3 minutos"},"schema":{"@context":"https:\/\/schema.org","@graph":[{"@type":"Article","@id":"https:\/\/fuentesfidedignas.com.mx\/index.php\/2024\/09\/22\/la-anuies-rechaza-de-manera-energica-la-modificacion-a-la-ley-organica-de-la-uas\/#article","isPartOf":{"@id":"https:\/\/fuentesfidedignas.com.mx\/index.php\/2024\/09\/22\/la-anuies-rechaza-de-manera-energica-la-modificacion-a-la-ley-organica-de-la-uas\/"},"author":{"name":"Redacci\u00f3n","@id":"https:\/\/fuentesfidedignas.com.mx\/#\/schema\/person\/331be9283d37198e2acd5750279085b0"},"headline":"La ANUIES rechaza de manera en\u00e9rgica la modificaci\u00f3n a la Ley Org\u00e1nica de la UAS","datePublished":"2024-09-22T19:15:20+00:00","dateModified":"2024-09-23T14:07:41+00:00","mainEntityOfPage":{"@id":"https:\/\/fuentesfidedignas.com.mx\/index.php\/2024\/09\/22\/la-anuies-rechaza-de-manera-energica-la-modificacion-a-la-ley-organica-de-la-uas\/"},"wordCount":436,"commentCount":0,"publisher":{"@id":"https:\/\/fuentesfidedignas.com.mx\/#organization"},"image":{"@id":"https:\/\/fuentesfidedignas.com.mx\/index.php\/2024\/09\/22\/la-anuies-rechaza-de-manera-energica-la-modificacion-a-la-ley-organica-de-la-uas\/#primaryimage"},"thumbnailUrl":"https:\/\/fuentesfidedignas.com.mx\/wp-content\/uploads\/2023\/04\/rectoria.jpg","inLanguage":"es","potentialAction":[{"@type":"CommentAction","name":"Comment","target":["https:\/\/fuentesfidedignas.com.mx\/index.php\/2024\/09\/22\/la-anuies-rechaza-de-manera-energica-la-modificacion-a-la-ley-organica-de-la-uas\/#respond"]}]},{"@type":"WebPage","@id":"https:\/\/fuentesfidedignas.com.mx\/index.php\/2024\/09\/22\/la-anuies-rechaza-de-manera-energica-la-modificacion-a-la-ley-organica-de-la-uas\/","url":"https:\/\/fuentesfidedignas.com.mx\/index.php\/2024\/09\/22\/la-anuies-rechaza-de-manera-energica-la-modificacion-a-la-ley-organica-de-la-uas\/","name":"La ANUIES rechaza de manera en\u00e9rgica la modificaci\u00f3n a la Ley Org\u00e1nica de la UAS - Fuentes Fidedignas","isPartOf":{"@id":"https:\/\/fuentesfidedignas.com.mx\/#website"},"primaryImageOfPage":{"@id":"https:\/\/fuentesfidedignas.com.mx\/index.php\/2024\/09\/22\/la-anuies-rechaza-de-manera-energica-la-modificacion-a-la-ley-organica-de-la-uas\/#primaryimage"},"image":{"@id":"https:\/\/fuentesfidedignas.com.mx\/index.php\/2024\/09\/22\/la-anuies-rechaza-de-manera-energica-la-modificacion-a-la-ley-organica-de-la-uas\/#primaryimage"},"thumbnailUrl":"https:\/\/fuentesfidedignas.com.mx\/wp-content\/uploads\/2023\/04\/rectoria.jpg","datePublished":"2024-09-22T19:15:20+00:00","dateModified":"2024-09-23T14:07:41+00:00","breadcrumb":{"@id":"https:\/\/fuentesfidedignas.com.mx\/index.php\/2024\/09\/22\/la-anuies-rechaza-de-manera-energica-la-modificacion-a-la-ley-organica-de-la-uas\/#breadcrumb"},"inLanguage":"es","potentialAction":[{"@type":"ReadAction","target":["https:\/\/fuentesfidedignas.com.mx\/index.php\/2024\/09\/22\/la-anuies-rechaza-de-manera-energica-la-modificacion-a-la-ley-organica-de-la-uas\/"]}]},{"@type":"ImageObject","inLanguage":"es","@id":"https:\/\/fuentesfidedignas.com.mx\/index.php\/2024\/09\/22\/la-anuies-rechaza-de-manera-energica-la-modificacion-a-la-ley-organica-de-la-uas\/#primaryimage","url":"https:\/\/fuentesfidedignas.com.mx\/wp-content\/uploads\/2023\/04\/rectoria.jpg","contentUrl":"https:\/\/fuentesfidedignas.com.mx\/wp-content\/uploads\/2023\/04\/rectoria.jpg","width":1280,"height":850},{"@type":"BreadcrumbList","@id":"https:\/\/fuentesfidedignas.com.mx\/index.php\/2024\/09\/22\/la-anuies-rechaza-de-manera-energica-la-modificacion-a-la-ley-organica-de-la-uas\/#breadcrumb","itemListElement":[{"@type":"ListItem","position":1,"name":"Inicio","item":"https:\/\/fuentesfidedignas.com.mx\/"},{"@type":"ListItem","position":2,"name":"La ANUIES rechaza de manera en\u00e9rgica la modificaci\u00f3n a la Ley Org\u00e1nica de la UAS"}]},{"@type":"WebSite","@id":"https:\/\/fuentesfidedignas.com.mx\/#website","url":"https:\/\/fuentesfidedignas.com.mx\/","name":"Fuentes Fidedignas","description":"Otro sitio realizado con WordPress","publisher":{"@id":"https:\/\/fuentesfidedignas.com.mx\/#organization"},"potentialAction":[{"@type":"SearchAction","target":{"@type":"EntryPoint","urlTemplate":"https:\/\/fuentesfidedignas.com.mx\/?s={search_term_string}"},"query-input":{"@type":"PropertyValueSpecification","valueRequired":true,"valueName":"search_term_string"}}],"inLanguage":"es"},{"@type":"Organization","@id":"https:\/\/fuentesfidedignas.com.mx\/#organization","name":"Fuentes Fidedignas","url":"https:\/\/fuentesfidedignas.com.mx\/","logo":{"@type":"ImageObject","inLanguage":"es","@id":"https:\/\/fuentesfidedignas.com.mx\/#\/schema\/logo\/image\/","url":"https:\/\/fuentesfidedignas.com.mx\/wp-content\/uploads\/2021\/04\/logo-retina.png","contentUrl":"https:\/\/fuentesfidedignas.com.mx\/wp-content\/uploads\/2021\/04\/logo-retina.png","width":280,"height":51,"caption":"Fuentes Fidedignas"},"image":{"@id":"https:\/\/fuentesfidedignas.com.mx\/#\/schema\/logo\/image\/"},"sameAs":["https:\/\/www.facebook.com\/Fuentes-Fidedignas-368234489921644","https:\/\/x.com\/fidedignas"]},{"@type":"Person","@id":"https:\/\/fuentesfidedignas.com.mx\/#\/schema\/person\/331be9283d37198e2acd5750279085b0","name":"Redacci\u00f3n","image":{"@type":"ImageObject","inLanguage":"es","@id":"https:\/\/secure.gravatar.com\/avatar\/f6d8782c11d12b2d4ad3fbb6931aeab5309937a4d6cd2fc9cfaa28a6396a5aec?s=96&d=mm&r=g","url":"https:\/\/secure.gravatar.com\/avatar\/f6d8782c11d12b2d4ad3fbb6931aeab5309937a4d6cd2fc9cfaa28a6396a5aec?s=96&d=mm&r=g","contentUrl":"https:\/\/secure.gravatar.com\/avatar\/f6d8782c11d12b2d4ad3fbb6931aeab5309937a4d6cd2fc9cfaa28a6396a5aec?s=96&d=mm&r=g","caption":"Redacci\u00f3n"},"url":"https:\/\/fuentesfidedignas.com.mx\/index.php\/author\/redaccion\/"}]}},"_links":{"self":[{"href":"https:\/\/fuentesfidedignas.com.mx\/index.php\/wp-json\/wp\/v2\/posts\/91763","targetHints":{"allow":["GET"]}}],"collection":[{"href":"https:\/\/fuentesfidedignas.com.mx\/index.php\/wp-json\/wp\/v2\/posts"}],"about":[{"href":"https:\/\/fuentesfidedignas.com.mx\/index.php\/wp-json\/wp\/v2\/types\/post"}],"author":[{"embeddable":true,"href":"https:\/\/fuentesfidedignas.com.mx\/index.php\/wp-json\/wp\/v2\/users\/4"}],"replies":[{"embeddable":true,"href":"https:\/\/fuentesfidedignas.com.mx\/index.php\/wp-json\/wp\/v2\/comments?post=91763"}],"version-history":[{"count":1,"href":"https:\/\/fuentesfidedignas.com.mx\/index.php\/wp-json\/wp\/v2\/posts\/91763\/revisions"}],"predecessor-version":[{"id":91765,"href":"https:\/\/fuentesfidedignas.com.mx\/index.php\/wp-json\/wp\/v2\/posts\/91763\/revisions\/91765"}],"wp:featuredmedia":[{"embeddable":true,"href":"https:\/\/fuentesfidedignas.com.mx\/index.php\/wp-json\/wp\/v2\/media\/44306"}],"wp:attachment":[{"href":"https:\/\/fuentesfidedignas.com.mx\/index.php\/wp-json\/wp\/v2\/media?parent=91763"}],"wp:term":[{"taxonomy":"category","embeddable":true,"href":"https:\/\/fuentesfidedignas.com.mx\/index.php\/wp-json\/wp\/v2\/categories?post=91763"},{"taxonomy":"post_tag","embeddable":true,"href":"https:\/\/fuentesfidedignas.com.mx\/index.php\/wp-json\/wp\/v2\/tags?post=91763"}],"curies":[{"name":"wp","href":"https:\/\/api.w.org\/{rel}","templated":true}]}}