{"id":91723,"date":"2024-09-21T13:18:38","date_gmt":"2024-09-21T20:18:38","guid":{"rendered":"https:\/\/fuentesfidedignas.com.mx\/?p=91723"},"modified":"2024-09-21T13:18:38","modified_gmt":"2024-09-21T20:18:38","slug":"vinculan-a-proceso-a-estudiante-que-amenazo-a-un-medio-de-comunicacion-en-sinaloa","status":"publish","type":"post","link":"https:\/\/fuentesfidedignas.com.mx\/index.php\/2024\/09\/21\/vinculan-a-proceso-a-estudiante-que-amenazo-a-un-medio-de-comunicacion-en-sinaloa\/","title":{"rendered":"Vinculan a proceso a estudiante que amenaz\u00f3 a un medio de comunicaci\u00f3n en Sinaloa"},"content":{"rendered":"\n<p><strong><em>Mart\u00edn \u201cN\u201d realiz\u00f3 amenazas a trav\u00e9s de redes sociales contra el director y periodistas de la Revista Espejo<\/em><\/strong><\/p>\n\n\n\n<p>Un juez federal vincul\u00f3 a proceso a un estudiante de excelencia identificado como Mart\u00edn \u201cN\u201d, quien realiz\u00f3 amenazas a trav\u00e9s de redes sociales contra el director y periodistas de la Revista Espejo en el estado de Sinaloa.<\/p>\n\n\n\n<p>Las amenazas comenzaron despu\u00e9s de que el medio de comunicaci\u00f3n public\u00f3 informaci\u00f3n relacionada con un enfrentamiento en Puerto Vallarta, Jalisco, en el que estuvo involucrado el c\u00e1rtel de Jalisco Nueva Generaci\u00f3n (CJNG).<\/p>\n\n\n\n<p>La Fiscal\u00eda Especial para la Atenci\u00f3n de Delitos cometidos contra la Libertad de Expresi\u00f3n (FEADLE) de la Fiscal\u00eda General de la Rep\u00fablica (FGR) detect\u00f3 que el estudiante utiliz\u00f3 m\u00e1s de una cuenta de Facebook para llevar a cabo las amenazas.<\/p>\n\n\n\n<p>El estudiante no guarda relaci\u00f3n con alguna organizaci\u00f3n delictiva y adem\u00e1s es de otro estado del pa\u00eds; acept\u00f3 que no dimension\u00f3 lo que provocaron sus acciones.<\/p>\n\n\n\n<p>Sin embargo, el agente del Ministerio P\u00fablico Federal adscrito a la FEADLE lo imput\u00f3 por su presunta responsabilidad en el delito de amenazas.<\/p>\n\n\n\n<p>Durante la audiencia, el estudiante admiti\u00f3 su responsabilidad y se comprometi\u00f3 a reparar el da\u00f1o, adem\u00e1s de que se disculp\u00f3 con el director de la revista, la cual fue aceptada.<\/p>\n\n\n\n<p>El juez de control del Centro de Justicia Penal Federal con sede en Culiac\u00e1n, Sinaloa, determin\u00f3 que, como parte de las medidas de reparaci\u00f3n, el imputado deber\u00e1 emitir una disculpa p\u00fablica, realizar diversos cursos de capacitaci\u00f3n en materia de libertad de expresi\u00f3n y establecer el compromiso de mantenerse alejado de la v\u00edctima y el medio de comunicaci\u00f3n.<\/p>\n\n\n\n<p>Asimismo, el Centro de Justicia Penal Federal supervisar\u00e1 el cumplimiento de la reparaci\u00f3n del da\u00f1o por un periodo de seis meses.<\/p>\n\n\n\n<p>\u00bf<strong>Qu\u00e9 es la vinculaci\u00f3n a proceso?&nbsp;<\/strong><\/p>\n\n\n\n<p>La Suprema Corte de Justicia de la Naci\u00f3n (SCJN)&nbsp;se\u00f1ala que el t\u00e9rmino vinculaci\u00f3n a proceso \u2014tambi\u00e9n conocido como auto de vinculaci\u00f3n a proceso\u2014 es la determinaci\u00f3n, mediante la cual un juez establece en la audiencia inicial si hay un motivo por el cual el acusado iniciar\u00e1 un proceso penal.<\/p>\n\n\n\n<p>Durante la vinculaci\u00f3n a proceso tambi\u00e9n se definen los hechos o delitos por los que el imputado \u2014es decir el detenido\u2014 debe de continuar en prisi\u00f3n mientras se termina el proceso y se hacen las investigaciones correspondientes.<br>https:\/\/www.milenio.com\/policia\/vinculan-proceso-estudiante-amenazo-a-revista-espejo-sinaloa<\/p>\n\n\n\n<p><\/p>\n","protected":false},"excerpt":{"rendered":"<p>Mart\u00edn \u201cN\u201d realiz\u00f3 amenazas a trav\u00e9s de redes sociales contra el director y periodistas de la Revista Espejo Un juez federal vincul\u00f3 a proceso a un estudiante de excelencia identificado como Mart\u00edn \u201cN\u201d, quien realiz\u00f3 amenazas a trav\u00e9s de redes sociales contra el director y periodistas de la Revista Espejo en el estado de Sinaloa. [&hellip;]<\/p>\n","protected":false},"author":9,"featured_media":91722,"comment_status":"closed","ping_status":"open","sticky":false,"template":"","format":"standard","meta":{"tdm_status":"","tdm_grid_status":"","footnotes":""},"categories":[37],"tags":[],"class_list":{"0":"post-91723","1":"post","2":"type-post","3":"status-publish","4":"format-standard","5":"has-post-thumbnail","7":"category-nota-principal"},"yoast_head":"<!-- This site is optimized with the Yoast SEO plugin v27.5 - https:\/\/yoast.com\/product\/yoast-seo-wordpress\/ -->\n<title>Vinculan a proceso a estudiante que amenaz\u00f3 a un medio de comunicaci\u00f3n en Sinaloa - Fuentes Fidedignas<\/title>\n<meta name=\"robots\" content=\"index, follow, max-snippet:-1, max-image-preview:large, max-video-preview:-1\" \/>\n<link rel=\"canonical\" href=\"https:\/\/fuentesfidedignas.com.mx\/index.php\/2024\/09\/21\/vinculan-a-proceso-a-estudiante-que-amenazo-a-un-medio-de-comunicacion-en-sinaloa\/\" \/>\n<meta property=\"og:locale\" content=\"es_MX\" \/>\n<meta property=\"og:type\" content=\"article\" \/>\n<meta property=\"og:title\" content=\"Vinculan a proceso a estudiante que amenaz\u00f3 a un medio de comunicaci\u00f3n en Sinaloa - Fuentes Fidedignas\" \/>\n<meta property=\"og:description\" content=\"Mart\u00edn \u201cN\u201d realiz\u00f3 amenazas a trav\u00e9s de redes sociales contra el director y periodistas de la Revista Espejo Un juez federal vincul\u00f3 a proceso a un estudiante de excelencia identificado como Mart\u00edn \u201cN\u201d, quien realiz\u00f3 amenazas a trav\u00e9s de redes sociales contra el director y periodistas de la Revista Espejo en el estado de Sinaloa. [&hellip;]\" \/>\n<meta property=\"og:url\" content=\"https:\/\/fuentesfidedignas.com.mx\/index.php\/2024\/09\/21\/vinculan-a-proceso-a-estudiante-que-amenazo-a-un-medio-de-comunicacion-en-sinaloa\/\" \/>\n<meta property=\"og:site_name\" content=\"Fuentes Fidedignas\" \/>\n<meta property=\"article:publisher\" content=\"https:\/\/www.facebook.com\/Fuentes-Fidedignas-368234489921644\" \/>\n<meta property=\"article:published_time\" content=\"2024-09-21T20:18:38+00:00\" \/>\n<meta property=\"og:image\" content=\"https:\/\/fuentesfidedignas.com.mx\/wp-content\/uploads\/2024\/09\/img_9481-1.jpg\" \/>\n\t<meta property=\"og:image:width\" content=\"345\" \/>\n\t<meta property=\"og:image:height\" content=\"194\" \/>\n\t<meta property=\"og:image:type\" content=\"image\/jpeg\" \/>\n<meta name=\"author\" content=\"Milenio\" \/>\n<meta name=\"twitter:card\" content=\"summary_large_image\" \/>\n<meta name=\"twitter:creator\" content=\"@fidedignas\" \/>\n<meta name=\"twitter:site\" content=\"@fidedignas\" \/>\n<meta name=\"twitter:label1\" content=\"Escrito por\" \/>\n\t<meta name=\"twitter:data1\" content=\"Milenio\" \/>\n\t<meta name=\"twitter:label2\" content=\"Tiempo de lectura\" \/>\n\t<meta name=\"twitter:data2\" content=\"2 minutos\" \/>\n<script type=\"application\/ld+json\" class=\"yoast-schema-graph\">{\"@context\":\"https:\\\/\\\/schema.org\",\"@graph\":[{\"@type\":\"Article\",\"@id\":\"https:\\\/\\\/fuentesfidedignas.com.mx\\\/index.php\\\/2024\\\/09\\\/21\\\/vinculan-a-proceso-a-estudiante-que-amenazo-a-un-medio-de-comunicacion-en-sinaloa\\\/#article\",\"isPartOf\":{\"@id\":\"https:\\\/\\\/fuentesfidedignas.com.mx\\\/index.php\\\/2024\\\/09\\\/21\\\/vinculan-a-proceso-a-estudiante-que-amenazo-a-un-medio-de-comunicacion-en-sinaloa\\\/\"},\"author\":{\"name\":\"Milenio\",\"@id\":\"https:\\\/\\\/fuentesfidedignas.com.mx\\\/#\\\/schema\\\/person\\\/47ec0135738f4b0c7495f06a77a2c976\"},\"headline\":\"Vinculan a proceso a estudiante que amenaz\u00f3 a un medio de comunicaci\u00f3n en Sinaloa\",\"datePublished\":\"2024-09-21T20:18:38+00:00\",\"mainEntityOfPage\":{\"@id\":\"https:\\\/\\\/fuentesfidedignas.com.mx\\\/index.php\\\/2024\\\/09\\\/21\\\/vinculan-a-proceso-a-estudiante-que-amenazo-a-un-medio-de-comunicacion-en-sinaloa\\\/\"},\"wordCount\":442,\"publisher\":{\"@id\":\"https:\\\/\\\/fuentesfidedignas.com.mx\\\/#organization\"},\"image\":{\"@id\":\"https:\\\/\\\/fuentesfidedignas.com.mx\\\/index.php\\\/2024\\\/09\\\/21\\\/vinculan-a-proceso-a-estudiante-que-amenazo-a-un-medio-de-comunicacion-en-sinaloa\\\/#primaryimage\"},\"thumbnailUrl\":\"https:\\\/\\\/fuentesfidedignas.com.mx\\\/wp-content\\\/uploads\\\/2024\\\/09\\\/img_9481-1.jpg\",\"articleSection\":[\"NOTA PRINCIPAL\"],\"inLanguage\":\"es\"},{\"@type\":\"WebPage\",\"@id\":\"https:\\\/\\\/fuentesfidedignas.com.mx\\\/index.php\\\/2024\\\/09\\\/21\\\/vinculan-a-proceso-a-estudiante-que-amenazo-a-un-medio-de-comunicacion-en-sinaloa\\\/\",\"url\":\"https:\\\/\\\/fuentesfidedignas.com.mx\\\/index.php\\\/2024\\\/09\\\/21\\\/vinculan-a-proceso-a-estudiante-que-amenazo-a-un-medio-de-comunicacion-en-sinaloa\\\/\",\"name\":\"Vinculan a proceso a estudiante que amenaz\u00f3 a un medio de comunicaci\u00f3n en Sinaloa - Fuentes Fidedignas\",\"isPartOf\":{\"@id\":\"https:\\\/\\\/fuentesfidedignas.com.mx\\\/#website\"},\"primaryImageOfPage\":{\"@id\":\"https:\\\/\\\/fuentesfidedignas.com.mx\\\/index.php\\\/2024\\\/09\\\/21\\\/vinculan-a-proceso-a-estudiante-que-amenazo-a-un-medio-de-comunicacion-en-sinaloa\\\/#primaryimage\"},\"image\":{\"@id\":\"https:\\\/\\\/fuentesfidedignas.com.mx\\\/index.php\\\/2024\\\/09\\\/21\\\/vinculan-a-proceso-a-estudiante-que-amenazo-a-un-medio-de-comunicacion-en-sinaloa\\\/#primaryimage\"},\"thumbnailUrl\":\"https:\\\/\\\/fuentesfidedignas.com.mx\\\/wp-content\\\/uploads\\\/2024\\\/09\\\/img_9481-1.jpg\",\"datePublished\":\"2024-09-21T20:18:38+00:00\",\"breadcrumb\":{\"@id\":\"https:\\\/\\\/fuentesfidedignas.com.mx\\\/index.php\\\/2024\\\/09\\\/21\\\/vinculan-a-proceso-a-estudiante-que-amenazo-a-un-medio-de-comunicacion-en-sinaloa\\\/#breadcrumb\"},\"inLanguage\":\"es\",\"potentialAction\":[{\"@type\":\"ReadAction\",\"target\":[\"https:\\\/\\\/fuentesfidedignas.com.mx\\\/index.php\\\/2024\\\/09\\\/21\\\/vinculan-a-proceso-a-estudiante-que-amenazo-a-un-medio-de-comunicacion-en-sinaloa\\\/\"]}]},{\"@type\":\"ImageObject\",\"inLanguage\":\"es\",\"@id\":\"https:\\\/\\\/fuentesfidedignas.com.mx\\\/index.php\\\/2024\\\/09\\\/21\\\/vinculan-a-proceso-a-estudiante-que-amenazo-a-un-medio-de-comunicacion-en-sinaloa\\\/#primaryimage\",\"url\":\"https:\\\/\\\/fuentesfidedignas.com.mx\\\/wp-content\\\/uploads\\\/2024\\\/09\\\/img_9481-1.jpg\",\"contentUrl\":\"https:\\\/\\\/fuentesfidedignas.com.mx\\\/wp-content\\\/uploads\\\/2024\\\/09\\\/img_9481-1.jpg\",\"width\":345,\"height\":194},{\"@type\":\"BreadcrumbList\",\"@id\":\"https:\\\/\\\/fuentesfidedignas.com.mx\\\/index.php\\\/2024\\\/09\\\/21\\\/vinculan-a-proceso-a-estudiante-que-amenazo-a-un-medio-de-comunicacion-en-sinaloa\\\/#breadcrumb\",\"itemListElement\":[{\"@type\":\"ListItem\",\"position\":1,\"name\":\"Inicio\",\"item\":\"https:\\\/\\\/fuentesfidedignas.com.mx\\\/\"},{\"@type\":\"ListItem\",\"position\":2,\"name\":\"Vinculan a proceso a estudiante que amenaz\u00f3 a un medio de comunicaci\u00f3n en Sinaloa\"}]},{\"@type\":\"WebSite\",\"@id\":\"https:\\\/\\\/fuentesfidedignas.com.mx\\\/#website\",\"url\":\"https:\\\/\\\/fuentesfidedignas.com.mx\\\/\",\"name\":\"Fuentes Fidedignas\",\"description\":\"Otro sitio realizado con WordPress\",\"publisher\":{\"@id\":\"https:\\\/\\\/fuentesfidedignas.com.mx\\\/#organization\"},\"potentialAction\":[{\"@type\":\"SearchAction\",\"target\":{\"@type\":\"EntryPoint\",\"urlTemplate\":\"https:\\\/\\\/fuentesfidedignas.com.mx\\\/?s={search_term_string}\"},\"query-input\":{\"@type\":\"PropertyValueSpecification\",\"valueRequired\":true,\"valueName\":\"search_term_string\"}}],\"inLanguage\":\"es\"},{\"@type\":\"Organization\",\"@id\":\"https:\\\/\\\/fuentesfidedignas.com.mx\\\/#organization\",\"name\":\"Fuentes Fidedignas\",\"url\":\"https:\\\/\\\/fuentesfidedignas.com.mx\\\/\",\"logo\":{\"@type\":\"ImageObject\",\"inLanguage\":\"es\",\"@id\":\"https:\\\/\\\/fuentesfidedignas.com.mx\\\/#\\\/schema\\\/logo\\\/image\\\/\",\"url\":\"https:\\\/\\\/fuentesfidedignas.com.mx\\\/wp-content\\\/uploads\\\/2021\\\/04\\\/logo-retina.png\",\"contentUrl\":\"https:\\\/\\\/fuentesfidedignas.com.mx\\\/wp-content\\\/uploads\\\/2021\\\/04\\\/logo-retina.png\",\"width\":280,\"height\":51,\"caption\":\"Fuentes Fidedignas\"},\"image\":{\"@id\":\"https:\\\/\\\/fuentesfidedignas.com.mx\\\/#\\\/schema\\\/logo\\\/image\\\/\"},\"sameAs\":[\"https:\\\/\\\/www.facebook.com\\\/Fuentes-Fidedignas-368234489921644\",\"https:\\\/\\\/x.com\\\/fidedignas\"]},{\"@type\":\"Person\",\"@id\":\"https:\\\/\\\/fuentesfidedignas.com.mx\\\/#\\\/schema\\\/person\\\/47ec0135738f4b0c7495f06a77a2c976\",\"name\":\"Milenio\",\"image\":{\"@type\":\"ImageObject\",\"inLanguage\":\"es\",\"@id\":\"https:\\\/\\\/secure.gravatar.com\\\/avatar\\\/acabf7b54753e51c2c76457954577c236b3b764789b19879565769739d1e4a75?s=96&d=mm&r=g\",\"url\":\"https:\\\/\\\/secure.gravatar.com\\\/avatar\\\/acabf7b54753e51c2c76457954577c236b3b764789b19879565769739d1e4a75?s=96&d=mm&r=g\",\"contentUrl\":\"https:\\\/\\\/secure.gravatar.com\\\/avatar\\\/acabf7b54753e51c2c76457954577c236b3b764789b19879565769739d1e4a75?s=96&d=mm&r=g\",\"caption\":\"Milenio\"},\"url\":\"https:\\\/\\\/fuentesfidedignas.com.mx\\\/index.php\\\/author\\\/milenio\\\/\"}]}<\/script>\n<!-- \/ Yoast SEO plugin. -->","yoast_head_json":{"title":"Vinculan a proceso a estudiante que amenaz\u00f3 a un medio de comunicaci\u00f3n en Sinaloa - Fuentes Fidedignas","robots":{"index":"index","follow":"follow","max-snippet":"max-snippet:-1","max-image-preview":"max-image-preview:large","max-video-preview":"max-video-preview:-1"},"canonical":"https:\/\/fuentesfidedignas.com.mx\/index.php\/2024\/09\/21\/vinculan-a-proceso-a-estudiante-que-amenazo-a-un-medio-de-comunicacion-en-sinaloa\/","og_locale":"es_MX","og_type":"article","og_title":"Vinculan a proceso a estudiante que amenaz\u00f3 a un medio de comunicaci\u00f3n en Sinaloa - Fuentes Fidedignas","og_description":"Mart\u00edn \u201cN\u201d realiz\u00f3 amenazas a trav\u00e9s de redes sociales contra el director y periodistas de la Revista Espejo Un juez federal vincul\u00f3 a proceso a un estudiante de excelencia identificado como Mart\u00edn \u201cN\u201d, quien realiz\u00f3 amenazas a trav\u00e9s de redes sociales contra el director y periodistas de la Revista Espejo en el estado de Sinaloa. [&hellip;]","og_url":"https:\/\/fuentesfidedignas.com.mx\/index.php\/2024\/09\/21\/vinculan-a-proceso-a-estudiante-que-amenazo-a-un-medio-de-comunicacion-en-sinaloa\/","og_site_name":"Fuentes Fidedignas","article_publisher":"https:\/\/www.facebook.com\/Fuentes-Fidedignas-368234489921644","article_published_time":"2024-09-21T20:18:38+00:00","og_image":[{"width":345,"height":194,"url":"https:\/\/fuentesfidedignas.com.mx\/wp-content\/uploads\/2024\/09\/img_9481-1.jpg","type":"image\/jpeg"}],"author":"Milenio","twitter_card":"summary_large_image","twitter_creator":"@fidedignas","twitter_site":"@fidedignas","twitter_misc":{"Escrito por":"Milenio","Tiempo de lectura":"2 minutos"},"schema":{"@context":"https:\/\/schema.org","@graph":[{"@type":"Article","@id":"https:\/\/fuentesfidedignas.com.mx\/index.php\/2024\/09\/21\/vinculan-a-proceso-a-estudiante-que-amenazo-a-un-medio-de-comunicacion-en-sinaloa\/#article","isPartOf":{"@id":"https:\/\/fuentesfidedignas.com.mx\/index.php\/2024\/09\/21\/vinculan-a-proceso-a-estudiante-que-amenazo-a-un-medio-de-comunicacion-en-sinaloa\/"},"author":{"name":"Milenio","@id":"https:\/\/fuentesfidedignas.com.mx\/#\/schema\/person\/47ec0135738f4b0c7495f06a77a2c976"},"headline":"Vinculan a proceso a estudiante que amenaz\u00f3 a un medio de comunicaci\u00f3n en Sinaloa","datePublished":"2024-09-21T20:18:38+00:00","mainEntityOfPage":{"@id":"https:\/\/fuentesfidedignas.com.mx\/index.php\/2024\/09\/21\/vinculan-a-proceso-a-estudiante-que-amenazo-a-un-medio-de-comunicacion-en-sinaloa\/"},"wordCount":442,"publisher":{"@id":"https:\/\/fuentesfidedignas.com.mx\/#organization"},"image":{"@id":"https:\/\/fuentesfidedignas.com.mx\/index.php\/2024\/09\/21\/vinculan-a-proceso-a-estudiante-que-amenazo-a-un-medio-de-comunicacion-en-sinaloa\/#primaryimage"},"thumbnailUrl":"https:\/\/fuentesfidedignas.com.mx\/wp-content\/uploads\/2024\/09\/img_9481-1.jpg","articleSection":["NOTA PRINCIPAL"],"inLanguage":"es"},{"@type":"WebPage","@id":"https:\/\/fuentesfidedignas.com.mx\/index.php\/2024\/09\/21\/vinculan-a-proceso-a-estudiante-que-amenazo-a-un-medio-de-comunicacion-en-sinaloa\/","url":"https:\/\/fuentesfidedignas.com.mx\/index.php\/2024\/09\/21\/vinculan-a-proceso-a-estudiante-que-amenazo-a-un-medio-de-comunicacion-en-sinaloa\/","name":"Vinculan a proceso a estudiante que amenaz\u00f3 a un medio de comunicaci\u00f3n en Sinaloa - Fuentes Fidedignas","isPartOf":{"@id":"https:\/\/fuentesfidedignas.com.mx\/#website"},"primaryImageOfPage":{"@id":"https:\/\/fuentesfidedignas.com.mx\/index.php\/2024\/09\/21\/vinculan-a-proceso-a-estudiante-que-amenazo-a-un-medio-de-comunicacion-en-sinaloa\/#primaryimage"},"image":{"@id":"https:\/\/fuentesfidedignas.com.mx\/index.php\/2024\/09\/21\/vinculan-a-proceso-a-estudiante-que-amenazo-a-un-medio-de-comunicacion-en-sinaloa\/#primaryimage"},"thumbnailUrl":"https:\/\/fuentesfidedignas.com.mx\/wp-content\/uploads\/2024\/09\/img_9481-1.jpg","datePublished":"2024-09-21T20:18:38+00:00","breadcrumb":{"@id":"https:\/\/fuentesfidedignas.com.mx\/index.php\/2024\/09\/21\/vinculan-a-proceso-a-estudiante-que-amenazo-a-un-medio-de-comunicacion-en-sinaloa\/#breadcrumb"},"inLanguage":"es","potentialAction":[{"@type":"ReadAction","target":["https:\/\/fuentesfidedignas.com.mx\/index.php\/2024\/09\/21\/vinculan-a-proceso-a-estudiante-que-amenazo-a-un-medio-de-comunicacion-en-sinaloa\/"]}]},{"@type":"ImageObject","inLanguage":"es","@id":"https:\/\/fuentesfidedignas.com.mx\/index.php\/2024\/09\/21\/vinculan-a-proceso-a-estudiante-que-amenazo-a-un-medio-de-comunicacion-en-sinaloa\/#primaryimage","url":"https:\/\/fuentesfidedignas.com.mx\/wp-content\/uploads\/2024\/09\/img_9481-1.jpg","contentUrl":"https:\/\/fuentesfidedignas.com.mx\/wp-content\/uploads\/2024\/09\/img_9481-1.jpg","width":345,"height":194},{"@type":"BreadcrumbList","@id":"https:\/\/fuentesfidedignas.com.mx\/index.php\/2024\/09\/21\/vinculan-a-proceso-a-estudiante-que-amenazo-a-un-medio-de-comunicacion-en-sinaloa\/#breadcrumb","itemListElement":[{"@type":"ListItem","position":1,"name":"Inicio","item":"https:\/\/fuentesfidedignas.com.mx\/"},{"@type":"ListItem","position":2,"name":"Vinculan a proceso a estudiante que amenaz\u00f3 a un medio de comunicaci\u00f3n en Sinaloa"}]},{"@type":"WebSite","@id":"https:\/\/fuentesfidedignas.com.mx\/#website","url":"https:\/\/fuentesfidedignas.com.mx\/","name":"Fuentes Fidedignas","description":"Otro sitio realizado con WordPress","publisher":{"@id":"https:\/\/fuentesfidedignas.com.mx\/#organization"},"potentialAction":[{"@type":"SearchAction","target":{"@type":"EntryPoint","urlTemplate":"https:\/\/fuentesfidedignas.com.mx\/?s={search_term_string}"},"query-input":{"@type":"PropertyValueSpecification","valueRequired":true,"valueName":"search_term_string"}}],"inLanguage":"es"},{"@type":"Organization","@id":"https:\/\/fuentesfidedignas.com.mx\/#organization","name":"Fuentes Fidedignas","url":"https:\/\/fuentesfidedignas.com.mx\/","logo":{"@type":"ImageObject","inLanguage":"es","@id":"https:\/\/fuentesfidedignas.com.mx\/#\/schema\/logo\/image\/","url":"https:\/\/fuentesfidedignas.com.mx\/wp-content\/uploads\/2021\/04\/logo-retina.png","contentUrl":"https:\/\/fuentesfidedignas.com.mx\/wp-content\/uploads\/2021\/04\/logo-retina.png","width":280,"height":51,"caption":"Fuentes Fidedignas"},"image":{"@id":"https:\/\/fuentesfidedignas.com.mx\/#\/schema\/logo\/image\/"},"sameAs":["https:\/\/www.facebook.com\/Fuentes-Fidedignas-368234489921644","https:\/\/x.com\/fidedignas"]},{"@type":"Person","@id":"https:\/\/fuentesfidedignas.com.mx\/#\/schema\/person\/47ec0135738f4b0c7495f06a77a2c976","name":"Milenio","image":{"@type":"ImageObject","inLanguage":"es","@id":"https:\/\/secure.gravatar.com\/avatar\/acabf7b54753e51c2c76457954577c236b3b764789b19879565769739d1e4a75?s=96&d=mm&r=g","url":"https:\/\/secure.gravatar.com\/avatar\/acabf7b54753e51c2c76457954577c236b3b764789b19879565769739d1e4a75?s=96&d=mm&r=g","contentUrl":"https:\/\/secure.gravatar.com\/avatar\/acabf7b54753e51c2c76457954577c236b3b764789b19879565769739d1e4a75?s=96&d=mm&r=g","caption":"Milenio"},"url":"https:\/\/fuentesfidedignas.com.mx\/index.php\/author\/milenio\/"}]}},"_links":{"self":[{"href":"https:\/\/fuentesfidedignas.com.mx\/index.php\/wp-json\/wp\/v2\/posts\/91723","targetHints":{"allow":["GET"]}}],"collection":[{"href":"https:\/\/fuentesfidedignas.com.mx\/index.php\/wp-json\/wp\/v2\/posts"}],"about":[{"href":"https:\/\/fuentesfidedignas.com.mx\/index.php\/wp-json\/wp\/v2\/types\/post"}],"author":[{"embeddable":true,"href":"https:\/\/fuentesfidedignas.com.mx\/index.php\/wp-json\/wp\/v2\/users\/9"}],"replies":[{"embeddable":true,"href":"https:\/\/fuentesfidedignas.com.mx\/index.php\/wp-json\/wp\/v2\/comments?post=91723"}],"version-history":[{"count":1,"href":"https:\/\/fuentesfidedignas.com.mx\/index.php\/wp-json\/wp\/v2\/posts\/91723\/revisions"}],"predecessor-version":[{"id":91724,"href":"https:\/\/fuentesfidedignas.com.mx\/index.php\/wp-json\/wp\/v2\/posts\/91723\/revisions\/91724"}],"wp:featuredmedia":[{"embeddable":true,"href":"https:\/\/fuentesfidedignas.com.mx\/index.php\/wp-json\/wp\/v2\/media\/91722"}],"wp:attachment":[{"href":"https:\/\/fuentesfidedignas.com.mx\/index.php\/wp-json\/wp\/v2\/media?parent=91723"}],"wp:term":[{"taxonomy":"category","embeddable":true,"href":"https:\/\/fuentesfidedignas.com.mx\/index.php\/wp-json\/wp\/v2\/categories?post=91723"},{"taxonomy":"post_tag","embeddable":true,"href":"https:\/\/fuentesfidedignas.com.mx\/index.php\/wp-json\/wp\/v2\/tags?post=91723"}],"curies":[{"name":"wp","href":"https:\/\/api.w.org\/{rel}","templated":true}]}}