{"id":9172,"date":"2021-08-06T16:12:51","date_gmt":"2021-08-06T23:12:51","guid":{"rendered":"https:\/\/fuentesfidedignas.com.mx\/?p=9172"},"modified":"2021-08-06T16:12:53","modified_gmt":"2021-08-06T23:12:53","slug":"messi-muy-cerca-de-unirse-al-psg-reportan-medios-europeos","status":"publish","type":"post","link":"https:\/\/fuentesfidedignas.com.mx\/index.php\/2021\/08\/06\/messi-muy-cerca-de-unirse-al-psg-reportan-medios-europeos\/","title":{"rendered":"Messi, muy cerca de unirse al PSG, reportan medios europeos"},"content":{"rendered":"\n<p><strong><em>Seg\u00fan el diario franc\u00e9s &#8216;L&#8217;Equipe&#8217; Messi habr\u00eda aceptado un acuerdo de tres a\u00f1os y 47 millones de euros por temporada despu\u00e9s de impuestos con el conjunto parisino.<\/em><\/strong><\/p>\n\n\n\n<p>Ciudad de M\u00e9xico.- Lionel Messi, el exdelantero del Barcelona, habr\u00eda aceptado unirse al PSG y s\u00f3lo estar\u00edan esperando que su representante, que adem\u00e1s es su padre, cierren el acuerdo con el club franc\u00e9s en las pr\u00f3ximas horas, seg\u00fan varios reportes de la prensa deportiva internacional.<\/p>\n\n\n\n<p>El argentino dej\u00f3 al Barcelona, su casa durante 20 a\u00f1os debido a los problemas financieros y el tope salarial de LaLiga de Espa\u00f1a, por lo que algunos clubes se frotaron las manos para buscar al flamante campe\u00f3n de la Copa Am\u00e9rica.<\/p>\n\n\n\n<p>Pero la mano la llev\u00f3 el PSG, quien le ofreci\u00f3 abrir sus puertas a Messi, de 34 a\u00f1os, ayudado, seg\u00fan medios, directamente por el posible nuevo entrenador Mauricio Pochettino, compatriota del delantero.<\/p>\n\n\n\n<p>Pep Guardiola descart\u00f3 que Messi pudiera llegar al Manchester City, que apenas gast\u00f3 139 millones de d\u00f3lares y bati\u00f3 el r\u00e9cord de transferencias brit\u00e1nico para fichar a Jack Grealish.<\/p>\n\n\n\n<p>\u201cComo aficionado, [siento] una gratitud incre\u00edble por el jugador m\u00e1s extraordinario que he visto en mi vida. Fuimos convencidos por Grealish y convencidos de que Leo se quedar\u00eda en el Bar\u00e7a. Ahora mismo no est\u00e1 en nuestros pensamientos\u201d, dijo Guardiola.<\/p>\n\n\n\n<p>Seg\u00fan L\u2019Equipe Messi habr\u00eda aceptado un acuerdo de tres a\u00f1os y 47 millones de euros por temporada despu\u00e9s de impuestos con el PSG, donde se unir\u00eda a uno de sus m\u00e1ximos rivales en Espa\u00f1a, el exmadridista Sergio Ramos, al franc\u00e9s Kylian Mbapp\u00e9 y a su gran amigo, el brasile\u00f1o Neymar.<\/p>\n\n\n\n<p>Tambi\u00e9n, el respetado periodista franc\u00e9s Mohamed Bouhafsi afirm\u00f3 que Lionel acept\u00f3 firmar con el PSG un contrato de dos a\u00f1os con opci\u00f3n a uno m\u00e1s, en espera de que Jorge Messi, su padre y representante, cierre el acuerdo en las pr\u00f3ximas horas.<\/p>\n\n\n\n<figure class=\"wp-block-embed is-type-rich is-provider-twitter wp-block-embed-twitter\"><div class=\"wp-block-embed__wrapper\">\n<blockquote class=\"twitter-tweet\" data-width=\"550\" data-dnt=\"true\"><p lang=\"en\" dir=\"ltr\">Lionel <a href=\"https:\/\/twitter.com\/hashtag\/Messi?src=hash&amp;ref_src=twsrc%5Etfw\">#Messi<\/a> has chosen to join <a href=\"https:\/\/twitter.com\/hashtag\/PSG?src=hash&amp;ref_src=twsrc%5Etfw\">#PSG<\/a> &#8211; 2 years + 1 on option for the contract &#8211; the club is looking to wrap up the signing over the weekend, and is set to meet with Jorge Messi in the next few hours.<\/p>&mdash; Mohamed Bouhafsi (@mohamedbouhafsi) <a href=\"https:\/\/twitter.com\/mohamedbouhafsi\/status\/1423723054153220099?ref_src=twsrc%5Etfw\">August 6, 2021<\/a><\/blockquote><script async src=\"https:\/\/platform.twitter.com\/widgets.js\" charset=\"utf-8\"><\/script>\n<\/div><\/figure>\n\n\n\n<p>Si esto se concreta, el PSG ser\u00eda un equipo de ensue\u00f1o para el nuevo a\u00f1o futbol\u00edstico y de inmediato ser\u00eda el favorito para conseguir el sue\u00f1o de todo Europa, la Champions League.<\/p>\n","protected":false},"excerpt":{"rendered":"<p>Seg\u00fan el diario franc\u00e9s &#8216;L&#8217;Equipe&#8217; Messi habr\u00eda aceptado un acuerdo de tres a\u00f1os y 47 millones de euros por temporada despu\u00e9s de impuestos con el conjunto parisino. Ciudad de M\u00e9xico.- Lionel Messi, el exdelantero del Barcelona, habr\u00eda aceptado unirse al PSG y s\u00f3lo estar\u00edan esperando que su representante, que adem\u00e1s es su padre, cierren el [&hellip;]<\/p>\n","protected":false},"author":5,"featured_media":9173,"comment_status":"open","ping_status":"open","sticky":false,"template":"","format":"standard","meta":{"tdm_status":"","tdm_grid_status":"","footnotes":""},"categories":[39],"tags":[1594],"class_list":{"0":"post-9172","1":"post","2":"type-post","3":"status-publish","4":"format-standard","5":"has-post-thumbnail","7":"category-noticias-nacionales","8":"tag-leo-messi"},"yoast_head":"<!-- This site is optimized with the Yoast SEO plugin v27.4 - https:\/\/yoast.com\/product\/yoast-seo-wordpress\/ -->\n<title>Messi, muy cerca de unirse al PSG, reportan medios europeos - Fuentes Fidedignas<\/title>\n<meta name=\"robots\" content=\"index, follow, max-snippet:-1, max-image-preview:large, max-video-preview:-1\" \/>\n<link rel=\"canonical\" href=\"https:\/\/fuentesfidedignas.com.mx\/index.php\/2021\/08\/06\/messi-muy-cerca-de-unirse-al-psg-reportan-medios-europeos\/\" \/>\n<meta property=\"og:locale\" content=\"es_MX\" \/>\n<meta property=\"og:type\" content=\"article\" \/>\n<meta property=\"og:title\" content=\"Messi, muy cerca de unirse al PSG, reportan medios europeos - Fuentes Fidedignas\" \/>\n<meta property=\"og:description\" content=\"Seg\u00fan el diario franc\u00e9s &#8216;L&#8217;Equipe&#8217; Messi habr\u00eda aceptado un acuerdo de tres a\u00f1os y 47 millones de euros por temporada despu\u00e9s de impuestos con el conjunto parisino. Ciudad de M\u00e9xico.- Lionel Messi, el exdelantero del Barcelona, habr\u00eda aceptado unirse al PSG y s\u00f3lo estar\u00edan esperando que su representante, que adem\u00e1s es su padre, cierren el [&hellip;]\" \/>\n<meta property=\"og:url\" content=\"https:\/\/fuentesfidedignas.com.mx\/index.php\/2021\/08\/06\/messi-muy-cerca-de-unirse-al-psg-reportan-medios-europeos\/\" \/>\n<meta property=\"og:site_name\" content=\"Fuentes Fidedignas\" \/>\n<meta property=\"article:publisher\" content=\"https:\/\/www.facebook.com\/Fuentes-Fidedignas-368234489921644\" \/>\n<meta property=\"article:published_time\" content=\"2021-08-06T23:12:51+00:00\" \/>\n<meta property=\"article:modified_time\" content=\"2021-08-06T23:12:53+00:00\" \/>\n<meta property=\"og:image\" content=\"https:\/\/fuentesfidedignas.com.mx\/wp-content\/uploads\/2021\/08\/2019-GettyImages-1191540585-e1628285907119-640x360-1.jpg\" \/>\n\t<meta property=\"og:image:width\" content=\"640\" \/>\n\t<meta property=\"og:image:height\" content=\"360\" \/>\n\t<meta property=\"og:image:type\" content=\"image\/jpeg\" \/>\n<meta name=\"author\" content=\"Forbes\" \/>\n<meta name=\"twitter:card\" content=\"summary_large_image\" \/>\n<meta name=\"twitter:creator\" content=\"@fidedignas\" \/>\n<meta name=\"twitter:site\" content=\"@fidedignas\" \/>\n<meta name=\"twitter:label1\" content=\"Escrito por\" \/>\n\t<meta name=\"twitter:data1\" content=\"Forbes\" \/>\n\t<meta name=\"twitter:label2\" content=\"Tiempo de lectura\" \/>\n\t<meta name=\"twitter:data2\" content=\"2 minutos\" \/>\n<script type=\"application\/ld+json\" class=\"yoast-schema-graph\">{\"@context\":\"https:\\\/\\\/schema.org\",\"@graph\":[{\"@type\":\"Article\",\"@id\":\"https:\\\/\\\/fuentesfidedignas.com.mx\\\/index.php\\\/2021\\\/08\\\/06\\\/messi-muy-cerca-de-unirse-al-psg-reportan-medios-europeos\\\/#article\",\"isPartOf\":{\"@id\":\"https:\\\/\\\/fuentesfidedignas.com.mx\\\/index.php\\\/2021\\\/08\\\/06\\\/messi-muy-cerca-de-unirse-al-psg-reportan-medios-europeos\\\/\"},\"author\":{\"name\":\"Forbes\",\"@id\":\"https:\\\/\\\/fuentesfidedignas.com.mx\\\/#\\\/schema\\\/person\\\/5623d53fe2e579d825b1679734abcc44\"},\"headline\":\"Messi, muy cerca de unirse al PSG, reportan medios europeos\",\"datePublished\":\"2021-08-06T23:12:51+00:00\",\"dateModified\":\"2021-08-06T23:12:53+00:00\",\"mainEntityOfPage\":{\"@id\":\"https:\\\/\\\/fuentesfidedignas.com.mx\\\/index.php\\\/2021\\\/08\\\/06\\\/messi-muy-cerca-de-unirse-al-psg-reportan-medios-europeos\\\/\"},\"wordCount\":398,\"commentCount\":0,\"publisher\":{\"@id\":\"https:\\\/\\\/fuentesfidedignas.com.mx\\\/#organization\"},\"image\":{\"@id\":\"https:\\\/\\\/fuentesfidedignas.com.mx\\\/index.php\\\/2021\\\/08\\\/06\\\/messi-muy-cerca-de-unirse-al-psg-reportan-medios-europeos\\\/#primaryimage\"},\"thumbnailUrl\":\"https:\\\/\\\/fuentesfidedignas.com.mx\\\/wp-content\\\/uploads\\\/2021\\\/08\\\/2019-GettyImages-1191540585-e1628285907119-640x360-1.jpg\",\"keywords\":[\"Leo Messi\"],\"articleSection\":[\"NOTICIAS NACIONALES\"],\"inLanguage\":\"es\",\"potentialAction\":[{\"@type\":\"CommentAction\",\"name\":\"Comment\",\"target\":[\"https:\\\/\\\/fuentesfidedignas.com.mx\\\/index.php\\\/2021\\\/08\\\/06\\\/messi-muy-cerca-de-unirse-al-psg-reportan-medios-europeos\\\/#respond\"]}]},{\"@type\":\"WebPage\",\"@id\":\"https:\\\/\\\/fuentesfidedignas.com.mx\\\/index.php\\\/2021\\\/08\\\/06\\\/messi-muy-cerca-de-unirse-al-psg-reportan-medios-europeos\\\/\",\"url\":\"https:\\\/\\\/fuentesfidedignas.com.mx\\\/index.php\\\/2021\\\/08\\\/06\\\/messi-muy-cerca-de-unirse-al-psg-reportan-medios-europeos\\\/\",\"name\":\"Messi, muy cerca de unirse al PSG, reportan medios europeos - Fuentes Fidedignas\",\"isPartOf\":{\"@id\":\"https:\\\/\\\/fuentesfidedignas.com.mx\\\/#website\"},\"primaryImageOfPage\":{\"@id\":\"https:\\\/\\\/fuentesfidedignas.com.mx\\\/index.php\\\/2021\\\/08\\\/06\\\/messi-muy-cerca-de-unirse-al-psg-reportan-medios-europeos\\\/#primaryimage\"},\"image\":{\"@id\":\"https:\\\/\\\/fuentesfidedignas.com.mx\\\/index.php\\\/2021\\\/08\\\/06\\\/messi-muy-cerca-de-unirse-al-psg-reportan-medios-europeos\\\/#primaryimage\"},\"thumbnailUrl\":\"https:\\\/\\\/fuentesfidedignas.com.mx\\\/wp-content\\\/uploads\\\/2021\\\/08\\\/2019-GettyImages-1191540585-e1628285907119-640x360-1.jpg\",\"datePublished\":\"2021-08-06T23:12:51+00:00\",\"dateModified\":\"2021-08-06T23:12:53+00:00\",\"breadcrumb\":{\"@id\":\"https:\\\/\\\/fuentesfidedignas.com.mx\\\/index.php\\\/2021\\\/08\\\/06\\\/messi-muy-cerca-de-unirse-al-psg-reportan-medios-europeos\\\/#breadcrumb\"},\"inLanguage\":\"es\",\"potentialAction\":[{\"@type\":\"ReadAction\",\"target\":[\"https:\\\/\\\/fuentesfidedignas.com.mx\\\/index.php\\\/2021\\\/08\\\/06\\\/messi-muy-cerca-de-unirse-al-psg-reportan-medios-europeos\\\/\"]}]},{\"@type\":\"ImageObject\",\"inLanguage\":\"es\",\"@id\":\"https:\\\/\\\/fuentesfidedignas.com.mx\\\/index.php\\\/2021\\\/08\\\/06\\\/messi-muy-cerca-de-unirse-al-psg-reportan-medios-europeos\\\/#primaryimage\",\"url\":\"https:\\\/\\\/fuentesfidedignas.com.mx\\\/wp-content\\\/uploads\\\/2021\\\/08\\\/2019-GettyImages-1191540585-e1628285907119-640x360-1.jpg\",\"contentUrl\":\"https:\\\/\\\/fuentesfidedignas.com.mx\\\/wp-content\\\/uploads\\\/2021\\\/08\\\/2019-GettyImages-1191540585-e1628285907119-640x360-1.jpg\",\"width\":640,\"height\":360},{\"@type\":\"BreadcrumbList\",\"@id\":\"https:\\\/\\\/fuentesfidedignas.com.mx\\\/index.php\\\/2021\\\/08\\\/06\\\/messi-muy-cerca-de-unirse-al-psg-reportan-medios-europeos\\\/#breadcrumb\",\"itemListElement\":[{\"@type\":\"ListItem\",\"position\":1,\"name\":\"Inicio\",\"item\":\"https:\\\/\\\/fuentesfidedignas.com.mx\\\/\"},{\"@type\":\"ListItem\",\"position\":2,\"name\":\"Messi, muy cerca de unirse al PSG, reportan medios europeos\"}]},{\"@type\":\"WebSite\",\"@id\":\"https:\\\/\\\/fuentesfidedignas.com.mx\\\/#website\",\"url\":\"https:\\\/\\\/fuentesfidedignas.com.mx\\\/\",\"name\":\"Fuentes Fidedignas\",\"description\":\"Otro sitio realizado con WordPress\",\"publisher\":{\"@id\":\"https:\\\/\\\/fuentesfidedignas.com.mx\\\/#organization\"},\"potentialAction\":[{\"@type\":\"SearchAction\",\"target\":{\"@type\":\"EntryPoint\",\"urlTemplate\":\"https:\\\/\\\/fuentesfidedignas.com.mx\\\/?s={search_term_string}\"},\"query-input\":{\"@type\":\"PropertyValueSpecification\",\"valueRequired\":true,\"valueName\":\"search_term_string\"}}],\"inLanguage\":\"es\"},{\"@type\":\"Organization\",\"@id\":\"https:\\\/\\\/fuentesfidedignas.com.mx\\\/#organization\",\"name\":\"Fuentes Fidedignas\",\"url\":\"https:\\\/\\\/fuentesfidedignas.com.mx\\\/\",\"logo\":{\"@type\":\"ImageObject\",\"inLanguage\":\"es\",\"@id\":\"https:\\\/\\\/fuentesfidedignas.com.mx\\\/#\\\/schema\\\/logo\\\/image\\\/\",\"url\":\"https:\\\/\\\/fuentesfidedignas.com.mx\\\/wp-content\\\/uploads\\\/2021\\\/04\\\/logo-retina.png\",\"contentUrl\":\"https:\\\/\\\/fuentesfidedignas.com.mx\\\/wp-content\\\/uploads\\\/2021\\\/04\\\/logo-retina.png\",\"width\":280,\"height\":51,\"caption\":\"Fuentes Fidedignas\"},\"image\":{\"@id\":\"https:\\\/\\\/fuentesfidedignas.com.mx\\\/#\\\/schema\\\/logo\\\/image\\\/\"},\"sameAs\":[\"https:\\\/\\\/www.facebook.com\\\/Fuentes-Fidedignas-368234489921644\",\"https:\\\/\\\/x.com\\\/fidedignas\"]},{\"@type\":\"Person\",\"@id\":\"https:\\\/\\\/fuentesfidedignas.com.mx\\\/#\\\/schema\\\/person\\\/5623d53fe2e579d825b1679734abcc44\",\"name\":\"Forbes\",\"image\":{\"@type\":\"ImageObject\",\"inLanguage\":\"es\",\"@id\":\"https:\\\/\\\/secure.gravatar.com\\\/avatar\\\/87ce3dd4e41e60c22a79c758614f01a6bc2469255fc936ec7b15efb9bb5cb66f?s=96&d=mm&r=g\",\"url\":\"https:\\\/\\\/secure.gravatar.com\\\/avatar\\\/87ce3dd4e41e60c22a79c758614f01a6bc2469255fc936ec7b15efb9bb5cb66f?s=96&d=mm&r=g\",\"contentUrl\":\"https:\\\/\\\/secure.gravatar.com\\\/avatar\\\/87ce3dd4e41e60c22a79c758614f01a6bc2469255fc936ec7b15efb9bb5cb66f?s=96&d=mm&r=g\",\"caption\":\"Forbes\"},\"url\":\"https:\\\/\\\/fuentesfidedignas.com.mx\\\/index.php\\\/author\\\/forbes\\\/\"}]}<\/script>\n<!-- \/ Yoast SEO plugin. -->","yoast_head_json":{"title":"Messi, muy cerca de unirse al PSG, reportan medios europeos - Fuentes Fidedignas","robots":{"index":"index","follow":"follow","max-snippet":"max-snippet:-1","max-image-preview":"max-image-preview:large","max-video-preview":"max-video-preview:-1"},"canonical":"https:\/\/fuentesfidedignas.com.mx\/index.php\/2021\/08\/06\/messi-muy-cerca-de-unirse-al-psg-reportan-medios-europeos\/","og_locale":"es_MX","og_type":"article","og_title":"Messi, muy cerca de unirse al PSG, reportan medios europeos - Fuentes Fidedignas","og_description":"Seg\u00fan el diario franc\u00e9s &#8216;L&#8217;Equipe&#8217; Messi habr\u00eda aceptado un acuerdo de tres a\u00f1os y 47 millones de euros por temporada despu\u00e9s de impuestos con el conjunto parisino. Ciudad de M\u00e9xico.- Lionel Messi, el exdelantero del Barcelona, habr\u00eda aceptado unirse al PSG y s\u00f3lo estar\u00edan esperando que su representante, que adem\u00e1s es su padre, cierren el [&hellip;]","og_url":"https:\/\/fuentesfidedignas.com.mx\/index.php\/2021\/08\/06\/messi-muy-cerca-de-unirse-al-psg-reportan-medios-europeos\/","og_site_name":"Fuentes Fidedignas","article_publisher":"https:\/\/www.facebook.com\/Fuentes-Fidedignas-368234489921644","article_published_time":"2021-08-06T23:12:51+00:00","article_modified_time":"2021-08-06T23:12:53+00:00","og_image":[{"width":640,"height":360,"url":"https:\/\/fuentesfidedignas.com.mx\/wp-content\/uploads\/2021\/08\/2019-GettyImages-1191540585-e1628285907119-640x360-1.jpg","type":"image\/jpeg"}],"author":"Forbes","twitter_card":"summary_large_image","twitter_creator":"@fidedignas","twitter_site":"@fidedignas","twitter_misc":{"Escrito por":"Forbes","Tiempo de lectura":"2 minutos"},"schema":{"@context":"https:\/\/schema.org","@graph":[{"@type":"Article","@id":"https:\/\/fuentesfidedignas.com.mx\/index.php\/2021\/08\/06\/messi-muy-cerca-de-unirse-al-psg-reportan-medios-europeos\/#article","isPartOf":{"@id":"https:\/\/fuentesfidedignas.com.mx\/index.php\/2021\/08\/06\/messi-muy-cerca-de-unirse-al-psg-reportan-medios-europeos\/"},"author":{"name":"Forbes","@id":"https:\/\/fuentesfidedignas.com.mx\/#\/schema\/person\/5623d53fe2e579d825b1679734abcc44"},"headline":"Messi, muy cerca de unirse al PSG, reportan medios europeos","datePublished":"2021-08-06T23:12:51+00:00","dateModified":"2021-08-06T23:12:53+00:00","mainEntityOfPage":{"@id":"https:\/\/fuentesfidedignas.com.mx\/index.php\/2021\/08\/06\/messi-muy-cerca-de-unirse-al-psg-reportan-medios-europeos\/"},"wordCount":398,"commentCount":0,"publisher":{"@id":"https:\/\/fuentesfidedignas.com.mx\/#organization"},"image":{"@id":"https:\/\/fuentesfidedignas.com.mx\/index.php\/2021\/08\/06\/messi-muy-cerca-de-unirse-al-psg-reportan-medios-europeos\/#primaryimage"},"thumbnailUrl":"https:\/\/fuentesfidedignas.com.mx\/wp-content\/uploads\/2021\/08\/2019-GettyImages-1191540585-e1628285907119-640x360-1.jpg","keywords":["Leo Messi"],"articleSection":["NOTICIAS NACIONALES"],"inLanguage":"es","potentialAction":[{"@type":"CommentAction","name":"Comment","target":["https:\/\/fuentesfidedignas.com.mx\/index.php\/2021\/08\/06\/messi-muy-cerca-de-unirse-al-psg-reportan-medios-europeos\/#respond"]}]},{"@type":"WebPage","@id":"https:\/\/fuentesfidedignas.com.mx\/index.php\/2021\/08\/06\/messi-muy-cerca-de-unirse-al-psg-reportan-medios-europeos\/","url":"https:\/\/fuentesfidedignas.com.mx\/index.php\/2021\/08\/06\/messi-muy-cerca-de-unirse-al-psg-reportan-medios-europeos\/","name":"Messi, muy cerca de unirse al PSG, reportan medios europeos - Fuentes Fidedignas","isPartOf":{"@id":"https:\/\/fuentesfidedignas.com.mx\/#website"},"primaryImageOfPage":{"@id":"https:\/\/fuentesfidedignas.com.mx\/index.php\/2021\/08\/06\/messi-muy-cerca-de-unirse-al-psg-reportan-medios-europeos\/#primaryimage"},"image":{"@id":"https:\/\/fuentesfidedignas.com.mx\/index.php\/2021\/08\/06\/messi-muy-cerca-de-unirse-al-psg-reportan-medios-europeos\/#primaryimage"},"thumbnailUrl":"https:\/\/fuentesfidedignas.com.mx\/wp-content\/uploads\/2021\/08\/2019-GettyImages-1191540585-e1628285907119-640x360-1.jpg","datePublished":"2021-08-06T23:12:51+00:00","dateModified":"2021-08-06T23:12:53+00:00","breadcrumb":{"@id":"https:\/\/fuentesfidedignas.com.mx\/index.php\/2021\/08\/06\/messi-muy-cerca-de-unirse-al-psg-reportan-medios-europeos\/#breadcrumb"},"inLanguage":"es","potentialAction":[{"@type":"ReadAction","target":["https:\/\/fuentesfidedignas.com.mx\/index.php\/2021\/08\/06\/messi-muy-cerca-de-unirse-al-psg-reportan-medios-europeos\/"]}]},{"@type":"ImageObject","inLanguage":"es","@id":"https:\/\/fuentesfidedignas.com.mx\/index.php\/2021\/08\/06\/messi-muy-cerca-de-unirse-al-psg-reportan-medios-europeos\/#primaryimage","url":"https:\/\/fuentesfidedignas.com.mx\/wp-content\/uploads\/2021\/08\/2019-GettyImages-1191540585-e1628285907119-640x360-1.jpg","contentUrl":"https:\/\/fuentesfidedignas.com.mx\/wp-content\/uploads\/2021\/08\/2019-GettyImages-1191540585-e1628285907119-640x360-1.jpg","width":640,"height":360},{"@type":"BreadcrumbList","@id":"https:\/\/fuentesfidedignas.com.mx\/index.php\/2021\/08\/06\/messi-muy-cerca-de-unirse-al-psg-reportan-medios-europeos\/#breadcrumb","itemListElement":[{"@type":"ListItem","position":1,"name":"Inicio","item":"https:\/\/fuentesfidedignas.com.mx\/"},{"@type":"ListItem","position":2,"name":"Messi, muy cerca de unirse al PSG, reportan medios europeos"}]},{"@type":"WebSite","@id":"https:\/\/fuentesfidedignas.com.mx\/#website","url":"https:\/\/fuentesfidedignas.com.mx\/","name":"Fuentes Fidedignas","description":"Otro sitio realizado con WordPress","publisher":{"@id":"https:\/\/fuentesfidedignas.com.mx\/#organization"},"potentialAction":[{"@type":"SearchAction","target":{"@type":"EntryPoint","urlTemplate":"https:\/\/fuentesfidedignas.com.mx\/?s={search_term_string}"},"query-input":{"@type":"PropertyValueSpecification","valueRequired":true,"valueName":"search_term_string"}}],"inLanguage":"es"},{"@type":"Organization","@id":"https:\/\/fuentesfidedignas.com.mx\/#organization","name":"Fuentes Fidedignas","url":"https:\/\/fuentesfidedignas.com.mx\/","logo":{"@type":"ImageObject","inLanguage":"es","@id":"https:\/\/fuentesfidedignas.com.mx\/#\/schema\/logo\/image\/","url":"https:\/\/fuentesfidedignas.com.mx\/wp-content\/uploads\/2021\/04\/logo-retina.png","contentUrl":"https:\/\/fuentesfidedignas.com.mx\/wp-content\/uploads\/2021\/04\/logo-retina.png","width":280,"height":51,"caption":"Fuentes Fidedignas"},"image":{"@id":"https:\/\/fuentesfidedignas.com.mx\/#\/schema\/logo\/image\/"},"sameAs":["https:\/\/www.facebook.com\/Fuentes-Fidedignas-368234489921644","https:\/\/x.com\/fidedignas"]},{"@type":"Person","@id":"https:\/\/fuentesfidedignas.com.mx\/#\/schema\/person\/5623d53fe2e579d825b1679734abcc44","name":"Forbes","image":{"@type":"ImageObject","inLanguage":"es","@id":"https:\/\/secure.gravatar.com\/avatar\/87ce3dd4e41e60c22a79c758614f01a6bc2469255fc936ec7b15efb9bb5cb66f?s=96&d=mm&r=g","url":"https:\/\/secure.gravatar.com\/avatar\/87ce3dd4e41e60c22a79c758614f01a6bc2469255fc936ec7b15efb9bb5cb66f?s=96&d=mm&r=g","contentUrl":"https:\/\/secure.gravatar.com\/avatar\/87ce3dd4e41e60c22a79c758614f01a6bc2469255fc936ec7b15efb9bb5cb66f?s=96&d=mm&r=g","caption":"Forbes"},"url":"https:\/\/fuentesfidedignas.com.mx\/index.php\/author\/forbes\/"}]}},"_links":{"self":[{"href":"https:\/\/fuentesfidedignas.com.mx\/index.php\/wp-json\/wp\/v2\/posts\/9172","targetHints":{"allow":["GET"]}}],"collection":[{"href":"https:\/\/fuentesfidedignas.com.mx\/index.php\/wp-json\/wp\/v2\/posts"}],"about":[{"href":"https:\/\/fuentesfidedignas.com.mx\/index.php\/wp-json\/wp\/v2\/types\/post"}],"author":[{"embeddable":true,"href":"https:\/\/fuentesfidedignas.com.mx\/index.php\/wp-json\/wp\/v2\/users\/5"}],"replies":[{"embeddable":true,"href":"https:\/\/fuentesfidedignas.com.mx\/index.php\/wp-json\/wp\/v2\/comments?post=9172"}],"version-history":[{"count":1,"href":"https:\/\/fuentesfidedignas.com.mx\/index.php\/wp-json\/wp\/v2\/posts\/9172\/revisions"}],"predecessor-version":[{"id":9174,"href":"https:\/\/fuentesfidedignas.com.mx\/index.php\/wp-json\/wp\/v2\/posts\/9172\/revisions\/9174"}],"wp:featuredmedia":[{"embeddable":true,"href":"https:\/\/fuentesfidedignas.com.mx\/index.php\/wp-json\/wp\/v2\/media\/9173"}],"wp:attachment":[{"href":"https:\/\/fuentesfidedignas.com.mx\/index.php\/wp-json\/wp\/v2\/media?parent=9172"}],"wp:term":[{"taxonomy":"category","embeddable":true,"href":"https:\/\/fuentesfidedignas.com.mx\/index.php\/wp-json\/wp\/v2\/categories?post=9172"},{"taxonomy":"post_tag","embeddable":true,"href":"https:\/\/fuentesfidedignas.com.mx\/index.php\/wp-json\/wp\/v2\/tags?post=9172"}],"curies":[{"name":"wp","href":"https:\/\/api.w.org\/{rel}","templated":true}]}}