{"id":91686,"date":"2024-09-20T19:12:00","date_gmt":"2024-09-21T02:12:00","guid":{"rendered":"https:\/\/fuentesfidedignas.com.mx\/?p=91686"},"modified":"2024-09-20T18:39:18","modified_gmt":"2024-09-21T01:39:18","slug":"eu-no-es-responsable-de-la-violencia-en-sinaloa-afirma-embajador-ken-salazar","status":"publish","type":"post","link":"https:\/\/fuentesfidedignas.com.mx\/index.php\/2024\/09\/20\/eu-no-es-responsable-de-la-violencia-en-sinaloa-afirma-embajador-ken-salazar\/","title":{"rendered":"EU no es responsable de la violencia en Sinaloa, afirma embajador Ken Salazar"},"content":{"rendered":"\n<p><strong><em>La violencia en Sinaloa ha dejado m\u00e1s de 50 muertos, 64 desaparecidos y numerosos desplazados.<\/em><\/strong><\/p>\n\n\n\n<p>El embajador de Estados Unidos en M\u00e9xico, Ken Salazar, afirm\u00f3 que su pa\u00eds no es responsable de los enfrentamientos a balazos que se registran en Sinaloa.<\/p>\n\n\n\n<p>Como parte de su visita al estado de Chihuahua, para reunirse con empresarios y pol\u00edticos, Salazar tambi\u00e9n ofreci\u00f3 una conferencia de prensa en la sede consular de Ciudad Ju\u00e1rez, y ah\u00ed se\u00f1al\u00f3 que no est\u00e1 de acuerdo en que se diga que los Estados Unidos es responsable de la situaci\u00f3n de violencia que atraviesa Sinaloa e indic\u00f3 que la realidad es que existe un problema de inseguridad y violencia en M\u00e9xico que debe resolverse.<\/p>\n\n\n\n<p>Adem\u00e1s, indic\u00f3 que el reto es solucionar esta situaci\u00f3n y precis\u00f3 que el gobierno de su pa\u00eds est\u00e1 dispuesto a trabajar con la presidenta electa, Claudia Sheinbaum.<\/p>\n\n\n\n<p><strong>AMLO responsabiliza a EU por la violencia en Sinaloa<\/strong><br>Lo anterior luego de que el presidente de M\u00e9xico, Andr\u00e9s Manuel L\u00f3pez Obrador, consider\u00f3 que Estados Unidos es responsable de la violencia que se vive en Sinaloa, debido a que negoci\u00f3 con Joaqu\u00edn Guzm\u00e1n L\u00f3pez la detenci\u00f3n de Ismael Zambada El Mayo, sin informarle al gobierno mexicano.<\/p>\n\n\n\n<p>Hace 10 d\u00edas comenz\u00f3 un periodo de violencia en Sinaloa, una \u201cguerra\u201d que ha dejado aproximadamente 51 asesinatos, 64 personas desaparecidas de manera forzada, al menos 30 enfrentamientos y un pueblo entero (El Palmito, Concordia), desplazado.<\/p>\n\n\n\n<p>En la conferencia de prensa, el embajador tambi\u00e9n indic\u00f3 que el gobierno de Estados Unidos ha colaborado con M\u00e9xico al detener a diversos capos, como ejemplo cit\u00f3 el arresto de Ismael El Mayo Zambada Garc\u00eda&nbsp;\u2014uno de los l\u00edderes del C\u00e1rtel de Sinaloa arrestado el 25 julio en El Paso, Texas, ciudad que hace frontera con Ju\u00e1rez\u2014, y se\u00f1al\u00f3 que \u00e9l personalmente viaj\u00f3 dos d\u00edas despu\u00e9s para atender a fiscales mexicanos.<\/p>\n\n\n\n<blockquote class=\"twitter-tweet\"><p lang=\"es\" dir=\"ltr\">Con el alcalde <a href=\"https:\/\/twitter.com\/soyMarcoBonilla?ref_src=twsrc%5Etfw\">@soyMarcoBonilla<\/a> recorrimos la ciudad de Chihuahua, que est\u00e1 hermanada con Pueblo y Aurora en Colorado. Conoc\u00ed sitios emblem\u00e1ticos como el Palacio de Gobierno y la Plaza del \u00c1ngel. Una ciudad con gran historia. <a href=\"https:\/\/t.co\/nrMYPbX82v\">pic.twitter.com\/nrMYPbX82v<\/a><\/p>&mdash; Embajador Ken Salazar (@USAmbMex) <a href=\"https:\/\/twitter.com\/USAmbMex\/status\/1836997315892301987?ref_src=twsrc%5Etfw\">September 20, 2024<\/a><\/blockquote> <script async src=\"https:\/\/platform.twitter.com\/widgets.js\" charset=\"utf-8\"><\/script>\n","protected":false},"excerpt":{"rendered":"<p>La violencia en Sinaloa ha dejado m\u00e1s de 50 muertos, 64 desaparecidos y numerosos desplazados. El embajador de Estados Unidos en M\u00e9xico, Ken Salazar, afirm\u00f3 que su pa\u00eds no es responsable de los enfrentamientos a balazos que se registran en Sinaloa. Como parte de su visita al estado de Chihuahua, para reunirse con empresarios y [&hellip;]<\/p>\n","protected":false},"author":9,"featured_media":91687,"comment_status":"open","ping_status":"open","sticky":false,"template":"","format":"standard","meta":{"tdm_status":"","tdm_grid_status":"","footnotes":""},"categories":[39],"tags":[],"class_list":{"0":"post-91686","1":"post","2":"type-post","3":"status-publish","4":"format-standard","5":"has-post-thumbnail","7":"category-noticias-nacionales"},"yoast_head":"<!-- This site is optimized with the Yoast SEO plugin v27.5 - https:\/\/yoast.com\/product\/yoast-seo-wordpress\/ -->\n<title>EU no es responsable de la violencia en Sinaloa, afirma embajador Ken Salazar - Fuentes Fidedignas<\/title>\n<meta name=\"robots\" content=\"index, follow, max-snippet:-1, max-image-preview:large, max-video-preview:-1\" \/>\n<link rel=\"canonical\" href=\"https:\/\/fuentesfidedignas.com.mx\/index.php\/2024\/09\/20\/eu-no-es-responsable-de-la-violencia-en-sinaloa-afirma-embajador-ken-salazar\/\" \/>\n<meta property=\"og:locale\" content=\"es_MX\" \/>\n<meta property=\"og:type\" content=\"article\" \/>\n<meta property=\"og:title\" content=\"EU no es responsable de la violencia en Sinaloa, afirma embajador Ken Salazar - Fuentes Fidedignas\" \/>\n<meta property=\"og:description\" content=\"La violencia en Sinaloa ha dejado m\u00e1s de 50 muertos, 64 desaparecidos y numerosos desplazados. El embajador de Estados Unidos en M\u00e9xico, Ken Salazar, afirm\u00f3 que su pa\u00eds no es responsable de los enfrentamientos a balazos que se registran en Sinaloa. Como parte de su visita al estado de Chihuahua, para reunirse con empresarios y [&hellip;]\" \/>\n<meta property=\"og:url\" content=\"https:\/\/fuentesfidedignas.com.mx\/index.php\/2024\/09\/20\/eu-no-es-responsable-de-la-violencia-en-sinaloa-afirma-embajador-ken-salazar\/\" \/>\n<meta property=\"og:site_name\" content=\"Fuentes Fidedignas\" \/>\n<meta property=\"article:publisher\" content=\"https:\/\/www.facebook.com\/Fuentes-Fidedignas-368234489921644\" \/>\n<meta property=\"article:published_time\" content=\"2024-09-21T02:12:00+00:00\" \/>\n<meta property=\"og:image\" content=\"https:\/\/fuentesfidedignas.com.mx\/wp-content\/uploads\/2024\/09\/ken-Salazar.jpg\" \/>\n\t<meta property=\"og:image:width\" content=\"650\" \/>\n\t<meta property=\"og:image:height\" content=\"365\" \/>\n\t<meta property=\"og:image:type\" content=\"image\/jpeg\" \/>\n<meta name=\"author\" content=\"Milenio\" \/>\n<meta name=\"twitter:card\" content=\"summary_large_image\" \/>\n<meta name=\"twitter:creator\" content=\"@fidedignas\" \/>\n<meta name=\"twitter:site\" content=\"@fidedignas\" \/>\n<meta name=\"twitter:label1\" content=\"Escrito por\" \/>\n\t<meta name=\"twitter:data1\" content=\"Milenio\" \/>\n\t<meta name=\"twitter:label2\" content=\"Tiempo de lectura\" \/>\n\t<meta name=\"twitter:data2\" content=\"2 minutos\" \/>\n<script type=\"application\/ld+json\" class=\"yoast-schema-graph\">{\"@context\":\"https:\\\/\\\/schema.org\",\"@graph\":[{\"@type\":\"Article\",\"@id\":\"https:\\\/\\\/fuentesfidedignas.com.mx\\\/index.php\\\/2024\\\/09\\\/20\\\/eu-no-es-responsable-de-la-violencia-en-sinaloa-afirma-embajador-ken-salazar\\\/#article\",\"isPartOf\":{\"@id\":\"https:\\\/\\\/fuentesfidedignas.com.mx\\\/index.php\\\/2024\\\/09\\\/20\\\/eu-no-es-responsable-de-la-violencia-en-sinaloa-afirma-embajador-ken-salazar\\\/\"},\"author\":{\"name\":\"Milenio\",\"@id\":\"https:\\\/\\\/fuentesfidedignas.com.mx\\\/#\\\/schema\\\/person\\\/47ec0135738f4b0c7495f06a77a2c976\"},\"headline\":\"EU no es responsable de la violencia en Sinaloa, afirma embajador Ken Salazar\",\"datePublished\":\"2024-09-21T02:12:00+00:00\",\"mainEntityOfPage\":{\"@id\":\"https:\\\/\\\/fuentesfidedignas.com.mx\\\/index.php\\\/2024\\\/09\\\/20\\\/eu-no-es-responsable-de-la-violencia-en-sinaloa-afirma-embajador-ken-salazar\\\/\"},\"wordCount\":389,\"commentCount\":0,\"publisher\":{\"@id\":\"https:\\\/\\\/fuentesfidedignas.com.mx\\\/#organization\"},\"image\":{\"@id\":\"https:\\\/\\\/fuentesfidedignas.com.mx\\\/index.php\\\/2024\\\/09\\\/20\\\/eu-no-es-responsable-de-la-violencia-en-sinaloa-afirma-embajador-ken-salazar\\\/#primaryimage\"},\"thumbnailUrl\":\"https:\\\/\\\/fuentesfidedignas.com.mx\\\/wp-content\\\/uploads\\\/2024\\\/09\\\/ken-Salazar.jpg\",\"articleSection\":[\"NOTICIAS NACIONALES\"],\"inLanguage\":\"es\",\"potentialAction\":[{\"@type\":\"CommentAction\",\"name\":\"Comment\",\"target\":[\"https:\\\/\\\/fuentesfidedignas.com.mx\\\/index.php\\\/2024\\\/09\\\/20\\\/eu-no-es-responsable-de-la-violencia-en-sinaloa-afirma-embajador-ken-salazar\\\/#respond\"]}]},{\"@type\":\"WebPage\",\"@id\":\"https:\\\/\\\/fuentesfidedignas.com.mx\\\/index.php\\\/2024\\\/09\\\/20\\\/eu-no-es-responsable-de-la-violencia-en-sinaloa-afirma-embajador-ken-salazar\\\/\",\"url\":\"https:\\\/\\\/fuentesfidedignas.com.mx\\\/index.php\\\/2024\\\/09\\\/20\\\/eu-no-es-responsable-de-la-violencia-en-sinaloa-afirma-embajador-ken-salazar\\\/\",\"name\":\"EU no es responsable de la violencia en Sinaloa, afirma embajador Ken Salazar - Fuentes Fidedignas\",\"isPartOf\":{\"@id\":\"https:\\\/\\\/fuentesfidedignas.com.mx\\\/#website\"},\"primaryImageOfPage\":{\"@id\":\"https:\\\/\\\/fuentesfidedignas.com.mx\\\/index.php\\\/2024\\\/09\\\/20\\\/eu-no-es-responsable-de-la-violencia-en-sinaloa-afirma-embajador-ken-salazar\\\/#primaryimage\"},\"image\":{\"@id\":\"https:\\\/\\\/fuentesfidedignas.com.mx\\\/index.php\\\/2024\\\/09\\\/20\\\/eu-no-es-responsable-de-la-violencia-en-sinaloa-afirma-embajador-ken-salazar\\\/#primaryimage\"},\"thumbnailUrl\":\"https:\\\/\\\/fuentesfidedignas.com.mx\\\/wp-content\\\/uploads\\\/2024\\\/09\\\/ken-Salazar.jpg\",\"datePublished\":\"2024-09-21T02:12:00+00:00\",\"breadcrumb\":{\"@id\":\"https:\\\/\\\/fuentesfidedignas.com.mx\\\/index.php\\\/2024\\\/09\\\/20\\\/eu-no-es-responsable-de-la-violencia-en-sinaloa-afirma-embajador-ken-salazar\\\/#breadcrumb\"},\"inLanguage\":\"es\",\"potentialAction\":[{\"@type\":\"ReadAction\",\"target\":[\"https:\\\/\\\/fuentesfidedignas.com.mx\\\/index.php\\\/2024\\\/09\\\/20\\\/eu-no-es-responsable-de-la-violencia-en-sinaloa-afirma-embajador-ken-salazar\\\/\"]}]},{\"@type\":\"ImageObject\",\"inLanguage\":\"es\",\"@id\":\"https:\\\/\\\/fuentesfidedignas.com.mx\\\/index.php\\\/2024\\\/09\\\/20\\\/eu-no-es-responsable-de-la-violencia-en-sinaloa-afirma-embajador-ken-salazar\\\/#primaryimage\",\"url\":\"https:\\\/\\\/fuentesfidedignas.com.mx\\\/wp-content\\\/uploads\\\/2024\\\/09\\\/ken-Salazar.jpg\",\"contentUrl\":\"https:\\\/\\\/fuentesfidedignas.com.mx\\\/wp-content\\\/uploads\\\/2024\\\/09\\\/ken-Salazar.jpg\",\"width\":650,\"height\":365},{\"@type\":\"BreadcrumbList\",\"@id\":\"https:\\\/\\\/fuentesfidedignas.com.mx\\\/index.php\\\/2024\\\/09\\\/20\\\/eu-no-es-responsable-de-la-violencia-en-sinaloa-afirma-embajador-ken-salazar\\\/#breadcrumb\",\"itemListElement\":[{\"@type\":\"ListItem\",\"position\":1,\"name\":\"Inicio\",\"item\":\"https:\\\/\\\/fuentesfidedignas.com.mx\\\/\"},{\"@type\":\"ListItem\",\"position\":2,\"name\":\"EU no es responsable de la violencia en Sinaloa, afirma embajador Ken Salazar\"}]},{\"@type\":\"WebSite\",\"@id\":\"https:\\\/\\\/fuentesfidedignas.com.mx\\\/#website\",\"url\":\"https:\\\/\\\/fuentesfidedignas.com.mx\\\/\",\"name\":\"Fuentes Fidedignas\",\"description\":\"Otro sitio realizado con WordPress\",\"publisher\":{\"@id\":\"https:\\\/\\\/fuentesfidedignas.com.mx\\\/#organization\"},\"potentialAction\":[{\"@type\":\"SearchAction\",\"target\":{\"@type\":\"EntryPoint\",\"urlTemplate\":\"https:\\\/\\\/fuentesfidedignas.com.mx\\\/?s={search_term_string}\"},\"query-input\":{\"@type\":\"PropertyValueSpecification\",\"valueRequired\":true,\"valueName\":\"search_term_string\"}}],\"inLanguage\":\"es\"},{\"@type\":\"Organization\",\"@id\":\"https:\\\/\\\/fuentesfidedignas.com.mx\\\/#organization\",\"name\":\"Fuentes Fidedignas\",\"url\":\"https:\\\/\\\/fuentesfidedignas.com.mx\\\/\",\"logo\":{\"@type\":\"ImageObject\",\"inLanguage\":\"es\",\"@id\":\"https:\\\/\\\/fuentesfidedignas.com.mx\\\/#\\\/schema\\\/logo\\\/image\\\/\",\"url\":\"https:\\\/\\\/fuentesfidedignas.com.mx\\\/wp-content\\\/uploads\\\/2021\\\/04\\\/logo-retina.png\",\"contentUrl\":\"https:\\\/\\\/fuentesfidedignas.com.mx\\\/wp-content\\\/uploads\\\/2021\\\/04\\\/logo-retina.png\",\"width\":280,\"height\":51,\"caption\":\"Fuentes Fidedignas\"},\"image\":{\"@id\":\"https:\\\/\\\/fuentesfidedignas.com.mx\\\/#\\\/schema\\\/logo\\\/image\\\/\"},\"sameAs\":[\"https:\\\/\\\/www.facebook.com\\\/Fuentes-Fidedignas-368234489921644\",\"https:\\\/\\\/x.com\\\/fidedignas\"]},{\"@type\":\"Person\",\"@id\":\"https:\\\/\\\/fuentesfidedignas.com.mx\\\/#\\\/schema\\\/person\\\/47ec0135738f4b0c7495f06a77a2c976\",\"name\":\"Milenio\",\"image\":{\"@type\":\"ImageObject\",\"inLanguage\":\"es\",\"@id\":\"https:\\\/\\\/secure.gravatar.com\\\/avatar\\\/acabf7b54753e51c2c76457954577c236b3b764789b19879565769739d1e4a75?s=96&d=mm&r=g\",\"url\":\"https:\\\/\\\/secure.gravatar.com\\\/avatar\\\/acabf7b54753e51c2c76457954577c236b3b764789b19879565769739d1e4a75?s=96&d=mm&r=g\",\"contentUrl\":\"https:\\\/\\\/secure.gravatar.com\\\/avatar\\\/acabf7b54753e51c2c76457954577c236b3b764789b19879565769739d1e4a75?s=96&d=mm&r=g\",\"caption\":\"Milenio\"},\"url\":\"https:\\\/\\\/fuentesfidedignas.com.mx\\\/index.php\\\/author\\\/milenio\\\/\"}]}<\/script>\n<!-- \/ Yoast SEO plugin. -->","yoast_head_json":{"title":"EU no es responsable de la violencia en Sinaloa, afirma embajador Ken Salazar - Fuentes Fidedignas","robots":{"index":"index","follow":"follow","max-snippet":"max-snippet:-1","max-image-preview":"max-image-preview:large","max-video-preview":"max-video-preview:-1"},"canonical":"https:\/\/fuentesfidedignas.com.mx\/index.php\/2024\/09\/20\/eu-no-es-responsable-de-la-violencia-en-sinaloa-afirma-embajador-ken-salazar\/","og_locale":"es_MX","og_type":"article","og_title":"EU no es responsable de la violencia en Sinaloa, afirma embajador Ken Salazar - Fuentes Fidedignas","og_description":"La violencia en Sinaloa ha dejado m\u00e1s de 50 muertos, 64 desaparecidos y numerosos desplazados. El embajador de Estados Unidos en M\u00e9xico, Ken Salazar, afirm\u00f3 que su pa\u00eds no es responsable de los enfrentamientos a balazos que se registran en Sinaloa. Como parte de su visita al estado de Chihuahua, para reunirse con empresarios y [&hellip;]","og_url":"https:\/\/fuentesfidedignas.com.mx\/index.php\/2024\/09\/20\/eu-no-es-responsable-de-la-violencia-en-sinaloa-afirma-embajador-ken-salazar\/","og_site_name":"Fuentes Fidedignas","article_publisher":"https:\/\/www.facebook.com\/Fuentes-Fidedignas-368234489921644","article_published_time":"2024-09-21T02:12:00+00:00","og_image":[{"width":650,"height":365,"url":"https:\/\/fuentesfidedignas.com.mx\/wp-content\/uploads\/2024\/09\/ken-Salazar.jpg","type":"image\/jpeg"}],"author":"Milenio","twitter_card":"summary_large_image","twitter_creator":"@fidedignas","twitter_site":"@fidedignas","twitter_misc":{"Escrito por":"Milenio","Tiempo de lectura":"2 minutos"},"schema":{"@context":"https:\/\/schema.org","@graph":[{"@type":"Article","@id":"https:\/\/fuentesfidedignas.com.mx\/index.php\/2024\/09\/20\/eu-no-es-responsable-de-la-violencia-en-sinaloa-afirma-embajador-ken-salazar\/#article","isPartOf":{"@id":"https:\/\/fuentesfidedignas.com.mx\/index.php\/2024\/09\/20\/eu-no-es-responsable-de-la-violencia-en-sinaloa-afirma-embajador-ken-salazar\/"},"author":{"name":"Milenio","@id":"https:\/\/fuentesfidedignas.com.mx\/#\/schema\/person\/47ec0135738f4b0c7495f06a77a2c976"},"headline":"EU no es responsable de la violencia en Sinaloa, afirma embajador Ken Salazar","datePublished":"2024-09-21T02:12:00+00:00","mainEntityOfPage":{"@id":"https:\/\/fuentesfidedignas.com.mx\/index.php\/2024\/09\/20\/eu-no-es-responsable-de-la-violencia-en-sinaloa-afirma-embajador-ken-salazar\/"},"wordCount":389,"commentCount":0,"publisher":{"@id":"https:\/\/fuentesfidedignas.com.mx\/#organization"},"image":{"@id":"https:\/\/fuentesfidedignas.com.mx\/index.php\/2024\/09\/20\/eu-no-es-responsable-de-la-violencia-en-sinaloa-afirma-embajador-ken-salazar\/#primaryimage"},"thumbnailUrl":"https:\/\/fuentesfidedignas.com.mx\/wp-content\/uploads\/2024\/09\/ken-Salazar.jpg","articleSection":["NOTICIAS NACIONALES"],"inLanguage":"es","potentialAction":[{"@type":"CommentAction","name":"Comment","target":["https:\/\/fuentesfidedignas.com.mx\/index.php\/2024\/09\/20\/eu-no-es-responsable-de-la-violencia-en-sinaloa-afirma-embajador-ken-salazar\/#respond"]}]},{"@type":"WebPage","@id":"https:\/\/fuentesfidedignas.com.mx\/index.php\/2024\/09\/20\/eu-no-es-responsable-de-la-violencia-en-sinaloa-afirma-embajador-ken-salazar\/","url":"https:\/\/fuentesfidedignas.com.mx\/index.php\/2024\/09\/20\/eu-no-es-responsable-de-la-violencia-en-sinaloa-afirma-embajador-ken-salazar\/","name":"EU no es responsable de la violencia en Sinaloa, afirma embajador Ken Salazar - Fuentes Fidedignas","isPartOf":{"@id":"https:\/\/fuentesfidedignas.com.mx\/#website"},"primaryImageOfPage":{"@id":"https:\/\/fuentesfidedignas.com.mx\/index.php\/2024\/09\/20\/eu-no-es-responsable-de-la-violencia-en-sinaloa-afirma-embajador-ken-salazar\/#primaryimage"},"image":{"@id":"https:\/\/fuentesfidedignas.com.mx\/index.php\/2024\/09\/20\/eu-no-es-responsable-de-la-violencia-en-sinaloa-afirma-embajador-ken-salazar\/#primaryimage"},"thumbnailUrl":"https:\/\/fuentesfidedignas.com.mx\/wp-content\/uploads\/2024\/09\/ken-Salazar.jpg","datePublished":"2024-09-21T02:12:00+00:00","breadcrumb":{"@id":"https:\/\/fuentesfidedignas.com.mx\/index.php\/2024\/09\/20\/eu-no-es-responsable-de-la-violencia-en-sinaloa-afirma-embajador-ken-salazar\/#breadcrumb"},"inLanguage":"es","potentialAction":[{"@type":"ReadAction","target":["https:\/\/fuentesfidedignas.com.mx\/index.php\/2024\/09\/20\/eu-no-es-responsable-de-la-violencia-en-sinaloa-afirma-embajador-ken-salazar\/"]}]},{"@type":"ImageObject","inLanguage":"es","@id":"https:\/\/fuentesfidedignas.com.mx\/index.php\/2024\/09\/20\/eu-no-es-responsable-de-la-violencia-en-sinaloa-afirma-embajador-ken-salazar\/#primaryimage","url":"https:\/\/fuentesfidedignas.com.mx\/wp-content\/uploads\/2024\/09\/ken-Salazar.jpg","contentUrl":"https:\/\/fuentesfidedignas.com.mx\/wp-content\/uploads\/2024\/09\/ken-Salazar.jpg","width":650,"height":365},{"@type":"BreadcrumbList","@id":"https:\/\/fuentesfidedignas.com.mx\/index.php\/2024\/09\/20\/eu-no-es-responsable-de-la-violencia-en-sinaloa-afirma-embajador-ken-salazar\/#breadcrumb","itemListElement":[{"@type":"ListItem","position":1,"name":"Inicio","item":"https:\/\/fuentesfidedignas.com.mx\/"},{"@type":"ListItem","position":2,"name":"EU no es responsable de la violencia en Sinaloa, afirma embajador Ken Salazar"}]},{"@type":"WebSite","@id":"https:\/\/fuentesfidedignas.com.mx\/#website","url":"https:\/\/fuentesfidedignas.com.mx\/","name":"Fuentes Fidedignas","description":"Otro sitio realizado con WordPress","publisher":{"@id":"https:\/\/fuentesfidedignas.com.mx\/#organization"},"potentialAction":[{"@type":"SearchAction","target":{"@type":"EntryPoint","urlTemplate":"https:\/\/fuentesfidedignas.com.mx\/?s={search_term_string}"},"query-input":{"@type":"PropertyValueSpecification","valueRequired":true,"valueName":"search_term_string"}}],"inLanguage":"es"},{"@type":"Organization","@id":"https:\/\/fuentesfidedignas.com.mx\/#organization","name":"Fuentes Fidedignas","url":"https:\/\/fuentesfidedignas.com.mx\/","logo":{"@type":"ImageObject","inLanguage":"es","@id":"https:\/\/fuentesfidedignas.com.mx\/#\/schema\/logo\/image\/","url":"https:\/\/fuentesfidedignas.com.mx\/wp-content\/uploads\/2021\/04\/logo-retina.png","contentUrl":"https:\/\/fuentesfidedignas.com.mx\/wp-content\/uploads\/2021\/04\/logo-retina.png","width":280,"height":51,"caption":"Fuentes Fidedignas"},"image":{"@id":"https:\/\/fuentesfidedignas.com.mx\/#\/schema\/logo\/image\/"},"sameAs":["https:\/\/www.facebook.com\/Fuentes-Fidedignas-368234489921644","https:\/\/x.com\/fidedignas"]},{"@type":"Person","@id":"https:\/\/fuentesfidedignas.com.mx\/#\/schema\/person\/47ec0135738f4b0c7495f06a77a2c976","name":"Milenio","image":{"@type":"ImageObject","inLanguage":"es","@id":"https:\/\/secure.gravatar.com\/avatar\/acabf7b54753e51c2c76457954577c236b3b764789b19879565769739d1e4a75?s=96&d=mm&r=g","url":"https:\/\/secure.gravatar.com\/avatar\/acabf7b54753e51c2c76457954577c236b3b764789b19879565769739d1e4a75?s=96&d=mm&r=g","contentUrl":"https:\/\/secure.gravatar.com\/avatar\/acabf7b54753e51c2c76457954577c236b3b764789b19879565769739d1e4a75?s=96&d=mm&r=g","caption":"Milenio"},"url":"https:\/\/fuentesfidedignas.com.mx\/index.php\/author\/milenio\/"}]}},"_links":{"self":[{"href":"https:\/\/fuentesfidedignas.com.mx\/index.php\/wp-json\/wp\/v2\/posts\/91686","targetHints":{"allow":["GET"]}}],"collection":[{"href":"https:\/\/fuentesfidedignas.com.mx\/index.php\/wp-json\/wp\/v2\/posts"}],"about":[{"href":"https:\/\/fuentesfidedignas.com.mx\/index.php\/wp-json\/wp\/v2\/types\/post"}],"author":[{"embeddable":true,"href":"https:\/\/fuentesfidedignas.com.mx\/index.php\/wp-json\/wp\/v2\/users\/9"}],"replies":[{"embeddable":true,"href":"https:\/\/fuentesfidedignas.com.mx\/index.php\/wp-json\/wp\/v2\/comments?post=91686"}],"version-history":[{"count":1,"href":"https:\/\/fuentesfidedignas.com.mx\/index.php\/wp-json\/wp\/v2\/posts\/91686\/revisions"}],"predecessor-version":[{"id":91688,"href":"https:\/\/fuentesfidedignas.com.mx\/index.php\/wp-json\/wp\/v2\/posts\/91686\/revisions\/91688"}],"wp:featuredmedia":[{"embeddable":true,"href":"https:\/\/fuentesfidedignas.com.mx\/index.php\/wp-json\/wp\/v2\/media\/91687"}],"wp:attachment":[{"href":"https:\/\/fuentesfidedignas.com.mx\/index.php\/wp-json\/wp\/v2\/media?parent=91686"}],"wp:term":[{"taxonomy":"category","embeddable":true,"href":"https:\/\/fuentesfidedignas.com.mx\/index.php\/wp-json\/wp\/v2\/categories?post=91686"},{"taxonomy":"post_tag","embeddable":true,"href":"https:\/\/fuentesfidedignas.com.mx\/index.php\/wp-json\/wp\/v2\/tags?post=91686"}],"curies":[{"name":"wp","href":"https:\/\/api.w.org\/{rel}","templated":true}]}}