{"id":91618,"date":"2024-09-20T06:44:14","date_gmt":"2024-09-20T13:44:14","guid":{"rendered":"https:\/\/fuentesfidedignas.com.mx\/?p=91618"},"modified":"2024-09-20T06:44:55","modified_gmt":"2024-09-20T13:44:55","slug":"asesinan-a-comandante-de-la-policia-municipal-de-mazatlan","status":"publish","type":"post","link":"https:\/\/fuentesfidedignas.com.mx\/index.php\/2024\/09\/20\/asesinan-a-comandante-de-la-policia-municipal-de-mazatlan\/","title":{"rendered":"Asesinan a comandante de la Polic\u00eda Municipal de Mazatl\u00e1n"},"content":{"rendered":"\n<p><strong><em>A pesar de los esfuerzos policiales para capturar a los responsables, los agresores escaparon.<\/em><\/strong><\/p>\n\n\n\n<p>En un violento ataque reportado en Sinaloa, Eduardo Galindo Paredes, ex subdirector y actual comandante de la Polic\u00eda Municipal de Mazatl\u00e1n,&nbsp;fue asesinado mientras circulaba en su veh\u00edculo por la Avenida del Delf\u00edn del puerto sinaloense, cerca del fraccionamiento Los Mangos.&nbsp;<\/p>\n\n\n\n<p>Los hechos ocurrieron la tarde del 19 de septiembre, cuando varios civiles armados abrieron fuego contra su autom\u00f3vil.<\/p>\n\n\n\n<p>Galindo Paredes, quien hab\u00eda desempe\u00f1ado un papel clave en la seguridad local, estaba acompa\u00f1ado por una mujer que result\u00f3 herida en el ataque.&nbsp;<\/p>\n\n\n\n<p>Los agresores, tras perpetrar el crimen, lograron escapar del lugar y, pese a que se implement\u00f3 un operativo de b\u00fasqueda, no se dio con su paradero.<\/p>\n\n\n\n<p>Las autoridades locales iniciaron una investigaci\u00f3n para dar con los responsables.<\/p>\n\n\n\n<p>Hasta el momento, Mazatl\u00e1n no hab\u00eda registrado hechos violentos desde el inicio de los enfrentamientos entre las facciones del C\u00e1rtel de Sinaloa, por lo que esta situaci\u00f3n refleja la creciente violencia que enfrenta la regi\u00f3n.<\/p>\n\n\n\n<p>Por su parte, la Secretar\u00eda de Seguridad P\u00fablica de Sinaloa comparti\u00f3 un comunicado en el que menciona a un elemento activo que result\u00f3 herido en dicho municipio, sin especificar si se refer\u00eda al ex comandante.<\/p>\n\n\n\n<p>&#8220;En el municipio de Mazatl\u00e1n, se present\u00f3 la privaci\u00f3n de la vida de un elemento de la Polic\u00eda Municipal del puerto. Se hace cargo la Fiscal\u00eda General del Estado&#8221;, dice el comunicado.<\/p>\n\n\n\n<p><blockquote class=\"twitter-tweet\"><p lang=\"es\" dir=\"ltr\">Compartimos informaci\u00f3n <a href=\"https:\/\/t.co\/0w3AWXcWqs\">pic.twitter.com\/0w3AWXcWqs<\/a><\/p>\u2014 Seguridad P\u00fablica Sinaloa (@sspsinaloa1) <a href=\"https:\/\/twitter.com\/sspsinaloa1\/status\/1836954417053987233?ref_src=twsrc%5Etfw\">September 20, 2024<\/a><\/blockquote> <script async=\"\" src=\"https:\/\/platform.twitter.com\/widgets.js\" charset=\"utf-8\"><\/script><\/p>\n\n\n\n<p><strong>Otros hechos violentos en Sinaloa<\/strong><br>En la capital del estado, Culiac\u00e1n, tambi\u00e9n se reportaron varios eventos de alto impacto. Durante las primeras horas del d\u00eda, el cuerpo sin vida de un hombre fue encontrado en la colonia La Costerita, al sur de la ciudad.<\/p>\n\n\n\n<p>Las primeras investigaciones se\u00f1alan que la v\u00edctima habr\u00eda sido privada de su libertad la noche anterior en la colonia La Campi\u00f1a.<\/p>\n\n\n\n<p>Por su parte, en Navolato, la Secretar\u00eda de Marina Armada de M\u00e9xico despleg\u00f3 un operativo v\u00eda a\u00e9rea y terrestre, logrando asegurar una camioneta y detener a un civil.<\/p>\n\n\n\n<p>Asimismo, en la colonia Santa Fe, al norte de Culiac\u00e1n, elementos del Ej\u00e9rcito y la Guardia Nacional realizaron un operativo que result\u00f3 en la detenci\u00f3n de El Piyi, comandante de las tropas de Los Chapitos.<\/p>\n\n\n\n<p>Otro hombre fue hallado muerto en la comunidad de Las Arenitas, en Eldorado, mientras que horas m\u00e1s tarde, en la colonia Tierra Blanca, tambi\u00e9n al norte de Culiac\u00e1n, se registr\u00f3 el homicidio de otro individuo.<\/p>\n\n\n\n<p>Adem\u00e1s, en el municipio de El Rosario, se report\u00f3 la presencia de civiles armados en la comunidad de Palmarito. Aunque se trataba de un grupo de aproximadamente 50 personas, se retiraron del lugar sin incidentes violentos.<\/p>\n\n\n\n<p>Entre los hechos curiosos del d\u00eda, elementos de la Secretar\u00eda de la Defensa Nacional capturaron un tigre que hab\u00eda sido avistado en el poblado de Alta Rosa, en el municipio de Elota. El animal fue trasladado a la capital para su resguardo.<\/p>\n\n\n\n<p>El asesinato del comandante de la Polic\u00eda Municipal de Mazatl\u00e1n se suma a la ola de violencia que sacude al estado, poniendo en alerta a las autoridades y dejando a la sociedad mazatleca en luto por la p\u00e9rdida de uno de sus elementos de seguridad.<\/p>\n","protected":false},"excerpt":{"rendered":"<p>A pesar de los esfuerzos policiales para capturar a los responsables, los agresores escaparon. En un violento ataque reportado en Sinaloa, Eduardo Galindo Paredes, ex subdirector y actual comandante de la Polic\u00eda Municipal de Mazatl\u00e1n,&nbsp;fue asesinado mientras circulaba en su veh\u00edculo por la Avenida del Delf\u00edn del puerto sinaloense, cerca del fraccionamiento Los Mangos.&nbsp; Los [&hellip;]<\/p>\n","protected":false},"author":9,"featured_media":91622,"comment_status":"open","ping_status":"open","sticky":false,"template":"","format":"standard","meta":{"tdm_status":"","tdm_grid_status":"","footnotes":""},"categories":[37],"tags":[],"class_list":{"0":"post-91618","1":"post","2":"type-post","3":"status-publish","4":"format-standard","5":"has-post-thumbnail","7":"category-nota-principal"},"yoast_head":"<!-- This site is optimized with the Yoast SEO plugin v27.5 - https:\/\/yoast.com\/product\/yoast-seo-wordpress\/ -->\n<title>Asesinan a comandante de la Polic\u00eda Municipal de Mazatl\u00e1n - Fuentes Fidedignas<\/title>\n<meta name=\"robots\" content=\"index, follow, max-snippet:-1, max-image-preview:large, max-video-preview:-1\" \/>\n<link rel=\"canonical\" href=\"https:\/\/fuentesfidedignas.com.mx\/index.php\/2024\/09\/20\/asesinan-a-comandante-de-la-policia-municipal-de-mazatlan\/\" \/>\n<meta property=\"og:locale\" content=\"es_MX\" \/>\n<meta property=\"og:type\" content=\"article\" \/>\n<meta property=\"og:title\" content=\"Asesinan a comandante de la Polic\u00eda Municipal de Mazatl\u00e1n - Fuentes Fidedignas\" \/>\n<meta property=\"og:description\" content=\"A pesar de los esfuerzos policiales para capturar a los responsables, los agresores escaparon. En un violento ataque reportado en Sinaloa, Eduardo Galindo Paredes, ex subdirector y actual comandante de la Polic\u00eda Municipal de Mazatl\u00e1n,&nbsp;fue asesinado mientras circulaba en su veh\u00edculo por la Avenida del Delf\u00edn del puerto sinaloense, cerca del fraccionamiento Los Mangos.&nbsp; Los [&hellip;]\" \/>\n<meta property=\"og:url\" content=\"https:\/\/fuentesfidedignas.com.mx\/index.php\/2024\/09\/20\/asesinan-a-comandante-de-la-policia-municipal-de-mazatlan\/\" \/>\n<meta property=\"og:site_name\" content=\"Fuentes Fidedignas\" \/>\n<meta property=\"article:publisher\" content=\"https:\/\/www.facebook.com\/Fuentes-Fidedignas-368234489921644\" \/>\n<meta property=\"article:published_time\" content=\"2024-09-20T13:44:14+00:00\" \/>\n<meta property=\"article:modified_time\" content=\"2024-09-20T13:44:55+00:00\" \/>\n<meta property=\"og:image\" content=\"https:\/\/fuentesfidedignas.com.mx\/wp-content\/uploads\/2024\/09\/GA_Municipal.jpg\" \/>\n\t<meta property=\"og:image:width\" content=\"650\" \/>\n\t<meta property=\"og:image:height\" content=\"366\" \/>\n\t<meta property=\"og:image:type\" content=\"image\/jpeg\" \/>\n<meta name=\"author\" content=\"Milenio\" \/>\n<meta name=\"twitter:card\" content=\"summary_large_image\" \/>\n<meta name=\"twitter:creator\" content=\"@fidedignas\" \/>\n<meta name=\"twitter:site\" content=\"@fidedignas\" \/>\n<meta name=\"twitter:label1\" content=\"Escrito por\" \/>\n\t<meta name=\"twitter:data1\" content=\"Milenio\" \/>\n\t<meta name=\"twitter:label2\" content=\"Tiempo de lectura\" \/>\n\t<meta name=\"twitter:data2\" content=\"3 minutos\" \/>\n<script type=\"application\/ld+json\" class=\"yoast-schema-graph\">{\"@context\":\"https:\\\/\\\/schema.org\",\"@graph\":[{\"@type\":\"Article\",\"@id\":\"https:\\\/\\\/fuentesfidedignas.com.mx\\\/index.php\\\/2024\\\/09\\\/20\\\/asesinan-a-comandante-de-la-policia-municipal-de-mazatlan\\\/#article\",\"isPartOf\":{\"@id\":\"https:\\\/\\\/fuentesfidedignas.com.mx\\\/index.php\\\/2024\\\/09\\\/20\\\/asesinan-a-comandante-de-la-policia-municipal-de-mazatlan\\\/\"},\"author\":{\"name\":\"Milenio\",\"@id\":\"https:\\\/\\\/fuentesfidedignas.com.mx\\\/#\\\/schema\\\/person\\\/47ec0135738f4b0c7495f06a77a2c976\"},\"headline\":\"Asesinan a comandante de la Polic\u00eda Municipal de Mazatl\u00e1n\",\"datePublished\":\"2024-09-20T13:44:14+00:00\",\"dateModified\":\"2024-09-20T13:44:55+00:00\",\"mainEntityOfPage\":{\"@id\":\"https:\\\/\\\/fuentesfidedignas.com.mx\\\/index.php\\\/2024\\\/09\\\/20\\\/asesinan-a-comandante-de-la-policia-municipal-de-mazatlan\\\/\"},\"wordCount\":593,\"commentCount\":0,\"publisher\":{\"@id\":\"https:\\\/\\\/fuentesfidedignas.com.mx\\\/#organization\"},\"image\":{\"@id\":\"https:\\\/\\\/fuentesfidedignas.com.mx\\\/index.php\\\/2024\\\/09\\\/20\\\/asesinan-a-comandante-de-la-policia-municipal-de-mazatlan\\\/#primaryimage\"},\"thumbnailUrl\":\"https:\\\/\\\/fuentesfidedignas.com.mx\\\/wp-content\\\/uploads\\\/2024\\\/09\\\/GA_Municipal.jpg\",\"articleSection\":[\"NOTA PRINCIPAL\"],\"inLanguage\":\"es\",\"potentialAction\":[{\"@type\":\"CommentAction\",\"name\":\"Comment\",\"target\":[\"https:\\\/\\\/fuentesfidedignas.com.mx\\\/index.php\\\/2024\\\/09\\\/20\\\/asesinan-a-comandante-de-la-policia-municipal-de-mazatlan\\\/#respond\"]}]},{\"@type\":\"WebPage\",\"@id\":\"https:\\\/\\\/fuentesfidedignas.com.mx\\\/index.php\\\/2024\\\/09\\\/20\\\/asesinan-a-comandante-de-la-policia-municipal-de-mazatlan\\\/\",\"url\":\"https:\\\/\\\/fuentesfidedignas.com.mx\\\/index.php\\\/2024\\\/09\\\/20\\\/asesinan-a-comandante-de-la-policia-municipal-de-mazatlan\\\/\",\"name\":\"Asesinan a comandante de la Polic\u00eda Municipal de Mazatl\u00e1n - Fuentes Fidedignas\",\"isPartOf\":{\"@id\":\"https:\\\/\\\/fuentesfidedignas.com.mx\\\/#website\"},\"primaryImageOfPage\":{\"@id\":\"https:\\\/\\\/fuentesfidedignas.com.mx\\\/index.php\\\/2024\\\/09\\\/20\\\/asesinan-a-comandante-de-la-policia-municipal-de-mazatlan\\\/#primaryimage\"},\"image\":{\"@id\":\"https:\\\/\\\/fuentesfidedignas.com.mx\\\/index.php\\\/2024\\\/09\\\/20\\\/asesinan-a-comandante-de-la-policia-municipal-de-mazatlan\\\/#primaryimage\"},\"thumbnailUrl\":\"https:\\\/\\\/fuentesfidedignas.com.mx\\\/wp-content\\\/uploads\\\/2024\\\/09\\\/GA_Municipal.jpg\",\"datePublished\":\"2024-09-20T13:44:14+00:00\",\"dateModified\":\"2024-09-20T13:44:55+00:00\",\"breadcrumb\":{\"@id\":\"https:\\\/\\\/fuentesfidedignas.com.mx\\\/index.php\\\/2024\\\/09\\\/20\\\/asesinan-a-comandante-de-la-policia-municipal-de-mazatlan\\\/#breadcrumb\"},\"inLanguage\":\"es\",\"potentialAction\":[{\"@type\":\"ReadAction\",\"target\":[\"https:\\\/\\\/fuentesfidedignas.com.mx\\\/index.php\\\/2024\\\/09\\\/20\\\/asesinan-a-comandante-de-la-policia-municipal-de-mazatlan\\\/\"]}]},{\"@type\":\"ImageObject\",\"inLanguage\":\"es\",\"@id\":\"https:\\\/\\\/fuentesfidedignas.com.mx\\\/index.php\\\/2024\\\/09\\\/20\\\/asesinan-a-comandante-de-la-policia-municipal-de-mazatlan\\\/#primaryimage\",\"url\":\"https:\\\/\\\/fuentesfidedignas.com.mx\\\/wp-content\\\/uploads\\\/2024\\\/09\\\/GA_Municipal.jpg\",\"contentUrl\":\"https:\\\/\\\/fuentesfidedignas.com.mx\\\/wp-content\\\/uploads\\\/2024\\\/09\\\/GA_Municipal.jpg\",\"width\":650,\"height\":366},{\"@type\":\"BreadcrumbList\",\"@id\":\"https:\\\/\\\/fuentesfidedignas.com.mx\\\/index.php\\\/2024\\\/09\\\/20\\\/asesinan-a-comandante-de-la-policia-municipal-de-mazatlan\\\/#breadcrumb\",\"itemListElement\":[{\"@type\":\"ListItem\",\"position\":1,\"name\":\"Inicio\",\"item\":\"https:\\\/\\\/fuentesfidedignas.com.mx\\\/\"},{\"@type\":\"ListItem\",\"position\":2,\"name\":\"Asesinan a comandante de la Polic\u00eda Municipal de Mazatl\u00e1n\"}]},{\"@type\":\"WebSite\",\"@id\":\"https:\\\/\\\/fuentesfidedignas.com.mx\\\/#website\",\"url\":\"https:\\\/\\\/fuentesfidedignas.com.mx\\\/\",\"name\":\"Fuentes Fidedignas\",\"description\":\"Otro sitio realizado con WordPress\",\"publisher\":{\"@id\":\"https:\\\/\\\/fuentesfidedignas.com.mx\\\/#organization\"},\"potentialAction\":[{\"@type\":\"SearchAction\",\"target\":{\"@type\":\"EntryPoint\",\"urlTemplate\":\"https:\\\/\\\/fuentesfidedignas.com.mx\\\/?s={search_term_string}\"},\"query-input\":{\"@type\":\"PropertyValueSpecification\",\"valueRequired\":true,\"valueName\":\"search_term_string\"}}],\"inLanguage\":\"es\"},{\"@type\":\"Organization\",\"@id\":\"https:\\\/\\\/fuentesfidedignas.com.mx\\\/#organization\",\"name\":\"Fuentes Fidedignas\",\"url\":\"https:\\\/\\\/fuentesfidedignas.com.mx\\\/\",\"logo\":{\"@type\":\"ImageObject\",\"inLanguage\":\"es\",\"@id\":\"https:\\\/\\\/fuentesfidedignas.com.mx\\\/#\\\/schema\\\/logo\\\/image\\\/\",\"url\":\"https:\\\/\\\/fuentesfidedignas.com.mx\\\/wp-content\\\/uploads\\\/2021\\\/04\\\/logo-retina.png\",\"contentUrl\":\"https:\\\/\\\/fuentesfidedignas.com.mx\\\/wp-content\\\/uploads\\\/2021\\\/04\\\/logo-retina.png\",\"width\":280,\"height\":51,\"caption\":\"Fuentes Fidedignas\"},\"image\":{\"@id\":\"https:\\\/\\\/fuentesfidedignas.com.mx\\\/#\\\/schema\\\/logo\\\/image\\\/\"},\"sameAs\":[\"https:\\\/\\\/www.facebook.com\\\/Fuentes-Fidedignas-368234489921644\",\"https:\\\/\\\/x.com\\\/fidedignas\"]},{\"@type\":\"Person\",\"@id\":\"https:\\\/\\\/fuentesfidedignas.com.mx\\\/#\\\/schema\\\/person\\\/47ec0135738f4b0c7495f06a77a2c976\",\"name\":\"Milenio\",\"image\":{\"@type\":\"ImageObject\",\"inLanguage\":\"es\",\"@id\":\"https:\\\/\\\/secure.gravatar.com\\\/avatar\\\/acabf7b54753e51c2c76457954577c236b3b764789b19879565769739d1e4a75?s=96&d=mm&r=g\",\"url\":\"https:\\\/\\\/secure.gravatar.com\\\/avatar\\\/acabf7b54753e51c2c76457954577c236b3b764789b19879565769739d1e4a75?s=96&d=mm&r=g\",\"contentUrl\":\"https:\\\/\\\/secure.gravatar.com\\\/avatar\\\/acabf7b54753e51c2c76457954577c236b3b764789b19879565769739d1e4a75?s=96&d=mm&r=g\",\"caption\":\"Milenio\"},\"url\":\"https:\\\/\\\/fuentesfidedignas.com.mx\\\/index.php\\\/author\\\/milenio\\\/\"}]}<\/script>\n<!-- \/ Yoast SEO plugin. -->","yoast_head_json":{"title":"Asesinan a comandante de la Polic\u00eda Municipal de Mazatl\u00e1n - Fuentes Fidedignas","robots":{"index":"index","follow":"follow","max-snippet":"max-snippet:-1","max-image-preview":"max-image-preview:large","max-video-preview":"max-video-preview:-1"},"canonical":"https:\/\/fuentesfidedignas.com.mx\/index.php\/2024\/09\/20\/asesinan-a-comandante-de-la-policia-municipal-de-mazatlan\/","og_locale":"es_MX","og_type":"article","og_title":"Asesinan a comandante de la Polic\u00eda Municipal de Mazatl\u00e1n - Fuentes Fidedignas","og_description":"A pesar de los esfuerzos policiales para capturar a los responsables, los agresores escaparon. En un violento ataque reportado en Sinaloa, Eduardo Galindo Paredes, ex subdirector y actual comandante de la Polic\u00eda Municipal de Mazatl\u00e1n,&nbsp;fue asesinado mientras circulaba en su veh\u00edculo por la Avenida del Delf\u00edn del puerto sinaloense, cerca del fraccionamiento Los Mangos.&nbsp; Los [&hellip;]","og_url":"https:\/\/fuentesfidedignas.com.mx\/index.php\/2024\/09\/20\/asesinan-a-comandante-de-la-policia-municipal-de-mazatlan\/","og_site_name":"Fuentes Fidedignas","article_publisher":"https:\/\/www.facebook.com\/Fuentes-Fidedignas-368234489921644","article_published_time":"2024-09-20T13:44:14+00:00","article_modified_time":"2024-09-20T13:44:55+00:00","og_image":[{"width":650,"height":366,"url":"https:\/\/fuentesfidedignas.com.mx\/wp-content\/uploads\/2024\/09\/GA_Municipal.jpg","type":"image\/jpeg"}],"author":"Milenio","twitter_card":"summary_large_image","twitter_creator":"@fidedignas","twitter_site":"@fidedignas","twitter_misc":{"Escrito por":"Milenio","Tiempo de lectura":"3 minutos"},"schema":{"@context":"https:\/\/schema.org","@graph":[{"@type":"Article","@id":"https:\/\/fuentesfidedignas.com.mx\/index.php\/2024\/09\/20\/asesinan-a-comandante-de-la-policia-municipal-de-mazatlan\/#article","isPartOf":{"@id":"https:\/\/fuentesfidedignas.com.mx\/index.php\/2024\/09\/20\/asesinan-a-comandante-de-la-policia-municipal-de-mazatlan\/"},"author":{"name":"Milenio","@id":"https:\/\/fuentesfidedignas.com.mx\/#\/schema\/person\/47ec0135738f4b0c7495f06a77a2c976"},"headline":"Asesinan a comandante de la Polic\u00eda Municipal de Mazatl\u00e1n","datePublished":"2024-09-20T13:44:14+00:00","dateModified":"2024-09-20T13:44:55+00:00","mainEntityOfPage":{"@id":"https:\/\/fuentesfidedignas.com.mx\/index.php\/2024\/09\/20\/asesinan-a-comandante-de-la-policia-municipal-de-mazatlan\/"},"wordCount":593,"commentCount":0,"publisher":{"@id":"https:\/\/fuentesfidedignas.com.mx\/#organization"},"image":{"@id":"https:\/\/fuentesfidedignas.com.mx\/index.php\/2024\/09\/20\/asesinan-a-comandante-de-la-policia-municipal-de-mazatlan\/#primaryimage"},"thumbnailUrl":"https:\/\/fuentesfidedignas.com.mx\/wp-content\/uploads\/2024\/09\/GA_Municipal.jpg","articleSection":["NOTA PRINCIPAL"],"inLanguage":"es","potentialAction":[{"@type":"CommentAction","name":"Comment","target":["https:\/\/fuentesfidedignas.com.mx\/index.php\/2024\/09\/20\/asesinan-a-comandante-de-la-policia-municipal-de-mazatlan\/#respond"]}]},{"@type":"WebPage","@id":"https:\/\/fuentesfidedignas.com.mx\/index.php\/2024\/09\/20\/asesinan-a-comandante-de-la-policia-municipal-de-mazatlan\/","url":"https:\/\/fuentesfidedignas.com.mx\/index.php\/2024\/09\/20\/asesinan-a-comandante-de-la-policia-municipal-de-mazatlan\/","name":"Asesinan a comandante de la Polic\u00eda Municipal de Mazatl\u00e1n - Fuentes Fidedignas","isPartOf":{"@id":"https:\/\/fuentesfidedignas.com.mx\/#website"},"primaryImageOfPage":{"@id":"https:\/\/fuentesfidedignas.com.mx\/index.php\/2024\/09\/20\/asesinan-a-comandante-de-la-policia-municipal-de-mazatlan\/#primaryimage"},"image":{"@id":"https:\/\/fuentesfidedignas.com.mx\/index.php\/2024\/09\/20\/asesinan-a-comandante-de-la-policia-municipal-de-mazatlan\/#primaryimage"},"thumbnailUrl":"https:\/\/fuentesfidedignas.com.mx\/wp-content\/uploads\/2024\/09\/GA_Municipal.jpg","datePublished":"2024-09-20T13:44:14+00:00","dateModified":"2024-09-20T13:44:55+00:00","breadcrumb":{"@id":"https:\/\/fuentesfidedignas.com.mx\/index.php\/2024\/09\/20\/asesinan-a-comandante-de-la-policia-municipal-de-mazatlan\/#breadcrumb"},"inLanguage":"es","potentialAction":[{"@type":"ReadAction","target":["https:\/\/fuentesfidedignas.com.mx\/index.php\/2024\/09\/20\/asesinan-a-comandante-de-la-policia-municipal-de-mazatlan\/"]}]},{"@type":"ImageObject","inLanguage":"es","@id":"https:\/\/fuentesfidedignas.com.mx\/index.php\/2024\/09\/20\/asesinan-a-comandante-de-la-policia-municipal-de-mazatlan\/#primaryimage","url":"https:\/\/fuentesfidedignas.com.mx\/wp-content\/uploads\/2024\/09\/GA_Municipal.jpg","contentUrl":"https:\/\/fuentesfidedignas.com.mx\/wp-content\/uploads\/2024\/09\/GA_Municipal.jpg","width":650,"height":366},{"@type":"BreadcrumbList","@id":"https:\/\/fuentesfidedignas.com.mx\/index.php\/2024\/09\/20\/asesinan-a-comandante-de-la-policia-municipal-de-mazatlan\/#breadcrumb","itemListElement":[{"@type":"ListItem","position":1,"name":"Inicio","item":"https:\/\/fuentesfidedignas.com.mx\/"},{"@type":"ListItem","position":2,"name":"Asesinan a comandante de la Polic\u00eda Municipal de Mazatl\u00e1n"}]},{"@type":"WebSite","@id":"https:\/\/fuentesfidedignas.com.mx\/#website","url":"https:\/\/fuentesfidedignas.com.mx\/","name":"Fuentes Fidedignas","description":"Otro sitio realizado con WordPress","publisher":{"@id":"https:\/\/fuentesfidedignas.com.mx\/#organization"},"potentialAction":[{"@type":"SearchAction","target":{"@type":"EntryPoint","urlTemplate":"https:\/\/fuentesfidedignas.com.mx\/?s={search_term_string}"},"query-input":{"@type":"PropertyValueSpecification","valueRequired":true,"valueName":"search_term_string"}}],"inLanguage":"es"},{"@type":"Organization","@id":"https:\/\/fuentesfidedignas.com.mx\/#organization","name":"Fuentes Fidedignas","url":"https:\/\/fuentesfidedignas.com.mx\/","logo":{"@type":"ImageObject","inLanguage":"es","@id":"https:\/\/fuentesfidedignas.com.mx\/#\/schema\/logo\/image\/","url":"https:\/\/fuentesfidedignas.com.mx\/wp-content\/uploads\/2021\/04\/logo-retina.png","contentUrl":"https:\/\/fuentesfidedignas.com.mx\/wp-content\/uploads\/2021\/04\/logo-retina.png","width":280,"height":51,"caption":"Fuentes Fidedignas"},"image":{"@id":"https:\/\/fuentesfidedignas.com.mx\/#\/schema\/logo\/image\/"},"sameAs":["https:\/\/www.facebook.com\/Fuentes-Fidedignas-368234489921644","https:\/\/x.com\/fidedignas"]},{"@type":"Person","@id":"https:\/\/fuentesfidedignas.com.mx\/#\/schema\/person\/47ec0135738f4b0c7495f06a77a2c976","name":"Milenio","image":{"@type":"ImageObject","inLanguage":"es","@id":"https:\/\/secure.gravatar.com\/avatar\/acabf7b54753e51c2c76457954577c236b3b764789b19879565769739d1e4a75?s=96&d=mm&r=g","url":"https:\/\/secure.gravatar.com\/avatar\/acabf7b54753e51c2c76457954577c236b3b764789b19879565769739d1e4a75?s=96&d=mm&r=g","contentUrl":"https:\/\/secure.gravatar.com\/avatar\/acabf7b54753e51c2c76457954577c236b3b764789b19879565769739d1e4a75?s=96&d=mm&r=g","caption":"Milenio"},"url":"https:\/\/fuentesfidedignas.com.mx\/index.php\/author\/milenio\/"}]}},"_links":{"self":[{"href":"https:\/\/fuentesfidedignas.com.mx\/index.php\/wp-json\/wp\/v2\/posts\/91618","targetHints":{"allow":["GET"]}}],"collection":[{"href":"https:\/\/fuentesfidedignas.com.mx\/index.php\/wp-json\/wp\/v2\/posts"}],"about":[{"href":"https:\/\/fuentesfidedignas.com.mx\/index.php\/wp-json\/wp\/v2\/types\/post"}],"author":[{"embeddable":true,"href":"https:\/\/fuentesfidedignas.com.mx\/index.php\/wp-json\/wp\/v2\/users\/9"}],"replies":[{"embeddable":true,"href":"https:\/\/fuentesfidedignas.com.mx\/index.php\/wp-json\/wp\/v2\/comments?post=91618"}],"version-history":[{"count":2,"href":"https:\/\/fuentesfidedignas.com.mx\/index.php\/wp-json\/wp\/v2\/posts\/91618\/revisions"}],"predecessor-version":[{"id":91624,"href":"https:\/\/fuentesfidedignas.com.mx\/index.php\/wp-json\/wp\/v2\/posts\/91618\/revisions\/91624"}],"wp:featuredmedia":[{"embeddable":true,"href":"https:\/\/fuentesfidedignas.com.mx\/index.php\/wp-json\/wp\/v2\/media\/91622"}],"wp:attachment":[{"href":"https:\/\/fuentesfidedignas.com.mx\/index.php\/wp-json\/wp\/v2\/media?parent=91618"}],"wp:term":[{"taxonomy":"category","embeddable":true,"href":"https:\/\/fuentesfidedignas.com.mx\/index.php\/wp-json\/wp\/v2\/categories?post=91618"},{"taxonomy":"post_tag","embeddable":true,"href":"https:\/\/fuentesfidedignas.com.mx\/index.php\/wp-json\/wp\/v2\/tags?post=91618"}],"curies":[{"name":"wp","href":"https:\/\/api.w.org\/{rel}","templated":true}]}}