{"id":91576,"date":"2024-09-19T15:59:31","date_gmt":"2024-09-19T22:59:31","guid":{"rendered":"https:\/\/fuentesfidedignas.com.mx\/?p=91576"},"modified":"2024-09-19T20:32:20","modified_gmt":"2024-09-20T03:32:20","slug":"habrian-capturado-en-santa-fe-a-el-piyi-presunto-sicario-de-los-chapitos","status":"publish","type":"post","link":"https:\/\/fuentesfidedignas.com.mx\/index.php\/2024\/09\/19\/habrian-capturado-en-santa-fe-a-el-piyi-presunto-sicario-de-los-chapitos\/","title":{"rendered":"Detienen en Culiac\u00e1n a &#8216;El Piyi&#8217;, integrante de alto rango del C\u00e1rtel de Sinaloa"},"content":{"rendered":"\n<p><strong><em>Adem\u00e1s de \u2018El Piyi\u2019, se presume que fueron detenidos siete hombres m\u00e1s ligados al c\u00e1rtel de Sinaloa y a Los Chapitos.<\/em><\/strong><\/p>\n\n\n\n<p>Durante la tarde del jueves 19 de septiembre, fuerzas militares y de la Guardia Nacional llevaron a cabo un operativo en el sector Jardines de Santa Fe, Culiac\u00e1n, resultando en la detenci\u00f3n de El Piyi, un importante miembro del C\u00e1rtel de Sinaloa, cercano al grupo conocido como Los Chapitos.<\/p>\n\n\n\n<p>El despliegue incluy\u00f3 la movilizaci\u00f3n de tropas terrestres y a\u00e9reas que sobrevolaron la zona norte de la ciudad, provocando inquietud entre los vecinos que reportaron la presencia masiva de patrullas militares y aeronaves.<\/p>\n\n\n\n<p>Cabe mencionar que, la operaci\u00f3n militar no se limit\u00f3 a Jardines de Santa Fe, extendi\u00e9ndose a otras colonias, lo que evidenci\u00f3 la magnitud de las acciones que el gobierno federal ha desplegado contra el crimen organizado en la regi\u00f3n.<\/p>\n\n\n\n<p><strong>Operativos en Sinaloa<\/strong><br>De forma simult\u00e1nea, en Navolato, un operativo similar se llev\u00f3 a cabo, resultando en la detenci\u00f3n de otra persona y el aseguramiento de un veh\u00edculo.\u00a0<\/p>\n\n\n\n<p>Aunque en un inicio, la Secretar\u00eda de Seguridad P\u00fablica de Sinaloa no revel\u00f3 si ambas operaciones estaban relacionadas; mientras que&nbsp;fuentes cercanas a la investigaci\u00f3n confirmaron que los operativos formaban parte de un esfuerzo coordinado para capturar a El Piyi, miembro clave de Los Chapitos, brazo delictivo liderado por los hijos de Joaqu\u00edn El Chapo Guzm\u00e1n.<\/p>\n\n\n\n<p><strong>\u00bfQui\u00e9n es El Piyi?<\/strong><br>El Piyi es considerado una figura central dentro de la estructura criminal, responsable de coordinar operaciones de alto impacto en la regi\u00f3n. Su captura representa un golpe significativo para la organizaci\u00f3n, que ha sido responsable de diversos actos de violencia en el estado.<\/p>\n\n\n\n<p>Hasta el momento, las autoridades no han proporcionado m\u00e1s detalles sobre la detenci\u00f3n, pero se espera que en las pr\u00f3ximas horas se ofrezca una conferencia de prensa para confirmar m\u00e1s informaci\u00f3n sobre las implicaciones de este operativo.<\/p>\n\n\n\n<p>Este operativo se enmarca en la serie de acciones que el gobierno federal ha intensificado para desmantelar las facciones del C\u00e1rtel de Sinaloa.\u00a0<\/p>\n\n\n\n<h2 class=\"wp-block-heading\">Incidencia delictiva disminuye en Sinaloa&nbsp;<\/h2>\n\n\n\n<p><strong>Violencia en Culiac\u00e1n, Sinaloa\u00a0<\/strong><br>El mi\u00e9rcoles 18 de septiembre, la\u00a0capital sinaloense vivi\u00f3 otra jornada marcada por la violencia, con m\u00faltiples eventos criminales que dejaron un saldo de seis personas asesinadas, un secuestro confirmado y un ataque contra personal militar.\u00a0<\/p>\n\n\n\n<p>Estos hechos reafirman la compleja situaci\u00f3n de seguridad en la regi\u00f3n, sumergida en una ola de cr\u00edmenes que parecen no ceder.<\/p>\n\n\n\n<p>El primer incidente de la jornada tuvo lugar en la colonia Genaro Estrada, donde personal militar fue blanco de una agresi\u00f3n por parte de civiles armados.&nbsp;<\/p>\n\n\n\n<p>En el enfrentamiento, las autoridades lograron repeler el ataque, capturando a un presunto agresor y asegurando dos veh\u00edculos que habr\u00edan sido utilizados por los atacantes.&nbsp;<\/p>\n\n\n\n<p>A pesar de esta detenci\u00f3n, la identidad del detenido no ha sido revelada, y el m\u00f3vil detr\u00e1s de la agresi\u00f3n sigue bajo investigaci\u00f3n.<\/p>\n\n\n\n<p>Este enfrentamiento es reflejo de la confrontaci\u00f3n entre los cuerpos de seguridad y los grupos criminales que operan en la regi\u00f3n, donde la presencia militar es constante debido al alto \u00edndice de actividades delictivas.<\/p>\n\n\n\n<p>Horas despu\u00e9s, los cuerpos de cuatro personas fueron hallados en distintos puntos de la ciudad.&nbsp;<\/p>\n\n\n\n<p>Tres de estos cuerpos fueron encontrados en el Libramiento Benito Ju\u00e1rez, tambi\u00e9n conocido como La Costerita. Los cad\u00e1veres pertenec\u00edan a tres hombres j\u00f3venes, cuyas edades se estiman entre los 20 y 25 a\u00f1os.<\/p>\n","protected":false},"excerpt":{"rendered":"<p>Adem\u00e1s de \u2018El Piyi\u2019, se presume que fueron detenidos siete hombres m\u00e1s ligados al c\u00e1rtel de Sinaloa y a Los Chapitos. Durante la tarde del jueves 19 de septiembre, fuerzas militares y de la Guardia Nacional llevaron a cabo un operativo en el sector Jardines de Santa Fe, Culiac\u00e1n, resultando en la detenci\u00f3n de El [&hellip;]<\/p>\n","protected":false},"author":9,"featured_media":91594,"comment_status":"closed","ping_status":"open","sticky":false,"template":"","format":"standard","meta":{"tdm_status":"","tdm_grid_status":"","footnotes":""},"categories":[37],"tags":[],"class_list":{"0":"post-91576","1":"post","2":"type-post","3":"status-publish","4":"format-standard","5":"has-post-thumbnail","7":"category-nota-principal"},"yoast_head":"<!-- This site is optimized with the Yoast SEO plugin v27.5 - https:\/\/yoast.com\/product\/yoast-seo-wordpress\/ -->\n<title>Detienen en Culiac\u00e1n a &#039;El Piyi&#039;, integrante de alto rango del C\u00e1rtel de Sinaloa - Fuentes Fidedignas<\/title>\n<meta name=\"robots\" content=\"index, follow, max-snippet:-1, max-image-preview:large, max-video-preview:-1\" \/>\n<link rel=\"canonical\" href=\"https:\/\/fuentesfidedignas.com.mx\/index.php\/2024\/09\/19\/habrian-capturado-en-santa-fe-a-el-piyi-presunto-sicario-de-los-chapitos\/\" \/>\n<meta property=\"og:locale\" content=\"es_MX\" \/>\n<meta property=\"og:type\" content=\"article\" \/>\n<meta property=\"og:title\" content=\"Detienen en Culiac\u00e1n a &#039;El Piyi&#039;, integrante de alto rango del C\u00e1rtel de Sinaloa - Fuentes Fidedignas\" \/>\n<meta property=\"og:description\" content=\"Adem\u00e1s de \u2018El Piyi\u2019, se presume que fueron detenidos siete hombres m\u00e1s ligados al c\u00e1rtel de Sinaloa y a Los Chapitos. Durante la tarde del jueves 19 de septiembre, fuerzas militares y de la Guardia Nacional llevaron a cabo un operativo en el sector Jardines de Santa Fe, Culiac\u00e1n, resultando en la detenci\u00f3n de El [&hellip;]\" \/>\n<meta property=\"og:url\" content=\"https:\/\/fuentesfidedignas.com.mx\/index.php\/2024\/09\/19\/habrian-capturado-en-santa-fe-a-el-piyi-presunto-sicario-de-los-chapitos\/\" \/>\n<meta property=\"og:site_name\" content=\"Fuentes Fidedignas\" \/>\n<meta property=\"article:publisher\" content=\"https:\/\/www.facebook.com\/Fuentes-Fidedignas-368234489921644\" \/>\n<meta property=\"article:published_time\" content=\"2024-09-19T22:59:31+00:00\" \/>\n<meta property=\"article:modified_time\" content=\"2024-09-20T03:32:20+00:00\" \/>\n<meta property=\"og:image\" content=\"https:\/\/fuentesfidedignas.com.mx\/wp-content\/uploads\/2024\/09\/Piyi.jpg\" \/>\n\t<meta property=\"og:image:width\" content=\"650\" \/>\n\t<meta property=\"og:image:height\" content=\"487\" \/>\n\t<meta property=\"og:image:type\" content=\"image\/jpeg\" \/>\n<meta name=\"author\" content=\"Milenio\" \/>\n<meta name=\"twitter:card\" content=\"summary_large_image\" \/>\n<meta name=\"twitter:creator\" content=\"@fidedignas\" \/>\n<meta name=\"twitter:site\" content=\"@fidedignas\" \/>\n<meta name=\"twitter:label1\" content=\"Escrito por\" \/>\n\t<meta name=\"twitter:data1\" content=\"Milenio\" \/>\n\t<meta name=\"twitter:label2\" content=\"Tiempo de lectura\" \/>\n\t<meta name=\"twitter:data2\" content=\"3 minutos\" \/>\n<script type=\"application\/ld+json\" class=\"yoast-schema-graph\">{\"@context\":\"https:\\\/\\\/schema.org\",\"@graph\":[{\"@type\":\"Article\",\"@id\":\"https:\\\/\\\/fuentesfidedignas.com.mx\\\/index.php\\\/2024\\\/09\\\/19\\\/habrian-capturado-en-santa-fe-a-el-piyi-presunto-sicario-de-los-chapitos\\\/#article\",\"isPartOf\":{\"@id\":\"https:\\\/\\\/fuentesfidedignas.com.mx\\\/index.php\\\/2024\\\/09\\\/19\\\/habrian-capturado-en-santa-fe-a-el-piyi-presunto-sicario-de-los-chapitos\\\/\"},\"author\":{\"name\":\"Milenio\",\"@id\":\"https:\\\/\\\/fuentesfidedignas.com.mx\\\/#\\\/schema\\\/person\\\/47ec0135738f4b0c7495f06a77a2c976\"},\"headline\":\"Detienen en Culiac\u00e1n a &#8216;El Piyi&#8217;, integrante de alto rango del C\u00e1rtel de Sinaloa\",\"datePublished\":\"2024-09-19T22:59:31+00:00\",\"dateModified\":\"2024-09-20T03:32:20+00:00\",\"mainEntityOfPage\":{\"@id\":\"https:\\\/\\\/fuentesfidedignas.com.mx\\\/index.php\\\/2024\\\/09\\\/19\\\/habrian-capturado-en-santa-fe-a-el-piyi-presunto-sicario-de-los-chapitos\\\/\"},\"wordCount\":623,\"publisher\":{\"@id\":\"https:\\\/\\\/fuentesfidedignas.com.mx\\\/#organization\"},\"image\":{\"@id\":\"https:\\\/\\\/fuentesfidedignas.com.mx\\\/index.php\\\/2024\\\/09\\\/19\\\/habrian-capturado-en-santa-fe-a-el-piyi-presunto-sicario-de-los-chapitos\\\/#primaryimage\"},\"thumbnailUrl\":\"https:\\\/\\\/fuentesfidedignas.com.mx\\\/wp-content\\\/uploads\\\/2024\\\/09\\\/Piyi.jpg\",\"articleSection\":[\"NOTA PRINCIPAL\"],\"inLanguage\":\"es\"},{\"@type\":\"WebPage\",\"@id\":\"https:\\\/\\\/fuentesfidedignas.com.mx\\\/index.php\\\/2024\\\/09\\\/19\\\/habrian-capturado-en-santa-fe-a-el-piyi-presunto-sicario-de-los-chapitos\\\/\",\"url\":\"https:\\\/\\\/fuentesfidedignas.com.mx\\\/index.php\\\/2024\\\/09\\\/19\\\/habrian-capturado-en-santa-fe-a-el-piyi-presunto-sicario-de-los-chapitos\\\/\",\"name\":\"Detienen en Culiac\u00e1n a 'El Piyi', integrante de alto rango del C\u00e1rtel de Sinaloa - Fuentes Fidedignas\",\"isPartOf\":{\"@id\":\"https:\\\/\\\/fuentesfidedignas.com.mx\\\/#website\"},\"primaryImageOfPage\":{\"@id\":\"https:\\\/\\\/fuentesfidedignas.com.mx\\\/index.php\\\/2024\\\/09\\\/19\\\/habrian-capturado-en-santa-fe-a-el-piyi-presunto-sicario-de-los-chapitos\\\/#primaryimage\"},\"image\":{\"@id\":\"https:\\\/\\\/fuentesfidedignas.com.mx\\\/index.php\\\/2024\\\/09\\\/19\\\/habrian-capturado-en-santa-fe-a-el-piyi-presunto-sicario-de-los-chapitos\\\/#primaryimage\"},\"thumbnailUrl\":\"https:\\\/\\\/fuentesfidedignas.com.mx\\\/wp-content\\\/uploads\\\/2024\\\/09\\\/Piyi.jpg\",\"datePublished\":\"2024-09-19T22:59:31+00:00\",\"dateModified\":\"2024-09-20T03:32:20+00:00\",\"breadcrumb\":{\"@id\":\"https:\\\/\\\/fuentesfidedignas.com.mx\\\/index.php\\\/2024\\\/09\\\/19\\\/habrian-capturado-en-santa-fe-a-el-piyi-presunto-sicario-de-los-chapitos\\\/#breadcrumb\"},\"inLanguage\":\"es\",\"potentialAction\":[{\"@type\":\"ReadAction\",\"target\":[\"https:\\\/\\\/fuentesfidedignas.com.mx\\\/index.php\\\/2024\\\/09\\\/19\\\/habrian-capturado-en-santa-fe-a-el-piyi-presunto-sicario-de-los-chapitos\\\/\"]}]},{\"@type\":\"ImageObject\",\"inLanguage\":\"es\",\"@id\":\"https:\\\/\\\/fuentesfidedignas.com.mx\\\/index.php\\\/2024\\\/09\\\/19\\\/habrian-capturado-en-santa-fe-a-el-piyi-presunto-sicario-de-los-chapitos\\\/#primaryimage\",\"url\":\"https:\\\/\\\/fuentesfidedignas.com.mx\\\/wp-content\\\/uploads\\\/2024\\\/09\\\/Piyi.jpg\",\"contentUrl\":\"https:\\\/\\\/fuentesfidedignas.com.mx\\\/wp-content\\\/uploads\\\/2024\\\/09\\\/Piyi.jpg\",\"width\":650,\"height\":487},{\"@type\":\"BreadcrumbList\",\"@id\":\"https:\\\/\\\/fuentesfidedignas.com.mx\\\/index.php\\\/2024\\\/09\\\/19\\\/habrian-capturado-en-santa-fe-a-el-piyi-presunto-sicario-de-los-chapitos\\\/#breadcrumb\",\"itemListElement\":[{\"@type\":\"ListItem\",\"position\":1,\"name\":\"Inicio\",\"item\":\"https:\\\/\\\/fuentesfidedignas.com.mx\\\/\"},{\"@type\":\"ListItem\",\"position\":2,\"name\":\"Detienen en Culiac\u00e1n a &#8216;El Piyi&#8217;, integrante de alto rango del C\u00e1rtel de Sinaloa\"}]},{\"@type\":\"WebSite\",\"@id\":\"https:\\\/\\\/fuentesfidedignas.com.mx\\\/#website\",\"url\":\"https:\\\/\\\/fuentesfidedignas.com.mx\\\/\",\"name\":\"Fuentes Fidedignas\",\"description\":\"Otro sitio realizado con WordPress\",\"publisher\":{\"@id\":\"https:\\\/\\\/fuentesfidedignas.com.mx\\\/#organization\"},\"potentialAction\":[{\"@type\":\"SearchAction\",\"target\":{\"@type\":\"EntryPoint\",\"urlTemplate\":\"https:\\\/\\\/fuentesfidedignas.com.mx\\\/?s={search_term_string}\"},\"query-input\":{\"@type\":\"PropertyValueSpecification\",\"valueRequired\":true,\"valueName\":\"search_term_string\"}}],\"inLanguage\":\"es\"},{\"@type\":\"Organization\",\"@id\":\"https:\\\/\\\/fuentesfidedignas.com.mx\\\/#organization\",\"name\":\"Fuentes Fidedignas\",\"url\":\"https:\\\/\\\/fuentesfidedignas.com.mx\\\/\",\"logo\":{\"@type\":\"ImageObject\",\"inLanguage\":\"es\",\"@id\":\"https:\\\/\\\/fuentesfidedignas.com.mx\\\/#\\\/schema\\\/logo\\\/image\\\/\",\"url\":\"https:\\\/\\\/fuentesfidedignas.com.mx\\\/wp-content\\\/uploads\\\/2021\\\/04\\\/logo-retina.png\",\"contentUrl\":\"https:\\\/\\\/fuentesfidedignas.com.mx\\\/wp-content\\\/uploads\\\/2021\\\/04\\\/logo-retina.png\",\"width\":280,\"height\":51,\"caption\":\"Fuentes Fidedignas\"},\"image\":{\"@id\":\"https:\\\/\\\/fuentesfidedignas.com.mx\\\/#\\\/schema\\\/logo\\\/image\\\/\"},\"sameAs\":[\"https:\\\/\\\/www.facebook.com\\\/Fuentes-Fidedignas-368234489921644\",\"https:\\\/\\\/x.com\\\/fidedignas\"]},{\"@type\":\"Person\",\"@id\":\"https:\\\/\\\/fuentesfidedignas.com.mx\\\/#\\\/schema\\\/person\\\/47ec0135738f4b0c7495f06a77a2c976\",\"name\":\"Milenio\",\"image\":{\"@type\":\"ImageObject\",\"inLanguage\":\"es\",\"@id\":\"https:\\\/\\\/secure.gravatar.com\\\/avatar\\\/acabf7b54753e51c2c76457954577c236b3b764789b19879565769739d1e4a75?s=96&d=mm&r=g\",\"url\":\"https:\\\/\\\/secure.gravatar.com\\\/avatar\\\/acabf7b54753e51c2c76457954577c236b3b764789b19879565769739d1e4a75?s=96&d=mm&r=g\",\"contentUrl\":\"https:\\\/\\\/secure.gravatar.com\\\/avatar\\\/acabf7b54753e51c2c76457954577c236b3b764789b19879565769739d1e4a75?s=96&d=mm&r=g\",\"caption\":\"Milenio\"},\"url\":\"https:\\\/\\\/fuentesfidedignas.com.mx\\\/index.php\\\/author\\\/milenio\\\/\"}]}<\/script>\n<!-- \/ Yoast SEO plugin. -->","yoast_head_json":{"title":"Detienen en Culiac\u00e1n a 'El Piyi', integrante de alto rango del C\u00e1rtel de Sinaloa - Fuentes Fidedignas","robots":{"index":"index","follow":"follow","max-snippet":"max-snippet:-1","max-image-preview":"max-image-preview:large","max-video-preview":"max-video-preview:-1"},"canonical":"https:\/\/fuentesfidedignas.com.mx\/index.php\/2024\/09\/19\/habrian-capturado-en-santa-fe-a-el-piyi-presunto-sicario-de-los-chapitos\/","og_locale":"es_MX","og_type":"article","og_title":"Detienen en Culiac\u00e1n a 'El Piyi', integrante de alto rango del C\u00e1rtel de Sinaloa - Fuentes Fidedignas","og_description":"Adem\u00e1s de \u2018El Piyi\u2019, se presume que fueron detenidos siete hombres m\u00e1s ligados al c\u00e1rtel de Sinaloa y a Los Chapitos. Durante la tarde del jueves 19 de septiembre, fuerzas militares y de la Guardia Nacional llevaron a cabo un operativo en el sector Jardines de Santa Fe, Culiac\u00e1n, resultando en la detenci\u00f3n de El [&hellip;]","og_url":"https:\/\/fuentesfidedignas.com.mx\/index.php\/2024\/09\/19\/habrian-capturado-en-santa-fe-a-el-piyi-presunto-sicario-de-los-chapitos\/","og_site_name":"Fuentes Fidedignas","article_publisher":"https:\/\/www.facebook.com\/Fuentes-Fidedignas-368234489921644","article_published_time":"2024-09-19T22:59:31+00:00","article_modified_time":"2024-09-20T03:32:20+00:00","og_image":[{"width":650,"height":487,"url":"https:\/\/fuentesfidedignas.com.mx\/wp-content\/uploads\/2024\/09\/Piyi.jpg","type":"image\/jpeg"}],"author":"Milenio","twitter_card":"summary_large_image","twitter_creator":"@fidedignas","twitter_site":"@fidedignas","twitter_misc":{"Escrito por":"Milenio","Tiempo de lectura":"3 minutos"},"schema":{"@context":"https:\/\/schema.org","@graph":[{"@type":"Article","@id":"https:\/\/fuentesfidedignas.com.mx\/index.php\/2024\/09\/19\/habrian-capturado-en-santa-fe-a-el-piyi-presunto-sicario-de-los-chapitos\/#article","isPartOf":{"@id":"https:\/\/fuentesfidedignas.com.mx\/index.php\/2024\/09\/19\/habrian-capturado-en-santa-fe-a-el-piyi-presunto-sicario-de-los-chapitos\/"},"author":{"name":"Milenio","@id":"https:\/\/fuentesfidedignas.com.mx\/#\/schema\/person\/47ec0135738f4b0c7495f06a77a2c976"},"headline":"Detienen en Culiac\u00e1n a &#8216;El Piyi&#8217;, integrante de alto rango del C\u00e1rtel de Sinaloa","datePublished":"2024-09-19T22:59:31+00:00","dateModified":"2024-09-20T03:32:20+00:00","mainEntityOfPage":{"@id":"https:\/\/fuentesfidedignas.com.mx\/index.php\/2024\/09\/19\/habrian-capturado-en-santa-fe-a-el-piyi-presunto-sicario-de-los-chapitos\/"},"wordCount":623,"publisher":{"@id":"https:\/\/fuentesfidedignas.com.mx\/#organization"},"image":{"@id":"https:\/\/fuentesfidedignas.com.mx\/index.php\/2024\/09\/19\/habrian-capturado-en-santa-fe-a-el-piyi-presunto-sicario-de-los-chapitos\/#primaryimage"},"thumbnailUrl":"https:\/\/fuentesfidedignas.com.mx\/wp-content\/uploads\/2024\/09\/Piyi.jpg","articleSection":["NOTA PRINCIPAL"],"inLanguage":"es"},{"@type":"WebPage","@id":"https:\/\/fuentesfidedignas.com.mx\/index.php\/2024\/09\/19\/habrian-capturado-en-santa-fe-a-el-piyi-presunto-sicario-de-los-chapitos\/","url":"https:\/\/fuentesfidedignas.com.mx\/index.php\/2024\/09\/19\/habrian-capturado-en-santa-fe-a-el-piyi-presunto-sicario-de-los-chapitos\/","name":"Detienen en Culiac\u00e1n a 'El Piyi', integrante de alto rango del C\u00e1rtel de Sinaloa - Fuentes Fidedignas","isPartOf":{"@id":"https:\/\/fuentesfidedignas.com.mx\/#website"},"primaryImageOfPage":{"@id":"https:\/\/fuentesfidedignas.com.mx\/index.php\/2024\/09\/19\/habrian-capturado-en-santa-fe-a-el-piyi-presunto-sicario-de-los-chapitos\/#primaryimage"},"image":{"@id":"https:\/\/fuentesfidedignas.com.mx\/index.php\/2024\/09\/19\/habrian-capturado-en-santa-fe-a-el-piyi-presunto-sicario-de-los-chapitos\/#primaryimage"},"thumbnailUrl":"https:\/\/fuentesfidedignas.com.mx\/wp-content\/uploads\/2024\/09\/Piyi.jpg","datePublished":"2024-09-19T22:59:31+00:00","dateModified":"2024-09-20T03:32:20+00:00","breadcrumb":{"@id":"https:\/\/fuentesfidedignas.com.mx\/index.php\/2024\/09\/19\/habrian-capturado-en-santa-fe-a-el-piyi-presunto-sicario-de-los-chapitos\/#breadcrumb"},"inLanguage":"es","potentialAction":[{"@type":"ReadAction","target":["https:\/\/fuentesfidedignas.com.mx\/index.php\/2024\/09\/19\/habrian-capturado-en-santa-fe-a-el-piyi-presunto-sicario-de-los-chapitos\/"]}]},{"@type":"ImageObject","inLanguage":"es","@id":"https:\/\/fuentesfidedignas.com.mx\/index.php\/2024\/09\/19\/habrian-capturado-en-santa-fe-a-el-piyi-presunto-sicario-de-los-chapitos\/#primaryimage","url":"https:\/\/fuentesfidedignas.com.mx\/wp-content\/uploads\/2024\/09\/Piyi.jpg","contentUrl":"https:\/\/fuentesfidedignas.com.mx\/wp-content\/uploads\/2024\/09\/Piyi.jpg","width":650,"height":487},{"@type":"BreadcrumbList","@id":"https:\/\/fuentesfidedignas.com.mx\/index.php\/2024\/09\/19\/habrian-capturado-en-santa-fe-a-el-piyi-presunto-sicario-de-los-chapitos\/#breadcrumb","itemListElement":[{"@type":"ListItem","position":1,"name":"Inicio","item":"https:\/\/fuentesfidedignas.com.mx\/"},{"@type":"ListItem","position":2,"name":"Detienen en Culiac\u00e1n a &#8216;El Piyi&#8217;, integrante de alto rango del C\u00e1rtel de Sinaloa"}]},{"@type":"WebSite","@id":"https:\/\/fuentesfidedignas.com.mx\/#website","url":"https:\/\/fuentesfidedignas.com.mx\/","name":"Fuentes Fidedignas","description":"Otro sitio realizado con WordPress","publisher":{"@id":"https:\/\/fuentesfidedignas.com.mx\/#organization"},"potentialAction":[{"@type":"SearchAction","target":{"@type":"EntryPoint","urlTemplate":"https:\/\/fuentesfidedignas.com.mx\/?s={search_term_string}"},"query-input":{"@type":"PropertyValueSpecification","valueRequired":true,"valueName":"search_term_string"}}],"inLanguage":"es"},{"@type":"Organization","@id":"https:\/\/fuentesfidedignas.com.mx\/#organization","name":"Fuentes Fidedignas","url":"https:\/\/fuentesfidedignas.com.mx\/","logo":{"@type":"ImageObject","inLanguage":"es","@id":"https:\/\/fuentesfidedignas.com.mx\/#\/schema\/logo\/image\/","url":"https:\/\/fuentesfidedignas.com.mx\/wp-content\/uploads\/2021\/04\/logo-retina.png","contentUrl":"https:\/\/fuentesfidedignas.com.mx\/wp-content\/uploads\/2021\/04\/logo-retina.png","width":280,"height":51,"caption":"Fuentes Fidedignas"},"image":{"@id":"https:\/\/fuentesfidedignas.com.mx\/#\/schema\/logo\/image\/"},"sameAs":["https:\/\/www.facebook.com\/Fuentes-Fidedignas-368234489921644","https:\/\/x.com\/fidedignas"]},{"@type":"Person","@id":"https:\/\/fuentesfidedignas.com.mx\/#\/schema\/person\/47ec0135738f4b0c7495f06a77a2c976","name":"Milenio","image":{"@type":"ImageObject","inLanguage":"es","@id":"https:\/\/secure.gravatar.com\/avatar\/acabf7b54753e51c2c76457954577c236b3b764789b19879565769739d1e4a75?s=96&d=mm&r=g","url":"https:\/\/secure.gravatar.com\/avatar\/acabf7b54753e51c2c76457954577c236b3b764789b19879565769739d1e4a75?s=96&d=mm&r=g","contentUrl":"https:\/\/secure.gravatar.com\/avatar\/acabf7b54753e51c2c76457954577c236b3b764789b19879565769739d1e4a75?s=96&d=mm&r=g","caption":"Milenio"},"url":"https:\/\/fuentesfidedignas.com.mx\/index.php\/author\/milenio\/"}]}},"_links":{"self":[{"href":"https:\/\/fuentesfidedignas.com.mx\/index.php\/wp-json\/wp\/v2\/posts\/91576","targetHints":{"allow":["GET"]}}],"collection":[{"href":"https:\/\/fuentesfidedignas.com.mx\/index.php\/wp-json\/wp\/v2\/posts"}],"about":[{"href":"https:\/\/fuentesfidedignas.com.mx\/index.php\/wp-json\/wp\/v2\/types\/post"}],"author":[{"embeddable":true,"href":"https:\/\/fuentesfidedignas.com.mx\/index.php\/wp-json\/wp\/v2\/users\/9"}],"replies":[{"embeddable":true,"href":"https:\/\/fuentesfidedignas.com.mx\/index.php\/wp-json\/wp\/v2\/comments?post=91576"}],"version-history":[{"count":2,"href":"https:\/\/fuentesfidedignas.com.mx\/index.php\/wp-json\/wp\/v2\/posts\/91576\/revisions"}],"predecessor-version":[{"id":91598,"href":"https:\/\/fuentesfidedignas.com.mx\/index.php\/wp-json\/wp\/v2\/posts\/91576\/revisions\/91598"}],"wp:featuredmedia":[{"embeddable":true,"href":"https:\/\/fuentesfidedignas.com.mx\/index.php\/wp-json\/wp\/v2\/media\/91594"}],"wp:attachment":[{"href":"https:\/\/fuentesfidedignas.com.mx\/index.php\/wp-json\/wp\/v2\/media?parent=91576"}],"wp:term":[{"taxonomy":"category","embeddable":true,"href":"https:\/\/fuentesfidedignas.com.mx\/index.php\/wp-json\/wp\/v2\/categories?post=91576"},{"taxonomy":"post_tag","embeddable":true,"href":"https:\/\/fuentesfidedignas.com.mx\/index.php\/wp-json\/wp\/v2\/tags?post=91576"}],"curies":[{"name":"wp","href":"https:\/\/api.w.org\/{rel}","templated":true}]}}