{"id":91570,"date":"2024-09-19T15:21:00","date_gmt":"2024-09-19T22:21:00","guid":{"rendered":"https:\/\/fuentesfidedignas.com.mx\/?p=91570"},"modified":"2024-09-19T15:21:00","modified_gmt":"2024-09-19T22:21:00","slug":"fiscalia-de-eu-pide-cadena-perpetua-y-multa-de-5-mdd-para-garcia-luna","status":"publish","type":"post","link":"https:\/\/fuentesfidedignas.com.mx\/index.php\/2024\/09\/19\/fiscalia-de-eu-pide-cadena-perpetua-y-multa-de-5-mdd-para-garcia-luna\/","title":{"rendered":"Fiscal\u00eda de EU pide cadena perpetua y multa de 5 MDD para Garc\u00eda Luna"},"content":{"rendered":"\n<p><strong><em>Genaro Garc\u00eda Luna recibir\u00e1 su sentencia el pr\u00f3ximo 9 de octubre, luego de ser hallado culpable de narcotr\u00e1fico en los Estados Unidos<\/em><\/strong><\/p>\n\n\n\n<p>La Fiscal\u00eda de Estados Unidos pidi\u00f3 la&nbsp;<strong>cadena perpetua para Genaro Garc\u00eda Luna<\/strong>, secretario de Seguridad P\u00fablica en el sexenio de Felipe Calder\u00f3n Hinojosa, por haber colaborado con el C\u00e1rtel de Sinaloa.<\/p>\n\n\n\n<p>El fiscal Breon Peace argument\u00f3 en un documento dirigido al juez Brian Cogan que la gravedad de los delitos cometidos por el exfuncionario mexicano ameritan que pase el resto de sus d\u00edas tras las rejas, adem\u00e1s de que debe pagar una multa de cinco millones de d\u00f3lares.<\/p>\n\n\n\n<p>&#8220;A cambio de millones de d\u00f3lares, el acusado facilit\u00f3 una conspiraci\u00f3n responsable de las muertes de miles de ciudadanos mexicanos y estadounidenses&#8221;, dijo la autoridad.<\/p>\n\n\n\n<p>&#8221;Es dif\u00edcil exagerar la magnitud de los cr\u00edmenes del acusado, las muertes y adicciones que facilitaron, y su traici\u00f3n a los pueblos de M\u00e9xico y los Estados Unidos&#8221;, agreg\u00f3.<\/p>\n\n\n\n<p>El juez Brian Cogan dar\u00e1 su sentencia contra Garc\u00eda Luna el pr\u00f3ximo 9 de octubre.<\/p>\n\n\n\n<p>La Fiscal\u00eda de Estados Unidos se\u00f1al\u00f3 que Garc\u00eda Luna no proviene de una familia pobre, como varios narcotraficantes, sino que creci\u00f3 en un ambiente estable, con educaci\u00f3n que lo llev\u00f3 a formar parte del Gabinete de Felipe Calder\u00f3n.<\/p>\n\n\n\n<p>&#8220;El acusado no ha mostrado remordimiento por su conducta criminal, sino que ha seguido cometiendo delitos mientras ha estado bajo custodia, tratando de obstruir a la justicia mediante ofertas de soborno a otros delincuentes en la prisi\u00f3n donde esta recluido&#8221;, dijo.<\/p>\n\n\n\n<h2 class=\"wp-block-heading cms-Subtitulos-Subtitulo1\">La carta de Garc\u00eda Luna<\/h2>\n\n\n\n<p>A d\u00edas de recibir su sentencia en Estados Unidos, Genaro Garc\u00eda Luna, secretario de Seguridad P\u00fablica en el sexenio de Felipe Calder\u00f3n Hinojosa, asegur\u00f3 ser inocente de los cargos por narcotr\u00e1fico que se le imputan y se\u00f1al\u00f3 al presidente Andr\u00e9s Manuel L\u00f3pez Obrador de tener presuntos nexos con l\u00edderes del crimen organizado.<\/p>\n\n\n\n<p>El exfuncionario mexicano, a quien un jurado de Estados Unidos hall\u00f3 culpable de narcotr\u00e1fico y de tener v\u00ednculos con el C\u00e1rtel de Sinaloa, asegur\u00f3 que d\u00edas despu\u00e9s de su arresto, en diciembre de 2019, autoridades le ofrecieron un acuerdo para que se inculpara a personas e instituciones mexicanas, &#8221;lo cual debilitar\u00eda el desarrollo, la paz p\u00fablica y la vida institucional del pa\u00eds&#8221;.<\/p>\n\n\n\n<p>En una carta divulgada por su defensa, Garc\u00eda Luna asegur\u00f3 que despu\u00e9s de no aceptar el trato, se procedi\u00f3 con su juicio, en el que los fiscales &#8221;no presentaron una sola prueba o evidencia que acreditara los delitos; no presentaron ning\u00fan documento, fotograf\u00eda, video, audio, registro de comunicaci\u00f3n, documentos fiscales, cuentas bancarias o registro alguno de contacto con alg\u00fan miembro del narcotr\u00e1fico&#8221;.<\/p>\n\n\n\n<p>Quien estuvo al frente de la estrategia de seguridad de Calder\u00f3n dijo que &#8221;hay registros oficiales en M\u00e9xico y Estados Unidos de los contactos entre el presidente L\u00f3pez Obrador y sus operadores con los l\u00edderes del narcotr\u00e1fico y sus familias&#8221;.<\/p>\n\n\n\n<p>El presunto v\u00ednculo oficial con narcos, asegur\u00f3 Garc\u00eda Luna, es con involucrados directos en el juicio en el que \u00e9l result\u00f3 culpable.<\/p>\n\n\n\n<p>&#8221;Los hechos son corroborados con la reciente captura del narcotraficante Ismael Zambada, la carta emitida por \u00e9l donde se\u00f1ala los v\u00ednculos del actual gobierno con \u00e9l y el narcotr\u00e1fico, la posici\u00f3n del gobierno de M\u00e9xico contra la captura del capo y el desmantelamiento del Poder Judicial&#8221;, indic\u00f3.<\/p>\n\n\n\n<p>El presidente Andr\u00e9s Manuel L\u00f3pez Obrador neg\u00f3 lo se\u00f1alado por el exfuncionario de Felipe Calder\u00f3n.&nbsp;<\/p>\n\n\n\n<p>MGarc\u00eda Luna cont\u00f3 que durante su tiempo en prisi\u00f3n, ha sido testigo de homicidios, apu\u00f1alamientos y amenazas contra su integridad. &#8221;En dos ocasiones me asignaron compa\u00f1eros que me grabaron m\u00e1s de dos mil horas, tratando de involucrarme con el narcotr\u00e1fico o alg\u00fan delito&#8221;, relat\u00f3.<\/p>\n\n\n\n<p>En agosto, el juez instructor del caso del exsecretario de Seguridad Genaro Garc\u00eda Luna, declarado culpable de narcotr\u00e1fico en Estados Unidos, deneg\u00f3 su solicitud de realizar un nuevo juicio.<\/p>\n\n\n\n<p>La solicitud del exfuncionario mexicano, el de mayor rango que se ha sentado en el banquillo de la justicia estadounidense, se basaba en el hallazgo de nuevas pruebas presuntamente exculpatorias recabadas por la defensa.<\/p>\n\n\n\n<p>Sin embargo, el juez Brian Cogan se\u00f1al\u00f3 que &#8220;ninguno de los argumentos son suficientes para un nuevo juicio&#8221; por lo que &#8220;deniega&#8221; el pedido presentado por los representantes de Garc\u00eda Luna.<\/p>\n\n\n\n<p>&#8220;Muchas de las &#8216;nuevas pruebas&#8217; consisten en hechos conocidos o accesibles para el acusado antes del juicio&#8221;, precis\u00f3 el documento, en el cual el juez desmonta cada alegaci\u00f3n de la defensa. Otras, &#8220;carecen de sustancia&#8221;, justific\u00f3.<\/p>\n\n\n\n<p>Tras ser pospuesto en varias ocasiones, el dictamen de la sentencia est\u00e1 previsto para el 9 de octubre pr\u00f3ximo.<\/p>\n\n\n\n<p>Garc\u00eda Luna, de 56 a\u00f1os, fue declarado culpable por un jurado popular en un tribunal de Nueva York, en febrero de 2023, con cinco cargos, entre estos tr\u00e1fico internacional de coca\u00edna.<\/p>\n\n\n\n<p>Garc\u00eda Luna podr\u00eda pasar el resto de su vida en la c\u00e1rcel.<\/p>\n\n\n\n<p>Seg\u00fan la fiscal\u00eda neoyorquina, Garc\u00eda Luna protegi\u00f3 al Cartel de Sinaloa liderado por Joaqu\u00edn &#8216;Chapo&#8217; Guzm\u00e1n, condenado a cadena perpetua en Estados Unidos, a cambio de millonarios sobornos para poder enviar droga al pa\u00eds vecino.<\/p>\n\n\n\n<p>Residente en Estados Unidos desde que sali\u00f3 del gobierno mexicano en 2012, Garc\u00eda Luna fue detenido en Dallas, Texas, en diciembre de 2019.<\/p>\n\n\n\n<p>Otro de los fundadores del Cartel de Sinaloa, Ismael &#8220;El Mayo&#8221; Zambada, de 76 a\u00f1os, fue detenido en Estados Unidos el pasado 25 de julio cuando aterriz\u00f3 en un avi\u00f3n privado en un aer\u00f3dromo en la localidad de El Paso, Texas.<\/p>\n\n\n\n<p>En el avi\u00f3n viajaba Joaqu\u00edn Guzm\u00e1n L\u00f3pez, hijo de &#8220;El Chapo&#8221;, tambi\u00e9n detenido en el operativo.<\/p>\n\n\n\n<p>El gobierno de M\u00e9xico tambi\u00e9n solicit\u00f3 a Estados Unidos la extradici\u00f3n de Garc\u00eda Luna por malversaci\u00f3n de fondos p\u00fablicos.<\/p>\n","protected":false},"excerpt":{"rendered":"<p>Genaro Garc\u00eda Luna recibir\u00e1 su sentencia el pr\u00f3ximo 9 de octubre, luego de ser hallado culpable de narcotr\u00e1fico en los Estados Unidos La Fiscal\u00eda de Estados Unidos pidi\u00f3 la&nbsp;cadena perpetua para Genaro Garc\u00eda Luna, secretario de Seguridad P\u00fablica en el sexenio de Felipe Calder\u00f3n Hinojosa, por haber colaborado con el C\u00e1rtel de Sinaloa. El fiscal [&hellip;]<\/p>\n","protected":false},"author":12,"featured_media":91569,"comment_status":"closed","ping_status":"open","sticky":false,"template":"","format":"standard","meta":{"tdm_status":"","tdm_grid_status":"","footnotes":""},"categories":[39],"tags":[],"class_list":{"0":"post-91570","1":"post","2":"type-post","3":"status-publish","4":"format-standard","5":"has-post-thumbnail","7":"category-noticias-nacionales"},"yoast_head":"<!-- This site is optimized with the Yoast SEO plugin v27.5 - https:\/\/yoast.com\/product\/yoast-seo-wordpress\/ -->\n<title>Fiscal\u00eda de EU pide cadena perpetua y multa de 5 MDD para Garc\u00eda Luna - Fuentes Fidedignas<\/title>\n<meta name=\"robots\" content=\"index, follow, max-snippet:-1, max-image-preview:large, max-video-preview:-1\" \/>\n<link rel=\"canonical\" href=\"https:\/\/fuentesfidedignas.com.mx\/index.php\/2024\/09\/19\/fiscalia-de-eu-pide-cadena-perpetua-y-multa-de-5-mdd-para-garcia-luna\/\" \/>\n<meta property=\"og:locale\" content=\"es_MX\" \/>\n<meta property=\"og:type\" content=\"article\" \/>\n<meta property=\"og:title\" content=\"Fiscal\u00eda de EU pide cadena perpetua y multa de 5 MDD para Garc\u00eda Luna - Fuentes Fidedignas\" \/>\n<meta property=\"og:description\" content=\"Genaro Garc\u00eda Luna recibir\u00e1 su sentencia el pr\u00f3ximo 9 de octubre, luego de ser hallado culpable de narcotr\u00e1fico en los Estados Unidos La Fiscal\u00eda de Estados Unidos pidi\u00f3 la&nbsp;cadena perpetua para Genaro Garc\u00eda Luna, secretario de Seguridad P\u00fablica en el sexenio de Felipe Calder\u00f3n Hinojosa, por haber colaborado con el C\u00e1rtel de Sinaloa. El fiscal [&hellip;]\" \/>\n<meta property=\"og:url\" content=\"https:\/\/fuentesfidedignas.com.mx\/index.php\/2024\/09\/19\/fiscalia-de-eu-pide-cadena-perpetua-y-multa-de-5-mdd-para-garcia-luna\/\" \/>\n<meta property=\"og:site_name\" content=\"Fuentes Fidedignas\" \/>\n<meta property=\"article:publisher\" content=\"https:\/\/www.facebook.com\/Fuentes-Fidedignas-368234489921644\" \/>\n<meta property=\"article:published_time\" content=\"2024-09-19T22:21:00+00:00\" \/>\n<meta property=\"og:image\" content=\"https:\/\/fuentesfidedignas.com.mx\/wp-content\/uploads\/2024\/09\/img_8947.jpg\" \/>\n\t<meta property=\"og:image:width\" content=\"600\" \/>\n\t<meta property=\"og:image:height\" content=\"338\" \/>\n\t<meta property=\"og:image:type\" content=\"image\/jpeg\" \/>\n<meta name=\"author\" content=\"AFP\" \/>\n<meta name=\"twitter:card\" content=\"summary_large_image\" \/>\n<meta name=\"twitter:creator\" content=\"@fidedignas\" \/>\n<meta name=\"twitter:site\" content=\"@fidedignas\" \/>\n<meta name=\"twitter:label1\" content=\"Escrito por\" \/>\n\t<meta name=\"twitter:data1\" content=\"AFP\" \/>\n\t<meta name=\"twitter:label2\" content=\"Tiempo de lectura\" \/>\n\t<meta name=\"twitter:data2\" content=\"5 minutos\" \/>\n<script type=\"application\/ld+json\" class=\"yoast-schema-graph\">{\"@context\":\"https:\\\/\\\/schema.org\",\"@graph\":[{\"@type\":\"Article\",\"@id\":\"https:\\\/\\\/fuentesfidedignas.com.mx\\\/index.php\\\/2024\\\/09\\\/19\\\/fiscalia-de-eu-pide-cadena-perpetua-y-multa-de-5-mdd-para-garcia-luna\\\/#article\",\"isPartOf\":{\"@id\":\"https:\\\/\\\/fuentesfidedignas.com.mx\\\/index.php\\\/2024\\\/09\\\/19\\\/fiscalia-de-eu-pide-cadena-perpetua-y-multa-de-5-mdd-para-garcia-luna\\\/\"},\"author\":{\"name\":\"AFP\",\"@id\":\"https:\\\/\\\/fuentesfidedignas.com.mx\\\/#\\\/schema\\\/person\\\/1827b38c6cf89e1d6cc7d78ca3fae732\"},\"headline\":\"Fiscal\u00eda de EU pide cadena perpetua y multa de 5 MDD para Garc\u00eda Luna\",\"datePublished\":\"2024-09-19T22:21:00+00:00\",\"mainEntityOfPage\":{\"@id\":\"https:\\\/\\\/fuentesfidedignas.com.mx\\\/index.php\\\/2024\\\/09\\\/19\\\/fiscalia-de-eu-pide-cadena-perpetua-y-multa-de-5-mdd-para-garcia-luna\\\/\"},\"wordCount\":1038,\"publisher\":{\"@id\":\"https:\\\/\\\/fuentesfidedignas.com.mx\\\/#organization\"},\"image\":{\"@id\":\"https:\\\/\\\/fuentesfidedignas.com.mx\\\/index.php\\\/2024\\\/09\\\/19\\\/fiscalia-de-eu-pide-cadena-perpetua-y-multa-de-5-mdd-para-garcia-luna\\\/#primaryimage\"},\"thumbnailUrl\":\"https:\\\/\\\/fuentesfidedignas.com.mx\\\/wp-content\\\/uploads\\\/2024\\\/09\\\/img_8947.jpg\",\"articleSection\":[\"NOTICIAS NACIONALES\"],\"inLanguage\":\"es\"},{\"@type\":\"WebPage\",\"@id\":\"https:\\\/\\\/fuentesfidedignas.com.mx\\\/index.php\\\/2024\\\/09\\\/19\\\/fiscalia-de-eu-pide-cadena-perpetua-y-multa-de-5-mdd-para-garcia-luna\\\/\",\"url\":\"https:\\\/\\\/fuentesfidedignas.com.mx\\\/index.php\\\/2024\\\/09\\\/19\\\/fiscalia-de-eu-pide-cadena-perpetua-y-multa-de-5-mdd-para-garcia-luna\\\/\",\"name\":\"Fiscal\u00eda de EU pide cadena perpetua y multa de 5 MDD para Garc\u00eda Luna - Fuentes Fidedignas\",\"isPartOf\":{\"@id\":\"https:\\\/\\\/fuentesfidedignas.com.mx\\\/#website\"},\"primaryImageOfPage\":{\"@id\":\"https:\\\/\\\/fuentesfidedignas.com.mx\\\/index.php\\\/2024\\\/09\\\/19\\\/fiscalia-de-eu-pide-cadena-perpetua-y-multa-de-5-mdd-para-garcia-luna\\\/#primaryimage\"},\"image\":{\"@id\":\"https:\\\/\\\/fuentesfidedignas.com.mx\\\/index.php\\\/2024\\\/09\\\/19\\\/fiscalia-de-eu-pide-cadena-perpetua-y-multa-de-5-mdd-para-garcia-luna\\\/#primaryimage\"},\"thumbnailUrl\":\"https:\\\/\\\/fuentesfidedignas.com.mx\\\/wp-content\\\/uploads\\\/2024\\\/09\\\/img_8947.jpg\",\"datePublished\":\"2024-09-19T22:21:00+00:00\",\"breadcrumb\":{\"@id\":\"https:\\\/\\\/fuentesfidedignas.com.mx\\\/index.php\\\/2024\\\/09\\\/19\\\/fiscalia-de-eu-pide-cadena-perpetua-y-multa-de-5-mdd-para-garcia-luna\\\/#breadcrumb\"},\"inLanguage\":\"es\",\"potentialAction\":[{\"@type\":\"ReadAction\",\"target\":[\"https:\\\/\\\/fuentesfidedignas.com.mx\\\/index.php\\\/2024\\\/09\\\/19\\\/fiscalia-de-eu-pide-cadena-perpetua-y-multa-de-5-mdd-para-garcia-luna\\\/\"]}]},{\"@type\":\"ImageObject\",\"inLanguage\":\"es\",\"@id\":\"https:\\\/\\\/fuentesfidedignas.com.mx\\\/index.php\\\/2024\\\/09\\\/19\\\/fiscalia-de-eu-pide-cadena-perpetua-y-multa-de-5-mdd-para-garcia-luna\\\/#primaryimage\",\"url\":\"https:\\\/\\\/fuentesfidedignas.com.mx\\\/wp-content\\\/uploads\\\/2024\\\/09\\\/img_8947.jpg\",\"contentUrl\":\"https:\\\/\\\/fuentesfidedignas.com.mx\\\/wp-content\\\/uploads\\\/2024\\\/09\\\/img_8947.jpg\",\"width\":600,\"height\":338},{\"@type\":\"BreadcrumbList\",\"@id\":\"https:\\\/\\\/fuentesfidedignas.com.mx\\\/index.php\\\/2024\\\/09\\\/19\\\/fiscalia-de-eu-pide-cadena-perpetua-y-multa-de-5-mdd-para-garcia-luna\\\/#breadcrumb\",\"itemListElement\":[{\"@type\":\"ListItem\",\"position\":1,\"name\":\"Inicio\",\"item\":\"https:\\\/\\\/fuentesfidedignas.com.mx\\\/\"},{\"@type\":\"ListItem\",\"position\":2,\"name\":\"Fiscal\u00eda de EU pide cadena perpetua y multa de 5 MDD para Garc\u00eda Luna\"}]},{\"@type\":\"WebSite\",\"@id\":\"https:\\\/\\\/fuentesfidedignas.com.mx\\\/#website\",\"url\":\"https:\\\/\\\/fuentesfidedignas.com.mx\\\/\",\"name\":\"Fuentes Fidedignas\",\"description\":\"Otro sitio realizado con WordPress\",\"publisher\":{\"@id\":\"https:\\\/\\\/fuentesfidedignas.com.mx\\\/#organization\"},\"potentialAction\":[{\"@type\":\"SearchAction\",\"target\":{\"@type\":\"EntryPoint\",\"urlTemplate\":\"https:\\\/\\\/fuentesfidedignas.com.mx\\\/?s={search_term_string}\"},\"query-input\":{\"@type\":\"PropertyValueSpecification\",\"valueRequired\":true,\"valueName\":\"search_term_string\"}}],\"inLanguage\":\"es\"},{\"@type\":\"Organization\",\"@id\":\"https:\\\/\\\/fuentesfidedignas.com.mx\\\/#organization\",\"name\":\"Fuentes Fidedignas\",\"url\":\"https:\\\/\\\/fuentesfidedignas.com.mx\\\/\",\"logo\":{\"@type\":\"ImageObject\",\"inLanguage\":\"es\",\"@id\":\"https:\\\/\\\/fuentesfidedignas.com.mx\\\/#\\\/schema\\\/logo\\\/image\\\/\",\"url\":\"https:\\\/\\\/fuentesfidedignas.com.mx\\\/wp-content\\\/uploads\\\/2021\\\/04\\\/logo-retina.png\",\"contentUrl\":\"https:\\\/\\\/fuentesfidedignas.com.mx\\\/wp-content\\\/uploads\\\/2021\\\/04\\\/logo-retina.png\",\"width\":280,\"height\":51,\"caption\":\"Fuentes Fidedignas\"},\"image\":{\"@id\":\"https:\\\/\\\/fuentesfidedignas.com.mx\\\/#\\\/schema\\\/logo\\\/image\\\/\"},\"sameAs\":[\"https:\\\/\\\/www.facebook.com\\\/Fuentes-Fidedignas-368234489921644\",\"https:\\\/\\\/x.com\\\/fidedignas\"]},{\"@type\":\"Person\",\"@id\":\"https:\\\/\\\/fuentesfidedignas.com.mx\\\/#\\\/schema\\\/person\\\/1827b38c6cf89e1d6cc7d78ca3fae732\",\"name\":\"AFP\",\"image\":{\"@type\":\"ImageObject\",\"inLanguage\":\"es\",\"@id\":\"https:\\\/\\\/secure.gravatar.com\\\/avatar\\\/236827d2ee9bf15e1ea99e0c1cd1b467cffa55e324d177638d0f8de7950cbae6?s=96&d=mm&r=g\",\"url\":\"https:\\\/\\\/secure.gravatar.com\\\/avatar\\\/236827d2ee9bf15e1ea99e0c1cd1b467cffa55e324d177638d0f8de7950cbae6?s=96&d=mm&r=g\",\"contentUrl\":\"https:\\\/\\\/secure.gravatar.com\\\/avatar\\\/236827d2ee9bf15e1ea99e0c1cd1b467cffa55e324d177638d0f8de7950cbae6?s=96&d=mm&r=g\",\"caption\":\"AFP\"},\"url\":\"https:\\\/\\\/fuentesfidedignas.com.mx\\\/index.php\\\/author\\\/afp\\\/\"}]}<\/script>\n<!-- \/ Yoast SEO plugin. -->","yoast_head_json":{"title":"Fiscal\u00eda de EU pide cadena perpetua y multa de 5 MDD para Garc\u00eda Luna - Fuentes Fidedignas","robots":{"index":"index","follow":"follow","max-snippet":"max-snippet:-1","max-image-preview":"max-image-preview:large","max-video-preview":"max-video-preview:-1"},"canonical":"https:\/\/fuentesfidedignas.com.mx\/index.php\/2024\/09\/19\/fiscalia-de-eu-pide-cadena-perpetua-y-multa-de-5-mdd-para-garcia-luna\/","og_locale":"es_MX","og_type":"article","og_title":"Fiscal\u00eda de EU pide cadena perpetua y multa de 5 MDD para Garc\u00eda Luna - Fuentes Fidedignas","og_description":"Genaro Garc\u00eda Luna recibir\u00e1 su sentencia el pr\u00f3ximo 9 de octubre, luego de ser hallado culpable de narcotr\u00e1fico en los Estados Unidos La Fiscal\u00eda de Estados Unidos pidi\u00f3 la&nbsp;cadena perpetua para Genaro Garc\u00eda Luna, secretario de Seguridad P\u00fablica en el sexenio de Felipe Calder\u00f3n Hinojosa, por haber colaborado con el C\u00e1rtel de Sinaloa. El fiscal [&hellip;]","og_url":"https:\/\/fuentesfidedignas.com.mx\/index.php\/2024\/09\/19\/fiscalia-de-eu-pide-cadena-perpetua-y-multa-de-5-mdd-para-garcia-luna\/","og_site_name":"Fuentes Fidedignas","article_publisher":"https:\/\/www.facebook.com\/Fuentes-Fidedignas-368234489921644","article_published_time":"2024-09-19T22:21:00+00:00","og_image":[{"width":600,"height":338,"url":"https:\/\/fuentesfidedignas.com.mx\/wp-content\/uploads\/2024\/09\/img_8947.jpg","type":"image\/jpeg"}],"author":"AFP","twitter_card":"summary_large_image","twitter_creator":"@fidedignas","twitter_site":"@fidedignas","twitter_misc":{"Escrito por":"AFP","Tiempo de lectura":"5 minutos"},"schema":{"@context":"https:\/\/schema.org","@graph":[{"@type":"Article","@id":"https:\/\/fuentesfidedignas.com.mx\/index.php\/2024\/09\/19\/fiscalia-de-eu-pide-cadena-perpetua-y-multa-de-5-mdd-para-garcia-luna\/#article","isPartOf":{"@id":"https:\/\/fuentesfidedignas.com.mx\/index.php\/2024\/09\/19\/fiscalia-de-eu-pide-cadena-perpetua-y-multa-de-5-mdd-para-garcia-luna\/"},"author":{"name":"AFP","@id":"https:\/\/fuentesfidedignas.com.mx\/#\/schema\/person\/1827b38c6cf89e1d6cc7d78ca3fae732"},"headline":"Fiscal\u00eda de EU pide cadena perpetua y multa de 5 MDD para Garc\u00eda Luna","datePublished":"2024-09-19T22:21:00+00:00","mainEntityOfPage":{"@id":"https:\/\/fuentesfidedignas.com.mx\/index.php\/2024\/09\/19\/fiscalia-de-eu-pide-cadena-perpetua-y-multa-de-5-mdd-para-garcia-luna\/"},"wordCount":1038,"publisher":{"@id":"https:\/\/fuentesfidedignas.com.mx\/#organization"},"image":{"@id":"https:\/\/fuentesfidedignas.com.mx\/index.php\/2024\/09\/19\/fiscalia-de-eu-pide-cadena-perpetua-y-multa-de-5-mdd-para-garcia-luna\/#primaryimage"},"thumbnailUrl":"https:\/\/fuentesfidedignas.com.mx\/wp-content\/uploads\/2024\/09\/img_8947.jpg","articleSection":["NOTICIAS NACIONALES"],"inLanguage":"es"},{"@type":"WebPage","@id":"https:\/\/fuentesfidedignas.com.mx\/index.php\/2024\/09\/19\/fiscalia-de-eu-pide-cadena-perpetua-y-multa-de-5-mdd-para-garcia-luna\/","url":"https:\/\/fuentesfidedignas.com.mx\/index.php\/2024\/09\/19\/fiscalia-de-eu-pide-cadena-perpetua-y-multa-de-5-mdd-para-garcia-luna\/","name":"Fiscal\u00eda de EU pide cadena perpetua y multa de 5 MDD para Garc\u00eda Luna - Fuentes Fidedignas","isPartOf":{"@id":"https:\/\/fuentesfidedignas.com.mx\/#website"},"primaryImageOfPage":{"@id":"https:\/\/fuentesfidedignas.com.mx\/index.php\/2024\/09\/19\/fiscalia-de-eu-pide-cadena-perpetua-y-multa-de-5-mdd-para-garcia-luna\/#primaryimage"},"image":{"@id":"https:\/\/fuentesfidedignas.com.mx\/index.php\/2024\/09\/19\/fiscalia-de-eu-pide-cadena-perpetua-y-multa-de-5-mdd-para-garcia-luna\/#primaryimage"},"thumbnailUrl":"https:\/\/fuentesfidedignas.com.mx\/wp-content\/uploads\/2024\/09\/img_8947.jpg","datePublished":"2024-09-19T22:21:00+00:00","breadcrumb":{"@id":"https:\/\/fuentesfidedignas.com.mx\/index.php\/2024\/09\/19\/fiscalia-de-eu-pide-cadena-perpetua-y-multa-de-5-mdd-para-garcia-luna\/#breadcrumb"},"inLanguage":"es","potentialAction":[{"@type":"ReadAction","target":["https:\/\/fuentesfidedignas.com.mx\/index.php\/2024\/09\/19\/fiscalia-de-eu-pide-cadena-perpetua-y-multa-de-5-mdd-para-garcia-luna\/"]}]},{"@type":"ImageObject","inLanguage":"es","@id":"https:\/\/fuentesfidedignas.com.mx\/index.php\/2024\/09\/19\/fiscalia-de-eu-pide-cadena-perpetua-y-multa-de-5-mdd-para-garcia-luna\/#primaryimage","url":"https:\/\/fuentesfidedignas.com.mx\/wp-content\/uploads\/2024\/09\/img_8947.jpg","contentUrl":"https:\/\/fuentesfidedignas.com.mx\/wp-content\/uploads\/2024\/09\/img_8947.jpg","width":600,"height":338},{"@type":"BreadcrumbList","@id":"https:\/\/fuentesfidedignas.com.mx\/index.php\/2024\/09\/19\/fiscalia-de-eu-pide-cadena-perpetua-y-multa-de-5-mdd-para-garcia-luna\/#breadcrumb","itemListElement":[{"@type":"ListItem","position":1,"name":"Inicio","item":"https:\/\/fuentesfidedignas.com.mx\/"},{"@type":"ListItem","position":2,"name":"Fiscal\u00eda de EU pide cadena perpetua y multa de 5 MDD para Garc\u00eda Luna"}]},{"@type":"WebSite","@id":"https:\/\/fuentesfidedignas.com.mx\/#website","url":"https:\/\/fuentesfidedignas.com.mx\/","name":"Fuentes Fidedignas","description":"Otro sitio realizado con WordPress","publisher":{"@id":"https:\/\/fuentesfidedignas.com.mx\/#organization"},"potentialAction":[{"@type":"SearchAction","target":{"@type":"EntryPoint","urlTemplate":"https:\/\/fuentesfidedignas.com.mx\/?s={search_term_string}"},"query-input":{"@type":"PropertyValueSpecification","valueRequired":true,"valueName":"search_term_string"}}],"inLanguage":"es"},{"@type":"Organization","@id":"https:\/\/fuentesfidedignas.com.mx\/#organization","name":"Fuentes Fidedignas","url":"https:\/\/fuentesfidedignas.com.mx\/","logo":{"@type":"ImageObject","inLanguage":"es","@id":"https:\/\/fuentesfidedignas.com.mx\/#\/schema\/logo\/image\/","url":"https:\/\/fuentesfidedignas.com.mx\/wp-content\/uploads\/2021\/04\/logo-retina.png","contentUrl":"https:\/\/fuentesfidedignas.com.mx\/wp-content\/uploads\/2021\/04\/logo-retina.png","width":280,"height":51,"caption":"Fuentes Fidedignas"},"image":{"@id":"https:\/\/fuentesfidedignas.com.mx\/#\/schema\/logo\/image\/"},"sameAs":["https:\/\/www.facebook.com\/Fuentes-Fidedignas-368234489921644","https:\/\/x.com\/fidedignas"]},{"@type":"Person","@id":"https:\/\/fuentesfidedignas.com.mx\/#\/schema\/person\/1827b38c6cf89e1d6cc7d78ca3fae732","name":"AFP","image":{"@type":"ImageObject","inLanguage":"es","@id":"https:\/\/secure.gravatar.com\/avatar\/236827d2ee9bf15e1ea99e0c1cd1b467cffa55e324d177638d0f8de7950cbae6?s=96&d=mm&r=g","url":"https:\/\/secure.gravatar.com\/avatar\/236827d2ee9bf15e1ea99e0c1cd1b467cffa55e324d177638d0f8de7950cbae6?s=96&d=mm&r=g","contentUrl":"https:\/\/secure.gravatar.com\/avatar\/236827d2ee9bf15e1ea99e0c1cd1b467cffa55e324d177638d0f8de7950cbae6?s=96&d=mm&r=g","caption":"AFP"},"url":"https:\/\/fuentesfidedignas.com.mx\/index.php\/author\/afp\/"}]}},"_links":{"self":[{"href":"https:\/\/fuentesfidedignas.com.mx\/index.php\/wp-json\/wp\/v2\/posts\/91570","targetHints":{"allow":["GET"]}}],"collection":[{"href":"https:\/\/fuentesfidedignas.com.mx\/index.php\/wp-json\/wp\/v2\/posts"}],"about":[{"href":"https:\/\/fuentesfidedignas.com.mx\/index.php\/wp-json\/wp\/v2\/types\/post"}],"author":[{"embeddable":true,"href":"https:\/\/fuentesfidedignas.com.mx\/index.php\/wp-json\/wp\/v2\/users\/12"}],"replies":[{"embeddable":true,"href":"https:\/\/fuentesfidedignas.com.mx\/index.php\/wp-json\/wp\/v2\/comments?post=91570"}],"version-history":[{"count":1,"href":"https:\/\/fuentesfidedignas.com.mx\/index.php\/wp-json\/wp\/v2\/posts\/91570\/revisions"}],"predecessor-version":[{"id":91571,"href":"https:\/\/fuentesfidedignas.com.mx\/index.php\/wp-json\/wp\/v2\/posts\/91570\/revisions\/91571"}],"wp:featuredmedia":[{"embeddable":true,"href":"https:\/\/fuentesfidedignas.com.mx\/index.php\/wp-json\/wp\/v2\/media\/91569"}],"wp:attachment":[{"href":"https:\/\/fuentesfidedignas.com.mx\/index.php\/wp-json\/wp\/v2\/media?parent=91570"}],"wp:term":[{"taxonomy":"category","embeddable":true,"href":"https:\/\/fuentesfidedignas.com.mx\/index.php\/wp-json\/wp\/v2\/categories?post=91570"},{"taxonomy":"post_tag","embeddable":true,"href":"https:\/\/fuentesfidedignas.com.mx\/index.php\/wp-json\/wp\/v2\/tags?post=91570"}],"curies":[{"name":"wp","href":"https:\/\/api.w.org\/{rel}","templated":true}]}}