{"id":9153,"date":"2021-08-06T14:13:06","date_gmt":"2021-08-06T21:13:06","guid":{"rendered":"https:\/\/fuentesfidedignas.com.mx\/?p=9153"},"modified":"2021-08-06T14:13:53","modified_gmt":"2021-08-06T21:13:53","slug":"regreso-a-clases-sera-opcional-reitera-amlo","status":"publish","type":"post","link":"https:\/\/fuentesfidedignas.com.mx\/index.php\/2021\/08\/06\/regreso-a-clases-sera-opcional-reitera-amlo\/","title":{"rendered":"Regreso a clases ser\u00e1 \u201copcional\u201d, reitera AMLO"},"content":{"rendered":"\n<p><strong><em>Obrador declar\u00f3 que el regreso a clases ser\u00e1 opcional, aunque convencer\u00e1n a los padres de que manden a sus hijos a la escuela<\/em><\/strong><\/p>\n\n\n\n<p>Baja California.- El presidente Andr\u00e9s Manuel L\u00f3pez Obrador dej\u00f3 en claro que el regreso a clases en agosto pr\u00f3ximo ser\u00e1 opcional, aunque asever\u00f3 que ya es necesario ni\u00f1os y j\u00f3venes vuelvan a las aulas.<\/p>\n\n\n\n<p>Es opcional (regreso a clases)aunque vamos nosotros a convencer y a persuadir de que hace falta, y es opcional porque el que no quiera llevar a sus hijos a la escuela es libre, ah\u00ed poco a poco se va a ir regularizando, pero tenemos que iniciar el ciclo escolar\u201d, puntualiz\u00f3.<\/p>\n\n\n\n<p>Desde Baja California Sur, L\u00f3pez Obrador enfatiz\u00f3 que la educaci\u00f3n ser\u00e1 declarada actividad \u201cs\u00faper esencial\u201d, por lo que no se puede tener a ni\u00f1os y j\u00f3venes encerradas en sus casas sin clases presenciales.<\/p>\n\n\n\n<p>S\u00ed desde luego, s\u00faper esencial (la educaci\u00f3n), es b\u00e1sica, fundamental. La verdad es que ya no podemos tener a las ni\u00f1os encerrados o dependiendo por entero del Nintendo, eso es de veras muy t\u00f3xico, se\u00f1al\u00f3.<\/p>\n\n\n\n<p>\u201cEs muy enajenante estar recibIendo todo eso Bombardeo de informaci\u00f3n, mucha violencia en los juegos, pero sobre todo, est\u00e1n ensimismados, y el ser humano no Puede vivir as\u00ed, somos eminentemente sociales, tenemos qu\u00e9 convivir con otros y eso se logra en la escuela\u201d, expuso.<\/p>\n\n\n\n<p>El Gobierno de M\u00e9xico inform\u00f3 este jueves que durante el pr\u00f3ximo ciclo escolar que comenzar\u00e1 a finales de agosto habr\u00e1 clases presenciales aunque el sem\u00e1foro epid\u00e9mico est\u00e9 en color rojo (m\u00e1ximo riesgo).<\/p>\n\n\n\n<p>Durante una reuni\u00f3n virtual con gobernadores y autoridades estatales, el subsecretario de Salud de M\u00e9xico y estratega contra la pandemia, Hugo L\u00f3pez-Gatell, explic\u00f3 que el sector educativo ser\u00e1 considerado como una actividad esencial y sin restricciones.<\/p>\n\n\n\n<p>Esa connotaci\u00f3n va a tener, es una actividad esencial, de modo que no est\u00e9 sujeta a restricciones, aun cuando tengamos el sem\u00e1foro rojo\u201d, dijo Gatell Ram\u00edrez en un comunicado sobre la reuni\u00f3n.<\/p>\n\n\n\n<p>Explic\u00f3 que por ahora las secretar\u00edas de Educaci\u00f3n P\u00fablica y de Salud trabajan de forma coordinada para revisar la evidencia cient\u00edfica y t\u00e9cnica \u201csobre las mejores pr\u00e1cticas para garantizar el regreso seguro a clases presenciales y hasta el momento no existe demostraci\u00f3n clara de que con la apertura de escuelas se registren grandes brotes de contagios\u201d.<\/p>\n","protected":false},"excerpt":{"rendered":"<p>Obrador declar\u00f3 que el regreso a clases ser\u00e1 opcional, aunque convencer\u00e1n a los padres de que manden a sus hijos a la escuela Baja California.- El presidente Andr\u00e9s Manuel L\u00f3pez Obrador dej\u00f3 en claro que el regreso a clases en agosto pr\u00f3ximo ser\u00e1 opcional, aunque asever\u00f3 que ya es necesario ni\u00f1os y j\u00f3venes vuelvan a [&hellip;]<\/p>\n","protected":false},"author":14,"featured_media":9154,"comment_status":"open","ping_status":"open","sticky":false,"template":"","format":"standard","meta":{"tdm_status":"","tdm_grid_status":"","footnotes":""},"categories":[37],"tags":[],"class_list":{"0":"post-9153","1":"post","2":"type-post","3":"status-publish","4":"format-standard","5":"has-post-thumbnail","7":"category-nota-principal"},"yoast_head":"<!-- This site is optimized with the Yoast SEO plugin v27.4 - https:\/\/yoast.com\/product\/yoast-seo-wordpress\/ -->\n<title>Regreso a clases ser\u00e1 \u201copcional\u201d, reitera AMLO - Fuentes Fidedignas<\/title>\n<meta name=\"robots\" content=\"index, follow, max-snippet:-1, max-image-preview:large, max-video-preview:-1\" \/>\n<link rel=\"canonical\" href=\"https:\/\/fuentesfidedignas.com.mx\/index.php\/2021\/08\/06\/regreso-a-clases-sera-opcional-reitera-amlo\/\" \/>\n<meta property=\"og:locale\" content=\"es_MX\" \/>\n<meta property=\"og:type\" content=\"article\" \/>\n<meta property=\"og:title\" content=\"Regreso a clases ser\u00e1 \u201copcional\u201d, reitera AMLO - Fuentes Fidedignas\" \/>\n<meta property=\"og:description\" content=\"Obrador declar\u00f3 que el regreso a clases ser\u00e1 opcional, aunque convencer\u00e1n a los padres de que manden a sus hijos a la escuela Baja California.- El presidente Andr\u00e9s Manuel L\u00f3pez Obrador dej\u00f3 en claro que el regreso a clases en agosto pr\u00f3ximo ser\u00e1 opcional, aunque asever\u00f3 que ya es necesario ni\u00f1os y j\u00f3venes vuelvan a [&hellip;]\" \/>\n<meta property=\"og:url\" content=\"https:\/\/fuentesfidedignas.com.mx\/index.php\/2021\/08\/06\/regreso-a-clases-sera-opcional-reitera-amlo\/\" \/>\n<meta property=\"og:site_name\" content=\"Fuentes Fidedignas\" \/>\n<meta property=\"article:publisher\" content=\"https:\/\/www.facebook.com\/Fuentes-Fidedignas-368234489921644\" \/>\n<meta property=\"article:published_time\" content=\"2021-08-06T21:13:06+00:00\" \/>\n<meta property=\"article:modified_time\" content=\"2021-08-06T21:13:53+00:00\" \/>\n<meta property=\"og:image\" content=\"https:\/\/fuentesfidedignas.com.mx\/wp-content\/uploads\/2021\/08\/CLASES_COVIF.jpg\" \/>\n\t<meta property=\"og:image:width\" content=\"980\" \/>\n\t<meta property=\"og:image:height\" content=\"558\" \/>\n\t<meta property=\"og:image:type\" content=\"image\/jpeg\" \/>\n<meta name=\"author\" content=\"Vanguardia\" \/>\n<meta name=\"twitter:card\" content=\"summary_large_image\" \/>\n<meta name=\"twitter:creator\" content=\"@fidedignas\" \/>\n<meta name=\"twitter:site\" content=\"@fidedignas\" \/>\n<meta name=\"twitter:label1\" content=\"Escrito por\" \/>\n\t<meta name=\"twitter:data1\" content=\"Vanguardia\" \/>\n\t<meta name=\"twitter:label2\" content=\"Tiempo de lectura\" \/>\n\t<meta name=\"twitter:data2\" content=\"2 minutos\" \/>\n<script type=\"application\/ld+json\" class=\"yoast-schema-graph\">{\"@context\":\"https:\\\/\\\/schema.org\",\"@graph\":[{\"@type\":\"Article\",\"@id\":\"https:\\\/\\\/fuentesfidedignas.com.mx\\\/index.php\\\/2021\\\/08\\\/06\\\/regreso-a-clases-sera-opcional-reitera-amlo\\\/#article\",\"isPartOf\":{\"@id\":\"https:\\\/\\\/fuentesfidedignas.com.mx\\\/index.php\\\/2021\\\/08\\\/06\\\/regreso-a-clases-sera-opcional-reitera-amlo\\\/\"},\"author\":{\"name\":\"Vanguardia\",\"@id\":\"https:\\\/\\\/fuentesfidedignas.com.mx\\\/#\\\/schema\\\/person\\\/bce747fb6a0b0feefab1e3e7c4e84d2b\"},\"headline\":\"Regreso a clases ser\u00e1 \u201copcional\u201d, reitera AMLO\",\"datePublished\":\"2021-08-06T21:13:06+00:00\",\"dateModified\":\"2021-08-06T21:13:53+00:00\",\"mainEntityOfPage\":{\"@id\":\"https:\\\/\\\/fuentesfidedignas.com.mx\\\/index.php\\\/2021\\\/08\\\/06\\\/regreso-a-clases-sera-opcional-reitera-amlo\\\/\"},\"wordCount\":422,\"commentCount\":0,\"publisher\":{\"@id\":\"https:\\\/\\\/fuentesfidedignas.com.mx\\\/#organization\"},\"image\":{\"@id\":\"https:\\\/\\\/fuentesfidedignas.com.mx\\\/index.php\\\/2021\\\/08\\\/06\\\/regreso-a-clases-sera-opcional-reitera-amlo\\\/#primaryimage\"},\"thumbnailUrl\":\"https:\\\/\\\/fuentesfidedignas.com.mx\\\/wp-content\\\/uploads\\\/2021\\\/08\\\/CLASES_COVIF.jpg\",\"articleSection\":[\"NOTA PRINCIPAL\"],\"inLanguage\":\"es\",\"potentialAction\":[{\"@type\":\"CommentAction\",\"name\":\"Comment\",\"target\":[\"https:\\\/\\\/fuentesfidedignas.com.mx\\\/index.php\\\/2021\\\/08\\\/06\\\/regreso-a-clases-sera-opcional-reitera-amlo\\\/#respond\"]}]},{\"@type\":\"WebPage\",\"@id\":\"https:\\\/\\\/fuentesfidedignas.com.mx\\\/index.php\\\/2021\\\/08\\\/06\\\/regreso-a-clases-sera-opcional-reitera-amlo\\\/\",\"url\":\"https:\\\/\\\/fuentesfidedignas.com.mx\\\/index.php\\\/2021\\\/08\\\/06\\\/regreso-a-clases-sera-opcional-reitera-amlo\\\/\",\"name\":\"Regreso a clases ser\u00e1 \u201copcional\u201d, reitera AMLO - Fuentes Fidedignas\",\"isPartOf\":{\"@id\":\"https:\\\/\\\/fuentesfidedignas.com.mx\\\/#website\"},\"primaryImageOfPage\":{\"@id\":\"https:\\\/\\\/fuentesfidedignas.com.mx\\\/index.php\\\/2021\\\/08\\\/06\\\/regreso-a-clases-sera-opcional-reitera-amlo\\\/#primaryimage\"},\"image\":{\"@id\":\"https:\\\/\\\/fuentesfidedignas.com.mx\\\/index.php\\\/2021\\\/08\\\/06\\\/regreso-a-clases-sera-opcional-reitera-amlo\\\/#primaryimage\"},\"thumbnailUrl\":\"https:\\\/\\\/fuentesfidedignas.com.mx\\\/wp-content\\\/uploads\\\/2021\\\/08\\\/CLASES_COVIF.jpg\",\"datePublished\":\"2021-08-06T21:13:06+00:00\",\"dateModified\":\"2021-08-06T21:13:53+00:00\",\"breadcrumb\":{\"@id\":\"https:\\\/\\\/fuentesfidedignas.com.mx\\\/index.php\\\/2021\\\/08\\\/06\\\/regreso-a-clases-sera-opcional-reitera-amlo\\\/#breadcrumb\"},\"inLanguage\":\"es\",\"potentialAction\":[{\"@type\":\"ReadAction\",\"target\":[\"https:\\\/\\\/fuentesfidedignas.com.mx\\\/index.php\\\/2021\\\/08\\\/06\\\/regreso-a-clases-sera-opcional-reitera-amlo\\\/\"]}]},{\"@type\":\"ImageObject\",\"inLanguage\":\"es\",\"@id\":\"https:\\\/\\\/fuentesfidedignas.com.mx\\\/index.php\\\/2021\\\/08\\\/06\\\/regreso-a-clases-sera-opcional-reitera-amlo\\\/#primaryimage\",\"url\":\"https:\\\/\\\/fuentesfidedignas.com.mx\\\/wp-content\\\/uploads\\\/2021\\\/08\\\/CLASES_COVIF.jpg\",\"contentUrl\":\"https:\\\/\\\/fuentesfidedignas.com.mx\\\/wp-content\\\/uploads\\\/2021\\\/08\\\/CLASES_COVIF.jpg\",\"width\":980,\"height\":558},{\"@type\":\"BreadcrumbList\",\"@id\":\"https:\\\/\\\/fuentesfidedignas.com.mx\\\/index.php\\\/2021\\\/08\\\/06\\\/regreso-a-clases-sera-opcional-reitera-amlo\\\/#breadcrumb\",\"itemListElement\":[{\"@type\":\"ListItem\",\"position\":1,\"name\":\"Inicio\",\"item\":\"https:\\\/\\\/fuentesfidedignas.com.mx\\\/\"},{\"@type\":\"ListItem\",\"position\":2,\"name\":\"Regreso a clases ser\u00e1 \u201copcional\u201d, reitera AMLO\"}]},{\"@type\":\"WebSite\",\"@id\":\"https:\\\/\\\/fuentesfidedignas.com.mx\\\/#website\",\"url\":\"https:\\\/\\\/fuentesfidedignas.com.mx\\\/\",\"name\":\"Fuentes Fidedignas\",\"description\":\"Otro sitio realizado con WordPress\",\"publisher\":{\"@id\":\"https:\\\/\\\/fuentesfidedignas.com.mx\\\/#organization\"},\"potentialAction\":[{\"@type\":\"SearchAction\",\"target\":{\"@type\":\"EntryPoint\",\"urlTemplate\":\"https:\\\/\\\/fuentesfidedignas.com.mx\\\/?s={search_term_string}\"},\"query-input\":{\"@type\":\"PropertyValueSpecification\",\"valueRequired\":true,\"valueName\":\"search_term_string\"}}],\"inLanguage\":\"es\"},{\"@type\":\"Organization\",\"@id\":\"https:\\\/\\\/fuentesfidedignas.com.mx\\\/#organization\",\"name\":\"Fuentes Fidedignas\",\"url\":\"https:\\\/\\\/fuentesfidedignas.com.mx\\\/\",\"logo\":{\"@type\":\"ImageObject\",\"inLanguage\":\"es\",\"@id\":\"https:\\\/\\\/fuentesfidedignas.com.mx\\\/#\\\/schema\\\/logo\\\/image\\\/\",\"url\":\"https:\\\/\\\/fuentesfidedignas.com.mx\\\/wp-content\\\/uploads\\\/2021\\\/04\\\/logo-retina.png\",\"contentUrl\":\"https:\\\/\\\/fuentesfidedignas.com.mx\\\/wp-content\\\/uploads\\\/2021\\\/04\\\/logo-retina.png\",\"width\":280,\"height\":51,\"caption\":\"Fuentes Fidedignas\"},\"image\":{\"@id\":\"https:\\\/\\\/fuentesfidedignas.com.mx\\\/#\\\/schema\\\/logo\\\/image\\\/\"},\"sameAs\":[\"https:\\\/\\\/www.facebook.com\\\/Fuentes-Fidedignas-368234489921644\",\"https:\\\/\\\/x.com\\\/fidedignas\"]},{\"@type\":\"Person\",\"@id\":\"https:\\\/\\\/fuentesfidedignas.com.mx\\\/#\\\/schema\\\/person\\\/bce747fb6a0b0feefab1e3e7c4e84d2b\",\"name\":\"Vanguardia\",\"image\":{\"@type\":\"ImageObject\",\"inLanguage\":\"es\",\"@id\":\"https:\\\/\\\/secure.gravatar.com\\\/avatar\\\/6d7e1e0fdcdef594fdfc9206070adafb95cd5cd9b47c113cb987d91ee74e35df?s=96&d=mm&r=g\",\"url\":\"https:\\\/\\\/secure.gravatar.com\\\/avatar\\\/6d7e1e0fdcdef594fdfc9206070adafb95cd5cd9b47c113cb987d91ee74e35df?s=96&d=mm&r=g\",\"contentUrl\":\"https:\\\/\\\/secure.gravatar.com\\\/avatar\\\/6d7e1e0fdcdef594fdfc9206070adafb95cd5cd9b47c113cb987d91ee74e35df?s=96&d=mm&r=g\",\"caption\":\"Vanguardia\"},\"url\":\"https:\\\/\\\/fuentesfidedignas.com.mx\\\/index.php\\\/author\\\/vanguardia\\\/\"}]}<\/script>\n<!-- \/ Yoast SEO plugin. -->","yoast_head_json":{"title":"Regreso a clases ser\u00e1 \u201copcional\u201d, reitera AMLO - Fuentes Fidedignas","robots":{"index":"index","follow":"follow","max-snippet":"max-snippet:-1","max-image-preview":"max-image-preview:large","max-video-preview":"max-video-preview:-1"},"canonical":"https:\/\/fuentesfidedignas.com.mx\/index.php\/2021\/08\/06\/regreso-a-clases-sera-opcional-reitera-amlo\/","og_locale":"es_MX","og_type":"article","og_title":"Regreso a clases ser\u00e1 \u201copcional\u201d, reitera AMLO - Fuentes Fidedignas","og_description":"Obrador declar\u00f3 que el regreso a clases ser\u00e1 opcional, aunque convencer\u00e1n a los padres de que manden a sus hijos a la escuela Baja California.- El presidente Andr\u00e9s Manuel L\u00f3pez Obrador dej\u00f3 en claro que el regreso a clases en agosto pr\u00f3ximo ser\u00e1 opcional, aunque asever\u00f3 que ya es necesario ni\u00f1os y j\u00f3venes vuelvan a [&hellip;]","og_url":"https:\/\/fuentesfidedignas.com.mx\/index.php\/2021\/08\/06\/regreso-a-clases-sera-opcional-reitera-amlo\/","og_site_name":"Fuentes Fidedignas","article_publisher":"https:\/\/www.facebook.com\/Fuentes-Fidedignas-368234489921644","article_published_time":"2021-08-06T21:13:06+00:00","article_modified_time":"2021-08-06T21:13:53+00:00","og_image":[{"width":980,"height":558,"url":"https:\/\/fuentesfidedignas.com.mx\/wp-content\/uploads\/2021\/08\/CLASES_COVIF.jpg","type":"image\/jpeg"}],"author":"Vanguardia","twitter_card":"summary_large_image","twitter_creator":"@fidedignas","twitter_site":"@fidedignas","twitter_misc":{"Escrito por":"Vanguardia","Tiempo de lectura":"2 minutos"},"schema":{"@context":"https:\/\/schema.org","@graph":[{"@type":"Article","@id":"https:\/\/fuentesfidedignas.com.mx\/index.php\/2021\/08\/06\/regreso-a-clases-sera-opcional-reitera-amlo\/#article","isPartOf":{"@id":"https:\/\/fuentesfidedignas.com.mx\/index.php\/2021\/08\/06\/regreso-a-clases-sera-opcional-reitera-amlo\/"},"author":{"name":"Vanguardia","@id":"https:\/\/fuentesfidedignas.com.mx\/#\/schema\/person\/bce747fb6a0b0feefab1e3e7c4e84d2b"},"headline":"Regreso a clases ser\u00e1 \u201copcional\u201d, reitera AMLO","datePublished":"2021-08-06T21:13:06+00:00","dateModified":"2021-08-06T21:13:53+00:00","mainEntityOfPage":{"@id":"https:\/\/fuentesfidedignas.com.mx\/index.php\/2021\/08\/06\/regreso-a-clases-sera-opcional-reitera-amlo\/"},"wordCount":422,"commentCount":0,"publisher":{"@id":"https:\/\/fuentesfidedignas.com.mx\/#organization"},"image":{"@id":"https:\/\/fuentesfidedignas.com.mx\/index.php\/2021\/08\/06\/regreso-a-clases-sera-opcional-reitera-amlo\/#primaryimage"},"thumbnailUrl":"https:\/\/fuentesfidedignas.com.mx\/wp-content\/uploads\/2021\/08\/CLASES_COVIF.jpg","articleSection":["NOTA PRINCIPAL"],"inLanguage":"es","potentialAction":[{"@type":"CommentAction","name":"Comment","target":["https:\/\/fuentesfidedignas.com.mx\/index.php\/2021\/08\/06\/regreso-a-clases-sera-opcional-reitera-amlo\/#respond"]}]},{"@type":"WebPage","@id":"https:\/\/fuentesfidedignas.com.mx\/index.php\/2021\/08\/06\/regreso-a-clases-sera-opcional-reitera-amlo\/","url":"https:\/\/fuentesfidedignas.com.mx\/index.php\/2021\/08\/06\/regreso-a-clases-sera-opcional-reitera-amlo\/","name":"Regreso a clases ser\u00e1 \u201copcional\u201d, reitera AMLO - Fuentes Fidedignas","isPartOf":{"@id":"https:\/\/fuentesfidedignas.com.mx\/#website"},"primaryImageOfPage":{"@id":"https:\/\/fuentesfidedignas.com.mx\/index.php\/2021\/08\/06\/regreso-a-clases-sera-opcional-reitera-amlo\/#primaryimage"},"image":{"@id":"https:\/\/fuentesfidedignas.com.mx\/index.php\/2021\/08\/06\/regreso-a-clases-sera-opcional-reitera-amlo\/#primaryimage"},"thumbnailUrl":"https:\/\/fuentesfidedignas.com.mx\/wp-content\/uploads\/2021\/08\/CLASES_COVIF.jpg","datePublished":"2021-08-06T21:13:06+00:00","dateModified":"2021-08-06T21:13:53+00:00","breadcrumb":{"@id":"https:\/\/fuentesfidedignas.com.mx\/index.php\/2021\/08\/06\/regreso-a-clases-sera-opcional-reitera-amlo\/#breadcrumb"},"inLanguage":"es","potentialAction":[{"@type":"ReadAction","target":["https:\/\/fuentesfidedignas.com.mx\/index.php\/2021\/08\/06\/regreso-a-clases-sera-opcional-reitera-amlo\/"]}]},{"@type":"ImageObject","inLanguage":"es","@id":"https:\/\/fuentesfidedignas.com.mx\/index.php\/2021\/08\/06\/regreso-a-clases-sera-opcional-reitera-amlo\/#primaryimage","url":"https:\/\/fuentesfidedignas.com.mx\/wp-content\/uploads\/2021\/08\/CLASES_COVIF.jpg","contentUrl":"https:\/\/fuentesfidedignas.com.mx\/wp-content\/uploads\/2021\/08\/CLASES_COVIF.jpg","width":980,"height":558},{"@type":"BreadcrumbList","@id":"https:\/\/fuentesfidedignas.com.mx\/index.php\/2021\/08\/06\/regreso-a-clases-sera-opcional-reitera-amlo\/#breadcrumb","itemListElement":[{"@type":"ListItem","position":1,"name":"Inicio","item":"https:\/\/fuentesfidedignas.com.mx\/"},{"@type":"ListItem","position":2,"name":"Regreso a clases ser\u00e1 \u201copcional\u201d, reitera AMLO"}]},{"@type":"WebSite","@id":"https:\/\/fuentesfidedignas.com.mx\/#website","url":"https:\/\/fuentesfidedignas.com.mx\/","name":"Fuentes Fidedignas","description":"Otro sitio realizado con WordPress","publisher":{"@id":"https:\/\/fuentesfidedignas.com.mx\/#organization"},"potentialAction":[{"@type":"SearchAction","target":{"@type":"EntryPoint","urlTemplate":"https:\/\/fuentesfidedignas.com.mx\/?s={search_term_string}"},"query-input":{"@type":"PropertyValueSpecification","valueRequired":true,"valueName":"search_term_string"}}],"inLanguage":"es"},{"@type":"Organization","@id":"https:\/\/fuentesfidedignas.com.mx\/#organization","name":"Fuentes Fidedignas","url":"https:\/\/fuentesfidedignas.com.mx\/","logo":{"@type":"ImageObject","inLanguage":"es","@id":"https:\/\/fuentesfidedignas.com.mx\/#\/schema\/logo\/image\/","url":"https:\/\/fuentesfidedignas.com.mx\/wp-content\/uploads\/2021\/04\/logo-retina.png","contentUrl":"https:\/\/fuentesfidedignas.com.mx\/wp-content\/uploads\/2021\/04\/logo-retina.png","width":280,"height":51,"caption":"Fuentes Fidedignas"},"image":{"@id":"https:\/\/fuentesfidedignas.com.mx\/#\/schema\/logo\/image\/"},"sameAs":["https:\/\/www.facebook.com\/Fuentes-Fidedignas-368234489921644","https:\/\/x.com\/fidedignas"]},{"@type":"Person","@id":"https:\/\/fuentesfidedignas.com.mx\/#\/schema\/person\/bce747fb6a0b0feefab1e3e7c4e84d2b","name":"Vanguardia","image":{"@type":"ImageObject","inLanguage":"es","@id":"https:\/\/secure.gravatar.com\/avatar\/6d7e1e0fdcdef594fdfc9206070adafb95cd5cd9b47c113cb987d91ee74e35df?s=96&d=mm&r=g","url":"https:\/\/secure.gravatar.com\/avatar\/6d7e1e0fdcdef594fdfc9206070adafb95cd5cd9b47c113cb987d91ee74e35df?s=96&d=mm&r=g","contentUrl":"https:\/\/secure.gravatar.com\/avatar\/6d7e1e0fdcdef594fdfc9206070adafb95cd5cd9b47c113cb987d91ee74e35df?s=96&d=mm&r=g","caption":"Vanguardia"},"url":"https:\/\/fuentesfidedignas.com.mx\/index.php\/author\/vanguardia\/"}]}},"_links":{"self":[{"href":"https:\/\/fuentesfidedignas.com.mx\/index.php\/wp-json\/wp\/v2\/posts\/9153","targetHints":{"allow":["GET"]}}],"collection":[{"href":"https:\/\/fuentesfidedignas.com.mx\/index.php\/wp-json\/wp\/v2\/posts"}],"about":[{"href":"https:\/\/fuentesfidedignas.com.mx\/index.php\/wp-json\/wp\/v2\/types\/post"}],"author":[{"embeddable":true,"href":"https:\/\/fuentesfidedignas.com.mx\/index.php\/wp-json\/wp\/v2\/users\/14"}],"replies":[{"embeddable":true,"href":"https:\/\/fuentesfidedignas.com.mx\/index.php\/wp-json\/wp\/v2\/comments?post=9153"}],"version-history":[{"count":2,"href":"https:\/\/fuentesfidedignas.com.mx\/index.php\/wp-json\/wp\/v2\/posts\/9153\/revisions"}],"predecessor-version":[{"id":9157,"href":"https:\/\/fuentesfidedignas.com.mx\/index.php\/wp-json\/wp\/v2\/posts\/9153\/revisions\/9157"}],"wp:featuredmedia":[{"embeddable":true,"href":"https:\/\/fuentesfidedignas.com.mx\/index.php\/wp-json\/wp\/v2\/media\/9154"}],"wp:attachment":[{"href":"https:\/\/fuentesfidedignas.com.mx\/index.php\/wp-json\/wp\/v2\/media?parent=9153"}],"wp:term":[{"taxonomy":"category","embeddable":true,"href":"https:\/\/fuentesfidedignas.com.mx\/index.php\/wp-json\/wp\/v2\/categories?post=9153"},{"taxonomy":"post_tag","embeddable":true,"href":"https:\/\/fuentesfidedignas.com.mx\/index.php\/wp-json\/wp\/v2\/tags?post=9153"}],"curies":[{"name":"wp","href":"https:\/\/api.w.org\/{rel}","templated":true}]}}