{"id":91520,"date":"2024-09-19T04:02:00","date_gmt":"2024-09-19T11:02:00","guid":{"rendered":"https:\/\/fuentesfidedignas.com.mx\/?p=91520"},"modified":"2024-09-18T20:15:15","modified_gmt":"2024-09-19T03:15:15","slug":"video-mujer-se-molesta-porque-su-hija-sale-mal-en-las-fotos-de-sus-xv-anos","status":"publish","type":"post","link":"https:\/\/fuentesfidedignas.com.mx\/index.php\/2024\/09\/19\/video-mujer-se-molesta-porque-su-hija-sale-mal-en-las-fotos-de-sus-xv-anos\/","title":{"rendered":"VIDEO: Mujer se molesta porque su hija &#8220;sale mal&#8221; en las fotos de sus XV a\u00f1os"},"content":{"rendered":"\n<p><strong><em>Fue a trav\u00e9s de TikTok que la reacci\u00f3n de la madre molesta se hace viral<\/em><\/strong><\/p>\n\n\n\n<p>La celebraci\u00f3n de XV a\u00f1os en muchas j\u00f3venes significa un momento muy especial por lo que en muchas ocasiones se contratan paquetes de sesiones fotogr\u00e1ficas para poder tener un recuerdo del momento.<\/p>\n\n\n\n<p>Pero a trav\u00e9s de TikTok se ha hecho viral la molestia de una madre que acude aparentemente al estudio para reclamar por c\u00f3mo luce su hija en las fotos.<\/p>\n\n\n\n<p><strong>Madre se molesta con estudio por el resultado de las fotos de su hija<\/strong><br>Fue a trav\u00e9s de TikTok en d\u00f3nde se ha hecho viral c\u00f3mo una madre asiste a un estudio que se hab\u00eda encargado de tomar las fotos de los XV a\u00f1os de su hija, para reclamarles por el resultado de las fotos.<\/p>\n\n\n\n<p>\u201cF\u00edjate que lo que pasa es que me entregaron ya las fotos de mi hija, las editadas Sale muy gorda mija o sea as\u00ed no est\u00e1, Si est\u00e1n viendo las fotograf\u00edas y saben que est\u00e1 mal mi hija por qu\u00e9 no las editan\u201d<br>La mujer en el video explica que su hija al ver el resultado de las fotos se puso a llorar y asegura que debieron ser emp\u00e1ticos y editar las fotos.<\/p>\n\n\n\n<p>&#8220;Estamos hablando de una chavita de 15 a\u00f1os que est\u00e1 en secundaria y le hacen much\u00edsimo bullying, t\u00fa no te pusiste a pensar en que\u2026 yo creo que t\u00fa piensas y tienes sentido com\u00fan de decir\u2019 sale mal esta muchacha, vamos a hablar con la se\u00f1ora a decirle algo\u2019 o sea mi hija se la ha pasado llorando y yo no te voy a terminar de pagar el servicio porque no me gustaron con no se llevaron las cosas\u201d<\/p>\n\n\n\n<p>Incluso la mujer amenaza con no terminar de pagar el trabajo, ante lo que la persona que la atiende recrimina.<\/p>\n\n\n\n<p>\u201cNosotros ya cumplimos con el trabajo, si usted gusta que le agreguemos la edici\u00f3n tendr\u00eda un costo extra\u201d<\/p>\n\n\n\n<blockquote class=\"tiktok-embed\" cite=\"https:\/\/www.tiktok.com\/@vianey8a_\/video\/7413937803572071685\" data-video-id=\"7413937803572071685\" style=\"max-width: 605px;min-width: 325px;\" > <section> <a target=\"_blank\" title=\"@vianey8a_\" href=\"https:\/\/www.tiktok.com\/@vianey8a_?refer=embed\" rel=\"noopener\">@vianey8a_<\/a> \u00bfUstedes que opinan?\ud83d\ude33 <a title=\"fyp\" target=\"_blank\" href=\"https:\/\/www.tiktok.com\/tag\/fyp?refer=embed\" rel=\"noopener\">#fyp<\/a> <a title=\"xv\" target=\"_blank\" href=\"https:\/\/www.tiktok.com\/tag\/xv?refer=embed\" rel=\"noopener\">#xv<\/a> <a title=\"humor\" target=\"_blank\" href=\"https:\/\/www.tiktok.com\/tag\/humor?refer=embed\" rel=\"noopener\">#humor<\/a> <a title=\"fotografia\" target=\"_blank\" href=\"https:\/\/www.tiktok.com\/tag\/fotografia?refer=embed\" rel=\"noopener\">#fotografia<\/a> <a target=\"_blank\" title=\"\u266c sonido original - Vianey Ochoa\" href=\"https:\/\/www.tiktok.com\/music\/sonido-original-7413937846125923078?refer=embed\" rel=\"noopener\">\u266c sonido original &#8211; Vianey Ochoa<\/a> <\/section> <\/blockquote> <script async src=\"https:\/\/www.tiktok.com\/embed.js\"><\/script>\n\n\n\n<p><strong>Reacci\u00f3n en redes<\/strong><\/p>\n\n\n\n<p>R\u00e1pidamente este video se ha hecho viral dividiendo la opini\u00f3n de los internautas, algunos de los comentarios son:<\/p>\n\n\n\n<ul class=\"wp-block-list\">\n<li>A m\u00ed en las fotos de graduaci\u00f3n de la prepa me borraron las espinillas y me ofend\u00ed, ni parec\u00eda yo jajaja cada loco con su tema.<\/li>\n\n\n\n<li>Vengo de familia de fot\u00f3grafos y obviamente antes de entregar las fotos se deben de editar, no solo es tomar y mandarlas as\u00ed.<\/li>\n\n\n\n<li>Es que est\u00e1n acostumbrandose a los filtros y las fotos reales ya no se conocen a si mismos. Hablo en general porque no conocemos las fotos de este v\u00eddeo.<\/li>\n\n\n\n<li>Cuando te dedicas a la fotograf\u00eda se sabe que se hace edici\u00f3n, segunda debiste ir mostrando las fotos al momento de tomarlas porque a veces las poses no favorecen<\/li>\n\n\n\n<li>La edici\u00f3n va incluida, incluyes en tu precio, aunque suba, no por flojera p abaratar para agarrar trabajo, o bien das esas dos opciones en tus paquetes con y sin edici\u00f3n<\/li>\n<\/ul>\n","protected":false},"excerpt":{"rendered":"<p>Fue a trav\u00e9s de TikTok que la reacci\u00f3n de la madre molesta se hace viral La celebraci\u00f3n de XV a\u00f1os en muchas j\u00f3venes significa un momento muy especial por lo que en muchas ocasiones se contratan paquetes de sesiones fotogr\u00e1ficas para poder tener un recuerdo del momento. Pero a trav\u00e9s de TikTok se ha hecho [&hellip;]<\/p>\n","protected":false},"author":9,"featured_media":91521,"comment_status":"open","ping_status":"open","sticky":false,"template":"","format":"standard","meta":{"tdm_status":"","tdm_grid_status":"","footnotes":""},"categories":[40],"tags":[],"class_list":{"0":"post-91520","1":"post","2":"type-post","3":"status-publish","4":"format-standard","5":"has-post-thumbnail","7":"category-las-asombrosas"},"yoast_head":"<!-- This site is optimized with the Yoast SEO plugin v27.5 - https:\/\/yoast.com\/product\/yoast-seo-wordpress\/ -->\n<title>VIDEO: Mujer se molesta porque su hija &quot;sale mal&quot; en las fotos de sus XV a\u00f1os - Fuentes Fidedignas<\/title>\n<meta name=\"robots\" content=\"index, follow, max-snippet:-1, max-image-preview:large, max-video-preview:-1\" \/>\n<link rel=\"canonical\" href=\"https:\/\/fuentesfidedignas.com.mx\/index.php\/2024\/09\/19\/video-mujer-se-molesta-porque-su-hija-sale-mal-en-las-fotos-de-sus-xv-anos\/\" \/>\n<meta property=\"og:locale\" content=\"es_MX\" \/>\n<meta property=\"og:type\" content=\"article\" \/>\n<meta property=\"og:title\" content=\"VIDEO: Mujer se molesta porque su hija &quot;sale mal&quot; en las fotos de sus XV a\u00f1os - Fuentes Fidedignas\" \/>\n<meta property=\"og:description\" content=\"Fue a trav\u00e9s de TikTok que la reacci\u00f3n de la madre molesta se hace viral La celebraci\u00f3n de XV a\u00f1os en muchas j\u00f3venes significa un momento muy especial por lo que en muchas ocasiones se contratan paquetes de sesiones fotogr\u00e1ficas para poder tener un recuerdo del momento. Pero a trav\u00e9s de TikTok se ha hecho [&hellip;]\" \/>\n<meta property=\"og:url\" content=\"https:\/\/fuentesfidedignas.com.mx\/index.php\/2024\/09\/19\/video-mujer-se-molesta-porque-su-hija-sale-mal-en-las-fotos-de-sus-xv-anos\/\" \/>\n<meta property=\"og:site_name\" content=\"Fuentes Fidedignas\" \/>\n<meta property=\"article:publisher\" content=\"https:\/\/www.facebook.com\/Fuentes-Fidedignas-368234489921644\" \/>\n<meta property=\"article:published_time\" content=\"2024-09-19T11:02:00+00:00\" \/>\n<meta property=\"og:image\" content=\"https:\/\/fuentesfidedignas.com.mx\/wp-content\/uploads\/2024\/09\/camara-fotografo.jpg\" \/>\n\t<meta property=\"og:image:width\" content=\"650\" \/>\n\t<meta property=\"og:image:height\" content=\"417\" \/>\n\t<meta property=\"og:image:type\" content=\"image\/jpeg\" \/>\n<meta name=\"author\" content=\"Milenio\" \/>\n<meta name=\"twitter:card\" content=\"summary_large_image\" \/>\n<meta name=\"twitter:creator\" content=\"@fidedignas\" \/>\n<meta name=\"twitter:site\" content=\"@fidedignas\" \/>\n<meta name=\"twitter:label1\" content=\"Escrito por\" \/>\n\t<meta name=\"twitter:data1\" content=\"Milenio\" \/>\n\t<meta name=\"twitter:label2\" content=\"Tiempo de lectura\" \/>\n\t<meta name=\"twitter:data2\" content=\"3 minutos\" \/>\n<script type=\"application\/ld+json\" class=\"yoast-schema-graph\">{\"@context\":\"https:\\\/\\\/schema.org\",\"@graph\":[{\"@type\":\"Article\",\"@id\":\"https:\\\/\\\/fuentesfidedignas.com.mx\\\/index.php\\\/2024\\\/09\\\/19\\\/video-mujer-se-molesta-porque-su-hija-sale-mal-en-las-fotos-de-sus-xv-anos\\\/#article\",\"isPartOf\":{\"@id\":\"https:\\\/\\\/fuentesfidedignas.com.mx\\\/index.php\\\/2024\\\/09\\\/19\\\/video-mujer-se-molesta-porque-su-hija-sale-mal-en-las-fotos-de-sus-xv-anos\\\/\"},\"author\":{\"name\":\"Milenio\",\"@id\":\"https:\\\/\\\/fuentesfidedignas.com.mx\\\/#\\\/schema\\\/person\\\/47ec0135738f4b0c7495f06a77a2c976\"},\"headline\":\"VIDEO: Mujer se molesta porque su hija &#8220;sale mal&#8221; en las fotos de sus XV a\u00f1os\",\"datePublished\":\"2024-09-19T11:02:00+00:00\",\"mainEntityOfPage\":{\"@id\":\"https:\\\/\\\/fuentesfidedignas.com.mx\\\/index.php\\\/2024\\\/09\\\/19\\\/video-mujer-se-molesta-porque-su-hija-sale-mal-en-las-fotos-de-sus-xv-anos\\\/\"},\"wordCount\":545,\"commentCount\":0,\"publisher\":{\"@id\":\"https:\\\/\\\/fuentesfidedignas.com.mx\\\/#organization\"},\"image\":{\"@id\":\"https:\\\/\\\/fuentesfidedignas.com.mx\\\/index.php\\\/2024\\\/09\\\/19\\\/video-mujer-se-molesta-porque-su-hija-sale-mal-en-las-fotos-de-sus-xv-anos\\\/#primaryimage\"},\"thumbnailUrl\":\"https:\\\/\\\/fuentesfidedignas.com.mx\\\/wp-content\\\/uploads\\\/2024\\\/09\\\/camara-fotografo.jpg\",\"articleSection\":[\"LAS ASOMBROSAS\"],\"inLanguage\":\"es\",\"potentialAction\":[{\"@type\":\"CommentAction\",\"name\":\"Comment\",\"target\":[\"https:\\\/\\\/fuentesfidedignas.com.mx\\\/index.php\\\/2024\\\/09\\\/19\\\/video-mujer-se-molesta-porque-su-hija-sale-mal-en-las-fotos-de-sus-xv-anos\\\/#respond\"]}]},{\"@type\":\"WebPage\",\"@id\":\"https:\\\/\\\/fuentesfidedignas.com.mx\\\/index.php\\\/2024\\\/09\\\/19\\\/video-mujer-se-molesta-porque-su-hija-sale-mal-en-las-fotos-de-sus-xv-anos\\\/\",\"url\":\"https:\\\/\\\/fuentesfidedignas.com.mx\\\/index.php\\\/2024\\\/09\\\/19\\\/video-mujer-se-molesta-porque-su-hija-sale-mal-en-las-fotos-de-sus-xv-anos\\\/\",\"name\":\"VIDEO: Mujer se molesta porque su hija \\\"sale mal\\\" en las fotos de sus XV a\u00f1os - Fuentes Fidedignas\",\"isPartOf\":{\"@id\":\"https:\\\/\\\/fuentesfidedignas.com.mx\\\/#website\"},\"primaryImageOfPage\":{\"@id\":\"https:\\\/\\\/fuentesfidedignas.com.mx\\\/index.php\\\/2024\\\/09\\\/19\\\/video-mujer-se-molesta-porque-su-hija-sale-mal-en-las-fotos-de-sus-xv-anos\\\/#primaryimage\"},\"image\":{\"@id\":\"https:\\\/\\\/fuentesfidedignas.com.mx\\\/index.php\\\/2024\\\/09\\\/19\\\/video-mujer-se-molesta-porque-su-hija-sale-mal-en-las-fotos-de-sus-xv-anos\\\/#primaryimage\"},\"thumbnailUrl\":\"https:\\\/\\\/fuentesfidedignas.com.mx\\\/wp-content\\\/uploads\\\/2024\\\/09\\\/camara-fotografo.jpg\",\"datePublished\":\"2024-09-19T11:02:00+00:00\",\"breadcrumb\":{\"@id\":\"https:\\\/\\\/fuentesfidedignas.com.mx\\\/index.php\\\/2024\\\/09\\\/19\\\/video-mujer-se-molesta-porque-su-hija-sale-mal-en-las-fotos-de-sus-xv-anos\\\/#breadcrumb\"},\"inLanguage\":\"es\",\"potentialAction\":[{\"@type\":\"ReadAction\",\"target\":[\"https:\\\/\\\/fuentesfidedignas.com.mx\\\/index.php\\\/2024\\\/09\\\/19\\\/video-mujer-se-molesta-porque-su-hija-sale-mal-en-las-fotos-de-sus-xv-anos\\\/\"]}]},{\"@type\":\"ImageObject\",\"inLanguage\":\"es\",\"@id\":\"https:\\\/\\\/fuentesfidedignas.com.mx\\\/index.php\\\/2024\\\/09\\\/19\\\/video-mujer-se-molesta-porque-su-hija-sale-mal-en-las-fotos-de-sus-xv-anos\\\/#primaryimage\",\"url\":\"https:\\\/\\\/fuentesfidedignas.com.mx\\\/wp-content\\\/uploads\\\/2024\\\/09\\\/camara-fotografo.jpg\",\"contentUrl\":\"https:\\\/\\\/fuentesfidedignas.com.mx\\\/wp-content\\\/uploads\\\/2024\\\/09\\\/camara-fotografo.jpg\",\"width\":650,\"height\":417},{\"@type\":\"BreadcrumbList\",\"@id\":\"https:\\\/\\\/fuentesfidedignas.com.mx\\\/index.php\\\/2024\\\/09\\\/19\\\/video-mujer-se-molesta-porque-su-hija-sale-mal-en-las-fotos-de-sus-xv-anos\\\/#breadcrumb\",\"itemListElement\":[{\"@type\":\"ListItem\",\"position\":1,\"name\":\"Inicio\",\"item\":\"https:\\\/\\\/fuentesfidedignas.com.mx\\\/\"},{\"@type\":\"ListItem\",\"position\":2,\"name\":\"VIDEO: Mujer se molesta porque su hija &#8220;sale mal&#8221; en las fotos de sus XV a\u00f1os\"}]},{\"@type\":\"WebSite\",\"@id\":\"https:\\\/\\\/fuentesfidedignas.com.mx\\\/#website\",\"url\":\"https:\\\/\\\/fuentesfidedignas.com.mx\\\/\",\"name\":\"Fuentes Fidedignas\",\"description\":\"Otro sitio realizado con WordPress\",\"publisher\":{\"@id\":\"https:\\\/\\\/fuentesfidedignas.com.mx\\\/#organization\"},\"potentialAction\":[{\"@type\":\"SearchAction\",\"target\":{\"@type\":\"EntryPoint\",\"urlTemplate\":\"https:\\\/\\\/fuentesfidedignas.com.mx\\\/?s={search_term_string}\"},\"query-input\":{\"@type\":\"PropertyValueSpecification\",\"valueRequired\":true,\"valueName\":\"search_term_string\"}}],\"inLanguage\":\"es\"},{\"@type\":\"Organization\",\"@id\":\"https:\\\/\\\/fuentesfidedignas.com.mx\\\/#organization\",\"name\":\"Fuentes Fidedignas\",\"url\":\"https:\\\/\\\/fuentesfidedignas.com.mx\\\/\",\"logo\":{\"@type\":\"ImageObject\",\"inLanguage\":\"es\",\"@id\":\"https:\\\/\\\/fuentesfidedignas.com.mx\\\/#\\\/schema\\\/logo\\\/image\\\/\",\"url\":\"https:\\\/\\\/fuentesfidedignas.com.mx\\\/wp-content\\\/uploads\\\/2021\\\/04\\\/logo-retina.png\",\"contentUrl\":\"https:\\\/\\\/fuentesfidedignas.com.mx\\\/wp-content\\\/uploads\\\/2021\\\/04\\\/logo-retina.png\",\"width\":280,\"height\":51,\"caption\":\"Fuentes Fidedignas\"},\"image\":{\"@id\":\"https:\\\/\\\/fuentesfidedignas.com.mx\\\/#\\\/schema\\\/logo\\\/image\\\/\"},\"sameAs\":[\"https:\\\/\\\/www.facebook.com\\\/Fuentes-Fidedignas-368234489921644\",\"https:\\\/\\\/x.com\\\/fidedignas\"]},{\"@type\":\"Person\",\"@id\":\"https:\\\/\\\/fuentesfidedignas.com.mx\\\/#\\\/schema\\\/person\\\/47ec0135738f4b0c7495f06a77a2c976\",\"name\":\"Milenio\",\"image\":{\"@type\":\"ImageObject\",\"inLanguage\":\"es\",\"@id\":\"https:\\\/\\\/secure.gravatar.com\\\/avatar\\\/acabf7b54753e51c2c76457954577c236b3b764789b19879565769739d1e4a75?s=96&d=mm&r=g\",\"url\":\"https:\\\/\\\/secure.gravatar.com\\\/avatar\\\/acabf7b54753e51c2c76457954577c236b3b764789b19879565769739d1e4a75?s=96&d=mm&r=g\",\"contentUrl\":\"https:\\\/\\\/secure.gravatar.com\\\/avatar\\\/acabf7b54753e51c2c76457954577c236b3b764789b19879565769739d1e4a75?s=96&d=mm&r=g\",\"caption\":\"Milenio\"},\"url\":\"https:\\\/\\\/fuentesfidedignas.com.mx\\\/index.php\\\/author\\\/milenio\\\/\"}]}<\/script>\n<!-- \/ Yoast SEO plugin. -->","yoast_head_json":{"title":"VIDEO: Mujer se molesta porque su hija \"sale mal\" en las fotos de sus XV a\u00f1os - Fuentes Fidedignas","robots":{"index":"index","follow":"follow","max-snippet":"max-snippet:-1","max-image-preview":"max-image-preview:large","max-video-preview":"max-video-preview:-1"},"canonical":"https:\/\/fuentesfidedignas.com.mx\/index.php\/2024\/09\/19\/video-mujer-se-molesta-porque-su-hija-sale-mal-en-las-fotos-de-sus-xv-anos\/","og_locale":"es_MX","og_type":"article","og_title":"VIDEO: Mujer se molesta porque su hija \"sale mal\" en las fotos de sus XV a\u00f1os - Fuentes Fidedignas","og_description":"Fue a trav\u00e9s de TikTok que la reacci\u00f3n de la madre molesta se hace viral La celebraci\u00f3n de XV a\u00f1os en muchas j\u00f3venes significa un momento muy especial por lo que en muchas ocasiones se contratan paquetes de sesiones fotogr\u00e1ficas para poder tener un recuerdo del momento. Pero a trav\u00e9s de TikTok se ha hecho [&hellip;]","og_url":"https:\/\/fuentesfidedignas.com.mx\/index.php\/2024\/09\/19\/video-mujer-se-molesta-porque-su-hija-sale-mal-en-las-fotos-de-sus-xv-anos\/","og_site_name":"Fuentes Fidedignas","article_publisher":"https:\/\/www.facebook.com\/Fuentes-Fidedignas-368234489921644","article_published_time":"2024-09-19T11:02:00+00:00","og_image":[{"width":650,"height":417,"url":"https:\/\/fuentesfidedignas.com.mx\/wp-content\/uploads\/2024\/09\/camara-fotografo.jpg","type":"image\/jpeg"}],"author":"Milenio","twitter_card":"summary_large_image","twitter_creator":"@fidedignas","twitter_site":"@fidedignas","twitter_misc":{"Escrito por":"Milenio","Tiempo de lectura":"3 minutos"},"schema":{"@context":"https:\/\/schema.org","@graph":[{"@type":"Article","@id":"https:\/\/fuentesfidedignas.com.mx\/index.php\/2024\/09\/19\/video-mujer-se-molesta-porque-su-hija-sale-mal-en-las-fotos-de-sus-xv-anos\/#article","isPartOf":{"@id":"https:\/\/fuentesfidedignas.com.mx\/index.php\/2024\/09\/19\/video-mujer-se-molesta-porque-su-hija-sale-mal-en-las-fotos-de-sus-xv-anos\/"},"author":{"name":"Milenio","@id":"https:\/\/fuentesfidedignas.com.mx\/#\/schema\/person\/47ec0135738f4b0c7495f06a77a2c976"},"headline":"VIDEO: Mujer se molesta porque su hija &#8220;sale mal&#8221; en las fotos de sus XV a\u00f1os","datePublished":"2024-09-19T11:02:00+00:00","mainEntityOfPage":{"@id":"https:\/\/fuentesfidedignas.com.mx\/index.php\/2024\/09\/19\/video-mujer-se-molesta-porque-su-hija-sale-mal-en-las-fotos-de-sus-xv-anos\/"},"wordCount":545,"commentCount":0,"publisher":{"@id":"https:\/\/fuentesfidedignas.com.mx\/#organization"},"image":{"@id":"https:\/\/fuentesfidedignas.com.mx\/index.php\/2024\/09\/19\/video-mujer-se-molesta-porque-su-hija-sale-mal-en-las-fotos-de-sus-xv-anos\/#primaryimage"},"thumbnailUrl":"https:\/\/fuentesfidedignas.com.mx\/wp-content\/uploads\/2024\/09\/camara-fotografo.jpg","articleSection":["LAS ASOMBROSAS"],"inLanguage":"es","potentialAction":[{"@type":"CommentAction","name":"Comment","target":["https:\/\/fuentesfidedignas.com.mx\/index.php\/2024\/09\/19\/video-mujer-se-molesta-porque-su-hija-sale-mal-en-las-fotos-de-sus-xv-anos\/#respond"]}]},{"@type":"WebPage","@id":"https:\/\/fuentesfidedignas.com.mx\/index.php\/2024\/09\/19\/video-mujer-se-molesta-porque-su-hija-sale-mal-en-las-fotos-de-sus-xv-anos\/","url":"https:\/\/fuentesfidedignas.com.mx\/index.php\/2024\/09\/19\/video-mujer-se-molesta-porque-su-hija-sale-mal-en-las-fotos-de-sus-xv-anos\/","name":"VIDEO: Mujer se molesta porque su hija \"sale mal\" en las fotos de sus XV a\u00f1os - Fuentes Fidedignas","isPartOf":{"@id":"https:\/\/fuentesfidedignas.com.mx\/#website"},"primaryImageOfPage":{"@id":"https:\/\/fuentesfidedignas.com.mx\/index.php\/2024\/09\/19\/video-mujer-se-molesta-porque-su-hija-sale-mal-en-las-fotos-de-sus-xv-anos\/#primaryimage"},"image":{"@id":"https:\/\/fuentesfidedignas.com.mx\/index.php\/2024\/09\/19\/video-mujer-se-molesta-porque-su-hija-sale-mal-en-las-fotos-de-sus-xv-anos\/#primaryimage"},"thumbnailUrl":"https:\/\/fuentesfidedignas.com.mx\/wp-content\/uploads\/2024\/09\/camara-fotografo.jpg","datePublished":"2024-09-19T11:02:00+00:00","breadcrumb":{"@id":"https:\/\/fuentesfidedignas.com.mx\/index.php\/2024\/09\/19\/video-mujer-se-molesta-porque-su-hija-sale-mal-en-las-fotos-de-sus-xv-anos\/#breadcrumb"},"inLanguage":"es","potentialAction":[{"@type":"ReadAction","target":["https:\/\/fuentesfidedignas.com.mx\/index.php\/2024\/09\/19\/video-mujer-se-molesta-porque-su-hija-sale-mal-en-las-fotos-de-sus-xv-anos\/"]}]},{"@type":"ImageObject","inLanguage":"es","@id":"https:\/\/fuentesfidedignas.com.mx\/index.php\/2024\/09\/19\/video-mujer-se-molesta-porque-su-hija-sale-mal-en-las-fotos-de-sus-xv-anos\/#primaryimage","url":"https:\/\/fuentesfidedignas.com.mx\/wp-content\/uploads\/2024\/09\/camara-fotografo.jpg","contentUrl":"https:\/\/fuentesfidedignas.com.mx\/wp-content\/uploads\/2024\/09\/camara-fotografo.jpg","width":650,"height":417},{"@type":"BreadcrumbList","@id":"https:\/\/fuentesfidedignas.com.mx\/index.php\/2024\/09\/19\/video-mujer-se-molesta-porque-su-hija-sale-mal-en-las-fotos-de-sus-xv-anos\/#breadcrumb","itemListElement":[{"@type":"ListItem","position":1,"name":"Inicio","item":"https:\/\/fuentesfidedignas.com.mx\/"},{"@type":"ListItem","position":2,"name":"VIDEO: Mujer se molesta porque su hija &#8220;sale mal&#8221; en las fotos de sus XV a\u00f1os"}]},{"@type":"WebSite","@id":"https:\/\/fuentesfidedignas.com.mx\/#website","url":"https:\/\/fuentesfidedignas.com.mx\/","name":"Fuentes Fidedignas","description":"Otro sitio realizado con WordPress","publisher":{"@id":"https:\/\/fuentesfidedignas.com.mx\/#organization"},"potentialAction":[{"@type":"SearchAction","target":{"@type":"EntryPoint","urlTemplate":"https:\/\/fuentesfidedignas.com.mx\/?s={search_term_string}"},"query-input":{"@type":"PropertyValueSpecification","valueRequired":true,"valueName":"search_term_string"}}],"inLanguage":"es"},{"@type":"Organization","@id":"https:\/\/fuentesfidedignas.com.mx\/#organization","name":"Fuentes Fidedignas","url":"https:\/\/fuentesfidedignas.com.mx\/","logo":{"@type":"ImageObject","inLanguage":"es","@id":"https:\/\/fuentesfidedignas.com.mx\/#\/schema\/logo\/image\/","url":"https:\/\/fuentesfidedignas.com.mx\/wp-content\/uploads\/2021\/04\/logo-retina.png","contentUrl":"https:\/\/fuentesfidedignas.com.mx\/wp-content\/uploads\/2021\/04\/logo-retina.png","width":280,"height":51,"caption":"Fuentes Fidedignas"},"image":{"@id":"https:\/\/fuentesfidedignas.com.mx\/#\/schema\/logo\/image\/"},"sameAs":["https:\/\/www.facebook.com\/Fuentes-Fidedignas-368234489921644","https:\/\/x.com\/fidedignas"]},{"@type":"Person","@id":"https:\/\/fuentesfidedignas.com.mx\/#\/schema\/person\/47ec0135738f4b0c7495f06a77a2c976","name":"Milenio","image":{"@type":"ImageObject","inLanguage":"es","@id":"https:\/\/secure.gravatar.com\/avatar\/acabf7b54753e51c2c76457954577c236b3b764789b19879565769739d1e4a75?s=96&d=mm&r=g","url":"https:\/\/secure.gravatar.com\/avatar\/acabf7b54753e51c2c76457954577c236b3b764789b19879565769739d1e4a75?s=96&d=mm&r=g","contentUrl":"https:\/\/secure.gravatar.com\/avatar\/acabf7b54753e51c2c76457954577c236b3b764789b19879565769739d1e4a75?s=96&d=mm&r=g","caption":"Milenio"},"url":"https:\/\/fuentesfidedignas.com.mx\/index.php\/author\/milenio\/"}]}},"_links":{"self":[{"href":"https:\/\/fuentesfidedignas.com.mx\/index.php\/wp-json\/wp\/v2\/posts\/91520","targetHints":{"allow":["GET"]}}],"collection":[{"href":"https:\/\/fuentesfidedignas.com.mx\/index.php\/wp-json\/wp\/v2\/posts"}],"about":[{"href":"https:\/\/fuentesfidedignas.com.mx\/index.php\/wp-json\/wp\/v2\/types\/post"}],"author":[{"embeddable":true,"href":"https:\/\/fuentesfidedignas.com.mx\/index.php\/wp-json\/wp\/v2\/users\/9"}],"replies":[{"embeddable":true,"href":"https:\/\/fuentesfidedignas.com.mx\/index.php\/wp-json\/wp\/v2\/comments?post=91520"}],"version-history":[{"count":1,"href":"https:\/\/fuentesfidedignas.com.mx\/index.php\/wp-json\/wp\/v2\/posts\/91520\/revisions"}],"predecessor-version":[{"id":91522,"href":"https:\/\/fuentesfidedignas.com.mx\/index.php\/wp-json\/wp\/v2\/posts\/91520\/revisions\/91522"}],"wp:featuredmedia":[{"embeddable":true,"href":"https:\/\/fuentesfidedignas.com.mx\/index.php\/wp-json\/wp\/v2\/media\/91521"}],"wp:attachment":[{"href":"https:\/\/fuentesfidedignas.com.mx\/index.php\/wp-json\/wp\/v2\/media?parent=91520"}],"wp:term":[{"taxonomy":"category","embeddable":true,"href":"https:\/\/fuentesfidedignas.com.mx\/index.php\/wp-json\/wp\/v2\/categories?post=91520"},{"taxonomy":"post_tag","embeddable":true,"href":"https:\/\/fuentesfidedignas.com.mx\/index.php\/wp-json\/wp\/v2\/tags?post=91520"}],"curies":[{"name":"wp","href":"https:\/\/api.w.org\/{rel}","templated":true}]}}