{"id":91425,"date":"2024-09-18T08:13:32","date_gmt":"2024-09-18T15:13:32","guid":{"rendered":"https:\/\/fuentesfidedignas.com.mx\/?p=91425"},"modified":"2024-09-18T09:20:26","modified_gmt":"2024-09-18T16:20:26","slug":"violencia-en-sinaloa-tema-para-desprestigiarme-amlo","status":"publish","type":"post","link":"https:\/\/fuentesfidedignas.com.mx\/index.php\/2024\/09\/18\/violencia-en-sinaloa-tema-para-desprestigiarme-amlo\/","title":{"rendered":"Violencia en Sinaloa, tema para desprestigiarme: AMLO"},"content":{"rendered":"\n<p><strong><em>El Presidente asegur\u00f3 que los medios de comunicaci\u00f3n magnifican los hechos de violencia registrados en la entidad.<\/em><\/strong><\/p>\n\n\n\n<p>El presidente Andr\u00e9s Manuel L\u00f3pez Obrador, asegur\u00f3 que la violencia que azota al estado de Sinaloa est\u00e1 envuelta en una propaganda de mentiras que se est\u00e1 utilizando para desprestigiarlo a \u00e9l y a su gobierno.<\/p>\n\n\n\n<p>En la conferencia ma\u00f1anera de Palacio Nacional, el mandatario acus\u00f3 que los medios de comunicaci\u00f3n han magnificado la violencia, lo cual, s\u00ed ha tenido efecto porque se atemoriza a la poblaci\u00f3n.<\/p>\n\n\n\n<p>&#8220;Los peri\u00f3dicos, vendidos o alquilados a el conservadurismo y las redes sociales y tienen el tema de Sinaloa porque es como el tema de Zedillo, como el tema de Garc\u00eda Luna, que seguramente vamos a hablar de eso, de narcopresidente AMLO, son sus temas. La verdad, es una campa\u00f1a que intenta desprestigiar al gobierno que represento, a mi persona y no han podido ni podr\u00e1n porque el pueblo de M\u00e9xico es mucha pieza. Y nuestros adversarios, con todo respeto, no tienen autoridad moral porque son muy hip\u00f3critas, son muy corruptos y son fachos, es decir, son muy autoritarios&#8221;, dijo.<\/p>\n\n\n\n<p>Se han magnificado?, se le pregunt\u00f3.\u00a0&#8220;S\u00ed, los medios de informaci\u00f3n que no son en sentido estricto de informaci\u00f3n, son de manipulaci\u00f3n, tienen un efecto porque atemorizan a la poblaci\u00f3n&#8221;, respondi\u00f3.<\/p>\n\n\n\n<p>Desde el 9 de septiembre, Sinaloa ha estado envuelto en una ola de violencia debido al enfrentamiento entre Los Chapitos y Los Mayos, lo cual ha dejado m\u00e1s de 30 personas fallecidas.<\/p>\n\n\n\n<p>El Presidente aprovech\u00f3 para decirle a los ciudadanos de ese estado que el gobierno est\u00e1 dando seguimiento a la crisis de violencia.<\/p>\n\n\n\n<p>Aclar\u00f3 que se est\u00e1 actuando de manera profesional y responsable para que no haya v\u00edctimas mortales.<\/p>\n\n\n\n<p>&#8220;Y segundo, evitar que se enfrenten los grupos que est\u00e1n en pugna y eso es lo que estamos haciendo, sin embargo, nuestros adversarios utilizan esto para atemorizar y yo espero que poco a poco se vaya normalizando la situaci\u00f3n en Sinaloa&#8221;, subray\u00f3.<\/p>\n\n\n\n<p><br>L\u00f3pez Obrador dijo que es una responsabilidad del Estado mexicano garantizar la seguridad de la poblaci\u00f3n.<\/p>\n","protected":false},"excerpt":{"rendered":"<p>El Presidente asegur\u00f3 que los medios de comunicaci\u00f3n magnifican los hechos de violencia registrados en la entidad. El presidente Andr\u00e9s Manuel L\u00f3pez Obrador, asegur\u00f3 que la violencia que azota al estado de Sinaloa est\u00e1 envuelta en una propaganda de mentiras que se est\u00e1 utilizando para desprestigiarlo a \u00e9l y a su gobierno. En la conferencia [&hellip;]<\/p>\n","protected":false},"author":9,"featured_media":65816,"comment_status":"open","ping_status":"open","sticky":false,"template":"","format":"standard","meta":{"tdm_status":"","tdm_grid_status":"","footnotes":""},"categories":[37],"tags":[],"class_list":{"0":"post-91425","1":"post","2":"type-post","3":"status-publish","4":"format-standard","5":"has-post-thumbnail","7":"category-nota-principal"},"yoast_head":"<!-- This site is optimized with the Yoast SEO plugin v27.5 - https:\/\/yoast.com\/product\/yoast-seo-wordpress\/ -->\n<title>Violencia en Sinaloa, tema para desprestigiarme: AMLO - Fuentes Fidedignas<\/title>\n<meta name=\"robots\" content=\"index, follow, max-snippet:-1, max-image-preview:large, max-video-preview:-1\" \/>\n<link rel=\"canonical\" href=\"https:\/\/fuentesfidedignas.com.mx\/index.php\/2024\/09\/18\/violencia-en-sinaloa-tema-para-desprestigiarme-amlo\/\" \/>\n<meta property=\"og:locale\" content=\"es_MX\" \/>\n<meta property=\"og:type\" content=\"article\" \/>\n<meta property=\"og:title\" content=\"Violencia en Sinaloa, tema para desprestigiarme: AMLO - Fuentes Fidedignas\" \/>\n<meta property=\"og:description\" content=\"El Presidente asegur\u00f3 que los medios de comunicaci\u00f3n magnifican los hechos de violencia registrados en la entidad. El presidente Andr\u00e9s Manuel L\u00f3pez Obrador, asegur\u00f3 que la violencia que azota al estado de Sinaloa est\u00e1 envuelta en una propaganda de mentiras que se est\u00e1 utilizando para desprestigiarlo a \u00e9l y a su gobierno. En la conferencia [&hellip;]\" \/>\n<meta property=\"og:url\" content=\"https:\/\/fuentesfidedignas.com.mx\/index.php\/2024\/09\/18\/violencia-en-sinaloa-tema-para-desprestigiarme-amlo\/\" \/>\n<meta property=\"og:site_name\" content=\"Fuentes Fidedignas\" \/>\n<meta property=\"article:publisher\" content=\"https:\/\/www.facebook.com\/Fuentes-Fidedignas-368234489921644\" \/>\n<meta property=\"article:published_time\" content=\"2024-09-18T15:13:32+00:00\" \/>\n<meta property=\"article:modified_time\" content=\"2024-09-18T16:20:26+00:00\" \/>\n<meta property=\"og:image\" content=\"https:\/\/fuentesfidedignas.com.mx\/wp-content\/uploads\/2023\/11\/amlo-lopez-obrador-impuestos.jpg\" \/>\n\t<meta property=\"og:image:width\" content=\"1024\" \/>\n\t<meta property=\"og:image:height\" content=\"690\" \/>\n\t<meta property=\"og:image:type\" content=\"image\/jpeg\" \/>\n<meta name=\"author\" content=\"Milenio\" \/>\n<meta name=\"twitter:card\" content=\"summary_large_image\" \/>\n<meta name=\"twitter:creator\" content=\"@fidedignas\" \/>\n<meta name=\"twitter:site\" content=\"@fidedignas\" \/>\n<meta name=\"twitter:label1\" content=\"Escrito por\" \/>\n\t<meta name=\"twitter:data1\" content=\"Milenio\" \/>\n\t<meta name=\"twitter:label2\" content=\"Tiempo de lectura\" \/>\n\t<meta name=\"twitter:data2\" content=\"2 minutos\" \/>\n<script type=\"application\/ld+json\" class=\"yoast-schema-graph\">{\"@context\":\"https:\\\/\\\/schema.org\",\"@graph\":[{\"@type\":\"Article\",\"@id\":\"https:\\\/\\\/fuentesfidedignas.com.mx\\\/index.php\\\/2024\\\/09\\\/18\\\/violencia-en-sinaloa-tema-para-desprestigiarme-amlo\\\/#article\",\"isPartOf\":{\"@id\":\"https:\\\/\\\/fuentesfidedignas.com.mx\\\/index.php\\\/2024\\\/09\\\/18\\\/violencia-en-sinaloa-tema-para-desprestigiarme-amlo\\\/\"},\"author\":{\"name\":\"Milenio\",\"@id\":\"https:\\\/\\\/fuentesfidedignas.com.mx\\\/#\\\/schema\\\/person\\\/47ec0135738f4b0c7495f06a77a2c976\"},\"headline\":\"Violencia en Sinaloa, tema para desprestigiarme: AMLO\",\"datePublished\":\"2024-09-18T15:13:32+00:00\",\"dateModified\":\"2024-09-18T16:20:26+00:00\",\"mainEntityOfPage\":{\"@id\":\"https:\\\/\\\/fuentesfidedignas.com.mx\\\/index.php\\\/2024\\\/09\\\/18\\\/violencia-en-sinaloa-tema-para-desprestigiarme-amlo\\\/\"},\"wordCount\":368,\"commentCount\":0,\"publisher\":{\"@id\":\"https:\\\/\\\/fuentesfidedignas.com.mx\\\/#organization\"},\"image\":{\"@id\":\"https:\\\/\\\/fuentesfidedignas.com.mx\\\/index.php\\\/2024\\\/09\\\/18\\\/violencia-en-sinaloa-tema-para-desprestigiarme-amlo\\\/#primaryimage\"},\"thumbnailUrl\":\"https:\\\/\\\/fuentesfidedignas.com.mx\\\/wp-content\\\/uploads\\\/2023\\\/11\\\/amlo-lopez-obrador-impuestos.jpg\",\"articleSection\":[\"NOTA PRINCIPAL\"],\"inLanguage\":\"es\",\"potentialAction\":[{\"@type\":\"CommentAction\",\"name\":\"Comment\",\"target\":[\"https:\\\/\\\/fuentesfidedignas.com.mx\\\/index.php\\\/2024\\\/09\\\/18\\\/violencia-en-sinaloa-tema-para-desprestigiarme-amlo\\\/#respond\"]}]},{\"@type\":\"WebPage\",\"@id\":\"https:\\\/\\\/fuentesfidedignas.com.mx\\\/index.php\\\/2024\\\/09\\\/18\\\/violencia-en-sinaloa-tema-para-desprestigiarme-amlo\\\/\",\"url\":\"https:\\\/\\\/fuentesfidedignas.com.mx\\\/index.php\\\/2024\\\/09\\\/18\\\/violencia-en-sinaloa-tema-para-desprestigiarme-amlo\\\/\",\"name\":\"Violencia en Sinaloa, tema para desprestigiarme: AMLO - Fuentes Fidedignas\",\"isPartOf\":{\"@id\":\"https:\\\/\\\/fuentesfidedignas.com.mx\\\/#website\"},\"primaryImageOfPage\":{\"@id\":\"https:\\\/\\\/fuentesfidedignas.com.mx\\\/index.php\\\/2024\\\/09\\\/18\\\/violencia-en-sinaloa-tema-para-desprestigiarme-amlo\\\/#primaryimage\"},\"image\":{\"@id\":\"https:\\\/\\\/fuentesfidedignas.com.mx\\\/index.php\\\/2024\\\/09\\\/18\\\/violencia-en-sinaloa-tema-para-desprestigiarme-amlo\\\/#primaryimage\"},\"thumbnailUrl\":\"https:\\\/\\\/fuentesfidedignas.com.mx\\\/wp-content\\\/uploads\\\/2023\\\/11\\\/amlo-lopez-obrador-impuestos.jpg\",\"datePublished\":\"2024-09-18T15:13:32+00:00\",\"dateModified\":\"2024-09-18T16:20:26+00:00\",\"breadcrumb\":{\"@id\":\"https:\\\/\\\/fuentesfidedignas.com.mx\\\/index.php\\\/2024\\\/09\\\/18\\\/violencia-en-sinaloa-tema-para-desprestigiarme-amlo\\\/#breadcrumb\"},\"inLanguage\":\"es\",\"potentialAction\":[{\"@type\":\"ReadAction\",\"target\":[\"https:\\\/\\\/fuentesfidedignas.com.mx\\\/index.php\\\/2024\\\/09\\\/18\\\/violencia-en-sinaloa-tema-para-desprestigiarme-amlo\\\/\"]}]},{\"@type\":\"ImageObject\",\"inLanguage\":\"es\",\"@id\":\"https:\\\/\\\/fuentesfidedignas.com.mx\\\/index.php\\\/2024\\\/09\\\/18\\\/violencia-en-sinaloa-tema-para-desprestigiarme-amlo\\\/#primaryimage\",\"url\":\"https:\\\/\\\/fuentesfidedignas.com.mx\\\/wp-content\\\/uploads\\\/2023\\\/11\\\/amlo-lopez-obrador-impuestos.jpg\",\"contentUrl\":\"https:\\\/\\\/fuentesfidedignas.com.mx\\\/wp-content\\\/uploads\\\/2023\\\/11\\\/amlo-lopez-obrador-impuestos.jpg\",\"width\":1024,\"height\":690},{\"@type\":\"BreadcrumbList\",\"@id\":\"https:\\\/\\\/fuentesfidedignas.com.mx\\\/index.php\\\/2024\\\/09\\\/18\\\/violencia-en-sinaloa-tema-para-desprestigiarme-amlo\\\/#breadcrumb\",\"itemListElement\":[{\"@type\":\"ListItem\",\"position\":1,\"name\":\"Inicio\",\"item\":\"https:\\\/\\\/fuentesfidedignas.com.mx\\\/\"},{\"@type\":\"ListItem\",\"position\":2,\"name\":\"Violencia en Sinaloa, tema para desprestigiarme: AMLO\"}]},{\"@type\":\"WebSite\",\"@id\":\"https:\\\/\\\/fuentesfidedignas.com.mx\\\/#website\",\"url\":\"https:\\\/\\\/fuentesfidedignas.com.mx\\\/\",\"name\":\"Fuentes Fidedignas\",\"description\":\"Otro sitio realizado con WordPress\",\"publisher\":{\"@id\":\"https:\\\/\\\/fuentesfidedignas.com.mx\\\/#organization\"},\"potentialAction\":[{\"@type\":\"SearchAction\",\"target\":{\"@type\":\"EntryPoint\",\"urlTemplate\":\"https:\\\/\\\/fuentesfidedignas.com.mx\\\/?s={search_term_string}\"},\"query-input\":{\"@type\":\"PropertyValueSpecification\",\"valueRequired\":true,\"valueName\":\"search_term_string\"}}],\"inLanguage\":\"es\"},{\"@type\":\"Organization\",\"@id\":\"https:\\\/\\\/fuentesfidedignas.com.mx\\\/#organization\",\"name\":\"Fuentes Fidedignas\",\"url\":\"https:\\\/\\\/fuentesfidedignas.com.mx\\\/\",\"logo\":{\"@type\":\"ImageObject\",\"inLanguage\":\"es\",\"@id\":\"https:\\\/\\\/fuentesfidedignas.com.mx\\\/#\\\/schema\\\/logo\\\/image\\\/\",\"url\":\"https:\\\/\\\/fuentesfidedignas.com.mx\\\/wp-content\\\/uploads\\\/2021\\\/04\\\/logo-retina.png\",\"contentUrl\":\"https:\\\/\\\/fuentesfidedignas.com.mx\\\/wp-content\\\/uploads\\\/2021\\\/04\\\/logo-retina.png\",\"width\":280,\"height\":51,\"caption\":\"Fuentes Fidedignas\"},\"image\":{\"@id\":\"https:\\\/\\\/fuentesfidedignas.com.mx\\\/#\\\/schema\\\/logo\\\/image\\\/\"},\"sameAs\":[\"https:\\\/\\\/www.facebook.com\\\/Fuentes-Fidedignas-368234489921644\",\"https:\\\/\\\/x.com\\\/fidedignas\"]},{\"@type\":\"Person\",\"@id\":\"https:\\\/\\\/fuentesfidedignas.com.mx\\\/#\\\/schema\\\/person\\\/47ec0135738f4b0c7495f06a77a2c976\",\"name\":\"Milenio\",\"image\":{\"@type\":\"ImageObject\",\"inLanguage\":\"es\",\"@id\":\"https:\\\/\\\/secure.gravatar.com\\\/avatar\\\/acabf7b54753e51c2c76457954577c236b3b764789b19879565769739d1e4a75?s=96&d=mm&r=g\",\"url\":\"https:\\\/\\\/secure.gravatar.com\\\/avatar\\\/acabf7b54753e51c2c76457954577c236b3b764789b19879565769739d1e4a75?s=96&d=mm&r=g\",\"contentUrl\":\"https:\\\/\\\/secure.gravatar.com\\\/avatar\\\/acabf7b54753e51c2c76457954577c236b3b764789b19879565769739d1e4a75?s=96&d=mm&r=g\",\"caption\":\"Milenio\"},\"url\":\"https:\\\/\\\/fuentesfidedignas.com.mx\\\/index.php\\\/author\\\/milenio\\\/\"}]}<\/script>\n<!-- \/ Yoast SEO plugin. -->","yoast_head_json":{"title":"Violencia en Sinaloa, tema para desprestigiarme: AMLO - Fuentes Fidedignas","robots":{"index":"index","follow":"follow","max-snippet":"max-snippet:-1","max-image-preview":"max-image-preview:large","max-video-preview":"max-video-preview:-1"},"canonical":"https:\/\/fuentesfidedignas.com.mx\/index.php\/2024\/09\/18\/violencia-en-sinaloa-tema-para-desprestigiarme-amlo\/","og_locale":"es_MX","og_type":"article","og_title":"Violencia en Sinaloa, tema para desprestigiarme: AMLO - Fuentes Fidedignas","og_description":"El Presidente asegur\u00f3 que los medios de comunicaci\u00f3n magnifican los hechos de violencia registrados en la entidad. El presidente Andr\u00e9s Manuel L\u00f3pez Obrador, asegur\u00f3 que la violencia que azota al estado de Sinaloa est\u00e1 envuelta en una propaganda de mentiras que se est\u00e1 utilizando para desprestigiarlo a \u00e9l y a su gobierno. En la conferencia [&hellip;]","og_url":"https:\/\/fuentesfidedignas.com.mx\/index.php\/2024\/09\/18\/violencia-en-sinaloa-tema-para-desprestigiarme-amlo\/","og_site_name":"Fuentes Fidedignas","article_publisher":"https:\/\/www.facebook.com\/Fuentes-Fidedignas-368234489921644","article_published_time":"2024-09-18T15:13:32+00:00","article_modified_time":"2024-09-18T16:20:26+00:00","og_image":[{"width":1024,"height":690,"url":"https:\/\/fuentesfidedignas.com.mx\/wp-content\/uploads\/2023\/11\/amlo-lopez-obrador-impuestos.jpg","type":"image\/jpeg"}],"author":"Milenio","twitter_card":"summary_large_image","twitter_creator":"@fidedignas","twitter_site":"@fidedignas","twitter_misc":{"Escrito por":"Milenio","Tiempo de lectura":"2 minutos"},"schema":{"@context":"https:\/\/schema.org","@graph":[{"@type":"Article","@id":"https:\/\/fuentesfidedignas.com.mx\/index.php\/2024\/09\/18\/violencia-en-sinaloa-tema-para-desprestigiarme-amlo\/#article","isPartOf":{"@id":"https:\/\/fuentesfidedignas.com.mx\/index.php\/2024\/09\/18\/violencia-en-sinaloa-tema-para-desprestigiarme-amlo\/"},"author":{"name":"Milenio","@id":"https:\/\/fuentesfidedignas.com.mx\/#\/schema\/person\/47ec0135738f4b0c7495f06a77a2c976"},"headline":"Violencia en Sinaloa, tema para desprestigiarme: AMLO","datePublished":"2024-09-18T15:13:32+00:00","dateModified":"2024-09-18T16:20:26+00:00","mainEntityOfPage":{"@id":"https:\/\/fuentesfidedignas.com.mx\/index.php\/2024\/09\/18\/violencia-en-sinaloa-tema-para-desprestigiarme-amlo\/"},"wordCount":368,"commentCount":0,"publisher":{"@id":"https:\/\/fuentesfidedignas.com.mx\/#organization"},"image":{"@id":"https:\/\/fuentesfidedignas.com.mx\/index.php\/2024\/09\/18\/violencia-en-sinaloa-tema-para-desprestigiarme-amlo\/#primaryimage"},"thumbnailUrl":"https:\/\/fuentesfidedignas.com.mx\/wp-content\/uploads\/2023\/11\/amlo-lopez-obrador-impuestos.jpg","articleSection":["NOTA PRINCIPAL"],"inLanguage":"es","potentialAction":[{"@type":"CommentAction","name":"Comment","target":["https:\/\/fuentesfidedignas.com.mx\/index.php\/2024\/09\/18\/violencia-en-sinaloa-tema-para-desprestigiarme-amlo\/#respond"]}]},{"@type":"WebPage","@id":"https:\/\/fuentesfidedignas.com.mx\/index.php\/2024\/09\/18\/violencia-en-sinaloa-tema-para-desprestigiarme-amlo\/","url":"https:\/\/fuentesfidedignas.com.mx\/index.php\/2024\/09\/18\/violencia-en-sinaloa-tema-para-desprestigiarme-amlo\/","name":"Violencia en Sinaloa, tema para desprestigiarme: AMLO - Fuentes Fidedignas","isPartOf":{"@id":"https:\/\/fuentesfidedignas.com.mx\/#website"},"primaryImageOfPage":{"@id":"https:\/\/fuentesfidedignas.com.mx\/index.php\/2024\/09\/18\/violencia-en-sinaloa-tema-para-desprestigiarme-amlo\/#primaryimage"},"image":{"@id":"https:\/\/fuentesfidedignas.com.mx\/index.php\/2024\/09\/18\/violencia-en-sinaloa-tema-para-desprestigiarme-amlo\/#primaryimage"},"thumbnailUrl":"https:\/\/fuentesfidedignas.com.mx\/wp-content\/uploads\/2023\/11\/amlo-lopez-obrador-impuestos.jpg","datePublished":"2024-09-18T15:13:32+00:00","dateModified":"2024-09-18T16:20:26+00:00","breadcrumb":{"@id":"https:\/\/fuentesfidedignas.com.mx\/index.php\/2024\/09\/18\/violencia-en-sinaloa-tema-para-desprestigiarme-amlo\/#breadcrumb"},"inLanguage":"es","potentialAction":[{"@type":"ReadAction","target":["https:\/\/fuentesfidedignas.com.mx\/index.php\/2024\/09\/18\/violencia-en-sinaloa-tema-para-desprestigiarme-amlo\/"]}]},{"@type":"ImageObject","inLanguage":"es","@id":"https:\/\/fuentesfidedignas.com.mx\/index.php\/2024\/09\/18\/violencia-en-sinaloa-tema-para-desprestigiarme-amlo\/#primaryimage","url":"https:\/\/fuentesfidedignas.com.mx\/wp-content\/uploads\/2023\/11\/amlo-lopez-obrador-impuestos.jpg","contentUrl":"https:\/\/fuentesfidedignas.com.mx\/wp-content\/uploads\/2023\/11\/amlo-lopez-obrador-impuestos.jpg","width":1024,"height":690},{"@type":"BreadcrumbList","@id":"https:\/\/fuentesfidedignas.com.mx\/index.php\/2024\/09\/18\/violencia-en-sinaloa-tema-para-desprestigiarme-amlo\/#breadcrumb","itemListElement":[{"@type":"ListItem","position":1,"name":"Inicio","item":"https:\/\/fuentesfidedignas.com.mx\/"},{"@type":"ListItem","position":2,"name":"Violencia en Sinaloa, tema para desprestigiarme: AMLO"}]},{"@type":"WebSite","@id":"https:\/\/fuentesfidedignas.com.mx\/#website","url":"https:\/\/fuentesfidedignas.com.mx\/","name":"Fuentes Fidedignas","description":"Otro sitio realizado con WordPress","publisher":{"@id":"https:\/\/fuentesfidedignas.com.mx\/#organization"},"potentialAction":[{"@type":"SearchAction","target":{"@type":"EntryPoint","urlTemplate":"https:\/\/fuentesfidedignas.com.mx\/?s={search_term_string}"},"query-input":{"@type":"PropertyValueSpecification","valueRequired":true,"valueName":"search_term_string"}}],"inLanguage":"es"},{"@type":"Organization","@id":"https:\/\/fuentesfidedignas.com.mx\/#organization","name":"Fuentes Fidedignas","url":"https:\/\/fuentesfidedignas.com.mx\/","logo":{"@type":"ImageObject","inLanguage":"es","@id":"https:\/\/fuentesfidedignas.com.mx\/#\/schema\/logo\/image\/","url":"https:\/\/fuentesfidedignas.com.mx\/wp-content\/uploads\/2021\/04\/logo-retina.png","contentUrl":"https:\/\/fuentesfidedignas.com.mx\/wp-content\/uploads\/2021\/04\/logo-retina.png","width":280,"height":51,"caption":"Fuentes Fidedignas"},"image":{"@id":"https:\/\/fuentesfidedignas.com.mx\/#\/schema\/logo\/image\/"},"sameAs":["https:\/\/www.facebook.com\/Fuentes-Fidedignas-368234489921644","https:\/\/x.com\/fidedignas"]},{"@type":"Person","@id":"https:\/\/fuentesfidedignas.com.mx\/#\/schema\/person\/47ec0135738f4b0c7495f06a77a2c976","name":"Milenio","image":{"@type":"ImageObject","inLanguage":"es","@id":"https:\/\/secure.gravatar.com\/avatar\/acabf7b54753e51c2c76457954577c236b3b764789b19879565769739d1e4a75?s=96&d=mm&r=g","url":"https:\/\/secure.gravatar.com\/avatar\/acabf7b54753e51c2c76457954577c236b3b764789b19879565769739d1e4a75?s=96&d=mm&r=g","contentUrl":"https:\/\/secure.gravatar.com\/avatar\/acabf7b54753e51c2c76457954577c236b3b764789b19879565769739d1e4a75?s=96&d=mm&r=g","caption":"Milenio"},"url":"https:\/\/fuentesfidedignas.com.mx\/index.php\/author\/milenio\/"}]}},"_links":{"self":[{"href":"https:\/\/fuentesfidedignas.com.mx\/index.php\/wp-json\/wp\/v2\/posts\/91425","targetHints":{"allow":["GET"]}}],"collection":[{"href":"https:\/\/fuentesfidedignas.com.mx\/index.php\/wp-json\/wp\/v2\/posts"}],"about":[{"href":"https:\/\/fuentesfidedignas.com.mx\/index.php\/wp-json\/wp\/v2\/types\/post"}],"author":[{"embeddable":true,"href":"https:\/\/fuentesfidedignas.com.mx\/index.php\/wp-json\/wp\/v2\/users\/9"}],"replies":[{"embeddable":true,"href":"https:\/\/fuentesfidedignas.com.mx\/index.php\/wp-json\/wp\/v2\/comments?post=91425"}],"version-history":[{"count":2,"href":"https:\/\/fuentesfidedignas.com.mx\/index.php\/wp-json\/wp\/v2\/posts\/91425\/revisions"}],"predecessor-version":[{"id":91427,"href":"https:\/\/fuentesfidedignas.com.mx\/index.php\/wp-json\/wp\/v2\/posts\/91425\/revisions\/91427"}],"wp:featuredmedia":[{"embeddable":true,"href":"https:\/\/fuentesfidedignas.com.mx\/index.php\/wp-json\/wp\/v2\/media\/65816"}],"wp:attachment":[{"href":"https:\/\/fuentesfidedignas.com.mx\/index.php\/wp-json\/wp\/v2\/media?parent=91425"}],"wp:term":[{"taxonomy":"category","embeddable":true,"href":"https:\/\/fuentesfidedignas.com.mx\/index.php\/wp-json\/wp\/v2\/categories?post=91425"},{"taxonomy":"post_tag","embeddable":true,"href":"https:\/\/fuentesfidedignas.com.mx\/index.php\/wp-json\/wp\/v2\/tags?post=91425"}],"curies":[{"name":"wp","href":"https:\/\/api.w.org\/{rel}","templated":true}]}}