{"id":91238,"date":"2024-09-16T08:59:40","date_gmt":"2024-09-16T15:59:40","guid":{"rendered":"https:\/\/fuentesfidedignas.com.mx\/?p=91238"},"modified":"2024-09-16T09:00:49","modified_gmt":"2024-09-16T16:00:49","slug":"llueven-criticas-a-amlo-tras-cerrar-su-ultimo-grito-de-independencia-con-el-sinaloense","status":"publish","type":"post","link":"https:\/\/fuentesfidedignas.com.mx\/index.php\/2024\/09\/16\/llueven-criticas-a-amlo-tras-cerrar-su-ultimo-grito-de-independencia-con-el-sinaloense\/","title":{"rendered":"Llueven cr\u00edticas a AMLO tras cerrar su \u00faltimo Grito de Independencia con \u201cEl Sinaloense\u201d"},"content":{"rendered":"\n<p><strong><em>En medio de la ola de violencia en Culiac\u00e1n, el mandatario cerr\u00f3 con dicha canci\u00f3n, lo que caus\u00f3 el enojo de los internautas<\/em><\/strong><\/p>\n\n\n\n<p>El presidente Andr\u00e9s Manuel L\u00f3pez Obrador particip\u00f3 en la celebraci\u00f3n del 214 aniversario de la Independencia de M\u00e9xico la noche del 15 de septiembre de 2024, marcando su \u00faltimo Grito de Independencia desde el Z\u00f3calo de la Ciudad de M\u00e9xico. Su arenga tradicional desde el balc\u00f3n del Palacio Nacional fue presenciada por miles de ciudadanos que se congregaron en la emblem\u00e1tica plaza central.<\/p>\n\n\n\n<p>A las 23:00 en punto, L\u00f3pez Obrador apareci\u00f3 en el balc\u00f3n presidencial acompa\u00f1ado de su esposa, Beatriz Guti\u00e9rrez M\u00fcller, quien se rob\u00f3 las miradas con un vestido morado. Durante su discurso, el presidente aprovech\u00f3 para hacer menci\u00f3n de la Cuarta Transformaci\u00f3n, emiti\u00f3 26 arengas de los cuales 22 fueron \u201cviva\u201d y 4 \u201cmuera\u201d.<\/p>\n\n\n\n<p>Luego de tocar la campana, ondear la bandera y entonar el Himno Nacional, el festejo dio paso a un show de fuegos artificiales y drones, mientras sonaba m\u00fasica regional mexicana. Sin embargo, la inclusi\u00f3n de la canci\u00f3n \u201cEl Sinaloense\u201d en la celebraci\u00f3n desencaden\u00f3 una ola de cr\u00edticas en las redes sociales.<\/p>\n\n\n\n<p>Usuarios criticaron la elecci\u00f3n musical durante el festejo del \u00faltimo Grito de Independencia de AMLO, se\u00f1alando insensibilidad ante la violencia en Sinaloa. (Gobierno de M\u00e9xico)<br>Numerosos usuarios manifestaron su descontento, alegando la iron\u00eda y la insensibilidad al tocar ese tema mientras Culiac\u00e1n, en el estado de Sinaloa, actualmente sufre una ola de violencia por el narco que tiene a sus ciudadanos confinados.<\/p>\n\n\n\n<p>Los comentarios en redes sociales reflejaron un sentimiento de frustraci\u00f3n y desd\u00e9n hacia el presidente por lo que muchos consideraron una desconexi\u00f3n de la realidad. Los usuarios expresaron su descontento al considerar que la inclusi\u00f3n de esta canci\u00f3n en el evento era una insensibilidad hacia la grave situaci\u00f3n que enfrenta el estado.<\/p>\n\n\n\n<p>Entre los indignados comentarios se pod\u00eda leer: \u201cCuliac\u00e1n est\u00e1 semi paralizado desde el lunes pasado por la violencia. Hoy L\u00f3pez en su grito de despedida toca el sinaloense en un acto de absoluta y brutal indolencia. No merecemos esto\u201d; \u201cQue iron\u00eda. Durante el festejo del Grito en el Z\u00f3calo de la CDMX pusieron la canci\u00f3n de \u2018El Sinaloense\u2019, y aqu\u00ed en Sinaloa los ciudadanos est\u00e1n encerrados sin poder festejar la \u2018libertad\u2019 que tanto hoy se presume\u201d.<\/p>\n\n\n\n<p>Asimismo, otros internautas se\u00f1alaron que \u201c\u2018El sinaloense\u2019 sonando a todo lo que da en el grito de Independencia en CDMX, y mientras nosotros en Culiac\u00e1n durmiendo as\u00ed DESDE HACE YA CASI UNA SEMANA, y con nuestro presidente queriendo minimizar los hechos y tapar el sol con un dedo\u201d, \u201cAl m\u00e1s puro estilo de Luis Estrada. El sexenio m\u00e1s violento de la historia \u00bfY #Sinaloa?, sumido en la violencia. Eso no parece importar a un Presidente que se mira orgulloso desde su balc\u00f3n (mientras se escucha \u2018El Sinaloense\u2019 de fondo) por haber dejado un pa\u00eds dividido, endeudado y militarizado\u201d, se lee.<\/p>\n\n\n\n<p><strong>\u00bfQui\u00e9n es el autor de El Sinaloense?<\/strong><br>\u201cEl Sinaloense\u201d es una de las canciones m\u00e1s emblem\u00e1ticas del repertorio musical mexicano, dedicada al estado de Sinaloa. Fue compuesta en 1944 por Severiano Brise\u00f1o, un destacado compositor mexicano nacido en San Luis Potos\u00ed. La canci\u00f3n se ha convertido en un s\u00edmbolo de la identidad y la cultura del estado norte\u00f1o, reflejando el orgullo regional y el esp\u00edritu de su gente.<\/p>\n\n\n\n<p>La historia detr\u00e1s de la composici\u00f3n de la canci\u00f3n es interesante. En octubre de 1943, Severiano Brise\u00f1o, quien formaba parte del tr\u00edo musical \u201cLos Tamaulipecos\u201d, se encontraba en Mazatl\u00e1n, Sinaloa. Durante una parada en un bar local llamado \u201cEl Torito Manchado\u201d, Brise\u00f1o recibi\u00f3 una solicitud para componer una canci\u00f3n dedicada al estado de Sinaloa. La petici\u00f3n fue realizada por Rodolfo Rodr\u00edguez Vega, apodado \u201cEl Negro\u201d, un local que trabajaba en el ingenio de El Roble y ten\u00eda una profunda conexi\u00f3n con la regi\u00f3n. Aunque en ocasiones se ha atribuido a Oscar Malac\u00f3n L\u00f3pez una influencia en la composici\u00f3n, investigaciones m\u00e1s recientes aclaran que Brise\u00f1o fue el principal art\u00edfice de la canci\u00f3n.<\/p>\n\n\n\n<p>La letra de \u201cEl Sinaloense\u201d celebra la identidad y las tradiciones de Sinaloa. La canci\u00f3n menciona varios lugares emblem\u00e1ticos del estado, como Navolato y El Roble, y hace referencia a elementos culturales caracter\u00edsticos de la regi\u00f3n, como la tambora, que es sin\u00f3nimo de banda sinaloense. La pieza musical se ha interpretado en diversas versiones, destac\u00e1ndose tanto en presentaciones de bandas de viento como en interpretaciones con mariachis, marimbas y orquestas.<\/p>\n\n\n\n<p>Desde su creaci\u00f3n, \u201cEl Sinaloense\u201d ha ganado una enorme popularidad y se ha convertido en una pieza fundamental del repertorio de las bandas sinaloenses. La canci\u00f3n ha sido interpretada por numerosos artistas, incluyendo figuras destacadas como Rosenda Bernal, Luis P\u00e9rez Meza, Luis Aguilar, Piporro, Lola Beltr\u00e1n, Juan Gabriel, Chayito Valdez y Julio Preciado.<\/p>\n","protected":false},"excerpt":{"rendered":"<p>En medio de la ola de violencia en Culiac\u00e1n, el mandatario cerr\u00f3 con dicha canci\u00f3n, lo que caus\u00f3 el enojo de los internautas El presidente Andr\u00e9s Manuel L\u00f3pez Obrador particip\u00f3 en la celebraci\u00f3n del 214 aniversario de la Independencia de M\u00e9xico la noche del 15 de septiembre de 2024, marcando su \u00faltimo Grito de Independencia [&hellip;]<\/p>\n","protected":false},"author":41,"featured_media":91239,"comment_status":"open","ping_status":"open","sticky":false,"template":"","format":"standard","meta":{"tdm_status":"","tdm_grid_status":"","footnotes":""},"categories":[39],"tags":[],"class_list":{"0":"post-91238","1":"post","2":"type-post","3":"status-publish","4":"format-standard","5":"has-post-thumbnail","7":"category-noticias-nacionales"},"yoast_head":"<!-- This site is optimized with the Yoast SEO plugin v27.4 - https:\/\/yoast.com\/product\/yoast-seo-wordpress\/ -->\n<title>Llueven cr\u00edticas a AMLO tras cerrar su \u00faltimo Grito de Independencia con \u201cEl Sinaloense\u201d - Fuentes Fidedignas<\/title>\n<meta name=\"robots\" content=\"index, follow, max-snippet:-1, max-image-preview:large, max-video-preview:-1\" \/>\n<link rel=\"canonical\" href=\"https:\/\/fuentesfidedignas.com.mx\/index.php\/2024\/09\/16\/llueven-criticas-a-amlo-tras-cerrar-su-ultimo-grito-de-independencia-con-el-sinaloense\/\" \/>\n<meta property=\"og:locale\" content=\"es_MX\" \/>\n<meta property=\"og:type\" content=\"article\" \/>\n<meta property=\"og:title\" content=\"Llueven cr\u00edticas a AMLO tras cerrar su \u00faltimo Grito de Independencia con \u201cEl Sinaloense\u201d - Fuentes Fidedignas\" \/>\n<meta property=\"og:description\" content=\"En medio de la ola de violencia en Culiac\u00e1n, el mandatario cerr\u00f3 con dicha canci\u00f3n, lo que caus\u00f3 el enojo de los internautas El presidente Andr\u00e9s Manuel L\u00f3pez Obrador particip\u00f3 en la celebraci\u00f3n del 214 aniversario de la Independencia de M\u00e9xico la noche del 15 de septiembre de 2024, marcando su \u00faltimo Grito de Independencia [&hellip;]\" \/>\n<meta property=\"og:url\" content=\"https:\/\/fuentesfidedignas.com.mx\/index.php\/2024\/09\/16\/llueven-criticas-a-amlo-tras-cerrar-su-ultimo-grito-de-independencia-con-el-sinaloense\/\" \/>\n<meta property=\"og:site_name\" content=\"Fuentes Fidedignas\" \/>\n<meta property=\"article:publisher\" content=\"https:\/\/www.facebook.com\/Fuentes-Fidedignas-368234489921644\" \/>\n<meta property=\"article:published_time\" content=\"2024-09-16T15:59:40+00:00\" \/>\n<meta property=\"article:modified_time\" content=\"2024-09-16T16:00:49+00:00\" \/>\n<meta property=\"og:image\" content=\"https:\/\/fuentesfidedignas.com.mx\/wp-content\/uploads\/2024\/09\/AMLO_balcon.jpg\" \/>\n\t<meta property=\"og:image:width\" content=\"650\" \/>\n\t<meta property=\"og:image:height\" content=\"398\" \/>\n\t<meta property=\"og:image:type\" content=\"image\/jpeg\" \/>\n<meta name=\"author\" content=\"Infobae\" \/>\n<meta name=\"twitter:card\" content=\"summary_large_image\" \/>\n<meta name=\"twitter:creator\" content=\"@fidedignas\" \/>\n<meta name=\"twitter:site\" content=\"@fidedignas\" \/>\n<meta name=\"twitter:label1\" content=\"Escrito por\" \/>\n\t<meta name=\"twitter:data1\" content=\"Infobae\" \/>\n\t<meta name=\"twitter:label2\" content=\"Tiempo de lectura\" \/>\n\t<meta name=\"twitter:data2\" content=\"4 minutos\" \/>\n<script type=\"application\/ld+json\" class=\"yoast-schema-graph\">{\"@context\":\"https:\\\/\\\/schema.org\",\"@graph\":[{\"@type\":\"Article\",\"@id\":\"https:\\\/\\\/fuentesfidedignas.com.mx\\\/index.php\\\/2024\\\/09\\\/16\\\/llueven-criticas-a-amlo-tras-cerrar-su-ultimo-grito-de-independencia-con-el-sinaloense\\\/#article\",\"isPartOf\":{\"@id\":\"https:\\\/\\\/fuentesfidedignas.com.mx\\\/index.php\\\/2024\\\/09\\\/16\\\/llueven-criticas-a-amlo-tras-cerrar-su-ultimo-grito-de-independencia-con-el-sinaloense\\\/\"},\"author\":{\"name\":\"Infobae\",\"@id\":\"https:\\\/\\\/fuentesfidedignas.com.mx\\\/#\\\/schema\\\/person\\\/8575896a7c1067d352f6c1cd6582c389\"},\"headline\":\"Llueven cr\u00edticas a AMLO tras cerrar su \u00faltimo Grito de Independencia con \u201cEl Sinaloense\u201d\",\"datePublished\":\"2024-09-16T15:59:40+00:00\",\"dateModified\":\"2024-09-16T16:00:49+00:00\",\"mainEntityOfPage\":{\"@id\":\"https:\\\/\\\/fuentesfidedignas.com.mx\\\/index.php\\\/2024\\\/09\\\/16\\\/llueven-criticas-a-amlo-tras-cerrar-su-ultimo-grito-de-independencia-con-el-sinaloense\\\/\"},\"wordCount\":872,\"commentCount\":0,\"publisher\":{\"@id\":\"https:\\\/\\\/fuentesfidedignas.com.mx\\\/#organization\"},\"image\":{\"@id\":\"https:\\\/\\\/fuentesfidedignas.com.mx\\\/index.php\\\/2024\\\/09\\\/16\\\/llueven-criticas-a-amlo-tras-cerrar-su-ultimo-grito-de-independencia-con-el-sinaloense\\\/#primaryimage\"},\"thumbnailUrl\":\"https:\\\/\\\/fuentesfidedignas.com.mx\\\/wp-content\\\/uploads\\\/2024\\\/09\\\/AMLO_balcon.jpg\",\"articleSection\":[\"NOTICIAS NACIONALES\"],\"inLanguage\":\"es\",\"potentialAction\":[{\"@type\":\"CommentAction\",\"name\":\"Comment\",\"target\":[\"https:\\\/\\\/fuentesfidedignas.com.mx\\\/index.php\\\/2024\\\/09\\\/16\\\/llueven-criticas-a-amlo-tras-cerrar-su-ultimo-grito-de-independencia-con-el-sinaloense\\\/#respond\"]}]},{\"@type\":\"WebPage\",\"@id\":\"https:\\\/\\\/fuentesfidedignas.com.mx\\\/index.php\\\/2024\\\/09\\\/16\\\/llueven-criticas-a-amlo-tras-cerrar-su-ultimo-grito-de-independencia-con-el-sinaloense\\\/\",\"url\":\"https:\\\/\\\/fuentesfidedignas.com.mx\\\/index.php\\\/2024\\\/09\\\/16\\\/llueven-criticas-a-amlo-tras-cerrar-su-ultimo-grito-de-independencia-con-el-sinaloense\\\/\",\"name\":\"Llueven cr\u00edticas a AMLO tras cerrar su \u00faltimo Grito de Independencia con \u201cEl Sinaloense\u201d - Fuentes Fidedignas\",\"isPartOf\":{\"@id\":\"https:\\\/\\\/fuentesfidedignas.com.mx\\\/#website\"},\"primaryImageOfPage\":{\"@id\":\"https:\\\/\\\/fuentesfidedignas.com.mx\\\/index.php\\\/2024\\\/09\\\/16\\\/llueven-criticas-a-amlo-tras-cerrar-su-ultimo-grito-de-independencia-con-el-sinaloense\\\/#primaryimage\"},\"image\":{\"@id\":\"https:\\\/\\\/fuentesfidedignas.com.mx\\\/index.php\\\/2024\\\/09\\\/16\\\/llueven-criticas-a-amlo-tras-cerrar-su-ultimo-grito-de-independencia-con-el-sinaloense\\\/#primaryimage\"},\"thumbnailUrl\":\"https:\\\/\\\/fuentesfidedignas.com.mx\\\/wp-content\\\/uploads\\\/2024\\\/09\\\/AMLO_balcon.jpg\",\"datePublished\":\"2024-09-16T15:59:40+00:00\",\"dateModified\":\"2024-09-16T16:00:49+00:00\",\"breadcrumb\":{\"@id\":\"https:\\\/\\\/fuentesfidedignas.com.mx\\\/index.php\\\/2024\\\/09\\\/16\\\/llueven-criticas-a-amlo-tras-cerrar-su-ultimo-grito-de-independencia-con-el-sinaloense\\\/#breadcrumb\"},\"inLanguage\":\"es\",\"potentialAction\":[{\"@type\":\"ReadAction\",\"target\":[\"https:\\\/\\\/fuentesfidedignas.com.mx\\\/index.php\\\/2024\\\/09\\\/16\\\/llueven-criticas-a-amlo-tras-cerrar-su-ultimo-grito-de-independencia-con-el-sinaloense\\\/\"]}]},{\"@type\":\"ImageObject\",\"inLanguage\":\"es\",\"@id\":\"https:\\\/\\\/fuentesfidedignas.com.mx\\\/index.php\\\/2024\\\/09\\\/16\\\/llueven-criticas-a-amlo-tras-cerrar-su-ultimo-grito-de-independencia-con-el-sinaloense\\\/#primaryimage\",\"url\":\"https:\\\/\\\/fuentesfidedignas.com.mx\\\/wp-content\\\/uploads\\\/2024\\\/09\\\/AMLO_balcon.jpg\",\"contentUrl\":\"https:\\\/\\\/fuentesfidedignas.com.mx\\\/wp-content\\\/uploads\\\/2024\\\/09\\\/AMLO_balcon.jpg\",\"width\":650,\"height\":398},{\"@type\":\"BreadcrumbList\",\"@id\":\"https:\\\/\\\/fuentesfidedignas.com.mx\\\/index.php\\\/2024\\\/09\\\/16\\\/llueven-criticas-a-amlo-tras-cerrar-su-ultimo-grito-de-independencia-con-el-sinaloense\\\/#breadcrumb\",\"itemListElement\":[{\"@type\":\"ListItem\",\"position\":1,\"name\":\"Inicio\",\"item\":\"https:\\\/\\\/fuentesfidedignas.com.mx\\\/\"},{\"@type\":\"ListItem\",\"position\":2,\"name\":\"Llueven cr\u00edticas a AMLO tras cerrar su \u00faltimo Grito de Independencia con \u201cEl Sinaloense\u201d\"}]},{\"@type\":\"WebSite\",\"@id\":\"https:\\\/\\\/fuentesfidedignas.com.mx\\\/#website\",\"url\":\"https:\\\/\\\/fuentesfidedignas.com.mx\\\/\",\"name\":\"Fuentes Fidedignas\",\"description\":\"Otro sitio realizado con WordPress\",\"publisher\":{\"@id\":\"https:\\\/\\\/fuentesfidedignas.com.mx\\\/#organization\"},\"potentialAction\":[{\"@type\":\"SearchAction\",\"target\":{\"@type\":\"EntryPoint\",\"urlTemplate\":\"https:\\\/\\\/fuentesfidedignas.com.mx\\\/?s={search_term_string}\"},\"query-input\":{\"@type\":\"PropertyValueSpecification\",\"valueRequired\":true,\"valueName\":\"search_term_string\"}}],\"inLanguage\":\"es\"},{\"@type\":\"Organization\",\"@id\":\"https:\\\/\\\/fuentesfidedignas.com.mx\\\/#organization\",\"name\":\"Fuentes Fidedignas\",\"url\":\"https:\\\/\\\/fuentesfidedignas.com.mx\\\/\",\"logo\":{\"@type\":\"ImageObject\",\"inLanguage\":\"es\",\"@id\":\"https:\\\/\\\/fuentesfidedignas.com.mx\\\/#\\\/schema\\\/logo\\\/image\\\/\",\"url\":\"https:\\\/\\\/fuentesfidedignas.com.mx\\\/wp-content\\\/uploads\\\/2021\\\/04\\\/logo-retina.png\",\"contentUrl\":\"https:\\\/\\\/fuentesfidedignas.com.mx\\\/wp-content\\\/uploads\\\/2021\\\/04\\\/logo-retina.png\",\"width\":280,\"height\":51,\"caption\":\"Fuentes Fidedignas\"},\"image\":{\"@id\":\"https:\\\/\\\/fuentesfidedignas.com.mx\\\/#\\\/schema\\\/logo\\\/image\\\/\"},\"sameAs\":[\"https:\\\/\\\/www.facebook.com\\\/Fuentes-Fidedignas-368234489921644\",\"https:\\\/\\\/x.com\\\/fidedignas\"]},{\"@type\":\"Person\",\"@id\":\"https:\\\/\\\/fuentesfidedignas.com.mx\\\/#\\\/schema\\\/person\\\/8575896a7c1067d352f6c1cd6582c389\",\"name\":\"Infobae\",\"image\":{\"@type\":\"ImageObject\",\"inLanguage\":\"es\",\"@id\":\"https:\\\/\\\/secure.gravatar.com\\\/avatar\\\/e4ec95706f8d1670343f6526fdcec45474bab17475a851434a64ca12b5acba1c?s=96&d=mm&r=g\",\"url\":\"https:\\\/\\\/secure.gravatar.com\\\/avatar\\\/e4ec95706f8d1670343f6526fdcec45474bab17475a851434a64ca12b5acba1c?s=96&d=mm&r=g\",\"contentUrl\":\"https:\\\/\\\/secure.gravatar.com\\\/avatar\\\/e4ec95706f8d1670343f6526fdcec45474bab17475a851434a64ca12b5acba1c?s=96&d=mm&r=g\",\"caption\":\"Infobae\"},\"url\":\"https:\\\/\\\/fuentesfidedignas.com.mx\\\/index.php\\\/author\\\/infobae\\\/\"}]}<\/script>\n<!-- \/ Yoast SEO plugin. -->","yoast_head_json":{"title":"Llueven cr\u00edticas a AMLO tras cerrar su \u00faltimo Grito de Independencia con \u201cEl Sinaloense\u201d - Fuentes Fidedignas","robots":{"index":"index","follow":"follow","max-snippet":"max-snippet:-1","max-image-preview":"max-image-preview:large","max-video-preview":"max-video-preview:-1"},"canonical":"https:\/\/fuentesfidedignas.com.mx\/index.php\/2024\/09\/16\/llueven-criticas-a-amlo-tras-cerrar-su-ultimo-grito-de-independencia-con-el-sinaloense\/","og_locale":"es_MX","og_type":"article","og_title":"Llueven cr\u00edticas a AMLO tras cerrar su \u00faltimo Grito de Independencia con \u201cEl Sinaloense\u201d - Fuentes Fidedignas","og_description":"En medio de la ola de violencia en Culiac\u00e1n, el mandatario cerr\u00f3 con dicha canci\u00f3n, lo que caus\u00f3 el enojo de los internautas El presidente Andr\u00e9s Manuel L\u00f3pez Obrador particip\u00f3 en la celebraci\u00f3n del 214 aniversario de la Independencia de M\u00e9xico la noche del 15 de septiembre de 2024, marcando su \u00faltimo Grito de Independencia [&hellip;]","og_url":"https:\/\/fuentesfidedignas.com.mx\/index.php\/2024\/09\/16\/llueven-criticas-a-amlo-tras-cerrar-su-ultimo-grito-de-independencia-con-el-sinaloense\/","og_site_name":"Fuentes Fidedignas","article_publisher":"https:\/\/www.facebook.com\/Fuentes-Fidedignas-368234489921644","article_published_time":"2024-09-16T15:59:40+00:00","article_modified_time":"2024-09-16T16:00:49+00:00","og_image":[{"width":650,"height":398,"url":"https:\/\/fuentesfidedignas.com.mx\/wp-content\/uploads\/2024\/09\/AMLO_balcon.jpg","type":"image\/jpeg"}],"author":"Infobae","twitter_card":"summary_large_image","twitter_creator":"@fidedignas","twitter_site":"@fidedignas","twitter_misc":{"Escrito por":"Infobae","Tiempo de lectura":"4 minutos"},"schema":{"@context":"https:\/\/schema.org","@graph":[{"@type":"Article","@id":"https:\/\/fuentesfidedignas.com.mx\/index.php\/2024\/09\/16\/llueven-criticas-a-amlo-tras-cerrar-su-ultimo-grito-de-independencia-con-el-sinaloense\/#article","isPartOf":{"@id":"https:\/\/fuentesfidedignas.com.mx\/index.php\/2024\/09\/16\/llueven-criticas-a-amlo-tras-cerrar-su-ultimo-grito-de-independencia-con-el-sinaloense\/"},"author":{"name":"Infobae","@id":"https:\/\/fuentesfidedignas.com.mx\/#\/schema\/person\/8575896a7c1067d352f6c1cd6582c389"},"headline":"Llueven cr\u00edticas a AMLO tras cerrar su \u00faltimo Grito de Independencia con \u201cEl Sinaloense\u201d","datePublished":"2024-09-16T15:59:40+00:00","dateModified":"2024-09-16T16:00:49+00:00","mainEntityOfPage":{"@id":"https:\/\/fuentesfidedignas.com.mx\/index.php\/2024\/09\/16\/llueven-criticas-a-amlo-tras-cerrar-su-ultimo-grito-de-independencia-con-el-sinaloense\/"},"wordCount":872,"commentCount":0,"publisher":{"@id":"https:\/\/fuentesfidedignas.com.mx\/#organization"},"image":{"@id":"https:\/\/fuentesfidedignas.com.mx\/index.php\/2024\/09\/16\/llueven-criticas-a-amlo-tras-cerrar-su-ultimo-grito-de-independencia-con-el-sinaloense\/#primaryimage"},"thumbnailUrl":"https:\/\/fuentesfidedignas.com.mx\/wp-content\/uploads\/2024\/09\/AMLO_balcon.jpg","articleSection":["NOTICIAS NACIONALES"],"inLanguage":"es","potentialAction":[{"@type":"CommentAction","name":"Comment","target":["https:\/\/fuentesfidedignas.com.mx\/index.php\/2024\/09\/16\/llueven-criticas-a-amlo-tras-cerrar-su-ultimo-grito-de-independencia-con-el-sinaloense\/#respond"]}]},{"@type":"WebPage","@id":"https:\/\/fuentesfidedignas.com.mx\/index.php\/2024\/09\/16\/llueven-criticas-a-amlo-tras-cerrar-su-ultimo-grito-de-independencia-con-el-sinaloense\/","url":"https:\/\/fuentesfidedignas.com.mx\/index.php\/2024\/09\/16\/llueven-criticas-a-amlo-tras-cerrar-su-ultimo-grito-de-independencia-con-el-sinaloense\/","name":"Llueven cr\u00edticas a AMLO tras cerrar su \u00faltimo Grito de Independencia con \u201cEl Sinaloense\u201d - Fuentes Fidedignas","isPartOf":{"@id":"https:\/\/fuentesfidedignas.com.mx\/#website"},"primaryImageOfPage":{"@id":"https:\/\/fuentesfidedignas.com.mx\/index.php\/2024\/09\/16\/llueven-criticas-a-amlo-tras-cerrar-su-ultimo-grito-de-independencia-con-el-sinaloense\/#primaryimage"},"image":{"@id":"https:\/\/fuentesfidedignas.com.mx\/index.php\/2024\/09\/16\/llueven-criticas-a-amlo-tras-cerrar-su-ultimo-grito-de-independencia-con-el-sinaloense\/#primaryimage"},"thumbnailUrl":"https:\/\/fuentesfidedignas.com.mx\/wp-content\/uploads\/2024\/09\/AMLO_balcon.jpg","datePublished":"2024-09-16T15:59:40+00:00","dateModified":"2024-09-16T16:00:49+00:00","breadcrumb":{"@id":"https:\/\/fuentesfidedignas.com.mx\/index.php\/2024\/09\/16\/llueven-criticas-a-amlo-tras-cerrar-su-ultimo-grito-de-independencia-con-el-sinaloense\/#breadcrumb"},"inLanguage":"es","potentialAction":[{"@type":"ReadAction","target":["https:\/\/fuentesfidedignas.com.mx\/index.php\/2024\/09\/16\/llueven-criticas-a-amlo-tras-cerrar-su-ultimo-grito-de-independencia-con-el-sinaloense\/"]}]},{"@type":"ImageObject","inLanguage":"es","@id":"https:\/\/fuentesfidedignas.com.mx\/index.php\/2024\/09\/16\/llueven-criticas-a-amlo-tras-cerrar-su-ultimo-grito-de-independencia-con-el-sinaloense\/#primaryimage","url":"https:\/\/fuentesfidedignas.com.mx\/wp-content\/uploads\/2024\/09\/AMLO_balcon.jpg","contentUrl":"https:\/\/fuentesfidedignas.com.mx\/wp-content\/uploads\/2024\/09\/AMLO_balcon.jpg","width":650,"height":398},{"@type":"BreadcrumbList","@id":"https:\/\/fuentesfidedignas.com.mx\/index.php\/2024\/09\/16\/llueven-criticas-a-amlo-tras-cerrar-su-ultimo-grito-de-independencia-con-el-sinaloense\/#breadcrumb","itemListElement":[{"@type":"ListItem","position":1,"name":"Inicio","item":"https:\/\/fuentesfidedignas.com.mx\/"},{"@type":"ListItem","position":2,"name":"Llueven cr\u00edticas a AMLO tras cerrar su \u00faltimo Grito de Independencia con \u201cEl Sinaloense\u201d"}]},{"@type":"WebSite","@id":"https:\/\/fuentesfidedignas.com.mx\/#website","url":"https:\/\/fuentesfidedignas.com.mx\/","name":"Fuentes Fidedignas","description":"Otro sitio realizado con WordPress","publisher":{"@id":"https:\/\/fuentesfidedignas.com.mx\/#organization"},"potentialAction":[{"@type":"SearchAction","target":{"@type":"EntryPoint","urlTemplate":"https:\/\/fuentesfidedignas.com.mx\/?s={search_term_string}"},"query-input":{"@type":"PropertyValueSpecification","valueRequired":true,"valueName":"search_term_string"}}],"inLanguage":"es"},{"@type":"Organization","@id":"https:\/\/fuentesfidedignas.com.mx\/#organization","name":"Fuentes Fidedignas","url":"https:\/\/fuentesfidedignas.com.mx\/","logo":{"@type":"ImageObject","inLanguage":"es","@id":"https:\/\/fuentesfidedignas.com.mx\/#\/schema\/logo\/image\/","url":"https:\/\/fuentesfidedignas.com.mx\/wp-content\/uploads\/2021\/04\/logo-retina.png","contentUrl":"https:\/\/fuentesfidedignas.com.mx\/wp-content\/uploads\/2021\/04\/logo-retina.png","width":280,"height":51,"caption":"Fuentes Fidedignas"},"image":{"@id":"https:\/\/fuentesfidedignas.com.mx\/#\/schema\/logo\/image\/"},"sameAs":["https:\/\/www.facebook.com\/Fuentes-Fidedignas-368234489921644","https:\/\/x.com\/fidedignas"]},{"@type":"Person","@id":"https:\/\/fuentesfidedignas.com.mx\/#\/schema\/person\/8575896a7c1067d352f6c1cd6582c389","name":"Infobae","image":{"@type":"ImageObject","inLanguage":"es","@id":"https:\/\/secure.gravatar.com\/avatar\/e4ec95706f8d1670343f6526fdcec45474bab17475a851434a64ca12b5acba1c?s=96&d=mm&r=g","url":"https:\/\/secure.gravatar.com\/avatar\/e4ec95706f8d1670343f6526fdcec45474bab17475a851434a64ca12b5acba1c?s=96&d=mm&r=g","contentUrl":"https:\/\/secure.gravatar.com\/avatar\/e4ec95706f8d1670343f6526fdcec45474bab17475a851434a64ca12b5acba1c?s=96&d=mm&r=g","caption":"Infobae"},"url":"https:\/\/fuentesfidedignas.com.mx\/index.php\/author\/infobae\/"}]}},"_links":{"self":[{"href":"https:\/\/fuentesfidedignas.com.mx\/index.php\/wp-json\/wp\/v2\/posts\/91238","targetHints":{"allow":["GET"]}}],"collection":[{"href":"https:\/\/fuentesfidedignas.com.mx\/index.php\/wp-json\/wp\/v2\/posts"}],"about":[{"href":"https:\/\/fuentesfidedignas.com.mx\/index.php\/wp-json\/wp\/v2\/types\/post"}],"author":[{"embeddable":true,"href":"https:\/\/fuentesfidedignas.com.mx\/index.php\/wp-json\/wp\/v2\/users\/41"}],"replies":[{"embeddable":true,"href":"https:\/\/fuentesfidedignas.com.mx\/index.php\/wp-json\/wp\/v2\/comments?post=91238"}],"version-history":[{"count":2,"href":"https:\/\/fuentesfidedignas.com.mx\/index.php\/wp-json\/wp\/v2\/posts\/91238\/revisions"}],"predecessor-version":[{"id":91241,"href":"https:\/\/fuentesfidedignas.com.mx\/index.php\/wp-json\/wp\/v2\/posts\/91238\/revisions\/91241"}],"wp:featuredmedia":[{"embeddable":true,"href":"https:\/\/fuentesfidedignas.com.mx\/index.php\/wp-json\/wp\/v2\/media\/91239"}],"wp:attachment":[{"href":"https:\/\/fuentesfidedignas.com.mx\/index.php\/wp-json\/wp\/v2\/media?parent=91238"}],"wp:term":[{"taxonomy":"category","embeddable":true,"href":"https:\/\/fuentesfidedignas.com.mx\/index.php\/wp-json\/wp\/v2\/categories?post=91238"},{"taxonomy":"post_tag","embeddable":true,"href":"https:\/\/fuentesfidedignas.com.mx\/index.php\/wp-json\/wp\/v2\/tags?post=91238"}],"curies":[{"name":"wp","href":"https:\/\/api.w.org\/{rel}","templated":true}]}}