{"id":91122,"date":"2024-09-14T03:33:00","date_gmt":"2024-09-14T10:33:00","guid":{"rendered":"https:\/\/fuentesfidedignas.com.mx\/?p=91122"},"modified":"2024-09-13T19:36:04","modified_gmt":"2024-09-14T02:36:04","slug":"fallece-la-mujer-mas-longeva-de-espana-a-los-114-anos","status":"publish","type":"post","link":"https:\/\/fuentesfidedignas.com.mx\/index.php\/2024\/09\/14\/fallece-la-mujer-mas-longeva-de-espana-a-los-114-anos\/","title":{"rendered":"Fallece la mujer m\u00e1s longeva de Espa\u00f1a, a los 114 a\u00f1os"},"content":{"rendered":"\n<p><strong><em>Silveria Mart\u00edn D\u00edaz muri\u00f3 en la residencia de mayores donde resid\u00eda.<\/em><\/strong><\/p>\n\n\n\n<p>La espa\u00f1ola Silveria Mart\u00edn D\u00edaz, que el pasado mes de agosto se convirti\u00f3, a sus 114 a\u00f1os, en la mujer m\u00e1s longeva de Espa\u00f1a y la novena persona de mayor edad del mundo, falleci\u00f3 en la residencia de mayores donde resid\u00eda.<\/p>\n\n\n\n<p>La muerte tuvo lugar ayer mi\u00e9rcoles en la localidad de Villanueva de la Vera, en el este de Espa\u00f1a, inform\u00f3 la web Extreme\u00f1os Centenarios, que dio a conocer la noticia de su deceso.<\/p>\n\n\n\n<p>Silveria Mart\u00edn hab\u00eda nacido el 20 de junio de 1910 en un peque\u00f1o pueblo de Extremadura que en 1963 desapareci\u00f3 bajo uno de los pantanos m\u00e1s importantes de Espa\u00f1a, en una \u00e9poca en la que, en pleno desarrollismo franquista, se construyeron en el pa\u00eds decenas de ellos.<\/p>\n\n\n\n<p>Y all\u00ed se cri\u00f3, se cas\u00f3 con Jos\u00e9 &#8220;El Retratista&#8221; -como le conoc\u00edan sus vecinos-, nacieron sus cinco hijos y vivieron hasta que cumpli\u00f3 los 53 a\u00f1os, hasta que lleg\u00f3 la orden de desalojo del pueblo y la familia tuvo rehacer su vida en otro lugar, en uno de las m\u00faltiples localidades construidas en esa \u00e9poca para acoger a las personas que hab\u00eda que realojar.<\/p>\n\n\n\n<p>Como miles de familias campesinas y obreras de la Espa\u00f1a de los a\u00f1os 60 del siglo pasado, Silveria y los suyos acabaron emigrando a otro pa\u00eds de Europa, en su caso a Francia.<\/p>\n\n\n\n<p>Ella siempre se dedic\u00f3 a su familia y a su hogar, &#8220;le encantaba cocinar, hacer punto, ganchillo, no pod\u00eda estar parada en casa, ha sido y es una mujer muy activa&#8221;, se\u00f1alaba en su 112 cumplea\u00f1os su hija, Julia Arroyo Mart\u00edn.<\/p>\n","protected":false},"excerpt":{"rendered":"<p>Silveria Mart\u00edn D\u00edaz muri\u00f3 en la residencia de mayores donde resid\u00eda. La espa\u00f1ola Silveria Mart\u00edn D\u00edaz, que el pasado mes de agosto se convirti\u00f3, a sus 114 a\u00f1os, en la mujer m\u00e1s longeva de Espa\u00f1a y la novena persona de mayor edad del mundo, falleci\u00f3 en la residencia de mayores donde resid\u00eda. La muerte tuvo [&hellip;]<\/p>\n","protected":false},"author":22,"featured_media":91123,"comment_status":"open","ping_status":"open","sticky":false,"template":"","format":"standard","meta":{"tdm_status":"","tdm_grid_status":"","footnotes":""},"categories":[40],"tags":[],"class_list":{"0":"post-91122","1":"post","2":"type-post","3":"status-publish","4":"format-standard","5":"has-post-thumbnail","7":"category-las-asombrosas"},"yoast_head":"<!-- This site is optimized with the Yoast SEO plugin v27.4 - https:\/\/yoast.com\/product\/yoast-seo-wordpress\/ -->\n<title>Fallece la mujer m\u00e1s longeva de Espa\u00f1a, a los 114 a\u00f1os - Fuentes Fidedignas<\/title>\n<meta name=\"robots\" content=\"index, follow, max-snippet:-1, max-image-preview:large, max-video-preview:-1\" \/>\n<link rel=\"canonical\" href=\"https:\/\/fuentesfidedignas.com.mx\/index.php\/2024\/09\/14\/fallece-la-mujer-mas-longeva-de-espana-a-los-114-anos\/\" \/>\n<meta property=\"og:locale\" content=\"es_MX\" \/>\n<meta property=\"og:type\" content=\"article\" \/>\n<meta property=\"og:title\" content=\"Fallece la mujer m\u00e1s longeva de Espa\u00f1a, a los 114 a\u00f1os - Fuentes Fidedignas\" \/>\n<meta property=\"og:description\" content=\"Silveria Mart\u00edn D\u00edaz muri\u00f3 en la residencia de mayores donde resid\u00eda. La espa\u00f1ola Silveria Mart\u00edn D\u00edaz, que el pasado mes de agosto se convirti\u00f3, a sus 114 a\u00f1os, en la mujer m\u00e1s longeva de Espa\u00f1a y la novena persona de mayor edad del mundo, falleci\u00f3 en la residencia de mayores donde resid\u00eda. La muerte tuvo [&hellip;]\" \/>\n<meta property=\"og:url\" content=\"https:\/\/fuentesfidedignas.com.mx\/index.php\/2024\/09\/14\/fallece-la-mujer-mas-longeva-de-espana-a-los-114-anos\/\" \/>\n<meta property=\"og:site_name\" content=\"Fuentes Fidedignas\" \/>\n<meta property=\"article:publisher\" content=\"https:\/\/www.facebook.com\/Fuentes-Fidedignas-368234489921644\" \/>\n<meta property=\"article:published_time\" content=\"2024-09-14T10:33:00+00:00\" \/>\n<meta property=\"og:image\" content=\"https:\/\/fuentesfidedignas.com.mx\/wp-content\/uploads\/2024\/09\/mujer-113.jpg\" \/>\n\t<meta property=\"og:image:width\" content=\"650\" \/>\n\t<meta property=\"og:image:height\" content=\"422\" \/>\n\t<meta property=\"og:image:type\" content=\"image\/jpeg\" \/>\n<meta name=\"author\" content=\"EFE\" \/>\n<meta name=\"twitter:card\" content=\"summary_large_image\" \/>\n<meta name=\"twitter:creator\" content=\"@fidedignas\" \/>\n<meta name=\"twitter:site\" content=\"@fidedignas\" \/>\n<meta name=\"twitter:label1\" content=\"Escrito por\" \/>\n\t<meta name=\"twitter:data1\" content=\"EFE\" \/>\n\t<meta name=\"twitter:label2\" content=\"Tiempo de lectura\" \/>\n\t<meta name=\"twitter:data2\" content=\"2 minutos\" \/>\n<script type=\"application\/ld+json\" class=\"yoast-schema-graph\">{\"@context\":\"https:\\\/\\\/schema.org\",\"@graph\":[{\"@type\":\"Article\",\"@id\":\"https:\\\/\\\/fuentesfidedignas.com.mx\\\/index.php\\\/2024\\\/09\\\/14\\\/fallece-la-mujer-mas-longeva-de-espana-a-los-114-anos\\\/#article\",\"isPartOf\":{\"@id\":\"https:\\\/\\\/fuentesfidedignas.com.mx\\\/index.php\\\/2024\\\/09\\\/14\\\/fallece-la-mujer-mas-longeva-de-espana-a-los-114-anos\\\/\"},\"author\":{\"name\":\"EFE\",\"@id\":\"https:\\\/\\\/fuentesfidedignas.com.mx\\\/#\\\/schema\\\/person\\\/0d44615087b5a626d5d3f13afe31ac41\"},\"headline\":\"Fallece la mujer m\u00e1s longeva de Espa\u00f1a, a los 114 a\u00f1os\",\"datePublished\":\"2024-09-14T10:33:00+00:00\",\"mainEntityOfPage\":{\"@id\":\"https:\\\/\\\/fuentesfidedignas.com.mx\\\/index.php\\\/2024\\\/09\\\/14\\\/fallece-la-mujer-mas-longeva-de-espana-a-los-114-anos\\\/\"},\"wordCount\":307,\"commentCount\":0,\"publisher\":{\"@id\":\"https:\\\/\\\/fuentesfidedignas.com.mx\\\/#organization\"},\"image\":{\"@id\":\"https:\\\/\\\/fuentesfidedignas.com.mx\\\/index.php\\\/2024\\\/09\\\/14\\\/fallece-la-mujer-mas-longeva-de-espana-a-los-114-anos\\\/#primaryimage\"},\"thumbnailUrl\":\"https:\\\/\\\/fuentesfidedignas.com.mx\\\/wp-content\\\/uploads\\\/2024\\\/09\\\/mujer-113.jpg\",\"articleSection\":[\"LAS ASOMBROSAS\"],\"inLanguage\":\"es\",\"potentialAction\":[{\"@type\":\"CommentAction\",\"name\":\"Comment\",\"target\":[\"https:\\\/\\\/fuentesfidedignas.com.mx\\\/index.php\\\/2024\\\/09\\\/14\\\/fallece-la-mujer-mas-longeva-de-espana-a-los-114-anos\\\/#respond\"]}]},{\"@type\":\"WebPage\",\"@id\":\"https:\\\/\\\/fuentesfidedignas.com.mx\\\/index.php\\\/2024\\\/09\\\/14\\\/fallece-la-mujer-mas-longeva-de-espana-a-los-114-anos\\\/\",\"url\":\"https:\\\/\\\/fuentesfidedignas.com.mx\\\/index.php\\\/2024\\\/09\\\/14\\\/fallece-la-mujer-mas-longeva-de-espana-a-los-114-anos\\\/\",\"name\":\"Fallece la mujer m\u00e1s longeva de Espa\u00f1a, a los 114 a\u00f1os - Fuentes Fidedignas\",\"isPartOf\":{\"@id\":\"https:\\\/\\\/fuentesfidedignas.com.mx\\\/#website\"},\"primaryImageOfPage\":{\"@id\":\"https:\\\/\\\/fuentesfidedignas.com.mx\\\/index.php\\\/2024\\\/09\\\/14\\\/fallece-la-mujer-mas-longeva-de-espana-a-los-114-anos\\\/#primaryimage\"},\"image\":{\"@id\":\"https:\\\/\\\/fuentesfidedignas.com.mx\\\/index.php\\\/2024\\\/09\\\/14\\\/fallece-la-mujer-mas-longeva-de-espana-a-los-114-anos\\\/#primaryimage\"},\"thumbnailUrl\":\"https:\\\/\\\/fuentesfidedignas.com.mx\\\/wp-content\\\/uploads\\\/2024\\\/09\\\/mujer-113.jpg\",\"datePublished\":\"2024-09-14T10:33:00+00:00\",\"breadcrumb\":{\"@id\":\"https:\\\/\\\/fuentesfidedignas.com.mx\\\/index.php\\\/2024\\\/09\\\/14\\\/fallece-la-mujer-mas-longeva-de-espana-a-los-114-anos\\\/#breadcrumb\"},\"inLanguage\":\"es\",\"potentialAction\":[{\"@type\":\"ReadAction\",\"target\":[\"https:\\\/\\\/fuentesfidedignas.com.mx\\\/index.php\\\/2024\\\/09\\\/14\\\/fallece-la-mujer-mas-longeva-de-espana-a-los-114-anos\\\/\"]}]},{\"@type\":\"ImageObject\",\"inLanguage\":\"es\",\"@id\":\"https:\\\/\\\/fuentesfidedignas.com.mx\\\/index.php\\\/2024\\\/09\\\/14\\\/fallece-la-mujer-mas-longeva-de-espana-a-los-114-anos\\\/#primaryimage\",\"url\":\"https:\\\/\\\/fuentesfidedignas.com.mx\\\/wp-content\\\/uploads\\\/2024\\\/09\\\/mujer-113.jpg\",\"contentUrl\":\"https:\\\/\\\/fuentesfidedignas.com.mx\\\/wp-content\\\/uploads\\\/2024\\\/09\\\/mujer-113.jpg\",\"width\":650,\"height\":422},{\"@type\":\"BreadcrumbList\",\"@id\":\"https:\\\/\\\/fuentesfidedignas.com.mx\\\/index.php\\\/2024\\\/09\\\/14\\\/fallece-la-mujer-mas-longeva-de-espana-a-los-114-anos\\\/#breadcrumb\",\"itemListElement\":[{\"@type\":\"ListItem\",\"position\":1,\"name\":\"Inicio\",\"item\":\"https:\\\/\\\/fuentesfidedignas.com.mx\\\/\"},{\"@type\":\"ListItem\",\"position\":2,\"name\":\"Fallece la mujer m\u00e1s longeva de Espa\u00f1a, a los 114 a\u00f1os\"}]},{\"@type\":\"WebSite\",\"@id\":\"https:\\\/\\\/fuentesfidedignas.com.mx\\\/#website\",\"url\":\"https:\\\/\\\/fuentesfidedignas.com.mx\\\/\",\"name\":\"Fuentes Fidedignas\",\"description\":\"Otro sitio realizado con WordPress\",\"publisher\":{\"@id\":\"https:\\\/\\\/fuentesfidedignas.com.mx\\\/#organization\"},\"potentialAction\":[{\"@type\":\"SearchAction\",\"target\":{\"@type\":\"EntryPoint\",\"urlTemplate\":\"https:\\\/\\\/fuentesfidedignas.com.mx\\\/?s={search_term_string}\"},\"query-input\":{\"@type\":\"PropertyValueSpecification\",\"valueRequired\":true,\"valueName\":\"search_term_string\"}}],\"inLanguage\":\"es\"},{\"@type\":\"Organization\",\"@id\":\"https:\\\/\\\/fuentesfidedignas.com.mx\\\/#organization\",\"name\":\"Fuentes Fidedignas\",\"url\":\"https:\\\/\\\/fuentesfidedignas.com.mx\\\/\",\"logo\":{\"@type\":\"ImageObject\",\"inLanguage\":\"es\",\"@id\":\"https:\\\/\\\/fuentesfidedignas.com.mx\\\/#\\\/schema\\\/logo\\\/image\\\/\",\"url\":\"https:\\\/\\\/fuentesfidedignas.com.mx\\\/wp-content\\\/uploads\\\/2021\\\/04\\\/logo-retina.png\",\"contentUrl\":\"https:\\\/\\\/fuentesfidedignas.com.mx\\\/wp-content\\\/uploads\\\/2021\\\/04\\\/logo-retina.png\",\"width\":280,\"height\":51,\"caption\":\"Fuentes Fidedignas\"},\"image\":{\"@id\":\"https:\\\/\\\/fuentesfidedignas.com.mx\\\/#\\\/schema\\\/logo\\\/image\\\/\"},\"sameAs\":[\"https:\\\/\\\/www.facebook.com\\\/Fuentes-Fidedignas-368234489921644\",\"https:\\\/\\\/x.com\\\/fidedignas\"]},{\"@type\":\"Person\",\"@id\":\"https:\\\/\\\/fuentesfidedignas.com.mx\\\/#\\\/schema\\\/person\\\/0d44615087b5a626d5d3f13afe31ac41\",\"name\":\"EFE\",\"image\":{\"@type\":\"ImageObject\",\"inLanguage\":\"es\",\"@id\":\"https:\\\/\\\/secure.gravatar.com\\\/avatar\\\/7048c2d9b569d9bed55bb53ad23821e6e047aa66338fb6ea9868627bbb9f54e8?s=96&d=mm&r=g\",\"url\":\"https:\\\/\\\/secure.gravatar.com\\\/avatar\\\/7048c2d9b569d9bed55bb53ad23821e6e047aa66338fb6ea9868627bbb9f54e8?s=96&d=mm&r=g\",\"contentUrl\":\"https:\\\/\\\/secure.gravatar.com\\\/avatar\\\/7048c2d9b569d9bed55bb53ad23821e6e047aa66338fb6ea9868627bbb9f54e8?s=96&d=mm&r=g\",\"caption\":\"EFE\"},\"url\":\"https:\\\/\\\/fuentesfidedignas.com.mx\\\/index.php\\\/author\\\/efe\\\/\"}]}<\/script>\n<!-- \/ Yoast SEO plugin. -->","yoast_head_json":{"title":"Fallece la mujer m\u00e1s longeva de Espa\u00f1a, a los 114 a\u00f1os - Fuentes Fidedignas","robots":{"index":"index","follow":"follow","max-snippet":"max-snippet:-1","max-image-preview":"max-image-preview:large","max-video-preview":"max-video-preview:-1"},"canonical":"https:\/\/fuentesfidedignas.com.mx\/index.php\/2024\/09\/14\/fallece-la-mujer-mas-longeva-de-espana-a-los-114-anos\/","og_locale":"es_MX","og_type":"article","og_title":"Fallece la mujer m\u00e1s longeva de Espa\u00f1a, a los 114 a\u00f1os - Fuentes Fidedignas","og_description":"Silveria Mart\u00edn D\u00edaz muri\u00f3 en la residencia de mayores donde resid\u00eda. La espa\u00f1ola Silveria Mart\u00edn D\u00edaz, que el pasado mes de agosto se convirti\u00f3, a sus 114 a\u00f1os, en la mujer m\u00e1s longeva de Espa\u00f1a y la novena persona de mayor edad del mundo, falleci\u00f3 en la residencia de mayores donde resid\u00eda. La muerte tuvo [&hellip;]","og_url":"https:\/\/fuentesfidedignas.com.mx\/index.php\/2024\/09\/14\/fallece-la-mujer-mas-longeva-de-espana-a-los-114-anos\/","og_site_name":"Fuentes Fidedignas","article_publisher":"https:\/\/www.facebook.com\/Fuentes-Fidedignas-368234489921644","article_published_time":"2024-09-14T10:33:00+00:00","og_image":[{"width":650,"height":422,"url":"https:\/\/fuentesfidedignas.com.mx\/wp-content\/uploads\/2024\/09\/mujer-113.jpg","type":"image\/jpeg"}],"author":"EFE","twitter_card":"summary_large_image","twitter_creator":"@fidedignas","twitter_site":"@fidedignas","twitter_misc":{"Escrito por":"EFE","Tiempo de lectura":"2 minutos"},"schema":{"@context":"https:\/\/schema.org","@graph":[{"@type":"Article","@id":"https:\/\/fuentesfidedignas.com.mx\/index.php\/2024\/09\/14\/fallece-la-mujer-mas-longeva-de-espana-a-los-114-anos\/#article","isPartOf":{"@id":"https:\/\/fuentesfidedignas.com.mx\/index.php\/2024\/09\/14\/fallece-la-mujer-mas-longeva-de-espana-a-los-114-anos\/"},"author":{"name":"EFE","@id":"https:\/\/fuentesfidedignas.com.mx\/#\/schema\/person\/0d44615087b5a626d5d3f13afe31ac41"},"headline":"Fallece la mujer m\u00e1s longeva de Espa\u00f1a, a los 114 a\u00f1os","datePublished":"2024-09-14T10:33:00+00:00","mainEntityOfPage":{"@id":"https:\/\/fuentesfidedignas.com.mx\/index.php\/2024\/09\/14\/fallece-la-mujer-mas-longeva-de-espana-a-los-114-anos\/"},"wordCount":307,"commentCount":0,"publisher":{"@id":"https:\/\/fuentesfidedignas.com.mx\/#organization"},"image":{"@id":"https:\/\/fuentesfidedignas.com.mx\/index.php\/2024\/09\/14\/fallece-la-mujer-mas-longeva-de-espana-a-los-114-anos\/#primaryimage"},"thumbnailUrl":"https:\/\/fuentesfidedignas.com.mx\/wp-content\/uploads\/2024\/09\/mujer-113.jpg","articleSection":["LAS ASOMBROSAS"],"inLanguage":"es","potentialAction":[{"@type":"CommentAction","name":"Comment","target":["https:\/\/fuentesfidedignas.com.mx\/index.php\/2024\/09\/14\/fallece-la-mujer-mas-longeva-de-espana-a-los-114-anos\/#respond"]}]},{"@type":"WebPage","@id":"https:\/\/fuentesfidedignas.com.mx\/index.php\/2024\/09\/14\/fallece-la-mujer-mas-longeva-de-espana-a-los-114-anos\/","url":"https:\/\/fuentesfidedignas.com.mx\/index.php\/2024\/09\/14\/fallece-la-mujer-mas-longeva-de-espana-a-los-114-anos\/","name":"Fallece la mujer m\u00e1s longeva de Espa\u00f1a, a los 114 a\u00f1os - Fuentes Fidedignas","isPartOf":{"@id":"https:\/\/fuentesfidedignas.com.mx\/#website"},"primaryImageOfPage":{"@id":"https:\/\/fuentesfidedignas.com.mx\/index.php\/2024\/09\/14\/fallece-la-mujer-mas-longeva-de-espana-a-los-114-anos\/#primaryimage"},"image":{"@id":"https:\/\/fuentesfidedignas.com.mx\/index.php\/2024\/09\/14\/fallece-la-mujer-mas-longeva-de-espana-a-los-114-anos\/#primaryimage"},"thumbnailUrl":"https:\/\/fuentesfidedignas.com.mx\/wp-content\/uploads\/2024\/09\/mujer-113.jpg","datePublished":"2024-09-14T10:33:00+00:00","breadcrumb":{"@id":"https:\/\/fuentesfidedignas.com.mx\/index.php\/2024\/09\/14\/fallece-la-mujer-mas-longeva-de-espana-a-los-114-anos\/#breadcrumb"},"inLanguage":"es","potentialAction":[{"@type":"ReadAction","target":["https:\/\/fuentesfidedignas.com.mx\/index.php\/2024\/09\/14\/fallece-la-mujer-mas-longeva-de-espana-a-los-114-anos\/"]}]},{"@type":"ImageObject","inLanguage":"es","@id":"https:\/\/fuentesfidedignas.com.mx\/index.php\/2024\/09\/14\/fallece-la-mujer-mas-longeva-de-espana-a-los-114-anos\/#primaryimage","url":"https:\/\/fuentesfidedignas.com.mx\/wp-content\/uploads\/2024\/09\/mujer-113.jpg","contentUrl":"https:\/\/fuentesfidedignas.com.mx\/wp-content\/uploads\/2024\/09\/mujer-113.jpg","width":650,"height":422},{"@type":"BreadcrumbList","@id":"https:\/\/fuentesfidedignas.com.mx\/index.php\/2024\/09\/14\/fallece-la-mujer-mas-longeva-de-espana-a-los-114-anos\/#breadcrumb","itemListElement":[{"@type":"ListItem","position":1,"name":"Inicio","item":"https:\/\/fuentesfidedignas.com.mx\/"},{"@type":"ListItem","position":2,"name":"Fallece la mujer m\u00e1s longeva de Espa\u00f1a, a los 114 a\u00f1os"}]},{"@type":"WebSite","@id":"https:\/\/fuentesfidedignas.com.mx\/#website","url":"https:\/\/fuentesfidedignas.com.mx\/","name":"Fuentes Fidedignas","description":"Otro sitio realizado con WordPress","publisher":{"@id":"https:\/\/fuentesfidedignas.com.mx\/#organization"},"potentialAction":[{"@type":"SearchAction","target":{"@type":"EntryPoint","urlTemplate":"https:\/\/fuentesfidedignas.com.mx\/?s={search_term_string}"},"query-input":{"@type":"PropertyValueSpecification","valueRequired":true,"valueName":"search_term_string"}}],"inLanguage":"es"},{"@type":"Organization","@id":"https:\/\/fuentesfidedignas.com.mx\/#organization","name":"Fuentes Fidedignas","url":"https:\/\/fuentesfidedignas.com.mx\/","logo":{"@type":"ImageObject","inLanguage":"es","@id":"https:\/\/fuentesfidedignas.com.mx\/#\/schema\/logo\/image\/","url":"https:\/\/fuentesfidedignas.com.mx\/wp-content\/uploads\/2021\/04\/logo-retina.png","contentUrl":"https:\/\/fuentesfidedignas.com.mx\/wp-content\/uploads\/2021\/04\/logo-retina.png","width":280,"height":51,"caption":"Fuentes Fidedignas"},"image":{"@id":"https:\/\/fuentesfidedignas.com.mx\/#\/schema\/logo\/image\/"},"sameAs":["https:\/\/www.facebook.com\/Fuentes-Fidedignas-368234489921644","https:\/\/x.com\/fidedignas"]},{"@type":"Person","@id":"https:\/\/fuentesfidedignas.com.mx\/#\/schema\/person\/0d44615087b5a626d5d3f13afe31ac41","name":"EFE","image":{"@type":"ImageObject","inLanguage":"es","@id":"https:\/\/secure.gravatar.com\/avatar\/7048c2d9b569d9bed55bb53ad23821e6e047aa66338fb6ea9868627bbb9f54e8?s=96&d=mm&r=g","url":"https:\/\/secure.gravatar.com\/avatar\/7048c2d9b569d9bed55bb53ad23821e6e047aa66338fb6ea9868627bbb9f54e8?s=96&d=mm&r=g","contentUrl":"https:\/\/secure.gravatar.com\/avatar\/7048c2d9b569d9bed55bb53ad23821e6e047aa66338fb6ea9868627bbb9f54e8?s=96&d=mm&r=g","caption":"EFE"},"url":"https:\/\/fuentesfidedignas.com.mx\/index.php\/author\/efe\/"}]}},"_links":{"self":[{"href":"https:\/\/fuentesfidedignas.com.mx\/index.php\/wp-json\/wp\/v2\/posts\/91122","targetHints":{"allow":["GET"]}}],"collection":[{"href":"https:\/\/fuentesfidedignas.com.mx\/index.php\/wp-json\/wp\/v2\/posts"}],"about":[{"href":"https:\/\/fuentesfidedignas.com.mx\/index.php\/wp-json\/wp\/v2\/types\/post"}],"author":[{"embeddable":true,"href":"https:\/\/fuentesfidedignas.com.mx\/index.php\/wp-json\/wp\/v2\/users\/22"}],"replies":[{"embeddable":true,"href":"https:\/\/fuentesfidedignas.com.mx\/index.php\/wp-json\/wp\/v2\/comments?post=91122"}],"version-history":[{"count":1,"href":"https:\/\/fuentesfidedignas.com.mx\/index.php\/wp-json\/wp\/v2\/posts\/91122\/revisions"}],"predecessor-version":[{"id":91124,"href":"https:\/\/fuentesfidedignas.com.mx\/index.php\/wp-json\/wp\/v2\/posts\/91122\/revisions\/91124"}],"wp:featuredmedia":[{"embeddable":true,"href":"https:\/\/fuentesfidedignas.com.mx\/index.php\/wp-json\/wp\/v2\/media\/91123"}],"wp:attachment":[{"href":"https:\/\/fuentesfidedignas.com.mx\/index.php\/wp-json\/wp\/v2\/media?parent=91122"}],"wp:term":[{"taxonomy":"category","embeddable":true,"href":"https:\/\/fuentesfidedignas.com.mx\/index.php\/wp-json\/wp\/v2\/categories?post=91122"},{"taxonomy":"post_tag","embeddable":true,"href":"https:\/\/fuentesfidedignas.com.mx\/index.php\/wp-json\/wp\/v2\/tags?post=91122"}],"curies":[{"name":"wp","href":"https:\/\/api.w.org\/{rel}","templated":true}]}}