{"id":91101,"date":"2024-09-13T16:00:46","date_gmt":"2024-09-13T23:00:46","guid":{"rendered":"https:\/\/fuentesfidedignas.com.mx\/?p=91101"},"modified":"2024-09-13T16:00:46","modified_gmt":"2024-09-13T23:00:46","slug":"consejo-estatal-de-proteccion-civil-se-declara-listo-ante-tormenta-ileana","status":"publish","type":"post","link":"https:\/\/fuentesfidedignas.com.mx\/index.php\/2024\/09\/13\/consejo-estatal-de-proteccion-civil-se-declara-listo-ante-tormenta-ileana\/","title":{"rendered":"Consejo Estatal de Protecci\u00f3n Civil se declara listo ante Tormenta &#8220;Ileana&#8221;"},"content":{"rendered":"\n<p><strong><em>Al Gobernador convoc\u00f3 a funcionarios y presidentes municipales a actuar con rapidez y responsabilidad.<\/em><\/strong><\/p>\n\n\n\n<p>Culiac\u00e1n, Sin.- Con el llamado a los funcionarios del gabinete estatal y a los Presidentes Municipales para estar atentos y actuar con responsabilidad ante cualquier incidente que requiera su intervenci\u00f3n para ayudar a la ciudadan\u00eda sinaloense de manera adecuada, el Gobernador Rub\u00e9n Rocha Moya encabez\u00f3 este jueves el Consejo Estatal de Protecci\u00f3n Civil, reunido con motivo de la cercan\u00eda tormenta tropical &#8220;Ileana&#8221;, cuyos efectos ya comienzan a sentirse en nuestro estado.<\/p>\n\n\n\n<p>Rocha Moya pidi\u00f3 tener especial cuidado con las comunidades cercanas al mar, se\u00f1alando que adem\u00e1s de estar listos con insumos, es necesario tener habilitados los albergues m\u00e1s cercanos a estas zonas.<\/p>\n\n\n\n<p>&#8220;Insisto, mucha coordinaci\u00f3n con Bienestar, con el DIF, por supuesto con Protecci\u00f3n Civil, que es la que regula, es el eje, por eso se llama Protecci\u00f3n Civil, me importa mucho que no tengamos, am\u00e9n de las dificultades que tenemos en materia de seguridad, no quiero que este sea un agregado y se nos compliquen las condiciones de vida de la gente, vamos a recibir con alegr\u00eda el agua y vamos a seguirnos preparando para defendernos de todas las inclemencias que nos da la naturaleza&#8221;, destac\u00f3 el Gobernador.<\/p>\n\n\n\n<p>Al respecto, Roy Navarrete Cuevas, Director del Instituto Estatal de Protecci\u00f3n Civil, precis\u00f3 que ante el fen\u00f3meno meteorol\u00f3gico &#8220;Ileana&#8221;, los organismos de auxilio ya est\u00e1n listos para actuar de inmediato, al igual que las brigadas comunitarias.<\/p>\n\n\n\n<p>&#8220;Contamos tambi\u00e9n ya con los 120 refugios temporales, con una capacidad Gobernador, de casi 50 mil personas, ya est\u00e1n instalados todos los consejos municipales de protecci\u00f3n civil aqu\u00ed en el estado. Actualmente tenemos un registro ya de 2 mil 507 elementos ya para operar en cualquier punto del estado, instituciones como bomberos, cruz roja y protecci\u00f3n civil. Tambi\u00e9n tenemos una cantidad de 796 unidades tambi\u00e9n para intervenir en cualquier momento que se solicite en cualquier punto del estado&#8221;, detall\u00f3 el Director.<\/p>\n\n\n\n<p>Finalmente, el mandatario estatal agreg\u00f3 que a trav\u00e9s de DIF Sinaloa y la Secretar\u00eda de Bienestar, se encuentran preparados con despensas, enseres dom\u00e9sticos y art\u00edculos de limpieza personal, para atender a la poblaci\u00f3n que lo requiera.<\/p>\n\n\n\n<p>En esta sesi\u00f3n se cont\u00f3 con la presencia de Rodolfo Jim\u00e9nez L\u00f3pez, encargado del Despacho de la Secretar\u00eda General de Gobierno, Joaqu\u00edn Alberto Landeros G\u00fcicho, Secretario de Administraci\u00f3n y Finanzas, Mar\u00eda In\u00e9s P\u00e9rez Corral, Secretaria de Bienestar y Desarrollo Sustentable, Ra\u00fal Francisco Montero Zamudio, Secretario de Obras P\u00fablicas, Cuitl\u00e1huac Gonz\u00e1lez Galindo, Secretario de Salud, Catalina Esparza Navarrete, Secretaria de Educaci\u00f3n P\u00fablica y Cultura, Gerardo M\u00e9rida S\u00e1nchez, Secretario de Seguridad P\u00fablica, \u00c1ngel Ulises Pi\u00f1a Garc\u00eda, Delegado Estatal de Programas para el Desarrollo, Javier Abarca Garc\u00eda, Comandante de la Octava Zona Naval, Juan de Dios G\u00e1mez Mend\u00edvil, Presidente Municipal de Culiac\u00e1n, as\u00ed como un enlace virtual con el resto de los Alcaldes del Estado, entre otros funcionarios.<\/p>\n","protected":false},"excerpt":{"rendered":"<p>Al Gobernador convoc\u00f3 a funcionarios y presidentes municipales a actuar con rapidez y responsabilidad. Culiac\u00e1n, Sin.- Con el llamado a los funcionarios del gabinete estatal y a los Presidentes Municipales para estar atentos y actuar con responsabilidad ante cualquier incidente que requiera su intervenci\u00f3n para ayudar a la ciudadan\u00eda sinaloense de manera adecuada, el Gobernador [&hellip;]<\/p>\n","protected":false},"author":4,"featured_media":91100,"comment_status":"closed","ping_status":"open","sticky":false,"template":"","format":"standard","meta":{"tdm_status":"","tdm_grid_status":"","footnotes":""},"categories":[37],"tags":[],"class_list":{"0":"post-91101","1":"post","2":"type-post","3":"status-publish","4":"format-standard","5":"has-post-thumbnail","7":"category-nota-principal"},"yoast_head":"<!-- This site is optimized with the Yoast SEO plugin v27.5 - https:\/\/yoast.com\/product\/yoast-seo-wordpress\/ -->\n<title>Consejo Estatal de Protecci\u00f3n Civil se declara listo ante Tormenta &quot;Ileana&quot; - Fuentes Fidedignas<\/title>\n<meta name=\"robots\" content=\"index, follow, max-snippet:-1, max-image-preview:large, max-video-preview:-1\" \/>\n<link rel=\"canonical\" href=\"https:\/\/fuentesfidedignas.com.mx\/index.php\/2024\/09\/13\/consejo-estatal-de-proteccion-civil-se-declara-listo-ante-tormenta-ileana\/\" \/>\n<meta property=\"og:locale\" content=\"es_MX\" \/>\n<meta property=\"og:type\" content=\"article\" \/>\n<meta property=\"og:title\" content=\"Consejo Estatal de Protecci\u00f3n Civil se declara listo ante Tormenta &quot;Ileana&quot; - Fuentes Fidedignas\" \/>\n<meta property=\"og:description\" content=\"Al Gobernador convoc\u00f3 a funcionarios y presidentes municipales a actuar con rapidez y responsabilidad. Culiac\u00e1n, Sin.- Con el llamado a los funcionarios del gabinete estatal y a los Presidentes Municipales para estar atentos y actuar con responsabilidad ante cualquier incidente que requiera su intervenci\u00f3n para ayudar a la ciudadan\u00eda sinaloense de manera adecuada, el Gobernador [&hellip;]\" \/>\n<meta property=\"og:url\" content=\"https:\/\/fuentesfidedignas.com.mx\/index.php\/2024\/09\/13\/consejo-estatal-de-proteccion-civil-se-declara-listo-ante-tormenta-ileana\/\" \/>\n<meta property=\"og:site_name\" content=\"Fuentes Fidedignas\" \/>\n<meta property=\"article:publisher\" content=\"https:\/\/www.facebook.com\/Fuentes-Fidedignas-368234489921644\" \/>\n<meta property=\"article:published_time\" content=\"2024-09-13T23:00:46+00:00\" \/>\n<meta property=\"og:image\" content=\"https:\/\/fuentesfidedignas.com.mx\/wp-content\/uploads\/2024\/09\/950c76a4-8e40-4efa-9c2f-843c10e56d10-1.jpg\" \/>\n\t<meta property=\"og:image:width\" content=\"1600\" \/>\n\t<meta property=\"og:image:height\" content=\"1066\" \/>\n\t<meta property=\"og:image:type\" content=\"image\/jpeg\" \/>\n<meta name=\"author\" content=\"Redacci\u00f3n\" \/>\n<meta name=\"twitter:card\" content=\"summary_large_image\" \/>\n<meta name=\"twitter:creator\" content=\"@fidedignas\" \/>\n<meta name=\"twitter:site\" content=\"@fidedignas\" \/>\n<meta name=\"twitter:label1\" content=\"Escrito por\" \/>\n\t<meta name=\"twitter:data1\" content=\"Redacci\u00f3n\" \/>\n\t<meta name=\"twitter:label2\" content=\"Tiempo de lectura\" \/>\n\t<meta name=\"twitter:data2\" content=\"3 minutos\" \/>\n<script type=\"application\/ld+json\" class=\"yoast-schema-graph\">{\"@context\":\"https:\\\/\\\/schema.org\",\"@graph\":[{\"@type\":\"Article\",\"@id\":\"https:\\\/\\\/fuentesfidedignas.com.mx\\\/index.php\\\/2024\\\/09\\\/13\\\/consejo-estatal-de-proteccion-civil-se-declara-listo-ante-tormenta-ileana\\\/#article\",\"isPartOf\":{\"@id\":\"https:\\\/\\\/fuentesfidedignas.com.mx\\\/index.php\\\/2024\\\/09\\\/13\\\/consejo-estatal-de-proteccion-civil-se-declara-listo-ante-tormenta-ileana\\\/\"},\"author\":{\"name\":\"Redacci\u00f3n\",\"@id\":\"https:\\\/\\\/fuentesfidedignas.com.mx\\\/#\\\/schema\\\/person\\\/331be9283d37198e2acd5750279085b0\"},\"headline\":\"Consejo Estatal de Protecci\u00f3n Civil se declara listo ante Tormenta &#8220;Ileana&#8221;\",\"datePublished\":\"2024-09-13T23:00:46+00:00\",\"mainEntityOfPage\":{\"@id\":\"https:\\\/\\\/fuentesfidedignas.com.mx\\\/index.php\\\/2024\\\/09\\\/13\\\/consejo-estatal-de-proteccion-civil-se-declara-listo-ante-tormenta-ileana\\\/\"},\"wordCount\":533,\"publisher\":{\"@id\":\"https:\\\/\\\/fuentesfidedignas.com.mx\\\/#organization\"},\"image\":{\"@id\":\"https:\\\/\\\/fuentesfidedignas.com.mx\\\/index.php\\\/2024\\\/09\\\/13\\\/consejo-estatal-de-proteccion-civil-se-declara-listo-ante-tormenta-ileana\\\/#primaryimage\"},\"thumbnailUrl\":\"https:\\\/\\\/fuentesfidedignas.com.mx\\\/wp-content\\\/uploads\\\/2024\\\/09\\\/950c76a4-8e40-4efa-9c2f-843c10e56d10-1.jpg\",\"articleSection\":[\"NOTA PRINCIPAL\"],\"inLanguage\":\"es\"},{\"@type\":\"WebPage\",\"@id\":\"https:\\\/\\\/fuentesfidedignas.com.mx\\\/index.php\\\/2024\\\/09\\\/13\\\/consejo-estatal-de-proteccion-civil-se-declara-listo-ante-tormenta-ileana\\\/\",\"url\":\"https:\\\/\\\/fuentesfidedignas.com.mx\\\/index.php\\\/2024\\\/09\\\/13\\\/consejo-estatal-de-proteccion-civil-se-declara-listo-ante-tormenta-ileana\\\/\",\"name\":\"Consejo Estatal de Protecci\u00f3n Civil se declara listo ante Tormenta \\\"Ileana\\\" - Fuentes Fidedignas\",\"isPartOf\":{\"@id\":\"https:\\\/\\\/fuentesfidedignas.com.mx\\\/#website\"},\"primaryImageOfPage\":{\"@id\":\"https:\\\/\\\/fuentesfidedignas.com.mx\\\/index.php\\\/2024\\\/09\\\/13\\\/consejo-estatal-de-proteccion-civil-se-declara-listo-ante-tormenta-ileana\\\/#primaryimage\"},\"image\":{\"@id\":\"https:\\\/\\\/fuentesfidedignas.com.mx\\\/index.php\\\/2024\\\/09\\\/13\\\/consejo-estatal-de-proteccion-civil-se-declara-listo-ante-tormenta-ileana\\\/#primaryimage\"},\"thumbnailUrl\":\"https:\\\/\\\/fuentesfidedignas.com.mx\\\/wp-content\\\/uploads\\\/2024\\\/09\\\/950c76a4-8e40-4efa-9c2f-843c10e56d10-1.jpg\",\"datePublished\":\"2024-09-13T23:00:46+00:00\",\"breadcrumb\":{\"@id\":\"https:\\\/\\\/fuentesfidedignas.com.mx\\\/index.php\\\/2024\\\/09\\\/13\\\/consejo-estatal-de-proteccion-civil-se-declara-listo-ante-tormenta-ileana\\\/#breadcrumb\"},\"inLanguage\":\"es\",\"potentialAction\":[{\"@type\":\"ReadAction\",\"target\":[\"https:\\\/\\\/fuentesfidedignas.com.mx\\\/index.php\\\/2024\\\/09\\\/13\\\/consejo-estatal-de-proteccion-civil-se-declara-listo-ante-tormenta-ileana\\\/\"]}]},{\"@type\":\"ImageObject\",\"inLanguage\":\"es\",\"@id\":\"https:\\\/\\\/fuentesfidedignas.com.mx\\\/index.php\\\/2024\\\/09\\\/13\\\/consejo-estatal-de-proteccion-civil-se-declara-listo-ante-tormenta-ileana\\\/#primaryimage\",\"url\":\"https:\\\/\\\/fuentesfidedignas.com.mx\\\/wp-content\\\/uploads\\\/2024\\\/09\\\/950c76a4-8e40-4efa-9c2f-843c10e56d10-1.jpg\",\"contentUrl\":\"https:\\\/\\\/fuentesfidedignas.com.mx\\\/wp-content\\\/uploads\\\/2024\\\/09\\\/950c76a4-8e40-4efa-9c2f-843c10e56d10-1.jpg\",\"width\":1600,\"height\":1066},{\"@type\":\"BreadcrumbList\",\"@id\":\"https:\\\/\\\/fuentesfidedignas.com.mx\\\/index.php\\\/2024\\\/09\\\/13\\\/consejo-estatal-de-proteccion-civil-se-declara-listo-ante-tormenta-ileana\\\/#breadcrumb\",\"itemListElement\":[{\"@type\":\"ListItem\",\"position\":1,\"name\":\"Inicio\",\"item\":\"https:\\\/\\\/fuentesfidedignas.com.mx\\\/\"},{\"@type\":\"ListItem\",\"position\":2,\"name\":\"Consejo Estatal de Protecci\u00f3n Civil se declara listo ante Tormenta &#8220;Ileana&#8221;\"}]},{\"@type\":\"WebSite\",\"@id\":\"https:\\\/\\\/fuentesfidedignas.com.mx\\\/#website\",\"url\":\"https:\\\/\\\/fuentesfidedignas.com.mx\\\/\",\"name\":\"Fuentes Fidedignas\",\"description\":\"Otro sitio realizado con WordPress\",\"publisher\":{\"@id\":\"https:\\\/\\\/fuentesfidedignas.com.mx\\\/#organization\"},\"potentialAction\":[{\"@type\":\"SearchAction\",\"target\":{\"@type\":\"EntryPoint\",\"urlTemplate\":\"https:\\\/\\\/fuentesfidedignas.com.mx\\\/?s={search_term_string}\"},\"query-input\":{\"@type\":\"PropertyValueSpecification\",\"valueRequired\":true,\"valueName\":\"search_term_string\"}}],\"inLanguage\":\"es\"},{\"@type\":\"Organization\",\"@id\":\"https:\\\/\\\/fuentesfidedignas.com.mx\\\/#organization\",\"name\":\"Fuentes Fidedignas\",\"url\":\"https:\\\/\\\/fuentesfidedignas.com.mx\\\/\",\"logo\":{\"@type\":\"ImageObject\",\"inLanguage\":\"es\",\"@id\":\"https:\\\/\\\/fuentesfidedignas.com.mx\\\/#\\\/schema\\\/logo\\\/image\\\/\",\"url\":\"https:\\\/\\\/fuentesfidedignas.com.mx\\\/wp-content\\\/uploads\\\/2021\\\/04\\\/logo-retina.png\",\"contentUrl\":\"https:\\\/\\\/fuentesfidedignas.com.mx\\\/wp-content\\\/uploads\\\/2021\\\/04\\\/logo-retina.png\",\"width\":280,\"height\":51,\"caption\":\"Fuentes Fidedignas\"},\"image\":{\"@id\":\"https:\\\/\\\/fuentesfidedignas.com.mx\\\/#\\\/schema\\\/logo\\\/image\\\/\"},\"sameAs\":[\"https:\\\/\\\/www.facebook.com\\\/Fuentes-Fidedignas-368234489921644\",\"https:\\\/\\\/x.com\\\/fidedignas\"]},{\"@type\":\"Person\",\"@id\":\"https:\\\/\\\/fuentesfidedignas.com.mx\\\/#\\\/schema\\\/person\\\/331be9283d37198e2acd5750279085b0\",\"name\":\"Redacci\u00f3n\",\"image\":{\"@type\":\"ImageObject\",\"inLanguage\":\"es\",\"@id\":\"https:\\\/\\\/secure.gravatar.com\\\/avatar\\\/f6d8782c11d12b2d4ad3fbb6931aeab5309937a4d6cd2fc9cfaa28a6396a5aec?s=96&d=mm&r=g\",\"url\":\"https:\\\/\\\/secure.gravatar.com\\\/avatar\\\/f6d8782c11d12b2d4ad3fbb6931aeab5309937a4d6cd2fc9cfaa28a6396a5aec?s=96&d=mm&r=g\",\"contentUrl\":\"https:\\\/\\\/secure.gravatar.com\\\/avatar\\\/f6d8782c11d12b2d4ad3fbb6931aeab5309937a4d6cd2fc9cfaa28a6396a5aec?s=96&d=mm&r=g\",\"caption\":\"Redacci\u00f3n\"},\"url\":\"https:\\\/\\\/fuentesfidedignas.com.mx\\\/index.php\\\/author\\\/redaccion\\\/\"}]}<\/script>\n<!-- \/ Yoast SEO plugin. -->","yoast_head_json":{"title":"Consejo Estatal de Protecci\u00f3n Civil se declara listo ante Tormenta \"Ileana\" - Fuentes Fidedignas","robots":{"index":"index","follow":"follow","max-snippet":"max-snippet:-1","max-image-preview":"max-image-preview:large","max-video-preview":"max-video-preview:-1"},"canonical":"https:\/\/fuentesfidedignas.com.mx\/index.php\/2024\/09\/13\/consejo-estatal-de-proteccion-civil-se-declara-listo-ante-tormenta-ileana\/","og_locale":"es_MX","og_type":"article","og_title":"Consejo Estatal de Protecci\u00f3n Civil se declara listo ante Tormenta \"Ileana\" - Fuentes Fidedignas","og_description":"Al Gobernador convoc\u00f3 a funcionarios y presidentes municipales a actuar con rapidez y responsabilidad. Culiac\u00e1n, Sin.- Con el llamado a los funcionarios del gabinete estatal y a los Presidentes Municipales para estar atentos y actuar con responsabilidad ante cualquier incidente que requiera su intervenci\u00f3n para ayudar a la ciudadan\u00eda sinaloense de manera adecuada, el Gobernador [&hellip;]","og_url":"https:\/\/fuentesfidedignas.com.mx\/index.php\/2024\/09\/13\/consejo-estatal-de-proteccion-civil-se-declara-listo-ante-tormenta-ileana\/","og_site_name":"Fuentes Fidedignas","article_publisher":"https:\/\/www.facebook.com\/Fuentes-Fidedignas-368234489921644","article_published_time":"2024-09-13T23:00:46+00:00","og_image":[{"width":1600,"height":1066,"url":"https:\/\/fuentesfidedignas.com.mx\/wp-content\/uploads\/2024\/09\/950c76a4-8e40-4efa-9c2f-843c10e56d10-1.jpg","type":"image\/jpeg"}],"author":"Redacci\u00f3n","twitter_card":"summary_large_image","twitter_creator":"@fidedignas","twitter_site":"@fidedignas","twitter_misc":{"Escrito por":"Redacci\u00f3n","Tiempo de lectura":"3 minutos"},"schema":{"@context":"https:\/\/schema.org","@graph":[{"@type":"Article","@id":"https:\/\/fuentesfidedignas.com.mx\/index.php\/2024\/09\/13\/consejo-estatal-de-proteccion-civil-se-declara-listo-ante-tormenta-ileana\/#article","isPartOf":{"@id":"https:\/\/fuentesfidedignas.com.mx\/index.php\/2024\/09\/13\/consejo-estatal-de-proteccion-civil-se-declara-listo-ante-tormenta-ileana\/"},"author":{"name":"Redacci\u00f3n","@id":"https:\/\/fuentesfidedignas.com.mx\/#\/schema\/person\/331be9283d37198e2acd5750279085b0"},"headline":"Consejo Estatal de Protecci\u00f3n Civil se declara listo ante Tormenta &#8220;Ileana&#8221;","datePublished":"2024-09-13T23:00:46+00:00","mainEntityOfPage":{"@id":"https:\/\/fuentesfidedignas.com.mx\/index.php\/2024\/09\/13\/consejo-estatal-de-proteccion-civil-se-declara-listo-ante-tormenta-ileana\/"},"wordCount":533,"publisher":{"@id":"https:\/\/fuentesfidedignas.com.mx\/#organization"},"image":{"@id":"https:\/\/fuentesfidedignas.com.mx\/index.php\/2024\/09\/13\/consejo-estatal-de-proteccion-civil-se-declara-listo-ante-tormenta-ileana\/#primaryimage"},"thumbnailUrl":"https:\/\/fuentesfidedignas.com.mx\/wp-content\/uploads\/2024\/09\/950c76a4-8e40-4efa-9c2f-843c10e56d10-1.jpg","articleSection":["NOTA PRINCIPAL"],"inLanguage":"es"},{"@type":"WebPage","@id":"https:\/\/fuentesfidedignas.com.mx\/index.php\/2024\/09\/13\/consejo-estatal-de-proteccion-civil-se-declara-listo-ante-tormenta-ileana\/","url":"https:\/\/fuentesfidedignas.com.mx\/index.php\/2024\/09\/13\/consejo-estatal-de-proteccion-civil-se-declara-listo-ante-tormenta-ileana\/","name":"Consejo Estatal de Protecci\u00f3n Civil se declara listo ante Tormenta \"Ileana\" - Fuentes Fidedignas","isPartOf":{"@id":"https:\/\/fuentesfidedignas.com.mx\/#website"},"primaryImageOfPage":{"@id":"https:\/\/fuentesfidedignas.com.mx\/index.php\/2024\/09\/13\/consejo-estatal-de-proteccion-civil-se-declara-listo-ante-tormenta-ileana\/#primaryimage"},"image":{"@id":"https:\/\/fuentesfidedignas.com.mx\/index.php\/2024\/09\/13\/consejo-estatal-de-proteccion-civil-se-declara-listo-ante-tormenta-ileana\/#primaryimage"},"thumbnailUrl":"https:\/\/fuentesfidedignas.com.mx\/wp-content\/uploads\/2024\/09\/950c76a4-8e40-4efa-9c2f-843c10e56d10-1.jpg","datePublished":"2024-09-13T23:00:46+00:00","breadcrumb":{"@id":"https:\/\/fuentesfidedignas.com.mx\/index.php\/2024\/09\/13\/consejo-estatal-de-proteccion-civil-se-declara-listo-ante-tormenta-ileana\/#breadcrumb"},"inLanguage":"es","potentialAction":[{"@type":"ReadAction","target":["https:\/\/fuentesfidedignas.com.mx\/index.php\/2024\/09\/13\/consejo-estatal-de-proteccion-civil-se-declara-listo-ante-tormenta-ileana\/"]}]},{"@type":"ImageObject","inLanguage":"es","@id":"https:\/\/fuentesfidedignas.com.mx\/index.php\/2024\/09\/13\/consejo-estatal-de-proteccion-civil-se-declara-listo-ante-tormenta-ileana\/#primaryimage","url":"https:\/\/fuentesfidedignas.com.mx\/wp-content\/uploads\/2024\/09\/950c76a4-8e40-4efa-9c2f-843c10e56d10-1.jpg","contentUrl":"https:\/\/fuentesfidedignas.com.mx\/wp-content\/uploads\/2024\/09\/950c76a4-8e40-4efa-9c2f-843c10e56d10-1.jpg","width":1600,"height":1066},{"@type":"BreadcrumbList","@id":"https:\/\/fuentesfidedignas.com.mx\/index.php\/2024\/09\/13\/consejo-estatal-de-proteccion-civil-se-declara-listo-ante-tormenta-ileana\/#breadcrumb","itemListElement":[{"@type":"ListItem","position":1,"name":"Inicio","item":"https:\/\/fuentesfidedignas.com.mx\/"},{"@type":"ListItem","position":2,"name":"Consejo Estatal de Protecci\u00f3n Civil se declara listo ante Tormenta &#8220;Ileana&#8221;"}]},{"@type":"WebSite","@id":"https:\/\/fuentesfidedignas.com.mx\/#website","url":"https:\/\/fuentesfidedignas.com.mx\/","name":"Fuentes Fidedignas","description":"Otro sitio realizado con WordPress","publisher":{"@id":"https:\/\/fuentesfidedignas.com.mx\/#organization"},"potentialAction":[{"@type":"SearchAction","target":{"@type":"EntryPoint","urlTemplate":"https:\/\/fuentesfidedignas.com.mx\/?s={search_term_string}"},"query-input":{"@type":"PropertyValueSpecification","valueRequired":true,"valueName":"search_term_string"}}],"inLanguage":"es"},{"@type":"Organization","@id":"https:\/\/fuentesfidedignas.com.mx\/#organization","name":"Fuentes Fidedignas","url":"https:\/\/fuentesfidedignas.com.mx\/","logo":{"@type":"ImageObject","inLanguage":"es","@id":"https:\/\/fuentesfidedignas.com.mx\/#\/schema\/logo\/image\/","url":"https:\/\/fuentesfidedignas.com.mx\/wp-content\/uploads\/2021\/04\/logo-retina.png","contentUrl":"https:\/\/fuentesfidedignas.com.mx\/wp-content\/uploads\/2021\/04\/logo-retina.png","width":280,"height":51,"caption":"Fuentes Fidedignas"},"image":{"@id":"https:\/\/fuentesfidedignas.com.mx\/#\/schema\/logo\/image\/"},"sameAs":["https:\/\/www.facebook.com\/Fuentes-Fidedignas-368234489921644","https:\/\/x.com\/fidedignas"]},{"@type":"Person","@id":"https:\/\/fuentesfidedignas.com.mx\/#\/schema\/person\/331be9283d37198e2acd5750279085b0","name":"Redacci\u00f3n","image":{"@type":"ImageObject","inLanguage":"es","@id":"https:\/\/secure.gravatar.com\/avatar\/f6d8782c11d12b2d4ad3fbb6931aeab5309937a4d6cd2fc9cfaa28a6396a5aec?s=96&d=mm&r=g","url":"https:\/\/secure.gravatar.com\/avatar\/f6d8782c11d12b2d4ad3fbb6931aeab5309937a4d6cd2fc9cfaa28a6396a5aec?s=96&d=mm&r=g","contentUrl":"https:\/\/secure.gravatar.com\/avatar\/f6d8782c11d12b2d4ad3fbb6931aeab5309937a4d6cd2fc9cfaa28a6396a5aec?s=96&d=mm&r=g","caption":"Redacci\u00f3n"},"url":"https:\/\/fuentesfidedignas.com.mx\/index.php\/author\/redaccion\/"}]}},"_links":{"self":[{"href":"https:\/\/fuentesfidedignas.com.mx\/index.php\/wp-json\/wp\/v2\/posts\/91101","targetHints":{"allow":["GET"]}}],"collection":[{"href":"https:\/\/fuentesfidedignas.com.mx\/index.php\/wp-json\/wp\/v2\/posts"}],"about":[{"href":"https:\/\/fuentesfidedignas.com.mx\/index.php\/wp-json\/wp\/v2\/types\/post"}],"author":[{"embeddable":true,"href":"https:\/\/fuentesfidedignas.com.mx\/index.php\/wp-json\/wp\/v2\/users\/4"}],"replies":[{"embeddable":true,"href":"https:\/\/fuentesfidedignas.com.mx\/index.php\/wp-json\/wp\/v2\/comments?post=91101"}],"version-history":[{"count":1,"href":"https:\/\/fuentesfidedignas.com.mx\/index.php\/wp-json\/wp\/v2\/posts\/91101\/revisions"}],"predecessor-version":[{"id":91102,"href":"https:\/\/fuentesfidedignas.com.mx\/index.php\/wp-json\/wp\/v2\/posts\/91101\/revisions\/91102"}],"wp:featuredmedia":[{"embeddable":true,"href":"https:\/\/fuentesfidedignas.com.mx\/index.php\/wp-json\/wp\/v2\/media\/91100"}],"wp:attachment":[{"href":"https:\/\/fuentesfidedignas.com.mx\/index.php\/wp-json\/wp\/v2\/media?parent=91101"}],"wp:term":[{"taxonomy":"category","embeddable":true,"href":"https:\/\/fuentesfidedignas.com.mx\/index.php\/wp-json\/wp\/v2\/categories?post=91101"},{"taxonomy":"post_tag","embeddable":true,"href":"https:\/\/fuentesfidedignas.com.mx\/index.php\/wp-json\/wp\/v2\/tags?post=91101"}],"curies":[{"name":"wp","href":"https:\/\/api.w.org\/{rel}","templated":true}]}}