{"id":91092,"date":"2024-09-13T13:38:08","date_gmt":"2024-09-13T20:38:08","guid":{"rendered":"https:\/\/fuentesfidedignas.com.mx\/?p=91092"},"modified":"2024-09-13T13:38:08","modified_gmt":"2024-09-13T20:38:08","slug":"juez-bloquea-publicacion-de-la-reforma-judicial-en-el-dof-otorga-suspension-provisional","status":"publish","type":"post","link":"https:\/\/fuentesfidedignas.com.mx\/index.php\/2024\/09\/13\/juez-bloquea-publicacion-de-la-reforma-judicial-en-el-dof-otorga-suspension-provisional\/","title":{"rendered":"Juez \u2018bloquea\u2019 publicaci\u00f3n de la reforma judicial en el DOF; otorga suspensi\u00f3n provisional"},"content":{"rendered":"\n<p><br><strong><em>El presidente L\u00f3pez Obrador hab\u00eda adelantado que ser\u00eda el 15 de septiembre cuando la iniciativa de reforma se publicar\u00eda tras la aprobaci\u00f3n de m\u00e1s de 17 congresos estatales<\/em><\/strong><\/p>\n\n\n\n<p>Ciudad de M\u00e9xico.- Este viernes 13 de septiembre, considerado por muchos como un d\u00eda de mala suerte, se dio a conocer que un juez otorg\u00f3 una suspensi\u00f3n provisional para que el proximo 15 de septiembre se publique en el Diario Oficial de la Federaci\u00f3n (DOF) la reforma al Poder Judicial impulsada por el presidente Andr\u00e9s Manuel L\u00f3pez Obrador (AMLO).<\/p>\n\n\n\n<p>Cabe destacar que fue el mismo mandatario el que hab\u00eda adelantado el pasado jueves que en el marco de las fiestas patrias, esta reforma se publicar\u00eda tars haberse logrado el aval de m\u00e1s de 17 congresos estatales, los cuales eran necesarios parta que la misma avanzara.<\/p>\n\n\n\n<p>\u201cYa en todos estos (18) estados ya se aprob\u00f3 la Reforma al Poder Judicial, en los congresos locales. Una reforma constitucional que requiere de la aprobaci\u00f3n de la C\u00e1mara de Diputados, la C\u00e1mara de Senadores, con mayor\u00eda calificada m\u00e1s la mitad m\u00e1s uno de los estados, es decir, 17, ya de esa manera se legaliza el proceso, falta nada m\u00e1s la publicaci\u00f3n y eso le corresponde al titular del Ejecutivo\u201d, dijo en La Ma\u00f1anera.<\/p>\n\n\n\n<p class=\"paragraph\">A pesar de las declaraciones del fundador de Movimiento Regeneraci\u00f3n Nacional (<strong>Morena<\/strong>), se inform\u00f3 que el<strong>&nbsp;Juez Segundo de Distrito en el Estado de Colima<\/strong>&nbsp;hab\u00eda puesto un freno a tal publicaci\u00f3n tras concederle un amparo a la Fundaci\u00f3n Iris en Promoci\u00f3n y Defensa de los Derechos Humanos, A.C.<\/p>\n\n\n\n<p class=\"paragraph\">Con esta acci\u00f3n, se prev\u00e9 que la iniciativa de reforma no se publicar\u00eda en lo que resta del gobierno de Andr\u00e9s Manuel L\u00f3pez Obrador, sino que ser\u00eda ya en el mandato de&nbsp;<strong>Claudia Sheinbaum Pardo<\/strong>&nbsp;pues se estima que tal acci\u00f3n legal evite la publicaci\u00f3n hasta el&nbsp;<strong>11 de octubre.<\/strong><\/p>\n\n\n\n<p class=\"paragraph\">Conviene recordar que fue el pasado 12 de septiembre cuando&nbsp;<a href=\"https:\/\/www.infobae.com\/mexico\/2024\/09\/12\/ricardo-monreal-anuncia-sesion-para-enviar-declaratoria-final-de-la-reforma-al-poder-judicial-no-hay-recurso-que-proceda-en-contra\/\" rel=\"noreferrer noopener\" target=\"_blank\"><strong>Ricardo Monreal<\/strong><\/a>, quien forma parte de la bancada de Morena, advirti\u00f3 que tras haber sido aprobada la reforma en m\u00e1s de 17 congresos estatales tras pasar en lo particular y general por el Senado de la Rep\u00fablica,&nbsp;<strong>\u201cno hay recurso que proceda en contra\u201d<\/strong>, por lo que esta pasar\u00eda.<\/p>\n\n\n\n<p class=\"paragraph\">Fue a trav\u00e9s de una entrevista con medios de comunicaci\u00f3n, que Monreal adelant\u00f3 que se llevar\u00eda a cabo este viernes una session en San L\u00e1zaro con el fin de conocer el veredicto final de la reforma constitucional.<\/p>\n\n\n\n<blockquote class=\"wp-block-quote color_figcaption is-layout-flow wp-block-quote-is-layout-flow\">\n<p>\u201cNo hay recurso que proceda contra una reforma constitucional, no procede el amparo. No hay ning\u00fan recurso que proceda contra el poder reformador, contra el constituyente permanente\u201d, declar\u00f3.<\/p>\n<\/blockquote>\n\n\n\n<p class=\"paragraph\">No obstante, se difundi\u00f3 a trav\u00e9s de las redes sociales, en especial la plataforma X, un documento donde se lee la suspensi\u00f3n provisional antes citada donde se remarca que al menos hasta el d\u00eda 11 de octubre ser\u00eda cuando se publique lo relacionado a esta reforma en el DOF.<\/p>\n\n\n\n<blockquote class=\"wp-block-quote color_figcaption is-layout-flow wp-block-quote-is-layout-flow\">\n<p>\u201d\ufeff\ufeffEn caso de que el procedimiento de reforma constitucional impugnado se apruebe [ver art\u00edculo 135 constitucional], por las autoridades responsables, el decreto respectivo no se publique en el Diario Oficial de la Federaci\u00f3n\u201d, dicta la misiva.&nbsp;<\/p>\n<\/blockquote>\n\n\n\n<figure class=\"wp-block-image\"><img decoding=\"async\" src=\"https:\/\/www.infobae.com\/new-resizer\/MCeY0WmNda0zIUfSXddcMAqbFSA=\/arc-anglerfish-arc2-prod-infobae\/public\/TDHPG2YJ45HINJVALBAO4W6SLI.jpg\" alt=\"El amparo posterga la publicaci\u00f3n de la reforma al Poder Judicial | Foto: X @FranciscoBurgoa\"\/><\/figure>\n\n\n\n<p>El amparo posterga la publicaci\u00f3n de la reforma al Poder Judicial | Foto: X @FranciscoBurgoa<\/p>\n\n\n\n<h2 class=\"wp-block-heading header headline-class-h2\">\u00bfQu\u00e9 significa que una reforma no se publique en el DOF?<\/h2>\n\n\n\n<p class=\"paragraph\">Las reformas constitucionales deben publicarse en el Diario Oficial de la Federaci\u00f3n (DOF) por varias razones fundamentales que&nbsp;<strong>garantizan la transparencia, legalidad y conocimiento p\u00fablico<\/strong>&nbsp;de las modificaciones:<\/p>\n\n\n\n<p class=\"paragraph\">Entre las principales razones para la Publicaci\u00f3n, se encuentran:<\/p>\n\n\n\n<ul class=\"wp-block-list list\">\n<li><strong>Transparencia y Publicidad:<\/strong>\u00a0La publicaci\u00f3n en el DOF asegura que las reformas sean de conocimiento p\u00fablico, lo que garantiza transparencia en el proceso legislativo. Los ciudadanos tienen el derecho de saber y acceder f\u00e1cilmente a las leyes y reformas que los afectan.<\/li>\n\n\n\n<li><strong>Validez Jur\u00eddica:\u00a0<\/strong>Para que una reforma constitucional\u00a0<strong>entre en vigor\u00a0<\/strong>debe ser oficialmente publicada. La publicaci\u00f3n en el DOF otorga validez y efectos legales a las nuevas disposiciones, convirti\u00e9ndolas en normas obligatorias para todos los ciudadanos y autoridades.<\/li>\n\n\n\n<li><strong>Accesibilidad y Consulta:\u00a0<\/strong>El DOF es la fuente oficial de informaci\u00f3n legal en M\u00e9xico. Publicar las reformas en este medio permite que juristas, acad\u00e9micos, estudiantes y cualquier interesado puedan consultar los textos oficiales de las leyes y reformas, asegurando su correcta interpretaci\u00f3n y aplicaci\u00f3n.<\/li>\n\n\n\n<li><strong>Registro Hist\u00f3rico:<\/strong>\u00a0La publicaci\u00f3n en el DOF proporciona un registro hist\u00f3rico y oficial de las reformas constitucionales. Esto es crucial para la referencia futura y para la construcci\u00f3n de la estructura legal y normativa del pa\u00eds.<\/li>\n<\/ul>\n\n\n\n<p class=\"paragraph\">Para que una reforma llegue a esta importante publicaci\u00f3n, las reformas constitucionales, en este caso la hecha a Poder Judicial, deber\u00e1n pasar por estos pasos:<\/p>\n\n\n\n<ul class=\"wp-block-list list\">\n<li>Aprobaci\u00f3n Legislativa: Las reformas constitucionales deben ser aprobadas por una mayor\u00eda calificada en ambas c\u00e1maras del Congreso de la Uni\u00f3n y, posteriormente, por la mayor\u00eda de las legislaturas de los estados.<\/li>\n\n\n\n<li>Promulgaci\u00f3n: Una vez aprobadas, las reformas son promulgadas por el presidente de la Rep\u00fablica.<\/li>\n\n\n\n<li>Publicaci\u00f3n: Finalmente, se publican en el Diario Oficial de la Federaci\u00f3n para que entren en vigor.<\/li>\n<\/ul>\n","protected":false},"excerpt":{"rendered":"<p>El presidente L\u00f3pez Obrador hab\u00eda adelantado que ser\u00eda el 15 de septiembre cuando la iniciativa de reforma se publicar\u00eda tras la aprobaci\u00f3n de m\u00e1s de 17 congresos estatales Ciudad de M\u00e9xico.- Este viernes 13 de septiembre, considerado por muchos como un d\u00eda de mala suerte, se dio a conocer que un juez otorg\u00f3 una suspensi\u00f3n [&hellip;]<\/p>\n","protected":false},"author":41,"featured_media":91091,"comment_status":"closed","ping_status":"open","sticky":false,"template":"","format":"standard","meta":{"tdm_status":"","tdm_grid_status":"","footnotes":""},"categories":[39],"tags":[],"class_list":{"0":"post-91092","1":"post","2":"type-post","3":"status-publish","4":"format-standard","5":"has-post-thumbnail","7":"category-noticias-nacionales"},"yoast_head":"<!-- This site is optimized with the Yoast SEO plugin v27.5 - https:\/\/yoast.com\/product\/yoast-seo-wordpress\/ -->\n<title>Juez \u2018bloquea\u2019 publicaci\u00f3n de la reforma judicial en el DOF; otorga suspensi\u00f3n provisional - Fuentes Fidedignas<\/title>\n<meta name=\"robots\" content=\"index, follow, max-snippet:-1, max-image-preview:large, max-video-preview:-1\" \/>\n<link rel=\"canonical\" href=\"https:\/\/fuentesfidedignas.com.mx\/index.php\/2024\/09\/13\/juez-bloquea-publicacion-de-la-reforma-judicial-en-el-dof-otorga-suspension-provisional\/\" \/>\n<meta property=\"og:locale\" content=\"es_MX\" \/>\n<meta property=\"og:type\" content=\"article\" \/>\n<meta property=\"og:title\" content=\"Juez \u2018bloquea\u2019 publicaci\u00f3n de la reforma judicial en el DOF; otorga suspensi\u00f3n provisional - Fuentes Fidedignas\" \/>\n<meta property=\"og:description\" content=\"El presidente L\u00f3pez Obrador hab\u00eda adelantado que ser\u00eda el 15 de septiembre cuando la iniciativa de reforma se publicar\u00eda tras la aprobaci\u00f3n de m\u00e1s de 17 congresos estatales Ciudad de M\u00e9xico.- Este viernes 13 de septiembre, considerado por muchos como un d\u00eda de mala suerte, se dio a conocer que un juez otorg\u00f3 una suspensi\u00f3n [&hellip;]\" \/>\n<meta property=\"og:url\" content=\"https:\/\/fuentesfidedignas.com.mx\/index.php\/2024\/09\/13\/juez-bloquea-publicacion-de-la-reforma-judicial-en-el-dof-otorga-suspension-provisional\/\" \/>\n<meta property=\"og:site_name\" content=\"Fuentes Fidedignas\" \/>\n<meta property=\"article:publisher\" content=\"https:\/\/www.facebook.com\/Fuentes-Fidedignas-368234489921644\" \/>\n<meta property=\"article:published_time\" content=\"2024-09-13T20:38:08+00:00\" \/>\n<meta property=\"og:image\" content=\"https:\/\/fuentesfidedignas.com.mx\/wp-content\/uploads\/2024\/09\/img_8035-1.jpg\" \/>\n\t<meta property=\"og:image:width\" content=\"1920\" \/>\n\t<meta property=\"og:image:height\" content=\"1080\" \/>\n\t<meta property=\"og:image:type\" content=\"image\/png\" \/>\n<meta name=\"author\" content=\"Infobae\" \/>\n<meta name=\"twitter:card\" content=\"summary_large_image\" \/>\n<meta name=\"twitter:creator\" content=\"@fidedignas\" \/>\n<meta name=\"twitter:site\" content=\"@fidedignas\" \/>\n<meta name=\"twitter:label1\" content=\"Escrito por\" \/>\n\t<meta name=\"twitter:data1\" content=\"Infobae\" \/>\n\t<meta name=\"twitter:label2\" content=\"Tiempo de lectura\" \/>\n\t<meta name=\"twitter:data2\" content=\"5 minutos\" \/>\n<script type=\"application\/ld+json\" class=\"yoast-schema-graph\">{\"@context\":\"https:\\\/\\\/schema.org\",\"@graph\":[{\"@type\":\"Article\",\"@id\":\"https:\\\/\\\/fuentesfidedignas.com.mx\\\/index.php\\\/2024\\\/09\\\/13\\\/juez-bloquea-publicacion-de-la-reforma-judicial-en-el-dof-otorga-suspension-provisional\\\/#article\",\"isPartOf\":{\"@id\":\"https:\\\/\\\/fuentesfidedignas.com.mx\\\/index.php\\\/2024\\\/09\\\/13\\\/juez-bloquea-publicacion-de-la-reforma-judicial-en-el-dof-otorga-suspension-provisional\\\/\"},\"author\":{\"name\":\"Infobae\",\"@id\":\"https:\\\/\\\/fuentesfidedignas.com.mx\\\/#\\\/schema\\\/person\\\/8575896a7c1067d352f6c1cd6582c389\"},\"headline\":\"Juez \u2018bloquea\u2019 publicaci\u00f3n de la reforma judicial en el DOF; otorga suspensi\u00f3n provisional\",\"datePublished\":\"2024-09-13T20:38:08+00:00\",\"mainEntityOfPage\":{\"@id\":\"https:\\\/\\\/fuentesfidedignas.com.mx\\\/index.php\\\/2024\\\/09\\\/13\\\/juez-bloquea-publicacion-de-la-reforma-judicial-en-el-dof-otorga-suspension-provisional\\\/\"},\"wordCount\":919,\"publisher\":{\"@id\":\"https:\\\/\\\/fuentesfidedignas.com.mx\\\/#organization\"},\"image\":{\"@id\":\"https:\\\/\\\/fuentesfidedignas.com.mx\\\/index.php\\\/2024\\\/09\\\/13\\\/juez-bloquea-publicacion-de-la-reforma-judicial-en-el-dof-otorga-suspension-provisional\\\/#primaryimage\"},\"thumbnailUrl\":\"https:\\\/\\\/fuentesfidedignas.com.mx\\\/wp-content\\\/uploads\\\/2024\\\/09\\\/img_8035-1.jpg\",\"articleSection\":[\"NOTICIAS NACIONALES\"],\"inLanguage\":\"es\"},{\"@type\":\"WebPage\",\"@id\":\"https:\\\/\\\/fuentesfidedignas.com.mx\\\/index.php\\\/2024\\\/09\\\/13\\\/juez-bloquea-publicacion-de-la-reforma-judicial-en-el-dof-otorga-suspension-provisional\\\/\",\"url\":\"https:\\\/\\\/fuentesfidedignas.com.mx\\\/index.php\\\/2024\\\/09\\\/13\\\/juez-bloquea-publicacion-de-la-reforma-judicial-en-el-dof-otorga-suspension-provisional\\\/\",\"name\":\"Juez \u2018bloquea\u2019 publicaci\u00f3n de la reforma judicial en el DOF; otorga suspensi\u00f3n provisional - Fuentes Fidedignas\",\"isPartOf\":{\"@id\":\"https:\\\/\\\/fuentesfidedignas.com.mx\\\/#website\"},\"primaryImageOfPage\":{\"@id\":\"https:\\\/\\\/fuentesfidedignas.com.mx\\\/index.php\\\/2024\\\/09\\\/13\\\/juez-bloquea-publicacion-de-la-reforma-judicial-en-el-dof-otorga-suspension-provisional\\\/#primaryimage\"},\"image\":{\"@id\":\"https:\\\/\\\/fuentesfidedignas.com.mx\\\/index.php\\\/2024\\\/09\\\/13\\\/juez-bloquea-publicacion-de-la-reforma-judicial-en-el-dof-otorga-suspension-provisional\\\/#primaryimage\"},\"thumbnailUrl\":\"https:\\\/\\\/fuentesfidedignas.com.mx\\\/wp-content\\\/uploads\\\/2024\\\/09\\\/img_8035-1.jpg\",\"datePublished\":\"2024-09-13T20:38:08+00:00\",\"breadcrumb\":{\"@id\":\"https:\\\/\\\/fuentesfidedignas.com.mx\\\/index.php\\\/2024\\\/09\\\/13\\\/juez-bloquea-publicacion-de-la-reforma-judicial-en-el-dof-otorga-suspension-provisional\\\/#breadcrumb\"},\"inLanguage\":\"es\",\"potentialAction\":[{\"@type\":\"ReadAction\",\"target\":[\"https:\\\/\\\/fuentesfidedignas.com.mx\\\/index.php\\\/2024\\\/09\\\/13\\\/juez-bloquea-publicacion-de-la-reforma-judicial-en-el-dof-otorga-suspension-provisional\\\/\"]}]},{\"@type\":\"ImageObject\",\"inLanguage\":\"es\",\"@id\":\"https:\\\/\\\/fuentesfidedignas.com.mx\\\/index.php\\\/2024\\\/09\\\/13\\\/juez-bloquea-publicacion-de-la-reforma-judicial-en-el-dof-otorga-suspension-provisional\\\/#primaryimage\",\"url\":\"https:\\\/\\\/fuentesfidedignas.com.mx\\\/wp-content\\\/uploads\\\/2024\\\/09\\\/img_8035-1.jpg\",\"contentUrl\":\"https:\\\/\\\/fuentesfidedignas.com.mx\\\/wp-content\\\/uploads\\\/2024\\\/09\\\/img_8035-1.jpg\",\"width\":1920,\"height\":1080},{\"@type\":\"BreadcrumbList\",\"@id\":\"https:\\\/\\\/fuentesfidedignas.com.mx\\\/index.php\\\/2024\\\/09\\\/13\\\/juez-bloquea-publicacion-de-la-reforma-judicial-en-el-dof-otorga-suspension-provisional\\\/#breadcrumb\",\"itemListElement\":[{\"@type\":\"ListItem\",\"position\":1,\"name\":\"Inicio\",\"item\":\"https:\\\/\\\/fuentesfidedignas.com.mx\\\/\"},{\"@type\":\"ListItem\",\"position\":2,\"name\":\"Juez \u2018bloquea\u2019 publicaci\u00f3n de la reforma judicial en el DOF; otorga suspensi\u00f3n provisional\"}]},{\"@type\":\"WebSite\",\"@id\":\"https:\\\/\\\/fuentesfidedignas.com.mx\\\/#website\",\"url\":\"https:\\\/\\\/fuentesfidedignas.com.mx\\\/\",\"name\":\"Fuentes Fidedignas\",\"description\":\"Otro sitio realizado con WordPress\",\"publisher\":{\"@id\":\"https:\\\/\\\/fuentesfidedignas.com.mx\\\/#organization\"},\"potentialAction\":[{\"@type\":\"SearchAction\",\"target\":{\"@type\":\"EntryPoint\",\"urlTemplate\":\"https:\\\/\\\/fuentesfidedignas.com.mx\\\/?s={search_term_string}\"},\"query-input\":{\"@type\":\"PropertyValueSpecification\",\"valueRequired\":true,\"valueName\":\"search_term_string\"}}],\"inLanguage\":\"es\"},{\"@type\":\"Organization\",\"@id\":\"https:\\\/\\\/fuentesfidedignas.com.mx\\\/#organization\",\"name\":\"Fuentes Fidedignas\",\"url\":\"https:\\\/\\\/fuentesfidedignas.com.mx\\\/\",\"logo\":{\"@type\":\"ImageObject\",\"inLanguage\":\"es\",\"@id\":\"https:\\\/\\\/fuentesfidedignas.com.mx\\\/#\\\/schema\\\/logo\\\/image\\\/\",\"url\":\"https:\\\/\\\/fuentesfidedignas.com.mx\\\/wp-content\\\/uploads\\\/2021\\\/04\\\/logo-retina.png\",\"contentUrl\":\"https:\\\/\\\/fuentesfidedignas.com.mx\\\/wp-content\\\/uploads\\\/2021\\\/04\\\/logo-retina.png\",\"width\":280,\"height\":51,\"caption\":\"Fuentes Fidedignas\"},\"image\":{\"@id\":\"https:\\\/\\\/fuentesfidedignas.com.mx\\\/#\\\/schema\\\/logo\\\/image\\\/\"},\"sameAs\":[\"https:\\\/\\\/www.facebook.com\\\/Fuentes-Fidedignas-368234489921644\",\"https:\\\/\\\/x.com\\\/fidedignas\"]},{\"@type\":\"Person\",\"@id\":\"https:\\\/\\\/fuentesfidedignas.com.mx\\\/#\\\/schema\\\/person\\\/8575896a7c1067d352f6c1cd6582c389\",\"name\":\"Infobae\",\"image\":{\"@type\":\"ImageObject\",\"inLanguage\":\"es\",\"@id\":\"https:\\\/\\\/secure.gravatar.com\\\/avatar\\\/e4ec95706f8d1670343f6526fdcec45474bab17475a851434a64ca12b5acba1c?s=96&d=mm&r=g\",\"url\":\"https:\\\/\\\/secure.gravatar.com\\\/avatar\\\/e4ec95706f8d1670343f6526fdcec45474bab17475a851434a64ca12b5acba1c?s=96&d=mm&r=g\",\"contentUrl\":\"https:\\\/\\\/secure.gravatar.com\\\/avatar\\\/e4ec95706f8d1670343f6526fdcec45474bab17475a851434a64ca12b5acba1c?s=96&d=mm&r=g\",\"caption\":\"Infobae\"},\"url\":\"https:\\\/\\\/fuentesfidedignas.com.mx\\\/index.php\\\/author\\\/infobae\\\/\"}]}<\/script>\n<!-- \/ Yoast SEO plugin. -->","yoast_head_json":{"title":"Juez \u2018bloquea\u2019 publicaci\u00f3n de la reforma judicial en el DOF; otorga suspensi\u00f3n provisional - Fuentes Fidedignas","robots":{"index":"index","follow":"follow","max-snippet":"max-snippet:-1","max-image-preview":"max-image-preview:large","max-video-preview":"max-video-preview:-1"},"canonical":"https:\/\/fuentesfidedignas.com.mx\/index.php\/2024\/09\/13\/juez-bloquea-publicacion-de-la-reforma-judicial-en-el-dof-otorga-suspension-provisional\/","og_locale":"es_MX","og_type":"article","og_title":"Juez \u2018bloquea\u2019 publicaci\u00f3n de la reforma judicial en el DOF; otorga suspensi\u00f3n provisional - Fuentes Fidedignas","og_description":"El presidente L\u00f3pez Obrador hab\u00eda adelantado que ser\u00eda el 15 de septiembre cuando la iniciativa de reforma se publicar\u00eda tras la aprobaci\u00f3n de m\u00e1s de 17 congresos estatales Ciudad de M\u00e9xico.- Este viernes 13 de septiembre, considerado por muchos como un d\u00eda de mala suerte, se dio a conocer que un juez otorg\u00f3 una suspensi\u00f3n [&hellip;]","og_url":"https:\/\/fuentesfidedignas.com.mx\/index.php\/2024\/09\/13\/juez-bloquea-publicacion-de-la-reforma-judicial-en-el-dof-otorga-suspension-provisional\/","og_site_name":"Fuentes Fidedignas","article_publisher":"https:\/\/www.facebook.com\/Fuentes-Fidedignas-368234489921644","article_published_time":"2024-09-13T20:38:08+00:00","og_image":[{"width":1920,"height":1080,"url":"https:\/\/fuentesfidedignas.com.mx\/wp-content\/uploads\/2024\/09\/img_8035-1.jpg","type":"image\/png"}],"author":"Infobae","twitter_card":"summary_large_image","twitter_creator":"@fidedignas","twitter_site":"@fidedignas","twitter_misc":{"Escrito por":"Infobae","Tiempo de lectura":"5 minutos"},"schema":{"@context":"https:\/\/schema.org","@graph":[{"@type":"Article","@id":"https:\/\/fuentesfidedignas.com.mx\/index.php\/2024\/09\/13\/juez-bloquea-publicacion-de-la-reforma-judicial-en-el-dof-otorga-suspension-provisional\/#article","isPartOf":{"@id":"https:\/\/fuentesfidedignas.com.mx\/index.php\/2024\/09\/13\/juez-bloquea-publicacion-de-la-reforma-judicial-en-el-dof-otorga-suspension-provisional\/"},"author":{"name":"Infobae","@id":"https:\/\/fuentesfidedignas.com.mx\/#\/schema\/person\/8575896a7c1067d352f6c1cd6582c389"},"headline":"Juez \u2018bloquea\u2019 publicaci\u00f3n de la reforma judicial en el DOF; otorga suspensi\u00f3n provisional","datePublished":"2024-09-13T20:38:08+00:00","mainEntityOfPage":{"@id":"https:\/\/fuentesfidedignas.com.mx\/index.php\/2024\/09\/13\/juez-bloquea-publicacion-de-la-reforma-judicial-en-el-dof-otorga-suspension-provisional\/"},"wordCount":919,"publisher":{"@id":"https:\/\/fuentesfidedignas.com.mx\/#organization"},"image":{"@id":"https:\/\/fuentesfidedignas.com.mx\/index.php\/2024\/09\/13\/juez-bloquea-publicacion-de-la-reforma-judicial-en-el-dof-otorga-suspension-provisional\/#primaryimage"},"thumbnailUrl":"https:\/\/fuentesfidedignas.com.mx\/wp-content\/uploads\/2024\/09\/img_8035-1.jpg","articleSection":["NOTICIAS NACIONALES"],"inLanguage":"es"},{"@type":"WebPage","@id":"https:\/\/fuentesfidedignas.com.mx\/index.php\/2024\/09\/13\/juez-bloquea-publicacion-de-la-reforma-judicial-en-el-dof-otorga-suspension-provisional\/","url":"https:\/\/fuentesfidedignas.com.mx\/index.php\/2024\/09\/13\/juez-bloquea-publicacion-de-la-reforma-judicial-en-el-dof-otorga-suspension-provisional\/","name":"Juez \u2018bloquea\u2019 publicaci\u00f3n de la reforma judicial en el DOF; otorga suspensi\u00f3n provisional - Fuentes Fidedignas","isPartOf":{"@id":"https:\/\/fuentesfidedignas.com.mx\/#website"},"primaryImageOfPage":{"@id":"https:\/\/fuentesfidedignas.com.mx\/index.php\/2024\/09\/13\/juez-bloquea-publicacion-de-la-reforma-judicial-en-el-dof-otorga-suspension-provisional\/#primaryimage"},"image":{"@id":"https:\/\/fuentesfidedignas.com.mx\/index.php\/2024\/09\/13\/juez-bloquea-publicacion-de-la-reforma-judicial-en-el-dof-otorga-suspension-provisional\/#primaryimage"},"thumbnailUrl":"https:\/\/fuentesfidedignas.com.mx\/wp-content\/uploads\/2024\/09\/img_8035-1.jpg","datePublished":"2024-09-13T20:38:08+00:00","breadcrumb":{"@id":"https:\/\/fuentesfidedignas.com.mx\/index.php\/2024\/09\/13\/juez-bloquea-publicacion-de-la-reforma-judicial-en-el-dof-otorga-suspension-provisional\/#breadcrumb"},"inLanguage":"es","potentialAction":[{"@type":"ReadAction","target":["https:\/\/fuentesfidedignas.com.mx\/index.php\/2024\/09\/13\/juez-bloquea-publicacion-de-la-reforma-judicial-en-el-dof-otorga-suspension-provisional\/"]}]},{"@type":"ImageObject","inLanguage":"es","@id":"https:\/\/fuentesfidedignas.com.mx\/index.php\/2024\/09\/13\/juez-bloquea-publicacion-de-la-reforma-judicial-en-el-dof-otorga-suspension-provisional\/#primaryimage","url":"https:\/\/fuentesfidedignas.com.mx\/wp-content\/uploads\/2024\/09\/img_8035-1.jpg","contentUrl":"https:\/\/fuentesfidedignas.com.mx\/wp-content\/uploads\/2024\/09\/img_8035-1.jpg","width":1920,"height":1080},{"@type":"BreadcrumbList","@id":"https:\/\/fuentesfidedignas.com.mx\/index.php\/2024\/09\/13\/juez-bloquea-publicacion-de-la-reforma-judicial-en-el-dof-otorga-suspension-provisional\/#breadcrumb","itemListElement":[{"@type":"ListItem","position":1,"name":"Inicio","item":"https:\/\/fuentesfidedignas.com.mx\/"},{"@type":"ListItem","position":2,"name":"Juez \u2018bloquea\u2019 publicaci\u00f3n de la reforma judicial en el DOF; otorga suspensi\u00f3n provisional"}]},{"@type":"WebSite","@id":"https:\/\/fuentesfidedignas.com.mx\/#website","url":"https:\/\/fuentesfidedignas.com.mx\/","name":"Fuentes Fidedignas","description":"Otro sitio realizado con WordPress","publisher":{"@id":"https:\/\/fuentesfidedignas.com.mx\/#organization"},"potentialAction":[{"@type":"SearchAction","target":{"@type":"EntryPoint","urlTemplate":"https:\/\/fuentesfidedignas.com.mx\/?s={search_term_string}"},"query-input":{"@type":"PropertyValueSpecification","valueRequired":true,"valueName":"search_term_string"}}],"inLanguage":"es"},{"@type":"Organization","@id":"https:\/\/fuentesfidedignas.com.mx\/#organization","name":"Fuentes Fidedignas","url":"https:\/\/fuentesfidedignas.com.mx\/","logo":{"@type":"ImageObject","inLanguage":"es","@id":"https:\/\/fuentesfidedignas.com.mx\/#\/schema\/logo\/image\/","url":"https:\/\/fuentesfidedignas.com.mx\/wp-content\/uploads\/2021\/04\/logo-retina.png","contentUrl":"https:\/\/fuentesfidedignas.com.mx\/wp-content\/uploads\/2021\/04\/logo-retina.png","width":280,"height":51,"caption":"Fuentes Fidedignas"},"image":{"@id":"https:\/\/fuentesfidedignas.com.mx\/#\/schema\/logo\/image\/"},"sameAs":["https:\/\/www.facebook.com\/Fuentes-Fidedignas-368234489921644","https:\/\/x.com\/fidedignas"]},{"@type":"Person","@id":"https:\/\/fuentesfidedignas.com.mx\/#\/schema\/person\/8575896a7c1067d352f6c1cd6582c389","name":"Infobae","image":{"@type":"ImageObject","inLanguage":"es","@id":"https:\/\/secure.gravatar.com\/avatar\/e4ec95706f8d1670343f6526fdcec45474bab17475a851434a64ca12b5acba1c?s=96&d=mm&r=g","url":"https:\/\/secure.gravatar.com\/avatar\/e4ec95706f8d1670343f6526fdcec45474bab17475a851434a64ca12b5acba1c?s=96&d=mm&r=g","contentUrl":"https:\/\/secure.gravatar.com\/avatar\/e4ec95706f8d1670343f6526fdcec45474bab17475a851434a64ca12b5acba1c?s=96&d=mm&r=g","caption":"Infobae"},"url":"https:\/\/fuentesfidedignas.com.mx\/index.php\/author\/infobae\/"}]}},"_links":{"self":[{"href":"https:\/\/fuentesfidedignas.com.mx\/index.php\/wp-json\/wp\/v2\/posts\/91092","targetHints":{"allow":["GET"]}}],"collection":[{"href":"https:\/\/fuentesfidedignas.com.mx\/index.php\/wp-json\/wp\/v2\/posts"}],"about":[{"href":"https:\/\/fuentesfidedignas.com.mx\/index.php\/wp-json\/wp\/v2\/types\/post"}],"author":[{"embeddable":true,"href":"https:\/\/fuentesfidedignas.com.mx\/index.php\/wp-json\/wp\/v2\/users\/41"}],"replies":[{"embeddable":true,"href":"https:\/\/fuentesfidedignas.com.mx\/index.php\/wp-json\/wp\/v2\/comments?post=91092"}],"version-history":[{"count":1,"href":"https:\/\/fuentesfidedignas.com.mx\/index.php\/wp-json\/wp\/v2\/posts\/91092\/revisions"}],"predecessor-version":[{"id":91093,"href":"https:\/\/fuentesfidedignas.com.mx\/index.php\/wp-json\/wp\/v2\/posts\/91092\/revisions\/91093"}],"wp:featuredmedia":[{"embeddable":true,"href":"https:\/\/fuentesfidedignas.com.mx\/index.php\/wp-json\/wp\/v2\/media\/91091"}],"wp:attachment":[{"href":"https:\/\/fuentesfidedignas.com.mx\/index.php\/wp-json\/wp\/v2\/media?parent=91092"}],"wp:term":[{"taxonomy":"category","embeddable":true,"href":"https:\/\/fuentesfidedignas.com.mx\/index.php\/wp-json\/wp\/v2\/categories?post=91092"},{"taxonomy":"post_tag","embeddable":true,"href":"https:\/\/fuentesfidedignas.com.mx\/index.php\/wp-json\/wp\/v2\/tags?post=91092"}],"curies":[{"name":"wp","href":"https:\/\/api.w.org\/{rel}","templated":true}]}}