{"id":91058,"date":"2024-09-13T07:35:16","date_gmt":"2024-09-13T14:35:16","guid":{"rendered":"https:\/\/fuentesfidedignas.com.mx\/?p=91058"},"modified":"2024-09-13T07:36:13","modified_gmt":"2024-09-13T14:36:13","slug":"rina-en-penal-de-michoacan-deja-26-reos-heridos-y-45-reubicados","status":"publish","type":"post","link":"https:\/\/fuentesfidedignas.com.mx\/index.php\/2024\/09\/13\/rina-en-penal-de-michoacan-deja-26-reos-heridos-y-45-reubicados\/","title":{"rendered":"Ri\u00f1a en penal de Michoac\u00e1n deja 26 reos heridos y 45 reubicados"},"content":{"rendered":"\n<p><strong><em>Una ri\u00f1a en el Centro Penitenciario de Alta Seguridad para Delitos de Alto Impacto, en el estado de Michoac\u00e1n dej\u00f3 26 heridos<\/em><\/strong><\/p>\n\n\n\n<p>Al menos 26 reos heridos y 45 m\u00e1s reubicados a distintos penales, es el saldo que dej\u00f3 una ri\u00f1a en el Centro Penitenciario de Alta Seguridad para Delitos de Alto Impacto, en el estado de Michoac\u00e1n.<\/p>\n\n\n\n<p>Una fuente de la Coordinaci\u00f3n del Sistema Penitenciario de Michoac\u00e1n inform\u00f3 que la ri\u00f1a inici\u00f3 alrededor de las 16:00 h del tiempo local en el patio central del reclusorio (c\u00e1rcel), ubicado en el municipio de Charo, colindante con la ciudad de Morelia, capital del estado.<\/p>\n\n\n\n<p>Seg\u00fan versiones, la ri\u00f1a habr\u00eda durado cerca de 30 minutos, en los que los internos utilizaron armas cortopunzantes, palos y otros objetos que tomaron de los diversos talleres del penal, considerado como de alta seguridad.<\/p>\n\n\n\n<p>Agentes de seguridad y custodia tuvieron que utilizar gas lacrim\u00f3geno y equipo antimotines para controlar la pelea, mientras que polic\u00edas estatales desplegaron un per\u00edmetro de seguridad al exterior del penal, para prevenir cualquier posible intento de fuga.<\/p>\n\n\n\n<p>Param\u00e9dicos y custodios del sistema penitenciario atendieron a 26 reos que sufrieron diversas heridas y los trasladaron al Hospital General \u2018Doctor Miguel Silva\u2019, ubicado en el complejo denominado como Ciudad Salud y localizado en los l\u00edmites de Charo y Morelia.<\/p>\n\n\n\n<p>Adem\u00e1s, 45 reclusos fueron reubicados a distintos centros penitenciarios de Michoac\u00e1n, en un intento de evitar nuevas ri\u00f1as o conflictos entre los reos.<\/p>\n\n\n\n<p>El Centro Penitenciario de Alta Seguridad para Delitos de Alto Impacto se ubica en un complejo de reclusorios conocido como \u2018Mil Cumbres\u2019, y est\u00e1 destinado para reos procesados por delitos como secuestro, narcotr\u00e1fico, delincuencia organizada y homicidios.<\/p>\n\n\n\n<p>De acuerdo con una fuente del penal, los reos se enfrentaron por el control de actividades il\u00edcitas al interior del reclusorio, como lo son la venta de drogas, alcohol y \u2018protecci\u00f3n\u2019 a internos.<\/p>\n\n\n\n<p>Autoridades identificaron entre los reclusos lesionados y reubicados a integrantes de las bandas del narcotr\u00e1fico autodenominadas como C\u00e1rtel Jalisco Nueva Generaci\u00f3n (CJNG), Los Viagras, Blancos de Troya y Los Caballeros Templarios, entre otros.<\/p>\n","protected":false},"excerpt":{"rendered":"<p>Una ri\u00f1a en el Centro Penitenciario de Alta Seguridad para Delitos de Alto Impacto, en el estado de Michoac\u00e1n dej\u00f3 26 heridos Al menos 26 reos heridos y 45 m\u00e1s reubicados a distintos penales, es el saldo que dej\u00f3 una ri\u00f1a en el Centro Penitenciario de Alta Seguridad para Delitos de Alto Impacto, en el [&hellip;]<\/p>\n","protected":false},"author":47,"featured_media":91059,"comment_status":"open","ping_status":"open","sticky":false,"template":"","format":"standard","meta":{"tdm_status":"","tdm_grid_status":"","footnotes":""},"categories":[39],"tags":[],"class_list":{"0":"post-91058","1":"post","2":"type-post","3":"status-publish","4":"format-standard","5":"has-post-thumbnail","7":"category-noticias-nacionales"},"yoast_head":"<!-- This site is optimized with the Yoast SEO plugin v27.5 - https:\/\/yoast.com\/product\/yoast-seo-wordpress\/ -->\n<title>Ri\u00f1a en penal de Michoac\u00e1n deja 26 reos heridos y 45 reubicados - Fuentes Fidedignas<\/title>\n<meta name=\"robots\" content=\"index, follow, max-snippet:-1, max-image-preview:large, max-video-preview:-1\" \/>\n<link rel=\"canonical\" href=\"https:\/\/fuentesfidedignas.com.mx\/index.php\/2024\/09\/13\/rina-en-penal-de-michoacan-deja-26-reos-heridos-y-45-reubicados\/\" \/>\n<meta property=\"og:locale\" content=\"es_MX\" \/>\n<meta property=\"og:type\" content=\"article\" \/>\n<meta property=\"og:title\" content=\"Ri\u00f1a en penal de Michoac\u00e1n deja 26 reos heridos y 45 reubicados - Fuentes Fidedignas\" \/>\n<meta property=\"og:description\" content=\"Una ri\u00f1a en el Centro Penitenciario de Alta Seguridad para Delitos de Alto Impacto, en el estado de Michoac\u00e1n dej\u00f3 26 heridos Al menos 26 reos heridos y 45 m\u00e1s reubicados a distintos penales, es el saldo que dej\u00f3 una ri\u00f1a en el Centro Penitenciario de Alta Seguridad para Delitos de Alto Impacto, en el [&hellip;]\" \/>\n<meta property=\"og:url\" content=\"https:\/\/fuentesfidedignas.com.mx\/index.php\/2024\/09\/13\/rina-en-penal-de-michoacan-deja-26-reos-heridos-y-45-reubicados\/\" \/>\n<meta property=\"og:site_name\" content=\"Fuentes Fidedignas\" \/>\n<meta property=\"article:publisher\" content=\"https:\/\/www.facebook.com\/Fuentes-Fidedignas-368234489921644\" \/>\n<meta property=\"article:published_time\" content=\"2024-09-13T14:35:16+00:00\" \/>\n<meta property=\"article:modified_time\" content=\"2024-09-13T14:36:13+00:00\" \/>\n<meta property=\"og:image\" content=\"https:\/\/fuentesfidedignas.com.mx\/wp-content\/uploads\/2024\/09\/rina-en-penal-de-michoacan-deja-26-reos-heridos-y-45-reubicados.jpg\" \/>\n\t<meta property=\"og:image:width\" content=\"650\" \/>\n\t<meta property=\"og:image:height\" content=\"487\" \/>\n\t<meta property=\"og:image:type\" content=\"image\/jpeg\" \/>\n<meta name=\"author\" content=\"L\u00f3pez D\u00f3riga\" \/>\n<meta name=\"twitter:card\" content=\"summary_large_image\" \/>\n<meta name=\"twitter:creator\" content=\"@fidedignas\" \/>\n<meta name=\"twitter:site\" content=\"@fidedignas\" \/>\n<meta name=\"twitter:label1\" content=\"Escrito por\" \/>\n\t<meta name=\"twitter:data1\" content=\"L\u00f3pez D\u00f3riga\" \/>\n\t<meta name=\"twitter:label2\" content=\"Tiempo de lectura\" \/>\n\t<meta name=\"twitter:data2\" content=\"2 minutos\" \/>\n<script type=\"application\/ld+json\" class=\"yoast-schema-graph\">{\"@context\":\"https:\\\/\\\/schema.org\",\"@graph\":[{\"@type\":\"Article\",\"@id\":\"https:\\\/\\\/fuentesfidedignas.com.mx\\\/index.php\\\/2024\\\/09\\\/13\\\/rina-en-penal-de-michoacan-deja-26-reos-heridos-y-45-reubicados\\\/#article\",\"isPartOf\":{\"@id\":\"https:\\\/\\\/fuentesfidedignas.com.mx\\\/index.php\\\/2024\\\/09\\\/13\\\/rina-en-penal-de-michoacan-deja-26-reos-heridos-y-45-reubicados\\\/\"},\"author\":{\"name\":\"L\u00f3pez D\u00f3riga\",\"@id\":\"https:\\\/\\\/fuentesfidedignas.com.mx\\\/#\\\/schema\\\/person\\\/67d852f0557c8509146a4b9ddebd543a\"},\"headline\":\"Ri\u00f1a en penal de Michoac\u00e1n deja 26 reos heridos y 45 reubicados\",\"datePublished\":\"2024-09-13T14:35:16+00:00\",\"dateModified\":\"2024-09-13T14:36:13+00:00\",\"mainEntityOfPage\":{\"@id\":\"https:\\\/\\\/fuentesfidedignas.com.mx\\\/index.php\\\/2024\\\/09\\\/13\\\/rina-en-penal-de-michoacan-deja-26-reos-heridos-y-45-reubicados\\\/\"},\"wordCount\":372,\"commentCount\":0,\"publisher\":{\"@id\":\"https:\\\/\\\/fuentesfidedignas.com.mx\\\/#organization\"},\"image\":{\"@id\":\"https:\\\/\\\/fuentesfidedignas.com.mx\\\/index.php\\\/2024\\\/09\\\/13\\\/rina-en-penal-de-michoacan-deja-26-reos-heridos-y-45-reubicados\\\/#primaryimage\"},\"thumbnailUrl\":\"https:\\\/\\\/fuentesfidedignas.com.mx\\\/wp-content\\\/uploads\\\/2024\\\/09\\\/rina-en-penal-de-michoacan-deja-26-reos-heridos-y-45-reubicados.jpg\",\"articleSection\":[\"NOTICIAS NACIONALES\"],\"inLanguage\":\"es\",\"potentialAction\":[{\"@type\":\"CommentAction\",\"name\":\"Comment\",\"target\":[\"https:\\\/\\\/fuentesfidedignas.com.mx\\\/index.php\\\/2024\\\/09\\\/13\\\/rina-en-penal-de-michoacan-deja-26-reos-heridos-y-45-reubicados\\\/#respond\"]}]},{\"@type\":\"WebPage\",\"@id\":\"https:\\\/\\\/fuentesfidedignas.com.mx\\\/index.php\\\/2024\\\/09\\\/13\\\/rina-en-penal-de-michoacan-deja-26-reos-heridos-y-45-reubicados\\\/\",\"url\":\"https:\\\/\\\/fuentesfidedignas.com.mx\\\/index.php\\\/2024\\\/09\\\/13\\\/rina-en-penal-de-michoacan-deja-26-reos-heridos-y-45-reubicados\\\/\",\"name\":\"Ri\u00f1a en penal de Michoac\u00e1n deja 26 reos heridos y 45 reubicados - Fuentes Fidedignas\",\"isPartOf\":{\"@id\":\"https:\\\/\\\/fuentesfidedignas.com.mx\\\/#website\"},\"primaryImageOfPage\":{\"@id\":\"https:\\\/\\\/fuentesfidedignas.com.mx\\\/index.php\\\/2024\\\/09\\\/13\\\/rina-en-penal-de-michoacan-deja-26-reos-heridos-y-45-reubicados\\\/#primaryimage\"},\"image\":{\"@id\":\"https:\\\/\\\/fuentesfidedignas.com.mx\\\/index.php\\\/2024\\\/09\\\/13\\\/rina-en-penal-de-michoacan-deja-26-reos-heridos-y-45-reubicados\\\/#primaryimage\"},\"thumbnailUrl\":\"https:\\\/\\\/fuentesfidedignas.com.mx\\\/wp-content\\\/uploads\\\/2024\\\/09\\\/rina-en-penal-de-michoacan-deja-26-reos-heridos-y-45-reubicados.jpg\",\"datePublished\":\"2024-09-13T14:35:16+00:00\",\"dateModified\":\"2024-09-13T14:36:13+00:00\",\"breadcrumb\":{\"@id\":\"https:\\\/\\\/fuentesfidedignas.com.mx\\\/index.php\\\/2024\\\/09\\\/13\\\/rina-en-penal-de-michoacan-deja-26-reos-heridos-y-45-reubicados\\\/#breadcrumb\"},\"inLanguage\":\"es\",\"potentialAction\":[{\"@type\":\"ReadAction\",\"target\":[\"https:\\\/\\\/fuentesfidedignas.com.mx\\\/index.php\\\/2024\\\/09\\\/13\\\/rina-en-penal-de-michoacan-deja-26-reos-heridos-y-45-reubicados\\\/\"]}]},{\"@type\":\"ImageObject\",\"inLanguage\":\"es\",\"@id\":\"https:\\\/\\\/fuentesfidedignas.com.mx\\\/index.php\\\/2024\\\/09\\\/13\\\/rina-en-penal-de-michoacan-deja-26-reos-heridos-y-45-reubicados\\\/#primaryimage\",\"url\":\"https:\\\/\\\/fuentesfidedignas.com.mx\\\/wp-content\\\/uploads\\\/2024\\\/09\\\/rina-en-penal-de-michoacan-deja-26-reos-heridos-y-45-reubicados.jpg\",\"contentUrl\":\"https:\\\/\\\/fuentesfidedignas.com.mx\\\/wp-content\\\/uploads\\\/2024\\\/09\\\/rina-en-penal-de-michoacan-deja-26-reos-heridos-y-45-reubicados.jpg\",\"width\":650,\"height\":487},{\"@type\":\"BreadcrumbList\",\"@id\":\"https:\\\/\\\/fuentesfidedignas.com.mx\\\/index.php\\\/2024\\\/09\\\/13\\\/rina-en-penal-de-michoacan-deja-26-reos-heridos-y-45-reubicados\\\/#breadcrumb\",\"itemListElement\":[{\"@type\":\"ListItem\",\"position\":1,\"name\":\"Inicio\",\"item\":\"https:\\\/\\\/fuentesfidedignas.com.mx\\\/\"},{\"@type\":\"ListItem\",\"position\":2,\"name\":\"Ri\u00f1a en penal de Michoac\u00e1n deja 26 reos heridos y 45 reubicados\"}]},{\"@type\":\"WebSite\",\"@id\":\"https:\\\/\\\/fuentesfidedignas.com.mx\\\/#website\",\"url\":\"https:\\\/\\\/fuentesfidedignas.com.mx\\\/\",\"name\":\"Fuentes Fidedignas\",\"description\":\"Otro sitio realizado con WordPress\",\"publisher\":{\"@id\":\"https:\\\/\\\/fuentesfidedignas.com.mx\\\/#organization\"},\"potentialAction\":[{\"@type\":\"SearchAction\",\"target\":{\"@type\":\"EntryPoint\",\"urlTemplate\":\"https:\\\/\\\/fuentesfidedignas.com.mx\\\/?s={search_term_string}\"},\"query-input\":{\"@type\":\"PropertyValueSpecification\",\"valueRequired\":true,\"valueName\":\"search_term_string\"}}],\"inLanguage\":\"es\"},{\"@type\":\"Organization\",\"@id\":\"https:\\\/\\\/fuentesfidedignas.com.mx\\\/#organization\",\"name\":\"Fuentes Fidedignas\",\"url\":\"https:\\\/\\\/fuentesfidedignas.com.mx\\\/\",\"logo\":{\"@type\":\"ImageObject\",\"inLanguage\":\"es\",\"@id\":\"https:\\\/\\\/fuentesfidedignas.com.mx\\\/#\\\/schema\\\/logo\\\/image\\\/\",\"url\":\"https:\\\/\\\/fuentesfidedignas.com.mx\\\/wp-content\\\/uploads\\\/2021\\\/04\\\/logo-retina.png\",\"contentUrl\":\"https:\\\/\\\/fuentesfidedignas.com.mx\\\/wp-content\\\/uploads\\\/2021\\\/04\\\/logo-retina.png\",\"width\":280,\"height\":51,\"caption\":\"Fuentes Fidedignas\"},\"image\":{\"@id\":\"https:\\\/\\\/fuentesfidedignas.com.mx\\\/#\\\/schema\\\/logo\\\/image\\\/\"},\"sameAs\":[\"https:\\\/\\\/www.facebook.com\\\/Fuentes-Fidedignas-368234489921644\",\"https:\\\/\\\/x.com\\\/fidedignas\"]},{\"@type\":\"Person\",\"@id\":\"https:\\\/\\\/fuentesfidedignas.com.mx\\\/#\\\/schema\\\/person\\\/67d852f0557c8509146a4b9ddebd543a\",\"name\":\"L\u00f3pez D\u00f3riga\",\"image\":{\"@type\":\"ImageObject\",\"inLanguage\":\"es\",\"@id\":\"https:\\\/\\\/secure.gravatar.com\\\/avatar\\\/e525b06574ca18b33cded59dfe5778d6c823b9513154eff47da551b0551bdd1e?s=96&d=mm&r=g\",\"url\":\"https:\\\/\\\/secure.gravatar.com\\\/avatar\\\/e525b06574ca18b33cded59dfe5778d6c823b9513154eff47da551b0551bdd1e?s=96&d=mm&r=g\",\"contentUrl\":\"https:\\\/\\\/secure.gravatar.com\\\/avatar\\\/e525b06574ca18b33cded59dfe5778d6c823b9513154eff47da551b0551bdd1e?s=96&d=mm&r=g\",\"caption\":\"L\u00f3pez D\u00f3riga\"},\"url\":\"https:\\\/\\\/fuentesfidedignas.com.mx\\\/index.php\\\/author\\\/doriga\\\/\"}]}<\/script>\n<!-- \/ Yoast SEO plugin. -->","yoast_head_json":{"title":"Ri\u00f1a en penal de Michoac\u00e1n deja 26 reos heridos y 45 reubicados - Fuentes Fidedignas","robots":{"index":"index","follow":"follow","max-snippet":"max-snippet:-1","max-image-preview":"max-image-preview:large","max-video-preview":"max-video-preview:-1"},"canonical":"https:\/\/fuentesfidedignas.com.mx\/index.php\/2024\/09\/13\/rina-en-penal-de-michoacan-deja-26-reos-heridos-y-45-reubicados\/","og_locale":"es_MX","og_type":"article","og_title":"Ri\u00f1a en penal de Michoac\u00e1n deja 26 reos heridos y 45 reubicados - Fuentes Fidedignas","og_description":"Una ri\u00f1a en el Centro Penitenciario de Alta Seguridad para Delitos de Alto Impacto, en el estado de Michoac\u00e1n dej\u00f3 26 heridos Al menos 26 reos heridos y 45 m\u00e1s reubicados a distintos penales, es el saldo que dej\u00f3 una ri\u00f1a en el Centro Penitenciario de Alta Seguridad para Delitos de Alto Impacto, en el [&hellip;]","og_url":"https:\/\/fuentesfidedignas.com.mx\/index.php\/2024\/09\/13\/rina-en-penal-de-michoacan-deja-26-reos-heridos-y-45-reubicados\/","og_site_name":"Fuentes Fidedignas","article_publisher":"https:\/\/www.facebook.com\/Fuentes-Fidedignas-368234489921644","article_published_time":"2024-09-13T14:35:16+00:00","article_modified_time":"2024-09-13T14:36:13+00:00","og_image":[{"width":650,"height":487,"url":"https:\/\/fuentesfidedignas.com.mx\/wp-content\/uploads\/2024\/09\/rina-en-penal-de-michoacan-deja-26-reos-heridos-y-45-reubicados.jpg","type":"image\/jpeg"}],"author":"L\u00f3pez D\u00f3riga","twitter_card":"summary_large_image","twitter_creator":"@fidedignas","twitter_site":"@fidedignas","twitter_misc":{"Escrito por":"L\u00f3pez D\u00f3riga","Tiempo de lectura":"2 minutos"},"schema":{"@context":"https:\/\/schema.org","@graph":[{"@type":"Article","@id":"https:\/\/fuentesfidedignas.com.mx\/index.php\/2024\/09\/13\/rina-en-penal-de-michoacan-deja-26-reos-heridos-y-45-reubicados\/#article","isPartOf":{"@id":"https:\/\/fuentesfidedignas.com.mx\/index.php\/2024\/09\/13\/rina-en-penal-de-michoacan-deja-26-reos-heridos-y-45-reubicados\/"},"author":{"name":"L\u00f3pez D\u00f3riga","@id":"https:\/\/fuentesfidedignas.com.mx\/#\/schema\/person\/67d852f0557c8509146a4b9ddebd543a"},"headline":"Ri\u00f1a en penal de Michoac\u00e1n deja 26 reos heridos y 45 reubicados","datePublished":"2024-09-13T14:35:16+00:00","dateModified":"2024-09-13T14:36:13+00:00","mainEntityOfPage":{"@id":"https:\/\/fuentesfidedignas.com.mx\/index.php\/2024\/09\/13\/rina-en-penal-de-michoacan-deja-26-reos-heridos-y-45-reubicados\/"},"wordCount":372,"commentCount":0,"publisher":{"@id":"https:\/\/fuentesfidedignas.com.mx\/#organization"},"image":{"@id":"https:\/\/fuentesfidedignas.com.mx\/index.php\/2024\/09\/13\/rina-en-penal-de-michoacan-deja-26-reos-heridos-y-45-reubicados\/#primaryimage"},"thumbnailUrl":"https:\/\/fuentesfidedignas.com.mx\/wp-content\/uploads\/2024\/09\/rina-en-penal-de-michoacan-deja-26-reos-heridos-y-45-reubicados.jpg","articleSection":["NOTICIAS NACIONALES"],"inLanguage":"es","potentialAction":[{"@type":"CommentAction","name":"Comment","target":["https:\/\/fuentesfidedignas.com.mx\/index.php\/2024\/09\/13\/rina-en-penal-de-michoacan-deja-26-reos-heridos-y-45-reubicados\/#respond"]}]},{"@type":"WebPage","@id":"https:\/\/fuentesfidedignas.com.mx\/index.php\/2024\/09\/13\/rina-en-penal-de-michoacan-deja-26-reos-heridos-y-45-reubicados\/","url":"https:\/\/fuentesfidedignas.com.mx\/index.php\/2024\/09\/13\/rina-en-penal-de-michoacan-deja-26-reos-heridos-y-45-reubicados\/","name":"Ri\u00f1a en penal de Michoac\u00e1n deja 26 reos heridos y 45 reubicados - Fuentes Fidedignas","isPartOf":{"@id":"https:\/\/fuentesfidedignas.com.mx\/#website"},"primaryImageOfPage":{"@id":"https:\/\/fuentesfidedignas.com.mx\/index.php\/2024\/09\/13\/rina-en-penal-de-michoacan-deja-26-reos-heridos-y-45-reubicados\/#primaryimage"},"image":{"@id":"https:\/\/fuentesfidedignas.com.mx\/index.php\/2024\/09\/13\/rina-en-penal-de-michoacan-deja-26-reos-heridos-y-45-reubicados\/#primaryimage"},"thumbnailUrl":"https:\/\/fuentesfidedignas.com.mx\/wp-content\/uploads\/2024\/09\/rina-en-penal-de-michoacan-deja-26-reos-heridos-y-45-reubicados.jpg","datePublished":"2024-09-13T14:35:16+00:00","dateModified":"2024-09-13T14:36:13+00:00","breadcrumb":{"@id":"https:\/\/fuentesfidedignas.com.mx\/index.php\/2024\/09\/13\/rina-en-penal-de-michoacan-deja-26-reos-heridos-y-45-reubicados\/#breadcrumb"},"inLanguage":"es","potentialAction":[{"@type":"ReadAction","target":["https:\/\/fuentesfidedignas.com.mx\/index.php\/2024\/09\/13\/rina-en-penal-de-michoacan-deja-26-reos-heridos-y-45-reubicados\/"]}]},{"@type":"ImageObject","inLanguage":"es","@id":"https:\/\/fuentesfidedignas.com.mx\/index.php\/2024\/09\/13\/rina-en-penal-de-michoacan-deja-26-reos-heridos-y-45-reubicados\/#primaryimage","url":"https:\/\/fuentesfidedignas.com.mx\/wp-content\/uploads\/2024\/09\/rina-en-penal-de-michoacan-deja-26-reos-heridos-y-45-reubicados.jpg","contentUrl":"https:\/\/fuentesfidedignas.com.mx\/wp-content\/uploads\/2024\/09\/rina-en-penal-de-michoacan-deja-26-reos-heridos-y-45-reubicados.jpg","width":650,"height":487},{"@type":"BreadcrumbList","@id":"https:\/\/fuentesfidedignas.com.mx\/index.php\/2024\/09\/13\/rina-en-penal-de-michoacan-deja-26-reos-heridos-y-45-reubicados\/#breadcrumb","itemListElement":[{"@type":"ListItem","position":1,"name":"Inicio","item":"https:\/\/fuentesfidedignas.com.mx\/"},{"@type":"ListItem","position":2,"name":"Ri\u00f1a en penal de Michoac\u00e1n deja 26 reos heridos y 45 reubicados"}]},{"@type":"WebSite","@id":"https:\/\/fuentesfidedignas.com.mx\/#website","url":"https:\/\/fuentesfidedignas.com.mx\/","name":"Fuentes Fidedignas","description":"Otro sitio realizado con WordPress","publisher":{"@id":"https:\/\/fuentesfidedignas.com.mx\/#organization"},"potentialAction":[{"@type":"SearchAction","target":{"@type":"EntryPoint","urlTemplate":"https:\/\/fuentesfidedignas.com.mx\/?s={search_term_string}"},"query-input":{"@type":"PropertyValueSpecification","valueRequired":true,"valueName":"search_term_string"}}],"inLanguage":"es"},{"@type":"Organization","@id":"https:\/\/fuentesfidedignas.com.mx\/#organization","name":"Fuentes Fidedignas","url":"https:\/\/fuentesfidedignas.com.mx\/","logo":{"@type":"ImageObject","inLanguage":"es","@id":"https:\/\/fuentesfidedignas.com.mx\/#\/schema\/logo\/image\/","url":"https:\/\/fuentesfidedignas.com.mx\/wp-content\/uploads\/2021\/04\/logo-retina.png","contentUrl":"https:\/\/fuentesfidedignas.com.mx\/wp-content\/uploads\/2021\/04\/logo-retina.png","width":280,"height":51,"caption":"Fuentes Fidedignas"},"image":{"@id":"https:\/\/fuentesfidedignas.com.mx\/#\/schema\/logo\/image\/"},"sameAs":["https:\/\/www.facebook.com\/Fuentes-Fidedignas-368234489921644","https:\/\/x.com\/fidedignas"]},{"@type":"Person","@id":"https:\/\/fuentesfidedignas.com.mx\/#\/schema\/person\/67d852f0557c8509146a4b9ddebd543a","name":"L\u00f3pez D\u00f3riga","image":{"@type":"ImageObject","inLanguage":"es","@id":"https:\/\/secure.gravatar.com\/avatar\/e525b06574ca18b33cded59dfe5778d6c823b9513154eff47da551b0551bdd1e?s=96&d=mm&r=g","url":"https:\/\/secure.gravatar.com\/avatar\/e525b06574ca18b33cded59dfe5778d6c823b9513154eff47da551b0551bdd1e?s=96&d=mm&r=g","contentUrl":"https:\/\/secure.gravatar.com\/avatar\/e525b06574ca18b33cded59dfe5778d6c823b9513154eff47da551b0551bdd1e?s=96&d=mm&r=g","caption":"L\u00f3pez D\u00f3riga"},"url":"https:\/\/fuentesfidedignas.com.mx\/index.php\/author\/doriga\/"}]}},"_links":{"self":[{"href":"https:\/\/fuentesfidedignas.com.mx\/index.php\/wp-json\/wp\/v2\/posts\/91058","targetHints":{"allow":["GET"]}}],"collection":[{"href":"https:\/\/fuentesfidedignas.com.mx\/index.php\/wp-json\/wp\/v2\/posts"}],"about":[{"href":"https:\/\/fuentesfidedignas.com.mx\/index.php\/wp-json\/wp\/v2\/types\/post"}],"author":[{"embeddable":true,"href":"https:\/\/fuentesfidedignas.com.mx\/index.php\/wp-json\/wp\/v2\/users\/47"}],"replies":[{"embeddable":true,"href":"https:\/\/fuentesfidedignas.com.mx\/index.php\/wp-json\/wp\/v2\/comments?post=91058"}],"version-history":[{"count":1,"href":"https:\/\/fuentesfidedignas.com.mx\/index.php\/wp-json\/wp\/v2\/posts\/91058\/revisions"}],"predecessor-version":[{"id":91060,"href":"https:\/\/fuentesfidedignas.com.mx\/index.php\/wp-json\/wp\/v2\/posts\/91058\/revisions\/91060"}],"wp:featuredmedia":[{"embeddable":true,"href":"https:\/\/fuentesfidedignas.com.mx\/index.php\/wp-json\/wp\/v2\/media\/91059"}],"wp:attachment":[{"href":"https:\/\/fuentesfidedignas.com.mx\/index.php\/wp-json\/wp\/v2\/media?parent=91058"}],"wp:term":[{"taxonomy":"category","embeddable":true,"href":"https:\/\/fuentesfidedignas.com.mx\/index.php\/wp-json\/wp\/v2\/categories?post=91058"},{"taxonomy":"post_tag","embeddable":true,"href":"https:\/\/fuentesfidedignas.com.mx\/index.php\/wp-json\/wp\/v2\/tags?post=91058"}],"curies":[{"name":"wp","href":"https:\/\/api.w.org\/{rel}","templated":true}]}}