{"id":91024,"date":"2024-09-12T19:16:58","date_gmt":"2024-09-13T02:16:58","guid":{"rendered":"https:\/\/fuentesfidedignas.com.mx\/?p=91024"},"modified":"2024-09-12T19:17:01","modified_gmt":"2024-09-13T02:17:01","slug":"eu-pide-a-sus-ciudadanos-en-sinaloa-tomar-precauciones-ante-violencia","status":"publish","type":"post","link":"https:\/\/fuentesfidedignas.com.mx\/index.php\/2024\/09\/12\/eu-pide-a-sus-ciudadanos-en-sinaloa-tomar-precauciones-ante-violencia\/","title":{"rendered":"EU pide a sus ciudadanos en Sinaloa tomar precauciones ante violencia"},"content":{"rendered":"\n<p><strong><em>El consulado de Estados Unidos en Hermosillo mencion\u00f3 que &#8220;los ciudadanos estadunidenses en todo Sinaloa deben permanecer alerta ante posibles actos de violencia&#8221;.<\/em><\/strong><\/p>\n\n\n\n<p>El&nbsp;consulado de los Estados Unidos en Hermosillo pidi\u00f3 a sus ciudadanos residentes en el estado de Sinaloa, tomar precauciones ante los actos de violencia registrados&nbsp;en los \u00faltimos d\u00edas.<\/p>\n\n\n\n<p>El consulado mencion\u00f3 que&nbsp;&#8220;los ciudadanos estadunidenses en todo Sinaloa deben permanecer alerta ante posibles actos de violencia en todo el estado&#8221;.<\/p>\n\n\n\n<p>Tambi\u00e9n, el consulado advirti\u00f3 de hechos registrados como: robo de autom\u00f3viles, disparos, operaciones de las fuerzas de seguridad, bloqueos de carreteras, veh\u00edculos en llamas y carreteras cerradas.<\/p>\n\n\n\n<p>Ante ello, record\u00f3 a los ciudadanos estadunidenses que Sinaloa est\u00e1 clasificado como nivel 4, lo cual significa: no viajar en el aviso de viaje del Departamento de Estado para M\u00e9xico.<\/p>\n\n\n\n<p>Adem\u00e1s, recomend\u00f3 que los ciudadanos estadunidenses, residentes en Sinaloa, que necesiten apoyo, comunicarse\u00a0con la embajada o consulado de Estados Unidos m\u00e1s cercano.<\/p>\n\n\n\n<blockquote class=\"twitter-tweet\"><p lang=\"en\" dir=\"ltr\">Culiacan, Sinaloa, Mexico: We have received reports of car thefts, gunfire, security forces operations, roadblocks, burning vehicles and closed roadways. Schools are closed across Culiacan, Cosala, Elota, and San Ignacio through Sept. 13 and public Independence Day events in\u2026 <a href=\"https:\/\/t.co\/MnhVX4RtEz\">pic.twitter.com\/MnhVX4RtEz<\/a><\/p>&mdash; Travel &#8211; State Dept (@TravelGov) <a href=\"https:\/\/twitter.com\/TravelGov\/status\/1834373851150467476?ref_src=twsrc%5Etfw\">September 12, 2024<\/a><\/blockquote> <script async src=\"https:\/\/platform.twitter.com\/widgets.js\" charset=\"utf-8\"><\/script>\n\n\n\n<p><strong>Balaceras y violencia en Culiac\u00e1n<\/strong><br>El d\u00eda lunes 9 de septiembre, Culiac\u00e1n se convirti\u00f3 en un escenario de una escalada de violencia\u00a0que no ces\u00f3 con los primeros hechos registrados en la madrugada.<\/p>\n\n\n\n<p>A lo largo del d\u00eda y la noche, hasta las primeras horas del martes, nuevos casos de violencia alteraron la tranquilidad en la zona centro de Sinaloa.&nbsp;<\/p>\n\n\n\n<p>Las balaceras y asesinatos dejaron una estela de miedo e incertidumbre entre la poblaci\u00f3n de diversas poblaciones.&nbsp;Se registaron balaceras en la carretera &#8216;La 20&#8217;&nbsp;que conecta con Villa Ju\u00e1rez, Navolato.<\/p>\n\n\n\n<p>Adem\u00e1s, algunos grupos se enfretaron y se suscitaron m\u00e1s balaceras en diversos lugares del estado de Sinaloa.<\/p>\n\n\n\n<p><strong>Rub\u00e9n Rocha anuncia suspensi\u00f3n de clases en Culiac\u00e1n, Elota, Cosal\u00e1 y San Ignacio<\/strong><\/p>\n\n\n\n<p>Ante los diversos casos de violencia en algunas zonas, el gobernador del estado Rub\u00e9n Rocha&nbsp;anunci\u00f3 este jueves 12 de septiembre la suspensi\u00f3n de actividades escolares en los municipios de Culiac\u00e1n, Elota, Cosal\u00e1 y San Ignacio.&nbsp;<\/p>\n\n\n\n<p>A trav\u00e9s de su cuenta oficial en la red social X, el mandatario estatal inform\u00f3 que la medida aplica para todos los niveles y modalidades educativas, sin precisar la causa oficial de la suspensi\u00f3n.<\/p>\n\n\n\n<p>Tambi\u00e9n, anunci\u00f3 la suspensi\u00f3n de la fiesta popular por la noche mexicana del 15 de septiembre y se\u00f1al\u00f3 que la ceremonia civil protocolaria del Grito de Independencia se llevar\u00e1 a cabo solamente con autoridades de gobierno, escolta, banda de guerra y miembros de su gabinete.<\/p>\n\n\n\n<p><\/p>\n","protected":false},"excerpt":{"rendered":"<p>El consulado de Estados Unidos en Hermosillo mencion\u00f3 que &#8220;los ciudadanos estadunidenses en todo Sinaloa deben permanecer alerta ante posibles actos de violencia&#8221;. El&nbsp;consulado de los Estados Unidos en Hermosillo pidi\u00f3 a sus ciudadanos residentes en el estado de Sinaloa, tomar precauciones ante los actos de violencia registrados&nbsp;en los \u00faltimos d\u00edas. El consulado mencion\u00f3 que&nbsp;&#8220;los [&hellip;]<\/p>\n","protected":false},"author":9,"featured_media":90959,"comment_status":"open","ping_status":"open","sticky":false,"template":"","format":"standard","meta":{"tdm_status":"","tdm_grid_status":"","footnotes":""},"categories":[37],"tags":[],"class_list":{"0":"post-91024","1":"post","2":"type-post","3":"status-publish","4":"format-standard","5":"has-post-thumbnail","7":"category-nota-principal"},"yoast_head":"<!-- This site is optimized with the Yoast SEO plugin v27.5 - https:\/\/yoast.com\/product\/yoast-seo-wordpress\/ -->\n<title>EU pide a sus ciudadanos en Sinaloa tomar precauciones ante violencia - Fuentes Fidedignas<\/title>\n<meta name=\"robots\" content=\"index, follow, max-snippet:-1, max-image-preview:large, max-video-preview:-1\" \/>\n<link rel=\"canonical\" href=\"https:\/\/fuentesfidedignas.com.mx\/index.php\/2024\/09\/12\/eu-pide-a-sus-ciudadanos-en-sinaloa-tomar-precauciones-ante-violencia\/\" \/>\n<meta property=\"og:locale\" content=\"es_MX\" \/>\n<meta property=\"og:type\" content=\"article\" \/>\n<meta property=\"og:title\" content=\"EU pide a sus ciudadanos en Sinaloa tomar precauciones ante violencia - Fuentes Fidedignas\" \/>\n<meta property=\"og:description\" content=\"El consulado de Estados Unidos en Hermosillo mencion\u00f3 que &#8220;los ciudadanos estadunidenses en todo Sinaloa deben permanecer alerta ante posibles actos de violencia&#8221;. El&nbsp;consulado de los Estados Unidos en Hermosillo pidi\u00f3 a sus ciudadanos residentes en el estado de Sinaloa, tomar precauciones ante los actos de violencia registrados&nbsp;en los \u00faltimos d\u00edas. El consulado mencion\u00f3 que&nbsp;&#8220;los [&hellip;]\" \/>\n<meta property=\"og:url\" content=\"https:\/\/fuentesfidedignas.com.mx\/index.php\/2024\/09\/12\/eu-pide-a-sus-ciudadanos-en-sinaloa-tomar-precauciones-ante-violencia\/\" \/>\n<meta property=\"og:site_name\" content=\"Fuentes Fidedignas\" \/>\n<meta property=\"article:publisher\" content=\"https:\/\/www.facebook.com\/Fuentes-Fidedignas-368234489921644\" \/>\n<meta property=\"article:published_time\" content=\"2024-09-13T02:16:58+00:00\" \/>\n<meta property=\"article:modified_time\" content=\"2024-09-13T02:17:01+00:00\" \/>\n<meta property=\"og:image\" content=\"https:\/\/fuentesfidedignas.com.mx\/wp-content\/uploads\/2024\/09\/camion-llamas.jpg\" \/>\n\t<meta property=\"og:image:width\" content=\"650\" \/>\n\t<meta property=\"og:image:height\" content=\"402\" \/>\n\t<meta property=\"og:image:type\" content=\"image\/jpeg\" \/>\n<meta name=\"author\" content=\"Milenio\" \/>\n<meta name=\"twitter:card\" content=\"summary_large_image\" \/>\n<meta name=\"twitter:creator\" content=\"@fidedignas\" \/>\n<meta name=\"twitter:site\" content=\"@fidedignas\" \/>\n<meta name=\"twitter:label1\" content=\"Escrito por\" \/>\n\t<meta name=\"twitter:data1\" content=\"Milenio\" \/>\n\t<meta name=\"twitter:label2\" content=\"Tiempo de lectura\" \/>\n\t<meta name=\"twitter:data2\" content=\"2 minutos\" \/>\n<script type=\"application\/ld+json\" class=\"yoast-schema-graph\">{\"@context\":\"https:\\\/\\\/schema.org\",\"@graph\":[{\"@type\":\"Article\",\"@id\":\"https:\\\/\\\/fuentesfidedignas.com.mx\\\/index.php\\\/2024\\\/09\\\/12\\\/eu-pide-a-sus-ciudadanos-en-sinaloa-tomar-precauciones-ante-violencia\\\/#article\",\"isPartOf\":{\"@id\":\"https:\\\/\\\/fuentesfidedignas.com.mx\\\/index.php\\\/2024\\\/09\\\/12\\\/eu-pide-a-sus-ciudadanos-en-sinaloa-tomar-precauciones-ante-violencia\\\/\"},\"author\":{\"name\":\"Milenio\",\"@id\":\"https:\\\/\\\/fuentesfidedignas.com.mx\\\/#\\\/schema\\\/person\\\/47ec0135738f4b0c7495f06a77a2c976\"},\"headline\":\"EU pide a sus ciudadanos en Sinaloa tomar precauciones ante violencia\",\"datePublished\":\"2024-09-13T02:16:58+00:00\",\"dateModified\":\"2024-09-13T02:17:01+00:00\",\"mainEntityOfPage\":{\"@id\":\"https:\\\/\\\/fuentesfidedignas.com.mx\\\/index.php\\\/2024\\\/09\\\/12\\\/eu-pide-a-sus-ciudadanos-en-sinaloa-tomar-precauciones-ante-violencia\\\/\"},\"wordCount\":481,\"commentCount\":0,\"publisher\":{\"@id\":\"https:\\\/\\\/fuentesfidedignas.com.mx\\\/#organization\"},\"image\":{\"@id\":\"https:\\\/\\\/fuentesfidedignas.com.mx\\\/index.php\\\/2024\\\/09\\\/12\\\/eu-pide-a-sus-ciudadanos-en-sinaloa-tomar-precauciones-ante-violencia\\\/#primaryimage\"},\"thumbnailUrl\":\"https:\\\/\\\/fuentesfidedignas.com.mx\\\/wp-content\\\/uploads\\\/2024\\\/09\\\/camion-llamas.jpg\",\"articleSection\":[\"NOTA PRINCIPAL\"],\"inLanguage\":\"es\",\"potentialAction\":[{\"@type\":\"CommentAction\",\"name\":\"Comment\",\"target\":[\"https:\\\/\\\/fuentesfidedignas.com.mx\\\/index.php\\\/2024\\\/09\\\/12\\\/eu-pide-a-sus-ciudadanos-en-sinaloa-tomar-precauciones-ante-violencia\\\/#respond\"]}]},{\"@type\":\"WebPage\",\"@id\":\"https:\\\/\\\/fuentesfidedignas.com.mx\\\/index.php\\\/2024\\\/09\\\/12\\\/eu-pide-a-sus-ciudadanos-en-sinaloa-tomar-precauciones-ante-violencia\\\/\",\"url\":\"https:\\\/\\\/fuentesfidedignas.com.mx\\\/index.php\\\/2024\\\/09\\\/12\\\/eu-pide-a-sus-ciudadanos-en-sinaloa-tomar-precauciones-ante-violencia\\\/\",\"name\":\"EU pide a sus ciudadanos en Sinaloa tomar precauciones ante violencia - Fuentes Fidedignas\",\"isPartOf\":{\"@id\":\"https:\\\/\\\/fuentesfidedignas.com.mx\\\/#website\"},\"primaryImageOfPage\":{\"@id\":\"https:\\\/\\\/fuentesfidedignas.com.mx\\\/index.php\\\/2024\\\/09\\\/12\\\/eu-pide-a-sus-ciudadanos-en-sinaloa-tomar-precauciones-ante-violencia\\\/#primaryimage\"},\"image\":{\"@id\":\"https:\\\/\\\/fuentesfidedignas.com.mx\\\/index.php\\\/2024\\\/09\\\/12\\\/eu-pide-a-sus-ciudadanos-en-sinaloa-tomar-precauciones-ante-violencia\\\/#primaryimage\"},\"thumbnailUrl\":\"https:\\\/\\\/fuentesfidedignas.com.mx\\\/wp-content\\\/uploads\\\/2024\\\/09\\\/camion-llamas.jpg\",\"datePublished\":\"2024-09-13T02:16:58+00:00\",\"dateModified\":\"2024-09-13T02:17:01+00:00\",\"breadcrumb\":{\"@id\":\"https:\\\/\\\/fuentesfidedignas.com.mx\\\/index.php\\\/2024\\\/09\\\/12\\\/eu-pide-a-sus-ciudadanos-en-sinaloa-tomar-precauciones-ante-violencia\\\/#breadcrumb\"},\"inLanguage\":\"es\",\"potentialAction\":[{\"@type\":\"ReadAction\",\"target\":[\"https:\\\/\\\/fuentesfidedignas.com.mx\\\/index.php\\\/2024\\\/09\\\/12\\\/eu-pide-a-sus-ciudadanos-en-sinaloa-tomar-precauciones-ante-violencia\\\/\"]}]},{\"@type\":\"ImageObject\",\"inLanguage\":\"es\",\"@id\":\"https:\\\/\\\/fuentesfidedignas.com.mx\\\/index.php\\\/2024\\\/09\\\/12\\\/eu-pide-a-sus-ciudadanos-en-sinaloa-tomar-precauciones-ante-violencia\\\/#primaryimage\",\"url\":\"https:\\\/\\\/fuentesfidedignas.com.mx\\\/wp-content\\\/uploads\\\/2024\\\/09\\\/camion-llamas.jpg\",\"contentUrl\":\"https:\\\/\\\/fuentesfidedignas.com.mx\\\/wp-content\\\/uploads\\\/2024\\\/09\\\/camion-llamas.jpg\",\"width\":650,\"height\":402},{\"@type\":\"BreadcrumbList\",\"@id\":\"https:\\\/\\\/fuentesfidedignas.com.mx\\\/index.php\\\/2024\\\/09\\\/12\\\/eu-pide-a-sus-ciudadanos-en-sinaloa-tomar-precauciones-ante-violencia\\\/#breadcrumb\",\"itemListElement\":[{\"@type\":\"ListItem\",\"position\":1,\"name\":\"Inicio\",\"item\":\"https:\\\/\\\/fuentesfidedignas.com.mx\\\/\"},{\"@type\":\"ListItem\",\"position\":2,\"name\":\"EU pide a sus ciudadanos en Sinaloa tomar precauciones ante violencia\"}]},{\"@type\":\"WebSite\",\"@id\":\"https:\\\/\\\/fuentesfidedignas.com.mx\\\/#website\",\"url\":\"https:\\\/\\\/fuentesfidedignas.com.mx\\\/\",\"name\":\"Fuentes Fidedignas\",\"description\":\"Otro sitio realizado con WordPress\",\"publisher\":{\"@id\":\"https:\\\/\\\/fuentesfidedignas.com.mx\\\/#organization\"},\"potentialAction\":[{\"@type\":\"SearchAction\",\"target\":{\"@type\":\"EntryPoint\",\"urlTemplate\":\"https:\\\/\\\/fuentesfidedignas.com.mx\\\/?s={search_term_string}\"},\"query-input\":{\"@type\":\"PropertyValueSpecification\",\"valueRequired\":true,\"valueName\":\"search_term_string\"}}],\"inLanguage\":\"es\"},{\"@type\":\"Organization\",\"@id\":\"https:\\\/\\\/fuentesfidedignas.com.mx\\\/#organization\",\"name\":\"Fuentes Fidedignas\",\"url\":\"https:\\\/\\\/fuentesfidedignas.com.mx\\\/\",\"logo\":{\"@type\":\"ImageObject\",\"inLanguage\":\"es\",\"@id\":\"https:\\\/\\\/fuentesfidedignas.com.mx\\\/#\\\/schema\\\/logo\\\/image\\\/\",\"url\":\"https:\\\/\\\/fuentesfidedignas.com.mx\\\/wp-content\\\/uploads\\\/2021\\\/04\\\/logo-retina.png\",\"contentUrl\":\"https:\\\/\\\/fuentesfidedignas.com.mx\\\/wp-content\\\/uploads\\\/2021\\\/04\\\/logo-retina.png\",\"width\":280,\"height\":51,\"caption\":\"Fuentes Fidedignas\"},\"image\":{\"@id\":\"https:\\\/\\\/fuentesfidedignas.com.mx\\\/#\\\/schema\\\/logo\\\/image\\\/\"},\"sameAs\":[\"https:\\\/\\\/www.facebook.com\\\/Fuentes-Fidedignas-368234489921644\",\"https:\\\/\\\/x.com\\\/fidedignas\"]},{\"@type\":\"Person\",\"@id\":\"https:\\\/\\\/fuentesfidedignas.com.mx\\\/#\\\/schema\\\/person\\\/47ec0135738f4b0c7495f06a77a2c976\",\"name\":\"Milenio\",\"image\":{\"@type\":\"ImageObject\",\"inLanguage\":\"es\",\"@id\":\"https:\\\/\\\/secure.gravatar.com\\\/avatar\\\/acabf7b54753e51c2c76457954577c236b3b764789b19879565769739d1e4a75?s=96&d=mm&r=g\",\"url\":\"https:\\\/\\\/secure.gravatar.com\\\/avatar\\\/acabf7b54753e51c2c76457954577c236b3b764789b19879565769739d1e4a75?s=96&d=mm&r=g\",\"contentUrl\":\"https:\\\/\\\/secure.gravatar.com\\\/avatar\\\/acabf7b54753e51c2c76457954577c236b3b764789b19879565769739d1e4a75?s=96&d=mm&r=g\",\"caption\":\"Milenio\"},\"url\":\"https:\\\/\\\/fuentesfidedignas.com.mx\\\/index.php\\\/author\\\/milenio\\\/\"}]}<\/script>\n<!-- \/ Yoast SEO plugin. -->","yoast_head_json":{"title":"EU pide a sus ciudadanos en Sinaloa tomar precauciones ante violencia - Fuentes Fidedignas","robots":{"index":"index","follow":"follow","max-snippet":"max-snippet:-1","max-image-preview":"max-image-preview:large","max-video-preview":"max-video-preview:-1"},"canonical":"https:\/\/fuentesfidedignas.com.mx\/index.php\/2024\/09\/12\/eu-pide-a-sus-ciudadanos-en-sinaloa-tomar-precauciones-ante-violencia\/","og_locale":"es_MX","og_type":"article","og_title":"EU pide a sus ciudadanos en Sinaloa tomar precauciones ante violencia - Fuentes Fidedignas","og_description":"El consulado de Estados Unidos en Hermosillo mencion\u00f3 que &#8220;los ciudadanos estadunidenses en todo Sinaloa deben permanecer alerta ante posibles actos de violencia&#8221;. El&nbsp;consulado de los Estados Unidos en Hermosillo pidi\u00f3 a sus ciudadanos residentes en el estado de Sinaloa, tomar precauciones ante los actos de violencia registrados&nbsp;en los \u00faltimos d\u00edas. El consulado mencion\u00f3 que&nbsp;&#8220;los [&hellip;]","og_url":"https:\/\/fuentesfidedignas.com.mx\/index.php\/2024\/09\/12\/eu-pide-a-sus-ciudadanos-en-sinaloa-tomar-precauciones-ante-violencia\/","og_site_name":"Fuentes Fidedignas","article_publisher":"https:\/\/www.facebook.com\/Fuentes-Fidedignas-368234489921644","article_published_time":"2024-09-13T02:16:58+00:00","article_modified_time":"2024-09-13T02:17:01+00:00","og_image":[{"width":650,"height":402,"url":"https:\/\/fuentesfidedignas.com.mx\/wp-content\/uploads\/2024\/09\/camion-llamas.jpg","type":"image\/jpeg"}],"author":"Milenio","twitter_card":"summary_large_image","twitter_creator":"@fidedignas","twitter_site":"@fidedignas","twitter_misc":{"Escrito por":"Milenio","Tiempo de lectura":"2 minutos"},"schema":{"@context":"https:\/\/schema.org","@graph":[{"@type":"Article","@id":"https:\/\/fuentesfidedignas.com.mx\/index.php\/2024\/09\/12\/eu-pide-a-sus-ciudadanos-en-sinaloa-tomar-precauciones-ante-violencia\/#article","isPartOf":{"@id":"https:\/\/fuentesfidedignas.com.mx\/index.php\/2024\/09\/12\/eu-pide-a-sus-ciudadanos-en-sinaloa-tomar-precauciones-ante-violencia\/"},"author":{"name":"Milenio","@id":"https:\/\/fuentesfidedignas.com.mx\/#\/schema\/person\/47ec0135738f4b0c7495f06a77a2c976"},"headline":"EU pide a sus ciudadanos en Sinaloa tomar precauciones ante violencia","datePublished":"2024-09-13T02:16:58+00:00","dateModified":"2024-09-13T02:17:01+00:00","mainEntityOfPage":{"@id":"https:\/\/fuentesfidedignas.com.mx\/index.php\/2024\/09\/12\/eu-pide-a-sus-ciudadanos-en-sinaloa-tomar-precauciones-ante-violencia\/"},"wordCount":481,"commentCount":0,"publisher":{"@id":"https:\/\/fuentesfidedignas.com.mx\/#organization"},"image":{"@id":"https:\/\/fuentesfidedignas.com.mx\/index.php\/2024\/09\/12\/eu-pide-a-sus-ciudadanos-en-sinaloa-tomar-precauciones-ante-violencia\/#primaryimage"},"thumbnailUrl":"https:\/\/fuentesfidedignas.com.mx\/wp-content\/uploads\/2024\/09\/camion-llamas.jpg","articleSection":["NOTA PRINCIPAL"],"inLanguage":"es","potentialAction":[{"@type":"CommentAction","name":"Comment","target":["https:\/\/fuentesfidedignas.com.mx\/index.php\/2024\/09\/12\/eu-pide-a-sus-ciudadanos-en-sinaloa-tomar-precauciones-ante-violencia\/#respond"]}]},{"@type":"WebPage","@id":"https:\/\/fuentesfidedignas.com.mx\/index.php\/2024\/09\/12\/eu-pide-a-sus-ciudadanos-en-sinaloa-tomar-precauciones-ante-violencia\/","url":"https:\/\/fuentesfidedignas.com.mx\/index.php\/2024\/09\/12\/eu-pide-a-sus-ciudadanos-en-sinaloa-tomar-precauciones-ante-violencia\/","name":"EU pide a sus ciudadanos en Sinaloa tomar precauciones ante violencia - Fuentes Fidedignas","isPartOf":{"@id":"https:\/\/fuentesfidedignas.com.mx\/#website"},"primaryImageOfPage":{"@id":"https:\/\/fuentesfidedignas.com.mx\/index.php\/2024\/09\/12\/eu-pide-a-sus-ciudadanos-en-sinaloa-tomar-precauciones-ante-violencia\/#primaryimage"},"image":{"@id":"https:\/\/fuentesfidedignas.com.mx\/index.php\/2024\/09\/12\/eu-pide-a-sus-ciudadanos-en-sinaloa-tomar-precauciones-ante-violencia\/#primaryimage"},"thumbnailUrl":"https:\/\/fuentesfidedignas.com.mx\/wp-content\/uploads\/2024\/09\/camion-llamas.jpg","datePublished":"2024-09-13T02:16:58+00:00","dateModified":"2024-09-13T02:17:01+00:00","breadcrumb":{"@id":"https:\/\/fuentesfidedignas.com.mx\/index.php\/2024\/09\/12\/eu-pide-a-sus-ciudadanos-en-sinaloa-tomar-precauciones-ante-violencia\/#breadcrumb"},"inLanguage":"es","potentialAction":[{"@type":"ReadAction","target":["https:\/\/fuentesfidedignas.com.mx\/index.php\/2024\/09\/12\/eu-pide-a-sus-ciudadanos-en-sinaloa-tomar-precauciones-ante-violencia\/"]}]},{"@type":"ImageObject","inLanguage":"es","@id":"https:\/\/fuentesfidedignas.com.mx\/index.php\/2024\/09\/12\/eu-pide-a-sus-ciudadanos-en-sinaloa-tomar-precauciones-ante-violencia\/#primaryimage","url":"https:\/\/fuentesfidedignas.com.mx\/wp-content\/uploads\/2024\/09\/camion-llamas.jpg","contentUrl":"https:\/\/fuentesfidedignas.com.mx\/wp-content\/uploads\/2024\/09\/camion-llamas.jpg","width":650,"height":402},{"@type":"BreadcrumbList","@id":"https:\/\/fuentesfidedignas.com.mx\/index.php\/2024\/09\/12\/eu-pide-a-sus-ciudadanos-en-sinaloa-tomar-precauciones-ante-violencia\/#breadcrumb","itemListElement":[{"@type":"ListItem","position":1,"name":"Inicio","item":"https:\/\/fuentesfidedignas.com.mx\/"},{"@type":"ListItem","position":2,"name":"EU pide a sus ciudadanos en Sinaloa tomar precauciones ante violencia"}]},{"@type":"WebSite","@id":"https:\/\/fuentesfidedignas.com.mx\/#website","url":"https:\/\/fuentesfidedignas.com.mx\/","name":"Fuentes Fidedignas","description":"Otro sitio realizado con WordPress","publisher":{"@id":"https:\/\/fuentesfidedignas.com.mx\/#organization"},"potentialAction":[{"@type":"SearchAction","target":{"@type":"EntryPoint","urlTemplate":"https:\/\/fuentesfidedignas.com.mx\/?s={search_term_string}"},"query-input":{"@type":"PropertyValueSpecification","valueRequired":true,"valueName":"search_term_string"}}],"inLanguage":"es"},{"@type":"Organization","@id":"https:\/\/fuentesfidedignas.com.mx\/#organization","name":"Fuentes Fidedignas","url":"https:\/\/fuentesfidedignas.com.mx\/","logo":{"@type":"ImageObject","inLanguage":"es","@id":"https:\/\/fuentesfidedignas.com.mx\/#\/schema\/logo\/image\/","url":"https:\/\/fuentesfidedignas.com.mx\/wp-content\/uploads\/2021\/04\/logo-retina.png","contentUrl":"https:\/\/fuentesfidedignas.com.mx\/wp-content\/uploads\/2021\/04\/logo-retina.png","width":280,"height":51,"caption":"Fuentes Fidedignas"},"image":{"@id":"https:\/\/fuentesfidedignas.com.mx\/#\/schema\/logo\/image\/"},"sameAs":["https:\/\/www.facebook.com\/Fuentes-Fidedignas-368234489921644","https:\/\/x.com\/fidedignas"]},{"@type":"Person","@id":"https:\/\/fuentesfidedignas.com.mx\/#\/schema\/person\/47ec0135738f4b0c7495f06a77a2c976","name":"Milenio","image":{"@type":"ImageObject","inLanguage":"es","@id":"https:\/\/secure.gravatar.com\/avatar\/acabf7b54753e51c2c76457954577c236b3b764789b19879565769739d1e4a75?s=96&d=mm&r=g","url":"https:\/\/secure.gravatar.com\/avatar\/acabf7b54753e51c2c76457954577c236b3b764789b19879565769739d1e4a75?s=96&d=mm&r=g","contentUrl":"https:\/\/secure.gravatar.com\/avatar\/acabf7b54753e51c2c76457954577c236b3b764789b19879565769739d1e4a75?s=96&d=mm&r=g","caption":"Milenio"},"url":"https:\/\/fuentesfidedignas.com.mx\/index.php\/author\/milenio\/"}]}},"_links":{"self":[{"href":"https:\/\/fuentesfidedignas.com.mx\/index.php\/wp-json\/wp\/v2\/posts\/91024","targetHints":{"allow":["GET"]}}],"collection":[{"href":"https:\/\/fuentesfidedignas.com.mx\/index.php\/wp-json\/wp\/v2\/posts"}],"about":[{"href":"https:\/\/fuentesfidedignas.com.mx\/index.php\/wp-json\/wp\/v2\/types\/post"}],"author":[{"embeddable":true,"href":"https:\/\/fuentesfidedignas.com.mx\/index.php\/wp-json\/wp\/v2\/users\/9"}],"replies":[{"embeddable":true,"href":"https:\/\/fuentesfidedignas.com.mx\/index.php\/wp-json\/wp\/v2\/comments?post=91024"}],"version-history":[{"count":1,"href":"https:\/\/fuentesfidedignas.com.mx\/index.php\/wp-json\/wp\/v2\/posts\/91024\/revisions"}],"predecessor-version":[{"id":91025,"href":"https:\/\/fuentesfidedignas.com.mx\/index.php\/wp-json\/wp\/v2\/posts\/91024\/revisions\/91025"}],"wp:featuredmedia":[{"embeddable":true,"href":"https:\/\/fuentesfidedignas.com.mx\/index.php\/wp-json\/wp\/v2\/media\/90959"}],"wp:attachment":[{"href":"https:\/\/fuentesfidedignas.com.mx\/index.php\/wp-json\/wp\/v2\/media?parent=91024"}],"wp:term":[{"taxonomy":"category","embeddable":true,"href":"https:\/\/fuentesfidedignas.com.mx\/index.php\/wp-json\/wp\/v2\/categories?post=91024"},{"taxonomy":"post_tag","embeddable":true,"href":"https:\/\/fuentesfidedignas.com.mx\/index.php\/wp-json\/wp\/v2\/tags?post=91024"}],"curies":[{"name":"wp","href":"https:\/\/api.w.org\/{rel}","templated":true}]}}