{"id":9101,"date":"2021-08-06T06:04:50","date_gmt":"2021-08-06T13:04:50","guid":{"rendered":"https:\/\/fuentesfidedignas.com.mx\/?p=9101"},"modified":"2021-08-06T06:04:52","modified_gmt":"2021-08-06T13:04:52","slug":"magistrados-del-tepjf-y-consejeros-del-ine-deberian-dimitir-amlo","status":"publish","type":"post","link":"https:\/\/fuentesfidedignas.com.mx\/index.php\/2021\/08\/06\/magistrados-del-tepjf-y-consejeros-del-ine-deberian-dimitir-amlo\/","title":{"rendered":"Magistrados del TEPJF y consejeros del INE deber\u00edan dimitir: AMLO"},"content":{"rendered":"\n<p><\/p>\n\n\n\n<p>Ciudad de M\u00e9xico. Ante la crisis en el Tribunal Electoral del Poder Judicial de la Federaci\u00f3n (TEPJF) y sus reiteradas cr\u00edticas al Instituto Nacional Electoral (INE), el presidente Andr\u00e9s Manuel L\u00f3pez Obrador expres\u00f3 que \u201ctodos\u201d deber\u00edan renunciar.<\/p>\n\n\n\n<p>\u201cTodos, por dignidad, por respeto a los ciudadanos, no pueden mantener esa conducta \u00bfno?, completamente inmoral, una autoridad electoral as\u00ed, imag\u00ednense\u201d, se\u00f1al\u00f3.<\/p>\n\n\n\n<p>Para sustentar su opini\u00f3n, de que el TEPJF enfrenta una \u201ccrisis y descomposici\u00f3n\u201d, el mandatario dio por v\u00e1lido un mensaje atribuido a la cuenta de Twitter del magistrado Reyes Rodr\u00edguez, designado el mi\u00e9rcoles \u2013por mayor\u00eda de sus colegas\u2013 como presidente del Tribunal, en un proceso que el depuesto Jos\u00e9 Luis Vargas llev\u00f3 hasta la Suprema Corte.<\/p>\n\n\n\n<p>En el tuit, de octubre de 2020, proyectado en el sal\u00f3n Tesorer\u00eda, se insulta al jefe del Ejecutivo (\u201cOjal\u00e1 ya se muera ese viejo culero de Palacio Nacional\u201d), aunque el magistrado neg\u00f3 la autor\u00eda.<\/p>\n\n\n\n<p>L\u00f3pez Obrador inform\u00f3 que desayunar\u00eda ayer con el ministro presidente de la Suprema Corte de Justicia de la Naci\u00f3n, Arturo Zald\u00edvar, para platicar \u201csobre varios temas\u201d, entre ellos la liberaci\u00f3n de personas detenidas.<\/p>\n\n\n\n<p>Antes, hizo \u00e9nfasis en la relevancia del tuit y, junto con la crisis actual, lo ubic\u00f3 como parte de una conducta \u201cdegradante\u201d de los jueces electorales, y un corolario de las decisiones tomadas en contra de la democracia, tanto del INE como del TEPJF.<\/p>\n\n\n\n<p>Puso como ejemplo reciente de ello la cancelaci\u00f3n de las candidaturas a los morenistas, aspirantes a gobernar Michoac\u00e1n y Guerrero; en esa exposici\u00f3n reiter\u00f3 la necesidad de reformar la Constituci\u00f3n \u201cpara limpiar los dos organismos, el INE y el tribunal.<\/p>\n\n\n\n<p>\u201cO sea, es un pendiente del antiguo r\u00e9gimen autoritario, corrupto, es lo que se hered\u00f3, pero ya es tiempo de que las cosas cambien. Ellos mismos deber\u00edan renunciar, todos, por dignidad\u201d.<\/p>\n\n\n\n<p>Mientras expon\u00eda, el tuit segu\u00eda en pantalla. \u201cYa qu\u00edtalo \u2013dijo entonces a su equipo\u2013 porque es mucho. Eso de \u2018chocho\u2019, s\u00ed, pero lo otro qui\u00e9n sabe\u201d, ri\u00f3.<\/p>\n\n\n\n<p><strong>Firme, consulta revocaci\u00f3n de mandato<\/strong><\/p>\n\n\n\n<p>M\u00e1s adelante, el Presidente subray\u00f3 que la revocaci\u00f3n de mandato, consulta programada para marzo del a\u00f1o entrante, es constitucional, y la ley reglamentaria \u201cse aprobar\u00e1 en estos d\u00edas\u201d, por lo que es el colmo que se quiera impedir.<\/p>\n\n\n\n<p>\u201cNo es un asunto legal, es un asunto pol\u00edtico y sobre todo un asunto moral, de dignidad, de principios (\u2026) Que si es retroactiva, no es retroactiva\u2026si la gente decide que me vaya, sea o no retroactiva la ley, me voy (\u2026) ni modo que voy a buscar a un abogado, a pedir que me asesore Diego Fern\u00e1ndez de Cevallos. No\u201d, expres\u00f3.<\/p>\n\n\n\n<p>Por tanto advirti\u00f3 que la consulta, va. \u201cNo es reto ni desaf\u00edo, es decirles a los conservadores que en vez de estar insultando y haciendo labor de zapa, convoquen a la gente a que participe\u201d.<\/p>\n\n\n\n<p>Pese a lo delicado de los temas, el Presidente estuvo relajado y \u2013a colaci\u00f3n de una pregunta sobre migrantes en Puerto Rico\u2013 pidi\u00f3 a los t\u00e9cnicos poner la canci\u00f3n borinqu\u00e9n (Lamento Borincano), la interpretada por Marco Antonio Mu\u00f1iz. Los reporteros segu\u00edan levantando la mano.<\/p>\n\n\n\n<p>\u201cEsp\u00e9rense. Digo, ahora seguimos\u2026Qu\u00e9 voz de este se\u00f1or. Pero s\u00fabanle\u201d, pidi\u00f3 al escuchar al cantante.<\/p>\n\n\n\n<p>Y as\u00ed transcurri\u00f3 la ma\u00f1anera de ayer, entre temas totalmente dis\u00edmbolos, un reportero intentando alzar una pancarta, y reporteros que entran a la conferencia para gestionar \u201ctemas\u201d y hacer preguntas con introducciones de 10 minutos o m\u00e1s.<\/p>\n","protected":false},"excerpt":{"rendered":"<p>Ciudad de M\u00e9xico. Ante la crisis en el Tribunal Electoral del Poder Judicial de la Federaci\u00f3n (TEPJF) y sus reiteradas cr\u00edticas al Instituto Nacional Electoral (INE), el presidente Andr\u00e9s Manuel L\u00f3pez Obrador expres\u00f3 que \u201ctodos\u201d deber\u00edan renunciar. \u201cTodos, por dignidad, por respeto a los ciudadanos, no pueden mantener esa conducta \u00bfno?, completamente inmoral, una autoridad [&hellip;]<\/p>\n","protected":false},"author":45,"featured_media":9102,"comment_status":"open","ping_status":"open","sticky":false,"template":"","format":"standard","meta":{"tdm_status":"","tdm_grid_status":"","footnotes":""},"categories":[39],"tags":[],"class_list":{"0":"post-9101","1":"post","2":"type-post","3":"status-publish","4":"format-standard","5":"has-post-thumbnail","7":"category-noticias-nacionales"},"yoast_head":"<!-- This site is optimized with the Yoast SEO plugin v27.4 - https:\/\/yoast.com\/product\/yoast-seo-wordpress\/ -->\n<title>Magistrados del TEPJF y consejeros del INE deber\u00edan dimitir: AMLO - Fuentes Fidedignas<\/title>\n<meta name=\"robots\" content=\"index, follow, max-snippet:-1, max-image-preview:large, max-video-preview:-1\" \/>\n<link rel=\"canonical\" href=\"https:\/\/fuentesfidedignas.com.mx\/index.php\/2021\/08\/06\/magistrados-del-tepjf-y-consejeros-del-ine-deberian-dimitir-amlo\/\" \/>\n<meta property=\"og:locale\" content=\"es_MX\" \/>\n<meta property=\"og:type\" content=\"article\" \/>\n<meta property=\"og:title\" content=\"Magistrados del TEPJF y consejeros del INE deber\u00edan dimitir: AMLO - Fuentes Fidedignas\" \/>\n<meta property=\"og:description\" content=\"Ciudad de M\u00e9xico. Ante la crisis en el Tribunal Electoral del Poder Judicial de la Federaci\u00f3n (TEPJF) y sus reiteradas cr\u00edticas al Instituto Nacional Electoral (INE), el presidente Andr\u00e9s Manuel L\u00f3pez Obrador expres\u00f3 que \u201ctodos\u201d deber\u00edan renunciar. \u201cTodos, por dignidad, por respeto a los ciudadanos, no pueden mantener esa conducta \u00bfno?, completamente inmoral, una autoridad [&hellip;]\" \/>\n<meta property=\"og:url\" content=\"https:\/\/fuentesfidedignas.com.mx\/index.php\/2021\/08\/06\/magistrados-del-tepjf-y-consejeros-del-ine-deberian-dimitir-amlo\/\" \/>\n<meta property=\"og:site_name\" content=\"Fuentes Fidedignas\" \/>\n<meta property=\"article:publisher\" content=\"https:\/\/www.facebook.com\/Fuentes-Fidedignas-368234489921644\" \/>\n<meta property=\"article:published_time\" content=\"2021-08-06T13:04:50+00:00\" \/>\n<meta property=\"article:modified_time\" content=\"2021-08-06T13:04:52+00:00\" \/>\n<meta property=\"og:image\" content=\"https:\/\/fuentesfidedignas.com.mx\/wp-content\/uploads\/2021\/08\/image_large-15.jpeg\" \/>\n\t<meta property=\"og:image:width\" content=\"1117\" \/>\n\t<meta property=\"og:image:height\" content=\"801\" \/>\n\t<meta property=\"og:image:type\" content=\"image\/jpeg\" \/>\n<meta name=\"author\" content=\"La Jornada\" \/>\n<meta name=\"twitter:card\" content=\"summary_large_image\" \/>\n<meta name=\"twitter:creator\" content=\"@fidedignas\" \/>\n<meta name=\"twitter:site\" content=\"@fidedignas\" \/>\n<meta name=\"twitter:label1\" content=\"Escrito por\" \/>\n\t<meta name=\"twitter:data1\" content=\"La Jornada\" \/>\n\t<meta name=\"twitter:label2\" content=\"Tiempo de lectura\" \/>\n\t<meta name=\"twitter:data2\" content=\"3 minutos\" \/>\n<script type=\"application\/ld+json\" class=\"yoast-schema-graph\">{\"@context\":\"https:\\\/\\\/schema.org\",\"@graph\":[{\"@type\":\"Article\",\"@id\":\"https:\\\/\\\/fuentesfidedignas.com.mx\\\/index.php\\\/2021\\\/08\\\/06\\\/magistrados-del-tepjf-y-consejeros-del-ine-deberian-dimitir-amlo\\\/#article\",\"isPartOf\":{\"@id\":\"https:\\\/\\\/fuentesfidedignas.com.mx\\\/index.php\\\/2021\\\/08\\\/06\\\/magistrados-del-tepjf-y-consejeros-del-ine-deberian-dimitir-amlo\\\/\"},\"author\":{\"name\":\"La Jornada\",\"@id\":\"https:\\\/\\\/fuentesfidedignas.com.mx\\\/#\\\/schema\\\/person\\\/87eacee4072e149fccc7de67f9634f35\"},\"headline\":\"Magistrados del TEPJF y consejeros del INE deber\u00edan dimitir: AMLO\",\"datePublished\":\"2021-08-06T13:04:50+00:00\",\"dateModified\":\"2021-08-06T13:04:52+00:00\",\"mainEntityOfPage\":{\"@id\":\"https:\\\/\\\/fuentesfidedignas.com.mx\\\/index.php\\\/2021\\\/08\\\/06\\\/magistrados-del-tepjf-y-consejeros-del-ine-deberian-dimitir-amlo\\\/\"},\"wordCount\":621,\"commentCount\":0,\"publisher\":{\"@id\":\"https:\\\/\\\/fuentesfidedignas.com.mx\\\/#organization\"},\"image\":{\"@id\":\"https:\\\/\\\/fuentesfidedignas.com.mx\\\/index.php\\\/2021\\\/08\\\/06\\\/magistrados-del-tepjf-y-consejeros-del-ine-deberian-dimitir-amlo\\\/#primaryimage\"},\"thumbnailUrl\":\"https:\\\/\\\/fuentesfidedignas.com.mx\\\/wp-content\\\/uploads\\\/2021\\\/08\\\/image_large-15.jpeg\",\"articleSection\":[\"NOTICIAS NACIONALES\"],\"inLanguage\":\"es\",\"potentialAction\":[{\"@type\":\"CommentAction\",\"name\":\"Comment\",\"target\":[\"https:\\\/\\\/fuentesfidedignas.com.mx\\\/index.php\\\/2021\\\/08\\\/06\\\/magistrados-del-tepjf-y-consejeros-del-ine-deberian-dimitir-amlo\\\/#respond\"]}]},{\"@type\":\"WebPage\",\"@id\":\"https:\\\/\\\/fuentesfidedignas.com.mx\\\/index.php\\\/2021\\\/08\\\/06\\\/magistrados-del-tepjf-y-consejeros-del-ine-deberian-dimitir-amlo\\\/\",\"url\":\"https:\\\/\\\/fuentesfidedignas.com.mx\\\/index.php\\\/2021\\\/08\\\/06\\\/magistrados-del-tepjf-y-consejeros-del-ine-deberian-dimitir-amlo\\\/\",\"name\":\"Magistrados del TEPJF y consejeros del INE deber\u00edan dimitir: AMLO - Fuentes Fidedignas\",\"isPartOf\":{\"@id\":\"https:\\\/\\\/fuentesfidedignas.com.mx\\\/#website\"},\"primaryImageOfPage\":{\"@id\":\"https:\\\/\\\/fuentesfidedignas.com.mx\\\/index.php\\\/2021\\\/08\\\/06\\\/magistrados-del-tepjf-y-consejeros-del-ine-deberian-dimitir-amlo\\\/#primaryimage\"},\"image\":{\"@id\":\"https:\\\/\\\/fuentesfidedignas.com.mx\\\/index.php\\\/2021\\\/08\\\/06\\\/magistrados-del-tepjf-y-consejeros-del-ine-deberian-dimitir-amlo\\\/#primaryimage\"},\"thumbnailUrl\":\"https:\\\/\\\/fuentesfidedignas.com.mx\\\/wp-content\\\/uploads\\\/2021\\\/08\\\/image_large-15.jpeg\",\"datePublished\":\"2021-08-06T13:04:50+00:00\",\"dateModified\":\"2021-08-06T13:04:52+00:00\",\"breadcrumb\":{\"@id\":\"https:\\\/\\\/fuentesfidedignas.com.mx\\\/index.php\\\/2021\\\/08\\\/06\\\/magistrados-del-tepjf-y-consejeros-del-ine-deberian-dimitir-amlo\\\/#breadcrumb\"},\"inLanguage\":\"es\",\"potentialAction\":[{\"@type\":\"ReadAction\",\"target\":[\"https:\\\/\\\/fuentesfidedignas.com.mx\\\/index.php\\\/2021\\\/08\\\/06\\\/magistrados-del-tepjf-y-consejeros-del-ine-deberian-dimitir-amlo\\\/\"]}]},{\"@type\":\"ImageObject\",\"inLanguage\":\"es\",\"@id\":\"https:\\\/\\\/fuentesfidedignas.com.mx\\\/index.php\\\/2021\\\/08\\\/06\\\/magistrados-del-tepjf-y-consejeros-del-ine-deberian-dimitir-amlo\\\/#primaryimage\",\"url\":\"https:\\\/\\\/fuentesfidedignas.com.mx\\\/wp-content\\\/uploads\\\/2021\\\/08\\\/image_large-15.jpeg\",\"contentUrl\":\"https:\\\/\\\/fuentesfidedignas.com.mx\\\/wp-content\\\/uploads\\\/2021\\\/08\\\/image_large-15.jpeg\",\"width\":1117,\"height\":801},{\"@type\":\"BreadcrumbList\",\"@id\":\"https:\\\/\\\/fuentesfidedignas.com.mx\\\/index.php\\\/2021\\\/08\\\/06\\\/magistrados-del-tepjf-y-consejeros-del-ine-deberian-dimitir-amlo\\\/#breadcrumb\",\"itemListElement\":[{\"@type\":\"ListItem\",\"position\":1,\"name\":\"Inicio\",\"item\":\"https:\\\/\\\/fuentesfidedignas.com.mx\\\/\"},{\"@type\":\"ListItem\",\"position\":2,\"name\":\"Magistrados del TEPJF y consejeros del INE deber\u00edan dimitir: AMLO\"}]},{\"@type\":\"WebSite\",\"@id\":\"https:\\\/\\\/fuentesfidedignas.com.mx\\\/#website\",\"url\":\"https:\\\/\\\/fuentesfidedignas.com.mx\\\/\",\"name\":\"Fuentes Fidedignas\",\"description\":\"Otro sitio realizado con WordPress\",\"publisher\":{\"@id\":\"https:\\\/\\\/fuentesfidedignas.com.mx\\\/#organization\"},\"potentialAction\":[{\"@type\":\"SearchAction\",\"target\":{\"@type\":\"EntryPoint\",\"urlTemplate\":\"https:\\\/\\\/fuentesfidedignas.com.mx\\\/?s={search_term_string}\"},\"query-input\":{\"@type\":\"PropertyValueSpecification\",\"valueRequired\":true,\"valueName\":\"search_term_string\"}}],\"inLanguage\":\"es\"},{\"@type\":\"Organization\",\"@id\":\"https:\\\/\\\/fuentesfidedignas.com.mx\\\/#organization\",\"name\":\"Fuentes Fidedignas\",\"url\":\"https:\\\/\\\/fuentesfidedignas.com.mx\\\/\",\"logo\":{\"@type\":\"ImageObject\",\"inLanguage\":\"es\",\"@id\":\"https:\\\/\\\/fuentesfidedignas.com.mx\\\/#\\\/schema\\\/logo\\\/image\\\/\",\"url\":\"https:\\\/\\\/fuentesfidedignas.com.mx\\\/wp-content\\\/uploads\\\/2021\\\/04\\\/logo-retina.png\",\"contentUrl\":\"https:\\\/\\\/fuentesfidedignas.com.mx\\\/wp-content\\\/uploads\\\/2021\\\/04\\\/logo-retina.png\",\"width\":280,\"height\":51,\"caption\":\"Fuentes Fidedignas\"},\"image\":{\"@id\":\"https:\\\/\\\/fuentesfidedignas.com.mx\\\/#\\\/schema\\\/logo\\\/image\\\/\"},\"sameAs\":[\"https:\\\/\\\/www.facebook.com\\\/Fuentes-Fidedignas-368234489921644\",\"https:\\\/\\\/x.com\\\/fidedignas\"]},{\"@type\":\"Person\",\"@id\":\"https:\\\/\\\/fuentesfidedignas.com.mx\\\/#\\\/schema\\\/person\\\/87eacee4072e149fccc7de67f9634f35\",\"name\":\"La Jornada\",\"image\":{\"@type\":\"ImageObject\",\"inLanguage\":\"es\",\"@id\":\"https:\\\/\\\/secure.gravatar.com\\\/avatar\\\/2b09f15a418e222775ffd645761e3fcecd1fb9d7a38a3ba858adf349aab82c7c?s=96&d=mm&r=g\",\"url\":\"https:\\\/\\\/secure.gravatar.com\\\/avatar\\\/2b09f15a418e222775ffd645761e3fcecd1fb9d7a38a3ba858adf349aab82c7c?s=96&d=mm&r=g\",\"contentUrl\":\"https:\\\/\\\/secure.gravatar.com\\\/avatar\\\/2b09f15a418e222775ffd645761e3fcecd1fb9d7a38a3ba858adf349aab82c7c?s=96&d=mm&r=g\",\"caption\":\"La Jornada\"},\"url\":\"https:\\\/\\\/fuentesfidedignas.com.mx\\\/index.php\\\/author\\\/jornada\\\/\"}]}<\/script>\n<!-- \/ Yoast SEO plugin. -->","yoast_head_json":{"title":"Magistrados del TEPJF y consejeros del INE deber\u00edan dimitir: AMLO - Fuentes Fidedignas","robots":{"index":"index","follow":"follow","max-snippet":"max-snippet:-1","max-image-preview":"max-image-preview:large","max-video-preview":"max-video-preview:-1"},"canonical":"https:\/\/fuentesfidedignas.com.mx\/index.php\/2021\/08\/06\/magistrados-del-tepjf-y-consejeros-del-ine-deberian-dimitir-amlo\/","og_locale":"es_MX","og_type":"article","og_title":"Magistrados del TEPJF y consejeros del INE deber\u00edan dimitir: AMLO - Fuentes Fidedignas","og_description":"Ciudad de M\u00e9xico. Ante la crisis en el Tribunal Electoral del Poder Judicial de la Federaci\u00f3n (TEPJF) y sus reiteradas cr\u00edticas al Instituto Nacional Electoral (INE), el presidente Andr\u00e9s Manuel L\u00f3pez Obrador expres\u00f3 que \u201ctodos\u201d deber\u00edan renunciar. \u201cTodos, por dignidad, por respeto a los ciudadanos, no pueden mantener esa conducta \u00bfno?, completamente inmoral, una autoridad [&hellip;]","og_url":"https:\/\/fuentesfidedignas.com.mx\/index.php\/2021\/08\/06\/magistrados-del-tepjf-y-consejeros-del-ine-deberian-dimitir-amlo\/","og_site_name":"Fuentes Fidedignas","article_publisher":"https:\/\/www.facebook.com\/Fuentes-Fidedignas-368234489921644","article_published_time":"2021-08-06T13:04:50+00:00","article_modified_time":"2021-08-06T13:04:52+00:00","og_image":[{"width":1117,"height":801,"url":"https:\/\/fuentesfidedignas.com.mx\/wp-content\/uploads\/2021\/08\/image_large-15.jpeg","type":"image\/jpeg"}],"author":"La Jornada","twitter_card":"summary_large_image","twitter_creator":"@fidedignas","twitter_site":"@fidedignas","twitter_misc":{"Escrito por":"La Jornada","Tiempo de lectura":"3 minutos"},"schema":{"@context":"https:\/\/schema.org","@graph":[{"@type":"Article","@id":"https:\/\/fuentesfidedignas.com.mx\/index.php\/2021\/08\/06\/magistrados-del-tepjf-y-consejeros-del-ine-deberian-dimitir-amlo\/#article","isPartOf":{"@id":"https:\/\/fuentesfidedignas.com.mx\/index.php\/2021\/08\/06\/magistrados-del-tepjf-y-consejeros-del-ine-deberian-dimitir-amlo\/"},"author":{"name":"La Jornada","@id":"https:\/\/fuentesfidedignas.com.mx\/#\/schema\/person\/87eacee4072e149fccc7de67f9634f35"},"headline":"Magistrados del TEPJF y consejeros del INE deber\u00edan dimitir: AMLO","datePublished":"2021-08-06T13:04:50+00:00","dateModified":"2021-08-06T13:04:52+00:00","mainEntityOfPage":{"@id":"https:\/\/fuentesfidedignas.com.mx\/index.php\/2021\/08\/06\/magistrados-del-tepjf-y-consejeros-del-ine-deberian-dimitir-amlo\/"},"wordCount":621,"commentCount":0,"publisher":{"@id":"https:\/\/fuentesfidedignas.com.mx\/#organization"},"image":{"@id":"https:\/\/fuentesfidedignas.com.mx\/index.php\/2021\/08\/06\/magistrados-del-tepjf-y-consejeros-del-ine-deberian-dimitir-amlo\/#primaryimage"},"thumbnailUrl":"https:\/\/fuentesfidedignas.com.mx\/wp-content\/uploads\/2021\/08\/image_large-15.jpeg","articleSection":["NOTICIAS NACIONALES"],"inLanguage":"es","potentialAction":[{"@type":"CommentAction","name":"Comment","target":["https:\/\/fuentesfidedignas.com.mx\/index.php\/2021\/08\/06\/magistrados-del-tepjf-y-consejeros-del-ine-deberian-dimitir-amlo\/#respond"]}]},{"@type":"WebPage","@id":"https:\/\/fuentesfidedignas.com.mx\/index.php\/2021\/08\/06\/magistrados-del-tepjf-y-consejeros-del-ine-deberian-dimitir-amlo\/","url":"https:\/\/fuentesfidedignas.com.mx\/index.php\/2021\/08\/06\/magistrados-del-tepjf-y-consejeros-del-ine-deberian-dimitir-amlo\/","name":"Magistrados del TEPJF y consejeros del INE deber\u00edan dimitir: AMLO - Fuentes Fidedignas","isPartOf":{"@id":"https:\/\/fuentesfidedignas.com.mx\/#website"},"primaryImageOfPage":{"@id":"https:\/\/fuentesfidedignas.com.mx\/index.php\/2021\/08\/06\/magistrados-del-tepjf-y-consejeros-del-ine-deberian-dimitir-amlo\/#primaryimage"},"image":{"@id":"https:\/\/fuentesfidedignas.com.mx\/index.php\/2021\/08\/06\/magistrados-del-tepjf-y-consejeros-del-ine-deberian-dimitir-amlo\/#primaryimage"},"thumbnailUrl":"https:\/\/fuentesfidedignas.com.mx\/wp-content\/uploads\/2021\/08\/image_large-15.jpeg","datePublished":"2021-08-06T13:04:50+00:00","dateModified":"2021-08-06T13:04:52+00:00","breadcrumb":{"@id":"https:\/\/fuentesfidedignas.com.mx\/index.php\/2021\/08\/06\/magistrados-del-tepjf-y-consejeros-del-ine-deberian-dimitir-amlo\/#breadcrumb"},"inLanguage":"es","potentialAction":[{"@type":"ReadAction","target":["https:\/\/fuentesfidedignas.com.mx\/index.php\/2021\/08\/06\/magistrados-del-tepjf-y-consejeros-del-ine-deberian-dimitir-amlo\/"]}]},{"@type":"ImageObject","inLanguage":"es","@id":"https:\/\/fuentesfidedignas.com.mx\/index.php\/2021\/08\/06\/magistrados-del-tepjf-y-consejeros-del-ine-deberian-dimitir-amlo\/#primaryimage","url":"https:\/\/fuentesfidedignas.com.mx\/wp-content\/uploads\/2021\/08\/image_large-15.jpeg","contentUrl":"https:\/\/fuentesfidedignas.com.mx\/wp-content\/uploads\/2021\/08\/image_large-15.jpeg","width":1117,"height":801},{"@type":"BreadcrumbList","@id":"https:\/\/fuentesfidedignas.com.mx\/index.php\/2021\/08\/06\/magistrados-del-tepjf-y-consejeros-del-ine-deberian-dimitir-amlo\/#breadcrumb","itemListElement":[{"@type":"ListItem","position":1,"name":"Inicio","item":"https:\/\/fuentesfidedignas.com.mx\/"},{"@type":"ListItem","position":2,"name":"Magistrados del TEPJF y consejeros del INE deber\u00edan dimitir: AMLO"}]},{"@type":"WebSite","@id":"https:\/\/fuentesfidedignas.com.mx\/#website","url":"https:\/\/fuentesfidedignas.com.mx\/","name":"Fuentes Fidedignas","description":"Otro sitio realizado con WordPress","publisher":{"@id":"https:\/\/fuentesfidedignas.com.mx\/#organization"},"potentialAction":[{"@type":"SearchAction","target":{"@type":"EntryPoint","urlTemplate":"https:\/\/fuentesfidedignas.com.mx\/?s={search_term_string}"},"query-input":{"@type":"PropertyValueSpecification","valueRequired":true,"valueName":"search_term_string"}}],"inLanguage":"es"},{"@type":"Organization","@id":"https:\/\/fuentesfidedignas.com.mx\/#organization","name":"Fuentes Fidedignas","url":"https:\/\/fuentesfidedignas.com.mx\/","logo":{"@type":"ImageObject","inLanguage":"es","@id":"https:\/\/fuentesfidedignas.com.mx\/#\/schema\/logo\/image\/","url":"https:\/\/fuentesfidedignas.com.mx\/wp-content\/uploads\/2021\/04\/logo-retina.png","contentUrl":"https:\/\/fuentesfidedignas.com.mx\/wp-content\/uploads\/2021\/04\/logo-retina.png","width":280,"height":51,"caption":"Fuentes Fidedignas"},"image":{"@id":"https:\/\/fuentesfidedignas.com.mx\/#\/schema\/logo\/image\/"},"sameAs":["https:\/\/www.facebook.com\/Fuentes-Fidedignas-368234489921644","https:\/\/x.com\/fidedignas"]},{"@type":"Person","@id":"https:\/\/fuentesfidedignas.com.mx\/#\/schema\/person\/87eacee4072e149fccc7de67f9634f35","name":"La Jornada","image":{"@type":"ImageObject","inLanguage":"es","@id":"https:\/\/secure.gravatar.com\/avatar\/2b09f15a418e222775ffd645761e3fcecd1fb9d7a38a3ba858adf349aab82c7c?s=96&d=mm&r=g","url":"https:\/\/secure.gravatar.com\/avatar\/2b09f15a418e222775ffd645761e3fcecd1fb9d7a38a3ba858adf349aab82c7c?s=96&d=mm&r=g","contentUrl":"https:\/\/secure.gravatar.com\/avatar\/2b09f15a418e222775ffd645761e3fcecd1fb9d7a38a3ba858adf349aab82c7c?s=96&d=mm&r=g","caption":"La Jornada"},"url":"https:\/\/fuentesfidedignas.com.mx\/index.php\/author\/jornada\/"}]}},"_links":{"self":[{"href":"https:\/\/fuentesfidedignas.com.mx\/index.php\/wp-json\/wp\/v2\/posts\/9101","targetHints":{"allow":["GET"]}}],"collection":[{"href":"https:\/\/fuentesfidedignas.com.mx\/index.php\/wp-json\/wp\/v2\/posts"}],"about":[{"href":"https:\/\/fuentesfidedignas.com.mx\/index.php\/wp-json\/wp\/v2\/types\/post"}],"author":[{"embeddable":true,"href":"https:\/\/fuentesfidedignas.com.mx\/index.php\/wp-json\/wp\/v2\/users\/45"}],"replies":[{"embeddable":true,"href":"https:\/\/fuentesfidedignas.com.mx\/index.php\/wp-json\/wp\/v2\/comments?post=9101"}],"version-history":[{"count":1,"href":"https:\/\/fuentesfidedignas.com.mx\/index.php\/wp-json\/wp\/v2\/posts\/9101\/revisions"}],"predecessor-version":[{"id":9103,"href":"https:\/\/fuentesfidedignas.com.mx\/index.php\/wp-json\/wp\/v2\/posts\/9101\/revisions\/9103"}],"wp:featuredmedia":[{"embeddable":true,"href":"https:\/\/fuentesfidedignas.com.mx\/index.php\/wp-json\/wp\/v2\/media\/9102"}],"wp:attachment":[{"href":"https:\/\/fuentesfidedignas.com.mx\/index.php\/wp-json\/wp\/v2\/media?parent=9101"}],"wp:term":[{"taxonomy":"category","embeddable":true,"href":"https:\/\/fuentesfidedignas.com.mx\/index.php\/wp-json\/wp\/v2\/categories?post=9101"},{"taxonomy":"post_tag","embeddable":true,"href":"https:\/\/fuentesfidedignas.com.mx\/index.php\/wp-json\/wp\/v2\/tags?post=9101"}],"curies":[{"name":"wp","href":"https:\/\/api.w.org\/{rel}","templated":true}]}}