{"id":90999,"date":"2024-09-12T13:21:00","date_gmt":"2024-09-12T20:21:00","guid":{"rendered":"https:\/\/fuentesfidedignas.com.mx\/?p=90999"},"modified":"2024-09-12T14:14:27","modified_gmt":"2024-09-12T21:14:27","slug":"conagua-alerta-sobre-tormenta-tropical-ileana-en-el-pacifico-frente-a-costas-sinaloenses","status":"publish","type":"post","link":"https:\/\/fuentesfidedignas.com.mx\/index.php\/2024\/09\/12\/conagua-alerta-sobre-tormenta-tropical-ileana-en-el-pacifico-frente-a-costas-sinaloenses\/","title":{"rendered":"Conagua alerta sobre Tormenta Tropical &#8216;Ileana&#8217; en el Pac\u00edfico, frente a costas sinaloenses"},"content":{"rendered":"\n<p><strong><em>El SMN y la Conagua alertaron de un nuevo cicl\u00f3n en el Pac\u00edfico Mexicano, el cual podr\u00eda tocar tierra durante los siguientes d\u00edas: La Tormenta Tropical &#8216;Ileana&#8217;<\/em><\/strong><\/p>\n\n\n\n<p>Esta tarde se form\u00f3 la tormenta tropical Ileana, noveno cicl\u00f3n tropical con nombre del Oc\u00e9ano Pac\u00edfico. Su centro se ubic\u00f3 a 385 km al sur-sureste de Cabo San Lucas, presenta vientos m\u00e1ximos sostenidos de 65 km\/h con rachas de 85 km\/h y se mueve al noroeste a 15 km\/h. Su circulaci\u00f3n y desprendimientos nubosos incrementar\u00e1n la probabilidad de lluvias moderadas a fuertes en el transcurso de esta tarde-noche en municipios del centro-norte, centro y sur del Estado.<br \/>Contin\u00faa previ\u00e9ndose que la tarde de ma\u00f1ana impacte en Baja California Sur y el domingo ingrese a Sonora.<\/p>\n\n\n\n<p>Su amplia circulaci\u00f3n provocar\u00e1 lluvias puntuales intensas (de 75 a 150 mil\u00edmetros [mm]) en regiones de Colima, Jalisco, Nayarit y sur de Sinaloa, as\u00ed como precipitaciones fuertes en Baja California Sur. Las lluvias de mayor intensidad podr\u00edan generar deslaves, incremento en niveles de r\u00edos y arroyos, as\u00ed como desbordamientos e inundaciones en zonas bajas de los estados mencionados. Ante estas condiciones, se exhorta a la poblaci\u00f3n a atender los avisos del SMN, Conagua y seguir las recomendaciones de Protecci\u00f3n Civil.<\/p>\n","protected":false},"excerpt":{"rendered":"<p>El SMN y la Conagua alertaron de un nuevo cicl\u00f3n en el Pac\u00edfico Mexicano, el cual podr\u00eda tocar tierra durante los siguientes d\u00edas: La Tormenta Tropical &#8216;Ileana&#8217; Esta tarde se form\u00f3 la tormenta tropical Ileana, noveno cicl\u00f3n tropical con nombre del Oc\u00e9ano Pac\u00edfico. Su centro se ubic\u00f3 a 385 km al sur-sureste de Cabo San [&hellip;]<\/p>\n","protected":false},"author":52,"featured_media":91003,"comment_status":"open","ping_status":"open","sticky":false,"template":"","format":"standard","meta":{"tdm_status":"","tdm_grid_status":"","footnotes":""},"categories":[37],"tags":[],"class_list":{"0":"post-90999","1":"post","2":"type-post","3":"status-publish","4":"format-standard","5":"has-post-thumbnail","7":"category-nota-principal"},"yoast_head":"<!-- This site is optimized with the Yoast SEO plugin v27.5 - https:\/\/yoast.com\/product\/yoast-seo-wordpress\/ -->\n<title>Conagua alerta sobre Tormenta Tropical &#039;Ileana&#039; en el Pac\u00edfico, frente a costas sinaloenses - Fuentes Fidedignas<\/title>\n<meta name=\"robots\" content=\"index, follow, max-snippet:-1, max-image-preview:large, max-video-preview:-1\" \/>\n<link rel=\"canonical\" href=\"https:\/\/fuentesfidedignas.com.mx\/index.php\/2024\/09\/12\/conagua-alerta-sobre-tormenta-tropical-ileana-en-el-pacifico-frente-a-costas-sinaloenses\/\" \/>\n<meta property=\"og:locale\" content=\"es_MX\" \/>\n<meta property=\"og:type\" content=\"article\" \/>\n<meta property=\"og:title\" content=\"Conagua alerta sobre Tormenta Tropical &#039;Ileana&#039; en el Pac\u00edfico, frente a costas sinaloenses - Fuentes Fidedignas\" \/>\n<meta property=\"og:description\" content=\"El SMN y la Conagua alertaron de un nuevo cicl\u00f3n en el Pac\u00edfico Mexicano, el cual podr\u00eda tocar tierra durante los siguientes d\u00edas: La Tormenta Tropical &#8216;Ileana&#8217; Esta tarde se form\u00f3 la tormenta tropical Ileana, noveno cicl\u00f3n tropical con nombre del Oc\u00e9ano Pac\u00edfico. Su centro se ubic\u00f3 a 385 km al sur-sureste de Cabo San [&hellip;]\" \/>\n<meta property=\"og:url\" content=\"https:\/\/fuentesfidedignas.com.mx\/index.php\/2024\/09\/12\/conagua-alerta-sobre-tormenta-tropical-ileana-en-el-pacifico-frente-a-costas-sinaloenses\/\" \/>\n<meta property=\"og:site_name\" content=\"Fuentes Fidedignas\" \/>\n<meta property=\"article:publisher\" content=\"https:\/\/www.facebook.com\/Fuentes-Fidedignas-368234489921644\" \/>\n<meta property=\"article:published_time\" content=\"2024-09-12T20:21:00+00:00\" \/>\n<meta property=\"article:modified_time\" content=\"2024-09-12T21:14:27+00:00\" \/>\n<meta property=\"og:image\" content=\"https:\/\/fuentesfidedignas.com.mx\/wp-content\/uploads\/2024\/09\/f960x540-411798_485873_5050.jpeg\" \/>\n\t<meta property=\"og:image:width\" content=\"960\" \/>\n\t<meta property=\"og:image:height\" content=\"540\" \/>\n\t<meta property=\"og:image:type\" content=\"image\/jpeg\" \/>\n<meta name=\"author\" content=\"Tribuna\" \/>\n<meta name=\"twitter:card\" content=\"summary_large_image\" \/>\n<meta name=\"twitter:creator\" content=\"@fidedignas\" \/>\n<meta name=\"twitter:site\" content=\"@fidedignas\" \/>\n<meta name=\"twitter:label1\" content=\"Escrito por\" \/>\n\t<meta name=\"twitter:data1\" content=\"Tribuna\" \/>\n\t<meta name=\"twitter:label2\" content=\"Tiempo de lectura\" \/>\n\t<meta name=\"twitter:data2\" content=\"2 minutos\" \/>\n<script type=\"application\/ld+json\" class=\"yoast-schema-graph\">{\"@context\":\"https:\\\/\\\/schema.org\",\"@graph\":[{\"@type\":\"Article\",\"@id\":\"https:\\\/\\\/fuentesfidedignas.com.mx\\\/index.php\\\/2024\\\/09\\\/12\\\/conagua-alerta-sobre-tormenta-tropical-ileana-en-el-pacifico-frente-a-costas-sinaloenses\\\/#article\",\"isPartOf\":{\"@id\":\"https:\\\/\\\/fuentesfidedignas.com.mx\\\/index.php\\\/2024\\\/09\\\/12\\\/conagua-alerta-sobre-tormenta-tropical-ileana-en-el-pacifico-frente-a-costas-sinaloenses\\\/\"},\"author\":{\"name\":\"Tribuna\",\"@id\":\"https:\\\/\\\/fuentesfidedignas.com.mx\\\/#\\\/schema\\\/person\\\/f14c82bb6234c9813e005ceba6493b84\"},\"headline\":\"Conagua alerta sobre Tormenta Tropical &#8216;Ileana&#8217; en el Pac\u00edfico, frente a costas sinaloenses\",\"datePublished\":\"2024-09-12T20:21:00+00:00\",\"dateModified\":\"2024-09-12T21:14:27+00:00\",\"mainEntityOfPage\":{\"@id\":\"https:\\\/\\\/fuentesfidedignas.com.mx\\\/index.php\\\/2024\\\/09\\\/12\\\/conagua-alerta-sobre-tormenta-tropical-ileana-en-el-pacifico-frente-a-costas-sinaloenses\\\/\"},\"wordCount\":232,\"commentCount\":0,\"publisher\":{\"@id\":\"https:\\\/\\\/fuentesfidedignas.com.mx\\\/#organization\"},\"image\":{\"@id\":\"https:\\\/\\\/fuentesfidedignas.com.mx\\\/index.php\\\/2024\\\/09\\\/12\\\/conagua-alerta-sobre-tormenta-tropical-ileana-en-el-pacifico-frente-a-costas-sinaloenses\\\/#primaryimage\"},\"thumbnailUrl\":\"https:\\\/\\\/fuentesfidedignas.com.mx\\\/wp-content\\\/uploads\\\/2024\\\/09\\\/f960x540-411798_485873_5050.jpeg\",\"articleSection\":[\"NOTA PRINCIPAL\"],\"inLanguage\":\"es\",\"potentialAction\":[{\"@type\":\"CommentAction\",\"name\":\"Comment\",\"target\":[\"https:\\\/\\\/fuentesfidedignas.com.mx\\\/index.php\\\/2024\\\/09\\\/12\\\/conagua-alerta-sobre-tormenta-tropical-ileana-en-el-pacifico-frente-a-costas-sinaloenses\\\/#respond\"]}]},{\"@type\":\"WebPage\",\"@id\":\"https:\\\/\\\/fuentesfidedignas.com.mx\\\/index.php\\\/2024\\\/09\\\/12\\\/conagua-alerta-sobre-tormenta-tropical-ileana-en-el-pacifico-frente-a-costas-sinaloenses\\\/\",\"url\":\"https:\\\/\\\/fuentesfidedignas.com.mx\\\/index.php\\\/2024\\\/09\\\/12\\\/conagua-alerta-sobre-tormenta-tropical-ileana-en-el-pacifico-frente-a-costas-sinaloenses\\\/\",\"name\":\"Conagua alerta sobre Tormenta Tropical 'Ileana' en el Pac\u00edfico, frente a costas sinaloenses - Fuentes Fidedignas\",\"isPartOf\":{\"@id\":\"https:\\\/\\\/fuentesfidedignas.com.mx\\\/#website\"},\"primaryImageOfPage\":{\"@id\":\"https:\\\/\\\/fuentesfidedignas.com.mx\\\/index.php\\\/2024\\\/09\\\/12\\\/conagua-alerta-sobre-tormenta-tropical-ileana-en-el-pacifico-frente-a-costas-sinaloenses\\\/#primaryimage\"},\"image\":{\"@id\":\"https:\\\/\\\/fuentesfidedignas.com.mx\\\/index.php\\\/2024\\\/09\\\/12\\\/conagua-alerta-sobre-tormenta-tropical-ileana-en-el-pacifico-frente-a-costas-sinaloenses\\\/#primaryimage\"},\"thumbnailUrl\":\"https:\\\/\\\/fuentesfidedignas.com.mx\\\/wp-content\\\/uploads\\\/2024\\\/09\\\/f960x540-411798_485873_5050.jpeg\",\"datePublished\":\"2024-09-12T20:21:00+00:00\",\"dateModified\":\"2024-09-12T21:14:27+00:00\",\"breadcrumb\":{\"@id\":\"https:\\\/\\\/fuentesfidedignas.com.mx\\\/index.php\\\/2024\\\/09\\\/12\\\/conagua-alerta-sobre-tormenta-tropical-ileana-en-el-pacifico-frente-a-costas-sinaloenses\\\/#breadcrumb\"},\"inLanguage\":\"es\",\"potentialAction\":[{\"@type\":\"ReadAction\",\"target\":[\"https:\\\/\\\/fuentesfidedignas.com.mx\\\/index.php\\\/2024\\\/09\\\/12\\\/conagua-alerta-sobre-tormenta-tropical-ileana-en-el-pacifico-frente-a-costas-sinaloenses\\\/\"]}]},{\"@type\":\"ImageObject\",\"inLanguage\":\"es\",\"@id\":\"https:\\\/\\\/fuentesfidedignas.com.mx\\\/index.php\\\/2024\\\/09\\\/12\\\/conagua-alerta-sobre-tormenta-tropical-ileana-en-el-pacifico-frente-a-costas-sinaloenses\\\/#primaryimage\",\"url\":\"https:\\\/\\\/fuentesfidedignas.com.mx\\\/wp-content\\\/uploads\\\/2024\\\/09\\\/f960x540-411798_485873_5050.jpeg\",\"contentUrl\":\"https:\\\/\\\/fuentesfidedignas.com.mx\\\/wp-content\\\/uploads\\\/2024\\\/09\\\/f960x540-411798_485873_5050.jpeg\",\"width\":960,\"height\":540},{\"@type\":\"BreadcrumbList\",\"@id\":\"https:\\\/\\\/fuentesfidedignas.com.mx\\\/index.php\\\/2024\\\/09\\\/12\\\/conagua-alerta-sobre-tormenta-tropical-ileana-en-el-pacifico-frente-a-costas-sinaloenses\\\/#breadcrumb\",\"itemListElement\":[{\"@type\":\"ListItem\",\"position\":1,\"name\":\"Inicio\",\"item\":\"https:\\\/\\\/fuentesfidedignas.com.mx\\\/\"},{\"@type\":\"ListItem\",\"position\":2,\"name\":\"Conagua alerta sobre Tormenta Tropical &#8216;Ileana&#8217; en el Pac\u00edfico, frente a costas sinaloenses\"}]},{\"@type\":\"WebSite\",\"@id\":\"https:\\\/\\\/fuentesfidedignas.com.mx\\\/#website\",\"url\":\"https:\\\/\\\/fuentesfidedignas.com.mx\\\/\",\"name\":\"Fuentes Fidedignas\",\"description\":\"Otro sitio realizado con WordPress\",\"publisher\":{\"@id\":\"https:\\\/\\\/fuentesfidedignas.com.mx\\\/#organization\"},\"potentialAction\":[{\"@type\":\"SearchAction\",\"target\":{\"@type\":\"EntryPoint\",\"urlTemplate\":\"https:\\\/\\\/fuentesfidedignas.com.mx\\\/?s={search_term_string}\"},\"query-input\":{\"@type\":\"PropertyValueSpecification\",\"valueRequired\":true,\"valueName\":\"search_term_string\"}}],\"inLanguage\":\"es\"},{\"@type\":\"Organization\",\"@id\":\"https:\\\/\\\/fuentesfidedignas.com.mx\\\/#organization\",\"name\":\"Fuentes Fidedignas\",\"url\":\"https:\\\/\\\/fuentesfidedignas.com.mx\\\/\",\"logo\":{\"@type\":\"ImageObject\",\"inLanguage\":\"es\",\"@id\":\"https:\\\/\\\/fuentesfidedignas.com.mx\\\/#\\\/schema\\\/logo\\\/image\\\/\",\"url\":\"https:\\\/\\\/fuentesfidedignas.com.mx\\\/wp-content\\\/uploads\\\/2021\\\/04\\\/logo-retina.png\",\"contentUrl\":\"https:\\\/\\\/fuentesfidedignas.com.mx\\\/wp-content\\\/uploads\\\/2021\\\/04\\\/logo-retina.png\",\"width\":280,\"height\":51,\"caption\":\"Fuentes Fidedignas\"},\"image\":{\"@id\":\"https:\\\/\\\/fuentesfidedignas.com.mx\\\/#\\\/schema\\\/logo\\\/image\\\/\"},\"sameAs\":[\"https:\\\/\\\/www.facebook.com\\\/Fuentes-Fidedignas-368234489921644\",\"https:\\\/\\\/x.com\\\/fidedignas\"]},{\"@type\":\"Person\",\"@id\":\"https:\\\/\\\/fuentesfidedignas.com.mx\\\/#\\\/schema\\\/person\\\/f14c82bb6234c9813e005ceba6493b84\",\"name\":\"Tribuna\",\"image\":{\"@type\":\"ImageObject\",\"inLanguage\":\"es\",\"@id\":\"https:\\\/\\\/secure.gravatar.com\\\/avatar\\\/e3f6b8e39b5bcf17b4dccd3da22f961a9a87846579cec8ceb8fa3965c096c7ce?s=96&d=mm&r=g\",\"url\":\"https:\\\/\\\/secure.gravatar.com\\\/avatar\\\/e3f6b8e39b5bcf17b4dccd3da22f961a9a87846579cec8ceb8fa3965c096c7ce?s=96&d=mm&r=g\",\"contentUrl\":\"https:\\\/\\\/secure.gravatar.com\\\/avatar\\\/e3f6b8e39b5bcf17b4dccd3da22f961a9a87846579cec8ceb8fa3965c096c7ce?s=96&d=mm&r=g\",\"caption\":\"Tribuna\"},\"url\":\"https:\\\/\\\/fuentesfidedignas.com.mx\\\/index.php\\\/author\\\/tribuna\\\/\"}]}<\/script>\n<!-- \/ Yoast SEO plugin. -->","yoast_head_json":{"title":"Conagua alerta sobre Tormenta Tropical 'Ileana' en el Pac\u00edfico, frente a costas sinaloenses - Fuentes Fidedignas","robots":{"index":"index","follow":"follow","max-snippet":"max-snippet:-1","max-image-preview":"max-image-preview:large","max-video-preview":"max-video-preview:-1"},"canonical":"https:\/\/fuentesfidedignas.com.mx\/index.php\/2024\/09\/12\/conagua-alerta-sobre-tormenta-tropical-ileana-en-el-pacifico-frente-a-costas-sinaloenses\/","og_locale":"es_MX","og_type":"article","og_title":"Conagua alerta sobre Tormenta Tropical 'Ileana' en el Pac\u00edfico, frente a costas sinaloenses - Fuentes Fidedignas","og_description":"El SMN y la Conagua alertaron de un nuevo cicl\u00f3n en el Pac\u00edfico Mexicano, el cual podr\u00eda tocar tierra durante los siguientes d\u00edas: La Tormenta Tropical &#8216;Ileana&#8217; Esta tarde se form\u00f3 la tormenta tropical Ileana, noveno cicl\u00f3n tropical con nombre del Oc\u00e9ano Pac\u00edfico. Su centro se ubic\u00f3 a 385 km al sur-sureste de Cabo San [&hellip;]","og_url":"https:\/\/fuentesfidedignas.com.mx\/index.php\/2024\/09\/12\/conagua-alerta-sobre-tormenta-tropical-ileana-en-el-pacifico-frente-a-costas-sinaloenses\/","og_site_name":"Fuentes Fidedignas","article_publisher":"https:\/\/www.facebook.com\/Fuentes-Fidedignas-368234489921644","article_published_time":"2024-09-12T20:21:00+00:00","article_modified_time":"2024-09-12T21:14:27+00:00","og_image":[{"width":960,"height":540,"url":"https:\/\/fuentesfidedignas.com.mx\/wp-content\/uploads\/2024\/09\/f960x540-411798_485873_5050.jpeg","type":"image\/jpeg"}],"author":"Tribuna","twitter_card":"summary_large_image","twitter_creator":"@fidedignas","twitter_site":"@fidedignas","twitter_misc":{"Escrito por":"Tribuna","Tiempo de lectura":"2 minutos"},"schema":{"@context":"https:\/\/schema.org","@graph":[{"@type":"Article","@id":"https:\/\/fuentesfidedignas.com.mx\/index.php\/2024\/09\/12\/conagua-alerta-sobre-tormenta-tropical-ileana-en-el-pacifico-frente-a-costas-sinaloenses\/#article","isPartOf":{"@id":"https:\/\/fuentesfidedignas.com.mx\/index.php\/2024\/09\/12\/conagua-alerta-sobre-tormenta-tropical-ileana-en-el-pacifico-frente-a-costas-sinaloenses\/"},"author":{"name":"Tribuna","@id":"https:\/\/fuentesfidedignas.com.mx\/#\/schema\/person\/f14c82bb6234c9813e005ceba6493b84"},"headline":"Conagua alerta sobre Tormenta Tropical &#8216;Ileana&#8217; en el Pac\u00edfico, frente a costas sinaloenses","datePublished":"2024-09-12T20:21:00+00:00","dateModified":"2024-09-12T21:14:27+00:00","mainEntityOfPage":{"@id":"https:\/\/fuentesfidedignas.com.mx\/index.php\/2024\/09\/12\/conagua-alerta-sobre-tormenta-tropical-ileana-en-el-pacifico-frente-a-costas-sinaloenses\/"},"wordCount":232,"commentCount":0,"publisher":{"@id":"https:\/\/fuentesfidedignas.com.mx\/#organization"},"image":{"@id":"https:\/\/fuentesfidedignas.com.mx\/index.php\/2024\/09\/12\/conagua-alerta-sobre-tormenta-tropical-ileana-en-el-pacifico-frente-a-costas-sinaloenses\/#primaryimage"},"thumbnailUrl":"https:\/\/fuentesfidedignas.com.mx\/wp-content\/uploads\/2024\/09\/f960x540-411798_485873_5050.jpeg","articleSection":["NOTA PRINCIPAL"],"inLanguage":"es","potentialAction":[{"@type":"CommentAction","name":"Comment","target":["https:\/\/fuentesfidedignas.com.mx\/index.php\/2024\/09\/12\/conagua-alerta-sobre-tormenta-tropical-ileana-en-el-pacifico-frente-a-costas-sinaloenses\/#respond"]}]},{"@type":"WebPage","@id":"https:\/\/fuentesfidedignas.com.mx\/index.php\/2024\/09\/12\/conagua-alerta-sobre-tormenta-tropical-ileana-en-el-pacifico-frente-a-costas-sinaloenses\/","url":"https:\/\/fuentesfidedignas.com.mx\/index.php\/2024\/09\/12\/conagua-alerta-sobre-tormenta-tropical-ileana-en-el-pacifico-frente-a-costas-sinaloenses\/","name":"Conagua alerta sobre Tormenta Tropical 'Ileana' en el Pac\u00edfico, frente a costas sinaloenses - Fuentes Fidedignas","isPartOf":{"@id":"https:\/\/fuentesfidedignas.com.mx\/#website"},"primaryImageOfPage":{"@id":"https:\/\/fuentesfidedignas.com.mx\/index.php\/2024\/09\/12\/conagua-alerta-sobre-tormenta-tropical-ileana-en-el-pacifico-frente-a-costas-sinaloenses\/#primaryimage"},"image":{"@id":"https:\/\/fuentesfidedignas.com.mx\/index.php\/2024\/09\/12\/conagua-alerta-sobre-tormenta-tropical-ileana-en-el-pacifico-frente-a-costas-sinaloenses\/#primaryimage"},"thumbnailUrl":"https:\/\/fuentesfidedignas.com.mx\/wp-content\/uploads\/2024\/09\/f960x540-411798_485873_5050.jpeg","datePublished":"2024-09-12T20:21:00+00:00","dateModified":"2024-09-12T21:14:27+00:00","breadcrumb":{"@id":"https:\/\/fuentesfidedignas.com.mx\/index.php\/2024\/09\/12\/conagua-alerta-sobre-tormenta-tropical-ileana-en-el-pacifico-frente-a-costas-sinaloenses\/#breadcrumb"},"inLanguage":"es","potentialAction":[{"@type":"ReadAction","target":["https:\/\/fuentesfidedignas.com.mx\/index.php\/2024\/09\/12\/conagua-alerta-sobre-tormenta-tropical-ileana-en-el-pacifico-frente-a-costas-sinaloenses\/"]}]},{"@type":"ImageObject","inLanguage":"es","@id":"https:\/\/fuentesfidedignas.com.mx\/index.php\/2024\/09\/12\/conagua-alerta-sobre-tormenta-tropical-ileana-en-el-pacifico-frente-a-costas-sinaloenses\/#primaryimage","url":"https:\/\/fuentesfidedignas.com.mx\/wp-content\/uploads\/2024\/09\/f960x540-411798_485873_5050.jpeg","contentUrl":"https:\/\/fuentesfidedignas.com.mx\/wp-content\/uploads\/2024\/09\/f960x540-411798_485873_5050.jpeg","width":960,"height":540},{"@type":"BreadcrumbList","@id":"https:\/\/fuentesfidedignas.com.mx\/index.php\/2024\/09\/12\/conagua-alerta-sobre-tormenta-tropical-ileana-en-el-pacifico-frente-a-costas-sinaloenses\/#breadcrumb","itemListElement":[{"@type":"ListItem","position":1,"name":"Inicio","item":"https:\/\/fuentesfidedignas.com.mx\/"},{"@type":"ListItem","position":2,"name":"Conagua alerta sobre Tormenta Tropical &#8216;Ileana&#8217; en el Pac\u00edfico, frente a costas sinaloenses"}]},{"@type":"WebSite","@id":"https:\/\/fuentesfidedignas.com.mx\/#website","url":"https:\/\/fuentesfidedignas.com.mx\/","name":"Fuentes Fidedignas","description":"Otro sitio realizado con WordPress","publisher":{"@id":"https:\/\/fuentesfidedignas.com.mx\/#organization"},"potentialAction":[{"@type":"SearchAction","target":{"@type":"EntryPoint","urlTemplate":"https:\/\/fuentesfidedignas.com.mx\/?s={search_term_string}"},"query-input":{"@type":"PropertyValueSpecification","valueRequired":true,"valueName":"search_term_string"}}],"inLanguage":"es"},{"@type":"Organization","@id":"https:\/\/fuentesfidedignas.com.mx\/#organization","name":"Fuentes Fidedignas","url":"https:\/\/fuentesfidedignas.com.mx\/","logo":{"@type":"ImageObject","inLanguage":"es","@id":"https:\/\/fuentesfidedignas.com.mx\/#\/schema\/logo\/image\/","url":"https:\/\/fuentesfidedignas.com.mx\/wp-content\/uploads\/2021\/04\/logo-retina.png","contentUrl":"https:\/\/fuentesfidedignas.com.mx\/wp-content\/uploads\/2021\/04\/logo-retina.png","width":280,"height":51,"caption":"Fuentes Fidedignas"},"image":{"@id":"https:\/\/fuentesfidedignas.com.mx\/#\/schema\/logo\/image\/"},"sameAs":["https:\/\/www.facebook.com\/Fuentes-Fidedignas-368234489921644","https:\/\/x.com\/fidedignas"]},{"@type":"Person","@id":"https:\/\/fuentesfidedignas.com.mx\/#\/schema\/person\/f14c82bb6234c9813e005ceba6493b84","name":"Tribuna","image":{"@type":"ImageObject","inLanguage":"es","@id":"https:\/\/secure.gravatar.com\/avatar\/e3f6b8e39b5bcf17b4dccd3da22f961a9a87846579cec8ceb8fa3965c096c7ce?s=96&d=mm&r=g","url":"https:\/\/secure.gravatar.com\/avatar\/e3f6b8e39b5bcf17b4dccd3da22f961a9a87846579cec8ceb8fa3965c096c7ce?s=96&d=mm&r=g","contentUrl":"https:\/\/secure.gravatar.com\/avatar\/e3f6b8e39b5bcf17b4dccd3da22f961a9a87846579cec8ceb8fa3965c096c7ce?s=96&d=mm&r=g","caption":"Tribuna"},"url":"https:\/\/fuentesfidedignas.com.mx\/index.php\/author\/tribuna\/"}]}},"_links":{"self":[{"href":"https:\/\/fuentesfidedignas.com.mx\/index.php\/wp-json\/wp\/v2\/posts\/90999","targetHints":{"allow":["GET"]}}],"collection":[{"href":"https:\/\/fuentesfidedignas.com.mx\/index.php\/wp-json\/wp\/v2\/posts"}],"about":[{"href":"https:\/\/fuentesfidedignas.com.mx\/index.php\/wp-json\/wp\/v2\/types\/post"}],"author":[{"embeddable":true,"href":"https:\/\/fuentesfidedignas.com.mx\/index.php\/wp-json\/wp\/v2\/users\/52"}],"replies":[{"embeddable":true,"href":"https:\/\/fuentesfidedignas.com.mx\/index.php\/wp-json\/wp\/v2\/comments?post=90999"}],"version-history":[{"count":3,"href":"https:\/\/fuentesfidedignas.com.mx\/index.php\/wp-json\/wp\/v2\/posts\/90999\/revisions"}],"predecessor-version":[{"id":91015,"href":"https:\/\/fuentesfidedignas.com.mx\/index.php\/wp-json\/wp\/v2\/posts\/90999\/revisions\/91015"}],"wp:featuredmedia":[{"embeddable":true,"href":"https:\/\/fuentesfidedignas.com.mx\/index.php\/wp-json\/wp\/v2\/media\/91003"}],"wp:attachment":[{"href":"https:\/\/fuentesfidedignas.com.mx\/index.php\/wp-json\/wp\/v2\/media?parent=90999"}],"wp:term":[{"taxonomy":"category","embeddable":true,"href":"https:\/\/fuentesfidedignas.com.mx\/index.php\/wp-json\/wp\/v2\/categories?post=90999"},{"taxonomy":"post_tag","embeddable":true,"href":"https:\/\/fuentesfidedignas.com.mx\/index.php\/wp-json\/wp\/v2\/tags?post=90999"}],"curies":[{"name":"wp","href":"https:\/\/api.w.org\/{rel}","templated":true}]}}