{"id":90934,"date":"2024-09-12T03:57:00","date_gmt":"2024-09-12T10:57:00","guid":{"rendered":"https:\/\/fuentesfidedignas.com.mx\/?p=90934"},"modified":"2024-09-11T16:04:29","modified_gmt":"2024-09-11T23:04:29","slug":"la-familia-de-esta-mujer-no-pudo-asistir-a-la-ceremonia-y-se-le-ocurre-una-idea-para-festejarse","status":"publish","type":"post","link":"https:\/\/fuentesfidedignas.com.mx\/index.php\/2024\/09\/12\/la-familia-de-esta-mujer-no-pudo-asistir-a-la-ceremonia-y-se-le-ocurre-una-idea-para-festejarse\/","title":{"rendered":"La familia de esta mujer no pudo asistir a la ceremonia y se le ocurre una idea para festejarse"},"content":{"rendered":"\n<p><strong><em>Para esto, en la cuenta de Sandy Ramirez (@sandyramirez8) comparti\u00f3 c\u00f3mo a su cu\u00f1ada se le ocurri\u00f3 festejarse; pues, su familia entera no pudo asistir a su titulaci\u00f3n.<\/em><\/strong><\/p>\n\n\n\n<p>M\u00c9XICO.- Un conmovedor gesto se ha viralizado r\u00e1pidamente en TikTok, luego de que la cu\u00f1ada de esta mujer se le ocurriera una idea para celebrar su ceremonia de titulaci\u00f3n debido a que sus padres no pudieron asistir<\/p>\n\n\n\n<p>Para esto, en la cuenta de Sandy Ramirez (@sandyramirez8) comparti\u00f3 c\u00f3mo a su cu\u00f1ada se le ocurri\u00f3 festejarse; pues, su familia entera no pudo asistir a su titulaci\u00f3n. Sin embargo, esto no la detuvo:<\/p>\n\n\n\n<p>\u201cToca el claxon\u201d, dice el cartel\u00f3n.<\/p>\n\n\n\n<p>La mujer, quien hab\u00eda colocado el cartel\u00f3n en la parte trasera del carro, con dicha leyenda; empez\u00f3 a escuchar c\u00f3mo la gente le tocaba el clax\u00f3n; y cientos de taxistas o choferes de cami\u00f3n, levantaban un gesto de aprobaci\u00f3n y felicitaci\u00f3n.<\/p>\n\n\n\n<blockquote class=\"tiktok-embed\" cite=\"https:\/\/www.tiktok.com\/@sandyramirez8\/video\/7413155919858502917\" data-video-id=\"7413155919858502917\" style=\"max-width: 605px;min-width: 325px;\" > <section> <a target=\"_blank\" title=\"@sandyramirez8\" href=\"https:\/\/www.tiktok.com\/@sandyramirez8?refer=embed\" rel=\"noopener\">@sandyramirez8<\/a> Bendiciones para esas personitas tan lindas <a title=\"parati\" target=\"_blank\" href=\"https:\/\/www.tiktok.com\/tag\/parati?refer=embed\" rel=\"noopener\">#parati<\/a> <a title=\"foryou\" target=\"_blank\" href=\"https:\/\/www.tiktok.com\/tag\/foryou?refer=embed\" rel=\"noopener\">#foryou<\/a> <a title=\"titulo\" target=\"_blank\" href=\"https:\/\/www.tiktok.com\/tag\/titulo?refer=embed\" rel=\"noopener\">#titulo<\/a> <a title=\"fisioterapia\" target=\"_blank\" href=\"https:\/\/www.tiktok.com\/tag\/fisioterapia?refer=embed\" rel=\"noopener\">#fisioterapia<\/a> <a title=\"claxon\" target=\"_blank\" href=\"https:\/\/www.tiktok.com\/tag\/claxon?refer=embed\" rel=\"noopener\">#claxon<\/a> <a target=\"_blank\" title=\"\u266c son original - \u2661\ufe0e\" href=\"https:\/\/www.tiktok.com\/music\/son-original-7216899701244496645?refer=embed\" rel=\"noopener\">\u266c son original &#8211; \u2661\ufe0e<\/a> <\/section> <\/blockquote> <script async src=\"https:\/\/www.tiktok.com\/embed.js\"><\/script>\n\n\n\n<p>Sandy se mostr\u00f3 sumamente agradecida y feliz. En menos de 24 horas consigui\u00f3 cerca de 1.3 millones de reproducciones en TikTok y cerca de 195 mil \u201cme gusta\u201d en la plataforma.<\/p>\n","protected":false},"excerpt":{"rendered":"<p>Para esto, en la cuenta de Sandy Ramirez (@sandyramirez8) comparti\u00f3 c\u00f3mo a su cu\u00f1ada se le ocurri\u00f3 festejarse; pues, su familia entera no pudo asistir a su titulaci\u00f3n. M\u00c9XICO.- Un conmovedor gesto se ha viralizado r\u00e1pidamente en TikTok, luego de que la cu\u00f1ada de esta mujer se le ocurriera una idea para celebrar su ceremonia [&hellip;]<\/p>\n","protected":false},"author":40,"featured_media":90935,"comment_status":"open","ping_status":"open","sticky":false,"template":"","format":"standard","meta":{"tdm_status":"","tdm_grid_status":"","footnotes":""},"categories":[40],"tags":[],"class_list":{"0":"post-90934","1":"post","2":"type-post","3":"status-publish","4":"format-standard","5":"has-post-thumbnail","7":"category-las-asombrosas"},"yoast_head":"<!-- This site is optimized with the Yoast SEO plugin v27.5 - https:\/\/yoast.com\/product\/yoast-seo-wordpress\/ -->\n<title>La familia de esta mujer no pudo asistir a la ceremonia y se le ocurre una idea para festejarse - Fuentes Fidedignas<\/title>\n<meta name=\"robots\" content=\"index, follow, max-snippet:-1, max-image-preview:large, max-video-preview:-1\" \/>\n<link rel=\"canonical\" href=\"https:\/\/fuentesfidedignas.com.mx\/index.php\/2024\/09\/12\/la-familia-de-esta-mujer-no-pudo-asistir-a-la-ceremonia-y-se-le-ocurre-una-idea-para-festejarse\/\" \/>\n<meta property=\"og:locale\" content=\"es_MX\" \/>\n<meta property=\"og:type\" content=\"article\" \/>\n<meta property=\"og:title\" content=\"La familia de esta mujer no pudo asistir a la ceremonia y se le ocurre una idea para festejarse - Fuentes Fidedignas\" \/>\n<meta property=\"og:description\" content=\"Para esto, en la cuenta de Sandy Ramirez (@sandyramirez8) comparti\u00f3 c\u00f3mo a su cu\u00f1ada se le ocurri\u00f3 festejarse; pues, su familia entera no pudo asistir a su titulaci\u00f3n. M\u00c9XICO.- Un conmovedor gesto se ha viralizado r\u00e1pidamente en TikTok, luego de que la cu\u00f1ada de esta mujer se le ocurriera una idea para celebrar su ceremonia [&hellip;]\" \/>\n<meta property=\"og:url\" content=\"https:\/\/fuentesfidedignas.com.mx\/index.php\/2024\/09\/12\/la-familia-de-esta-mujer-no-pudo-asistir-a-la-ceremonia-y-se-le-ocurre-una-idea-para-festejarse\/\" \/>\n<meta property=\"og:site_name\" content=\"Fuentes Fidedignas\" \/>\n<meta property=\"article:publisher\" content=\"https:\/\/www.facebook.com\/Fuentes-Fidedignas-368234489921644\" \/>\n<meta property=\"article:published_time\" content=\"2024-09-12T10:57:00+00:00\" \/>\n<meta property=\"og:image\" content=\"https:\/\/fuentesfidedignas.com.mx\/wp-content\/uploads\/2024\/09\/felicitaciones-cartulina.jpg\" \/>\n\t<meta property=\"og:image:width\" content=\"650\" \/>\n\t<meta property=\"og:image:height\" content=\"433\" \/>\n\t<meta property=\"og:image:type\" content=\"image\/jpeg\" \/>\n<meta name=\"author\" content=\"El Imparcial\" \/>\n<meta name=\"twitter:card\" content=\"summary_large_image\" \/>\n<meta name=\"twitter:creator\" content=\"@fidedignas\" \/>\n<meta name=\"twitter:site\" content=\"@fidedignas\" \/>\n<meta name=\"twitter:label1\" content=\"Escrito por\" \/>\n\t<meta name=\"twitter:data1\" content=\"El Imparcial\" \/>\n\t<meta name=\"twitter:label2\" content=\"Tiempo de lectura\" \/>\n\t<meta name=\"twitter:data2\" content=\"2 minutos\" \/>\n<script type=\"application\/ld+json\" class=\"yoast-schema-graph\">{\"@context\":\"https:\\\/\\\/schema.org\",\"@graph\":[{\"@type\":\"Article\",\"@id\":\"https:\\\/\\\/fuentesfidedignas.com.mx\\\/index.php\\\/2024\\\/09\\\/12\\\/la-familia-de-esta-mujer-no-pudo-asistir-a-la-ceremonia-y-se-le-ocurre-una-idea-para-festejarse\\\/#article\",\"isPartOf\":{\"@id\":\"https:\\\/\\\/fuentesfidedignas.com.mx\\\/index.php\\\/2024\\\/09\\\/12\\\/la-familia-de-esta-mujer-no-pudo-asistir-a-la-ceremonia-y-se-le-ocurre-una-idea-para-festejarse\\\/\"},\"author\":{\"name\":\"El Imparcial\",\"@id\":\"https:\\\/\\\/fuentesfidedignas.com.mx\\\/#\\\/schema\\\/person\\\/ff4db17f8fd9c584e0cfc2a0c436b8a1\"},\"headline\":\"La familia de esta mujer no pudo asistir a la ceremonia y se le ocurre una idea para festejarse\",\"datePublished\":\"2024-09-12T10:57:00+00:00\",\"mainEntityOfPage\":{\"@id\":\"https:\\\/\\\/fuentesfidedignas.com.mx\\\/index.php\\\/2024\\\/09\\\/12\\\/la-familia-de-esta-mujer-no-pudo-asistir-a-la-ceremonia-y-se-le-ocurre-una-idea-para-festejarse\\\/\"},\"wordCount\":227,\"commentCount\":0,\"publisher\":{\"@id\":\"https:\\\/\\\/fuentesfidedignas.com.mx\\\/#organization\"},\"image\":{\"@id\":\"https:\\\/\\\/fuentesfidedignas.com.mx\\\/index.php\\\/2024\\\/09\\\/12\\\/la-familia-de-esta-mujer-no-pudo-asistir-a-la-ceremonia-y-se-le-ocurre-una-idea-para-festejarse\\\/#primaryimage\"},\"thumbnailUrl\":\"https:\\\/\\\/fuentesfidedignas.com.mx\\\/wp-content\\\/uploads\\\/2024\\\/09\\\/felicitaciones-cartulina.jpg\",\"articleSection\":[\"LAS ASOMBROSAS\"],\"inLanguage\":\"es\",\"potentialAction\":[{\"@type\":\"CommentAction\",\"name\":\"Comment\",\"target\":[\"https:\\\/\\\/fuentesfidedignas.com.mx\\\/index.php\\\/2024\\\/09\\\/12\\\/la-familia-de-esta-mujer-no-pudo-asistir-a-la-ceremonia-y-se-le-ocurre-una-idea-para-festejarse\\\/#respond\"]}]},{\"@type\":\"WebPage\",\"@id\":\"https:\\\/\\\/fuentesfidedignas.com.mx\\\/index.php\\\/2024\\\/09\\\/12\\\/la-familia-de-esta-mujer-no-pudo-asistir-a-la-ceremonia-y-se-le-ocurre-una-idea-para-festejarse\\\/\",\"url\":\"https:\\\/\\\/fuentesfidedignas.com.mx\\\/index.php\\\/2024\\\/09\\\/12\\\/la-familia-de-esta-mujer-no-pudo-asistir-a-la-ceremonia-y-se-le-ocurre-una-idea-para-festejarse\\\/\",\"name\":\"La familia de esta mujer no pudo asistir a la ceremonia y se le ocurre una idea para festejarse - Fuentes Fidedignas\",\"isPartOf\":{\"@id\":\"https:\\\/\\\/fuentesfidedignas.com.mx\\\/#website\"},\"primaryImageOfPage\":{\"@id\":\"https:\\\/\\\/fuentesfidedignas.com.mx\\\/index.php\\\/2024\\\/09\\\/12\\\/la-familia-de-esta-mujer-no-pudo-asistir-a-la-ceremonia-y-se-le-ocurre-una-idea-para-festejarse\\\/#primaryimage\"},\"image\":{\"@id\":\"https:\\\/\\\/fuentesfidedignas.com.mx\\\/index.php\\\/2024\\\/09\\\/12\\\/la-familia-de-esta-mujer-no-pudo-asistir-a-la-ceremonia-y-se-le-ocurre-una-idea-para-festejarse\\\/#primaryimage\"},\"thumbnailUrl\":\"https:\\\/\\\/fuentesfidedignas.com.mx\\\/wp-content\\\/uploads\\\/2024\\\/09\\\/felicitaciones-cartulina.jpg\",\"datePublished\":\"2024-09-12T10:57:00+00:00\",\"breadcrumb\":{\"@id\":\"https:\\\/\\\/fuentesfidedignas.com.mx\\\/index.php\\\/2024\\\/09\\\/12\\\/la-familia-de-esta-mujer-no-pudo-asistir-a-la-ceremonia-y-se-le-ocurre-una-idea-para-festejarse\\\/#breadcrumb\"},\"inLanguage\":\"es\",\"potentialAction\":[{\"@type\":\"ReadAction\",\"target\":[\"https:\\\/\\\/fuentesfidedignas.com.mx\\\/index.php\\\/2024\\\/09\\\/12\\\/la-familia-de-esta-mujer-no-pudo-asistir-a-la-ceremonia-y-se-le-ocurre-una-idea-para-festejarse\\\/\"]}]},{\"@type\":\"ImageObject\",\"inLanguage\":\"es\",\"@id\":\"https:\\\/\\\/fuentesfidedignas.com.mx\\\/index.php\\\/2024\\\/09\\\/12\\\/la-familia-de-esta-mujer-no-pudo-asistir-a-la-ceremonia-y-se-le-ocurre-una-idea-para-festejarse\\\/#primaryimage\",\"url\":\"https:\\\/\\\/fuentesfidedignas.com.mx\\\/wp-content\\\/uploads\\\/2024\\\/09\\\/felicitaciones-cartulina.jpg\",\"contentUrl\":\"https:\\\/\\\/fuentesfidedignas.com.mx\\\/wp-content\\\/uploads\\\/2024\\\/09\\\/felicitaciones-cartulina.jpg\",\"width\":650,\"height\":433},{\"@type\":\"BreadcrumbList\",\"@id\":\"https:\\\/\\\/fuentesfidedignas.com.mx\\\/index.php\\\/2024\\\/09\\\/12\\\/la-familia-de-esta-mujer-no-pudo-asistir-a-la-ceremonia-y-se-le-ocurre-una-idea-para-festejarse\\\/#breadcrumb\",\"itemListElement\":[{\"@type\":\"ListItem\",\"position\":1,\"name\":\"Inicio\",\"item\":\"https:\\\/\\\/fuentesfidedignas.com.mx\\\/\"},{\"@type\":\"ListItem\",\"position\":2,\"name\":\"La familia de esta mujer no pudo asistir a la ceremonia y se le ocurre una idea para festejarse\"}]},{\"@type\":\"WebSite\",\"@id\":\"https:\\\/\\\/fuentesfidedignas.com.mx\\\/#website\",\"url\":\"https:\\\/\\\/fuentesfidedignas.com.mx\\\/\",\"name\":\"Fuentes Fidedignas\",\"description\":\"Otro sitio realizado con WordPress\",\"publisher\":{\"@id\":\"https:\\\/\\\/fuentesfidedignas.com.mx\\\/#organization\"},\"potentialAction\":[{\"@type\":\"SearchAction\",\"target\":{\"@type\":\"EntryPoint\",\"urlTemplate\":\"https:\\\/\\\/fuentesfidedignas.com.mx\\\/?s={search_term_string}\"},\"query-input\":{\"@type\":\"PropertyValueSpecification\",\"valueRequired\":true,\"valueName\":\"search_term_string\"}}],\"inLanguage\":\"es\"},{\"@type\":\"Organization\",\"@id\":\"https:\\\/\\\/fuentesfidedignas.com.mx\\\/#organization\",\"name\":\"Fuentes Fidedignas\",\"url\":\"https:\\\/\\\/fuentesfidedignas.com.mx\\\/\",\"logo\":{\"@type\":\"ImageObject\",\"inLanguage\":\"es\",\"@id\":\"https:\\\/\\\/fuentesfidedignas.com.mx\\\/#\\\/schema\\\/logo\\\/image\\\/\",\"url\":\"https:\\\/\\\/fuentesfidedignas.com.mx\\\/wp-content\\\/uploads\\\/2021\\\/04\\\/logo-retina.png\",\"contentUrl\":\"https:\\\/\\\/fuentesfidedignas.com.mx\\\/wp-content\\\/uploads\\\/2021\\\/04\\\/logo-retina.png\",\"width\":280,\"height\":51,\"caption\":\"Fuentes Fidedignas\"},\"image\":{\"@id\":\"https:\\\/\\\/fuentesfidedignas.com.mx\\\/#\\\/schema\\\/logo\\\/image\\\/\"},\"sameAs\":[\"https:\\\/\\\/www.facebook.com\\\/Fuentes-Fidedignas-368234489921644\",\"https:\\\/\\\/x.com\\\/fidedignas\"]},{\"@type\":\"Person\",\"@id\":\"https:\\\/\\\/fuentesfidedignas.com.mx\\\/#\\\/schema\\\/person\\\/ff4db17f8fd9c584e0cfc2a0c436b8a1\",\"name\":\"El Imparcial\",\"image\":{\"@type\":\"ImageObject\",\"inLanguage\":\"es\",\"@id\":\"https:\\\/\\\/secure.gravatar.com\\\/avatar\\\/accd6807585a75316c237ee783498317be6f66ab34c47c940966f26a3f613161?s=96&d=mm&r=g\",\"url\":\"https:\\\/\\\/secure.gravatar.com\\\/avatar\\\/accd6807585a75316c237ee783498317be6f66ab34c47c940966f26a3f613161?s=96&d=mm&r=g\",\"contentUrl\":\"https:\\\/\\\/secure.gravatar.com\\\/avatar\\\/accd6807585a75316c237ee783498317be6f66ab34c47c940966f26a3f613161?s=96&d=mm&r=g\",\"caption\":\"El Imparcial\"},\"url\":\"https:\\\/\\\/fuentesfidedignas.com.mx\\\/index.php\\\/author\\\/imparcial\\\/\"}]}<\/script>\n<!-- \/ Yoast SEO plugin. -->","yoast_head_json":{"title":"La familia de esta mujer no pudo asistir a la ceremonia y se le ocurre una idea para festejarse - Fuentes Fidedignas","robots":{"index":"index","follow":"follow","max-snippet":"max-snippet:-1","max-image-preview":"max-image-preview:large","max-video-preview":"max-video-preview:-1"},"canonical":"https:\/\/fuentesfidedignas.com.mx\/index.php\/2024\/09\/12\/la-familia-de-esta-mujer-no-pudo-asistir-a-la-ceremonia-y-se-le-ocurre-una-idea-para-festejarse\/","og_locale":"es_MX","og_type":"article","og_title":"La familia de esta mujer no pudo asistir a la ceremonia y se le ocurre una idea para festejarse - Fuentes Fidedignas","og_description":"Para esto, en la cuenta de Sandy Ramirez (@sandyramirez8) comparti\u00f3 c\u00f3mo a su cu\u00f1ada se le ocurri\u00f3 festejarse; pues, su familia entera no pudo asistir a su titulaci\u00f3n. M\u00c9XICO.- Un conmovedor gesto se ha viralizado r\u00e1pidamente en TikTok, luego de que la cu\u00f1ada de esta mujer se le ocurriera una idea para celebrar su ceremonia [&hellip;]","og_url":"https:\/\/fuentesfidedignas.com.mx\/index.php\/2024\/09\/12\/la-familia-de-esta-mujer-no-pudo-asistir-a-la-ceremonia-y-se-le-ocurre-una-idea-para-festejarse\/","og_site_name":"Fuentes Fidedignas","article_publisher":"https:\/\/www.facebook.com\/Fuentes-Fidedignas-368234489921644","article_published_time":"2024-09-12T10:57:00+00:00","og_image":[{"width":650,"height":433,"url":"https:\/\/fuentesfidedignas.com.mx\/wp-content\/uploads\/2024\/09\/felicitaciones-cartulina.jpg","type":"image\/jpeg"}],"author":"El Imparcial","twitter_card":"summary_large_image","twitter_creator":"@fidedignas","twitter_site":"@fidedignas","twitter_misc":{"Escrito por":"El Imparcial","Tiempo de lectura":"2 minutos"},"schema":{"@context":"https:\/\/schema.org","@graph":[{"@type":"Article","@id":"https:\/\/fuentesfidedignas.com.mx\/index.php\/2024\/09\/12\/la-familia-de-esta-mujer-no-pudo-asistir-a-la-ceremonia-y-se-le-ocurre-una-idea-para-festejarse\/#article","isPartOf":{"@id":"https:\/\/fuentesfidedignas.com.mx\/index.php\/2024\/09\/12\/la-familia-de-esta-mujer-no-pudo-asistir-a-la-ceremonia-y-se-le-ocurre-una-idea-para-festejarse\/"},"author":{"name":"El Imparcial","@id":"https:\/\/fuentesfidedignas.com.mx\/#\/schema\/person\/ff4db17f8fd9c584e0cfc2a0c436b8a1"},"headline":"La familia de esta mujer no pudo asistir a la ceremonia y se le ocurre una idea para festejarse","datePublished":"2024-09-12T10:57:00+00:00","mainEntityOfPage":{"@id":"https:\/\/fuentesfidedignas.com.mx\/index.php\/2024\/09\/12\/la-familia-de-esta-mujer-no-pudo-asistir-a-la-ceremonia-y-se-le-ocurre-una-idea-para-festejarse\/"},"wordCount":227,"commentCount":0,"publisher":{"@id":"https:\/\/fuentesfidedignas.com.mx\/#organization"},"image":{"@id":"https:\/\/fuentesfidedignas.com.mx\/index.php\/2024\/09\/12\/la-familia-de-esta-mujer-no-pudo-asistir-a-la-ceremonia-y-se-le-ocurre-una-idea-para-festejarse\/#primaryimage"},"thumbnailUrl":"https:\/\/fuentesfidedignas.com.mx\/wp-content\/uploads\/2024\/09\/felicitaciones-cartulina.jpg","articleSection":["LAS ASOMBROSAS"],"inLanguage":"es","potentialAction":[{"@type":"CommentAction","name":"Comment","target":["https:\/\/fuentesfidedignas.com.mx\/index.php\/2024\/09\/12\/la-familia-de-esta-mujer-no-pudo-asistir-a-la-ceremonia-y-se-le-ocurre-una-idea-para-festejarse\/#respond"]}]},{"@type":"WebPage","@id":"https:\/\/fuentesfidedignas.com.mx\/index.php\/2024\/09\/12\/la-familia-de-esta-mujer-no-pudo-asistir-a-la-ceremonia-y-se-le-ocurre-una-idea-para-festejarse\/","url":"https:\/\/fuentesfidedignas.com.mx\/index.php\/2024\/09\/12\/la-familia-de-esta-mujer-no-pudo-asistir-a-la-ceremonia-y-se-le-ocurre-una-idea-para-festejarse\/","name":"La familia de esta mujer no pudo asistir a la ceremonia y se le ocurre una idea para festejarse - Fuentes Fidedignas","isPartOf":{"@id":"https:\/\/fuentesfidedignas.com.mx\/#website"},"primaryImageOfPage":{"@id":"https:\/\/fuentesfidedignas.com.mx\/index.php\/2024\/09\/12\/la-familia-de-esta-mujer-no-pudo-asistir-a-la-ceremonia-y-se-le-ocurre-una-idea-para-festejarse\/#primaryimage"},"image":{"@id":"https:\/\/fuentesfidedignas.com.mx\/index.php\/2024\/09\/12\/la-familia-de-esta-mujer-no-pudo-asistir-a-la-ceremonia-y-se-le-ocurre-una-idea-para-festejarse\/#primaryimage"},"thumbnailUrl":"https:\/\/fuentesfidedignas.com.mx\/wp-content\/uploads\/2024\/09\/felicitaciones-cartulina.jpg","datePublished":"2024-09-12T10:57:00+00:00","breadcrumb":{"@id":"https:\/\/fuentesfidedignas.com.mx\/index.php\/2024\/09\/12\/la-familia-de-esta-mujer-no-pudo-asistir-a-la-ceremonia-y-se-le-ocurre-una-idea-para-festejarse\/#breadcrumb"},"inLanguage":"es","potentialAction":[{"@type":"ReadAction","target":["https:\/\/fuentesfidedignas.com.mx\/index.php\/2024\/09\/12\/la-familia-de-esta-mujer-no-pudo-asistir-a-la-ceremonia-y-se-le-ocurre-una-idea-para-festejarse\/"]}]},{"@type":"ImageObject","inLanguage":"es","@id":"https:\/\/fuentesfidedignas.com.mx\/index.php\/2024\/09\/12\/la-familia-de-esta-mujer-no-pudo-asistir-a-la-ceremonia-y-se-le-ocurre-una-idea-para-festejarse\/#primaryimage","url":"https:\/\/fuentesfidedignas.com.mx\/wp-content\/uploads\/2024\/09\/felicitaciones-cartulina.jpg","contentUrl":"https:\/\/fuentesfidedignas.com.mx\/wp-content\/uploads\/2024\/09\/felicitaciones-cartulina.jpg","width":650,"height":433},{"@type":"BreadcrumbList","@id":"https:\/\/fuentesfidedignas.com.mx\/index.php\/2024\/09\/12\/la-familia-de-esta-mujer-no-pudo-asistir-a-la-ceremonia-y-se-le-ocurre-una-idea-para-festejarse\/#breadcrumb","itemListElement":[{"@type":"ListItem","position":1,"name":"Inicio","item":"https:\/\/fuentesfidedignas.com.mx\/"},{"@type":"ListItem","position":2,"name":"La familia de esta mujer no pudo asistir a la ceremonia y se le ocurre una idea para festejarse"}]},{"@type":"WebSite","@id":"https:\/\/fuentesfidedignas.com.mx\/#website","url":"https:\/\/fuentesfidedignas.com.mx\/","name":"Fuentes Fidedignas","description":"Otro sitio realizado con WordPress","publisher":{"@id":"https:\/\/fuentesfidedignas.com.mx\/#organization"},"potentialAction":[{"@type":"SearchAction","target":{"@type":"EntryPoint","urlTemplate":"https:\/\/fuentesfidedignas.com.mx\/?s={search_term_string}"},"query-input":{"@type":"PropertyValueSpecification","valueRequired":true,"valueName":"search_term_string"}}],"inLanguage":"es"},{"@type":"Organization","@id":"https:\/\/fuentesfidedignas.com.mx\/#organization","name":"Fuentes Fidedignas","url":"https:\/\/fuentesfidedignas.com.mx\/","logo":{"@type":"ImageObject","inLanguage":"es","@id":"https:\/\/fuentesfidedignas.com.mx\/#\/schema\/logo\/image\/","url":"https:\/\/fuentesfidedignas.com.mx\/wp-content\/uploads\/2021\/04\/logo-retina.png","contentUrl":"https:\/\/fuentesfidedignas.com.mx\/wp-content\/uploads\/2021\/04\/logo-retina.png","width":280,"height":51,"caption":"Fuentes Fidedignas"},"image":{"@id":"https:\/\/fuentesfidedignas.com.mx\/#\/schema\/logo\/image\/"},"sameAs":["https:\/\/www.facebook.com\/Fuentes-Fidedignas-368234489921644","https:\/\/x.com\/fidedignas"]},{"@type":"Person","@id":"https:\/\/fuentesfidedignas.com.mx\/#\/schema\/person\/ff4db17f8fd9c584e0cfc2a0c436b8a1","name":"El Imparcial","image":{"@type":"ImageObject","inLanguage":"es","@id":"https:\/\/secure.gravatar.com\/avatar\/accd6807585a75316c237ee783498317be6f66ab34c47c940966f26a3f613161?s=96&d=mm&r=g","url":"https:\/\/secure.gravatar.com\/avatar\/accd6807585a75316c237ee783498317be6f66ab34c47c940966f26a3f613161?s=96&d=mm&r=g","contentUrl":"https:\/\/secure.gravatar.com\/avatar\/accd6807585a75316c237ee783498317be6f66ab34c47c940966f26a3f613161?s=96&d=mm&r=g","caption":"El Imparcial"},"url":"https:\/\/fuentesfidedignas.com.mx\/index.php\/author\/imparcial\/"}]}},"_links":{"self":[{"href":"https:\/\/fuentesfidedignas.com.mx\/index.php\/wp-json\/wp\/v2\/posts\/90934","targetHints":{"allow":["GET"]}}],"collection":[{"href":"https:\/\/fuentesfidedignas.com.mx\/index.php\/wp-json\/wp\/v2\/posts"}],"about":[{"href":"https:\/\/fuentesfidedignas.com.mx\/index.php\/wp-json\/wp\/v2\/types\/post"}],"author":[{"embeddable":true,"href":"https:\/\/fuentesfidedignas.com.mx\/index.php\/wp-json\/wp\/v2\/users\/40"}],"replies":[{"embeddable":true,"href":"https:\/\/fuentesfidedignas.com.mx\/index.php\/wp-json\/wp\/v2\/comments?post=90934"}],"version-history":[{"count":1,"href":"https:\/\/fuentesfidedignas.com.mx\/index.php\/wp-json\/wp\/v2\/posts\/90934\/revisions"}],"predecessor-version":[{"id":90936,"href":"https:\/\/fuentesfidedignas.com.mx\/index.php\/wp-json\/wp\/v2\/posts\/90934\/revisions\/90936"}],"wp:featuredmedia":[{"embeddable":true,"href":"https:\/\/fuentesfidedignas.com.mx\/index.php\/wp-json\/wp\/v2\/media\/90935"}],"wp:attachment":[{"href":"https:\/\/fuentesfidedignas.com.mx\/index.php\/wp-json\/wp\/v2\/media?parent=90934"}],"wp:term":[{"taxonomy":"category","embeddable":true,"href":"https:\/\/fuentesfidedignas.com.mx\/index.php\/wp-json\/wp\/v2\/categories?post=90934"},{"taxonomy":"post_tag","embeddable":true,"href":"https:\/\/fuentesfidedignas.com.mx\/index.php\/wp-json\/wp\/v2\/tags?post=90934"}],"curies":[{"name":"wp","href":"https:\/\/api.w.org\/{rel}","templated":true}]}}