{"id":90845,"date":"2024-09-11T04:27:00","date_gmt":"2024-09-11T11:27:00","guid":{"rendered":"https:\/\/fuentesfidedignas.com.mx\/?p=90845"},"modified":"2024-09-10T18:33:42","modified_gmt":"2024-09-11T01:33:42","slug":"hombre-lava-su-auto-en-plena-avenida-principal-en-ciudad-de-mexico-tiene-que-ser-una-broma","status":"publish","type":"post","link":"https:\/\/fuentesfidedignas.com.mx\/index.php\/2024\/09\/11\/hombre-lava-su-auto-en-plena-avenida-principal-en-ciudad-de-mexico-tiene-que-ser-una-broma\/","title":{"rendered":"Hombre lava su auto en plena avenida principal en CDMX; &#8220;tiene que ser una broma&#8221;"},"content":{"rendered":"\n<p><strong><em>El video levant\u00f3 bastante pol\u00e9mica en las diferentes redes sociales generando pol\u00e9mica y una gran discusi\u00f3n.<\/em><\/strong><\/p>\n\n\n\n<p>En internet uno suele encontrarse con videos que muestran situaciones muy fuera de lo com\u00fan. Y es que lo m\u00e1s bizarro que te puedas imaginar lo puedes encontrar en la red. Ahora, si uno combina el internet con la Ciudad de M\u00e9xico el resultado puede ser a\u00fan m\u00e1s irreal.&nbsp;<\/p>\n\n\n\n<p>La historia que te vamos a presentar en esta nota es justamente uno de esos casos en los que seguramente te vas a sorprender lo poco emp\u00e1tico que result\u00f3 ser un habitante de la Ciudad de M\u00e9xico cuando decidi\u00f3 ponerse a lavar su carro en plena v\u00eda principal.\u00a0<\/p>\n\n\n\n<p><strong>Hombre lava su auto en avenida principal<\/strong><\/p>\n\n\n\n<p>Fue a trav\u00e9s de TikTok en donde la cuenta llamada Zhemiithe Montoya comparti\u00f3 un video en el que se apreciaba una avenida principal ubicada en la Ciudad de M\u00e9xico, pero lo que llam\u00f3 la atenci\u00f3n y desat\u00f3 la cr\u00edtica fue que un auto que decidi\u00f3 estacionarse como en su casa para recibir un lavado express.&nbsp;<\/p>\n\n\n\n<p>Este hombre decidi\u00f3 lavar su auto sin importarle que detuviera a los carros que iban pasando ni importando que comenzara a generar el tr\u00e1fico.&nbsp;<\/p>\n\n\n\n<p>Adem\u00e1s, y de acuerdo con lo que pudo ver la persona que grab\u00f3 el video, este auto no era el \u00fanico que iba a recibir este servicio ya que un cami\u00f3n tambi\u00e9n estaba formado, en pleno Eje Central.&nbsp;<\/p>\n\n\n\n<p>&#8220;Los autolavados cada vez los ponen en lugares m\u00e1s inesperados, pero bueno. Ah\u00ed est\u00e1 el mamal\u2026 para que lo laven tambi\u00e9n. En pleno Eje Central&#8221;, se escuch\u00f3 decir al hombre que grab\u00f3.<\/p>\n\n\n\n<p><strong>As\u00ed reaccion\u00f3 el internet<\/strong><br>Por supuesto, y como era de esperarse, el video empez\u00f3 a generar muchas reproducciones, y con ellas, bastantes comentarios de gente que mostraba su molestia ante el acto. Muchos de ellos dijeron que esta situaci\u00f3n solo se vive en M\u00e9xico debido a la cultura y \u00e9tica de cada uno de sus ciudadanos. Otros mencionaron que esto n era nuevo y que hab\u00eda varios lugares en donde estas pr\u00e1cticas son frecuentes.\u00a0\u00a0<\/p>\n\n\n\n<p>Mira aqu\u00ed el video:<\/p>\n\n\n\n<blockquote class=\"tiktok-embed\" cite=\"https:\/\/www.tiktok.com\/@zhemiithamontoya\/video\/7407511068576140550\" data-video-id=\"7407511068576140550\" style=\"max-width: 605px;min-width: 325px;\" > <section> <a target=\"_blank\" title=\"@zhemiithamontoya\" href=\"https:\/\/www.tiktok.com\/@zhemiithamontoya?refer=embed\" rel=\"noopener\">@zhemiithamontoya<\/a> Cada Dia me sorprenden m\u00e1s los autolavados  <a title=\"purocarrosexi\ud83d\ude9b\" target=\"_blank\" href=\"https:\/\/www.tiktok.com\/tag\/purocarrosexi%F0%9F%9A%9B?refer=embed\" rel=\"noopener\">#purocarrosexi\ud83d\ude9b<\/a> <a title=\"camioneschidoscdmx\" target=\"_blank\" href=\"https:\/\/www.tiktok.com\/tag\/camioneschidoscdmx?refer=embed\" rel=\"noopener\">#camioneschidoscdmx<\/a> <a title=\"elchisteescaergodo\u270c\ufe0f\ud83c\uddf2\ud83c\uddfd\" target=\"_blank\" href=\"https:\/\/www.tiktok.com\/tag\/elchisteescaergodo%E2%9C%8C%EF%B8%8F%F0%9F%87%B2%F0%9F%87%BD?refer=embed\" rel=\"noopener\">#elchisteescaergodo\u270c\ufe0f\ud83c\uddf2\ud83c\uddfd<\/a> <a title=\"busestuningvip\ud83d\udd31\" target=\"_blank\" href=\"https:\/\/www.tiktok.com\/tag\/busestuningvip%F0%9F%94%B1?refer=embed\" rel=\"noopener\">#busestuningvip\ud83d\udd31<\/a> <a target=\"_blank\" title=\"\u266c sonido original - Zhemiitha Montoya\" href=\"https:\/\/www.tiktok.com\/music\/sonido-original-7407511071069244165?refer=embed\" rel=\"noopener\">\u266c sonido original &#8211; Zhemiitha Montoya<\/a> <\/section> <\/blockquote> <script async src=\"https:\/\/www.tiktok.com\/embed.js\"><\/script>\n\n\n\n<p>&#8220;En una sociedad civilizada las sanciones son fuertes, aqu\u00ed nunca pasa nada&#8221;, &#8220;es un gran orgullo decir Mi M\u00e9xico m\u00e1gico&#8221;, &#8220;tiene que ser una broma&#8221;, &#8220;es lo que conocemos como valemadrismo mexicano, si nadie le dice nada no est\u00e1 mal, esa es su l\u00f3gica&#8221;, fueron algunas de las quejas de los internautas.\u00a0<\/p>\n\n\n\n<p>Muchas p\u00e1ginas de memes en redes como Facebook y X (antes Twitter) retomaron el video creando a\u00fan m\u00e1s conversaci\u00f3n y pol\u00e9mica.\u00a0<\/p>\n","protected":false},"excerpt":{"rendered":"<p>El video levant\u00f3 bastante pol\u00e9mica en las diferentes redes sociales generando pol\u00e9mica y una gran discusi\u00f3n. En internet uno suele encontrarse con videos que muestran situaciones muy fuera de lo com\u00fan. Y es que lo m\u00e1s bizarro que te puedas imaginar lo puedes encontrar en la red. Ahora, si uno combina el internet con la [&hellip;]<\/p>\n","protected":false},"author":9,"featured_media":90846,"comment_status":"open","ping_status":"open","sticky":false,"template":"","format":"standard","meta":{"tdm_status":"","tdm_grid_status":"","footnotes":""},"categories":[40],"tags":[],"class_list":{"0":"post-90845","1":"post","2":"type-post","3":"status-publish","4":"format-standard","5":"has-post-thumbnail","7":"category-las-asombrosas"},"yoast_head":"<!-- This site is optimized with the Yoast SEO plugin v27.5 - https:\/\/yoast.com\/product\/yoast-seo-wordpress\/ -->\n<title>Hombre lava su auto en plena avenida principal en CDMX; &quot;tiene que ser una broma&quot; - Fuentes Fidedignas<\/title>\n<meta name=\"robots\" content=\"index, follow, max-snippet:-1, max-image-preview:large, max-video-preview:-1\" \/>\n<link rel=\"canonical\" href=\"https:\/\/fuentesfidedignas.com.mx\/index.php\/2024\/09\/11\/hombre-lava-su-auto-en-plena-avenida-principal-en-ciudad-de-mexico-tiene-que-ser-una-broma\/\" \/>\n<meta property=\"og:locale\" content=\"es_MX\" \/>\n<meta property=\"og:type\" content=\"article\" \/>\n<meta property=\"og:title\" content=\"Hombre lava su auto en plena avenida principal en CDMX; &quot;tiene que ser una broma&quot; - Fuentes Fidedignas\" \/>\n<meta property=\"og:description\" content=\"El video levant\u00f3 bastante pol\u00e9mica en las diferentes redes sociales generando pol\u00e9mica y una gran discusi\u00f3n. En internet uno suele encontrarse con videos que muestran situaciones muy fuera de lo com\u00fan. Y es que lo m\u00e1s bizarro que te puedas imaginar lo puedes encontrar en la red. Ahora, si uno combina el internet con la [&hellip;]\" \/>\n<meta property=\"og:url\" content=\"https:\/\/fuentesfidedignas.com.mx\/index.php\/2024\/09\/11\/hombre-lava-su-auto-en-plena-avenida-principal-en-ciudad-de-mexico-tiene-que-ser-una-broma\/\" \/>\n<meta property=\"og:site_name\" content=\"Fuentes Fidedignas\" \/>\n<meta property=\"article:publisher\" content=\"https:\/\/www.facebook.com\/Fuentes-Fidedignas-368234489921644\" \/>\n<meta property=\"article:published_time\" content=\"2024-09-11T11:27:00+00:00\" \/>\n<meta property=\"og:image\" content=\"https:\/\/fuentesfidedignas.com.mx\/wp-content\/uploads\/2024\/09\/lavado-carro-calle.jpg\" \/>\n\t<meta property=\"og:image:width\" content=\"650\" \/>\n\t<meta property=\"og:image:height\" content=\"411\" \/>\n\t<meta property=\"og:image:type\" content=\"image\/jpeg\" \/>\n<meta name=\"author\" content=\"Milenio\" \/>\n<meta name=\"twitter:card\" content=\"summary_large_image\" \/>\n<meta name=\"twitter:creator\" content=\"@fidedignas\" \/>\n<meta name=\"twitter:site\" content=\"@fidedignas\" \/>\n<meta name=\"twitter:label1\" content=\"Escrito por\" \/>\n\t<meta name=\"twitter:data1\" content=\"Milenio\" \/>\n\t<meta name=\"twitter:label2\" content=\"Tiempo de lectura\" \/>\n\t<meta name=\"twitter:data2\" content=\"3 minutos\" \/>\n<script type=\"application\/ld+json\" class=\"yoast-schema-graph\">{\"@context\":\"https:\\\/\\\/schema.org\",\"@graph\":[{\"@type\":\"Article\",\"@id\":\"https:\\\/\\\/fuentesfidedignas.com.mx\\\/index.php\\\/2024\\\/09\\\/11\\\/hombre-lava-su-auto-en-plena-avenida-principal-en-ciudad-de-mexico-tiene-que-ser-una-broma\\\/#article\",\"isPartOf\":{\"@id\":\"https:\\\/\\\/fuentesfidedignas.com.mx\\\/index.php\\\/2024\\\/09\\\/11\\\/hombre-lava-su-auto-en-plena-avenida-principal-en-ciudad-de-mexico-tiene-que-ser-una-broma\\\/\"},\"author\":{\"name\":\"Milenio\",\"@id\":\"https:\\\/\\\/fuentesfidedignas.com.mx\\\/#\\\/schema\\\/person\\\/47ec0135738f4b0c7495f06a77a2c976\"},\"headline\":\"Hombre lava su auto en plena avenida principal en CDMX; &#8220;tiene que ser una broma&#8221;\",\"datePublished\":\"2024-09-11T11:27:00+00:00\",\"mainEntityOfPage\":{\"@id\":\"https:\\\/\\\/fuentesfidedignas.com.mx\\\/index.php\\\/2024\\\/09\\\/11\\\/hombre-lava-su-auto-en-plena-avenida-principal-en-ciudad-de-mexico-tiene-que-ser-una-broma\\\/\"},\"wordCount\":490,\"commentCount\":0,\"publisher\":{\"@id\":\"https:\\\/\\\/fuentesfidedignas.com.mx\\\/#organization\"},\"image\":{\"@id\":\"https:\\\/\\\/fuentesfidedignas.com.mx\\\/index.php\\\/2024\\\/09\\\/11\\\/hombre-lava-su-auto-en-plena-avenida-principal-en-ciudad-de-mexico-tiene-que-ser-una-broma\\\/#primaryimage\"},\"thumbnailUrl\":\"https:\\\/\\\/fuentesfidedignas.com.mx\\\/wp-content\\\/uploads\\\/2024\\\/09\\\/lavado-carro-calle.jpg\",\"articleSection\":[\"LAS ASOMBROSAS\"],\"inLanguage\":\"es\",\"potentialAction\":[{\"@type\":\"CommentAction\",\"name\":\"Comment\",\"target\":[\"https:\\\/\\\/fuentesfidedignas.com.mx\\\/index.php\\\/2024\\\/09\\\/11\\\/hombre-lava-su-auto-en-plena-avenida-principal-en-ciudad-de-mexico-tiene-que-ser-una-broma\\\/#respond\"]}]},{\"@type\":\"WebPage\",\"@id\":\"https:\\\/\\\/fuentesfidedignas.com.mx\\\/index.php\\\/2024\\\/09\\\/11\\\/hombre-lava-su-auto-en-plena-avenida-principal-en-ciudad-de-mexico-tiene-que-ser-una-broma\\\/\",\"url\":\"https:\\\/\\\/fuentesfidedignas.com.mx\\\/index.php\\\/2024\\\/09\\\/11\\\/hombre-lava-su-auto-en-plena-avenida-principal-en-ciudad-de-mexico-tiene-que-ser-una-broma\\\/\",\"name\":\"Hombre lava su auto en plena avenida principal en CDMX; \\\"tiene que ser una broma\\\" - Fuentes Fidedignas\",\"isPartOf\":{\"@id\":\"https:\\\/\\\/fuentesfidedignas.com.mx\\\/#website\"},\"primaryImageOfPage\":{\"@id\":\"https:\\\/\\\/fuentesfidedignas.com.mx\\\/index.php\\\/2024\\\/09\\\/11\\\/hombre-lava-su-auto-en-plena-avenida-principal-en-ciudad-de-mexico-tiene-que-ser-una-broma\\\/#primaryimage\"},\"image\":{\"@id\":\"https:\\\/\\\/fuentesfidedignas.com.mx\\\/index.php\\\/2024\\\/09\\\/11\\\/hombre-lava-su-auto-en-plena-avenida-principal-en-ciudad-de-mexico-tiene-que-ser-una-broma\\\/#primaryimage\"},\"thumbnailUrl\":\"https:\\\/\\\/fuentesfidedignas.com.mx\\\/wp-content\\\/uploads\\\/2024\\\/09\\\/lavado-carro-calle.jpg\",\"datePublished\":\"2024-09-11T11:27:00+00:00\",\"breadcrumb\":{\"@id\":\"https:\\\/\\\/fuentesfidedignas.com.mx\\\/index.php\\\/2024\\\/09\\\/11\\\/hombre-lava-su-auto-en-plena-avenida-principal-en-ciudad-de-mexico-tiene-que-ser-una-broma\\\/#breadcrumb\"},\"inLanguage\":\"es\",\"potentialAction\":[{\"@type\":\"ReadAction\",\"target\":[\"https:\\\/\\\/fuentesfidedignas.com.mx\\\/index.php\\\/2024\\\/09\\\/11\\\/hombre-lava-su-auto-en-plena-avenida-principal-en-ciudad-de-mexico-tiene-que-ser-una-broma\\\/\"]}]},{\"@type\":\"ImageObject\",\"inLanguage\":\"es\",\"@id\":\"https:\\\/\\\/fuentesfidedignas.com.mx\\\/index.php\\\/2024\\\/09\\\/11\\\/hombre-lava-su-auto-en-plena-avenida-principal-en-ciudad-de-mexico-tiene-que-ser-una-broma\\\/#primaryimage\",\"url\":\"https:\\\/\\\/fuentesfidedignas.com.mx\\\/wp-content\\\/uploads\\\/2024\\\/09\\\/lavado-carro-calle.jpg\",\"contentUrl\":\"https:\\\/\\\/fuentesfidedignas.com.mx\\\/wp-content\\\/uploads\\\/2024\\\/09\\\/lavado-carro-calle.jpg\",\"width\":650,\"height\":411},{\"@type\":\"BreadcrumbList\",\"@id\":\"https:\\\/\\\/fuentesfidedignas.com.mx\\\/index.php\\\/2024\\\/09\\\/11\\\/hombre-lava-su-auto-en-plena-avenida-principal-en-ciudad-de-mexico-tiene-que-ser-una-broma\\\/#breadcrumb\",\"itemListElement\":[{\"@type\":\"ListItem\",\"position\":1,\"name\":\"Inicio\",\"item\":\"https:\\\/\\\/fuentesfidedignas.com.mx\\\/\"},{\"@type\":\"ListItem\",\"position\":2,\"name\":\"Hombre lava su auto en plena avenida principal en CDMX; &#8220;tiene que ser una broma&#8221;\"}]},{\"@type\":\"WebSite\",\"@id\":\"https:\\\/\\\/fuentesfidedignas.com.mx\\\/#website\",\"url\":\"https:\\\/\\\/fuentesfidedignas.com.mx\\\/\",\"name\":\"Fuentes Fidedignas\",\"description\":\"Otro sitio realizado con WordPress\",\"publisher\":{\"@id\":\"https:\\\/\\\/fuentesfidedignas.com.mx\\\/#organization\"},\"potentialAction\":[{\"@type\":\"SearchAction\",\"target\":{\"@type\":\"EntryPoint\",\"urlTemplate\":\"https:\\\/\\\/fuentesfidedignas.com.mx\\\/?s={search_term_string}\"},\"query-input\":{\"@type\":\"PropertyValueSpecification\",\"valueRequired\":true,\"valueName\":\"search_term_string\"}}],\"inLanguage\":\"es\"},{\"@type\":\"Organization\",\"@id\":\"https:\\\/\\\/fuentesfidedignas.com.mx\\\/#organization\",\"name\":\"Fuentes Fidedignas\",\"url\":\"https:\\\/\\\/fuentesfidedignas.com.mx\\\/\",\"logo\":{\"@type\":\"ImageObject\",\"inLanguage\":\"es\",\"@id\":\"https:\\\/\\\/fuentesfidedignas.com.mx\\\/#\\\/schema\\\/logo\\\/image\\\/\",\"url\":\"https:\\\/\\\/fuentesfidedignas.com.mx\\\/wp-content\\\/uploads\\\/2021\\\/04\\\/logo-retina.png\",\"contentUrl\":\"https:\\\/\\\/fuentesfidedignas.com.mx\\\/wp-content\\\/uploads\\\/2021\\\/04\\\/logo-retina.png\",\"width\":280,\"height\":51,\"caption\":\"Fuentes Fidedignas\"},\"image\":{\"@id\":\"https:\\\/\\\/fuentesfidedignas.com.mx\\\/#\\\/schema\\\/logo\\\/image\\\/\"},\"sameAs\":[\"https:\\\/\\\/www.facebook.com\\\/Fuentes-Fidedignas-368234489921644\",\"https:\\\/\\\/x.com\\\/fidedignas\"]},{\"@type\":\"Person\",\"@id\":\"https:\\\/\\\/fuentesfidedignas.com.mx\\\/#\\\/schema\\\/person\\\/47ec0135738f4b0c7495f06a77a2c976\",\"name\":\"Milenio\",\"image\":{\"@type\":\"ImageObject\",\"inLanguage\":\"es\",\"@id\":\"https:\\\/\\\/secure.gravatar.com\\\/avatar\\\/acabf7b54753e51c2c76457954577c236b3b764789b19879565769739d1e4a75?s=96&d=mm&r=g\",\"url\":\"https:\\\/\\\/secure.gravatar.com\\\/avatar\\\/acabf7b54753e51c2c76457954577c236b3b764789b19879565769739d1e4a75?s=96&d=mm&r=g\",\"contentUrl\":\"https:\\\/\\\/secure.gravatar.com\\\/avatar\\\/acabf7b54753e51c2c76457954577c236b3b764789b19879565769739d1e4a75?s=96&d=mm&r=g\",\"caption\":\"Milenio\"},\"url\":\"https:\\\/\\\/fuentesfidedignas.com.mx\\\/index.php\\\/author\\\/milenio\\\/\"}]}<\/script>\n<!-- \/ Yoast SEO plugin. -->","yoast_head_json":{"title":"Hombre lava su auto en plena avenida principal en CDMX; \"tiene que ser una broma\" - Fuentes Fidedignas","robots":{"index":"index","follow":"follow","max-snippet":"max-snippet:-1","max-image-preview":"max-image-preview:large","max-video-preview":"max-video-preview:-1"},"canonical":"https:\/\/fuentesfidedignas.com.mx\/index.php\/2024\/09\/11\/hombre-lava-su-auto-en-plena-avenida-principal-en-ciudad-de-mexico-tiene-que-ser-una-broma\/","og_locale":"es_MX","og_type":"article","og_title":"Hombre lava su auto en plena avenida principal en CDMX; \"tiene que ser una broma\" - Fuentes Fidedignas","og_description":"El video levant\u00f3 bastante pol\u00e9mica en las diferentes redes sociales generando pol\u00e9mica y una gran discusi\u00f3n. En internet uno suele encontrarse con videos que muestran situaciones muy fuera de lo com\u00fan. Y es que lo m\u00e1s bizarro que te puedas imaginar lo puedes encontrar en la red. Ahora, si uno combina el internet con la [&hellip;]","og_url":"https:\/\/fuentesfidedignas.com.mx\/index.php\/2024\/09\/11\/hombre-lava-su-auto-en-plena-avenida-principal-en-ciudad-de-mexico-tiene-que-ser-una-broma\/","og_site_name":"Fuentes Fidedignas","article_publisher":"https:\/\/www.facebook.com\/Fuentes-Fidedignas-368234489921644","article_published_time":"2024-09-11T11:27:00+00:00","og_image":[{"width":650,"height":411,"url":"https:\/\/fuentesfidedignas.com.mx\/wp-content\/uploads\/2024\/09\/lavado-carro-calle.jpg","type":"image\/jpeg"}],"author":"Milenio","twitter_card":"summary_large_image","twitter_creator":"@fidedignas","twitter_site":"@fidedignas","twitter_misc":{"Escrito por":"Milenio","Tiempo de lectura":"3 minutos"},"schema":{"@context":"https:\/\/schema.org","@graph":[{"@type":"Article","@id":"https:\/\/fuentesfidedignas.com.mx\/index.php\/2024\/09\/11\/hombre-lava-su-auto-en-plena-avenida-principal-en-ciudad-de-mexico-tiene-que-ser-una-broma\/#article","isPartOf":{"@id":"https:\/\/fuentesfidedignas.com.mx\/index.php\/2024\/09\/11\/hombre-lava-su-auto-en-plena-avenida-principal-en-ciudad-de-mexico-tiene-que-ser-una-broma\/"},"author":{"name":"Milenio","@id":"https:\/\/fuentesfidedignas.com.mx\/#\/schema\/person\/47ec0135738f4b0c7495f06a77a2c976"},"headline":"Hombre lava su auto en plena avenida principal en CDMX; &#8220;tiene que ser una broma&#8221;","datePublished":"2024-09-11T11:27:00+00:00","mainEntityOfPage":{"@id":"https:\/\/fuentesfidedignas.com.mx\/index.php\/2024\/09\/11\/hombre-lava-su-auto-en-plena-avenida-principal-en-ciudad-de-mexico-tiene-que-ser-una-broma\/"},"wordCount":490,"commentCount":0,"publisher":{"@id":"https:\/\/fuentesfidedignas.com.mx\/#organization"},"image":{"@id":"https:\/\/fuentesfidedignas.com.mx\/index.php\/2024\/09\/11\/hombre-lava-su-auto-en-plena-avenida-principal-en-ciudad-de-mexico-tiene-que-ser-una-broma\/#primaryimage"},"thumbnailUrl":"https:\/\/fuentesfidedignas.com.mx\/wp-content\/uploads\/2024\/09\/lavado-carro-calle.jpg","articleSection":["LAS ASOMBROSAS"],"inLanguage":"es","potentialAction":[{"@type":"CommentAction","name":"Comment","target":["https:\/\/fuentesfidedignas.com.mx\/index.php\/2024\/09\/11\/hombre-lava-su-auto-en-plena-avenida-principal-en-ciudad-de-mexico-tiene-que-ser-una-broma\/#respond"]}]},{"@type":"WebPage","@id":"https:\/\/fuentesfidedignas.com.mx\/index.php\/2024\/09\/11\/hombre-lava-su-auto-en-plena-avenida-principal-en-ciudad-de-mexico-tiene-que-ser-una-broma\/","url":"https:\/\/fuentesfidedignas.com.mx\/index.php\/2024\/09\/11\/hombre-lava-su-auto-en-plena-avenida-principal-en-ciudad-de-mexico-tiene-que-ser-una-broma\/","name":"Hombre lava su auto en plena avenida principal en CDMX; \"tiene que ser una broma\" - Fuentes Fidedignas","isPartOf":{"@id":"https:\/\/fuentesfidedignas.com.mx\/#website"},"primaryImageOfPage":{"@id":"https:\/\/fuentesfidedignas.com.mx\/index.php\/2024\/09\/11\/hombre-lava-su-auto-en-plena-avenida-principal-en-ciudad-de-mexico-tiene-que-ser-una-broma\/#primaryimage"},"image":{"@id":"https:\/\/fuentesfidedignas.com.mx\/index.php\/2024\/09\/11\/hombre-lava-su-auto-en-plena-avenida-principal-en-ciudad-de-mexico-tiene-que-ser-una-broma\/#primaryimage"},"thumbnailUrl":"https:\/\/fuentesfidedignas.com.mx\/wp-content\/uploads\/2024\/09\/lavado-carro-calle.jpg","datePublished":"2024-09-11T11:27:00+00:00","breadcrumb":{"@id":"https:\/\/fuentesfidedignas.com.mx\/index.php\/2024\/09\/11\/hombre-lava-su-auto-en-plena-avenida-principal-en-ciudad-de-mexico-tiene-que-ser-una-broma\/#breadcrumb"},"inLanguage":"es","potentialAction":[{"@type":"ReadAction","target":["https:\/\/fuentesfidedignas.com.mx\/index.php\/2024\/09\/11\/hombre-lava-su-auto-en-plena-avenida-principal-en-ciudad-de-mexico-tiene-que-ser-una-broma\/"]}]},{"@type":"ImageObject","inLanguage":"es","@id":"https:\/\/fuentesfidedignas.com.mx\/index.php\/2024\/09\/11\/hombre-lava-su-auto-en-plena-avenida-principal-en-ciudad-de-mexico-tiene-que-ser-una-broma\/#primaryimage","url":"https:\/\/fuentesfidedignas.com.mx\/wp-content\/uploads\/2024\/09\/lavado-carro-calle.jpg","contentUrl":"https:\/\/fuentesfidedignas.com.mx\/wp-content\/uploads\/2024\/09\/lavado-carro-calle.jpg","width":650,"height":411},{"@type":"BreadcrumbList","@id":"https:\/\/fuentesfidedignas.com.mx\/index.php\/2024\/09\/11\/hombre-lava-su-auto-en-plena-avenida-principal-en-ciudad-de-mexico-tiene-que-ser-una-broma\/#breadcrumb","itemListElement":[{"@type":"ListItem","position":1,"name":"Inicio","item":"https:\/\/fuentesfidedignas.com.mx\/"},{"@type":"ListItem","position":2,"name":"Hombre lava su auto en plena avenida principal en CDMX; &#8220;tiene que ser una broma&#8221;"}]},{"@type":"WebSite","@id":"https:\/\/fuentesfidedignas.com.mx\/#website","url":"https:\/\/fuentesfidedignas.com.mx\/","name":"Fuentes Fidedignas","description":"Otro sitio realizado con WordPress","publisher":{"@id":"https:\/\/fuentesfidedignas.com.mx\/#organization"},"potentialAction":[{"@type":"SearchAction","target":{"@type":"EntryPoint","urlTemplate":"https:\/\/fuentesfidedignas.com.mx\/?s={search_term_string}"},"query-input":{"@type":"PropertyValueSpecification","valueRequired":true,"valueName":"search_term_string"}}],"inLanguage":"es"},{"@type":"Organization","@id":"https:\/\/fuentesfidedignas.com.mx\/#organization","name":"Fuentes Fidedignas","url":"https:\/\/fuentesfidedignas.com.mx\/","logo":{"@type":"ImageObject","inLanguage":"es","@id":"https:\/\/fuentesfidedignas.com.mx\/#\/schema\/logo\/image\/","url":"https:\/\/fuentesfidedignas.com.mx\/wp-content\/uploads\/2021\/04\/logo-retina.png","contentUrl":"https:\/\/fuentesfidedignas.com.mx\/wp-content\/uploads\/2021\/04\/logo-retina.png","width":280,"height":51,"caption":"Fuentes Fidedignas"},"image":{"@id":"https:\/\/fuentesfidedignas.com.mx\/#\/schema\/logo\/image\/"},"sameAs":["https:\/\/www.facebook.com\/Fuentes-Fidedignas-368234489921644","https:\/\/x.com\/fidedignas"]},{"@type":"Person","@id":"https:\/\/fuentesfidedignas.com.mx\/#\/schema\/person\/47ec0135738f4b0c7495f06a77a2c976","name":"Milenio","image":{"@type":"ImageObject","inLanguage":"es","@id":"https:\/\/secure.gravatar.com\/avatar\/acabf7b54753e51c2c76457954577c236b3b764789b19879565769739d1e4a75?s=96&d=mm&r=g","url":"https:\/\/secure.gravatar.com\/avatar\/acabf7b54753e51c2c76457954577c236b3b764789b19879565769739d1e4a75?s=96&d=mm&r=g","contentUrl":"https:\/\/secure.gravatar.com\/avatar\/acabf7b54753e51c2c76457954577c236b3b764789b19879565769739d1e4a75?s=96&d=mm&r=g","caption":"Milenio"},"url":"https:\/\/fuentesfidedignas.com.mx\/index.php\/author\/milenio\/"}]}},"_links":{"self":[{"href":"https:\/\/fuentesfidedignas.com.mx\/index.php\/wp-json\/wp\/v2\/posts\/90845","targetHints":{"allow":["GET"]}}],"collection":[{"href":"https:\/\/fuentesfidedignas.com.mx\/index.php\/wp-json\/wp\/v2\/posts"}],"about":[{"href":"https:\/\/fuentesfidedignas.com.mx\/index.php\/wp-json\/wp\/v2\/types\/post"}],"author":[{"embeddable":true,"href":"https:\/\/fuentesfidedignas.com.mx\/index.php\/wp-json\/wp\/v2\/users\/9"}],"replies":[{"embeddable":true,"href":"https:\/\/fuentesfidedignas.com.mx\/index.php\/wp-json\/wp\/v2\/comments?post=90845"}],"version-history":[{"count":2,"href":"https:\/\/fuentesfidedignas.com.mx\/index.php\/wp-json\/wp\/v2\/posts\/90845\/revisions"}],"predecessor-version":[{"id":90848,"href":"https:\/\/fuentesfidedignas.com.mx\/index.php\/wp-json\/wp\/v2\/posts\/90845\/revisions\/90848"}],"wp:featuredmedia":[{"embeddable":true,"href":"https:\/\/fuentesfidedignas.com.mx\/index.php\/wp-json\/wp\/v2\/media\/90846"}],"wp:attachment":[{"href":"https:\/\/fuentesfidedignas.com.mx\/index.php\/wp-json\/wp\/v2\/media?parent=90845"}],"wp:term":[{"taxonomy":"category","embeddable":true,"href":"https:\/\/fuentesfidedignas.com.mx\/index.php\/wp-json\/wp\/v2\/categories?post=90845"},{"taxonomy":"post_tag","embeddable":true,"href":"https:\/\/fuentesfidedignas.com.mx\/index.php\/wp-json\/wp\/v2\/tags?post=90845"}],"curies":[{"name":"wp","href":"https:\/\/api.w.org\/{rel}","templated":true}]}}