{"id":90812,"date":"2024-09-10T11:02:00","date_gmt":"2024-09-10T18:02:00","guid":{"rendered":"https:\/\/fuentesfidedignas.com.mx\/?p=90812"},"modified":"2024-09-10T13:13:55","modified_gmt":"2024-09-10T20:13:55","slug":"comision-del-ine-invalida-reeleccion-de-alito-como-dirigente-del-pri","status":"publish","type":"post","link":"https:\/\/fuentesfidedignas.com.mx\/index.php\/2024\/09\/10\/comision-del-ine-invalida-reeleccion-de-alito-como-dirigente-del-pri\/","title":{"rendered":"Comisi\u00f3n del INE invalida reelecci\u00f3n de &#8220;Alito&#8221; como dirigente del PRI"},"content":{"rendered":"\n<p><strong><em>Una Comisi\u00f3n del Instituto Nacional Electoral consider\u00f3 que los cambios estatutarios que le dieron a Alejandro Moreno el aval para continuar como l\u00edder priista no tienen validez<\/em><\/strong>.<\/p>\n\n\n\n<p>Ciudad de M\u00e9xico.- La Comisi\u00f3n de Prerrogativas y Partidos Pol\u00edticos del Instituto Nacional Electoral (INE) resolvi\u00f3 que carecen de validez y constitucionalidad las reformas al estatuto del Partido Revolucionario Institucional (PRI) con las que se reeligi\u00f3 al dirigente Alejandro Moreno C\u00e1rdenas, alias &#8220;Alito&#8221;.<\/p>\n\n\n\n<p>De confirmarse la decisi\u00f3n por el Consejo General del organismo y ratificarse por sentencia judicial, el proceso de reelecci\u00f3n podr\u00eda quedar invalidado.<\/p>\n\n\n\n<p>Los consejeros devolvieron el proyecto, que ven\u00eda en sentido de validar los cambios estatutarios, para presentarlo con cambios al Consejo General del INE.<\/p>\n\n\n\n<p>Los consejeros Dania Ravel, Ucc Kib Espadas Carla Humphrey y Arturo Castillo votaron en contra del proyecto por considerar sin sustento legal los cambios estatutarios. Expusieron que el art\u00edculo 134 de la Ley General de Partidos Pol\u00edticos proh\u00edbe reformas a documentos b\u00e1sicos de los partidos en medio de procesos electorales.<\/p>\n\n\n\n<p>El proyecto de dictamen sobre la procedencia constitucional y legal de los cambios realizados por el PRI propon\u00eda exceptuar esa prohibici\u00f3n al tricolor por la existencia de dos precedentes judiciales.<\/p>\n\n\n\n<p>En el debate, los consejeros establecieron que no son aplicables esas sentencias pues en este caso no es inminente un proceso electoral y faltan cuatro meses para las elecciones locales en Veracruz y Durango.<\/p>\n\n\n\n<p>En julio pasado, el PRI aprob\u00f3 durante su Asamblea Nacional que Alejandro Moreno se pueda reelegir hasta 2032, pues modificaron los estatutos de este organismo pol\u00edtico, entre ellos el primer p\u00e1rrafo del 172, en el cual se establece que la dirigencia nacional y las estatales pueden ser electas hasta por tres periodos consecutivos, cada uno conformado por cuatros a\u00f1os.<\/p>\n\n\n\n<p>La votaci\u00f3n fue un\u00e1nime y a mano alzada; una vez aprobado, la mayor\u00eda de los priistas gritaron \u201cViva Alito, viva Alito\u201d, en apoyo al dirigente nacional; mientras, algunos pidieron \u201cno reelecci\u00f3n\u201d.<\/p>\n\n\n\n<p>En los a\u00f1os que &#8220;Alito&#8221; ha liderado al PRI, el partido pas\u00f3 de ser la tercera fuerza pol\u00edtica a ocupar la cuarta, pues de las elecciones de 2018 a las de 2024 el partido perdi\u00f3 casi 2 millones de votos.&nbsp;<\/p>\n\n\n\n<p><\/p>\n","protected":false},"excerpt":{"rendered":"<p>Una Comisi\u00f3n del Instituto Nacional Electoral consider\u00f3 que los cambios estatutarios que le dieron a Alejandro Moreno el aval para continuar como l\u00edder priista no tienen validez. Ciudad de M\u00e9xico.- La Comisi\u00f3n de Prerrogativas y Partidos Pol\u00edticos del Instituto Nacional Electoral (INE) resolvi\u00f3 que carecen de validez y constitucionalidad las reformas al estatuto del Partido [&hellip;]<\/p>\n","protected":false},"author":89,"featured_media":90811,"comment_status":"closed","ping_status":"open","sticky":false,"template":"","format":"standard","meta":{"tdm_status":"","tdm_grid_status":"","footnotes":""},"categories":[39],"tags":[],"class_list":{"0":"post-90812","1":"post","2":"type-post","3":"status-publish","4":"format-standard","5":"has-post-thumbnail","7":"category-noticias-nacionales"},"yoast_head":"<!-- This site is optimized with the Yoast SEO plugin v27.5 - https:\/\/yoast.com\/product\/yoast-seo-wordpress\/ -->\n<title>Comisi\u00f3n del INE invalida reelecci\u00f3n de &quot;Alito&quot; como dirigente del PRI - Fuentes Fidedignas<\/title>\n<meta name=\"robots\" content=\"index, follow, max-snippet:-1, max-image-preview:large, max-video-preview:-1\" \/>\n<link rel=\"canonical\" href=\"https:\/\/fuentesfidedignas.com.mx\/index.php\/2024\/09\/10\/comision-del-ine-invalida-reeleccion-de-alito-como-dirigente-del-pri\/\" \/>\n<meta property=\"og:locale\" content=\"es_MX\" \/>\n<meta property=\"og:type\" content=\"article\" \/>\n<meta property=\"og:title\" content=\"Comisi\u00f3n del INE invalida reelecci\u00f3n de &quot;Alito&quot; como dirigente del PRI - Fuentes Fidedignas\" \/>\n<meta property=\"og:description\" content=\"Una Comisi\u00f3n del Instituto Nacional Electoral consider\u00f3 que los cambios estatutarios que le dieron a Alejandro Moreno el aval para continuar como l\u00edder priista no tienen validez. Ciudad de M\u00e9xico.- La Comisi\u00f3n de Prerrogativas y Partidos Pol\u00edticos del Instituto Nacional Electoral (INE) resolvi\u00f3 que carecen de validez y constitucionalidad las reformas al estatuto del Partido [&hellip;]\" \/>\n<meta property=\"og:url\" content=\"https:\/\/fuentesfidedignas.com.mx\/index.php\/2024\/09\/10\/comision-del-ine-invalida-reeleccion-de-alito-como-dirigente-del-pri\/\" \/>\n<meta property=\"og:site_name\" content=\"Fuentes Fidedignas\" \/>\n<meta property=\"article:publisher\" content=\"https:\/\/www.facebook.com\/Fuentes-Fidedignas-368234489921644\" \/>\n<meta property=\"article:published_time\" content=\"2024-09-10T18:02:00+00:00\" \/>\n<meta property=\"article:modified_time\" content=\"2024-09-10T20:13:55+00:00\" \/>\n<meta property=\"og:image\" content=\"https:\/\/fuentesfidedignas.com.mx\/wp-content\/uploads\/2024\/09\/img_7560.jpg\" \/>\n\t<meta property=\"og:image:width\" content=\"600\" \/>\n\t<meta property=\"og:image:height\" content=\"338\" \/>\n\t<meta property=\"og:image:type\" content=\"image\/jpeg\" \/>\n<meta name=\"author\" content=\"Expansi\u00f3n \u00a0\" \/>\n<meta name=\"twitter:card\" content=\"summary_large_image\" \/>\n<meta name=\"twitter:creator\" content=\"@fidedignas\" \/>\n<meta name=\"twitter:site\" content=\"@fidedignas\" \/>\n<meta name=\"twitter:label1\" content=\"Escrito por\" \/>\n\t<meta name=\"twitter:data1\" content=\"Expansi\u00f3n \u00a0\" \/>\n\t<meta name=\"twitter:label2\" content=\"Tiempo de lectura\" \/>\n\t<meta name=\"twitter:data2\" content=\"2 minutos\" \/>\n<script type=\"application\/ld+json\" class=\"yoast-schema-graph\">{\"@context\":\"https:\\\/\\\/schema.org\",\"@graph\":[{\"@type\":\"Article\",\"@id\":\"https:\\\/\\\/fuentesfidedignas.com.mx\\\/index.php\\\/2024\\\/09\\\/10\\\/comision-del-ine-invalida-reeleccion-de-alito-como-dirigente-del-pri\\\/#article\",\"isPartOf\":{\"@id\":\"https:\\\/\\\/fuentesfidedignas.com.mx\\\/index.php\\\/2024\\\/09\\\/10\\\/comision-del-ine-invalida-reeleccion-de-alito-como-dirigente-del-pri\\\/\"},\"author\":{\"name\":\"Expansi\u00f3n \u00a0\",\"@id\":\"https:\\\/\\\/fuentesfidedignas.com.mx\\\/#\\\/schema\\\/person\\\/927b77c3bc41c5093b47873a3f0c99ae\"},\"headline\":\"Comisi\u00f3n del INE invalida reelecci\u00f3n de &#8220;Alito&#8221; como dirigente del PRI\",\"datePublished\":\"2024-09-10T18:02:00+00:00\",\"dateModified\":\"2024-09-10T20:13:55+00:00\",\"mainEntityOfPage\":{\"@id\":\"https:\\\/\\\/fuentesfidedignas.com.mx\\\/index.php\\\/2024\\\/09\\\/10\\\/comision-del-ine-invalida-reeleccion-de-alito-como-dirigente-del-pri\\\/\"},\"wordCount\":393,\"publisher\":{\"@id\":\"https:\\\/\\\/fuentesfidedignas.com.mx\\\/#organization\"},\"image\":{\"@id\":\"https:\\\/\\\/fuentesfidedignas.com.mx\\\/index.php\\\/2024\\\/09\\\/10\\\/comision-del-ine-invalida-reeleccion-de-alito-como-dirigente-del-pri\\\/#primaryimage\"},\"thumbnailUrl\":\"https:\\\/\\\/fuentesfidedignas.com.mx\\\/wp-content\\\/uploads\\\/2024\\\/09\\\/img_7560.jpg\",\"articleSection\":[\"NOTICIAS NACIONALES\"],\"inLanguage\":\"es\"},{\"@type\":\"WebPage\",\"@id\":\"https:\\\/\\\/fuentesfidedignas.com.mx\\\/index.php\\\/2024\\\/09\\\/10\\\/comision-del-ine-invalida-reeleccion-de-alito-como-dirigente-del-pri\\\/\",\"url\":\"https:\\\/\\\/fuentesfidedignas.com.mx\\\/index.php\\\/2024\\\/09\\\/10\\\/comision-del-ine-invalida-reeleccion-de-alito-como-dirigente-del-pri\\\/\",\"name\":\"Comisi\u00f3n del INE invalida reelecci\u00f3n de \\\"Alito\\\" como dirigente del PRI - Fuentes Fidedignas\",\"isPartOf\":{\"@id\":\"https:\\\/\\\/fuentesfidedignas.com.mx\\\/#website\"},\"primaryImageOfPage\":{\"@id\":\"https:\\\/\\\/fuentesfidedignas.com.mx\\\/index.php\\\/2024\\\/09\\\/10\\\/comision-del-ine-invalida-reeleccion-de-alito-como-dirigente-del-pri\\\/#primaryimage\"},\"image\":{\"@id\":\"https:\\\/\\\/fuentesfidedignas.com.mx\\\/index.php\\\/2024\\\/09\\\/10\\\/comision-del-ine-invalida-reeleccion-de-alito-como-dirigente-del-pri\\\/#primaryimage\"},\"thumbnailUrl\":\"https:\\\/\\\/fuentesfidedignas.com.mx\\\/wp-content\\\/uploads\\\/2024\\\/09\\\/img_7560.jpg\",\"datePublished\":\"2024-09-10T18:02:00+00:00\",\"dateModified\":\"2024-09-10T20:13:55+00:00\",\"breadcrumb\":{\"@id\":\"https:\\\/\\\/fuentesfidedignas.com.mx\\\/index.php\\\/2024\\\/09\\\/10\\\/comision-del-ine-invalida-reeleccion-de-alito-como-dirigente-del-pri\\\/#breadcrumb\"},\"inLanguage\":\"es\",\"potentialAction\":[{\"@type\":\"ReadAction\",\"target\":[\"https:\\\/\\\/fuentesfidedignas.com.mx\\\/index.php\\\/2024\\\/09\\\/10\\\/comision-del-ine-invalida-reeleccion-de-alito-como-dirigente-del-pri\\\/\"]}]},{\"@type\":\"ImageObject\",\"inLanguage\":\"es\",\"@id\":\"https:\\\/\\\/fuentesfidedignas.com.mx\\\/index.php\\\/2024\\\/09\\\/10\\\/comision-del-ine-invalida-reeleccion-de-alito-como-dirigente-del-pri\\\/#primaryimage\",\"url\":\"https:\\\/\\\/fuentesfidedignas.com.mx\\\/wp-content\\\/uploads\\\/2024\\\/09\\\/img_7560.jpg\",\"contentUrl\":\"https:\\\/\\\/fuentesfidedignas.com.mx\\\/wp-content\\\/uploads\\\/2024\\\/09\\\/img_7560.jpg\",\"width\":600,\"height\":338},{\"@type\":\"BreadcrumbList\",\"@id\":\"https:\\\/\\\/fuentesfidedignas.com.mx\\\/index.php\\\/2024\\\/09\\\/10\\\/comision-del-ine-invalida-reeleccion-de-alito-como-dirigente-del-pri\\\/#breadcrumb\",\"itemListElement\":[{\"@type\":\"ListItem\",\"position\":1,\"name\":\"Inicio\",\"item\":\"https:\\\/\\\/fuentesfidedignas.com.mx\\\/\"},{\"@type\":\"ListItem\",\"position\":2,\"name\":\"Comisi\u00f3n del INE invalida reelecci\u00f3n de &#8220;Alito&#8221; como dirigente del PRI\"}]},{\"@type\":\"WebSite\",\"@id\":\"https:\\\/\\\/fuentesfidedignas.com.mx\\\/#website\",\"url\":\"https:\\\/\\\/fuentesfidedignas.com.mx\\\/\",\"name\":\"Fuentes Fidedignas\",\"description\":\"Otro sitio realizado con WordPress\",\"publisher\":{\"@id\":\"https:\\\/\\\/fuentesfidedignas.com.mx\\\/#organization\"},\"potentialAction\":[{\"@type\":\"SearchAction\",\"target\":{\"@type\":\"EntryPoint\",\"urlTemplate\":\"https:\\\/\\\/fuentesfidedignas.com.mx\\\/?s={search_term_string}\"},\"query-input\":{\"@type\":\"PropertyValueSpecification\",\"valueRequired\":true,\"valueName\":\"search_term_string\"}}],\"inLanguage\":\"es\"},{\"@type\":\"Organization\",\"@id\":\"https:\\\/\\\/fuentesfidedignas.com.mx\\\/#organization\",\"name\":\"Fuentes Fidedignas\",\"url\":\"https:\\\/\\\/fuentesfidedignas.com.mx\\\/\",\"logo\":{\"@type\":\"ImageObject\",\"inLanguage\":\"es\",\"@id\":\"https:\\\/\\\/fuentesfidedignas.com.mx\\\/#\\\/schema\\\/logo\\\/image\\\/\",\"url\":\"https:\\\/\\\/fuentesfidedignas.com.mx\\\/wp-content\\\/uploads\\\/2021\\\/04\\\/logo-retina.png\",\"contentUrl\":\"https:\\\/\\\/fuentesfidedignas.com.mx\\\/wp-content\\\/uploads\\\/2021\\\/04\\\/logo-retina.png\",\"width\":280,\"height\":51,\"caption\":\"Fuentes Fidedignas\"},\"image\":{\"@id\":\"https:\\\/\\\/fuentesfidedignas.com.mx\\\/#\\\/schema\\\/logo\\\/image\\\/\"},\"sameAs\":[\"https:\\\/\\\/www.facebook.com\\\/Fuentes-Fidedignas-368234489921644\",\"https:\\\/\\\/x.com\\\/fidedignas\"]},{\"@type\":\"Person\",\"@id\":\"https:\\\/\\\/fuentesfidedignas.com.mx\\\/#\\\/schema\\\/person\\\/927b77c3bc41c5093b47873a3f0c99ae\",\"name\":\"Expansi\u00f3n \u00a0\",\"image\":{\"@type\":\"ImageObject\",\"inLanguage\":\"es\",\"@id\":\"https:\\\/\\\/secure.gravatar.com\\\/avatar\\\/e7c9dbe4c29cb2eb7c516f4e4492be1f7e1a6d27cc733b89158d7523a49b1266?s=96&d=mm&r=g\",\"url\":\"https:\\\/\\\/secure.gravatar.com\\\/avatar\\\/e7c9dbe4c29cb2eb7c516f4e4492be1f7e1a6d27cc733b89158d7523a49b1266?s=96&d=mm&r=g\",\"contentUrl\":\"https:\\\/\\\/secure.gravatar.com\\\/avatar\\\/e7c9dbe4c29cb2eb7c516f4e4492be1f7e1a6d27cc733b89158d7523a49b1266?s=96&d=mm&r=g\",\"caption\":\"Expansi\u00f3n \u00a0\"},\"url\":\"https:\\\/\\\/fuentesfidedignas.com.mx\\\/index.php\\\/author\\\/expansion\\\/\"}]}<\/script>\n<!-- \/ Yoast SEO plugin. -->","yoast_head_json":{"title":"Comisi\u00f3n del INE invalida reelecci\u00f3n de \"Alito\" como dirigente del PRI - Fuentes Fidedignas","robots":{"index":"index","follow":"follow","max-snippet":"max-snippet:-1","max-image-preview":"max-image-preview:large","max-video-preview":"max-video-preview:-1"},"canonical":"https:\/\/fuentesfidedignas.com.mx\/index.php\/2024\/09\/10\/comision-del-ine-invalida-reeleccion-de-alito-como-dirigente-del-pri\/","og_locale":"es_MX","og_type":"article","og_title":"Comisi\u00f3n del INE invalida reelecci\u00f3n de \"Alito\" como dirigente del PRI - Fuentes Fidedignas","og_description":"Una Comisi\u00f3n del Instituto Nacional Electoral consider\u00f3 que los cambios estatutarios que le dieron a Alejandro Moreno el aval para continuar como l\u00edder priista no tienen validez. Ciudad de M\u00e9xico.- La Comisi\u00f3n de Prerrogativas y Partidos Pol\u00edticos del Instituto Nacional Electoral (INE) resolvi\u00f3 que carecen de validez y constitucionalidad las reformas al estatuto del Partido [&hellip;]","og_url":"https:\/\/fuentesfidedignas.com.mx\/index.php\/2024\/09\/10\/comision-del-ine-invalida-reeleccion-de-alito-como-dirigente-del-pri\/","og_site_name":"Fuentes Fidedignas","article_publisher":"https:\/\/www.facebook.com\/Fuentes-Fidedignas-368234489921644","article_published_time":"2024-09-10T18:02:00+00:00","article_modified_time":"2024-09-10T20:13:55+00:00","og_image":[{"width":600,"height":338,"url":"https:\/\/fuentesfidedignas.com.mx\/wp-content\/uploads\/2024\/09\/img_7560.jpg","type":"image\/jpeg"}],"author":"Expansi\u00f3n \u00a0","twitter_card":"summary_large_image","twitter_creator":"@fidedignas","twitter_site":"@fidedignas","twitter_misc":{"Escrito por":"Expansi\u00f3n \u00a0","Tiempo de lectura":"2 minutos"},"schema":{"@context":"https:\/\/schema.org","@graph":[{"@type":"Article","@id":"https:\/\/fuentesfidedignas.com.mx\/index.php\/2024\/09\/10\/comision-del-ine-invalida-reeleccion-de-alito-como-dirigente-del-pri\/#article","isPartOf":{"@id":"https:\/\/fuentesfidedignas.com.mx\/index.php\/2024\/09\/10\/comision-del-ine-invalida-reeleccion-de-alito-como-dirigente-del-pri\/"},"author":{"name":"Expansi\u00f3n \u00a0","@id":"https:\/\/fuentesfidedignas.com.mx\/#\/schema\/person\/927b77c3bc41c5093b47873a3f0c99ae"},"headline":"Comisi\u00f3n del INE invalida reelecci\u00f3n de &#8220;Alito&#8221; como dirigente del PRI","datePublished":"2024-09-10T18:02:00+00:00","dateModified":"2024-09-10T20:13:55+00:00","mainEntityOfPage":{"@id":"https:\/\/fuentesfidedignas.com.mx\/index.php\/2024\/09\/10\/comision-del-ine-invalida-reeleccion-de-alito-como-dirigente-del-pri\/"},"wordCount":393,"publisher":{"@id":"https:\/\/fuentesfidedignas.com.mx\/#organization"},"image":{"@id":"https:\/\/fuentesfidedignas.com.mx\/index.php\/2024\/09\/10\/comision-del-ine-invalida-reeleccion-de-alito-como-dirigente-del-pri\/#primaryimage"},"thumbnailUrl":"https:\/\/fuentesfidedignas.com.mx\/wp-content\/uploads\/2024\/09\/img_7560.jpg","articleSection":["NOTICIAS NACIONALES"],"inLanguage":"es"},{"@type":"WebPage","@id":"https:\/\/fuentesfidedignas.com.mx\/index.php\/2024\/09\/10\/comision-del-ine-invalida-reeleccion-de-alito-como-dirigente-del-pri\/","url":"https:\/\/fuentesfidedignas.com.mx\/index.php\/2024\/09\/10\/comision-del-ine-invalida-reeleccion-de-alito-como-dirigente-del-pri\/","name":"Comisi\u00f3n del INE invalida reelecci\u00f3n de \"Alito\" como dirigente del PRI - Fuentes Fidedignas","isPartOf":{"@id":"https:\/\/fuentesfidedignas.com.mx\/#website"},"primaryImageOfPage":{"@id":"https:\/\/fuentesfidedignas.com.mx\/index.php\/2024\/09\/10\/comision-del-ine-invalida-reeleccion-de-alito-como-dirigente-del-pri\/#primaryimage"},"image":{"@id":"https:\/\/fuentesfidedignas.com.mx\/index.php\/2024\/09\/10\/comision-del-ine-invalida-reeleccion-de-alito-como-dirigente-del-pri\/#primaryimage"},"thumbnailUrl":"https:\/\/fuentesfidedignas.com.mx\/wp-content\/uploads\/2024\/09\/img_7560.jpg","datePublished":"2024-09-10T18:02:00+00:00","dateModified":"2024-09-10T20:13:55+00:00","breadcrumb":{"@id":"https:\/\/fuentesfidedignas.com.mx\/index.php\/2024\/09\/10\/comision-del-ine-invalida-reeleccion-de-alito-como-dirigente-del-pri\/#breadcrumb"},"inLanguage":"es","potentialAction":[{"@type":"ReadAction","target":["https:\/\/fuentesfidedignas.com.mx\/index.php\/2024\/09\/10\/comision-del-ine-invalida-reeleccion-de-alito-como-dirigente-del-pri\/"]}]},{"@type":"ImageObject","inLanguage":"es","@id":"https:\/\/fuentesfidedignas.com.mx\/index.php\/2024\/09\/10\/comision-del-ine-invalida-reeleccion-de-alito-como-dirigente-del-pri\/#primaryimage","url":"https:\/\/fuentesfidedignas.com.mx\/wp-content\/uploads\/2024\/09\/img_7560.jpg","contentUrl":"https:\/\/fuentesfidedignas.com.mx\/wp-content\/uploads\/2024\/09\/img_7560.jpg","width":600,"height":338},{"@type":"BreadcrumbList","@id":"https:\/\/fuentesfidedignas.com.mx\/index.php\/2024\/09\/10\/comision-del-ine-invalida-reeleccion-de-alito-como-dirigente-del-pri\/#breadcrumb","itemListElement":[{"@type":"ListItem","position":1,"name":"Inicio","item":"https:\/\/fuentesfidedignas.com.mx\/"},{"@type":"ListItem","position":2,"name":"Comisi\u00f3n del INE invalida reelecci\u00f3n de &#8220;Alito&#8221; como dirigente del PRI"}]},{"@type":"WebSite","@id":"https:\/\/fuentesfidedignas.com.mx\/#website","url":"https:\/\/fuentesfidedignas.com.mx\/","name":"Fuentes Fidedignas","description":"Otro sitio realizado con WordPress","publisher":{"@id":"https:\/\/fuentesfidedignas.com.mx\/#organization"},"potentialAction":[{"@type":"SearchAction","target":{"@type":"EntryPoint","urlTemplate":"https:\/\/fuentesfidedignas.com.mx\/?s={search_term_string}"},"query-input":{"@type":"PropertyValueSpecification","valueRequired":true,"valueName":"search_term_string"}}],"inLanguage":"es"},{"@type":"Organization","@id":"https:\/\/fuentesfidedignas.com.mx\/#organization","name":"Fuentes Fidedignas","url":"https:\/\/fuentesfidedignas.com.mx\/","logo":{"@type":"ImageObject","inLanguage":"es","@id":"https:\/\/fuentesfidedignas.com.mx\/#\/schema\/logo\/image\/","url":"https:\/\/fuentesfidedignas.com.mx\/wp-content\/uploads\/2021\/04\/logo-retina.png","contentUrl":"https:\/\/fuentesfidedignas.com.mx\/wp-content\/uploads\/2021\/04\/logo-retina.png","width":280,"height":51,"caption":"Fuentes Fidedignas"},"image":{"@id":"https:\/\/fuentesfidedignas.com.mx\/#\/schema\/logo\/image\/"},"sameAs":["https:\/\/www.facebook.com\/Fuentes-Fidedignas-368234489921644","https:\/\/x.com\/fidedignas"]},{"@type":"Person","@id":"https:\/\/fuentesfidedignas.com.mx\/#\/schema\/person\/927b77c3bc41c5093b47873a3f0c99ae","name":"Expansi\u00f3n \u00a0","image":{"@type":"ImageObject","inLanguage":"es","@id":"https:\/\/secure.gravatar.com\/avatar\/e7c9dbe4c29cb2eb7c516f4e4492be1f7e1a6d27cc733b89158d7523a49b1266?s=96&d=mm&r=g","url":"https:\/\/secure.gravatar.com\/avatar\/e7c9dbe4c29cb2eb7c516f4e4492be1f7e1a6d27cc733b89158d7523a49b1266?s=96&d=mm&r=g","contentUrl":"https:\/\/secure.gravatar.com\/avatar\/e7c9dbe4c29cb2eb7c516f4e4492be1f7e1a6d27cc733b89158d7523a49b1266?s=96&d=mm&r=g","caption":"Expansi\u00f3n \u00a0"},"url":"https:\/\/fuentesfidedignas.com.mx\/index.php\/author\/expansion\/"}]}},"_links":{"self":[{"href":"https:\/\/fuentesfidedignas.com.mx\/index.php\/wp-json\/wp\/v2\/posts\/90812","targetHints":{"allow":["GET"]}}],"collection":[{"href":"https:\/\/fuentesfidedignas.com.mx\/index.php\/wp-json\/wp\/v2\/posts"}],"about":[{"href":"https:\/\/fuentesfidedignas.com.mx\/index.php\/wp-json\/wp\/v2\/types\/post"}],"author":[{"embeddable":true,"href":"https:\/\/fuentesfidedignas.com.mx\/index.php\/wp-json\/wp\/v2\/users\/89"}],"replies":[{"embeddable":true,"href":"https:\/\/fuentesfidedignas.com.mx\/index.php\/wp-json\/wp\/v2\/comments?post=90812"}],"version-history":[{"count":1,"href":"https:\/\/fuentesfidedignas.com.mx\/index.php\/wp-json\/wp\/v2\/posts\/90812\/revisions"}],"predecessor-version":[{"id":90813,"href":"https:\/\/fuentesfidedignas.com.mx\/index.php\/wp-json\/wp\/v2\/posts\/90812\/revisions\/90813"}],"wp:featuredmedia":[{"embeddable":true,"href":"https:\/\/fuentesfidedignas.com.mx\/index.php\/wp-json\/wp\/v2\/media\/90811"}],"wp:attachment":[{"href":"https:\/\/fuentesfidedignas.com.mx\/index.php\/wp-json\/wp\/v2\/media?parent=90812"}],"wp:term":[{"taxonomy":"category","embeddable":true,"href":"https:\/\/fuentesfidedignas.com.mx\/index.php\/wp-json\/wp\/v2\/categories?post=90812"},{"taxonomy":"post_tag","embeddable":true,"href":"https:\/\/fuentesfidedignas.com.mx\/index.php\/wp-json\/wp\/v2\/tags?post=90812"}],"curies":[{"name":"wp","href":"https:\/\/api.w.org\/{rel}","templated":true}]}}