{"id":90763,"date":"2024-09-10T04:57:00","date_gmt":"2024-09-10T11:57:00","guid":{"rendered":"https:\/\/fuentesfidedignas.com.mx\/?p=90763"},"modified":"2024-09-09T17:00:59","modified_gmt":"2024-09-10T00:00:59","slug":"video-mujer-de-102-anos-celebra-su-cumpleanos-saltando-en-paracaidas","status":"publish","type":"post","link":"https:\/\/fuentesfidedignas.com.mx\/index.php\/2024\/09\/10\/video-mujer-de-102-anos-celebra-su-cumpleanos-saltando-en-paracaidas\/","title":{"rendered":"VIDEO | Mujer de 102 a\u00f1os celebra su cumplea\u00f1os saltando en paraca\u00eddas"},"content":{"rendered":"\n<p><strong><em>La mujer salt\u00f3 de un avi\u00f3n a m\u00e1s de 2 mil metros de altura; as\u00ed fue el momento.<\/em><\/strong><\/p>\n\n\n\n<p>Una brit\u00e1nica celebr\u00f3 este domingo su 102\u00ba cumplea\u00f1os saltando en paraca\u00eddas desde un avi\u00f3n a m\u00e1s de 2.000 metros de altura, y explic\u00f3 que, con ello, pretende motivar a otros ancianos a mantenerse activos.<\/p>\n\n\n\n<p>Manette Baillie, que estuvo casada con un paracaidista, admiti\u00f3 que el salto, en el este de Inglaterra, fue &#8220;un poco aterrador&#8221; y que tuvo que &#8220;cerrar los ojos muy fuertes&#8221;.<\/p>\n\n\n\n<p>A su llegada, tambi\u00e9n dijo a la BBC que estaba &#8220;sin aliento&#8221;.<\/p>\n\n\n\n<p>&#8220;Simplemente deseo que las personas que se acercan a los 80 o los 90 a\u00f1os no renuncien a nada. Hay que continuar&#8221;, sostuvo.<\/p>\n\n\n\n<p>&#8220;Tengo tanta suerte de estar en forma y con buena salud que debo hacer algo&#8221;, a\u00f1adi\u00f3.<br>Con este salto, recaud\u00f3 dinero para organizaciones ben\u00e9ficas, como las Ambulancias A\u00e9reas de la regi\u00f3n de East Anglia, en el este de Inglaterra.<\/p>\n\n\n\n<p>Tuvo la idea de saltar en paraca\u00eddas hace poco, cuando se enter\u00f3 de que el padre un amigo, de 85 a\u00f1os, lo hab\u00eda hecho.<\/p>\n\n\n\n<p>&#8220;Si un hombre de 85 a\u00f1os puede hacerlo, yo tambi\u00e9n&#8221;, dijo.<\/p>\n\n\n\n<p>No es la primera vez que Manette Baillie hace algo extraordinario por su cumplea\u00f1os: cuando pas\u00f3 la barrera de los 100, condujo un Ferrari en el circuito de Silverstone a 210 km\/h.<\/p>\n\n\n\n<figure class=\"wp-block-embed is-type-rich is-provider-twitter wp-block-embed-twitter\"><div class=\"wp-block-embed__wrapper\">\n<blockquote class=\"twitter-tweet\" data-width=\"550\" data-dnt=\"true\"><p lang=\"en\" dir=\"ltr\">\ud83e\ude82 102-year-old British woman Manette Baillie celebrated her birthday by skydiving over Suffolk, England <a href=\"https:\/\/t.co\/nkAaALqGSc\">pic.twitter.com\/nkAaALqGSc<\/a><\/p>&mdash; Reuters (@Reuters) <a href=\"https:\/\/twitter.com\/Reuters\/status\/1828107638128734640?ref_src=twsrc%5Etfw\">August 26, 2024<\/a><\/blockquote><script async src=\"https:\/\/platform.twitter.com\/widgets.js\" charset=\"utf-8\"><\/script>\n<\/div><\/figure>\n\n\n\n<p>Durante el emocionante descenso, la c\u00e1mara captur\u00f3 el impresionante paisaje desde las alturas, mientras Baillie luc\u00eda una gran sonrisa de satisfacci\u00f3n en su rostro.<\/p>\n\n\n\n<p>Su valent\u00eda y alegr\u00eda inspiraron a todos los presentes, demostrando que nunca es tarde para cumplir nuestros sue\u00f1os y desafiar nuestros l\u00edmites.<\/p>\n\n\n\n<p>Baillie, quien sirvi\u00f3 en el Servicio Naval Real Femenino durante la Segunda Guerra Mundial y estuvo casada con un paracaidista, es un verdadero ejemplo de determinaci\u00f3n y coraje.<\/p>\n","protected":false},"excerpt":{"rendered":"<p>La mujer salt\u00f3 de un avi\u00f3n a m\u00e1s de 2 mil metros de altura; as\u00ed fue el momento. Una brit\u00e1nica celebr\u00f3 este domingo su 102\u00ba cumplea\u00f1os saltando en paraca\u00eddas desde un avi\u00f3n a m\u00e1s de 2.000 metros de altura, y explic\u00f3 que, con ello, pretende motivar a otros ancianos a mantenerse activos. Manette Baillie, que [&hellip;]<\/p>\n","protected":false},"author":9,"featured_media":90764,"comment_status":"open","ping_status":"open","sticky":false,"template":"","format":"standard","meta":{"tdm_status":"","tdm_grid_status":"","footnotes":""},"categories":[40],"tags":[],"class_list":{"0":"post-90763","1":"post","2":"type-post","3":"status-publish","4":"format-standard","5":"has-post-thumbnail","7":"category-las-asombrosas"},"yoast_head":"<!-- This site is optimized with the Yoast SEO plugin v27.5 - https:\/\/yoast.com\/product\/yoast-seo-wordpress\/ -->\n<title>VIDEO | Mujer de 102 a\u00f1os celebra su cumplea\u00f1os saltando en paraca\u00eddas - Fuentes Fidedignas<\/title>\n<meta name=\"robots\" content=\"index, follow, max-snippet:-1, max-image-preview:large, max-video-preview:-1\" \/>\n<link rel=\"canonical\" href=\"https:\/\/fuentesfidedignas.com.mx\/index.php\/2024\/09\/10\/video-mujer-de-102-anos-celebra-su-cumpleanos-saltando-en-paracaidas\/\" \/>\n<meta property=\"og:locale\" content=\"es_MX\" \/>\n<meta property=\"og:type\" content=\"article\" \/>\n<meta property=\"og:title\" content=\"VIDEO | Mujer de 102 a\u00f1os celebra su cumplea\u00f1os saltando en paraca\u00eddas - Fuentes Fidedignas\" \/>\n<meta property=\"og:description\" content=\"La mujer salt\u00f3 de un avi\u00f3n a m\u00e1s de 2 mil metros de altura; as\u00ed fue el momento. Una brit\u00e1nica celebr\u00f3 este domingo su 102\u00ba cumplea\u00f1os saltando en paraca\u00eddas desde un avi\u00f3n a m\u00e1s de 2.000 metros de altura, y explic\u00f3 que, con ello, pretende motivar a otros ancianos a mantenerse activos. Manette Baillie, que [&hellip;]\" \/>\n<meta property=\"og:url\" content=\"https:\/\/fuentesfidedignas.com.mx\/index.php\/2024\/09\/10\/video-mujer-de-102-anos-celebra-su-cumpleanos-saltando-en-paracaidas\/\" \/>\n<meta property=\"og:site_name\" content=\"Fuentes Fidedignas\" \/>\n<meta property=\"article:publisher\" content=\"https:\/\/www.facebook.com\/Fuentes-Fidedignas-368234489921644\" \/>\n<meta property=\"article:published_time\" content=\"2024-09-10T11:57:00+00:00\" \/>\n<meta property=\"og:image\" content=\"https:\/\/fuentesfidedignas.com.mx\/wp-content\/uploads\/2024\/09\/abuelita-paracaidas.jpg\" \/>\n\t<meta property=\"og:image:width\" content=\"650\" \/>\n\t<meta property=\"og:image:height\" content=\"399\" \/>\n\t<meta property=\"og:image:type\" content=\"image\/jpeg\" \/>\n<meta name=\"author\" content=\"Milenio\" \/>\n<meta name=\"twitter:card\" content=\"summary_large_image\" \/>\n<meta name=\"twitter:creator\" content=\"@fidedignas\" \/>\n<meta name=\"twitter:site\" content=\"@fidedignas\" \/>\n<meta name=\"twitter:label1\" content=\"Escrito por\" \/>\n\t<meta name=\"twitter:data1\" content=\"Milenio\" \/>\n\t<meta name=\"twitter:label2\" content=\"Tiempo de lectura\" \/>\n\t<meta name=\"twitter:data2\" content=\"2 minutos\" \/>\n<script type=\"application\/ld+json\" class=\"yoast-schema-graph\">{\"@context\":\"https:\\\/\\\/schema.org\",\"@graph\":[{\"@type\":\"Article\",\"@id\":\"https:\\\/\\\/fuentesfidedignas.com.mx\\\/index.php\\\/2024\\\/09\\\/10\\\/video-mujer-de-102-anos-celebra-su-cumpleanos-saltando-en-paracaidas\\\/#article\",\"isPartOf\":{\"@id\":\"https:\\\/\\\/fuentesfidedignas.com.mx\\\/index.php\\\/2024\\\/09\\\/10\\\/video-mujer-de-102-anos-celebra-su-cumpleanos-saltando-en-paracaidas\\\/\"},\"author\":{\"name\":\"Milenio\",\"@id\":\"https:\\\/\\\/fuentesfidedignas.com.mx\\\/#\\\/schema\\\/person\\\/47ec0135738f4b0c7495f06a77a2c976\"},\"headline\":\"VIDEO | Mujer de 102 a\u00f1os celebra su cumplea\u00f1os saltando en paraca\u00eddas\",\"datePublished\":\"2024-09-10T11:57:00+00:00\",\"mainEntityOfPage\":{\"@id\":\"https:\\\/\\\/fuentesfidedignas.com.mx\\\/index.php\\\/2024\\\/09\\\/10\\\/video-mujer-de-102-anos-celebra-su-cumpleanos-saltando-en-paracaidas\\\/\"},\"wordCount\":334,\"commentCount\":0,\"publisher\":{\"@id\":\"https:\\\/\\\/fuentesfidedignas.com.mx\\\/#organization\"},\"image\":{\"@id\":\"https:\\\/\\\/fuentesfidedignas.com.mx\\\/index.php\\\/2024\\\/09\\\/10\\\/video-mujer-de-102-anos-celebra-su-cumpleanos-saltando-en-paracaidas\\\/#primaryimage\"},\"thumbnailUrl\":\"https:\\\/\\\/fuentesfidedignas.com.mx\\\/wp-content\\\/uploads\\\/2024\\\/09\\\/abuelita-paracaidas.jpg\",\"articleSection\":[\"LAS ASOMBROSAS\"],\"inLanguage\":\"es\",\"potentialAction\":[{\"@type\":\"CommentAction\",\"name\":\"Comment\",\"target\":[\"https:\\\/\\\/fuentesfidedignas.com.mx\\\/index.php\\\/2024\\\/09\\\/10\\\/video-mujer-de-102-anos-celebra-su-cumpleanos-saltando-en-paracaidas\\\/#respond\"]}]},{\"@type\":\"WebPage\",\"@id\":\"https:\\\/\\\/fuentesfidedignas.com.mx\\\/index.php\\\/2024\\\/09\\\/10\\\/video-mujer-de-102-anos-celebra-su-cumpleanos-saltando-en-paracaidas\\\/\",\"url\":\"https:\\\/\\\/fuentesfidedignas.com.mx\\\/index.php\\\/2024\\\/09\\\/10\\\/video-mujer-de-102-anos-celebra-su-cumpleanos-saltando-en-paracaidas\\\/\",\"name\":\"VIDEO | Mujer de 102 a\u00f1os celebra su cumplea\u00f1os saltando en paraca\u00eddas - Fuentes Fidedignas\",\"isPartOf\":{\"@id\":\"https:\\\/\\\/fuentesfidedignas.com.mx\\\/#website\"},\"primaryImageOfPage\":{\"@id\":\"https:\\\/\\\/fuentesfidedignas.com.mx\\\/index.php\\\/2024\\\/09\\\/10\\\/video-mujer-de-102-anos-celebra-su-cumpleanos-saltando-en-paracaidas\\\/#primaryimage\"},\"image\":{\"@id\":\"https:\\\/\\\/fuentesfidedignas.com.mx\\\/index.php\\\/2024\\\/09\\\/10\\\/video-mujer-de-102-anos-celebra-su-cumpleanos-saltando-en-paracaidas\\\/#primaryimage\"},\"thumbnailUrl\":\"https:\\\/\\\/fuentesfidedignas.com.mx\\\/wp-content\\\/uploads\\\/2024\\\/09\\\/abuelita-paracaidas.jpg\",\"datePublished\":\"2024-09-10T11:57:00+00:00\",\"breadcrumb\":{\"@id\":\"https:\\\/\\\/fuentesfidedignas.com.mx\\\/index.php\\\/2024\\\/09\\\/10\\\/video-mujer-de-102-anos-celebra-su-cumpleanos-saltando-en-paracaidas\\\/#breadcrumb\"},\"inLanguage\":\"es\",\"potentialAction\":[{\"@type\":\"ReadAction\",\"target\":[\"https:\\\/\\\/fuentesfidedignas.com.mx\\\/index.php\\\/2024\\\/09\\\/10\\\/video-mujer-de-102-anos-celebra-su-cumpleanos-saltando-en-paracaidas\\\/\"]}]},{\"@type\":\"ImageObject\",\"inLanguage\":\"es\",\"@id\":\"https:\\\/\\\/fuentesfidedignas.com.mx\\\/index.php\\\/2024\\\/09\\\/10\\\/video-mujer-de-102-anos-celebra-su-cumpleanos-saltando-en-paracaidas\\\/#primaryimage\",\"url\":\"https:\\\/\\\/fuentesfidedignas.com.mx\\\/wp-content\\\/uploads\\\/2024\\\/09\\\/abuelita-paracaidas.jpg\",\"contentUrl\":\"https:\\\/\\\/fuentesfidedignas.com.mx\\\/wp-content\\\/uploads\\\/2024\\\/09\\\/abuelita-paracaidas.jpg\",\"width\":650,\"height\":399},{\"@type\":\"BreadcrumbList\",\"@id\":\"https:\\\/\\\/fuentesfidedignas.com.mx\\\/index.php\\\/2024\\\/09\\\/10\\\/video-mujer-de-102-anos-celebra-su-cumpleanos-saltando-en-paracaidas\\\/#breadcrumb\",\"itemListElement\":[{\"@type\":\"ListItem\",\"position\":1,\"name\":\"Inicio\",\"item\":\"https:\\\/\\\/fuentesfidedignas.com.mx\\\/\"},{\"@type\":\"ListItem\",\"position\":2,\"name\":\"VIDEO | Mujer de 102 a\u00f1os celebra su cumplea\u00f1os saltando en paraca\u00eddas\"}]},{\"@type\":\"WebSite\",\"@id\":\"https:\\\/\\\/fuentesfidedignas.com.mx\\\/#website\",\"url\":\"https:\\\/\\\/fuentesfidedignas.com.mx\\\/\",\"name\":\"Fuentes Fidedignas\",\"description\":\"Otro sitio realizado con WordPress\",\"publisher\":{\"@id\":\"https:\\\/\\\/fuentesfidedignas.com.mx\\\/#organization\"},\"potentialAction\":[{\"@type\":\"SearchAction\",\"target\":{\"@type\":\"EntryPoint\",\"urlTemplate\":\"https:\\\/\\\/fuentesfidedignas.com.mx\\\/?s={search_term_string}\"},\"query-input\":{\"@type\":\"PropertyValueSpecification\",\"valueRequired\":true,\"valueName\":\"search_term_string\"}}],\"inLanguage\":\"es\"},{\"@type\":\"Organization\",\"@id\":\"https:\\\/\\\/fuentesfidedignas.com.mx\\\/#organization\",\"name\":\"Fuentes Fidedignas\",\"url\":\"https:\\\/\\\/fuentesfidedignas.com.mx\\\/\",\"logo\":{\"@type\":\"ImageObject\",\"inLanguage\":\"es\",\"@id\":\"https:\\\/\\\/fuentesfidedignas.com.mx\\\/#\\\/schema\\\/logo\\\/image\\\/\",\"url\":\"https:\\\/\\\/fuentesfidedignas.com.mx\\\/wp-content\\\/uploads\\\/2021\\\/04\\\/logo-retina.png\",\"contentUrl\":\"https:\\\/\\\/fuentesfidedignas.com.mx\\\/wp-content\\\/uploads\\\/2021\\\/04\\\/logo-retina.png\",\"width\":280,\"height\":51,\"caption\":\"Fuentes Fidedignas\"},\"image\":{\"@id\":\"https:\\\/\\\/fuentesfidedignas.com.mx\\\/#\\\/schema\\\/logo\\\/image\\\/\"},\"sameAs\":[\"https:\\\/\\\/www.facebook.com\\\/Fuentes-Fidedignas-368234489921644\",\"https:\\\/\\\/x.com\\\/fidedignas\"]},{\"@type\":\"Person\",\"@id\":\"https:\\\/\\\/fuentesfidedignas.com.mx\\\/#\\\/schema\\\/person\\\/47ec0135738f4b0c7495f06a77a2c976\",\"name\":\"Milenio\",\"image\":{\"@type\":\"ImageObject\",\"inLanguage\":\"es\",\"@id\":\"https:\\\/\\\/secure.gravatar.com\\\/avatar\\\/acabf7b54753e51c2c76457954577c236b3b764789b19879565769739d1e4a75?s=96&d=mm&r=g\",\"url\":\"https:\\\/\\\/secure.gravatar.com\\\/avatar\\\/acabf7b54753e51c2c76457954577c236b3b764789b19879565769739d1e4a75?s=96&d=mm&r=g\",\"contentUrl\":\"https:\\\/\\\/secure.gravatar.com\\\/avatar\\\/acabf7b54753e51c2c76457954577c236b3b764789b19879565769739d1e4a75?s=96&d=mm&r=g\",\"caption\":\"Milenio\"},\"url\":\"https:\\\/\\\/fuentesfidedignas.com.mx\\\/index.php\\\/author\\\/milenio\\\/\"}]}<\/script>\n<!-- \/ Yoast SEO plugin. -->","yoast_head_json":{"title":"VIDEO | Mujer de 102 a\u00f1os celebra su cumplea\u00f1os saltando en paraca\u00eddas - Fuentes Fidedignas","robots":{"index":"index","follow":"follow","max-snippet":"max-snippet:-1","max-image-preview":"max-image-preview:large","max-video-preview":"max-video-preview:-1"},"canonical":"https:\/\/fuentesfidedignas.com.mx\/index.php\/2024\/09\/10\/video-mujer-de-102-anos-celebra-su-cumpleanos-saltando-en-paracaidas\/","og_locale":"es_MX","og_type":"article","og_title":"VIDEO | Mujer de 102 a\u00f1os celebra su cumplea\u00f1os saltando en paraca\u00eddas - Fuentes Fidedignas","og_description":"La mujer salt\u00f3 de un avi\u00f3n a m\u00e1s de 2 mil metros de altura; as\u00ed fue el momento. Una brit\u00e1nica celebr\u00f3 este domingo su 102\u00ba cumplea\u00f1os saltando en paraca\u00eddas desde un avi\u00f3n a m\u00e1s de 2.000 metros de altura, y explic\u00f3 que, con ello, pretende motivar a otros ancianos a mantenerse activos. Manette Baillie, que [&hellip;]","og_url":"https:\/\/fuentesfidedignas.com.mx\/index.php\/2024\/09\/10\/video-mujer-de-102-anos-celebra-su-cumpleanos-saltando-en-paracaidas\/","og_site_name":"Fuentes Fidedignas","article_publisher":"https:\/\/www.facebook.com\/Fuentes-Fidedignas-368234489921644","article_published_time":"2024-09-10T11:57:00+00:00","og_image":[{"width":650,"height":399,"url":"https:\/\/fuentesfidedignas.com.mx\/wp-content\/uploads\/2024\/09\/abuelita-paracaidas.jpg","type":"image\/jpeg"}],"author":"Milenio","twitter_card":"summary_large_image","twitter_creator":"@fidedignas","twitter_site":"@fidedignas","twitter_misc":{"Escrito por":"Milenio","Tiempo de lectura":"2 minutos"},"schema":{"@context":"https:\/\/schema.org","@graph":[{"@type":"Article","@id":"https:\/\/fuentesfidedignas.com.mx\/index.php\/2024\/09\/10\/video-mujer-de-102-anos-celebra-su-cumpleanos-saltando-en-paracaidas\/#article","isPartOf":{"@id":"https:\/\/fuentesfidedignas.com.mx\/index.php\/2024\/09\/10\/video-mujer-de-102-anos-celebra-su-cumpleanos-saltando-en-paracaidas\/"},"author":{"name":"Milenio","@id":"https:\/\/fuentesfidedignas.com.mx\/#\/schema\/person\/47ec0135738f4b0c7495f06a77a2c976"},"headline":"VIDEO | Mujer de 102 a\u00f1os celebra su cumplea\u00f1os saltando en paraca\u00eddas","datePublished":"2024-09-10T11:57:00+00:00","mainEntityOfPage":{"@id":"https:\/\/fuentesfidedignas.com.mx\/index.php\/2024\/09\/10\/video-mujer-de-102-anos-celebra-su-cumpleanos-saltando-en-paracaidas\/"},"wordCount":334,"commentCount":0,"publisher":{"@id":"https:\/\/fuentesfidedignas.com.mx\/#organization"},"image":{"@id":"https:\/\/fuentesfidedignas.com.mx\/index.php\/2024\/09\/10\/video-mujer-de-102-anos-celebra-su-cumpleanos-saltando-en-paracaidas\/#primaryimage"},"thumbnailUrl":"https:\/\/fuentesfidedignas.com.mx\/wp-content\/uploads\/2024\/09\/abuelita-paracaidas.jpg","articleSection":["LAS ASOMBROSAS"],"inLanguage":"es","potentialAction":[{"@type":"CommentAction","name":"Comment","target":["https:\/\/fuentesfidedignas.com.mx\/index.php\/2024\/09\/10\/video-mujer-de-102-anos-celebra-su-cumpleanos-saltando-en-paracaidas\/#respond"]}]},{"@type":"WebPage","@id":"https:\/\/fuentesfidedignas.com.mx\/index.php\/2024\/09\/10\/video-mujer-de-102-anos-celebra-su-cumpleanos-saltando-en-paracaidas\/","url":"https:\/\/fuentesfidedignas.com.mx\/index.php\/2024\/09\/10\/video-mujer-de-102-anos-celebra-su-cumpleanos-saltando-en-paracaidas\/","name":"VIDEO | Mujer de 102 a\u00f1os celebra su cumplea\u00f1os saltando en paraca\u00eddas - Fuentes Fidedignas","isPartOf":{"@id":"https:\/\/fuentesfidedignas.com.mx\/#website"},"primaryImageOfPage":{"@id":"https:\/\/fuentesfidedignas.com.mx\/index.php\/2024\/09\/10\/video-mujer-de-102-anos-celebra-su-cumpleanos-saltando-en-paracaidas\/#primaryimage"},"image":{"@id":"https:\/\/fuentesfidedignas.com.mx\/index.php\/2024\/09\/10\/video-mujer-de-102-anos-celebra-su-cumpleanos-saltando-en-paracaidas\/#primaryimage"},"thumbnailUrl":"https:\/\/fuentesfidedignas.com.mx\/wp-content\/uploads\/2024\/09\/abuelita-paracaidas.jpg","datePublished":"2024-09-10T11:57:00+00:00","breadcrumb":{"@id":"https:\/\/fuentesfidedignas.com.mx\/index.php\/2024\/09\/10\/video-mujer-de-102-anos-celebra-su-cumpleanos-saltando-en-paracaidas\/#breadcrumb"},"inLanguage":"es","potentialAction":[{"@type":"ReadAction","target":["https:\/\/fuentesfidedignas.com.mx\/index.php\/2024\/09\/10\/video-mujer-de-102-anos-celebra-su-cumpleanos-saltando-en-paracaidas\/"]}]},{"@type":"ImageObject","inLanguage":"es","@id":"https:\/\/fuentesfidedignas.com.mx\/index.php\/2024\/09\/10\/video-mujer-de-102-anos-celebra-su-cumpleanos-saltando-en-paracaidas\/#primaryimage","url":"https:\/\/fuentesfidedignas.com.mx\/wp-content\/uploads\/2024\/09\/abuelita-paracaidas.jpg","contentUrl":"https:\/\/fuentesfidedignas.com.mx\/wp-content\/uploads\/2024\/09\/abuelita-paracaidas.jpg","width":650,"height":399},{"@type":"BreadcrumbList","@id":"https:\/\/fuentesfidedignas.com.mx\/index.php\/2024\/09\/10\/video-mujer-de-102-anos-celebra-su-cumpleanos-saltando-en-paracaidas\/#breadcrumb","itemListElement":[{"@type":"ListItem","position":1,"name":"Inicio","item":"https:\/\/fuentesfidedignas.com.mx\/"},{"@type":"ListItem","position":2,"name":"VIDEO | Mujer de 102 a\u00f1os celebra su cumplea\u00f1os saltando en paraca\u00eddas"}]},{"@type":"WebSite","@id":"https:\/\/fuentesfidedignas.com.mx\/#website","url":"https:\/\/fuentesfidedignas.com.mx\/","name":"Fuentes Fidedignas","description":"Otro sitio realizado con WordPress","publisher":{"@id":"https:\/\/fuentesfidedignas.com.mx\/#organization"},"potentialAction":[{"@type":"SearchAction","target":{"@type":"EntryPoint","urlTemplate":"https:\/\/fuentesfidedignas.com.mx\/?s={search_term_string}"},"query-input":{"@type":"PropertyValueSpecification","valueRequired":true,"valueName":"search_term_string"}}],"inLanguage":"es"},{"@type":"Organization","@id":"https:\/\/fuentesfidedignas.com.mx\/#organization","name":"Fuentes Fidedignas","url":"https:\/\/fuentesfidedignas.com.mx\/","logo":{"@type":"ImageObject","inLanguage":"es","@id":"https:\/\/fuentesfidedignas.com.mx\/#\/schema\/logo\/image\/","url":"https:\/\/fuentesfidedignas.com.mx\/wp-content\/uploads\/2021\/04\/logo-retina.png","contentUrl":"https:\/\/fuentesfidedignas.com.mx\/wp-content\/uploads\/2021\/04\/logo-retina.png","width":280,"height":51,"caption":"Fuentes Fidedignas"},"image":{"@id":"https:\/\/fuentesfidedignas.com.mx\/#\/schema\/logo\/image\/"},"sameAs":["https:\/\/www.facebook.com\/Fuentes-Fidedignas-368234489921644","https:\/\/x.com\/fidedignas"]},{"@type":"Person","@id":"https:\/\/fuentesfidedignas.com.mx\/#\/schema\/person\/47ec0135738f4b0c7495f06a77a2c976","name":"Milenio","image":{"@type":"ImageObject","inLanguage":"es","@id":"https:\/\/secure.gravatar.com\/avatar\/acabf7b54753e51c2c76457954577c236b3b764789b19879565769739d1e4a75?s=96&d=mm&r=g","url":"https:\/\/secure.gravatar.com\/avatar\/acabf7b54753e51c2c76457954577c236b3b764789b19879565769739d1e4a75?s=96&d=mm&r=g","contentUrl":"https:\/\/secure.gravatar.com\/avatar\/acabf7b54753e51c2c76457954577c236b3b764789b19879565769739d1e4a75?s=96&d=mm&r=g","caption":"Milenio"},"url":"https:\/\/fuentesfidedignas.com.mx\/index.php\/author\/milenio\/"}]}},"_links":{"self":[{"href":"https:\/\/fuentesfidedignas.com.mx\/index.php\/wp-json\/wp\/v2\/posts\/90763","targetHints":{"allow":["GET"]}}],"collection":[{"href":"https:\/\/fuentesfidedignas.com.mx\/index.php\/wp-json\/wp\/v2\/posts"}],"about":[{"href":"https:\/\/fuentesfidedignas.com.mx\/index.php\/wp-json\/wp\/v2\/types\/post"}],"author":[{"embeddable":true,"href":"https:\/\/fuentesfidedignas.com.mx\/index.php\/wp-json\/wp\/v2\/users\/9"}],"replies":[{"embeddable":true,"href":"https:\/\/fuentesfidedignas.com.mx\/index.php\/wp-json\/wp\/v2\/comments?post=90763"}],"version-history":[{"count":1,"href":"https:\/\/fuentesfidedignas.com.mx\/index.php\/wp-json\/wp\/v2\/posts\/90763\/revisions"}],"predecessor-version":[{"id":90765,"href":"https:\/\/fuentesfidedignas.com.mx\/index.php\/wp-json\/wp\/v2\/posts\/90763\/revisions\/90765"}],"wp:featuredmedia":[{"embeddable":true,"href":"https:\/\/fuentesfidedignas.com.mx\/index.php\/wp-json\/wp\/v2\/media\/90764"}],"wp:attachment":[{"href":"https:\/\/fuentesfidedignas.com.mx\/index.php\/wp-json\/wp\/v2\/media?parent=90763"}],"wp:term":[{"taxonomy":"category","embeddable":true,"href":"https:\/\/fuentesfidedignas.com.mx\/index.php\/wp-json\/wp\/v2\/categories?post=90763"},{"taxonomy":"post_tag","embeddable":true,"href":"https:\/\/fuentesfidedignas.com.mx\/index.php\/wp-json\/wp\/v2\/tags?post=90763"}],"curies":[{"name":"wp","href":"https:\/\/api.w.org\/{rel}","templated":true}]}}