{"id":90760,"date":"2024-09-09T17:13:00","date_gmt":"2024-09-10T00:13:00","guid":{"rendered":"https:\/\/fuentesfidedignas.com.mx\/?p=90760"},"modified":"2024-09-09T16:56:12","modified_gmt":"2024-09-09T23:56:12","slug":"muere-el-actor-james-earl-jones-iconica-voz-de-darth-vader-en-la-saga-de-star-wars","status":"publish","type":"post","link":"https:\/\/fuentesfidedignas.com.mx\/index.php\/2024\/09\/09\/muere-el-actor-james-earl-jones-iconica-voz-de-darth-vader-en-la-saga-de-star-wars\/","title":{"rendered":"Muere el actor James Earl Jones, ic\u00f3nica voz de Darth Vader en la saga de &#8216;Star Wars&#8217;"},"content":{"rendered":"\n<p><strong><em>La noticia de su muerte fue confirmada por sus representantes Independent Artist Group.<\/em><\/strong><\/p>\n\n\n\n<p>El legendario actor James Earl Jones, conocido mundialmente por prestar su voz a Darth Vader en la saga de &#8216;Star Wars&#8217;, ha fallecido a los 93 a\u00f1os, seg\u00fan inform\u00f3 &#8216;Deadline&#8217; y confirm\u00f3 su agencia de representantes, Independent Artist Group.&nbsp;<\/p>\n\n\n\n<p>La noticia ha conmocionado a millones de fan\u00e1ticos del cine y del teatro, quienes ven en Jones no solo una de las voces m\u00e1s emblem\u00e1ticas de la historia del cine, sino tambi\u00e9n una figura crucial del entretenimiento de las \u00faltimas d\u00e9cadas.<\/p>\n\n\n\n<p><strong>\u00bfQui\u00e9n es\u00a0James Earl Jones?<\/strong><br>Nacido el 17 de enero de 1931 en Arkabutla, Mississippi, James Earl Jones protagoniz\u00f3 una impresionante variedad de pel\u00edculas a lo largo de su carrera.<\/p>\n\n\n\n<p>Entre sus cr\u00e9ditos m\u00e1s notables se encuentran &#8216;Conan el B\u00e1rbaro&#8217; (1982), &#8216;Coming to America&#8217; (1988), &#8216;La caza del Octubre Rojo&#8217; (1990), &#8216;The Sandlot&#8217; (1990), &#8216;Patriot Game&#8217; (1992) y &#8216;Sneakers&#8217; (1992). Tambi\u00e9n hizo apariciones memorables en la famosa serie &#8216;Los Simpson&#8217; en tres ocasiones.<\/p>\n\n\n\n<p>Jones no solo fue conocido por ser la ic\u00f3nica voz del villano de Star Wars, sino tambi\u00e9n por formar parte de la franquicia de Disney, haciendo el doblaje de Mufasa en el cl\u00e1sico animado &#8216;El Rey Le\u00f3n&#8217; (1994).<\/p>\n\n\n\n<p>Jones fue nominado al Oscar como Mejor Actor Principal por su interpretaci\u00f3n en &#8216;The Great White Hope&#8217; (1971), papel que tambi\u00e9n le vali\u00f3 un premio Tony.&nbsp;<\/p>\n\n\n\n<p>En 2012, recibi\u00f3 un Oscar honor\u00edfico por su extraordinaria trayectoria en el cine. En televisi\u00f3n, fue nominado ocho veces al Emmy, obteniendo dos premios en 1991: Mejor Actor Principal en una Serie Dram\u00e1tica por &#8216;Gabriel&#8217;s Fire&#8217; y Mejor Actor de Reparto en una Miniserie o Especial por &#8216;Heat Wave&#8217;.<\/p>\n\n\n\n<p>Adem\u00e1s de su trabajo en cine y televisi\u00f3n, James Earl Jones tuvo una destacada carrera en el teatro, especialmente en Broadway.&nbsp;<\/p>\n\n\n\n<p>Fue nominado en cuatro ocasiones al premio Tony como Mejor Actor en una Obra, ganando en dos oportunidades: por &#8216;The Great White Hope&#8217; en 1969 y por &#8216;Fences&#8217; de August Wilson en 1987.&nbsp;<\/p>\n\n\n\n<p>En 2017, recibi\u00f3 un premio Tony especial en reconocimiento a su carrera. Su \u00faltima aparici\u00f3n en Broadway fue en &#8216;The Gin Game&#8217; ese mismo a\u00f1o.<\/p>\n\n\n\n<p><strong>Su legado en Star Wars<\/strong><br>James Earl Jones debut\u00f3 en el cine en una de las pel\u00edculas m\u00e1s ic\u00f3nicas de todos los tiempos, \u2018Dr. Strangelove\u2019 o: C\u00f3mo aprend\u00ed a dejar de preocuparme y amar la bomba\u2019 (1964), dirigida por Stanley Kubrick.<\/p>\n\n\n\n<p>A partir de ah\u00ed, particip\u00f3 en una serie de pel\u00edculas que lo consagraron como uno de los actores m\u00e1s importantes de su generaci\u00f3n.<\/p>\n\n\n\n<p>Sin embargo, es probable que sea m\u00e1s conocido por su papel de voz como Darth Vader en la trilog\u00eda original de &#8216;Star Wars&#8217;.<\/p>\n\n\n\n<p>Jones tambi\u00e9n repiti\u00f3 este papel ic\u00f3nico en otras entregas de la saga, incluyendo \u2018Star Wars: Episodio III &#8211; La venganza de los Sith\u2019 (2005), \u2018Rogue One: Una historia de Star Wars\u2019 (2016), \u2018Star Wars: Episodio IX &#8211; El ascenso de Skywalker\u2019 (2019), y en series como \u2018Obi-Wan Kenobi\u2019 y \u2018Star Wars: Rebels\u2019.<\/p>\n","protected":false},"excerpt":{"rendered":"<p>La noticia de su muerte fue confirmada por sus representantes Independent Artist Group. El legendario actor James Earl Jones, conocido mundialmente por prestar su voz a Darth Vader en la saga de &#8216;Star Wars&#8217;, ha fallecido a los 93 a\u00f1os, seg\u00fan inform\u00f3 &#8216;Deadline&#8217; y confirm\u00f3 su agencia de representantes, Independent Artist Group.&nbsp; La noticia ha [&hellip;]<\/p>\n","protected":false},"author":9,"featured_media":90761,"comment_status":"open","ping_status":"open","sticky":false,"template":"","format":"standard","meta":{"tdm_status":"","tdm_grid_status":"","footnotes":""},"categories":[39],"tags":[],"class_list":{"0":"post-90760","1":"post","2":"type-post","3":"status-publish","4":"format-standard","5":"has-post-thumbnail","7":"category-noticias-nacionales"},"yoast_head":"<!-- This site is optimized with the Yoast SEO plugin v27.5 - https:\/\/yoast.com\/product\/yoast-seo-wordpress\/ -->\n<title>Muere el actor James Earl Jones, ic\u00f3nica voz de Darth Vader en la saga de &#039;Star Wars&#039; - Fuentes Fidedignas<\/title>\n<meta name=\"robots\" content=\"index, follow, max-snippet:-1, max-image-preview:large, max-video-preview:-1\" \/>\n<link rel=\"canonical\" href=\"https:\/\/fuentesfidedignas.com.mx\/index.php\/2024\/09\/09\/muere-el-actor-james-earl-jones-iconica-voz-de-darth-vader-en-la-saga-de-star-wars\/\" \/>\n<meta property=\"og:locale\" content=\"es_MX\" \/>\n<meta property=\"og:type\" content=\"article\" \/>\n<meta property=\"og:title\" content=\"Muere el actor James Earl Jones, ic\u00f3nica voz de Darth Vader en la saga de &#039;Star Wars&#039; - Fuentes Fidedignas\" \/>\n<meta property=\"og:description\" content=\"La noticia de su muerte fue confirmada por sus representantes Independent Artist Group. El legendario actor James Earl Jones, conocido mundialmente por prestar su voz a Darth Vader en la saga de &#8216;Star Wars&#8217;, ha fallecido a los 93 a\u00f1os, seg\u00fan inform\u00f3 &#8216;Deadline&#8217; y confirm\u00f3 su agencia de representantes, Independent Artist Group.&nbsp; La noticia ha [&hellip;]\" \/>\n<meta property=\"og:url\" content=\"https:\/\/fuentesfidedignas.com.mx\/index.php\/2024\/09\/09\/muere-el-actor-james-earl-jones-iconica-voz-de-darth-vader-en-la-saga-de-star-wars\/\" \/>\n<meta property=\"og:site_name\" content=\"Fuentes Fidedignas\" \/>\n<meta property=\"article:publisher\" content=\"https:\/\/www.facebook.com\/Fuentes-Fidedignas-368234489921644\" \/>\n<meta property=\"article:published_time\" content=\"2024-09-10T00:13:00+00:00\" \/>\n<meta property=\"og:image\" content=\"https:\/\/fuentesfidedignas.com.mx\/wp-content\/uploads\/2024\/09\/James-Earl-Jones.jpg\" \/>\n\t<meta property=\"og:image:width\" content=\"650\" \/>\n\t<meta property=\"og:image:height\" content=\"397\" \/>\n\t<meta property=\"og:image:type\" content=\"image\/jpeg\" \/>\n<meta name=\"author\" content=\"Milenio\" \/>\n<meta name=\"twitter:card\" content=\"summary_large_image\" \/>\n<meta name=\"twitter:creator\" content=\"@fidedignas\" \/>\n<meta name=\"twitter:site\" content=\"@fidedignas\" \/>\n<meta name=\"twitter:label1\" content=\"Escrito por\" \/>\n\t<meta name=\"twitter:data1\" content=\"Milenio\" \/>\n\t<meta name=\"twitter:label2\" content=\"Tiempo de lectura\" \/>\n\t<meta name=\"twitter:data2\" content=\"3 minutos\" \/>\n<script type=\"application\/ld+json\" class=\"yoast-schema-graph\">{\"@context\":\"https:\\\/\\\/schema.org\",\"@graph\":[{\"@type\":\"Article\",\"@id\":\"https:\\\/\\\/fuentesfidedignas.com.mx\\\/index.php\\\/2024\\\/09\\\/09\\\/muere-el-actor-james-earl-jones-iconica-voz-de-darth-vader-en-la-saga-de-star-wars\\\/#article\",\"isPartOf\":{\"@id\":\"https:\\\/\\\/fuentesfidedignas.com.mx\\\/index.php\\\/2024\\\/09\\\/09\\\/muere-el-actor-james-earl-jones-iconica-voz-de-darth-vader-en-la-saga-de-star-wars\\\/\"},\"author\":{\"name\":\"Milenio\",\"@id\":\"https:\\\/\\\/fuentesfidedignas.com.mx\\\/#\\\/schema\\\/person\\\/47ec0135738f4b0c7495f06a77a2c976\"},\"headline\":\"Muere el actor James Earl Jones, ic\u00f3nica voz de Darth Vader en la saga de &#8216;Star Wars&#8217;\",\"datePublished\":\"2024-09-10T00:13:00+00:00\",\"mainEntityOfPage\":{\"@id\":\"https:\\\/\\\/fuentesfidedignas.com.mx\\\/index.php\\\/2024\\\/09\\\/09\\\/muere-el-actor-james-earl-jones-iconica-voz-de-darth-vader-en-la-saga-de-star-wars\\\/\"},\"wordCount\":537,\"commentCount\":0,\"publisher\":{\"@id\":\"https:\\\/\\\/fuentesfidedignas.com.mx\\\/#organization\"},\"image\":{\"@id\":\"https:\\\/\\\/fuentesfidedignas.com.mx\\\/index.php\\\/2024\\\/09\\\/09\\\/muere-el-actor-james-earl-jones-iconica-voz-de-darth-vader-en-la-saga-de-star-wars\\\/#primaryimage\"},\"thumbnailUrl\":\"https:\\\/\\\/fuentesfidedignas.com.mx\\\/wp-content\\\/uploads\\\/2024\\\/09\\\/James-Earl-Jones.jpg\",\"articleSection\":[\"NOTICIAS NACIONALES\"],\"inLanguage\":\"es\",\"potentialAction\":[{\"@type\":\"CommentAction\",\"name\":\"Comment\",\"target\":[\"https:\\\/\\\/fuentesfidedignas.com.mx\\\/index.php\\\/2024\\\/09\\\/09\\\/muere-el-actor-james-earl-jones-iconica-voz-de-darth-vader-en-la-saga-de-star-wars\\\/#respond\"]}]},{\"@type\":\"WebPage\",\"@id\":\"https:\\\/\\\/fuentesfidedignas.com.mx\\\/index.php\\\/2024\\\/09\\\/09\\\/muere-el-actor-james-earl-jones-iconica-voz-de-darth-vader-en-la-saga-de-star-wars\\\/\",\"url\":\"https:\\\/\\\/fuentesfidedignas.com.mx\\\/index.php\\\/2024\\\/09\\\/09\\\/muere-el-actor-james-earl-jones-iconica-voz-de-darth-vader-en-la-saga-de-star-wars\\\/\",\"name\":\"Muere el actor James Earl Jones, ic\u00f3nica voz de Darth Vader en la saga de 'Star Wars' - Fuentes Fidedignas\",\"isPartOf\":{\"@id\":\"https:\\\/\\\/fuentesfidedignas.com.mx\\\/#website\"},\"primaryImageOfPage\":{\"@id\":\"https:\\\/\\\/fuentesfidedignas.com.mx\\\/index.php\\\/2024\\\/09\\\/09\\\/muere-el-actor-james-earl-jones-iconica-voz-de-darth-vader-en-la-saga-de-star-wars\\\/#primaryimage\"},\"image\":{\"@id\":\"https:\\\/\\\/fuentesfidedignas.com.mx\\\/index.php\\\/2024\\\/09\\\/09\\\/muere-el-actor-james-earl-jones-iconica-voz-de-darth-vader-en-la-saga-de-star-wars\\\/#primaryimage\"},\"thumbnailUrl\":\"https:\\\/\\\/fuentesfidedignas.com.mx\\\/wp-content\\\/uploads\\\/2024\\\/09\\\/James-Earl-Jones.jpg\",\"datePublished\":\"2024-09-10T00:13:00+00:00\",\"breadcrumb\":{\"@id\":\"https:\\\/\\\/fuentesfidedignas.com.mx\\\/index.php\\\/2024\\\/09\\\/09\\\/muere-el-actor-james-earl-jones-iconica-voz-de-darth-vader-en-la-saga-de-star-wars\\\/#breadcrumb\"},\"inLanguage\":\"es\",\"potentialAction\":[{\"@type\":\"ReadAction\",\"target\":[\"https:\\\/\\\/fuentesfidedignas.com.mx\\\/index.php\\\/2024\\\/09\\\/09\\\/muere-el-actor-james-earl-jones-iconica-voz-de-darth-vader-en-la-saga-de-star-wars\\\/\"]}]},{\"@type\":\"ImageObject\",\"inLanguage\":\"es\",\"@id\":\"https:\\\/\\\/fuentesfidedignas.com.mx\\\/index.php\\\/2024\\\/09\\\/09\\\/muere-el-actor-james-earl-jones-iconica-voz-de-darth-vader-en-la-saga-de-star-wars\\\/#primaryimage\",\"url\":\"https:\\\/\\\/fuentesfidedignas.com.mx\\\/wp-content\\\/uploads\\\/2024\\\/09\\\/James-Earl-Jones.jpg\",\"contentUrl\":\"https:\\\/\\\/fuentesfidedignas.com.mx\\\/wp-content\\\/uploads\\\/2024\\\/09\\\/James-Earl-Jones.jpg\",\"width\":650,\"height\":397},{\"@type\":\"BreadcrumbList\",\"@id\":\"https:\\\/\\\/fuentesfidedignas.com.mx\\\/index.php\\\/2024\\\/09\\\/09\\\/muere-el-actor-james-earl-jones-iconica-voz-de-darth-vader-en-la-saga-de-star-wars\\\/#breadcrumb\",\"itemListElement\":[{\"@type\":\"ListItem\",\"position\":1,\"name\":\"Inicio\",\"item\":\"https:\\\/\\\/fuentesfidedignas.com.mx\\\/\"},{\"@type\":\"ListItem\",\"position\":2,\"name\":\"Muere el actor James Earl Jones, ic\u00f3nica voz de Darth Vader en la saga de &#8216;Star Wars&#8217;\"}]},{\"@type\":\"WebSite\",\"@id\":\"https:\\\/\\\/fuentesfidedignas.com.mx\\\/#website\",\"url\":\"https:\\\/\\\/fuentesfidedignas.com.mx\\\/\",\"name\":\"Fuentes Fidedignas\",\"description\":\"Otro sitio realizado con WordPress\",\"publisher\":{\"@id\":\"https:\\\/\\\/fuentesfidedignas.com.mx\\\/#organization\"},\"potentialAction\":[{\"@type\":\"SearchAction\",\"target\":{\"@type\":\"EntryPoint\",\"urlTemplate\":\"https:\\\/\\\/fuentesfidedignas.com.mx\\\/?s={search_term_string}\"},\"query-input\":{\"@type\":\"PropertyValueSpecification\",\"valueRequired\":true,\"valueName\":\"search_term_string\"}}],\"inLanguage\":\"es\"},{\"@type\":\"Organization\",\"@id\":\"https:\\\/\\\/fuentesfidedignas.com.mx\\\/#organization\",\"name\":\"Fuentes Fidedignas\",\"url\":\"https:\\\/\\\/fuentesfidedignas.com.mx\\\/\",\"logo\":{\"@type\":\"ImageObject\",\"inLanguage\":\"es\",\"@id\":\"https:\\\/\\\/fuentesfidedignas.com.mx\\\/#\\\/schema\\\/logo\\\/image\\\/\",\"url\":\"https:\\\/\\\/fuentesfidedignas.com.mx\\\/wp-content\\\/uploads\\\/2021\\\/04\\\/logo-retina.png\",\"contentUrl\":\"https:\\\/\\\/fuentesfidedignas.com.mx\\\/wp-content\\\/uploads\\\/2021\\\/04\\\/logo-retina.png\",\"width\":280,\"height\":51,\"caption\":\"Fuentes Fidedignas\"},\"image\":{\"@id\":\"https:\\\/\\\/fuentesfidedignas.com.mx\\\/#\\\/schema\\\/logo\\\/image\\\/\"},\"sameAs\":[\"https:\\\/\\\/www.facebook.com\\\/Fuentes-Fidedignas-368234489921644\",\"https:\\\/\\\/x.com\\\/fidedignas\"]},{\"@type\":\"Person\",\"@id\":\"https:\\\/\\\/fuentesfidedignas.com.mx\\\/#\\\/schema\\\/person\\\/47ec0135738f4b0c7495f06a77a2c976\",\"name\":\"Milenio\",\"image\":{\"@type\":\"ImageObject\",\"inLanguage\":\"es\",\"@id\":\"https:\\\/\\\/secure.gravatar.com\\\/avatar\\\/acabf7b54753e51c2c76457954577c236b3b764789b19879565769739d1e4a75?s=96&d=mm&r=g\",\"url\":\"https:\\\/\\\/secure.gravatar.com\\\/avatar\\\/acabf7b54753e51c2c76457954577c236b3b764789b19879565769739d1e4a75?s=96&d=mm&r=g\",\"contentUrl\":\"https:\\\/\\\/secure.gravatar.com\\\/avatar\\\/acabf7b54753e51c2c76457954577c236b3b764789b19879565769739d1e4a75?s=96&d=mm&r=g\",\"caption\":\"Milenio\"},\"url\":\"https:\\\/\\\/fuentesfidedignas.com.mx\\\/index.php\\\/author\\\/milenio\\\/\"}]}<\/script>\n<!-- \/ Yoast SEO plugin. -->","yoast_head_json":{"title":"Muere el actor James Earl Jones, ic\u00f3nica voz de Darth Vader en la saga de 'Star Wars' - Fuentes Fidedignas","robots":{"index":"index","follow":"follow","max-snippet":"max-snippet:-1","max-image-preview":"max-image-preview:large","max-video-preview":"max-video-preview:-1"},"canonical":"https:\/\/fuentesfidedignas.com.mx\/index.php\/2024\/09\/09\/muere-el-actor-james-earl-jones-iconica-voz-de-darth-vader-en-la-saga-de-star-wars\/","og_locale":"es_MX","og_type":"article","og_title":"Muere el actor James Earl Jones, ic\u00f3nica voz de Darth Vader en la saga de 'Star Wars' - Fuentes Fidedignas","og_description":"La noticia de su muerte fue confirmada por sus representantes Independent Artist Group. El legendario actor James Earl Jones, conocido mundialmente por prestar su voz a Darth Vader en la saga de &#8216;Star Wars&#8217;, ha fallecido a los 93 a\u00f1os, seg\u00fan inform\u00f3 &#8216;Deadline&#8217; y confirm\u00f3 su agencia de representantes, Independent Artist Group.&nbsp; La noticia ha [&hellip;]","og_url":"https:\/\/fuentesfidedignas.com.mx\/index.php\/2024\/09\/09\/muere-el-actor-james-earl-jones-iconica-voz-de-darth-vader-en-la-saga-de-star-wars\/","og_site_name":"Fuentes Fidedignas","article_publisher":"https:\/\/www.facebook.com\/Fuentes-Fidedignas-368234489921644","article_published_time":"2024-09-10T00:13:00+00:00","og_image":[{"width":650,"height":397,"url":"https:\/\/fuentesfidedignas.com.mx\/wp-content\/uploads\/2024\/09\/James-Earl-Jones.jpg","type":"image\/jpeg"}],"author":"Milenio","twitter_card":"summary_large_image","twitter_creator":"@fidedignas","twitter_site":"@fidedignas","twitter_misc":{"Escrito por":"Milenio","Tiempo de lectura":"3 minutos"},"schema":{"@context":"https:\/\/schema.org","@graph":[{"@type":"Article","@id":"https:\/\/fuentesfidedignas.com.mx\/index.php\/2024\/09\/09\/muere-el-actor-james-earl-jones-iconica-voz-de-darth-vader-en-la-saga-de-star-wars\/#article","isPartOf":{"@id":"https:\/\/fuentesfidedignas.com.mx\/index.php\/2024\/09\/09\/muere-el-actor-james-earl-jones-iconica-voz-de-darth-vader-en-la-saga-de-star-wars\/"},"author":{"name":"Milenio","@id":"https:\/\/fuentesfidedignas.com.mx\/#\/schema\/person\/47ec0135738f4b0c7495f06a77a2c976"},"headline":"Muere el actor James Earl Jones, ic\u00f3nica voz de Darth Vader en la saga de &#8216;Star Wars&#8217;","datePublished":"2024-09-10T00:13:00+00:00","mainEntityOfPage":{"@id":"https:\/\/fuentesfidedignas.com.mx\/index.php\/2024\/09\/09\/muere-el-actor-james-earl-jones-iconica-voz-de-darth-vader-en-la-saga-de-star-wars\/"},"wordCount":537,"commentCount":0,"publisher":{"@id":"https:\/\/fuentesfidedignas.com.mx\/#organization"},"image":{"@id":"https:\/\/fuentesfidedignas.com.mx\/index.php\/2024\/09\/09\/muere-el-actor-james-earl-jones-iconica-voz-de-darth-vader-en-la-saga-de-star-wars\/#primaryimage"},"thumbnailUrl":"https:\/\/fuentesfidedignas.com.mx\/wp-content\/uploads\/2024\/09\/James-Earl-Jones.jpg","articleSection":["NOTICIAS NACIONALES"],"inLanguage":"es","potentialAction":[{"@type":"CommentAction","name":"Comment","target":["https:\/\/fuentesfidedignas.com.mx\/index.php\/2024\/09\/09\/muere-el-actor-james-earl-jones-iconica-voz-de-darth-vader-en-la-saga-de-star-wars\/#respond"]}]},{"@type":"WebPage","@id":"https:\/\/fuentesfidedignas.com.mx\/index.php\/2024\/09\/09\/muere-el-actor-james-earl-jones-iconica-voz-de-darth-vader-en-la-saga-de-star-wars\/","url":"https:\/\/fuentesfidedignas.com.mx\/index.php\/2024\/09\/09\/muere-el-actor-james-earl-jones-iconica-voz-de-darth-vader-en-la-saga-de-star-wars\/","name":"Muere el actor James Earl Jones, ic\u00f3nica voz de Darth Vader en la saga de 'Star Wars' - Fuentes Fidedignas","isPartOf":{"@id":"https:\/\/fuentesfidedignas.com.mx\/#website"},"primaryImageOfPage":{"@id":"https:\/\/fuentesfidedignas.com.mx\/index.php\/2024\/09\/09\/muere-el-actor-james-earl-jones-iconica-voz-de-darth-vader-en-la-saga-de-star-wars\/#primaryimage"},"image":{"@id":"https:\/\/fuentesfidedignas.com.mx\/index.php\/2024\/09\/09\/muere-el-actor-james-earl-jones-iconica-voz-de-darth-vader-en-la-saga-de-star-wars\/#primaryimage"},"thumbnailUrl":"https:\/\/fuentesfidedignas.com.mx\/wp-content\/uploads\/2024\/09\/James-Earl-Jones.jpg","datePublished":"2024-09-10T00:13:00+00:00","breadcrumb":{"@id":"https:\/\/fuentesfidedignas.com.mx\/index.php\/2024\/09\/09\/muere-el-actor-james-earl-jones-iconica-voz-de-darth-vader-en-la-saga-de-star-wars\/#breadcrumb"},"inLanguage":"es","potentialAction":[{"@type":"ReadAction","target":["https:\/\/fuentesfidedignas.com.mx\/index.php\/2024\/09\/09\/muere-el-actor-james-earl-jones-iconica-voz-de-darth-vader-en-la-saga-de-star-wars\/"]}]},{"@type":"ImageObject","inLanguage":"es","@id":"https:\/\/fuentesfidedignas.com.mx\/index.php\/2024\/09\/09\/muere-el-actor-james-earl-jones-iconica-voz-de-darth-vader-en-la-saga-de-star-wars\/#primaryimage","url":"https:\/\/fuentesfidedignas.com.mx\/wp-content\/uploads\/2024\/09\/James-Earl-Jones.jpg","contentUrl":"https:\/\/fuentesfidedignas.com.mx\/wp-content\/uploads\/2024\/09\/James-Earl-Jones.jpg","width":650,"height":397},{"@type":"BreadcrumbList","@id":"https:\/\/fuentesfidedignas.com.mx\/index.php\/2024\/09\/09\/muere-el-actor-james-earl-jones-iconica-voz-de-darth-vader-en-la-saga-de-star-wars\/#breadcrumb","itemListElement":[{"@type":"ListItem","position":1,"name":"Inicio","item":"https:\/\/fuentesfidedignas.com.mx\/"},{"@type":"ListItem","position":2,"name":"Muere el actor James Earl Jones, ic\u00f3nica voz de Darth Vader en la saga de &#8216;Star Wars&#8217;"}]},{"@type":"WebSite","@id":"https:\/\/fuentesfidedignas.com.mx\/#website","url":"https:\/\/fuentesfidedignas.com.mx\/","name":"Fuentes Fidedignas","description":"Otro sitio realizado con WordPress","publisher":{"@id":"https:\/\/fuentesfidedignas.com.mx\/#organization"},"potentialAction":[{"@type":"SearchAction","target":{"@type":"EntryPoint","urlTemplate":"https:\/\/fuentesfidedignas.com.mx\/?s={search_term_string}"},"query-input":{"@type":"PropertyValueSpecification","valueRequired":true,"valueName":"search_term_string"}}],"inLanguage":"es"},{"@type":"Organization","@id":"https:\/\/fuentesfidedignas.com.mx\/#organization","name":"Fuentes Fidedignas","url":"https:\/\/fuentesfidedignas.com.mx\/","logo":{"@type":"ImageObject","inLanguage":"es","@id":"https:\/\/fuentesfidedignas.com.mx\/#\/schema\/logo\/image\/","url":"https:\/\/fuentesfidedignas.com.mx\/wp-content\/uploads\/2021\/04\/logo-retina.png","contentUrl":"https:\/\/fuentesfidedignas.com.mx\/wp-content\/uploads\/2021\/04\/logo-retina.png","width":280,"height":51,"caption":"Fuentes Fidedignas"},"image":{"@id":"https:\/\/fuentesfidedignas.com.mx\/#\/schema\/logo\/image\/"},"sameAs":["https:\/\/www.facebook.com\/Fuentes-Fidedignas-368234489921644","https:\/\/x.com\/fidedignas"]},{"@type":"Person","@id":"https:\/\/fuentesfidedignas.com.mx\/#\/schema\/person\/47ec0135738f4b0c7495f06a77a2c976","name":"Milenio","image":{"@type":"ImageObject","inLanguage":"es","@id":"https:\/\/secure.gravatar.com\/avatar\/acabf7b54753e51c2c76457954577c236b3b764789b19879565769739d1e4a75?s=96&d=mm&r=g","url":"https:\/\/secure.gravatar.com\/avatar\/acabf7b54753e51c2c76457954577c236b3b764789b19879565769739d1e4a75?s=96&d=mm&r=g","contentUrl":"https:\/\/secure.gravatar.com\/avatar\/acabf7b54753e51c2c76457954577c236b3b764789b19879565769739d1e4a75?s=96&d=mm&r=g","caption":"Milenio"},"url":"https:\/\/fuentesfidedignas.com.mx\/index.php\/author\/milenio\/"}]}},"_links":{"self":[{"href":"https:\/\/fuentesfidedignas.com.mx\/index.php\/wp-json\/wp\/v2\/posts\/90760","targetHints":{"allow":["GET"]}}],"collection":[{"href":"https:\/\/fuentesfidedignas.com.mx\/index.php\/wp-json\/wp\/v2\/posts"}],"about":[{"href":"https:\/\/fuentesfidedignas.com.mx\/index.php\/wp-json\/wp\/v2\/types\/post"}],"author":[{"embeddable":true,"href":"https:\/\/fuentesfidedignas.com.mx\/index.php\/wp-json\/wp\/v2\/users\/9"}],"replies":[{"embeddable":true,"href":"https:\/\/fuentesfidedignas.com.mx\/index.php\/wp-json\/wp\/v2\/comments?post=90760"}],"version-history":[{"count":1,"href":"https:\/\/fuentesfidedignas.com.mx\/index.php\/wp-json\/wp\/v2\/posts\/90760\/revisions"}],"predecessor-version":[{"id":90762,"href":"https:\/\/fuentesfidedignas.com.mx\/index.php\/wp-json\/wp\/v2\/posts\/90760\/revisions\/90762"}],"wp:featuredmedia":[{"embeddable":true,"href":"https:\/\/fuentesfidedignas.com.mx\/index.php\/wp-json\/wp\/v2\/media\/90761"}],"wp:attachment":[{"href":"https:\/\/fuentesfidedignas.com.mx\/index.php\/wp-json\/wp\/v2\/media?parent=90760"}],"wp:term":[{"taxonomy":"category","embeddable":true,"href":"https:\/\/fuentesfidedignas.com.mx\/index.php\/wp-json\/wp\/v2\/categories?post=90760"},{"taxonomy":"post_tag","embeddable":true,"href":"https:\/\/fuentesfidedignas.com.mx\/index.php\/wp-json\/wp\/v2\/tags?post=90760"}],"curies":[{"name":"wp","href":"https:\/\/api.w.org\/{rel}","templated":true}]}}