{"id":90606,"date":"2024-09-07T12:54:16","date_gmt":"2024-09-07T19:54:16","guid":{"rendered":"https:\/\/fuentesfidedignas.com.mx\/?p=90606"},"modified":"2024-09-07T12:59:35","modified_gmt":"2024-09-07T19:59:35","slug":"trabajadores-del-poder-judicial-refuerzan-planton-en-el-senado","status":"publish","type":"post","link":"https:\/\/fuentesfidedignas.com.mx\/index.php\/2024\/09\/07\/trabajadores-del-poder-judicial-refuerzan-planton-en-el-senado\/","title":{"rendered":"Trabajadores del Poder Judicial refuerzan plant\u00f3n en el Senado"},"content":{"rendered":"\n<p><strong><em>Hasta el Senado, han llegado integrantes del Poder Judicial de diversos estados, as\u00ed como estudiantes quienes se sumaron a la protesta<\/em><\/strong><\/p>\n\n\n\n<p>Ciudad de M\u00e9xico.- Trabajadores del Poder Judicial&nbsp;<strong>reforzaron<\/strong>&nbsp;el&nbsp;<strong>plant\u00f3n<\/strong>&nbsp;que mantienen en las inmediaciones del&nbsp;<strong>Senado de la Rep\u00fablica<\/strong>&nbsp;en Paseo de la Reforma.<\/p>\n\n\n\n<p>Hasta la sede del Senado, han llegado integrantes del<strong>Poder Judicial<\/strong>&nbsp;de diversos estados, as\u00ed como estudiantes quienes se sumaron a la protesta.<\/p>\n\n\n\n<figure class=\"wp-block-embed is-type-rich is-provider-twitter wp-block-embed-twitter\"><div class=\"wp-block-embed__wrapper\">\n<blockquote class=\"twitter-tweet\" data-width=\"550\" data-dnt=\"true\"><p lang=\"es\" dir=\"ltr\">De <a href=\"https:\/\/twitter.com\/hashtag\/PozaRica?src=hash&amp;ref_src=twsrc%5Etfw\">#PozaRica<\/a> para el mundo, \u00a1Presente en el <a href=\"https:\/\/twitter.com\/hashtag\/Senado?src=hash&amp;ref_src=twsrc%5Etfw\">#Senado<\/a> CdMx! <br>Que se escuche lejos, claro y fuerte: <br><br>\u00a1DE LOS 3 PODERES, ESTE TE DEFIENDE! <a href=\"https:\/\/t.co\/xA2yF7j6gE\">pic.twitter.com\/xA2yF7j6gE<\/a><\/p>&mdash; PJF Poza Rica, Veracruz (@PJF_PozaRicaVer) <a href=\"https:\/\/twitter.com\/PJF_PozaRicaVer\/status\/1832487336027828728?ref_src=twsrc%5Etfw\">September 7, 2024<\/a><\/blockquote><script async src=\"https:\/\/platform.twitter.com\/widgets.js\" charset=\"utf-8\"><\/script>\n<\/div><\/figure>\n\n\n\n<p>Los trabajadores mantienen la manifestaci\u00f3n que iniciaron en el lugar derivado de su rechazo a la Reforma al Poder Judicial del presidente&nbsp;<strong>Andr\u00e9s Manuel L\u00f3pez Obrador<\/strong>.<\/p>\n\n\n\n<p>Desde el pasado 5 de septiembre<strong>, Trabajadores<\/strong>&nbsp;del&nbsp;<strong>Poder Judicial<\/strong>&nbsp;y estudiantes&nbsp;<strong>bloquearon<\/strong>&nbsp;los accesos al&nbsp;<strong>Senado de la Rep\u00fablica<\/strong>.<\/p>\n\n\n\n<figure class=\"wp-block-embed is-type-rich is-provider-twitter wp-block-embed-twitter\"><div class=\"wp-block-embed__wrapper\">\n<blockquote class=\"twitter-tweet\" data-width=\"550\" data-dnt=\"true\"><p lang=\"es\" dir=\"ltr\">Cerrados todos los accesos al <a href=\"https:\/\/twitter.com\/senadomexicano?ref_src=twsrc%5Etfw\">@senadomexicano<\/a> <br><br>Estudiantes de derecho y trabajadores del Poder Judicial exigen que la Junta de Coordinaci\u00f3n Pol\u00edtica los reciba y escuche sus opiniones respecto de la reforma al Poder Judicial. <a href=\"https:\/\/t.co\/emTbJrOBpz\">pic.twitter.com\/emTbJrOBpz<\/a><\/p>&mdash; Leti RoblesdelaRosa (@letroblesrosa) <a href=\"https:\/\/twitter.com\/letroblesrosa\/status\/1831672584099811701?ref_src=twsrc%5Etfw\">September 5, 2024<\/a><\/blockquote><script async src=\"https:\/\/platform.twitter.com\/widgets.js\" charset=\"utf-8\"><\/script>\n<\/div><\/figure>\n\n\n\n<p>Los manifestantes, que llegaron desde&nbsp;<strong>distintas<\/strong>&nbsp;entidades como Jalisco, Morelos y Quer\u00e9taro, instalaron algunas casas de campa\u00f1a en las inmediaciones de la<strong>&nbsp;C\u00e1mara Alta<\/strong>.<\/p>\n\n\n\n<p>Exigieron que la&nbsp;<strong>Junta de Coordinaci\u00f3n Pol\u00edtica<\/strong>&nbsp;del Senado los reciba y escuche sus opiniones respecto de la reforma judicial.<\/p>\n\n\n\n<p>La reforma al Poder Judicial, impulsada por el presidente&nbsp;<strong>Andr\u00e9s Manuel L\u00f3pez Obrador<\/strong>&nbsp;y que busca elegir por voto popular a jueces, magistrados y ministros, fue&nbsp;<a href=\"https:\/\/lopezdoriga.com\/nacional\/diputados-aprueban-general-particular-reforma-judicial-pasa-senado\/\" target=\"_blank\" rel=\"noreferrer noopener\">aprobada<\/a>&nbsp;el mi\u00e9rcoles en la&nbsp;<strong>C\u00e1mara de Diputados<\/strong>&nbsp;y turnada para su discusi\u00f3n y an\u00e1lisis.<\/p>\n\n\n\n<p>El dictamen ya fue recibido en el&nbsp;<strong>Senado<\/strong>&nbsp;de la&nbsp;<strong>Rep\u00fablica<\/strong>, donde se prev\u00e9 que sea discutido en Comisiones este domingo mientras que subir\u00eda al Pleno a mediados de la pr\u00f3xima semana<\/p>\n\n\n\n<p>Informes se\u00f1alan que a la corriente oficialista -integrada por Morena y aliados- les falta&nbsp;<strong>un voto<\/strong>&nbsp;para tener la mayor\u00eda&nbsp;<strong>calificada<\/strong>&nbsp;y avalar dicha&nbsp;<strong>reforma<\/strong>.<\/p>\n\n\n\n<p>La reforma al Poder Judicial ha desatado diversas protestas en el pa\u00eds, entre ellas un paro en la&nbsp;<strong>Suprema Corte<\/strong>, as\u00ed como marchas estudiantiles, lo que orill\u00f3 a los diputados a llevar a cabo la sesi\u00f3n en una sede alterna.<\/p>\n","protected":false},"excerpt":{"rendered":"<p>Hasta el Senado, han llegado integrantes del Poder Judicial de diversos estados, as\u00ed como estudiantes quienes se sumaron a la protesta Ciudad de M\u00e9xico.- Trabajadores del Poder Judicial&nbsp;reforzaron&nbsp;el&nbsp;plant\u00f3n&nbsp;que mantienen en las inmediaciones del&nbsp;Senado de la Rep\u00fablica&nbsp;en Paseo de la Reforma. Hasta la sede del Senado, han llegado integrantes delPoder Judicial&nbsp;de diversos estados, as\u00ed como estudiantes [&hellip;]<\/p>\n","protected":false},"author":47,"featured_media":90605,"comment_status":"closed","ping_status":"open","sticky":false,"template":"","format":"standard","meta":{"tdm_status":"","tdm_grid_status":"","footnotes":""},"categories":[39],"tags":[],"class_list":{"0":"post-90606","1":"post","2":"type-post","3":"status-publish","4":"format-standard","5":"has-post-thumbnail","7":"category-noticias-nacionales"},"yoast_head":"<!-- This site is optimized with the Yoast SEO plugin v27.5 - https:\/\/yoast.com\/product\/yoast-seo-wordpress\/ -->\n<title>Trabajadores del Poder Judicial refuerzan plant\u00f3n en el Senado - Fuentes Fidedignas<\/title>\n<meta name=\"robots\" content=\"index, follow, max-snippet:-1, max-image-preview:large, max-video-preview:-1\" \/>\n<link rel=\"canonical\" href=\"https:\/\/fuentesfidedignas.com.mx\/index.php\/2024\/09\/07\/trabajadores-del-poder-judicial-refuerzan-planton-en-el-senado\/\" \/>\n<meta property=\"og:locale\" content=\"es_MX\" \/>\n<meta property=\"og:type\" content=\"article\" \/>\n<meta property=\"og:title\" content=\"Trabajadores del Poder Judicial refuerzan plant\u00f3n en el Senado - Fuentes Fidedignas\" \/>\n<meta property=\"og:description\" content=\"Hasta el Senado, han llegado integrantes del Poder Judicial de diversos estados, as\u00ed como estudiantes quienes se sumaron a la protesta Ciudad de M\u00e9xico.- Trabajadores del Poder Judicial&nbsp;reforzaron&nbsp;el&nbsp;plant\u00f3n&nbsp;que mantienen en las inmediaciones del&nbsp;Senado de la Rep\u00fablica&nbsp;en Paseo de la Reforma. Hasta la sede del Senado, han llegado integrantes delPoder Judicial&nbsp;de diversos estados, as\u00ed como estudiantes [&hellip;]\" \/>\n<meta property=\"og:url\" content=\"https:\/\/fuentesfidedignas.com.mx\/index.php\/2024\/09\/07\/trabajadores-del-poder-judicial-refuerzan-planton-en-el-senado\/\" \/>\n<meta property=\"og:site_name\" content=\"Fuentes Fidedignas\" \/>\n<meta property=\"article:publisher\" content=\"https:\/\/www.facebook.com\/Fuentes-Fidedignas-368234489921644\" \/>\n<meta property=\"article:published_time\" content=\"2024-09-07T19:54:16+00:00\" \/>\n<meta property=\"article:modified_time\" content=\"2024-09-07T19:59:35+00:00\" \/>\n<meta property=\"og:image\" content=\"https:\/\/fuentesfidedignas.com.mx\/wp-content\/uploads\/2024\/09\/img_7371-1.jpg\" \/>\n\t<meta property=\"og:image:width\" content=\"1536\" \/>\n\t<meta property=\"og:image:height\" content=\"1152\" \/>\n\t<meta property=\"og:image:type\" content=\"image\/jpeg\" \/>\n<meta name=\"author\" content=\"L\u00f3pez D\u00f3riga\" \/>\n<meta name=\"twitter:card\" content=\"summary_large_image\" \/>\n<meta name=\"twitter:creator\" content=\"@fidedignas\" \/>\n<meta name=\"twitter:site\" content=\"@fidedignas\" \/>\n<meta name=\"twitter:label1\" content=\"Escrito por\" \/>\n\t<meta name=\"twitter:data1\" content=\"L\u00f3pez D\u00f3riga\" \/>\n\t<meta name=\"twitter:label2\" content=\"Tiempo de lectura\" \/>\n\t<meta name=\"twitter:data2\" content=\"2 minutos\" \/>\n<script type=\"application\/ld+json\" class=\"yoast-schema-graph\">{\"@context\":\"https:\\\/\\\/schema.org\",\"@graph\":[{\"@type\":\"Article\",\"@id\":\"https:\\\/\\\/fuentesfidedignas.com.mx\\\/index.php\\\/2024\\\/09\\\/07\\\/trabajadores-del-poder-judicial-refuerzan-planton-en-el-senado\\\/#article\",\"isPartOf\":{\"@id\":\"https:\\\/\\\/fuentesfidedignas.com.mx\\\/index.php\\\/2024\\\/09\\\/07\\\/trabajadores-del-poder-judicial-refuerzan-planton-en-el-senado\\\/\"},\"author\":{\"name\":\"L\u00f3pez D\u00f3riga\",\"@id\":\"https:\\\/\\\/fuentesfidedignas.com.mx\\\/#\\\/schema\\\/person\\\/67d852f0557c8509146a4b9ddebd543a\"},\"headline\":\"Trabajadores del Poder Judicial refuerzan plant\u00f3n en el Senado\",\"datePublished\":\"2024-09-07T19:54:16+00:00\",\"dateModified\":\"2024-09-07T19:59:35+00:00\",\"mainEntityOfPage\":{\"@id\":\"https:\\\/\\\/fuentesfidedignas.com.mx\\\/index.php\\\/2024\\\/09\\\/07\\\/trabajadores-del-poder-judicial-refuerzan-planton-en-el-senado\\\/\"},\"wordCount\":376,\"publisher\":{\"@id\":\"https:\\\/\\\/fuentesfidedignas.com.mx\\\/#organization\"},\"image\":{\"@id\":\"https:\\\/\\\/fuentesfidedignas.com.mx\\\/index.php\\\/2024\\\/09\\\/07\\\/trabajadores-del-poder-judicial-refuerzan-planton-en-el-senado\\\/#primaryimage\"},\"thumbnailUrl\":\"https:\\\/\\\/fuentesfidedignas.com.mx\\\/wp-content\\\/uploads\\\/2024\\\/09\\\/img_7371-1.jpg\",\"articleSection\":[\"NOTICIAS NACIONALES\"],\"inLanguage\":\"es\"},{\"@type\":\"WebPage\",\"@id\":\"https:\\\/\\\/fuentesfidedignas.com.mx\\\/index.php\\\/2024\\\/09\\\/07\\\/trabajadores-del-poder-judicial-refuerzan-planton-en-el-senado\\\/\",\"url\":\"https:\\\/\\\/fuentesfidedignas.com.mx\\\/index.php\\\/2024\\\/09\\\/07\\\/trabajadores-del-poder-judicial-refuerzan-planton-en-el-senado\\\/\",\"name\":\"Trabajadores del Poder Judicial refuerzan plant\u00f3n en el Senado - Fuentes Fidedignas\",\"isPartOf\":{\"@id\":\"https:\\\/\\\/fuentesfidedignas.com.mx\\\/#website\"},\"primaryImageOfPage\":{\"@id\":\"https:\\\/\\\/fuentesfidedignas.com.mx\\\/index.php\\\/2024\\\/09\\\/07\\\/trabajadores-del-poder-judicial-refuerzan-planton-en-el-senado\\\/#primaryimage\"},\"image\":{\"@id\":\"https:\\\/\\\/fuentesfidedignas.com.mx\\\/index.php\\\/2024\\\/09\\\/07\\\/trabajadores-del-poder-judicial-refuerzan-planton-en-el-senado\\\/#primaryimage\"},\"thumbnailUrl\":\"https:\\\/\\\/fuentesfidedignas.com.mx\\\/wp-content\\\/uploads\\\/2024\\\/09\\\/img_7371-1.jpg\",\"datePublished\":\"2024-09-07T19:54:16+00:00\",\"dateModified\":\"2024-09-07T19:59:35+00:00\",\"breadcrumb\":{\"@id\":\"https:\\\/\\\/fuentesfidedignas.com.mx\\\/index.php\\\/2024\\\/09\\\/07\\\/trabajadores-del-poder-judicial-refuerzan-planton-en-el-senado\\\/#breadcrumb\"},\"inLanguage\":\"es\",\"potentialAction\":[{\"@type\":\"ReadAction\",\"target\":[\"https:\\\/\\\/fuentesfidedignas.com.mx\\\/index.php\\\/2024\\\/09\\\/07\\\/trabajadores-del-poder-judicial-refuerzan-planton-en-el-senado\\\/\"]}]},{\"@type\":\"ImageObject\",\"inLanguage\":\"es\",\"@id\":\"https:\\\/\\\/fuentesfidedignas.com.mx\\\/index.php\\\/2024\\\/09\\\/07\\\/trabajadores-del-poder-judicial-refuerzan-planton-en-el-senado\\\/#primaryimage\",\"url\":\"https:\\\/\\\/fuentesfidedignas.com.mx\\\/wp-content\\\/uploads\\\/2024\\\/09\\\/img_7371-1.jpg\",\"contentUrl\":\"https:\\\/\\\/fuentesfidedignas.com.mx\\\/wp-content\\\/uploads\\\/2024\\\/09\\\/img_7371-1.jpg\",\"width\":1536,\"height\":1152},{\"@type\":\"BreadcrumbList\",\"@id\":\"https:\\\/\\\/fuentesfidedignas.com.mx\\\/index.php\\\/2024\\\/09\\\/07\\\/trabajadores-del-poder-judicial-refuerzan-planton-en-el-senado\\\/#breadcrumb\",\"itemListElement\":[{\"@type\":\"ListItem\",\"position\":1,\"name\":\"Inicio\",\"item\":\"https:\\\/\\\/fuentesfidedignas.com.mx\\\/\"},{\"@type\":\"ListItem\",\"position\":2,\"name\":\"Trabajadores del Poder Judicial refuerzan plant\u00f3n en el Senado\"}]},{\"@type\":\"WebSite\",\"@id\":\"https:\\\/\\\/fuentesfidedignas.com.mx\\\/#website\",\"url\":\"https:\\\/\\\/fuentesfidedignas.com.mx\\\/\",\"name\":\"Fuentes Fidedignas\",\"description\":\"Otro sitio realizado con WordPress\",\"publisher\":{\"@id\":\"https:\\\/\\\/fuentesfidedignas.com.mx\\\/#organization\"},\"potentialAction\":[{\"@type\":\"SearchAction\",\"target\":{\"@type\":\"EntryPoint\",\"urlTemplate\":\"https:\\\/\\\/fuentesfidedignas.com.mx\\\/?s={search_term_string}\"},\"query-input\":{\"@type\":\"PropertyValueSpecification\",\"valueRequired\":true,\"valueName\":\"search_term_string\"}}],\"inLanguage\":\"es\"},{\"@type\":\"Organization\",\"@id\":\"https:\\\/\\\/fuentesfidedignas.com.mx\\\/#organization\",\"name\":\"Fuentes Fidedignas\",\"url\":\"https:\\\/\\\/fuentesfidedignas.com.mx\\\/\",\"logo\":{\"@type\":\"ImageObject\",\"inLanguage\":\"es\",\"@id\":\"https:\\\/\\\/fuentesfidedignas.com.mx\\\/#\\\/schema\\\/logo\\\/image\\\/\",\"url\":\"https:\\\/\\\/fuentesfidedignas.com.mx\\\/wp-content\\\/uploads\\\/2021\\\/04\\\/logo-retina.png\",\"contentUrl\":\"https:\\\/\\\/fuentesfidedignas.com.mx\\\/wp-content\\\/uploads\\\/2021\\\/04\\\/logo-retina.png\",\"width\":280,\"height\":51,\"caption\":\"Fuentes Fidedignas\"},\"image\":{\"@id\":\"https:\\\/\\\/fuentesfidedignas.com.mx\\\/#\\\/schema\\\/logo\\\/image\\\/\"},\"sameAs\":[\"https:\\\/\\\/www.facebook.com\\\/Fuentes-Fidedignas-368234489921644\",\"https:\\\/\\\/x.com\\\/fidedignas\"]},{\"@type\":\"Person\",\"@id\":\"https:\\\/\\\/fuentesfidedignas.com.mx\\\/#\\\/schema\\\/person\\\/67d852f0557c8509146a4b9ddebd543a\",\"name\":\"L\u00f3pez D\u00f3riga\",\"image\":{\"@type\":\"ImageObject\",\"inLanguage\":\"es\",\"@id\":\"https:\\\/\\\/secure.gravatar.com\\\/avatar\\\/e525b06574ca18b33cded59dfe5778d6c823b9513154eff47da551b0551bdd1e?s=96&d=mm&r=g\",\"url\":\"https:\\\/\\\/secure.gravatar.com\\\/avatar\\\/e525b06574ca18b33cded59dfe5778d6c823b9513154eff47da551b0551bdd1e?s=96&d=mm&r=g\",\"contentUrl\":\"https:\\\/\\\/secure.gravatar.com\\\/avatar\\\/e525b06574ca18b33cded59dfe5778d6c823b9513154eff47da551b0551bdd1e?s=96&d=mm&r=g\",\"caption\":\"L\u00f3pez D\u00f3riga\"},\"url\":\"https:\\\/\\\/fuentesfidedignas.com.mx\\\/index.php\\\/author\\\/doriga\\\/\"}]}<\/script>\n<!-- \/ Yoast SEO plugin. -->","yoast_head_json":{"title":"Trabajadores del Poder Judicial refuerzan plant\u00f3n en el Senado - Fuentes Fidedignas","robots":{"index":"index","follow":"follow","max-snippet":"max-snippet:-1","max-image-preview":"max-image-preview:large","max-video-preview":"max-video-preview:-1"},"canonical":"https:\/\/fuentesfidedignas.com.mx\/index.php\/2024\/09\/07\/trabajadores-del-poder-judicial-refuerzan-planton-en-el-senado\/","og_locale":"es_MX","og_type":"article","og_title":"Trabajadores del Poder Judicial refuerzan plant\u00f3n en el Senado - Fuentes Fidedignas","og_description":"Hasta el Senado, han llegado integrantes del Poder Judicial de diversos estados, as\u00ed como estudiantes quienes se sumaron a la protesta Ciudad de M\u00e9xico.- Trabajadores del Poder Judicial&nbsp;reforzaron&nbsp;el&nbsp;plant\u00f3n&nbsp;que mantienen en las inmediaciones del&nbsp;Senado de la Rep\u00fablica&nbsp;en Paseo de la Reforma. Hasta la sede del Senado, han llegado integrantes delPoder Judicial&nbsp;de diversos estados, as\u00ed como estudiantes [&hellip;]","og_url":"https:\/\/fuentesfidedignas.com.mx\/index.php\/2024\/09\/07\/trabajadores-del-poder-judicial-refuerzan-planton-en-el-senado\/","og_site_name":"Fuentes Fidedignas","article_publisher":"https:\/\/www.facebook.com\/Fuentes-Fidedignas-368234489921644","article_published_time":"2024-09-07T19:54:16+00:00","article_modified_time":"2024-09-07T19:59:35+00:00","og_image":[{"width":1536,"height":1152,"url":"https:\/\/fuentesfidedignas.com.mx\/wp-content\/uploads\/2024\/09\/img_7371-1.jpg","type":"image\/jpeg"}],"author":"L\u00f3pez D\u00f3riga","twitter_card":"summary_large_image","twitter_creator":"@fidedignas","twitter_site":"@fidedignas","twitter_misc":{"Escrito por":"L\u00f3pez D\u00f3riga","Tiempo de lectura":"2 minutos"},"schema":{"@context":"https:\/\/schema.org","@graph":[{"@type":"Article","@id":"https:\/\/fuentesfidedignas.com.mx\/index.php\/2024\/09\/07\/trabajadores-del-poder-judicial-refuerzan-planton-en-el-senado\/#article","isPartOf":{"@id":"https:\/\/fuentesfidedignas.com.mx\/index.php\/2024\/09\/07\/trabajadores-del-poder-judicial-refuerzan-planton-en-el-senado\/"},"author":{"name":"L\u00f3pez D\u00f3riga","@id":"https:\/\/fuentesfidedignas.com.mx\/#\/schema\/person\/67d852f0557c8509146a4b9ddebd543a"},"headline":"Trabajadores del Poder Judicial refuerzan plant\u00f3n en el Senado","datePublished":"2024-09-07T19:54:16+00:00","dateModified":"2024-09-07T19:59:35+00:00","mainEntityOfPage":{"@id":"https:\/\/fuentesfidedignas.com.mx\/index.php\/2024\/09\/07\/trabajadores-del-poder-judicial-refuerzan-planton-en-el-senado\/"},"wordCount":376,"publisher":{"@id":"https:\/\/fuentesfidedignas.com.mx\/#organization"},"image":{"@id":"https:\/\/fuentesfidedignas.com.mx\/index.php\/2024\/09\/07\/trabajadores-del-poder-judicial-refuerzan-planton-en-el-senado\/#primaryimage"},"thumbnailUrl":"https:\/\/fuentesfidedignas.com.mx\/wp-content\/uploads\/2024\/09\/img_7371-1.jpg","articleSection":["NOTICIAS NACIONALES"],"inLanguage":"es"},{"@type":"WebPage","@id":"https:\/\/fuentesfidedignas.com.mx\/index.php\/2024\/09\/07\/trabajadores-del-poder-judicial-refuerzan-planton-en-el-senado\/","url":"https:\/\/fuentesfidedignas.com.mx\/index.php\/2024\/09\/07\/trabajadores-del-poder-judicial-refuerzan-planton-en-el-senado\/","name":"Trabajadores del Poder Judicial refuerzan plant\u00f3n en el Senado - Fuentes Fidedignas","isPartOf":{"@id":"https:\/\/fuentesfidedignas.com.mx\/#website"},"primaryImageOfPage":{"@id":"https:\/\/fuentesfidedignas.com.mx\/index.php\/2024\/09\/07\/trabajadores-del-poder-judicial-refuerzan-planton-en-el-senado\/#primaryimage"},"image":{"@id":"https:\/\/fuentesfidedignas.com.mx\/index.php\/2024\/09\/07\/trabajadores-del-poder-judicial-refuerzan-planton-en-el-senado\/#primaryimage"},"thumbnailUrl":"https:\/\/fuentesfidedignas.com.mx\/wp-content\/uploads\/2024\/09\/img_7371-1.jpg","datePublished":"2024-09-07T19:54:16+00:00","dateModified":"2024-09-07T19:59:35+00:00","breadcrumb":{"@id":"https:\/\/fuentesfidedignas.com.mx\/index.php\/2024\/09\/07\/trabajadores-del-poder-judicial-refuerzan-planton-en-el-senado\/#breadcrumb"},"inLanguage":"es","potentialAction":[{"@type":"ReadAction","target":["https:\/\/fuentesfidedignas.com.mx\/index.php\/2024\/09\/07\/trabajadores-del-poder-judicial-refuerzan-planton-en-el-senado\/"]}]},{"@type":"ImageObject","inLanguage":"es","@id":"https:\/\/fuentesfidedignas.com.mx\/index.php\/2024\/09\/07\/trabajadores-del-poder-judicial-refuerzan-planton-en-el-senado\/#primaryimage","url":"https:\/\/fuentesfidedignas.com.mx\/wp-content\/uploads\/2024\/09\/img_7371-1.jpg","contentUrl":"https:\/\/fuentesfidedignas.com.mx\/wp-content\/uploads\/2024\/09\/img_7371-1.jpg","width":1536,"height":1152},{"@type":"BreadcrumbList","@id":"https:\/\/fuentesfidedignas.com.mx\/index.php\/2024\/09\/07\/trabajadores-del-poder-judicial-refuerzan-planton-en-el-senado\/#breadcrumb","itemListElement":[{"@type":"ListItem","position":1,"name":"Inicio","item":"https:\/\/fuentesfidedignas.com.mx\/"},{"@type":"ListItem","position":2,"name":"Trabajadores del Poder Judicial refuerzan plant\u00f3n en el Senado"}]},{"@type":"WebSite","@id":"https:\/\/fuentesfidedignas.com.mx\/#website","url":"https:\/\/fuentesfidedignas.com.mx\/","name":"Fuentes Fidedignas","description":"Otro sitio realizado con WordPress","publisher":{"@id":"https:\/\/fuentesfidedignas.com.mx\/#organization"},"potentialAction":[{"@type":"SearchAction","target":{"@type":"EntryPoint","urlTemplate":"https:\/\/fuentesfidedignas.com.mx\/?s={search_term_string}"},"query-input":{"@type":"PropertyValueSpecification","valueRequired":true,"valueName":"search_term_string"}}],"inLanguage":"es"},{"@type":"Organization","@id":"https:\/\/fuentesfidedignas.com.mx\/#organization","name":"Fuentes Fidedignas","url":"https:\/\/fuentesfidedignas.com.mx\/","logo":{"@type":"ImageObject","inLanguage":"es","@id":"https:\/\/fuentesfidedignas.com.mx\/#\/schema\/logo\/image\/","url":"https:\/\/fuentesfidedignas.com.mx\/wp-content\/uploads\/2021\/04\/logo-retina.png","contentUrl":"https:\/\/fuentesfidedignas.com.mx\/wp-content\/uploads\/2021\/04\/logo-retina.png","width":280,"height":51,"caption":"Fuentes Fidedignas"},"image":{"@id":"https:\/\/fuentesfidedignas.com.mx\/#\/schema\/logo\/image\/"},"sameAs":["https:\/\/www.facebook.com\/Fuentes-Fidedignas-368234489921644","https:\/\/x.com\/fidedignas"]},{"@type":"Person","@id":"https:\/\/fuentesfidedignas.com.mx\/#\/schema\/person\/67d852f0557c8509146a4b9ddebd543a","name":"L\u00f3pez D\u00f3riga","image":{"@type":"ImageObject","inLanguage":"es","@id":"https:\/\/secure.gravatar.com\/avatar\/e525b06574ca18b33cded59dfe5778d6c823b9513154eff47da551b0551bdd1e?s=96&d=mm&r=g","url":"https:\/\/secure.gravatar.com\/avatar\/e525b06574ca18b33cded59dfe5778d6c823b9513154eff47da551b0551bdd1e?s=96&d=mm&r=g","contentUrl":"https:\/\/secure.gravatar.com\/avatar\/e525b06574ca18b33cded59dfe5778d6c823b9513154eff47da551b0551bdd1e?s=96&d=mm&r=g","caption":"L\u00f3pez D\u00f3riga"},"url":"https:\/\/fuentesfidedignas.com.mx\/index.php\/author\/doriga\/"}]}},"_links":{"self":[{"href":"https:\/\/fuentesfidedignas.com.mx\/index.php\/wp-json\/wp\/v2\/posts\/90606","targetHints":{"allow":["GET"]}}],"collection":[{"href":"https:\/\/fuentesfidedignas.com.mx\/index.php\/wp-json\/wp\/v2\/posts"}],"about":[{"href":"https:\/\/fuentesfidedignas.com.mx\/index.php\/wp-json\/wp\/v2\/types\/post"}],"author":[{"embeddable":true,"href":"https:\/\/fuentesfidedignas.com.mx\/index.php\/wp-json\/wp\/v2\/users\/47"}],"replies":[{"embeddable":true,"href":"https:\/\/fuentesfidedignas.com.mx\/index.php\/wp-json\/wp\/v2\/comments?post=90606"}],"version-history":[{"count":2,"href":"https:\/\/fuentesfidedignas.com.mx\/index.php\/wp-json\/wp\/v2\/posts\/90606\/revisions"}],"predecessor-version":[{"id":90611,"href":"https:\/\/fuentesfidedignas.com.mx\/index.php\/wp-json\/wp\/v2\/posts\/90606\/revisions\/90611"}],"wp:featuredmedia":[{"embeddable":true,"href":"https:\/\/fuentesfidedignas.com.mx\/index.php\/wp-json\/wp\/v2\/media\/90605"}],"wp:attachment":[{"href":"https:\/\/fuentesfidedignas.com.mx\/index.php\/wp-json\/wp\/v2\/media?parent=90606"}],"wp:term":[{"taxonomy":"category","embeddable":true,"href":"https:\/\/fuentesfidedignas.com.mx\/index.php\/wp-json\/wp\/v2\/categories?post=90606"},{"taxonomy":"post_tag","embeddable":true,"href":"https:\/\/fuentesfidedignas.com.mx\/index.php\/wp-json\/wp\/v2\/tags?post=90606"}],"curies":[{"name":"wp","href":"https:\/\/api.w.org\/{rel}","templated":true}]}}