{"id":90591,"date":"2024-09-07T08:56:25","date_gmt":"2024-09-07T15:56:25","guid":{"rendered":"https:\/\/fuentesfidedignas.com.mx\/?p=90591"},"modified":"2024-09-07T08:56:25","modified_gmt":"2024-09-07T15:56:25","slug":"se-graduan-mas-de-300-estudiantes-de-la-generacion-2019-2024-de-la-facultad-de-arquitectura-de-la-uas","status":"publish","type":"post","link":"https:\/\/fuentesfidedignas.com.mx\/index.php\/2024\/09\/07\/se-graduan-mas-de-300-estudiantes-de-la-generacion-2019-2024-de-la-facultad-de-arquitectura-de-la-uas\/","title":{"rendered":"Se grad\u00faan m\u00e1s de 300 estudiantes de la Generaci\u00f3n 2019-2024 de la Facultad de Arquitectura de la UAS"},"content":{"rendered":"\n<p>Culiac\u00e1n, Sin.- Con una prominente formaci\u00f3n acad\u00e9mica de alta calidad, m\u00e1s de 300 estudiantes de la Facultad de Arquitectura de la Universidad Aut\u00f3noma de Sinaloa (UAS), generaci\u00f3n 2019-2024, celebraron en una emotiva ceremonia de graduaci\u00f3n la culminaci\u00f3n de su etapa estudiantil profesional, en la cual se desarrollaron con s\u00f3lidos principios y valores.&nbsp;<\/p>\n\n\n\n<p>Los universitarios tanto de la Licenciatura en Arquitectura, Licenciatura en Dise\u00f1o de Interiores y Ambientaci\u00f3n, as\u00ed como la Licenciatura en Dise\u00f1o Urbano y del Paisaje, estuvieron acompa\u00f1ados por familiares, amigos, y autoridades universitarias, en el emblem\u00e1tico Auditorio de la Autonom\u00eda del Campus Buelna.<\/p>\n\n\n\n<p>En ese tenor, en representaci\u00f3n del Encargado del Despacho de Rector\u00eda, doctor Robespierre Liz\u00e1rraga, el Director General de Educaci\u00f3n Superior, Doctor Fernando Garc\u00eda P\u00e1ez, destac\u00f3 el gran logro obtenido, y asegur\u00f3 a los j\u00f3venes que est\u00e1n listos para poder insertarse en el campo laboral, pese a que cada d\u00eda es m\u00e1s complejo, pero gracias a la UAS tendr\u00e1n un camino exitoso.<\/p>\n\n\n\n<p>\u201cSon privilegiados ya que en nuestro pa\u00eds de cien ni\u00f1os que nacen, solo 14 pueden llegar a la licenciatura, la brecha que tenemos en educaci\u00f3n en nuestro pa\u00eds, falta mucho recorrido\u201d, indic\u00f3.<\/p>\n\n\n\n<p>A su vez la titular del plantel, doctora Armida Llamas Estrada, extern\u00f3 un emotivo mensaje de congratulaci\u00f3n a los ahora graduados.<\/p>\n\n\n\n<p>\u201cEstamos muy orgullosos de estos j\u00f3venes que hoy egresan de estas licenciaturas, que son de calidad, porque tenemos muy altos est\u00e1ndares de calidad, y cada vez que egresamos j\u00f3venes, es un semillero que se est\u00e1 produciendo para que ellos busquen una mejor presentaci\u00f3n\u201d, coment\u00f3.<\/p>\n\n\n\n<p>Por su parte las j\u00f3venes con mejor promedio en aprovechamiento escolar, Vanessa Ramirez Jacobo y Mariam Valenzuela, agradecieron a su alma mater por sentar las bases y herramientas para cumplir una de sus mayores metas de vida.<\/p>\n\n\n\n<p>\u201cMi agradecimiento es muy grande, porque el aprendizaje lo tom\u00e9 de la escuela, s\u00e9 que vamos a aprender mucho tambi\u00e9n afuera, pero la instituci\u00f3n nos dio las bases y los criterios que tenemos para saber all\u00e1 afuera, entonces estoy totalmente agradecida con los maestros y directivos y sobre todo con mis padres, \u00a1est\u00e1 es la UAS que yo quiero!, resalt\u00f3.<\/p>\n\n\n\n<p>\u201cEl programa educativo estuvo muy completo, los maestros son muy buenos y la verdad si la recomendar\u00eda y \u00a1est\u00e1 es la UAS que yo quiero\u201d, sostuvo.&nbsp;<\/p>\n\n\n\n<p>Como portavoz de los padres y madres de familia de los egresados, el se\u00f1or David Gonzalez, resalt\u00f3 las virtudes de la Casa Rosalia, pese a los desaf\u00edos que ha afrontado, ha seguido con su misi\u00f3n clara por formar profesionistas de calidad.&nbsp;<\/p>\n\n\n\n<p>\u201cSali\u00f3 con muy buen promedio, eso significa que tuvo buenos maestros y el proceso de educaci\u00f3n fue excelente, tuvo muchas oportunidades, como estar en el programa de movilidad, estuvo en CDMX en la UNAM y eso logr\u00f3 fortalecer su nivel educativo, le agradezco a la Universidad, que sigas as\u00ed, ya que vienen muchas generaciones por delante\u201d, subray\u00f3.<\/p>\n","protected":false},"excerpt":{"rendered":"<p>Culiac\u00e1n, Sin.- Con una prominente formaci\u00f3n acad\u00e9mica de alta calidad, m\u00e1s de 300 estudiantes de la Facultad de Arquitectura de la Universidad Aut\u00f3noma de Sinaloa (UAS), generaci\u00f3n 2019-2024, celebraron en una emotiva ceremonia de graduaci\u00f3n la culminaci\u00f3n de su etapa estudiantil profesional, en la cual se desarrollaron con s\u00f3lidos principios y valores.&nbsp; Los universitarios tanto [&hellip;]<\/p>\n","protected":false},"author":47,"featured_media":90590,"comment_status":"closed","ping_status":"open","sticky":false,"template":"","format":"standard","meta":{"tdm_status":"","tdm_grid_status":"","footnotes":""},"categories":[38],"tags":[],"class_list":{"0":"post-90591","1":"post","2":"type-post","3":"status-publish","4":"format-standard","5":"has-post-thumbnail","7":"category-noticias-locales"},"yoast_head":"<!-- This site is optimized with the Yoast SEO plugin v27.5 - https:\/\/yoast.com\/product\/yoast-seo-wordpress\/ -->\n<title>Se grad\u00faan m\u00e1s de 300 estudiantes de la Generaci\u00f3n 2019-2024 de la Facultad de Arquitectura de la UAS - Fuentes Fidedignas<\/title>\n<meta name=\"robots\" content=\"index, follow, max-snippet:-1, max-image-preview:large, max-video-preview:-1\" \/>\n<link rel=\"canonical\" href=\"https:\/\/fuentesfidedignas.com.mx\/index.php\/2024\/09\/07\/se-graduan-mas-de-300-estudiantes-de-la-generacion-2019-2024-de-la-facultad-de-arquitectura-de-la-uas\/\" \/>\n<meta property=\"og:locale\" content=\"es_MX\" \/>\n<meta property=\"og:type\" content=\"article\" \/>\n<meta property=\"og:title\" content=\"Se grad\u00faan m\u00e1s de 300 estudiantes de la Generaci\u00f3n 2019-2024 de la Facultad de Arquitectura de la UAS - Fuentes Fidedignas\" \/>\n<meta property=\"og:description\" content=\"Culiac\u00e1n, Sin.- Con una prominente formaci\u00f3n acad\u00e9mica de alta calidad, m\u00e1s de 300 estudiantes de la Facultad de Arquitectura de la Universidad Aut\u00f3noma de Sinaloa (UAS), generaci\u00f3n 2019-2024, celebraron en una emotiva ceremonia de graduaci\u00f3n la culminaci\u00f3n de su etapa estudiantil profesional, en la cual se desarrollaron con s\u00f3lidos principios y valores.&nbsp; Los universitarios tanto [&hellip;]\" \/>\n<meta property=\"og:url\" content=\"https:\/\/fuentesfidedignas.com.mx\/index.php\/2024\/09\/07\/se-graduan-mas-de-300-estudiantes-de-la-generacion-2019-2024-de-la-facultad-de-arquitectura-de-la-uas\/\" \/>\n<meta property=\"og:site_name\" content=\"Fuentes Fidedignas\" \/>\n<meta property=\"article:publisher\" content=\"https:\/\/www.facebook.com\/Fuentes-Fidedignas-368234489921644\" \/>\n<meta property=\"article:published_time\" content=\"2024-09-07T15:56:25+00:00\" \/>\n<meta property=\"og:image\" content=\"https:\/\/fuentesfidedignas.com.mx\/wp-content\/uploads\/2024\/09\/img_7343-1.jpg\" \/>\n\t<meta property=\"og:image:width\" content=\"1920\" \/>\n\t<meta property=\"og:image:height\" content=\"1275\" \/>\n\t<meta property=\"og:image:type\" content=\"image\/jpeg\" \/>\n<meta name=\"author\" content=\"L\u00f3pez D\u00f3riga\" \/>\n<meta name=\"twitter:card\" content=\"summary_large_image\" \/>\n<meta name=\"twitter:creator\" content=\"@fidedignas\" \/>\n<meta name=\"twitter:site\" content=\"@fidedignas\" \/>\n<meta name=\"twitter:label1\" content=\"Escrito por\" \/>\n\t<meta name=\"twitter:data1\" content=\"L\u00f3pez D\u00f3riga\" \/>\n\t<meta name=\"twitter:label2\" content=\"Tiempo de lectura\" \/>\n\t<meta name=\"twitter:data2\" content=\"3 minutos\" \/>\n<script type=\"application\/ld+json\" class=\"yoast-schema-graph\">{\"@context\":\"https:\\\/\\\/schema.org\",\"@graph\":[{\"@type\":\"Article\",\"@id\":\"https:\\\/\\\/fuentesfidedignas.com.mx\\\/index.php\\\/2024\\\/09\\\/07\\\/se-graduan-mas-de-300-estudiantes-de-la-generacion-2019-2024-de-la-facultad-de-arquitectura-de-la-uas\\\/#article\",\"isPartOf\":{\"@id\":\"https:\\\/\\\/fuentesfidedignas.com.mx\\\/index.php\\\/2024\\\/09\\\/07\\\/se-graduan-mas-de-300-estudiantes-de-la-generacion-2019-2024-de-la-facultad-de-arquitectura-de-la-uas\\\/\"},\"author\":{\"name\":\"L\u00f3pez D\u00f3riga\",\"@id\":\"https:\\\/\\\/fuentesfidedignas.com.mx\\\/#\\\/schema\\\/person\\\/67d852f0557c8509146a4b9ddebd543a\"},\"headline\":\"Se grad\u00faan m\u00e1s de 300 estudiantes de la Generaci\u00f3n 2019-2024 de la Facultad de Arquitectura de la UAS\",\"datePublished\":\"2024-09-07T15:56:25+00:00\",\"mainEntityOfPage\":{\"@id\":\"https:\\\/\\\/fuentesfidedignas.com.mx\\\/index.php\\\/2024\\\/09\\\/07\\\/se-graduan-mas-de-300-estudiantes-de-la-generacion-2019-2024-de-la-facultad-de-arquitectura-de-la-uas\\\/\"},\"wordCount\":539,\"publisher\":{\"@id\":\"https:\\\/\\\/fuentesfidedignas.com.mx\\\/#organization\"},\"image\":{\"@id\":\"https:\\\/\\\/fuentesfidedignas.com.mx\\\/index.php\\\/2024\\\/09\\\/07\\\/se-graduan-mas-de-300-estudiantes-de-la-generacion-2019-2024-de-la-facultad-de-arquitectura-de-la-uas\\\/#primaryimage\"},\"thumbnailUrl\":\"https:\\\/\\\/fuentesfidedignas.com.mx\\\/wp-content\\\/uploads\\\/2024\\\/09\\\/img_7343-1.jpg\",\"articleSection\":[\"NOTICIAS LOCALES\"],\"inLanguage\":\"es\"},{\"@type\":\"WebPage\",\"@id\":\"https:\\\/\\\/fuentesfidedignas.com.mx\\\/index.php\\\/2024\\\/09\\\/07\\\/se-graduan-mas-de-300-estudiantes-de-la-generacion-2019-2024-de-la-facultad-de-arquitectura-de-la-uas\\\/\",\"url\":\"https:\\\/\\\/fuentesfidedignas.com.mx\\\/index.php\\\/2024\\\/09\\\/07\\\/se-graduan-mas-de-300-estudiantes-de-la-generacion-2019-2024-de-la-facultad-de-arquitectura-de-la-uas\\\/\",\"name\":\"Se grad\u00faan m\u00e1s de 300 estudiantes de la Generaci\u00f3n 2019-2024 de la Facultad de Arquitectura de la UAS - Fuentes Fidedignas\",\"isPartOf\":{\"@id\":\"https:\\\/\\\/fuentesfidedignas.com.mx\\\/#website\"},\"primaryImageOfPage\":{\"@id\":\"https:\\\/\\\/fuentesfidedignas.com.mx\\\/index.php\\\/2024\\\/09\\\/07\\\/se-graduan-mas-de-300-estudiantes-de-la-generacion-2019-2024-de-la-facultad-de-arquitectura-de-la-uas\\\/#primaryimage\"},\"image\":{\"@id\":\"https:\\\/\\\/fuentesfidedignas.com.mx\\\/index.php\\\/2024\\\/09\\\/07\\\/se-graduan-mas-de-300-estudiantes-de-la-generacion-2019-2024-de-la-facultad-de-arquitectura-de-la-uas\\\/#primaryimage\"},\"thumbnailUrl\":\"https:\\\/\\\/fuentesfidedignas.com.mx\\\/wp-content\\\/uploads\\\/2024\\\/09\\\/img_7343-1.jpg\",\"datePublished\":\"2024-09-07T15:56:25+00:00\",\"breadcrumb\":{\"@id\":\"https:\\\/\\\/fuentesfidedignas.com.mx\\\/index.php\\\/2024\\\/09\\\/07\\\/se-graduan-mas-de-300-estudiantes-de-la-generacion-2019-2024-de-la-facultad-de-arquitectura-de-la-uas\\\/#breadcrumb\"},\"inLanguage\":\"es\",\"potentialAction\":[{\"@type\":\"ReadAction\",\"target\":[\"https:\\\/\\\/fuentesfidedignas.com.mx\\\/index.php\\\/2024\\\/09\\\/07\\\/se-graduan-mas-de-300-estudiantes-de-la-generacion-2019-2024-de-la-facultad-de-arquitectura-de-la-uas\\\/\"]}]},{\"@type\":\"ImageObject\",\"inLanguage\":\"es\",\"@id\":\"https:\\\/\\\/fuentesfidedignas.com.mx\\\/index.php\\\/2024\\\/09\\\/07\\\/se-graduan-mas-de-300-estudiantes-de-la-generacion-2019-2024-de-la-facultad-de-arquitectura-de-la-uas\\\/#primaryimage\",\"url\":\"https:\\\/\\\/fuentesfidedignas.com.mx\\\/wp-content\\\/uploads\\\/2024\\\/09\\\/img_7343-1.jpg\",\"contentUrl\":\"https:\\\/\\\/fuentesfidedignas.com.mx\\\/wp-content\\\/uploads\\\/2024\\\/09\\\/img_7343-1.jpg\",\"width\":1920,\"height\":1275},{\"@type\":\"BreadcrumbList\",\"@id\":\"https:\\\/\\\/fuentesfidedignas.com.mx\\\/index.php\\\/2024\\\/09\\\/07\\\/se-graduan-mas-de-300-estudiantes-de-la-generacion-2019-2024-de-la-facultad-de-arquitectura-de-la-uas\\\/#breadcrumb\",\"itemListElement\":[{\"@type\":\"ListItem\",\"position\":1,\"name\":\"Inicio\",\"item\":\"https:\\\/\\\/fuentesfidedignas.com.mx\\\/\"},{\"@type\":\"ListItem\",\"position\":2,\"name\":\"Se grad\u00faan m\u00e1s de 300 estudiantes de la Generaci\u00f3n 2019-2024 de la Facultad de Arquitectura de la UAS\"}]},{\"@type\":\"WebSite\",\"@id\":\"https:\\\/\\\/fuentesfidedignas.com.mx\\\/#website\",\"url\":\"https:\\\/\\\/fuentesfidedignas.com.mx\\\/\",\"name\":\"Fuentes Fidedignas\",\"description\":\"Otro sitio realizado con WordPress\",\"publisher\":{\"@id\":\"https:\\\/\\\/fuentesfidedignas.com.mx\\\/#organization\"},\"potentialAction\":[{\"@type\":\"SearchAction\",\"target\":{\"@type\":\"EntryPoint\",\"urlTemplate\":\"https:\\\/\\\/fuentesfidedignas.com.mx\\\/?s={search_term_string}\"},\"query-input\":{\"@type\":\"PropertyValueSpecification\",\"valueRequired\":true,\"valueName\":\"search_term_string\"}}],\"inLanguage\":\"es\"},{\"@type\":\"Organization\",\"@id\":\"https:\\\/\\\/fuentesfidedignas.com.mx\\\/#organization\",\"name\":\"Fuentes Fidedignas\",\"url\":\"https:\\\/\\\/fuentesfidedignas.com.mx\\\/\",\"logo\":{\"@type\":\"ImageObject\",\"inLanguage\":\"es\",\"@id\":\"https:\\\/\\\/fuentesfidedignas.com.mx\\\/#\\\/schema\\\/logo\\\/image\\\/\",\"url\":\"https:\\\/\\\/fuentesfidedignas.com.mx\\\/wp-content\\\/uploads\\\/2021\\\/04\\\/logo-retina.png\",\"contentUrl\":\"https:\\\/\\\/fuentesfidedignas.com.mx\\\/wp-content\\\/uploads\\\/2021\\\/04\\\/logo-retina.png\",\"width\":280,\"height\":51,\"caption\":\"Fuentes Fidedignas\"},\"image\":{\"@id\":\"https:\\\/\\\/fuentesfidedignas.com.mx\\\/#\\\/schema\\\/logo\\\/image\\\/\"},\"sameAs\":[\"https:\\\/\\\/www.facebook.com\\\/Fuentes-Fidedignas-368234489921644\",\"https:\\\/\\\/x.com\\\/fidedignas\"]},{\"@type\":\"Person\",\"@id\":\"https:\\\/\\\/fuentesfidedignas.com.mx\\\/#\\\/schema\\\/person\\\/67d852f0557c8509146a4b9ddebd543a\",\"name\":\"L\u00f3pez D\u00f3riga\",\"image\":{\"@type\":\"ImageObject\",\"inLanguage\":\"es\",\"@id\":\"https:\\\/\\\/secure.gravatar.com\\\/avatar\\\/e525b06574ca18b33cded59dfe5778d6c823b9513154eff47da551b0551bdd1e?s=96&d=mm&r=g\",\"url\":\"https:\\\/\\\/secure.gravatar.com\\\/avatar\\\/e525b06574ca18b33cded59dfe5778d6c823b9513154eff47da551b0551bdd1e?s=96&d=mm&r=g\",\"contentUrl\":\"https:\\\/\\\/secure.gravatar.com\\\/avatar\\\/e525b06574ca18b33cded59dfe5778d6c823b9513154eff47da551b0551bdd1e?s=96&d=mm&r=g\",\"caption\":\"L\u00f3pez D\u00f3riga\"},\"url\":\"https:\\\/\\\/fuentesfidedignas.com.mx\\\/index.php\\\/author\\\/doriga\\\/\"}]}<\/script>\n<!-- \/ Yoast SEO plugin. -->","yoast_head_json":{"title":"Se grad\u00faan m\u00e1s de 300 estudiantes de la Generaci\u00f3n 2019-2024 de la Facultad de Arquitectura de la UAS - Fuentes Fidedignas","robots":{"index":"index","follow":"follow","max-snippet":"max-snippet:-1","max-image-preview":"max-image-preview:large","max-video-preview":"max-video-preview:-1"},"canonical":"https:\/\/fuentesfidedignas.com.mx\/index.php\/2024\/09\/07\/se-graduan-mas-de-300-estudiantes-de-la-generacion-2019-2024-de-la-facultad-de-arquitectura-de-la-uas\/","og_locale":"es_MX","og_type":"article","og_title":"Se grad\u00faan m\u00e1s de 300 estudiantes de la Generaci\u00f3n 2019-2024 de la Facultad de Arquitectura de la UAS - Fuentes Fidedignas","og_description":"Culiac\u00e1n, Sin.- Con una prominente formaci\u00f3n acad\u00e9mica de alta calidad, m\u00e1s de 300 estudiantes de la Facultad de Arquitectura de la Universidad Aut\u00f3noma de Sinaloa (UAS), generaci\u00f3n 2019-2024, celebraron en una emotiva ceremonia de graduaci\u00f3n la culminaci\u00f3n de su etapa estudiantil profesional, en la cual se desarrollaron con s\u00f3lidos principios y valores.&nbsp; Los universitarios tanto [&hellip;]","og_url":"https:\/\/fuentesfidedignas.com.mx\/index.php\/2024\/09\/07\/se-graduan-mas-de-300-estudiantes-de-la-generacion-2019-2024-de-la-facultad-de-arquitectura-de-la-uas\/","og_site_name":"Fuentes Fidedignas","article_publisher":"https:\/\/www.facebook.com\/Fuentes-Fidedignas-368234489921644","article_published_time":"2024-09-07T15:56:25+00:00","og_image":[{"width":1920,"height":1275,"url":"https:\/\/fuentesfidedignas.com.mx\/wp-content\/uploads\/2024\/09\/img_7343-1.jpg","type":"image\/jpeg"}],"author":"L\u00f3pez D\u00f3riga","twitter_card":"summary_large_image","twitter_creator":"@fidedignas","twitter_site":"@fidedignas","twitter_misc":{"Escrito por":"L\u00f3pez D\u00f3riga","Tiempo de lectura":"3 minutos"},"schema":{"@context":"https:\/\/schema.org","@graph":[{"@type":"Article","@id":"https:\/\/fuentesfidedignas.com.mx\/index.php\/2024\/09\/07\/se-graduan-mas-de-300-estudiantes-de-la-generacion-2019-2024-de-la-facultad-de-arquitectura-de-la-uas\/#article","isPartOf":{"@id":"https:\/\/fuentesfidedignas.com.mx\/index.php\/2024\/09\/07\/se-graduan-mas-de-300-estudiantes-de-la-generacion-2019-2024-de-la-facultad-de-arquitectura-de-la-uas\/"},"author":{"name":"L\u00f3pez D\u00f3riga","@id":"https:\/\/fuentesfidedignas.com.mx\/#\/schema\/person\/67d852f0557c8509146a4b9ddebd543a"},"headline":"Se grad\u00faan m\u00e1s de 300 estudiantes de la Generaci\u00f3n 2019-2024 de la Facultad de Arquitectura de la UAS","datePublished":"2024-09-07T15:56:25+00:00","mainEntityOfPage":{"@id":"https:\/\/fuentesfidedignas.com.mx\/index.php\/2024\/09\/07\/se-graduan-mas-de-300-estudiantes-de-la-generacion-2019-2024-de-la-facultad-de-arquitectura-de-la-uas\/"},"wordCount":539,"publisher":{"@id":"https:\/\/fuentesfidedignas.com.mx\/#organization"},"image":{"@id":"https:\/\/fuentesfidedignas.com.mx\/index.php\/2024\/09\/07\/se-graduan-mas-de-300-estudiantes-de-la-generacion-2019-2024-de-la-facultad-de-arquitectura-de-la-uas\/#primaryimage"},"thumbnailUrl":"https:\/\/fuentesfidedignas.com.mx\/wp-content\/uploads\/2024\/09\/img_7343-1.jpg","articleSection":["NOTICIAS LOCALES"],"inLanguage":"es"},{"@type":"WebPage","@id":"https:\/\/fuentesfidedignas.com.mx\/index.php\/2024\/09\/07\/se-graduan-mas-de-300-estudiantes-de-la-generacion-2019-2024-de-la-facultad-de-arquitectura-de-la-uas\/","url":"https:\/\/fuentesfidedignas.com.mx\/index.php\/2024\/09\/07\/se-graduan-mas-de-300-estudiantes-de-la-generacion-2019-2024-de-la-facultad-de-arquitectura-de-la-uas\/","name":"Se grad\u00faan m\u00e1s de 300 estudiantes de la Generaci\u00f3n 2019-2024 de la Facultad de Arquitectura de la UAS - Fuentes Fidedignas","isPartOf":{"@id":"https:\/\/fuentesfidedignas.com.mx\/#website"},"primaryImageOfPage":{"@id":"https:\/\/fuentesfidedignas.com.mx\/index.php\/2024\/09\/07\/se-graduan-mas-de-300-estudiantes-de-la-generacion-2019-2024-de-la-facultad-de-arquitectura-de-la-uas\/#primaryimage"},"image":{"@id":"https:\/\/fuentesfidedignas.com.mx\/index.php\/2024\/09\/07\/se-graduan-mas-de-300-estudiantes-de-la-generacion-2019-2024-de-la-facultad-de-arquitectura-de-la-uas\/#primaryimage"},"thumbnailUrl":"https:\/\/fuentesfidedignas.com.mx\/wp-content\/uploads\/2024\/09\/img_7343-1.jpg","datePublished":"2024-09-07T15:56:25+00:00","breadcrumb":{"@id":"https:\/\/fuentesfidedignas.com.mx\/index.php\/2024\/09\/07\/se-graduan-mas-de-300-estudiantes-de-la-generacion-2019-2024-de-la-facultad-de-arquitectura-de-la-uas\/#breadcrumb"},"inLanguage":"es","potentialAction":[{"@type":"ReadAction","target":["https:\/\/fuentesfidedignas.com.mx\/index.php\/2024\/09\/07\/se-graduan-mas-de-300-estudiantes-de-la-generacion-2019-2024-de-la-facultad-de-arquitectura-de-la-uas\/"]}]},{"@type":"ImageObject","inLanguage":"es","@id":"https:\/\/fuentesfidedignas.com.mx\/index.php\/2024\/09\/07\/se-graduan-mas-de-300-estudiantes-de-la-generacion-2019-2024-de-la-facultad-de-arquitectura-de-la-uas\/#primaryimage","url":"https:\/\/fuentesfidedignas.com.mx\/wp-content\/uploads\/2024\/09\/img_7343-1.jpg","contentUrl":"https:\/\/fuentesfidedignas.com.mx\/wp-content\/uploads\/2024\/09\/img_7343-1.jpg","width":1920,"height":1275},{"@type":"BreadcrumbList","@id":"https:\/\/fuentesfidedignas.com.mx\/index.php\/2024\/09\/07\/se-graduan-mas-de-300-estudiantes-de-la-generacion-2019-2024-de-la-facultad-de-arquitectura-de-la-uas\/#breadcrumb","itemListElement":[{"@type":"ListItem","position":1,"name":"Inicio","item":"https:\/\/fuentesfidedignas.com.mx\/"},{"@type":"ListItem","position":2,"name":"Se grad\u00faan m\u00e1s de 300 estudiantes de la Generaci\u00f3n 2019-2024 de la Facultad de Arquitectura de la UAS"}]},{"@type":"WebSite","@id":"https:\/\/fuentesfidedignas.com.mx\/#website","url":"https:\/\/fuentesfidedignas.com.mx\/","name":"Fuentes Fidedignas","description":"Otro sitio realizado con WordPress","publisher":{"@id":"https:\/\/fuentesfidedignas.com.mx\/#organization"},"potentialAction":[{"@type":"SearchAction","target":{"@type":"EntryPoint","urlTemplate":"https:\/\/fuentesfidedignas.com.mx\/?s={search_term_string}"},"query-input":{"@type":"PropertyValueSpecification","valueRequired":true,"valueName":"search_term_string"}}],"inLanguage":"es"},{"@type":"Organization","@id":"https:\/\/fuentesfidedignas.com.mx\/#organization","name":"Fuentes Fidedignas","url":"https:\/\/fuentesfidedignas.com.mx\/","logo":{"@type":"ImageObject","inLanguage":"es","@id":"https:\/\/fuentesfidedignas.com.mx\/#\/schema\/logo\/image\/","url":"https:\/\/fuentesfidedignas.com.mx\/wp-content\/uploads\/2021\/04\/logo-retina.png","contentUrl":"https:\/\/fuentesfidedignas.com.mx\/wp-content\/uploads\/2021\/04\/logo-retina.png","width":280,"height":51,"caption":"Fuentes Fidedignas"},"image":{"@id":"https:\/\/fuentesfidedignas.com.mx\/#\/schema\/logo\/image\/"},"sameAs":["https:\/\/www.facebook.com\/Fuentes-Fidedignas-368234489921644","https:\/\/x.com\/fidedignas"]},{"@type":"Person","@id":"https:\/\/fuentesfidedignas.com.mx\/#\/schema\/person\/67d852f0557c8509146a4b9ddebd543a","name":"L\u00f3pez D\u00f3riga","image":{"@type":"ImageObject","inLanguage":"es","@id":"https:\/\/secure.gravatar.com\/avatar\/e525b06574ca18b33cded59dfe5778d6c823b9513154eff47da551b0551bdd1e?s=96&d=mm&r=g","url":"https:\/\/secure.gravatar.com\/avatar\/e525b06574ca18b33cded59dfe5778d6c823b9513154eff47da551b0551bdd1e?s=96&d=mm&r=g","contentUrl":"https:\/\/secure.gravatar.com\/avatar\/e525b06574ca18b33cded59dfe5778d6c823b9513154eff47da551b0551bdd1e?s=96&d=mm&r=g","caption":"L\u00f3pez D\u00f3riga"},"url":"https:\/\/fuentesfidedignas.com.mx\/index.php\/author\/doriga\/"}]}},"_links":{"self":[{"href":"https:\/\/fuentesfidedignas.com.mx\/index.php\/wp-json\/wp\/v2\/posts\/90591","targetHints":{"allow":["GET"]}}],"collection":[{"href":"https:\/\/fuentesfidedignas.com.mx\/index.php\/wp-json\/wp\/v2\/posts"}],"about":[{"href":"https:\/\/fuentesfidedignas.com.mx\/index.php\/wp-json\/wp\/v2\/types\/post"}],"author":[{"embeddable":true,"href":"https:\/\/fuentesfidedignas.com.mx\/index.php\/wp-json\/wp\/v2\/users\/47"}],"replies":[{"embeddable":true,"href":"https:\/\/fuentesfidedignas.com.mx\/index.php\/wp-json\/wp\/v2\/comments?post=90591"}],"version-history":[{"count":1,"href":"https:\/\/fuentesfidedignas.com.mx\/index.php\/wp-json\/wp\/v2\/posts\/90591\/revisions"}],"predecessor-version":[{"id":90592,"href":"https:\/\/fuentesfidedignas.com.mx\/index.php\/wp-json\/wp\/v2\/posts\/90591\/revisions\/90592"}],"wp:featuredmedia":[{"embeddable":true,"href":"https:\/\/fuentesfidedignas.com.mx\/index.php\/wp-json\/wp\/v2\/media\/90590"}],"wp:attachment":[{"href":"https:\/\/fuentesfidedignas.com.mx\/index.php\/wp-json\/wp\/v2\/media?parent=90591"}],"wp:term":[{"taxonomy":"category","embeddable":true,"href":"https:\/\/fuentesfidedignas.com.mx\/index.php\/wp-json\/wp\/v2\/categories?post=90591"},{"taxonomy":"post_tag","embeddable":true,"href":"https:\/\/fuentesfidedignas.com.mx\/index.php\/wp-json\/wp\/v2\/tags?post=90591"}],"curies":[{"name":"wp","href":"https:\/\/api.w.org\/{rel}","templated":true}]}}