{"id":90537,"date":"2024-09-06T12:39:57","date_gmt":"2024-09-06T19:39:57","guid":{"rendered":"https:\/\/fuentesfidedignas.com.mx\/?p=90537"},"modified":"2024-09-06T12:40:20","modified_gmt":"2024-09-06T19:40:20","slug":"dan-luz-verde-para-el-traslado-de-el-mayo-a-la-corte-de-brooklyn-en-nueva-york","status":"publish","type":"post","link":"https:\/\/fuentesfidedignas.com.mx\/index.php\/2024\/09\/06\/dan-luz-verde-para-el-traslado-de-el-mayo-a-la-corte-de-brooklyn-en-nueva-york\/","title":{"rendered":"Dan luz verde para el traslado de &#8220;El Mayo&#8221; a la Corte de Brooklyn en Nueva York"},"content":{"rendered":"\n<p><strong><em>La jueza tambi\u00e9n suspendi\u00f3 los plazos del proceso ya abierto en Texas<\/em><\/strong><\/p>\n\n\n\n<p>La jueza Kathleen Cardone dio la luz verde para el traslado de Ismael &#8220;El Mayo&#8221; Zambada a la Corte de Brooklyn en Nueva York.<\/p>\n\n\n\n<p>En la respuesta a\u00f1adi\u00f3 que el gobierno afirma que ha &#8220;iniciado el proceso para transportar al acusado desde el Distrito Occidental de Texas al Distrito Este de Nueva York de conformidad con una orden judicial&#8221;.<\/p>\n\n\n\n<p>Mencion\u00f3 que &#8220;el gobierno solicita que el acusado complete su procedimiento&#8221; en Nueva York, &#8220;antes de que se lleve a cabo cualquier procedimiento en este distrito&#8221;.<br>Play Video<\/p>\n\n\n\n<p>Adem\u00e1s, &#8220;el gobierno solicita que el tribunal anule las disposiciones de la ley de juicio r\u00e1pido y exima al acusado de presentarse a cualquier audiencia en este caso mientras el acusado permanezca en prisi\u00f3n&#8221; en NY.<\/p>\n\n\n\n<p>Tambi\u00e9n suspendi\u00f3 los plazos del proceso ya abierto en Texas.<\/p>\n\n\n\n<p>Zambada dijo el jueves que &#8220;no se opone&#8221; al pedido de la Fiscal\u00eda General estadounidense, que notific\u00f3 este jueves a las autoridades judiciales de Texas que el Distrito Este de Nueva York hab\u00eda iniciado &#8220;el proceso para transportar&#8221; al narcotraficante mexicano, seg\u00fan consta en documentos judiciales oficiales.<\/p>\n\n\n\n<p>En Nueva York, Zambada es acusado, entre otros cargos, de conspiraci\u00f3n para la fabricaci\u00f3n y distribuci\u00f3n internacional de drogas como coca\u00edna y fentanilo. El opioide sint\u00e9tico es prioridad en la pol\u00edtica antidrogas estadounidense y causante de una importante crisis sanitaria en el pa\u00eds.<\/p>\n\n\n\n<p>Zambada, de 76 a\u00f1os, ya tuvo dos comparecencias ante un tribunal en la ciudad fronteriza de El Paso, Texas, tras su detenci\u00f3n el 25 de julio en un aeropuerto de Santa Teresa, Nuevo M\u00e9xico, vecina de El Paso. All\u00ed lleg\u00f3 desde M\u00e9xico en un avi\u00f3n privado junto con Joaqu\u00edn Guzm\u00e1n L\u00f3pez, hijo del tambi\u00e9n narcotraficante Joaqu\u00edn &#8220;El Chapo&#8221; Guzm\u00e1n.<\/p>\n\n\n\n<p>Zambada cont\u00f3 que fue enga\u00f1ado por Guzm\u00e1n L\u00f3pez -procesado luego en Illinois- emboscado, secuestrado y tra\u00eddo por la fuerza. Cont\u00f3 que no hab\u00eda negociado su entrega con el gobierno estadounidense y en las audiencias en Texas se declar\u00f3 no culpable.<\/p>\n\n\n\n<p><strong>Cancelan audiencia de Zambada en El Paso<\/strong><br>El pasado mi\u00e9rcoles, la jueza federal Cardone hab\u00eda negado el pedido de traslado hecho por la Fiscal\u00eda General de Estados Unidos, bajo el argumento de que Zambada fue detenido en su jurisdicci\u00f3n y ten\u00eda cargos pendientes en Texas. La defensa argument\u00f3 adem\u00e1s que trasladarlo violaba su derecho a un juicio r\u00e1pido que ten\u00eda en este estado.<\/p>\n\n\n\n<p>Sin embargo, la Fiscal\u00eda insisti\u00f3 este jueves en su pedido y asegur\u00f3 que ya contaban con el benepl\u00e1cito del acusado para ser llevado a Nueva York y ser juzgado all\u00e1 primero. No se inform\u00f3 oficialmente si hubo alg\u00fan acuerdo entre las partes.<\/p>\n\n\n\n<p>La jueza Cardone pidi\u00f3 a Zambada que manifestara por escrito que est\u00e1 de acuerdo con el traslado, lo que finalmente ocurri\u00f3. Cardone cancel\u00f3 entonces la pr\u00f3xima audiencia de Zambada programada para el martes 9 de septiembre en El Paso.<\/p>\n\n\n\n<p>Tras su traslado, Zambada deber\u00e1 comparecer en fecha a determinar ante el mismo tribunal que proces\u00f3 a su hijo, Vicente Zambada Niebla, &#8220;El Vicentillo&#8221;, y que conden\u00f3 a cadena perpetua a &#8220;El Chapo&#8221;.<\/p>\n","protected":false},"excerpt":{"rendered":"<p>La jueza tambi\u00e9n suspendi\u00f3 los plazos del proceso ya abierto en Texas La jueza Kathleen Cardone dio la luz verde para el traslado de Ismael &#8220;El Mayo&#8221; Zambada a la Corte de Brooklyn en Nueva York. En la respuesta a\u00f1adi\u00f3 que el gobierno afirma que ha &#8220;iniciado el proceso para transportar al acusado desde el [&hellip;]<\/p>\n","protected":false},"author":12,"featured_media":88463,"comment_status":"open","ping_status":"open","sticky":false,"template":"","format":"standard","meta":{"tdm_status":"","tdm_grid_status":"","footnotes":""},"categories":[37],"tags":[],"class_list":{"0":"post-90537","1":"post","2":"type-post","3":"status-publish","4":"format-standard","5":"has-post-thumbnail","7":"category-nota-principal"},"yoast_head":"<!-- This site is optimized with the Yoast SEO plugin v27.5 - https:\/\/yoast.com\/product\/yoast-seo-wordpress\/ -->\n<title>Dan luz verde para el traslado de &quot;El Mayo&quot; a la Corte de Brooklyn en Nueva York - Fuentes Fidedignas<\/title>\n<meta name=\"robots\" content=\"index, follow, max-snippet:-1, max-image-preview:large, max-video-preview:-1\" \/>\n<link rel=\"canonical\" href=\"https:\/\/fuentesfidedignas.com.mx\/index.php\/2024\/09\/06\/dan-luz-verde-para-el-traslado-de-el-mayo-a-la-corte-de-brooklyn-en-nueva-york\/\" \/>\n<meta property=\"og:locale\" content=\"es_MX\" \/>\n<meta property=\"og:type\" content=\"article\" \/>\n<meta property=\"og:title\" content=\"Dan luz verde para el traslado de &quot;El Mayo&quot; a la Corte de Brooklyn en Nueva York - Fuentes Fidedignas\" \/>\n<meta property=\"og:description\" content=\"La jueza tambi\u00e9n suspendi\u00f3 los plazos del proceso ya abierto en Texas La jueza Kathleen Cardone dio la luz verde para el traslado de Ismael &#8220;El Mayo&#8221; Zambada a la Corte de Brooklyn en Nueva York. En la respuesta a\u00f1adi\u00f3 que el gobierno afirma que ha &#8220;iniciado el proceso para transportar al acusado desde el [&hellip;]\" \/>\n<meta property=\"og:url\" content=\"https:\/\/fuentesfidedignas.com.mx\/index.php\/2024\/09\/06\/dan-luz-verde-para-el-traslado-de-el-mayo-a-la-corte-de-brooklyn-en-nueva-york\/\" \/>\n<meta property=\"og:site_name\" content=\"Fuentes Fidedignas\" \/>\n<meta property=\"article:publisher\" content=\"https:\/\/www.facebook.com\/Fuentes-Fidedignas-368234489921644\" \/>\n<meta property=\"article:published_time\" content=\"2024-09-06T19:39:57+00:00\" \/>\n<meta property=\"article:modified_time\" content=\"2024-09-06T19:40:20+00:00\" \/>\n<meta property=\"og:image\" content=\"https:\/\/fuentesfidedignas.com.mx\/wp-content\/uploads\/2024\/08\/mayo_zambada.jpg\" \/>\n\t<meta property=\"og:image:width\" content=\"929\" \/>\n\t<meta property=\"og:image:height\" content=\"580\" \/>\n\t<meta property=\"og:image:type\" content=\"image\/jpeg\" \/>\n<meta name=\"author\" content=\"AFP\" \/>\n<meta name=\"twitter:card\" content=\"summary_large_image\" \/>\n<meta name=\"twitter:creator\" content=\"@fidedignas\" \/>\n<meta name=\"twitter:site\" content=\"@fidedignas\" \/>\n<meta name=\"twitter:label1\" content=\"Escrito por\" \/>\n\t<meta name=\"twitter:data1\" content=\"AFP\" \/>\n\t<meta name=\"twitter:label2\" content=\"Tiempo de lectura\" \/>\n\t<meta name=\"twitter:data2\" content=\"3 minutos\" \/>\n<script type=\"application\/ld+json\" class=\"yoast-schema-graph\">{\"@context\":\"https:\\\/\\\/schema.org\",\"@graph\":[{\"@type\":\"Article\",\"@id\":\"https:\\\/\\\/fuentesfidedignas.com.mx\\\/index.php\\\/2024\\\/09\\\/06\\\/dan-luz-verde-para-el-traslado-de-el-mayo-a-la-corte-de-brooklyn-en-nueva-york\\\/#article\",\"isPartOf\":{\"@id\":\"https:\\\/\\\/fuentesfidedignas.com.mx\\\/index.php\\\/2024\\\/09\\\/06\\\/dan-luz-verde-para-el-traslado-de-el-mayo-a-la-corte-de-brooklyn-en-nueva-york\\\/\"},\"author\":{\"name\":\"AFP\",\"@id\":\"https:\\\/\\\/fuentesfidedignas.com.mx\\\/#\\\/schema\\\/person\\\/1827b38c6cf89e1d6cc7d78ca3fae732\"},\"headline\":\"Dan luz verde para el traslado de &#8220;El Mayo&#8221; a la Corte de Brooklyn en Nueva York\",\"datePublished\":\"2024-09-06T19:39:57+00:00\",\"dateModified\":\"2024-09-06T19:40:20+00:00\",\"mainEntityOfPage\":{\"@id\":\"https:\\\/\\\/fuentesfidedignas.com.mx\\\/index.php\\\/2024\\\/09\\\/06\\\/dan-luz-verde-para-el-traslado-de-el-mayo-a-la-corte-de-brooklyn-en-nueva-york\\\/\"},\"wordCount\":569,\"commentCount\":0,\"publisher\":{\"@id\":\"https:\\\/\\\/fuentesfidedignas.com.mx\\\/#organization\"},\"image\":{\"@id\":\"https:\\\/\\\/fuentesfidedignas.com.mx\\\/index.php\\\/2024\\\/09\\\/06\\\/dan-luz-verde-para-el-traslado-de-el-mayo-a-la-corte-de-brooklyn-en-nueva-york\\\/#primaryimage\"},\"thumbnailUrl\":\"https:\\\/\\\/fuentesfidedignas.com.mx\\\/wp-content\\\/uploads\\\/2024\\\/08\\\/mayo_zambada.jpg\",\"articleSection\":[\"NOTA PRINCIPAL\"],\"inLanguage\":\"es\",\"potentialAction\":[{\"@type\":\"CommentAction\",\"name\":\"Comment\",\"target\":[\"https:\\\/\\\/fuentesfidedignas.com.mx\\\/index.php\\\/2024\\\/09\\\/06\\\/dan-luz-verde-para-el-traslado-de-el-mayo-a-la-corte-de-brooklyn-en-nueva-york\\\/#respond\"]}]},{\"@type\":\"WebPage\",\"@id\":\"https:\\\/\\\/fuentesfidedignas.com.mx\\\/index.php\\\/2024\\\/09\\\/06\\\/dan-luz-verde-para-el-traslado-de-el-mayo-a-la-corte-de-brooklyn-en-nueva-york\\\/\",\"url\":\"https:\\\/\\\/fuentesfidedignas.com.mx\\\/index.php\\\/2024\\\/09\\\/06\\\/dan-luz-verde-para-el-traslado-de-el-mayo-a-la-corte-de-brooklyn-en-nueva-york\\\/\",\"name\":\"Dan luz verde para el traslado de \\\"El Mayo\\\" a la Corte de Brooklyn en Nueva York - Fuentes Fidedignas\",\"isPartOf\":{\"@id\":\"https:\\\/\\\/fuentesfidedignas.com.mx\\\/#website\"},\"primaryImageOfPage\":{\"@id\":\"https:\\\/\\\/fuentesfidedignas.com.mx\\\/index.php\\\/2024\\\/09\\\/06\\\/dan-luz-verde-para-el-traslado-de-el-mayo-a-la-corte-de-brooklyn-en-nueva-york\\\/#primaryimage\"},\"image\":{\"@id\":\"https:\\\/\\\/fuentesfidedignas.com.mx\\\/index.php\\\/2024\\\/09\\\/06\\\/dan-luz-verde-para-el-traslado-de-el-mayo-a-la-corte-de-brooklyn-en-nueva-york\\\/#primaryimage\"},\"thumbnailUrl\":\"https:\\\/\\\/fuentesfidedignas.com.mx\\\/wp-content\\\/uploads\\\/2024\\\/08\\\/mayo_zambada.jpg\",\"datePublished\":\"2024-09-06T19:39:57+00:00\",\"dateModified\":\"2024-09-06T19:40:20+00:00\",\"breadcrumb\":{\"@id\":\"https:\\\/\\\/fuentesfidedignas.com.mx\\\/index.php\\\/2024\\\/09\\\/06\\\/dan-luz-verde-para-el-traslado-de-el-mayo-a-la-corte-de-brooklyn-en-nueva-york\\\/#breadcrumb\"},\"inLanguage\":\"es\",\"potentialAction\":[{\"@type\":\"ReadAction\",\"target\":[\"https:\\\/\\\/fuentesfidedignas.com.mx\\\/index.php\\\/2024\\\/09\\\/06\\\/dan-luz-verde-para-el-traslado-de-el-mayo-a-la-corte-de-brooklyn-en-nueva-york\\\/\"]}]},{\"@type\":\"ImageObject\",\"inLanguage\":\"es\",\"@id\":\"https:\\\/\\\/fuentesfidedignas.com.mx\\\/index.php\\\/2024\\\/09\\\/06\\\/dan-luz-verde-para-el-traslado-de-el-mayo-a-la-corte-de-brooklyn-en-nueva-york\\\/#primaryimage\",\"url\":\"https:\\\/\\\/fuentesfidedignas.com.mx\\\/wp-content\\\/uploads\\\/2024\\\/08\\\/mayo_zambada.jpg\",\"contentUrl\":\"https:\\\/\\\/fuentesfidedignas.com.mx\\\/wp-content\\\/uploads\\\/2024\\\/08\\\/mayo_zambada.jpg\",\"width\":929,\"height\":580},{\"@type\":\"BreadcrumbList\",\"@id\":\"https:\\\/\\\/fuentesfidedignas.com.mx\\\/index.php\\\/2024\\\/09\\\/06\\\/dan-luz-verde-para-el-traslado-de-el-mayo-a-la-corte-de-brooklyn-en-nueva-york\\\/#breadcrumb\",\"itemListElement\":[{\"@type\":\"ListItem\",\"position\":1,\"name\":\"Inicio\",\"item\":\"https:\\\/\\\/fuentesfidedignas.com.mx\\\/\"},{\"@type\":\"ListItem\",\"position\":2,\"name\":\"Dan luz verde para el traslado de &#8220;El Mayo&#8221; a la Corte de Brooklyn en Nueva York\"}]},{\"@type\":\"WebSite\",\"@id\":\"https:\\\/\\\/fuentesfidedignas.com.mx\\\/#website\",\"url\":\"https:\\\/\\\/fuentesfidedignas.com.mx\\\/\",\"name\":\"Fuentes Fidedignas\",\"description\":\"Otro sitio realizado con WordPress\",\"publisher\":{\"@id\":\"https:\\\/\\\/fuentesfidedignas.com.mx\\\/#organization\"},\"potentialAction\":[{\"@type\":\"SearchAction\",\"target\":{\"@type\":\"EntryPoint\",\"urlTemplate\":\"https:\\\/\\\/fuentesfidedignas.com.mx\\\/?s={search_term_string}\"},\"query-input\":{\"@type\":\"PropertyValueSpecification\",\"valueRequired\":true,\"valueName\":\"search_term_string\"}}],\"inLanguage\":\"es\"},{\"@type\":\"Organization\",\"@id\":\"https:\\\/\\\/fuentesfidedignas.com.mx\\\/#organization\",\"name\":\"Fuentes Fidedignas\",\"url\":\"https:\\\/\\\/fuentesfidedignas.com.mx\\\/\",\"logo\":{\"@type\":\"ImageObject\",\"inLanguage\":\"es\",\"@id\":\"https:\\\/\\\/fuentesfidedignas.com.mx\\\/#\\\/schema\\\/logo\\\/image\\\/\",\"url\":\"https:\\\/\\\/fuentesfidedignas.com.mx\\\/wp-content\\\/uploads\\\/2021\\\/04\\\/logo-retina.png\",\"contentUrl\":\"https:\\\/\\\/fuentesfidedignas.com.mx\\\/wp-content\\\/uploads\\\/2021\\\/04\\\/logo-retina.png\",\"width\":280,\"height\":51,\"caption\":\"Fuentes Fidedignas\"},\"image\":{\"@id\":\"https:\\\/\\\/fuentesfidedignas.com.mx\\\/#\\\/schema\\\/logo\\\/image\\\/\"},\"sameAs\":[\"https:\\\/\\\/www.facebook.com\\\/Fuentes-Fidedignas-368234489921644\",\"https:\\\/\\\/x.com\\\/fidedignas\"]},{\"@type\":\"Person\",\"@id\":\"https:\\\/\\\/fuentesfidedignas.com.mx\\\/#\\\/schema\\\/person\\\/1827b38c6cf89e1d6cc7d78ca3fae732\",\"name\":\"AFP\",\"image\":{\"@type\":\"ImageObject\",\"inLanguage\":\"es\",\"@id\":\"https:\\\/\\\/secure.gravatar.com\\\/avatar\\\/236827d2ee9bf15e1ea99e0c1cd1b467cffa55e324d177638d0f8de7950cbae6?s=96&d=mm&r=g\",\"url\":\"https:\\\/\\\/secure.gravatar.com\\\/avatar\\\/236827d2ee9bf15e1ea99e0c1cd1b467cffa55e324d177638d0f8de7950cbae6?s=96&d=mm&r=g\",\"contentUrl\":\"https:\\\/\\\/secure.gravatar.com\\\/avatar\\\/236827d2ee9bf15e1ea99e0c1cd1b467cffa55e324d177638d0f8de7950cbae6?s=96&d=mm&r=g\",\"caption\":\"AFP\"},\"url\":\"https:\\\/\\\/fuentesfidedignas.com.mx\\\/index.php\\\/author\\\/afp\\\/\"}]}<\/script>\n<!-- \/ Yoast SEO plugin. -->","yoast_head_json":{"title":"Dan luz verde para el traslado de \"El Mayo\" a la Corte de Brooklyn en Nueva York - Fuentes Fidedignas","robots":{"index":"index","follow":"follow","max-snippet":"max-snippet:-1","max-image-preview":"max-image-preview:large","max-video-preview":"max-video-preview:-1"},"canonical":"https:\/\/fuentesfidedignas.com.mx\/index.php\/2024\/09\/06\/dan-luz-verde-para-el-traslado-de-el-mayo-a-la-corte-de-brooklyn-en-nueva-york\/","og_locale":"es_MX","og_type":"article","og_title":"Dan luz verde para el traslado de \"El Mayo\" a la Corte de Brooklyn en Nueva York - Fuentes Fidedignas","og_description":"La jueza tambi\u00e9n suspendi\u00f3 los plazos del proceso ya abierto en Texas La jueza Kathleen Cardone dio la luz verde para el traslado de Ismael &#8220;El Mayo&#8221; Zambada a la Corte de Brooklyn en Nueva York. En la respuesta a\u00f1adi\u00f3 que el gobierno afirma que ha &#8220;iniciado el proceso para transportar al acusado desde el [&hellip;]","og_url":"https:\/\/fuentesfidedignas.com.mx\/index.php\/2024\/09\/06\/dan-luz-verde-para-el-traslado-de-el-mayo-a-la-corte-de-brooklyn-en-nueva-york\/","og_site_name":"Fuentes Fidedignas","article_publisher":"https:\/\/www.facebook.com\/Fuentes-Fidedignas-368234489921644","article_published_time":"2024-09-06T19:39:57+00:00","article_modified_time":"2024-09-06T19:40:20+00:00","og_image":[{"width":929,"height":580,"url":"https:\/\/fuentesfidedignas.com.mx\/wp-content\/uploads\/2024\/08\/mayo_zambada.jpg","type":"image\/jpeg"}],"author":"AFP","twitter_card":"summary_large_image","twitter_creator":"@fidedignas","twitter_site":"@fidedignas","twitter_misc":{"Escrito por":"AFP","Tiempo de lectura":"3 minutos"},"schema":{"@context":"https:\/\/schema.org","@graph":[{"@type":"Article","@id":"https:\/\/fuentesfidedignas.com.mx\/index.php\/2024\/09\/06\/dan-luz-verde-para-el-traslado-de-el-mayo-a-la-corte-de-brooklyn-en-nueva-york\/#article","isPartOf":{"@id":"https:\/\/fuentesfidedignas.com.mx\/index.php\/2024\/09\/06\/dan-luz-verde-para-el-traslado-de-el-mayo-a-la-corte-de-brooklyn-en-nueva-york\/"},"author":{"name":"AFP","@id":"https:\/\/fuentesfidedignas.com.mx\/#\/schema\/person\/1827b38c6cf89e1d6cc7d78ca3fae732"},"headline":"Dan luz verde para el traslado de &#8220;El Mayo&#8221; a la Corte de Brooklyn en Nueva York","datePublished":"2024-09-06T19:39:57+00:00","dateModified":"2024-09-06T19:40:20+00:00","mainEntityOfPage":{"@id":"https:\/\/fuentesfidedignas.com.mx\/index.php\/2024\/09\/06\/dan-luz-verde-para-el-traslado-de-el-mayo-a-la-corte-de-brooklyn-en-nueva-york\/"},"wordCount":569,"commentCount":0,"publisher":{"@id":"https:\/\/fuentesfidedignas.com.mx\/#organization"},"image":{"@id":"https:\/\/fuentesfidedignas.com.mx\/index.php\/2024\/09\/06\/dan-luz-verde-para-el-traslado-de-el-mayo-a-la-corte-de-brooklyn-en-nueva-york\/#primaryimage"},"thumbnailUrl":"https:\/\/fuentesfidedignas.com.mx\/wp-content\/uploads\/2024\/08\/mayo_zambada.jpg","articleSection":["NOTA PRINCIPAL"],"inLanguage":"es","potentialAction":[{"@type":"CommentAction","name":"Comment","target":["https:\/\/fuentesfidedignas.com.mx\/index.php\/2024\/09\/06\/dan-luz-verde-para-el-traslado-de-el-mayo-a-la-corte-de-brooklyn-en-nueva-york\/#respond"]}]},{"@type":"WebPage","@id":"https:\/\/fuentesfidedignas.com.mx\/index.php\/2024\/09\/06\/dan-luz-verde-para-el-traslado-de-el-mayo-a-la-corte-de-brooklyn-en-nueva-york\/","url":"https:\/\/fuentesfidedignas.com.mx\/index.php\/2024\/09\/06\/dan-luz-verde-para-el-traslado-de-el-mayo-a-la-corte-de-brooklyn-en-nueva-york\/","name":"Dan luz verde para el traslado de \"El Mayo\" a la Corte de Brooklyn en Nueva York - Fuentes Fidedignas","isPartOf":{"@id":"https:\/\/fuentesfidedignas.com.mx\/#website"},"primaryImageOfPage":{"@id":"https:\/\/fuentesfidedignas.com.mx\/index.php\/2024\/09\/06\/dan-luz-verde-para-el-traslado-de-el-mayo-a-la-corte-de-brooklyn-en-nueva-york\/#primaryimage"},"image":{"@id":"https:\/\/fuentesfidedignas.com.mx\/index.php\/2024\/09\/06\/dan-luz-verde-para-el-traslado-de-el-mayo-a-la-corte-de-brooklyn-en-nueva-york\/#primaryimage"},"thumbnailUrl":"https:\/\/fuentesfidedignas.com.mx\/wp-content\/uploads\/2024\/08\/mayo_zambada.jpg","datePublished":"2024-09-06T19:39:57+00:00","dateModified":"2024-09-06T19:40:20+00:00","breadcrumb":{"@id":"https:\/\/fuentesfidedignas.com.mx\/index.php\/2024\/09\/06\/dan-luz-verde-para-el-traslado-de-el-mayo-a-la-corte-de-brooklyn-en-nueva-york\/#breadcrumb"},"inLanguage":"es","potentialAction":[{"@type":"ReadAction","target":["https:\/\/fuentesfidedignas.com.mx\/index.php\/2024\/09\/06\/dan-luz-verde-para-el-traslado-de-el-mayo-a-la-corte-de-brooklyn-en-nueva-york\/"]}]},{"@type":"ImageObject","inLanguage":"es","@id":"https:\/\/fuentesfidedignas.com.mx\/index.php\/2024\/09\/06\/dan-luz-verde-para-el-traslado-de-el-mayo-a-la-corte-de-brooklyn-en-nueva-york\/#primaryimage","url":"https:\/\/fuentesfidedignas.com.mx\/wp-content\/uploads\/2024\/08\/mayo_zambada.jpg","contentUrl":"https:\/\/fuentesfidedignas.com.mx\/wp-content\/uploads\/2024\/08\/mayo_zambada.jpg","width":929,"height":580},{"@type":"BreadcrumbList","@id":"https:\/\/fuentesfidedignas.com.mx\/index.php\/2024\/09\/06\/dan-luz-verde-para-el-traslado-de-el-mayo-a-la-corte-de-brooklyn-en-nueva-york\/#breadcrumb","itemListElement":[{"@type":"ListItem","position":1,"name":"Inicio","item":"https:\/\/fuentesfidedignas.com.mx\/"},{"@type":"ListItem","position":2,"name":"Dan luz verde para el traslado de &#8220;El Mayo&#8221; a la Corte de Brooklyn en Nueva York"}]},{"@type":"WebSite","@id":"https:\/\/fuentesfidedignas.com.mx\/#website","url":"https:\/\/fuentesfidedignas.com.mx\/","name":"Fuentes Fidedignas","description":"Otro sitio realizado con WordPress","publisher":{"@id":"https:\/\/fuentesfidedignas.com.mx\/#organization"},"potentialAction":[{"@type":"SearchAction","target":{"@type":"EntryPoint","urlTemplate":"https:\/\/fuentesfidedignas.com.mx\/?s={search_term_string}"},"query-input":{"@type":"PropertyValueSpecification","valueRequired":true,"valueName":"search_term_string"}}],"inLanguage":"es"},{"@type":"Organization","@id":"https:\/\/fuentesfidedignas.com.mx\/#organization","name":"Fuentes Fidedignas","url":"https:\/\/fuentesfidedignas.com.mx\/","logo":{"@type":"ImageObject","inLanguage":"es","@id":"https:\/\/fuentesfidedignas.com.mx\/#\/schema\/logo\/image\/","url":"https:\/\/fuentesfidedignas.com.mx\/wp-content\/uploads\/2021\/04\/logo-retina.png","contentUrl":"https:\/\/fuentesfidedignas.com.mx\/wp-content\/uploads\/2021\/04\/logo-retina.png","width":280,"height":51,"caption":"Fuentes Fidedignas"},"image":{"@id":"https:\/\/fuentesfidedignas.com.mx\/#\/schema\/logo\/image\/"},"sameAs":["https:\/\/www.facebook.com\/Fuentes-Fidedignas-368234489921644","https:\/\/x.com\/fidedignas"]},{"@type":"Person","@id":"https:\/\/fuentesfidedignas.com.mx\/#\/schema\/person\/1827b38c6cf89e1d6cc7d78ca3fae732","name":"AFP","image":{"@type":"ImageObject","inLanguage":"es","@id":"https:\/\/secure.gravatar.com\/avatar\/236827d2ee9bf15e1ea99e0c1cd1b467cffa55e324d177638d0f8de7950cbae6?s=96&d=mm&r=g","url":"https:\/\/secure.gravatar.com\/avatar\/236827d2ee9bf15e1ea99e0c1cd1b467cffa55e324d177638d0f8de7950cbae6?s=96&d=mm&r=g","contentUrl":"https:\/\/secure.gravatar.com\/avatar\/236827d2ee9bf15e1ea99e0c1cd1b467cffa55e324d177638d0f8de7950cbae6?s=96&d=mm&r=g","caption":"AFP"},"url":"https:\/\/fuentesfidedignas.com.mx\/index.php\/author\/afp\/"}]}},"_links":{"self":[{"href":"https:\/\/fuentesfidedignas.com.mx\/index.php\/wp-json\/wp\/v2\/posts\/90537","targetHints":{"allow":["GET"]}}],"collection":[{"href":"https:\/\/fuentesfidedignas.com.mx\/index.php\/wp-json\/wp\/v2\/posts"}],"about":[{"href":"https:\/\/fuentesfidedignas.com.mx\/index.php\/wp-json\/wp\/v2\/types\/post"}],"author":[{"embeddable":true,"href":"https:\/\/fuentesfidedignas.com.mx\/index.php\/wp-json\/wp\/v2\/users\/12"}],"replies":[{"embeddable":true,"href":"https:\/\/fuentesfidedignas.com.mx\/index.php\/wp-json\/wp\/v2\/comments?post=90537"}],"version-history":[{"count":1,"href":"https:\/\/fuentesfidedignas.com.mx\/index.php\/wp-json\/wp\/v2\/posts\/90537\/revisions"}],"predecessor-version":[{"id":90538,"href":"https:\/\/fuentesfidedignas.com.mx\/index.php\/wp-json\/wp\/v2\/posts\/90537\/revisions\/90538"}],"wp:featuredmedia":[{"embeddable":true,"href":"https:\/\/fuentesfidedignas.com.mx\/index.php\/wp-json\/wp\/v2\/media\/88463"}],"wp:attachment":[{"href":"https:\/\/fuentesfidedignas.com.mx\/index.php\/wp-json\/wp\/v2\/media?parent=90537"}],"wp:term":[{"taxonomy":"category","embeddable":true,"href":"https:\/\/fuentesfidedignas.com.mx\/index.php\/wp-json\/wp\/v2\/categories?post=90537"},{"taxonomy":"post_tag","embeddable":true,"href":"https:\/\/fuentesfidedignas.com.mx\/index.php\/wp-json\/wp\/v2\/tags?post=90537"}],"curies":[{"name":"wp","href":"https:\/\/api.w.org\/{rel}","templated":true}]}}