{"id":90506,"date":"2024-09-06T06:37:10","date_gmt":"2024-09-06T13:37:10","guid":{"rendered":"https:\/\/fuentesfidedignas.com.mx\/?p=90506"},"modified":"2024-09-06T09:31:24","modified_gmt":"2024-09-06T16:31:24","slug":"periodismo-estilo-de-vida-pero-tambien-de-muerte","status":"publish","type":"post","link":"https:\/\/fuentesfidedignas.com.mx\/index.php\/2024\/09\/06\/periodismo-estilo-de-vida-pero-tambien-de-muerte\/","title":{"rendered":"Periodismo, estilo de vida pero tambi\u00e9n de muerte"},"content":{"rendered":"\n<p>Como la tauromaquia, el periodismo es un estilo de vida pero tambi\u00e9n de muerte cuando se ejerce en arenas de dictaduras, reg\u00edmenes antidemocr\u00e1ticos o en M\u00e9xico, el pa\u00eds m\u00e1s peligroso para ejercer la libertad de expresi\u00f3n, seg\u00fan Amnist\u00eda Internacional.<\/p>\n\n\n\n<p>El pasado mes de agosto, el Instituto de Protecci\u00f3n de Personas Defensoras de Derechos Humanos y Periodistas de Sinaloa cumpli\u00f3 2 a\u00f1os de operaciones, plazo en el que si bien es cierto las agresiones contra estos dos grupos vulnerables han escalado, tambi\u00e9n es verdad que no aument\u00f3 la tr\u00e1gica lista de 28 periodistas y 7 activistas asesinados o desparecidos en la historia contempor\u00e1nea de Sinaloa. Y no aument\u00f3 a pesar de que en este per\u00edodo reporteros, fot\u00f3grafos y camar\u00f3grafos se jugaron la vida durante la cobertura informativa de 2 jueves negros o culiacanazos y reportaron la violencia que rode\u00f3 a la elecci\u00f3n presidencial del 2 de junio que cost\u00f3 la vida a por lo menos 34 candidatos o aspirantes a cargos de elecci\u00f3n popular.<\/p>\n\n\n\n<p>De agosto de 2022 a julio de 2024, el Instituto otorg\u00f3 770 medidas de protecci\u00f3n a periodistas y defensores de la entidad, desglosadas en 49 de urgente protecci\u00f3n, 369 de protecci\u00f3n, 114 de atenci\u00f3n y 23 acciones preventivas. Por efecto directo de su actividad profesional, fueron agredidos 60 activistas y 58 periodistas, a un ritmo de 4.9 agresiones mensuales. Los agresores fueron 61 particulares presuntamente vinculados con actividades criminales, 35 particulares, 15 servidores p\u00fablicos de primer nivel (gobernador, secretarios, etc.), 13 servidores p\u00fablicos estatales, 6 servidores p\u00fablicos municipales y 6 servidores p\u00fablicos armados (polic\u00edas). El mayor registro ocurri\u00f3 precisamente en enero de 2023 durante la segunda captura de Ovidio Guzm\u00e1n y en mayo de 2024 en medio de la violencia electoral.<\/p>\n\n\n\n<p>Las agresiones fueron, en este orden, amenazas; descalificaci\u00f3n; sustracci\u00f3n de equipo de trabajo; obstaculizaci\u00f3n; lesiones; privaci\u00f3n de la libertad; censura; da\u00f1os a inmueble y acoso laboral; amenaza por raz\u00f3n de g\u00e9nero; ataque cibern\u00e9tico; violencia digital; y ataque con arma de fuego.<\/p>\n\n\n\n<p>Personal de capacitaci\u00f3n del instituto ya recorri\u00f3 7 veces el estado, ha elaborado protocolos para la evaluaci\u00f3n de riesgos y manuales de autoprotecci\u00f3n; dispone de un mapa de riesgo y un censo de usuarios que se actualizan permanentemente; coordina la red de protecci\u00f3n en la que participan mecanismos de 11 estados del pa\u00eds y ha desplegado una intensa labor para difundir la Ley de Protecci\u00f3n, as\u00ed como los servicios sociales que presta.<\/p>\n\n\n\n<p>Su directora, Jhenny Judith Bernal Arellano, ha puesto especial atenci\u00f3n en reunirse con servidores p\u00fablicos, particularmente con jefes y agentes policiales estatales y municipales, para informarles que el Art\u00edculo 283 Bis y Bis A del C\u00f3digo Penal aplica sanci\u00f3n de seis meses a cuatro a\u00f1os de prisi\u00f3n a quien utilizando violencia evite, obstaculice, impida o reprima la libertad de expresi\u00f3n o la actividad de defensores de derechos humanos. Cuando el delito sea cometido por un servidor p\u00fablico, la pena ser\u00e1 hasta de 8 a\u00f1os de prisi\u00f3n.<\/p>\n\n\n\n<p>De acuerdo con las proyecciones estad\u00edsticas del propio Instituto, las agresiones a periodistas y defensores sinaloenses no tienden a disminuir sino todo lo contrario, pero hoy los periodistas y activistas sinaloenses tienen herramientas de capacitaci\u00f3n y protecci\u00f3n que pueden reducir los riesgos de la labor m\u00e1s peligrosa en M\u00e9xico que del a\u00f1o 2000 a la fecha ha cobrado la vida de 167 periodistas, muchos m\u00e1s que los toreros muertos en faenas suicidas.<\/p>\n\n\n\n<figure class=\"wp-block-embed is-type-video is-provider-youtube wp-block-embed-youtube wp-embed-aspect-16-9 wp-has-aspect-ratio\"><div class=\"wp-block-embed__wrapper\">\n<iframe loading=\"lazy\" title=\"Periodismo, estilo de vida pero tambi\u00e9n de muerte\" width=\"696\" height=\"392\" src=\"https:\/\/www.youtube.com\/embed\/-0msCysNkXo?feature=oembed\" frameborder=\"0\" allow=\"accelerometer; autoplay; clipboard-write; encrypted-media; gyroscope; picture-in-picture; web-share\" referrerpolicy=\"strict-origin-when-cross-origin\" allowfullscreen><\/iframe>\n<\/div><\/figure>\n","protected":false},"excerpt":{"rendered":"<p>Como la tauromaquia, el periodismo es un estilo de vida pero tambi\u00e9n de muerte cuando se ejerce en arenas de dictaduras, reg\u00edmenes antidemocr\u00e1ticos o en M\u00e9xico, el pa\u00eds m\u00e1s peligroso para ejercer la libertad de expresi\u00f3n, seg\u00fan Amnist\u00eda Internacional. El pasado mes de agosto, el Instituto de Protecci\u00f3n de Personas Defensoras de Derechos Humanos y [&hellip;]<\/p>\n","protected":false},"author":132,"featured_media":90527,"comment_status":"open","ping_status":"open","sticky":false,"template":"","format":"standard","meta":{"tdm_status":"","tdm_grid_status":"","footnotes":""},"categories":[3064,2814],"tags":[],"class_list":{"0":"post-90506","1":"post","2":"type-post","3":"status-publish","4":"format-standard","5":"has-post-thumbnail","7":"category-columnas","8":"category-observatorio"},"yoast_head":"<!-- This site is optimized with the Yoast SEO plugin v27.5 - https:\/\/yoast.com\/product\/yoast-seo-wordpress\/ -->\n<title>Periodismo, estilo de vida pero tambi\u00e9n de muerte - Fuentes Fidedignas<\/title>\n<meta name=\"robots\" content=\"index, follow, max-snippet:-1, max-image-preview:large, max-video-preview:-1\" \/>\n<link rel=\"canonical\" href=\"https:\/\/fuentesfidedignas.com.mx\/index.php\/2024\/09\/06\/periodismo-estilo-de-vida-pero-tambien-de-muerte\/\" \/>\n<meta property=\"og:locale\" content=\"es_MX\" \/>\n<meta property=\"og:type\" content=\"article\" \/>\n<meta property=\"og:title\" content=\"Periodismo, estilo de vida pero tambi\u00e9n de muerte - Fuentes Fidedignas\" \/>\n<meta property=\"og:description\" content=\"Como la tauromaquia, el periodismo es un estilo de vida pero tambi\u00e9n de muerte cuando se ejerce en arenas de dictaduras, reg\u00edmenes antidemocr\u00e1ticos o en M\u00e9xico, el pa\u00eds m\u00e1s peligroso para ejercer la libertad de expresi\u00f3n, seg\u00fan Amnist\u00eda Internacional. El pasado mes de agosto, el Instituto de Protecci\u00f3n de Personas Defensoras de Derechos Humanos y [&hellip;]\" \/>\n<meta property=\"og:url\" content=\"https:\/\/fuentesfidedignas.com.mx\/index.php\/2024\/09\/06\/periodismo-estilo-de-vida-pero-tambien-de-muerte\/\" \/>\n<meta property=\"og:site_name\" content=\"Fuentes Fidedignas\" \/>\n<meta property=\"article:publisher\" content=\"https:\/\/www.facebook.com\/Fuentes-Fidedignas-368234489921644\" \/>\n<meta property=\"article:published_time\" content=\"2024-09-06T13:37:10+00:00\" \/>\n<meta property=\"article:modified_time\" content=\"2024-09-06T16:31:24+00:00\" \/>\n<meta property=\"og:image\" content=\"https:\/\/fuentesfidedignas.com.mx\/wp-content\/uploads\/2024\/09\/prensa-manifestacion.jpg\" \/>\n\t<meta property=\"og:image:width\" content=\"768\" \/>\n\t<meta property=\"og:image:height\" content=\"432\" \/>\n\t<meta property=\"og:image:type\" content=\"image\/jpeg\" \/>\n<meta name=\"author\" content=\"Mario Martini\" \/>\n<meta name=\"twitter:card\" content=\"summary_large_image\" \/>\n<meta name=\"twitter:creator\" content=\"@fidedignas\" \/>\n<meta name=\"twitter:site\" content=\"@fidedignas\" \/>\n<meta name=\"twitter:label1\" content=\"Escrito por\" \/>\n\t<meta name=\"twitter:data1\" content=\"Mario Martini\" \/>\n\t<meta name=\"twitter:label2\" content=\"Tiempo de lectura\" \/>\n\t<meta name=\"twitter:data2\" content=\"3 minutos\" \/>\n<script type=\"application\/ld+json\" class=\"yoast-schema-graph\">{\"@context\":\"https:\\\/\\\/schema.org\",\"@graph\":[{\"@type\":\"Article\",\"@id\":\"https:\\\/\\\/fuentesfidedignas.com.mx\\\/index.php\\\/2024\\\/09\\\/06\\\/periodismo-estilo-de-vida-pero-tambien-de-muerte\\\/#article\",\"isPartOf\":{\"@id\":\"https:\\\/\\\/fuentesfidedignas.com.mx\\\/index.php\\\/2024\\\/09\\\/06\\\/periodismo-estilo-de-vida-pero-tambien-de-muerte\\\/\"},\"author\":{\"name\":\"Mario Martini\",\"@id\":\"https:\\\/\\\/fuentesfidedignas.com.mx\\\/#\\\/schema\\\/person\\\/232c3eaed652e7094e12aae0a6b55782\"},\"headline\":\"Periodismo, estilo de vida pero tambi\u00e9n de muerte\",\"datePublished\":\"2024-09-06T13:37:10+00:00\",\"dateModified\":\"2024-09-06T16:31:24+00:00\",\"mainEntityOfPage\":{\"@id\":\"https:\\\/\\\/fuentesfidedignas.com.mx\\\/index.php\\\/2024\\\/09\\\/06\\\/periodismo-estilo-de-vida-pero-tambien-de-muerte\\\/\"},\"wordCount\":605,\"commentCount\":0,\"publisher\":{\"@id\":\"https:\\\/\\\/fuentesfidedignas.com.mx\\\/#organization\"},\"image\":{\"@id\":\"https:\\\/\\\/fuentesfidedignas.com.mx\\\/index.php\\\/2024\\\/09\\\/06\\\/periodismo-estilo-de-vida-pero-tambien-de-muerte\\\/#primaryimage\"},\"thumbnailUrl\":\"https:\\\/\\\/fuentesfidedignas.com.mx\\\/wp-content\\\/uploads\\\/2024\\\/09\\\/prensa-manifestacion.jpg\",\"articleSection\":[\"COLUMNAS\",\"OBSERVATORIO\"],\"inLanguage\":\"es\",\"potentialAction\":[{\"@type\":\"CommentAction\",\"name\":\"Comment\",\"target\":[\"https:\\\/\\\/fuentesfidedignas.com.mx\\\/index.php\\\/2024\\\/09\\\/06\\\/periodismo-estilo-de-vida-pero-tambien-de-muerte\\\/#respond\"]}]},{\"@type\":\"WebPage\",\"@id\":\"https:\\\/\\\/fuentesfidedignas.com.mx\\\/index.php\\\/2024\\\/09\\\/06\\\/periodismo-estilo-de-vida-pero-tambien-de-muerte\\\/\",\"url\":\"https:\\\/\\\/fuentesfidedignas.com.mx\\\/index.php\\\/2024\\\/09\\\/06\\\/periodismo-estilo-de-vida-pero-tambien-de-muerte\\\/\",\"name\":\"Periodismo, estilo de vida pero tambi\u00e9n de muerte - Fuentes Fidedignas\",\"isPartOf\":{\"@id\":\"https:\\\/\\\/fuentesfidedignas.com.mx\\\/#website\"},\"primaryImageOfPage\":{\"@id\":\"https:\\\/\\\/fuentesfidedignas.com.mx\\\/index.php\\\/2024\\\/09\\\/06\\\/periodismo-estilo-de-vida-pero-tambien-de-muerte\\\/#primaryimage\"},\"image\":{\"@id\":\"https:\\\/\\\/fuentesfidedignas.com.mx\\\/index.php\\\/2024\\\/09\\\/06\\\/periodismo-estilo-de-vida-pero-tambien-de-muerte\\\/#primaryimage\"},\"thumbnailUrl\":\"https:\\\/\\\/fuentesfidedignas.com.mx\\\/wp-content\\\/uploads\\\/2024\\\/09\\\/prensa-manifestacion.jpg\",\"datePublished\":\"2024-09-06T13:37:10+00:00\",\"dateModified\":\"2024-09-06T16:31:24+00:00\",\"breadcrumb\":{\"@id\":\"https:\\\/\\\/fuentesfidedignas.com.mx\\\/index.php\\\/2024\\\/09\\\/06\\\/periodismo-estilo-de-vida-pero-tambien-de-muerte\\\/#breadcrumb\"},\"inLanguage\":\"es\",\"potentialAction\":[{\"@type\":\"ReadAction\",\"target\":[\"https:\\\/\\\/fuentesfidedignas.com.mx\\\/index.php\\\/2024\\\/09\\\/06\\\/periodismo-estilo-de-vida-pero-tambien-de-muerte\\\/\"]}]},{\"@type\":\"ImageObject\",\"inLanguage\":\"es\",\"@id\":\"https:\\\/\\\/fuentesfidedignas.com.mx\\\/index.php\\\/2024\\\/09\\\/06\\\/periodismo-estilo-de-vida-pero-tambien-de-muerte\\\/#primaryimage\",\"url\":\"https:\\\/\\\/fuentesfidedignas.com.mx\\\/wp-content\\\/uploads\\\/2024\\\/09\\\/prensa-manifestacion.jpg\",\"contentUrl\":\"https:\\\/\\\/fuentesfidedignas.com.mx\\\/wp-content\\\/uploads\\\/2024\\\/09\\\/prensa-manifestacion.jpg\",\"width\":768,\"height\":432},{\"@type\":\"BreadcrumbList\",\"@id\":\"https:\\\/\\\/fuentesfidedignas.com.mx\\\/index.php\\\/2024\\\/09\\\/06\\\/periodismo-estilo-de-vida-pero-tambien-de-muerte\\\/#breadcrumb\",\"itemListElement\":[{\"@type\":\"ListItem\",\"position\":1,\"name\":\"Inicio\",\"item\":\"https:\\\/\\\/fuentesfidedignas.com.mx\\\/\"},{\"@type\":\"ListItem\",\"position\":2,\"name\":\"Periodismo, estilo de vida pero tambi\u00e9n de muerte\"}]},{\"@type\":\"WebSite\",\"@id\":\"https:\\\/\\\/fuentesfidedignas.com.mx\\\/#website\",\"url\":\"https:\\\/\\\/fuentesfidedignas.com.mx\\\/\",\"name\":\"Fuentes Fidedignas\",\"description\":\"Otro sitio realizado con WordPress\",\"publisher\":{\"@id\":\"https:\\\/\\\/fuentesfidedignas.com.mx\\\/#organization\"},\"potentialAction\":[{\"@type\":\"SearchAction\",\"target\":{\"@type\":\"EntryPoint\",\"urlTemplate\":\"https:\\\/\\\/fuentesfidedignas.com.mx\\\/?s={search_term_string}\"},\"query-input\":{\"@type\":\"PropertyValueSpecification\",\"valueRequired\":true,\"valueName\":\"search_term_string\"}}],\"inLanguage\":\"es\"},{\"@type\":\"Organization\",\"@id\":\"https:\\\/\\\/fuentesfidedignas.com.mx\\\/#organization\",\"name\":\"Fuentes Fidedignas\",\"url\":\"https:\\\/\\\/fuentesfidedignas.com.mx\\\/\",\"logo\":{\"@type\":\"ImageObject\",\"inLanguage\":\"es\",\"@id\":\"https:\\\/\\\/fuentesfidedignas.com.mx\\\/#\\\/schema\\\/logo\\\/image\\\/\",\"url\":\"https:\\\/\\\/fuentesfidedignas.com.mx\\\/wp-content\\\/uploads\\\/2021\\\/04\\\/logo-retina.png\",\"contentUrl\":\"https:\\\/\\\/fuentesfidedignas.com.mx\\\/wp-content\\\/uploads\\\/2021\\\/04\\\/logo-retina.png\",\"width\":280,\"height\":51,\"caption\":\"Fuentes Fidedignas\"},\"image\":{\"@id\":\"https:\\\/\\\/fuentesfidedignas.com.mx\\\/#\\\/schema\\\/logo\\\/image\\\/\"},\"sameAs\":[\"https:\\\/\\\/www.facebook.com\\\/Fuentes-Fidedignas-368234489921644\",\"https:\\\/\\\/x.com\\\/fidedignas\"]},{\"@type\":\"Person\",\"@id\":\"https:\\\/\\\/fuentesfidedignas.com.mx\\\/#\\\/schema\\\/person\\\/232c3eaed652e7094e12aae0a6b55782\",\"name\":\"Mario Martini\",\"image\":{\"@type\":\"ImageObject\",\"inLanguage\":\"es\",\"@id\":\"https:\\\/\\\/secure.gravatar.com\\\/avatar\\\/d2b02de885e6e0bdb2ea54e643b38f4d78d849161c256fadb5c36fa89d5d781a?s=96&d=mm&r=g\",\"url\":\"https:\\\/\\\/secure.gravatar.com\\\/avatar\\\/d2b02de885e6e0bdb2ea54e643b38f4d78d849161c256fadb5c36fa89d5d781a?s=96&d=mm&r=g\",\"contentUrl\":\"https:\\\/\\\/secure.gravatar.com\\\/avatar\\\/d2b02de885e6e0bdb2ea54e643b38f4d78d849161c256fadb5c36fa89d5d781a?s=96&d=mm&r=g\",\"caption\":\"Mario Martini\"},\"url\":\"https:\\\/\\\/fuentesfidedignas.com.mx\\\/index.php\\\/author\\\/mario-martini\\\/\"}]}<\/script>\n<!-- \/ Yoast SEO plugin. -->","yoast_head_json":{"title":"Periodismo, estilo de vida pero tambi\u00e9n de muerte - Fuentes Fidedignas","robots":{"index":"index","follow":"follow","max-snippet":"max-snippet:-1","max-image-preview":"max-image-preview:large","max-video-preview":"max-video-preview:-1"},"canonical":"https:\/\/fuentesfidedignas.com.mx\/index.php\/2024\/09\/06\/periodismo-estilo-de-vida-pero-tambien-de-muerte\/","og_locale":"es_MX","og_type":"article","og_title":"Periodismo, estilo de vida pero tambi\u00e9n de muerte - Fuentes Fidedignas","og_description":"Como la tauromaquia, el periodismo es un estilo de vida pero tambi\u00e9n de muerte cuando se ejerce en arenas de dictaduras, reg\u00edmenes antidemocr\u00e1ticos o en M\u00e9xico, el pa\u00eds m\u00e1s peligroso para ejercer la libertad de expresi\u00f3n, seg\u00fan Amnist\u00eda Internacional. El pasado mes de agosto, el Instituto de Protecci\u00f3n de Personas Defensoras de Derechos Humanos y [&hellip;]","og_url":"https:\/\/fuentesfidedignas.com.mx\/index.php\/2024\/09\/06\/periodismo-estilo-de-vida-pero-tambien-de-muerte\/","og_site_name":"Fuentes Fidedignas","article_publisher":"https:\/\/www.facebook.com\/Fuentes-Fidedignas-368234489921644","article_published_time":"2024-09-06T13:37:10+00:00","article_modified_time":"2024-09-06T16:31:24+00:00","og_image":[{"width":768,"height":432,"url":"https:\/\/fuentesfidedignas.com.mx\/wp-content\/uploads\/2024\/09\/prensa-manifestacion.jpg","type":"image\/jpeg"}],"author":"Mario Martini","twitter_card":"summary_large_image","twitter_creator":"@fidedignas","twitter_site":"@fidedignas","twitter_misc":{"Escrito por":"Mario Martini","Tiempo de lectura":"3 minutos"},"schema":{"@context":"https:\/\/schema.org","@graph":[{"@type":"Article","@id":"https:\/\/fuentesfidedignas.com.mx\/index.php\/2024\/09\/06\/periodismo-estilo-de-vida-pero-tambien-de-muerte\/#article","isPartOf":{"@id":"https:\/\/fuentesfidedignas.com.mx\/index.php\/2024\/09\/06\/periodismo-estilo-de-vida-pero-tambien-de-muerte\/"},"author":{"name":"Mario Martini","@id":"https:\/\/fuentesfidedignas.com.mx\/#\/schema\/person\/232c3eaed652e7094e12aae0a6b55782"},"headline":"Periodismo, estilo de vida pero tambi\u00e9n de muerte","datePublished":"2024-09-06T13:37:10+00:00","dateModified":"2024-09-06T16:31:24+00:00","mainEntityOfPage":{"@id":"https:\/\/fuentesfidedignas.com.mx\/index.php\/2024\/09\/06\/periodismo-estilo-de-vida-pero-tambien-de-muerte\/"},"wordCount":605,"commentCount":0,"publisher":{"@id":"https:\/\/fuentesfidedignas.com.mx\/#organization"},"image":{"@id":"https:\/\/fuentesfidedignas.com.mx\/index.php\/2024\/09\/06\/periodismo-estilo-de-vida-pero-tambien-de-muerte\/#primaryimage"},"thumbnailUrl":"https:\/\/fuentesfidedignas.com.mx\/wp-content\/uploads\/2024\/09\/prensa-manifestacion.jpg","articleSection":["COLUMNAS","OBSERVATORIO"],"inLanguage":"es","potentialAction":[{"@type":"CommentAction","name":"Comment","target":["https:\/\/fuentesfidedignas.com.mx\/index.php\/2024\/09\/06\/periodismo-estilo-de-vida-pero-tambien-de-muerte\/#respond"]}]},{"@type":"WebPage","@id":"https:\/\/fuentesfidedignas.com.mx\/index.php\/2024\/09\/06\/periodismo-estilo-de-vida-pero-tambien-de-muerte\/","url":"https:\/\/fuentesfidedignas.com.mx\/index.php\/2024\/09\/06\/periodismo-estilo-de-vida-pero-tambien-de-muerte\/","name":"Periodismo, estilo de vida pero tambi\u00e9n de muerte - Fuentes Fidedignas","isPartOf":{"@id":"https:\/\/fuentesfidedignas.com.mx\/#website"},"primaryImageOfPage":{"@id":"https:\/\/fuentesfidedignas.com.mx\/index.php\/2024\/09\/06\/periodismo-estilo-de-vida-pero-tambien-de-muerte\/#primaryimage"},"image":{"@id":"https:\/\/fuentesfidedignas.com.mx\/index.php\/2024\/09\/06\/periodismo-estilo-de-vida-pero-tambien-de-muerte\/#primaryimage"},"thumbnailUrl":"https:\/\/fuentesfidedignas.com.mx\/wp-content\/uploads\/2024\/09\/prensa-manifestacion.jpg","datePublished":"2024-09-06T13:37:10+00:00","dateModified":"2024-09-06T16:31:24+00:00","breadcrumb":{"@id":"https:\/\/fuentesfidedignas.com.mx\/index.php\/2024\/09\/06\/periodismo-estilo-de-vida-pero-tambien-de-muerte\/#breadcrumb"},"inLanguage":"es","potentialAction":[{"@type":"ReadAction","target":["https:\/\/fuentesfidedignas.com.mx\/index.php\/2024\/09\/06\/periodismo-estilo-de-vida-pero-tambien-de-muerte\/"]}]},{"@type":"ImageObject","inLanguage":"es","@id":"https:\/\/fuentesfidedignas.com.mx\/index.php\/2024\/09\/06\/periodismo-estilo-de-vida-pero-tambien-de-muerte\/#primaryimage","url":"https:\/\/fuentesfidedignas.com.mx\/wp-content\/uploads\/2024\/09\/prensa-manifestacion.jpg","contentUrl":"https:\/\/fuentesfidedignas.com.mx\/wp-content\/uploads\/2024\/09\/prensa-manifestacion.jpg","width":768,"height":432},{"@type":"BreadcrumbList","@id":"https:\/\/fuentesfidedignas.com.mx\/index.php\/2024\/09\/06\/periodismo-estilo-de-vida-pero-tambien-de-muerte\/#breadcrumb","itemListElement":[{"@type":"ListItem","position":1,"name":"Inicio","item":"https:\/\/fuentesfidedignas.com.mx\/"},{"@type":"ListItem","position":2,"name":"Periodismo, estilo de vida pero tambi\u00e9n de muerte"}]},{"@type":"WebSite","@id":"https:\/\/fuentesfidedignas.com.mx\/#website","url":"https:\/\/fuentesfidedignas.com.mx\/","name":"Fuentes Fidedignas","description":"Otro sitio realizado con WordPress","publisher":{"@id":"https:\/\/fuentesfidedignas.com.mx\/#organization"},"potentialAction":[{"@type":"SearchAction","target":{"@type":"EntryPoint","urlTemplate":"https:\/\/fuentesfidedignas.com.mx\/?s={search_term_string}"},"query-input":{"@type":"PropertyValueSpecification","valueRequired":true,"valueName":"search_term_string"}}],"inLanguage":"es"},{"@type":"Organization","@id":"https:\/\/fuentesfidedignas.com.mx\/#organization","name":"Fuentes Fidedignas","url":"https:\/\/fuentesfidedignas.com.mx\/","logo":{"@type":"ImageObject","inLanguage":"es","@id":"https:\/\/fuentesfidedignas.com.mx\/#\/schema\/logo\/image\/","url":"https:\/\/fuentesfidedignas.com.mx\/wp-content\/uploads\/2021\/04\/logo-retina.png","contentUrl":"https:\/\/fuentesfidedignas.com.mx\/wp-content\/uploads\/2021\/04\/logo-retina.png","width":280,"height":51,"caption":"Fuentes Fidedignas"},"image":{"@id":"https:\/\/fuentesfidedignas.com.mx\/#\/schema\/logo\/image\/"},"sameAs":["https:\/\/www.facebook.com\/Fuentes-Fidedignas-368234489921644","https:\/\/x.com\/fidedignas"]},{"@type":"Person","@id":"https:\/\/fuentesfidedignas.com.mx\/#\/schema\/person\/232c3eaed652e7094e12aae0a6b55782","name":"Mario Martini","image":{"@type":"ImageObject","inLanguage":"es","@id":"https:\/\/secure.gravatar.com\/avatar\/d2b02de885e6e0bdb2ea54e643b38f4d78d849161c256fadb5c36fa89d5d781a?s=96&d=mm&r=g","url":"https:\/\/secure.gravatar.com\/avatar\/d2b02de885e6e0bdb2ea54e643b38f4d78d849161c256fadb5c36fa89d5d781a?s=96&d=mm&r=g","contentUrl":"https:\/\/secure.gravatar.com\/avatar\/d2b02de885e6e0bdb2ea54e643b38f4d78d849161c256fadb5c36fa89d5d781a?s=96&d=mm&r=g","caption":"Mario Martini"},"url":"https:\/\/fuentesfidedignas.com.mx\/index.php\/author\/mario-martini\/"}]}},"_links":{"self":[{"href":"https:\/\/fuentesfidedignas.com.mx\/index.php\/wp-json\/wp\/v2\/posts\/90506","targetHints":{"allow":["GET"]}}],"collection":[{"href":"https:\/\/fuentesfidedignas.com.mx\/index.php\/wp-json\/wp\/v2\/posts"}],"about":[{"href":"https:\/\/fuentesfidedignas.com.mx\/index.php\/wp-json\/wp\/v2\/types\/post"}],"author":[{"embeddable":true,"href":"https:\/\/fuentesfidedignas.com.mx\/index.php\/wp-json\/wp\/v2\/users\/132"}],"replies":[{"embeddable":true,"href":"https:\/\/fuentesfidedignas.com.mx\/index.php\/wp-json\/wp\/v2\/comments?post=90506"}],"version-history":[{"count":2,"href":"https:\/\/fuentesfidedignas.com.mx\/index.php\/wp-json\/wp\/v2\/posts\/90506\/revisions"}],"predecessor-version":[{"id":90528,"href":"https:\/\/fuentesfidedignas.com.mx\/index.php\/wp-json\/wp\/v2\/posts\/90506\/revisions\/90528"}],"wp:featuredmedia":[{"embeddable":true,"href":"https:\/\/fuentesfidedignas.com.mx\/index.php\/wp-json\/wp\/v2\/media\/90527"}],"wp:attachment":[{"href":"https:\/\/fuentesfidedignas.com.mx\/index.php\/wp-json\/wp\/v2\/media?parent=90506"}],"wp:term":[{"taxonomy":"category","embeddable":true,"href":"https:\/\/fuentesfidedignas.com.mx\/index.php\/wp-json\/wp\/v2\/categories?post=90506"},{"taxonomy":"post_tag","embeddable":true,"href":"https:\/\/fuentesfidedignas.com.mx\/index.php\/wp-json\/wp\/v2\/tags?post=90506"}],"curies":[{"name":"wp","href":"https:\/\/api.w.org\/{rel}","templated":true}]}}