{"id":90484,"date":"2024-09-05T17:23:00","date_gmt":"2024-09-06T00:23:00","guid":{"rendered":"https:\/\/fuentesfidedignas.com.mx\/?p=90484"},"modified":"2024-09-05T16:47:04","modified_gmt":"2024-09-05T23:47:04","slug":"senadores-eligen-xicotencatl-como-sede-alterna-para-discutir-reforma-judicial","status":"publish","type":"post","link":"https:\/\/fuentesfidedignas.com.mx\/index.php\/2024\/09\/05\/senadores-eligen-xicotencatl-como-sede-alterna-para-discutir-reforma-judicial\/","title":{"rendered":"Senadores eligen Xicot\u00e9ncatl como sede alterna para discutir reforma judicial"},"content":{"rendered":"\n<p><strong><em>Ante el bloqueo de la C\u00e1mara Alta, senadores trasladar\u00e1n la discusi\u00f3n de la reforma judicial a la casona de Xicot\u00e9ncatl<\/em><\/strong><\/p>\n\n\n\n<p>Los senadores trasladar\u00e1n el avance de la reforma judicial a la casona de Xicot\u00e9ncatl, antigua sede de la C\u00e1mara Alta, tras las manifestaciones que realizan jueces y trabajadores del Poder Judicial para impedir su aprobaci\u00f3n la pr\u00f3xima semana.<\/p>\n\n\n\n<p>El presidente del Senado de la Rep\u00fablica, Gerardo Fern\u00e1ndez Noro\u00f1a, se\u00f1al\u00f3 que esta determinaci\u00f3n se tom\u00f3 por \u201cla imposibilidad material para realizar la sesi\u00f3n en la sede principal\u201d.<\/p>\n\n\n\n<blockquote class=\"twitter-tweet\"><p lang=\"es\" dir=\"ltr\">\ud83d\udd34Mensaje del Presidente de la Mesa Directiva del <a href=\"https:\/\/twitter.com\/senadomexicano?ref_src=twsrc%5Etfw\">@senadomexicano<\/a>, <a href=\"https:\/\/twitter.com\/fernandeznorona?ref_src=twsrc%5Etfw\">@fernandeznorona<\/a>. <a href=\"https:\/\/t.co\/1fIZbKNdDB\">pic.twitter.com\/1fIZbKNdDB<\/a><\/p>&mdash; Senado de M\u00e9xico (@senadomexicano) <a href=\"https:\/\/twitter.com\/senadomexicano\/status\/1831759479832244449?ref_src=twsrc%5Etfw\">September 5, 2024<\/a><\/blockquote> <script async src=\"https:\/\/platform.twitter.com\/widgets.js\" charset=\"utf-8\"><\/script>\n\n\n\n<p>Desde las primeras horas del d\u00eda, cientos de jueces y trabajadores del Poder Judicial trasladaron, tras m\u00e1s de tres semanas de huelga, sus protestas al Senado para evitar que se apruebe la pol\u00e9mica reforma para elegir por voto popular a los juzgadores que aval\u00f3 el mi\u00e9rcoles la C\u00e1mara de Diputados.<\/p>\n\n\n\n<p>Por ello, el presidente del Senado cit\u00f3 casi una hora antes, a una sesi\u00f3n en la antigua casona de Xicot\u00e9ncatl, en el centro de la capital.<\/p>\n\n\n\n<p>En la sesi\u00f3n de este jueves, programada a las 11:00 h, que calific\u00f3 Fern\u00e1ndez Noro\u00f1a de \u201csencilla\u201d, se discutir\u00e1n 94 asuntos, entre los que destaca el anuncio oficial de la recepci\u00f3n del dictamen de reforma judicial con el aval de la mayor\u00eda oficialista de la C\u00e1mara de Diputados.<\/p>\n\n\n\n<p>\u201cHoy tenemos una sesi\u00f3n muy sencilla y vamos a llevarla a cabo. Yo recib\u00ed mandato, facultades para convocar a una sede alterna si hubiese dificultad material, que es el caso\u201d, indic\u00f3 en un videomensaje en redes sociales.<\/p>\n\n\n\n<p>Desde el martes, la C\u00e1mara de Senadores aprob\u00f3 diversos acuerdos para poder cambiar la sede de las sesiones y ser tramitadas de inmediato a las comisiones dictaminadoras, a fin de aprobar el dictamen en comisiones el pr\u00f3ximo domingo y en el pleno el mi\u00e9rcoles siguiente.<\/p>\n\n\n\n<p>No obstante, el senador oficialista dijo \u201crespetar el libre derecho de manifestaci\u00f3n m\u00e1s all\u00e1 de que compartamos o no los motivos de la protesta\u201d.<\/p>\n\n\n\n<p>Al respecto, el presidente del Senado mexicano sostuvo ayer que \u201cno hay poder en la tierra que pueda detener nuestro proceso legislativo\u201d para aprobar la reforma judicial.<\/p>\n\n\n\n<p>El Senado comenz\u00f3 un nuevo periodo de sesiones el domingo, con 85 de los 128 esca\u00f1os en manos de la alianza de tres partidos del oficialismo, por lo que solo requieren un voto m\u00e1s para alcanzar la mayor\u00eda calificada, de dos tercios de la C\u00e1mara alta, para modificar la Constituci\u00f3n.<\/p>\n\n\n\n<p>Mientras comenzaba la manifestaci\u00f3n en el Senado, el presidente Andr\u00e9s Manuel L\u00f3pez Obrador, principal impulsor de la reforma, argument\u00f3 que hay \u201cmucha desinformaci\u00f3n\u201d entre los trabajadores del Poder Judicial y los estudiantes que se oponen a su reforma.<\/p>\n","protected":false},"excerpt":{"rendered":"<p>Ante el bloqueo de la C\u00e1mara Alta, senadores trasladar\u00e1n la discusi\u00f3n de la reforma judicial a la casona de Xicot\u00e9ncatl Los senadores trasladar\u00e1n el avance de la reforma judicial a la casona de Xicot\u00e9ncatl, antigua sede de la C\u00e1mara Alta, tras las manifestaciones que realizan jueces y trabajadores del Poder Judicial para impedir su aprobaci\u00f3n [&hellip;]<\/p>\n","protected":false},"author":47,"featured_media":90485,"comment_status":"open","ping_status":"open","sticky":false,"template":"","format":"standard","meta":{"tdm_status":"","tdm_grid_status":"","footnotes":""},"categories":[39],"tags":[],"class_list":{"0":"post-90484","1":"post","2":"type-post","3":"status-publish","4":"format-standard","5":"has-post-thumbnail","7":"category-noticias-nacionales"},"yoast_head":"<!-- This site is optimized with the Yoast SEO plugin v27.5 - https:\/\/yoast.com\/product\/yoast-seo-wordpress\/ -->\n<title>Senadores eligen Xicot\u00e9ncatl como sede alterna para discutir reforma judicial - Fuentes Fidedignas<\/title>\n<meta name=\"robots\" content=\"index, follow, max-snippet:-1, max-image-preview:large, max-video-preview:-1\" \/>\n<link rel=\"canonical\" href=\"https:\/\/fuentesfidedignas.com.mx\/index.php\/2024\/09\/05\/senadores-eligen-xicotencatl-como-sede-alterna-para-discutir-reforma-judicial\/\" \/>\n<meta property=\"og:locale\" content=\"es_MX\" \/>\n<meta property=\"og:type\" content=\"article\" \/>\n<meta property=\"og:title\" content=\"Senadores eligen Xicot\u00e9ncatl como sede alterna para discutir reforma judicial - Fuentes Fidedignas\" \/>\n<meta property=\"og:description\" content=\"Ante el bloqueo de la C\u00e1mara Alta, senadores trasladar\u00e1n la discusi\u00f3n de la reforma judicial a la casona de Xicot\u00e9ncatl Los senadores trasladar\u00e1n el avance de la reforma judicial a la casona de Xicot\u00e9ncatl, antigua sede de la C\u00e1mara Alta, tras las manifestaciones que realizan jueces y trabajadores del Poder Judicial para impedir su aprobaci\u00f3n [&hellip;]\" \/>\n<meta property=\"og:url\" content=\"https:\/\/fuentesfidedignas.com.mx\/index.php\/2024\/09\/05\/senadores-eligen-xicotencatl-como-sede-alterna-para-discutir-reforma-judicial\/\" \/>\n<meta property=\"og:site_name\" content=\"Fuentes Fidedignas\" \/>\n<meta property=\"article:publisher\" content=\"https:\/\/www.facebook.com\/Fuentes-Fidedignas-368234489921644\" \/>\n<meta property=\"article:published_time\" content=\"2024-09-06T00:23:00+00:00\" \/>\n<meta property=\"og:image\" content=\"https:\/\/fuentesfidedignas.com.mx\/wp-content\/uploads\/2024\/09\/camara-de-senadores-casona-de-xicotencatl.jpg\" \/>\n\t<meta property=\"og:image:width\" content=\"650\" \/>\n\t<meta property=\"og:image:height\" content=\"365\" \/>\n\t<meta property=\"og:image:type\" content=\"image\/jpeg\" \/>\n<meta name=\"author\" content=\"L\u00f3pez D\u00f3riga\" \/>\n<meta name=\"twitter:card\" content=\"summary_large_image\" \/>\n<meta name=\"twitter:creator\" content=\"@fidedignas\" \/>\n<meta name=\"twitter:site\" content=\"@fidedignas\" \/>\n<meta name=\"twitter:label1\" content=\"Escrito por\" \/>\n\t<meta name=\"twitter:data1\" content=\"L\u00f3pez D\u00f3riga\" \/>\n\t<meta name=\"twitter:label2\" content=\"Tiempo de lectura\" \/>\n\t<meta name=\"twitter:data2\" content=\"3 minutos\" \/>\n<script type=\"application\/ld+json\" class=\"yoast-schema-graph\">{\"@context\":\"https:\\\/\\\/schema.org\",\"@graph\":[{\"@type\":\"Article\",\"@id\":\"https:\\\/\\\/fuentesfidedignas.com.mx\\\/index.php\\\/2024\\\/09\\\/05\\\/senadores-eligen-xicotencatl-como-sede-alterna-para-discutir-reforma-judicial\\\/#article\",\"isPartOf\":{\"@id\":\"https:\\\/\\\/fuentesfidedignas.com.mx\\\/index.php\\\/2024\\\/09\\\/05\\\/senadores-eligen-xicotencatl-como-sede-alterna-para-discutir-reforma-judicial\\\/\"},\"author\":{\"name\":\"L\u00f3pez D\u00f3riga\",\"@id\":\"https:\\\/\\\/fuentesfidedignas.com.mx\\\/#\\\/schema\\\/person\\\/67d852f0557c8509146a4b9ddebd543a\"},\"headline\":\"Senadores eligen Xicot\u00e9ncatl como sede alterna para discutir reforma judicial\",\"datePublished\":\"2024-09-06T00:23:00+00:00\",\"mainEntityOfPage\":{\"@id\":\"https:\\\/\\\/fuentesfidedignas.com.mx\\\/index.php\\\/2024\\\/09\\\/05\\\/senadores-eligen-xicotencatl-como-sede-alterna-para-discutir-reforma-judicial\\\/\"},\"wordCount\":503,\"commentCount\":0,\"publisher\":{\"@id\":\"https:\\\/\\\/fuentesfidedignas.com.mx\\\/#organization\"},\"image\":{\"@id\":\"https:\\\/\\\/fuentesfidedignas.com.mx\\\/index.php\\\/2024\\\/09\\\/05\\\/senadores-eligen-xicotencatl-como-sede-alterna-para-discutir-reforma-judicial\\\/#primaryimage\"},\"thumbnailUrl\":\"https:\\\/\\\/fuentesfidedignas.com.mx\\\/wp-content\\\/uploads\\\/2024\\\/09\\\/camara-de-senadores-casona-de-xicotencatl.jpg\",\"articleSection\":[\"NOTICIAS NACIONALES\"],\"inLanguage\":\"es\",\"potentialAction\":[{\"@type\":\"CommentAction\",\"name\":\"Comment\",\"target\":[\"https:\\\/\\\/fuentesfidedignas.com.mx\\\/index.php\\\/2024\\\/09\\\/05\\\/senadores-eligen-xicotencatl-como-sede-alterna-para-discutir-reforma-judicial\\\/#respond\"]}]},{\"@type\":\"WebPage\",\"@id\":\"https:\\\/\\\/fuentesfidedignas.com.mx\\\/index.php\\\/2024\\\/09\\\/05\\\/senadores-eligen-xicotencatl-como-sede-alterna-para-discutir-reforma-judicial\\\/\",\"url\":\"https:\\\/\\\/fuentesfidedignas.com.mx\\\/index.php\\\/2024\\\/09\\\/05\\\/senadores-eligen-xicotencatl-como-sede-alterna-para-discutir-reforma-judicial\\\/\",\"name\":\"Senadores eligen Xicot\u00e9ncatl como sede alterna para discutir reforma judicial - Fuentes Fidedignas\",\"isPartOf\":{\"@id\":\"https:\\\/\\\/fuentesfidedignas.com.mx\\\/#website\"},\"primaryImageOfPage\":{\"@id\":\"https:\\\/\\\/fuentesfidedignas.com.mx\\\/index.php\\\/2024\\\/09\\\/05\\\/senadores-eligen-xicotencatl-como-sede-alterna-para-discutir-reforma-judicial\\\/#primaryimage\"},\"image\":{\"@id\":\"https:\\\/\\\/fuentesfidedignas.com.mx\\\/index.php\\\/2024\\\/09\\\/05\\\/senadores-eligen-xicotencatl-como-sede-alterna-para-discutir-reforma-judicial\\\/#primaryimage\"},\"thumbnailUrl\":\"https:\\\/\\\/fuentesfidedignas.com.mx\\\/wp-content\\\/uploads\\\/2024\\\/09\\\/camara-de-senadores-casona-de-xicotencatl.jpg\",\"datePublished\":\"2024-09-06T00:23:00+00:00\",\"breadcrumb\":{\"@id\":\"https:\\\/\\\/fuentesfidedignas.com.mx\\\/index.php\\\/2024\\\/09\\\/05\\\/senadores-eligen-xicotencatl-como-sede-alterna-para-discutir-reforma-judicial\\\/#breadcrumb\"},\"inLanguage\":\"es\",\"potentialAction\":[{\"@type\":\"ReadAction\",\"target\":[\"https:\\\/\\\/fuentesfidedignas.com.mx\\\/index.php\\\/2024\\\/09\\\/05\\\/senadores-eligen-xicotencatl-como-sede-alterna-para-discutir-reforma-judicial\\\/\"]}]},{\"@type\":\"ImageObject\",\"inLanguage\":\"es\",\"@id\":\"https:\\\/\\\/fuentesfidedignas.com.mx\\\/index.php\\\/2024\\\/09\\\/05\\\/senadores-eligen-xicotencatl-como-sede-alterna-para-discutir-reforma-judicial\\\/#primaryimage\",\"url\":\"https:\\\/\\\/fuentesfidedignas.com.mx\\\/wp-content\\\/uploads\\\/2024\\\/09\\\/camara-de-senadores-casona-de-xicotencatl.jpg\",\"contentUrl\":\"https:\\\/\\\/fuentesfidedignas.com.mx\\\/wp-content\\\/uploads\\\/2024\\\/09\\\/camara-de-senadores-casona-de-xicotencatl.jpg\",\"width\":650,\"height\":365},{\"@type\":\"BreadcrumbList\",\"@id\":\"https:\\\/\\\/fuentesfidedignas.com.mx\\\/index.php\\\/2024\\\/09\\\/05\\\/senadores-eligen-xicotencatl-como-sede-alterna-para-discutir-reforma-judicial\\\/#breadcrumb\",\"itemListElement\":[{\"@type\":\"ListItem\",\"position\":1,\"name\":\"Inicio\",\"item\":\"https:\\\/\\\/fuentesfidedignas.com.mx\\\/\"},{\"@type\":\"ListItem\",\"position\":2,\"name\":\"Senadores eligen Xicot\u00e9ncatl como sede alterna para discutir reforma judicial\"}]},{\"@type\":\"WebSite\",\"@id\":\"https:\\\/\\\/fuentesfidedignas.com.mx\\\/#website\",\"url\":\"https:\\\/\\\/fuentesfidedignas.com.mx\\\/\",\"name\":\"Fuentes Fidedignas\",\"description\":\"Otro sitio realizado con WordPress\",\"publisher\":{\"@id\":\"https:\\\/\\\/fuentesfidedignas.com.mx\\\/#organization\"},\"potentialAction\":[{\"@type\":\"SearchAction\",\"target\":{\"@type\":\"EntryPoint\",\"urlTemplate\":\"https:\\\/\\\/fuentesfidedignas.com.mx\\\/?s={search_term_string}\"},\"query-input\":{\"@type\":\"PropertyValueSpecification\",\"valueRequired\":true,\"valueName\":\"search_term_string\"}}],\"inLanguage\":\"es\"},{\"@type\":\"Organization\",\"@id\":\"https:\\\/\\\/fuentesfidedignas.com.mx\\\/#organization\",\"name\":\"Fuentes Fidedignas\",\"url\":\"https:\\\/\\\/fuentesfidedignas.com.mx\\\/\",\"logo\":{\"@type\":\"ImageObject\",\"inLanguage\":\"es\",\"@id\":\"https:\\\/\\\/fuentesfidedignas.com.mx\\\/#\\\/schema\\\/logo\\\/image\\\/\",\"url\":\"https:\\\/\\\/fuentesfidedignas.com.mx\\\/wp-content\\\/uploads\\\/2021\\\/04\\\/logo-retina.png\",\"contentUrl\":\"https:\\\/\\\/fuentesfidedignas.com.mx\\\/wp-content\\\/uploads\\\/2021\\\/04\\\/logo-retina.png\",\"width\":280,\"height\":51,\"caption\":\"Fuentes Fidedignas\"},\"image\":{\"@id\":\"https:\\\/\\\/fuentesfidedignas.com.mx\\\/#\\\/schema\\\/logo\\\/image\\\/\"},\"sameAs\":[\"https:\\\/\\\/www.facebook.com\\\/Fuentes-Fidedignas-368234489921644\",\"https:\\\/\\\/x.com\\\/fidedignas\"]},{\"@type\":\"Person\",\"@id\":\"https:\\\/\\\/fuentesfidedignas.com.mx\\\/#\\\/schema\\\/person\\\/67d852f0557c8509146a4b9ddebd543a\",\"name\":\"L\u00f3pez D\u00f3riga\",\"image\":{\"@type\":\"ImageObject\",\"inLanguage\":\"es\",\"@id\":\"https:\\\/\\\/secure.gravatar.com\\\/avatar\\\/e525b06574ca18b33cded59dfe5778d6c823b9513154eff47da551b0551bdd1e?s=96&d=mm&r=g\",\"url\":\"https:\\\/\\\/secure.gravatar.com\\\/avatar\\\/e525b06574ca18b33cded59dfe5778d6c823b9513154eff47da551b0551bdd1e?s=96&d=mm&r=g\",\"contentUrl\":\"https:\\\/\\\/secure.gravatar.com\\\/avatar\\\/e525b06574ca18b33cded59dfe5778d6c823b9513154eff47da551b0551bdd1e?s=96&d=mm&r=g\",\"caption\":\"L\u00f3pez D\u00f3riga\"},\"url\":\"https:\\\/\\\/fuentesfidedignas.com.mx\\\/index.php\\\/author\\\/doriga\\\/\"}]}<\/script>\n<!-- \/ Yoast SEO plugin. -->","yoast_head_json":{"title":"Senadores eligen Xicot\u00e9ncatl como sede alterna para discutir reforma judicial - Fuentes Fidedignas","robots":{"index":"index","follow":"follow","max-snippet":"max-snippet:-1","max-image-preview":"max-image-preview:large","max-video-preview":"max-video-preview:-1"},"canonical":"https:\/\/fuentesfidedignas.com.mx\/index.php\/2024\/09\/05\/senadores-eligen-xicotencatl-como-sede-alterna-para-discutir-reforma-judicial\/","og_locale":"es_MX","og_type":"article","og_title":"Senadores eligen Xicot\u00e9ncatl como sede alterna para discutir reforma judicial - Fuentes Fidedignas","og_description":"Ante el bloqueo de la C\u00e1mara Alta, senadores trasladar\u00e1n la discusi\u00f3n de la reforma judicial a la casona de Xicot\u00e9ncatl Los senadores trasladar\u00e1n el avance de la reforma judicial a la casona de Xicot\u00e9ncatl, antigua sede de la C\u00e1mara Alta, tras las manifestaciones que realizan jueces y trabajadores del Poder Judicial para impedir su aprobaci\u00f3n [&hellip;]","og_url":"https:\/\/fuentesfidedignas.com.mx\/index.php\/2024\/09\/05\/senadores-eligen-xicotencatl-como-sede-alterna-para-discutir-reforma-judicial\/","og_site_name":"Fuentes Fidedignas","article_publisher":"https:\/\/www.facebook.com\/Fuentes-Fidedignas-368234489921644","article_published_time":"2024-09-06T00:23:00+00:00","og_image":[{"width":650,"height":365,"url":"https:\/\/fuentesfidedignas.com.mx\/wp-content\/uploads\/2024\/09\/camara-de-senadores-casona-de-xicotencatl.jpg","type":"image\/jpeg"}],"author":"L\u00f3pez D\u00f3riga","twitter_card":"summary_large_image","twitter_creator":"@fidedignas","twitter_site":"@fidedignas","twitter_misc":{"Escrito por":"L\u00f3pez D\u00f3riga","Tiempo de lectura":"3 minutos"},"schema":{"@context":"https:\/\/schema.org","@graph":[{"@type":"Article","@id":"https:\/\/fuentesfidedignas.com.mx\/index.php\/2024\/09\/05\/senadores-eligen-xicotencatl-como-sede-alterna-para-discutir-reforma-judicial\/#article","isPartOf":{"@id":"https:\/\/fuentesfidedignas.com.mx\/index.php\/2024\/09\/05\/senadores-eligen-xicotencatl-como-sede-alterna-para-discutir-reforma-judicial\/"},"author":{"name":"L\u00f3pez D\u00f3riga","@id":"https:\/\/fuentesfidedignas.com.mx\/#\/schema\/person\/67d852f0557c8509146a4b9ddebd543a"},"headline":"Senadores eligen Xicot\u00e9ncatl como sede alterna para discutir reforma judicial","datePublished":"2024-09-06T00:23:00+00:00","mainEntityOfPage":{"@id":"https:\/\/fuentesfidedignas.com.mx\/index.php\/2024\/09\/05\/senadores-eligen-xicotencatl-como-sede-alterna-para-discutir-reforma-judicial\/"},"wordCount":503,"commentCount":0,"publisher":{"@id":"https:\/\/fuentesfidedignas.com.mx\/#organization"},"image":{"@id":"https:\/\/fuentesfidedignas.com.mx\/index.php\/2024\/09\/05\/senadores-eligen-xicotencatl-como-sede-alterna-para-discutir-reforma-judicial\/#primaryimage"},"thumbnailUrl":"https:\/\/fuentesfidedignas.com.mx\/wp-content\/uploads\/2024\/09\/camara-de-senadores-casona-de-xicotencatl.jpg","articleSection":["NOTICIAS NACIONALES"],"inLanguage":"es","potentialAction":[{"@type":"CommentAction","name":"Comment","target":["https:\/\/fuentesfidedignas.com.mx\/index.php\/2024\/09\/05\/senadores-eligen-xicotencatl-como-sede-alterna-para-discutir-reforma-judicial\/#respond"]}]},{"@type":"WebPage","@id":"https:\/\/fuentesfidedignas.com.mx\/index.php\/2024\/09\/05\/senadores-eligen-xicotencatl-como-sede-alterna-para-discutir-reforma-judicial\/","url":"https:\/\/fuentesfidedignas.com.mx\/index.php\/2024\/09\/05\/senadores-eligen-xicotencatl-como-sede-alterna-para-discutir-reforma-judicial\/","name":"Senadores eligen Xicot\u00e9ncatl como sede alterna para discutir reforma judicial - Fuentes Fidedignas","isPartOf":{"@id":"https:\/\/fuentesfidedignas.com.mx\/#website"},"primaryImageOfPage":{"@id":"https:\/\/fuentesfidedignas.com.mx\/index.php\/2024\/09\/05\/senadores-eligen-xicotencatl-como-sede-alterna-para-discutir-reforma-judicial\/#primaryimage"},"image":{"@id":"https:\/\/fuentesfidedignas.com.mx\/index.php\/2024\/09\/05\/senadores-eligen-xicotencatl-como-sede-alterna-para-discutir-reforma-judicial\/#primaryimage"},"thumbnailUrl":"https:\/\/fuentesfidedignas.com.mx\/wp-content\/uploads\/2024\/09\/camara-de-senadores-casona-de-xicotencatl.jpg","datePublished":"2024-09-06T00:23:00+00:00","breadcrumb":{"@id":"https:\/\/fuentesfidedignas.com.mx\/index.php\/2024\/09\/05\/senadores-eligen-xicotencatl-como-sede-alterna-para-discutir-reforma-judicial\/#breadcrumb"},"inLanguage":"es","potentialAction":[{"@type":"ReadAction","target":["https:\/\/fuentesfidedignas.com.mx\/index.php\/2024\/09\/05\/senadores-eligen-xicotencatl-como-sede-alterna-para-discutir-reforma-judicial\/"]}]},{"@type":"ImageObject","inLanguage":"es","@id":"https:\/\/fuentesfidedignas.com.mx\/index.php\/2024\/09\/05\/senadores-eligen-xicotencatl-como-sede-alterna-para-discutir-reforma-judicial\/#primaryimage","url":"https:\/\/fuentesfidedignas.com.mx\/wp-content\/uploads\/2024\/09\/camara-de-senadores-casona-de-xicotencatl.jpg","contentUrl":"https:\/\/fuentesfidedignas.com.mx\/wp-content\/uploads\/2024\/09\/camara-de-senadores-casona-de-xicotencatl.jpg","width":650,"height":365},{"@type":"BreadcrumbList","@id":"https:\/\/fuentesfidedignas.com.mx\/index.php\/2024\/09\/05\/senadores-eligen-xicotencatl-como-sede-alterna-para-discutir-reforma-judicial\/#breadcrumb","itemListElement":[{"@type":"ListItem","position":1,"name":"Inicio","item":"https:\/\/fuentesfidedignas.com.mx\/"},{"@type":"ListItem","position":2,"name":"Senadores eligen Xicot\u00e9ncatl como sede alterna para discutir reforma judicial"}]},{"@type":"WebSite","@id":"https:\/\/fuentesfidedignas.com.mx\/#website","url":"https:\/\/fuentesfidedignas.com.mx\/","name":"Fuentes Fidedignas","description":"Otro sitio realizado con WordPress","publisher":{"@id":"https:\/\/fuentesfidedignas.com.mx\/#organization"},"potentialAction":[{"@type":"SearchAction","target":{"@type":"EntryPoint","urlTemplate":"https:\/\/fuentesfidedignas.com.mx\/?s={search_term_string}"},"query-input":{"@type":"PropertyValueSpecification","valueRequired":true,"valueName":"search_term_string"}}],"inLanguage":"es"},{"@type":"Organization","@id":"https:\/\/fuentesfidedignas.com.mx\/#organization","name":"Fuentes Fidedignas","url":"https:\/\/fuentesfidedignas.com.mx\/","logo":{"@type":"ImageObject","inLanguage":"es","@id":"https:\/\/fuentesfidedignas.com.mx\/#\/schema\/logo\/image\/","url":"https:\/\/fuentesfidedignas.com.mx\/wp-content\/uploads\/2021\/04\/logo-retina.png","contentUrl":"https:\/\/fuentesfidedignas.com.mx\/wp-content\/uploads\/2021\/04\/logo-retina.png","width":280,"height":51,"caption":"Fuentes Fidedignas"},"image":{"@id":"https:\/\/fuentesfidedignas.com.mx\/#\/schema\/logo\/image\/"},"sameAs":["https:\/\/www.facebook.com\/Fuentes-Fidedignas-368234489921644","https:\/\/x.com\/fidedignas"]},{"@type":"Person","@id":"https:\/\/fuentesfidedignas.com.mx\/#\/schema\/person\/67d852f0557c8509146a4b9ddebd543a","name":"L\u00f3pez D\u00f3riga","image":{"@type":"ImageObject","inLanguage":"es","@id":"https:\/\/secure.gravatar.com\/avatar\/e525b06574ca18b33cded59dfe5778d6c823b9513154eff47da551b0551bdd1e?s=96&d=mm&r=g","url":"https:\/\/secure.gravatar.com\/avatar\/e525b06574ca18b33cded59dfe5778d6c823b9513154eff47da551b0551bdd1e?s=96&d=mm&r=g","contentUrl":"https:\/\/secure.gravatar.com\/avatar\/e525b06574ca18b33cded59dfe5778d6c823b9513154eff47da551b0551bdd1e?s=96&d=mm&r=g","caption":"L\u00f3pez D\u00f3riga"},"url":"https:\/\/fuentesfidedignas.com.mx\/index.php\/author\/doriga\/"}]}},"_links":{"self":[{"href":"https:\/\/fuentesfidedignas.com.mx\/index.php\/wp-json\/wp\/v2\/posts\/90484","targetHints":{"allow":["GET"]}}],"collection":[{"href":"https:\/\/fuentesfidedignas.com.mx\/index.php\/wp-json\/wp\/v2\/posts"}],"about":[{"href":"https:\/\/fuentesfidedignas.com.mx\/index.php\/wp-json\/wp\/v2\/types\/post"}],"author":[{"embeddable":true,"href":"https:\/\/fuentesfidedignas.com.mx\/index.php\/wp-json\/wp\/v2\/users\/47"}],"replies":[{"embeddable":true,"href":"https:\/\/fuentesfidedignas.com.mx\/index.php\/wp-json\/wp\/v2\/comments?post=90484"}],"version-history":[{"count":1,"href":"https:\/\/fuentesfidedignas.com.mx\/index.php\/wp-json\/wp\/v2\/posts\/90484\/revisions"}],"predecessor-version":[{"id":90486,"href":"https:\/\/fuentesfidedignas.com.mx\/index.php\/wp-json\/wp\/v2\/posts\/90484\/revisions\/90486"}],"wp:featuredmedia":[{"embeddable":true,"href":"https:\/\/fuentesfidedignas.com.mx\/index.php\/wp-json\/wp\/v2\/media\/90485"}],"wp:attachment":[{"href":"https:\/\/fuentesfidedignas.com.mx\/index.php\/wp-json\/wp\/v2\/media?parent=90484"}],"wp:term":[{"taxonomy":"category","embeddable":true,"href":"https:\/\/fuentesfidedignas.com.mx\/index.php\/wp-json\/wp\/v2\/categories?post=90484"},{"taxonomy":"post_tag","embeddable":true,"href":"https:\/\/fuentesfidedignas.com.mx\/index.php\/wp-json\/wp\/v2\/tags?post=90484"}],"curies":[{"name":"wp","href":"https:\/\/api.w.org\/{rel}","templated":true}]}}