{"id":90418,"date":"2024-09-05T06:43:38","date_gmt":"2024-09-05T13:43:38","guid":{"rendered":"https:\/\/fuentesfidedignas.com.mx\/?p=90418"},"modified":"2024-09-05T06:52:15","modified_gmt":"2024-09-05T13:52:15","slug":"un-servicio-de-calidad-ofrece-la-guarderia-multicolor-a-hijos-de-trabajadores-de-la-uas","status":"publish","type":"post","link":"https:\/\/fuentesfidedignas.com.mx\/index.php\/2024\/09\/05\/un-servicio-de-calidad-ofrece-la-guarderia-multicolor-a-hijos-de-trabajadores-de-la-uas\/","title":{"rendered":"Un servicio de calidad ofrece la Guarder\u00eda Multicolor a hijos de trabajadores de la UAS"},"content":{"rendered":"\n<p><strong><em>Otra de las ventajas que brinda este servicio a los trabajadores de la UAS, es que al cumplir los cuatro a\u00f1os de edad el infante autom\u00e1ticamente se le da el lugar en el Jard\u00edn de Ni\u00f1os UAS.<\/em><\/strong><\/p>\n\n\n\n<p>Culiac\u00e1n, Sin.- Con instalaciones de primera, espacios amplios y una atenci\u00f3n de calidad, en apego y cumplimiento a los requerimientos que pide la Direcci\u00f3n de Protecci\u00f3n Civil, la Guarder\u00eda Multicolor tiene esta prestaci\u00f3n totalmente gratuita para trabajadores de la Universidad Aut\u00f3noma de Sinaloa, si est\u00e1s interesado, puedes acudir a calle Reynaldo Gonz\u00e1lez n\u00famero 1348 poniente, colonia Tierra Blanca, entre \u00c1lvaro Obreg\u00f3n y calle Allende.<\/p>\n\n\n\n<p>Su directora, Mar\u00eda Isabel Mendoza L\u00f3pez, comparti\u00f3 que este servicio cubre desde el recibimiento de ni\u00f1os en edad de 43 d\u00edas de nacidos hasta los cuatro a\u00f1os de edad, donde son debidamente cuidados en 8 salas de atenci\u00f3n de acuerdo a su edad.<\/p>\n\n\n\n<p>\u201cPara ingresar a la guarder\u00eda es totalmente gratuita, lo \u00fanico que tienes que traer hoy igual mandar al n\u00famero de la Guarder\u00eda lo que ser\u00eda el CURP, acta de nacimiento, n\u00famero de Seguro Social, domicilio particular y domicilio de la empresa\u201d, detall\u00f3.<\/p>\n\n\n\n<p>Esta prestaci\u00f3n est\u00e1 a cargo de 26 asistentes educativas debidamente capacitadas para el desarrollo del ni\u00f1o; tambi\u00e9n son adiestradas, dijo, en simulacros de seguridad como sismos incendios o huracanes, por lo que cada tres o seis meses reciben capacitaci\u00f3n, la cual transmiten a los menores.<\/p>\n\n\n\n<p>Otra de las ventajas que brinda este servicio a los trabajadores de la UAS, es que al cumplir los cuatro a\u00f1os de edad el infante autom\u00e1ticamente se le da el lugar en el Jard\u00edn de Ni\u00f1os UAS.<\/p>\n\n\n\n<p>A los interesados, aclar\u00f3 que no necesariamente es para madres trabajadoras, sino tambi\u00e9n para padres universitarios que pueden gozar de este servicio; ahora bien, a\u00f1adi\u00f3 que si deseas formar parte del equipo de Guarder\u00eda Multicolor tambi\u00e9n tienes derecho a esta prestaci\u00f3n que es tener a tu hijo dentro de sus instalaciones.<\/p>\n\n\n\n<p>Cada etapa del infante, se\u00f1al\u00f3, es debidamente acompa\u00f1ado desde su atenci\u00f3n a la psicomotricidad fina, gruesa, lenguaje, adem\u00e1s de atenci\u00f3n a ni\u00f1os con alguna condici\u00f3n a los que se les da debidamente seguimiento hasta llegar a preescolar 1, donde ellos conocen todo tipo de planeaci\u00f3n, colores y figuras geom\u00e9tricas, por mencionar algunos, hasta control de esf\u00ednteres, aprendiendo el ni\u00f1o a ser independiente.<\/p>\n\n\n\n<p>Otro de los servicios muy importante es el de la alimentaci\u00f3n, el cual se relaciona a modificaciones alimentarias, peso y tallas, vacunas, sobrepeso, o bien desnutrici\u00f3n del infante.<\/p>\n\n\n\n<p>En relaci\u00f3n a la seguridad de la Guarder\u00eda, se\u00f1al\u00f3 que esta cuenta con dict\u00e1menes el\u00e9ctricos, estructurales, con un plan interno, detectores de humo, de calor, as\u00ed como revisiones por parte del Seguro Social cada cuatro meses, adem\u00e1s de contar con una cocina totalmente el\u00e9ctrica, as\u00ed como c\u00e1maras de seguridad.<\/p>\n","protected":false},"excerpt":{"rendered":"<p>Otra de las ventajas que brinda este servicio a los trabajadores de la UAS, es que al cumplir los cuatro a\u00f1os de edad el infante autom\u00e1ticamente se le da el lugar en el Jard\u00edn de Ni\u00f1os UAS. Culiac\u00e1n, Sin.- Con instalaciones de primera, espacios amplios y una atenci\u00f3n de calidad, en apego y cumplimiento a [&hellip;]<\/p>\n","protected":false},"author":4,"featured_media":90419,"comment_status":"open","ping_status":"open","sticky":false,"template":"","format":"standard","meta":{"tdm_status":"","tdm_grid_status":"","footnotes":""},"categories":[1],"tags":[],"class_list":{"0":"post-90418","1":"post","2":"type-post","3":"status-publish","4":"format-standard","5":"has-post-thumbnail","7":"category-sin-categoria"},"yoast_head":"<!-- This site is optimized with the Yoast SEO plugin v27.5 - https:\/\/yoast.com\/product\/yoast-seo-wordpress\/ -->\n<title>Un servicio de calidad ofrece la Guarder\u00eda Multicolor a hijos de trabajadores de la UAS - Fuentes Fidedignas<\/title>\n<meta name=\"robots\" content=\"index, follow, max-snippet:-1, max-image-preview:large, max-video-preview:-1\" \/>\n<link rel=\"canonical\" href=\"https:\/\/fuentesfidedignas.com.mx\/index.php\/2024\/09\/05\/un-servicio-de-calidad-ofrece-la-guarderia-multicolor-a-hijos-de-trabajadores-de-la-uas\/\" \/>\n<meta property=\"og:locale\" content=\"es_MX\" \/>\n<meta property=\"og:type\" content=\"article\" \/>\n<meta property=\"og:title\" content=\"Un servicio de calidad ofrece la Guarder\u00eda Multicolor a hijos de trabajadores de la UAS - Fuentes Fidedignas\" \/>\n<meta property=\"og:description\" content=\"Otra de las ventajas que brinda este servicio a los trabajadores de la UAS, es que al cumplir los cuatro a\u00f1os de edad el infante autom\u00e1ticamente se le da el lugar en el Jard\u00edn de Ni\u00f1os UAS. Culiac\u00e1n, Sin.- Con instalaciones de primera, espacios amplios y una atenci\u00f3n de calidad, en apego y cumplimiento a [&hellip;]\" \/>\n<meta property=\"og:url\" content=\"https:\/\/fuentesfidedignas.com.mx\/index.php\/2024\/09\/05\/un-servicio-de-calidad-ofrece-la-guarderia-multicolor-a-hijos-de-trabajadores-de-la-uas\/\" \/>\n<meta property=\"og:site_name\" content=\"Fuentes Fidedignas\" \/>\n<meta property=\"article:publisher\" content=\"https:\/\/www.facebook.com\/Fuentes-Fidedignas-368234489921644\" \/>\n<meta property=\"article:published_time\" content=\"2024-09-05T13:43:38+00:00\" \/>\n<meta property=\"article:modified_time\" content=\"2024-09-05T13:52:15+00:00\" \/>\n<meta property=\"og:image\" content=\"https:\/\/fuentesfidedignas.com.mx\/wp-content\/uploads\/2024\/09\/ninos-en-guarderia.jpg\" \/>\n\t<meta property=\"og:image:width\" content=\"512\" \/>\n\t<meta property=\"og:image:height\" content=\"343\" \/>\n\t<meta property=\"og:image:type\" content=\"image\/jpeg\" \/>\n<meta name=\"author\" content=\"Redacci\u00f3n\" \/>\n<meta name=\"twitter:card\" content=\"summary_large_image\" \/>\n<meta name=\"twitter:creator\" content=\"@fidedignas\" \/>\n<meta name=\"twitter:site\" content=\"@fidedignas\" \/>\n<meta name=\"twitter:label1\" content=\"Escrito por\" \/>\n\t<meta name=\"twitter:data1\" content=\"Redacci\u00f3n\" \/>\n\t<meta name=\"twitter:label2\" content=\"Tiempo de lectura\" \/>\n\t<meta name=\"twitter:data2\" content=\"3 minutos\" \/>\n<script type=\"application\/ld+json\" class=\"yoast-schema-graph\">{\"@context\":\"https:\\\/\\\/schema.org\",\"@graph\":[{\"@type\":\"Article\",\"@id\":\"https:\\\/\\\/fuentesfidedignas.com.mx\\\/index.php\\\/2024\\\/09\\\/05\\\/un-servicio-de-calidad-ofrece-la-guarderia-multicolor-a-hijos-de-trabajadores-de-la-uas\\\/#article\",\"isPartOf\":{\"@id\":\"https:\\\/\\\/fuentesfidedignas.com.mx\\\/index.php\\\/2024\\\/09\\\/05\\\/un-servicio-de-calidad-ofrece-la-guarderia-multicolor-a-hijos-de-trabajadores-de-la-uas\\\/\"},\"author\":{\"name\":\"Redacci\u00f3n\",\"@id\":\"https:\\\/\\\/fuentesfidedignas.com.mx\\\/#\\\/schema\\\/person\\\/331be9283d37198e2acd5750279085b0\"},\"headline\":\"Un servicio de calidad ofrece la Guarder\u00eda Multicolor a hijos de trabajadores de la UAS\",\"datePublished\":\"2024-09-05T13:43:38+00:00\",\"dateModified\":\"2024-09-05T13:52:15+00:00\",\"mainEntityOfPage\":{\"@id\":\"https:\\\/\\\/fuentesfidedignas.com.mx\\\/index.php\\\/2024\\\/09\\\/05\\\/un-servicio-de-calidad-ofrece-la-guarderia-multicolor-a-hijos-de-trabajadores-de-la-uas\\\/\"},\"wordCount\":530,\"commentCount\":0,\"publisher\":{\"@id\":\"https:\\\/\\\/fuentesfidedignas.com.mx\\\/#organization\"},\"image\":{\"@id\":\"https:\\\/\\\/fuentesfidedignas.com.mx\\\/index.php\\\/2024\\\/09\\\/05\\\/un-servicio-de-calidad-ofrece-la-guarderia-multicolor-a-hijos-de-trabajadores-de-la-uas\\\/#primaryimage\"},\"thumbnailUrl\":\"https:\\\/\\\/fuentesfidedignas.com.mx\\\/wp-content\\\/uploads\\\/2024\\\/09\\\/ninos-en-guarderia.jpg\",\"inLanguage\":\"es\",\"potentialAction\":[{\"@type\":\"CommentAction\",\"name\":\"Comment\",\"target\":[\"https:\\\/\\\/fuentesfidedignas.com.mx\\\/index.php\\\/2024\\\/09\\\/05\\\/un-servicio-de-calidad-ofrece-la-guarderia-multicolor-a-hijos-de-trabajadores-de-la-uas\\\/#respond\"]}]},{\"@type\":\"WebPage\",\"@id\":\"https:\\\/\\\/fuentesfidedignas.com.mx\\\/index.php\\\/2024\\\/09\\\/05\\\/un-servicio-de-calidad-ofrece-la-guarderia-multicolor-a-hijos-de-trabajadores-de-la-uas\\\/\",\"url\":\"https:\\\/\\\/fuentesfidedignas.com.mx\\\/index.php\\\/2024\\\/09\\\/05\\\/un-servicio-de-calidad-ofrece-la-guarderia-multicolor-a-hijos-de-trabajadores-de-la-uas\\\/\",\"name\":\"Un servicio de calidad ofrece la Guarder\u00eda Multicolor a hijos de trabajadores de la UAS - Fuentes Fidedignas\",\"isPartOf\":{\"@id\":\"https:\\\/\\\/fuentesfidedignas.com.mx\\\/#website\"},\"primaryImageOfPage\":{\"@id\":\"https:\\\/\\\/fuentesfidedignas.com.mx\\\/index.php\\\/2024\\\/09\\\/05\\\/un-servicio-de-calidad-ofrece-la-guarderia-multicolor-a-hijos-de-trabajadores-de-la-uas\\\/#primaryimage\"},\"image\":{\"@id\":\"https:\\\/\\\/fuentesfidedignas.com.mx\\\/index.php\\\/2024\\\/09\\\/05\\\/un-servicio-de-calidad-ofrece-la-guarderia-multicolor-a-hijos-de-trabajadores-de-la-uas\\\/#primaryimage\"},\"thumbnailUrl\":\"https:\\\/\\\/fuentesfidedignas.com.mx\\\/wp-content\\\/uploads\\\/2024\\\/09\\\/ninos-en-guarderia.jpg\",\"datePublished\":\"2024-09-05T13:43:38+00:00\",\"dateModified\":\"2024-09-05T13:52:15+00:00\",\"breadcrumb\":{\"@id\":\"https:\\\/\\\/fuentesfidedignas.com.mx\\\/index.php\\\/2024\\\/09\\\/05\\\/un-servicio-de-calidad-ofrece-la-guarderia-multicolor-a-hijos-de-trabajadores-de-la-uas\\\/#breadcrumb\"},\"inLanguage\":\"es\",\"potentialAction\":[{\"@type\":\"ReadAction\",\"target\":[\"https:\\\/\\\/fuentesfidedignas.com.mx\\\/index.php\\\/2024\\\/09\\\/05\\\/un-servicio-de-calidad-ofrece-la-guarderia-multicolor-a-hijos-de-trabajadores-de-la-uas\\\/\"]}]},{\"@type\":\"ImageObject\",\"inLanguage\":\"es\",\"@id\":\"https:\\\/\\\/fuentesfidedignas.com.mx\\\/index.php\\\/2024\\\/09\\\/05\\\/un-servicio-de-calidad-ofrece-la-guarderia-multicolor-a-hijos-de-trabajadores-de-la-uas\\\/#primaryimage\",\"url\":\"https:\\\/\\\/fuentesfidedignas.com.mx\\\/wp-content\\\/uploads\\\/2024\\\/09\\\/ninos-en-guarderia.jpg\",\"contentUrl\":\"https:\\\/\\\/fuentesfidedignas.com.mx\\\/wp-content\\\/uploads\\\/2024\\\/09\\\/ninos-en-guarderia.jpg\",\"width\":512,\"height\":343},{\"@type\":\"BreadcrumbList\",\"@id\":\"https:\\\/\\\/fuentesfidedignas.com.mx\\\/index.php\\\/2024\\\/09\\\/05\\\/un-servicio-de-calidad-ofrece-la-guarderia-multicolor-a-hijos-de-trabajadores-de-la-uas\\\/#breadcrumb\",\"itemListElement\":[{\"@type\":\"ListItem\",\"position\":1,\"name\":\"Inicio\",\"item\":\"https:\\\/\\\/fuentesfidedignas.com.mx\\\/\"},{\"@type\":\"ListItem\",\"position\":2,\"name\":\"Un servicio de calidad ofrece la Guarder\u00eda Multicolor a hijos de trabajadores de la UAS\"}]},{\"@type\":\"WebSite\",\"@id\":\"https:\\\/\\\/fuentesfidedignas.com.mx\\\/#website\",\"url\":\"https:\\\/\\\/fuentesfidedignas.com.mx\\\/\",\"name\":\"Fuentes Fidedignas\",\"description\":\"Otro sitio realizado con WordPress\",\"publisher\":{\"@id\":\"https:\\\/\\\/fuentesfidedignas.com.mx\\\/#organization\"},\"potentialAction\":[{\"@type\":\"SearchAction\",\"target\":{\"@type\":\"EntryPoint\",\"urlTemplate\":\"https:\\\/\\\/fuentesfidedignas.com.mx\\\/?s={search_term_string}\"},\"query-input\":{\"@type\":\"PropertyValueSpecification\",\"valueRequired\":true,\"valueName\":\"search_term_string\"}}],\"inLanguage\":\"es\"},{\"@type\":\"Organization\",\"@id\":\"https:\\\/\\\/fuentesfidedignas.com.mx\\\/#organization\",\"name\":\"Fuentes Fidedignas\",\"url\":\"https:\\\/\\\/fuentesfidedignas.com.mx\\\/\",\"logo\":{\"@type\":\"ImageObject\",\"inLanguage\":\"es\",\"@id\":\"https:\\\/\\\/fuentesfidedignas.com.mx\\\/#\\\/schema\\\/logo\\\/image\\\/\",\"url\":\"https:\\\/\\\/fuentesfidedignas.com.mx\\\/wp-content\\\/uploads\\\/2021\\\/04\\\/logo-retina.png\",\"contentUrl\":\"https:\\\/\\\/fuentesfidedignas.com.mx\\\/wp-content\\\/uploads\\\/2021\\\/04\\\/logo-retina.png\",\"width\":280,\"height\":51,\"caption\":\"Fuentes Fidedignas\"},\"image\":{\"@id\":\"https:\\\/\\\/fuentesfidedignas.com.mx\\\/#\\\/schema\\\/logo\\\/image\\\/\"},\"sameAs\":[\"https:\\\/\\\/www.facebook.com\\\/Fuentes-Fidedignas-368234489921644\",\"https:\\\/\\\/x.com\\\/fidedignas\"]},{\"@type\":\"Person\",\"@id\":\"https:\\\/\\\/fuentesfidedignas.com.mx\\\/#\\\/schema\\\/person\\\/331be9283d37198e2acd5750279085b0\",\"name\":\"Redacci\u00f3n\",\"image\":{\"@type\":\"ImageObject\",\"inLanguage\":\"es\",\"@id\":\"https:\\\/\\\/secure.gravatar.com\\\/avatar\\\/f6d8782c11d12b2d4ad3fbb6931aeab5309937a4d6cd2fc9cfaa28a6396a5aec?s=96&d=mm&r=g\",\"url\":\"https:\\\/\\\/secure.gravatar.com\\\/avatar\\\/f6d8782c11d12b2d4ad3fbb6931aeab5309937a4d6cd2fc9cfaa28a6396a5aec?s=96&d=mm&r=g\",\"contentUrl\":\"https:\\\/\\\/secure.gravatar.com\\\/avatar\\\/f6d8782c11d12b2d4ad3fbb6931aeab5309937a4d6cd2fc9cfaa28a6396a5aec?s=96&d=mm&r=g\",\"caption\":\"Redacci\u00f3n\"},\"url\":\"https:\\\/\\\/fuentesfidedignas.com.mx\\\/index.php\\\/author\\\/redaccion\\\/\"}]}<\/script>\n<!-- \/ Yoast SEO plugin. -->","yoast_head_json":{"title":"Un servicio de calidad ofrece la Guarder\u00eda Multicolor a hijos de trabajadores de la UAS - Fuentes Fidedignas","robots":{"index":"index","follow":"follow","max-snippet":"max-snippet:-1","max-image-preview":"max-image-preview:large","max-video-preview":"max-video-preview:-1"},"canonical":"https:\/\/fuentesfidedignas.com.mx\/index.php\/2024\/09\/05\/un-servicio-de-calidad-ofrece-la-guarderia-multicolor-a-hijos-de-trabajadores-de-la-uas\/","og_locale":"es_MX","og_type":"article","og_title":"Un servicio de calidad ofrece la Guarder\u00eda Multicolor a hijos de trabajadores de la UAS - Fuentes Fidedignas","og_description":"Otra de las ventajas que brinda este servicio a los trabajadores de la UAS, es que al cumplir los cuatro a\u00f1os de edad el infante autom\u00e1ticamente se le da el lugar en el Jard\u00edn de Ni\u00f1os UAS. Culiac\u00e1n, Sin.- Con instalaciones de primera, espacios amplios y una atenci\u00f3n de calidad, en apego y cumplimiento a [&hellip;]","og_url":"https:\/\/fuentesfidedignas.com.mx\/index.php\/2024\/09\/05\/un-servicio-de-calidad-ofrece-la-guarderia-multicolor-a-hijos-de-trabajadores-de-la-uas\/","og_site_name":"Fuentes Fidedignas","article_publisher":"https:\/\/www.facebook.com\/Fuentes-Fidedignas-368234489921644","article_published_time":"2024-09-05T13:43:38+00:00","article_modified_time":"2024-09-05T13:52:15+00:00","og_image":[{"width":512,"height":343,"url":"https:\/\/fuentesfidedignas.com.mx\/wp-content\/uploads\/2024\/09\/ninos-en-guarderia.jpg","type":"image\/jpeg"}],"author":"Redacci\u00f3n","twitter_card":"summary_large_image","twitter_creator":"@fidedignas","twitter_site":"@fidedignas","twitter_misc":{"Escrito por":"Redacci\u00f3n","Tiempo de lectura":"3 minutos"},"schema":{"@context":"https:\/\/schema.org","@graph":[{"@type":"Article","@id":"https:\/\/fuentesfidedignas.com.mx\/index.php\/2024\/09\/05\/un-servicio-de-calidad-ofrece-la-guarderia-multicolor-a-hijos-de-trabajadores-de-la-uas\/#article","isPartOf":{"@id":"https:\/\/fuentesfidedignas.com.mx\/index.php\/2024\/09\/05\/un-servicio-de-calidad-ofrece-la-guarderia-multicolor-a-hijos-de-trabajadores-de-la-uas\/"},"author":{"name":"Redacci\u00f3n","@id":"https:\/\/fuentesfidedignas.com.mx\/#\/schema\/person\/331be9283d37198e2acd5750279085b0"},"headline":"Un servicio de calidad ofrece la Guarder\u00eda Multicolor a hijos de trabajadores de la UAS","datePublished":"2024-09-05T13:43:38+00:00","dateModified":"2024-09-05T13:52:15+00:00","mainEntityOfPage":{"@id":"https:\/\/fuentesfidedignas.com.mx\/index.php\/2024\/09\/05\/un-servicio-de-calidad-ofrece-la-guarderia-multicolor-a-hijos-de-trabajadores-de-la-uas\/"},"wordCount":530,"commentCount":0,"publisher":{"@id":"https:\/\/fuentesfidedignas.com.mx\/#organization"},"image":{"@id":"https:\/\/fuentesfidedignas.com.mx\/index.php\/2024\/09\/05\/un-servicio-de-calidad-ofrece-la-guarderia-multicolor-a-hijos-de-trabajadores-de-la-uas\/#primaryimage"},"thumbnailUrl":"https:\/\/fuentesfidedignas.com.mx\/wp-content\/uploads\/2024\/09\/ninos-en-guarderia.jpg","inLanguage":"es","potentialAction":[{"@type":"CommentAction","name":"Comment","target":["https:\/\/fuentesfidedignas.com.mx\/index.php\/2024\/09\/05\/un-servicio-de-calidad-ofrece-la-guarderia-multicolor-a-hijos-de-trabajadores-de-la-uas\/#respond"]}]},{"@type":"WebPage","@id":"https:\/\/fuentesfidedignas.com.mx\/index.php\/2024\/09\/05\/un-servicio-de-calidad-ofrece-la-guarderia-multicolor-a-hijos-de-trabajadores-de-la-uas\/","url":"https:\/\/fuentesfidedignas.com.mx\/index.php\/2024\/09\/05\/un-servicio-de-calidad-ofrece-la-guarderia-multicolor-a-hijos-de-trabajadores-de-la-uas\/","name":"Un servicio de calidad ofrece la Guarder\u00eda Multicolor a hijos de trabajadores de la UAS - Fuentes Fidedignas","isPartOf":{"@id":"https:\/\/fuentesfidedignas.com.mx\/#website"},"primaryImageOfPage":{"@id":"https:\/\/fuentesfidedignas.com.mx\/index.php\/2024\/09\/05\/un-servicio-de-calidad-ofrece-la-guarderia-multicolor-a-hijos-de-trabajadores-de-la-uas\/#primaryimage"},"image":{"@id":"https:\/\/fuentesfidedignas.com.mx\/index.php\/2024\/09\/05\/un-servicio-de-calidad-ofrece-la-guarderia-multicolor-a-hijos-de-trabajadores-de-la-uas\/#primaryimage"},"thumbnailUrl":"https:\/\/fuentesfidedignas.com.mx\/wp-content\/uploads\/2024\/09\/ninos-en-guarderia.jpg","datePublished":"2024-09-05T13:43:38+00:00","dateModified":"2024-09-05T13:52:15+00:00","breadcrumb":{"@id":"https:\/\/fuentesfidedignas.com.mx\/index.php\/2024\/09\/05\/un-servicio-de-calidad-ofrece-la-guarderia-multicolor-a-hijos-de-trabajadores-de-la-uas\/#breadcrumb"},"inLanguage":"es","potentialAction":[{"@type":"ReadAction","target":["https:\/\/fuentesfidedignas.com.mx\/index.php\/2024\/09\/05\/un-servicio-de-calidad-ofrece-la-guarderia-multicolor-a-hijos-de-trabajadores-de-la-uas\/"]}]},{"@type":"ImageObject","inLanguage":"es","@id":"https:\/\/fuentesfidedignas.com.mx\/index.php\/2024\/09\/05\/un-servicio-de-calidad-ofrece-la-guarderia-multicolor-a-hijos-de-trabajadores-de-la-uas\/#primaryimage","url":"https:\/\/fuentesfidedignas.com.mx\/wp-content\/uploads\/2024\/09\/ninos-en-guarderia.jpg","contentUrl":"https:\/\/fuentesfidedignas.com.mx\/wp-content\/uploads\/2024\/09\/ninos-en-guarderia.jpg","width":512,"height":343},{"@type":"BreadcrumbList","@id":"https:\/\/fuentesfidedignas.com.mx\/index.php\/2024\/09\/05\/un-servicio-de-calidad-ofrece-la-guarderia-multicolor-a-hijos-de-trabajadores-de-la-uas\/#breadcrumb","itemListElement":[{"@type":"ListItem","position":1,"name":"Inicio","item":"https:\/\/fuentesfidedignas.com.mx\/"},{"@type":"ListItem","position":2,"name":"Un servicio de calidad ofrece la Guarder\u00eda Multicolor a hijos de trabajadores de la UAS"}]},{"@type":"WebSite","@id":"https:\/\/fuentesfidedignas.com.mx\/#website","url":"https:\/\/fuentesfidedignas.com.mx\/","name":"Fuentes Fidedignas","description":"Otro sitio realizado con WordPress","publisher":{"@id":"https:\/\/fuentesfidedignas.com.mx\/#organization"},"potentialAction":[{"@type":"SearchAction","target":{"@type":"EntryPoint","urlTemplate":"https:\/\/fuentesfidedignas.com.mx\/?s={search_term_string}"},"query-input":{"@type":"PropertyValueSpecification","valueRequired":true,"valueName":"search_term_string"}}],"inLanguage":"es"},{"@type":"Organization","@id":"https:\/\/fuentesfidedignas.com.mx\/#organization","name":"Fuentes Fidedignas","url":"https:\/\/fuentesfidedignas.com.mx\/","logo":{"@type":"ImageObject","inLanguage":"es","@id":"https:\/\/fuentesfidedignas.com.mx\/#\/schema\/logo\/image\/","url":"https:\/\/fuentesfidedignas.com.mx\/wp-content\/uploads\/2021\/04\/logo-retina.png","contentUrl":"https:\/\/fuentesfidedignas.com.mx\/wp-content\/uploads\/2021\/04\/logo-retina.png","width":280,"height":51,"caption":"Fuentes Fidedignas"},"image":{"@id":"https:\/\/fuentesfidedignas.com.mx\/#\/schema\/logo\/image\/"},"sameAs":["https:\/\/www.facebook.com\/Fuentes-Fidedignas-368234489921644","https:\/\/x.com\/fidedignas"]},{"@type":"Person","@id":"https:\/\/fuentesfidedignas.com.mx\/#\/schema\/person\/331be9283d37198e2acd5750279085b0","name":"Redacci\u00f3n","image":{"@type":"ImageObject","inLanguage":"es","@id":"https:\/\/secure.gravatar.com\/avatar\/f6d8782c11d12b2d4ad3fbb6931aeab5309937a4d6cd2fc9cfaa28a6396a5aec?s=96&d=mm&r=g","url":"https:\/\/secure.gravatar.com\/avatar\/f6d8782c11d12b2d4ad3fbb6931aeab5309937a4d6cd2fc9cfaa28a6396a5aec?s=96&d=mm&r=g","contentUrl":"https:\/\/secure.gravatar.com\/avatar\/f6d8782c11d12b2d4ad3fbb6931aeab5309937a4d6cd2fc9cfaa28a6396a5aec?s=96&d=mm&r=g","caption":"Redacci\u00f3n"},"url":"https:\/\/fuentesfidedignas.com.mx\/index.php\/author\/redaccion\/"}]}},"_links":{"self":[{"href":"https:\/\/fuentesfidedignas.com.mx\/index.php\/wp-json\/wp\/v2\/posts\/90418","targetHints":{"allow":["GET"]}}],"collection":[{"href":"https:\/\/fuentesfidedignas.com.mx\/index.php\/wp-json\/wp\/v2\/posts"}],"about":[{"href":"https:\/\/fuentesfidedignas.com.mx\/index.php\/wp-json\/wp\/v2\/types\/post"}],"author":[{"embeddable":true,"href":"https:\/\/fuentesfidedignas.com.mx\/index.php\/wp-json\/wp\/v2\/users\/4"}],"replies":[{"embeddable":true,"href":"https:\/\/fuentesfidedignas.com.mx\/index.php\/wp-json\/wp\/v2\/comments?post=90418"}],"version-history":[{"count":1,"href":"https:\/\/fuentesfidedignas.com.mx\/index.php\/wp-json\/wp\/v2\/posts\/90418\/revisions"}],"predecessor-version":[{"id":90420,"href":"https:\/\/fuentesfidedignas.com.mx\/index.php\/wp-json\/wp\/v2\/posts\/90418\/revisions\/90420"}],"wp:featuredmedia":[{"embeddable":true,"href":"https:\/\/fuentesfidedignas.com.mx\/index.php\/wp-json\/wp\/v2\/media\/90419"}],"wp:attachment":[{"href":"https:\/\/fuentesfidedignas.com.mx\/index.php\/wp-json\/wp\/v2\/media?parent=90418"}],"wp:term":[{"taxonomy":"category","embeddable":true,"href":"https:\/\/fuentesfidedignas.com.mx\/index.php\/wp-json\/wp\/v2\/categories?post=90418"},{"taxonomy":"post_tag","embeddable":true,"href":"https:\/\/fuentesfidedignas.com.mx\/index.php\/wp-json\/wp\/v2\/tags?post=90418"}],"curies":[{"name":"wp","href":"https:\/\/api.w.org\/{rel}","templated":true}]}}