{"id":90392,"date":"2024-09-04T16:06:00","date_gmt":"2024-09-04T23:06:00","guid":{"rendered":"https:\/\/fuentesfidedignas.com.mx\/?p=90392"},"modified":"2024-09-04T16:05:35","modified_gmt":"2024-09-04T23:05:35","slug":"jueza-niega-iniciar-audiencias-para-trasladar-a-el-mayo-zambada-a-ny-se-queda-en-texas","status":"publish","type":"post","link":"https:\/\/fuentesfidedignas.com.mx\/index.php\/2024\/09\/04\/jueza-niega-iniciar-audiencias-para-trasladar-a-el-mayo-zambada-a-ny-se-queda-en-texas\/","title":{"rendered":"Jueza niega iniciar audiencias para trasladar a El Mayo Zambada a NY; se queda en Texas"},"content":{"rendered":"\n<p><strong><em>Se tiene previsto que el pr\u00f3ximo 9 de septiembre, Zambada Garc\u00eda sea presentado ante la jueza para continuar con sus procedimientos.<\/em><\/strong><\/p>\n\n\n\n<p>Ismael, El Mayo, Zambada Garc\u00eda no ser\u00e1 trasladado a Nueva York en los pr\u00f3ximos d\u00edas\u00a0ante el mismo juez que llev\u00f3 el caso del tambi\u00e9n cofundador del c\u00e1rtel de Sinaloa, Joaqu\u00edn, El Chapo, Guzm\u00e1n\u00a0para ser juzgado por lo cr\u00edmenes de delincuencia organizada y tr\u00e1fico de fentanilo por los que es se\u00f1alado.<\/p>\n\n\n\n<p>La jueza al frente de su caso, Kathleen Cardone, neg\u00f3 la petici\u00f3n de la fiscal\u00eda estadunidense para realizar una audiencia en la que se inicien los procedimientos para informar y trasladar al ex l\u00edder del c\u00e1rtel de Sinaloa de la corte federal de El Paso, Texas, a la de Brooklyn, Nueva York.<\/p>\n\n\n\n<p>Se tiene previsto que el pr\u00f3ximo 9 de septiembre, Zambada Garc\u00eda sea presentado ante la jueza para continuar con sus procedimientos.<\/p>\n\n\n\n<p>\u201cLa solicitud para agendar una audiencia inicial por los cargos en la Corte de Distrito Este de Nueva York es negada, y la solicitud para evitar gastar tiempo en el caso en la Corte de Distrito Este a trav\u00e9s de la Ley de Procedimientos Abreviados calculada para este caso es negada sin resoluci\u00f3n\u201d, se lee en la determinaci\u00f3n de la jueza.<\/p>\n\n\n\n<p><strong>\u00bfPor qu\u00e9 quieren trasladar a El Mayo Zambada a Nueva York?<\/strong><br>Dentro de la corte de Booklyn, donde fue juzgado El Chapo Guzm\u00e1n y el secretario de Seguridad P\u00fablica, Gerardo Garc\u00eda Luna, est\u00e1n las oficinas agencias de seguridad m\u00e1s agresivas como Investigaciones de Seguridad Interna (HSI) y la Administraci\u00f3n para el Control de Drogas (DEA).<\/p>\n\n\n\n<p>La defensa de El Mayo Zambada, por otro lado, ha buscado evitar que se inicien los procedimientos, pues se\u00f1ala que la fiscal\u00eda de Estados Unidos no ha presentado argumentos s\u00f3lidos del por qu\u00e9 deber\u00eda ocurrir el traslado.<\/p>\n\n\n\n<p>A\u00f1aden que la petici\u00f3n debi\u00f3 ocurrir en los d\u00edas posteriores a su detenci\u00f3n en Nuevo M\u00e9xico y no casi un mes despu\u00e9s. Por el momento, la jueza Cardone le ha dado la raz\u00f3n a la defensa del mexicano.<\/p>\n","protected":false},"excerpt":{"rendered":"<p>Se tiene previsto que el pr\u00f3ximo 9 de septiembre, Zambada Garc\u00eda sea presentado ante la jueza para continuar con sus procedimientos. Ismael, El Mayo, Zambada Garc\u00eda no ser\u00e1 trasladado a Nueva York en los pr\u00f3ximos d\u00edas\u00a0ante el mismo juez que llev\u00f3 el caso del tambi\u00e9n cofundador del c\u00e1rtel de Sinaloa, Joaqu\u00edn, El Chapo, Guzm\u00e1n\u00a0para ser [&hellip;]<\/p>\n","protected":false},"author":9,"featured_media":88463,"comment_status":"open","ping_status":"open","sticky":false,"template":"","format":"standard","meta":{"tdm_status":"","tdm_grid_status":"","footnotes":""},"categories":[39],"tags":[],"class_list":{"0":"post-90392","1":"post","2":"type-post","3":"status-publish","4":"format-standard","5":"has-post-thumbnail","7":"category-noticias-nacionales"},"yoast_head":"<!-- This site is optimized with the Yoast SEO plugin v27.5 - https:\/\/yoast.com\/product\/yoast-seo-wordpress\/ -->\n<title>Jueza niega iniciar audiencias para trasladar a El Mayo Zambada a NY; se queda en Texas - Fuentes Fidedignas<\/title>\n<meta name=\"robots\" content=\"index, follow, max-snippet:-1, max-image-preview:large, max-video-preview:-1\" \/>\n<link rel=\"canonical\" href=\"https:\/\/fuentesfidedignas.com.mx\/index.php\/2024\/09\/04\/jueza-niega-iniciar-audiencias-para-trasladar-a-el-mayo-zambada-a-ny-se-queda-en-texas\/\" \/>\n<meta property=\"og:locale\" content=\"es_MX\" \/>\n<meta property=\"og:type\" content=\"article\" \/>\n<meta property=\"og:title\" content=\"Jueza niega iniciar audiencias para trasladar a El Mayo Zambada a NY; se queda en Texas - Fuentes Fidedignas\" \/>\n<meta property=\"og:description\" content=\"Se tiene previsto que el pr\u00f3ximo 9 de septiembre, Zambada Garc\u00eda sea presentado ante la jueza para continuar con sus procedimientos. Ismael, El Mayo, Zambada Garc\u00eda no ser\u00e1 trasladado a Nueva York en los pr\u00f3ximos d\u00edas\u00a0ante el mismo juez que llev\u00f3 el caso del tambi\u00e9n cofundador del c\u00e1rtel de Sinaloa, Joaqu\u00edn, El Chapo, Guzm\u00e1n\u00a0para ser [&hellip;]\" \/>\n<meta property=\"og:url\" content=\"https:\/\/fuentesfidedignas.com.mx\/index.php\/2024\/09\/04\/jueza-niega-iniciar-audiencias-para-trasladar-a-el-mayo-zambada-a-ny-se-queda-en-texas\/\" \/>\n<meta property=\"og:site_name\" content=\"Fuentes Fidedignas\" \/>\n<meta property=\"article:publisher\" content=\"https:\/\/www.facebook.com\/Fuentes-Fidedignas-368234489921644\" \/>\n<meta property=\"article:published_time\" content=\"2024-09-04T23:06:00+00:00\" \/>\n<meta property=\"og:image\" content=\"https:\/\/fuentesfidedignas.com.mx\/wp-content\/uploads\/2024\/08\/mayo_zambada.jpg\" \/>\n\t<meta property=\"og:image:width\" content=\"929\" \/>\n\t<meta property=\"og:image:height\" content=\"580\" \/>\n\t<meta property=\"og:image:type\" content=\"image\/jpeg\" \/>\n<meta name=\"author\" content=\"Milenio\" \/>\n<meta name=\"twitter:card\" content=\"summary_large_image\" \/>\n<meta name=\"twitter:creator\" content=\"@fidedignas\" \/>\n<meta name=\"twitter:site\" content=\"@fidedignas\" \/>\n<meta name=\"twitter:label1\" content=\"Escrito por\" \/>\n\t<meta name=\"twitter:data1\" content=\"Milenio\" \/>\n\t<meta name=\"twitter:label2\" content=\"Tiempo de lectura\" \/>\n\t<meta name=\"twitter:data2\" content=\"2 minutos\" \/>\n<script type=\"application\/ld+json\" class=\"yoast-schema-graph\">{\"@context\":\"https:\\\/\\\/schema.org\",\"@graph\":[{\"@type\":\"Article\",\"@id\":\"https:\\\/\\\/fuentesfidedignas.com.mx\\\/index.php\\\/2024\\\/09\\\/04\\\/jueza-niega-iniciar-audiencias-para-trasladar-a-el-mayo-zambada-a-ny-se-queda-en-texas\\\/#article\",\"isPartOf\":{\"@id\":\"https:\\\/\\\/fuentesfidedignas.com.mx\\\/index.php\\\/2024\\\/09\\\/04\\\/jueza-niega-iniciar-audiencias-para-trasladar-a-el-mayo-zambada-a-ny-se-queda-en-texas\\\/\"},\"author\":{\"name\":\"Milenio\",\"@id\":\"https:\\\/\\\/fuentesfidedignas.com.mx\\\/#\\\/schema\\\/person\\\/47ec0135738f4b0c7495f06a77a2c976\"},\"headline\":\"Jueza niega iniciar audiencias para trasladar a El Mayo Zambada a NY; se queda en Texas\",\"datePublished\":\"2024-09-04T23:06:00+00:00\",\"mainEntityOfPage\":{\"@id\":\"https:\\\/\\\/fuentesfidedignas.com.mx\\\/index.php\\\/2024\\\/09\\\/04\\\/jueza-niega-iniciar-audiencias-para-trasladar-a-el-mayo-zambada-a-ny-se-queda-en-texas\\\/\"},\"wordCount\":389,\"commentCount\":0,\"publisher\":{\"@id\":\"https:\\\/\\\/fuentesfidedignas.com.mx\\\/#organization\"},\"image\":{\"@id\":\"https:\\\/\\\/fuentesfidedignas.com.mx\\\/index.php\\\/2024\\\/09\\\/04\\\/jueza-niega-iniciar-audiencias-para-trasladar-a-el-mayo-zambada-a-ny-se-queda-en-texas\\\/#primaryimage\"},\"thumbnailUrl\":\"https:\\\/\\\/fuentesfidedignas.com.mx\\\/wp-content\\\/uploads\\\/2024\\\/08\\\/mayo_zambada.jpg\",\"articleSection\":[\"NOTICIAS NACIONALES\"],\"inLanguage\":\"es\",\"potentialAction\":[{\"@type\":\"CommentAction\",\"name\":\"Comment\",\"target\":[\"https:\\\/\\\/fuentesfidedignas.com.mx\\\/index.php\\\/2024\\\/09\\\/04\\\/jueza-niega-iniciar-audiencias-para-trasladar-a-el-mayo-zambada-a-ny-se-queda-en-texas\\\/#respond\"]}]},{\"@type\":\"WebPage\",\"@id\":\"https:\\\/\\\/fuentesfidedignas.com.mx\\\/index.php\\\/2024\\\/09\\\/04\\\/jueza-niega-iniciar-audiencias-para-trasladar-a-el-mayo-zambada-a-ny-se-queda-en-texas\\\/\",\"url\":\"https:\\\/\\\/fuentesfidedignas.com.mx\\\/index.php\\\/2024\\\/09\\\/04\\\/jueza-niega-iniciar-audiencias-para-trasladar-a-el-mayo-zambada-a-ny-se-queda-en-texas\\\/\",\"name\":\"Jueza niega iniciar audiencias para trasladar a El Mayo Zambada a NY; se queda en Texas - Fuentes Fidedignas\",\"isPartOf\":{\"@id\":\"https:\\\/\\\/fuentesfidedignas.com.mx\\\/#website\"},\"primaryImageOfPage\":{\"@id\":\"https:\\\/\\\/fuentesfidedignas.com.mx\\\/index.php\\\/2024\\\/09\\\/04\\\/jueza-niega-iniciar-audiencias-para-trasladar-a-el-mayo-zambada-a-ny-se-queda-en-texas\\\/#primaryimage\"},\"image\":{\"@id\":\"https:\\\/\\\/fuentesfidedignas.com.mx\\\/index.php\\\/2024\\\/09\\\/04\\\/jueza-niega-iniciar-audiencias-para-trasladar-a-el-mayo-zambada-a-ny-se-queda-en-texas\\\/#primaryimage\"},\"thumbnailUrl\":\"https:\\\/\\\/fuentesfidedignas.com.mx\\\/wp-content\\\/uploads\\\/2024\\\/08\\\/mayo_zambada.jpg\",\"datePublished\":\"2024-09-04T23:06:00+00:00\",\"breadcrumb\":{\"@id\":\"https:\\\/\\\/fuentesfidedignas.com.mx\\\/index.php\\\/2024\\\/09\\\/04\\\/jueza-niega-iniciar-audiencias-para-trasladar-a-el-mayo-zambada-a-ny-se-queda-en-texas\\\/#breadcrumb\"},\"inLanguage\":\"es\",\"potentialAction\":[{\"@type\":\"ReadAction\",\"target\":[\"https:\\\/\\\/fuentesfidedignas.com.mx\\\/index.php\\\/2024\\\/09\\\/04\\\/jueza-niega-iniciar-audiencias-para-trasladar-a-el-mayo-zambada-a-ny-se-queda-en-texas\\\/\"]}]},{\"@type\":\"ImageObject\",\"inLanguage\":\"es\",\"@id\":\"https:\\\/\\\/fuentesfidedignas.com.mx\\\/index.php\\\/2024\\\/09\\\/04\\\/jueza-niega-iniciar-audiencias-para-trasladar-a-el-mayo-zambada-a-ny-se-queda-en-texas\\\/#primaryimage\",\"url\":\"https:\\\/\\\/fuentesfidedignas.com.mx\\\/wp-content\\\/uploads\\\/2024\\\/08\\\/mayo_zambada.jpg\",\"contentUrl\":\"https:\\\/\\\/fuentesfidedignas.com.mx\\\/wp-content\\\/uploads\\\/2024\\\/08\\\/mayo_zambada.jpg\",\"width\":929,\"height\":580},{\"@type\":\"BreadcrumbList\",\"@id\":\"https:\\\/\\\/fuentesfidedignas.com.mx\\\/index.php\\\/2024\\\/09\\\/04\\\/jueza-niega-iniciar-audiencias-para-trasladar-a-el-mayo-zambada-a-ny-se-queda-en-texas\\\/#breadcrumb\",\"itemListElement\":[{\"@type\":\"ListItem\",\"position\":1,\"name\":\"Inicio\",\"item\":\"https:\\\/\\\/fuentesfidedignas.com.mx\\\/\"},{\"@type\":\"ListItem\",\"position\":2,\"name\":\"Jueza niega iniciar audiencias para trasladar a El Mayo Zambada a NY; se queda en Texas\"}]},{\"@type\":\"WebSite\",\"@id\":\"https:\\\/\\\/fuentesfidedignas.com.mx\\\/#website\",\"url\":\"https:\\\/\\\/fuentesfidedignas.com.mx\\\/\",\"name\":\"Fuentes Fidedignas\",\"description\":\"Otro sitio realizado con WordPress\",\"publisher\":{\"@id\":\"https:\\\/\\\/fuentesfidedignas.com.mx\\\/#organization\"},\"potentialAction\":[{\"@type\":\"SearchAction\",\"target\":{\"@type\":\"EntryPoint\",\"urlTemplate\":\"https:\\\/\\\/fuentesfidedignas.com.mx\\\/?s={search_term_string}\"},\"query-input\":{\"@type\":\"PropertyValueSpecification\",\"valueRequired\":true,\"valueName\":\"search_term_string\"}}],\"inLanguage\":\"es\"},{\"@type\":\"Organization\",\"@id\":\"https:\\\/\\\/fuentesfidedignas.com.mx\\\/#organization\",\"name\":\"Fuentes Fidedignas\",\"url\":\"https:\\\/\\\/fuentesfidedignas.com.mx\\\/\",\"logo\":{\"@type\":\"ImageObject\",\"inLanguage\":\"es\",\"@id\":\"https:\\\/\\\/fuentesfidedignas.com.mx\\\/#\\\/schema\\\/logo\\\/image\\\/\",\"url\":\"https:\\\/\\\/fuentesfidedignas.com.mx\\\/wp-content\\\/uploads\\\/2021\\\/04\\\/logo-retina.png\",\"contentUrl\":\"https:\\\/\\\/fuentesfidedignas.com.mx\\\/wp-content\\\/uploads\\\/2021\\\/04\\\/logo-retina.png\",\"width\":280,\"height\":51,\"caption\":\"Fuentes Fidedignas\"},\"image\":{\"@id\":\"https:\\\/\\\/fuentesfidedignas.com.mx\\\/#\\\/schema\\\/logo\\\/image\\\/\"},\"sameAs\":[\"https:\\\/\\\/www.facebook.com\\\/Fuentes-Fidedignas-368234489921644\",\"https:\\\/\\\/x.com\\\/fidedignas\"]},{\"@type\":\"Person\",\"@id\":\"https:\\\/\\\/fuentesfidedignas.com.mx\\\/#\\\/schema\\\/person\\\/47ec0135738f4b0c7495f06a77a2c976\",\"name\":\"Milenio\",\"image\":{\"@type\":\"ImageObject\",\"inLanguage\":\"es\",\"@id\":\"https:\\\/\\\/secure.gravatar.com\\\/avatar\\\/acabf7b54753e51c2c76457954577c236b3b764789b19879565769739d1e4a75?s=96&d=mm&r=g\",\"url\":\"https:\\\/\\\/secure.gravatar.com\\\/avatar\\\/acabf7b54753e51c2c76457954577c236b3b764789b19879565769739d1e4a75?s=96&d=mm&r=g\",\"contentUrl\":\"https:\\\/\\\/secure.gravatar.com\\\/avatar\\\/acabf7b54753e51c2c76457954577c236b3b764789b19879565769739d1e4a75?s=96&d=mm&r=g\",\"caption\":\"Milenio\"},\"url\":\"https:\\\/\\\/fuentesfidedignas.com.mx\\\/index.php\\\/author\\\/milenio\\\/\"}]}<\/script>\n<!-- \/ Yoast SEO plugin. -->","yoast_head_json":{"title":"Jueza niega iniciar audiencias para trasladar a El Mayo Zambada a NY; se queda en Texas - Fuentes Fidedignas","robots":{"index":"index","follow":"follow","max-snippet":"max-snippet:-1","max-image-preview":"max-image-preview:large","max-video-preview":"max-video-preview:-1"},"canonical":"https:\/\/fuentesfidedignas.com.mx\/index.php\/2024\/09\/04\/jueza-niega-iniciar-audiencias-para-trasladar-a-el-mayo-zambada-a-ny-se-queda-en-texas\/","og_locale":"es_MX","og_type":"article","og_title":"Jueza niega iniciar audiencias para trasladar a El Mayo Zambada a NY; se queda en Texas - Fuentes Fidedignas","og_description":"Se tiene previsto que el pr\u00f3ximo 9 de septiembre, Zambada Garc\u00eda sea presentado ante la jueza para continuar con sus procedimientos. Ismael, El Mayo, Zambada Garc\u00eda no ser\u00e1 trasladado a Nueva York en los pr\u00f3ximos d\u00edas\u00a0ante el mismo juez que llev\u00f3 el caso del tambi\u00e9n cofundador del c\u00e1rtel de Sinaloa, Joaqu\u00edn, El Chapo, Guzm\u00e1n\u00a0para ser [&hellip;]","og_url":"https:\/\/fuentesfidedignas.com.mx\/index.php\/2024\/09\/04\/jueza-niega-iniciar-audiencias-para-trasladar-a-el-mayo-zambada-a-ny-se-queda-en-texas\/","og_site_name":"Fuentes Fidedignas","article_publisher":"https:\/\/www.facebook.com\/Fuentes-Fidedignas-368234489921644","article_published_time":"2024-09-04T23:06:00+00:00","og_image":[{"width":929,"height":580,"url":"https:\/\/fuentesfidedignas.com.mx\/wp-content\/uploads\/2024\/08\/mayo_zambada.jpg","type":"image\/jpeg"}],"author":"Milenio","twitter_card":"summary_large_image","twitter_creator":"@fidedignas","twitter_site":"@fidedignas","twitter_misc":{"Escrito por":"Milenio","Tiempo de lectura":"2 minutos"},"schema":{"@context":"https:\/\/schema.org","@graph":[{"@type":"Article","@id":"https:\/\/fuentesfidedignas.com.mx\/index.php\/2024\/09\/04\/jueza-niega-iniciar-audiencias-para-trasladar-a-el-mayo-zambada-a-ny-se-queda-en-texas\/#article","isPartOf":{"@id":"https:\/\/fuentesfidedignas.com.mx\/index.php\/2024\/09\/04\/jueza-niega-iniciar-audiencias-para-trasladar-a-el-mayo-zambada-a-ny-se-queda-en-texas\/"},"author":{"name":"Milenio","@id":"https:\/\/fuentesfidedignas.com.mx\/#\/schema\/person\/47ec0135738f4b0c7495f06a77a2c976"},"headline":"Jueza niega iniciar audiencias para trasladar a El Mayo Zambada a NY; se queda en Texas","datePublished":"2024-09-04T23:06:00+00:00","mainEntityOfPage":{"@id":"https:\/\/fuentesfidedignas.com.mx\/index.php\/2024\/09\/04\/jueza-niega-iniciar-audiencias-para-trasladar-a-el-mayo-zambada-a-ny-se-queda-en-texas\/"},"wordCount":389,"commentCount":0,"publisher":{"@id":"https:\/\/fuentesfidedignas.com.mx\/#organization"},"image":{"@id":"https:\/\/fuentesfidedignas.com.mx\/index.php\/2024\/09\/04\/jueza-niega-iniciar-audiencias-para-trasladar-a-el-mayo-zambada-a-ny-se-queda-en-texas\/#primaryimage"},"thumbnailUrl":"https:\/\/fuentesfidedignas.com.mx\/wp-content\/uploads\/2024\/08\/mayo_zambada.jpg","articleSection":["NOTICIAS NACIONALES"],"inLanguage":"es","potentialAction":[{"@type":"CommentAction","name":"Comment","target":["https:\/\/fuentesfidedignas.com.mx\/index.php\/2024\/09\/04\/jueza-niega-iniciar-audiencias-para-trasladar-a-el-mayo-zambada-a-ny-se-queda-en-texas\/#respond"]}]},{"@type":"WebPage","@id":"https:\/\/fuentesfidedignas.com.mx\/index.php\/2024\/09\/04\/jueza-niega-iniciar-audiencias-para-trasladar-a-el-mayo-zambada-a-ny-se-queda-en-texas\/","url":"https:\/\/fuentesfidedignas.com.mx\/index.php\/2024\/09\/04\/jueza-niega-iniciar-audiencias-para-trasladar-a-el-mayo-zambada-a-ny-se-queda-en-texas\/","name":"Jueza niega iniciar audiencias para trasladar a El Mayo Zambada a NY; se queda en Texas - Fuentes Fidedignas","isPartOf":{"@id":"https:\/\/fuentesfidedignas.com.mx\/#website"},"primaryImageOfPage":{"@id":"https:\/\/fuentesfidedignas.com.mx\/index.php\/2024\/09\/04\/jueza-niega-iniciar-audiencias-para-trasladar-a-el-mayo-zambada-a-ny-se-queda-en-texas\/#primaryimage"},"image":{"@id":"https:\/\/fuentesfidedignas.com.mx\/index.php\/2024\/09\/04\/jueza-niega-iniciar-audiencias-para-trasladar-a-el-mayo-zambada-a-ny-se-queda-en-texas\/#primaryimage"},"thumbnailUrl":"https:\/\/fuentesfidedignas.com.mx\/wp-content\/uploads\/2024\/08\/mayo_zambada.jpg","datePublished":"2024-09-04T23:06:00+00:00","breadcrumb":{"@id":"https:\/\/fuentesfidedignas.com.mx\/index.php\/2024\/09\/04\/jueza-niega-iniciar-audiencias-para-trasladar-a-el-mayo-zambada-a-ny-se-queda-en-texas\/#breadcrumb"},"inLanguage":"es","potentialAction":[{"@type":"ReadAction","target":["https:\/\/fuentesfidedignas.com.mx\/index.php\/2024\/09\/04\/jueza-niega-iniciar-audiencias-para-trasladar-a-el-mayo-zambada-a-ny-se-queda-en-texas\/"]}]},{"@type":"ImageObject","inLanguage":"es","@id":"https:\/\/fuentesfidedignas.com.mx\/index.php\/2024\/09\/04\/jueza-niega-iniciar-audiencias-para-trasladar-a-el-mayo-zambada-a-ny-se-queda-en-texas\/#primaryimage","url":"https:\/\/fuentesfidedignas.com.mx\/wp-content\/uploads\/2024\/08\/mayo_zambada.jpg","contentUrl":"https:\/\/fuentesfidedignas.com.mx\/wp-content\/uploads\/2024\/08\/mayo_zambada.jpg","width":929,"height":580},{"@type":"BreadcrumbList","@id":"https:\/\/fuentesfidedignas.com.mx\/index.php\/2024\/09\/04\/jueza-niega-iniciar-audiencias-para-trasladar-a-el-mayo-zambada-a-ny-se-queda-en-texas\/#breadcrumb","itemListElement":[{"@type":"ListItem","position":1,"name":"Inicio","item":"https:\/\/fuentesfidedignas.com.mx\/"},{"@type":"ListItem","position":2,"name":"Jueza niega iniciar audiencias para trasladar a El Mayo Zambada a NY; se queda en Texas"}]},{"@type":"WebSite","@id":"https:\/\/fuentesfidedignas.com.mx\/#website","url":"https:\/\/fuentesfidedignas.com.mx\/","name":"Fuentes Fidedignas","description":"Otro sitio realizado con WordPress","publisher":{"@id":"https:\/\/fuentesfidedignas.com.mx\/#organization"},"potentialAction":[{"@type":"SearchAction","target":{"@type":"EntryPoint","urlTemplate":"https:\/\/fuentesfidedignas.com.mx\/?s={search_term_string}"},"query-input":{"@type":"PropertyValueSpecification","valueRequired":true,"valueName":"search_term_string"}}],"inLanguage":"es"},{"@type":"Organization","@id":"https:\/\/fuentesfidedignas.com.mx\/#organization","name":"Fuentes Fidedignas","url":"https:\/\/fuentesfidedignas.com.mx\/","logo":{"@type":"ImageObject","inLanguage":"es","@id":"https:\/\/fuentesfidedignas.com.mx\/#\/schema\/logo\/image\/","url":"https:\/\/fuentesfidedignas.com.mx\/wp-content\/uploads\/2021\/04\/logo-retina.png","contentUrl":"https:\/\/fuentesfidedignas.com.mx\/wp-content\/uploads\/2021\/04\/logo-retina.png","width":280,"height":51,"caption":"Fuentes Fidedignas"},"image":{"@id":"https:\/\/fuentesfidedignas.com.mx\/#\/schema\/logo\/image\/"},"sameAs":["https:\/\/www.facebook.com\/Fuentes-Fidedignas-368234489921644","https:\/\/x.com\/fidedignas"]},{"@type":"Person","@id":"https:\/\/fuentesfidedignas.com.mx\/#\/schema\/person\/47ec0135738f4b0c7495f06a77a2c976","name":"Milenio","image":{"@type":"ImageObject","inLanguage":"es","@id":"https:\/\/secure.gravatar.com\/avatar\/acabf7b54753e51c2c76457954577c236b3b764789b19879565769739d1e4a75?s=96&d=mm&r=g","url":"https:\/\/secure.gravatar.com\/avatar\/acabf7b54753e51c2c76457954577c236b3b764789b19879565769739d1e4a75?s=96&d=mm&r=g","contentUrl":"https:\/\/secure.gravatar.com\/avatar\/acabf7b54753e51c2c76457954577c236b3b764789b19879565769739d1e4a75?s=96&d=mm&r=g","caption":"Milenio"},"url":"https:\/\/fuentesfidedignas.com.mx\/index.php\/author\/milenio\/"}]}},"_links":{"self":[{"href":"https:\/\/fuentesfidedignas.com.mx\/index.php\/wp-json\/wp\/v2\/posts\/90392","targetHints":{"allow":["GET"]}}],"collection":[{"href":"https:\/\/fuentesfidedignas.com.mx\/index.php\/wp-json\/wp\/v2\/posts"}],"about":[{"href":"https:\/\/fuentesfidedignas.com.mx\/index.php\/wp-json\/wp\/v2\/types\/post"}],"author":[{"embeddable":true,"href":"https:\/\/fuentesfidedignas.com.mx\/index.php\/wp-json\/wp\/v2\/users\/9"}],"replies":[{"embeddable":true,"href":"https:\/\/fuentesfidedignas.com.mx\/index.php\/wp-json\/wp\/v2\/comments?post=90392"}],"version-history":[{"count":1,"href":"https:\/\/fuentesfidedignas.com.mx\/index.php\/wp-json\/wp\/v2\/posts\/90392\/revisions"}],"predecessor-version":[{"id":90393,"href":"https:\/\/fuentesfidedignas.com.mx\/index.php\/wp-json\/wp\/v2\/posts\/90392\/revisions\/90393"}],"wp:featuredmedia":[{"embeddable":true,"href":"https:\/\/fuentesfidedignas.com.mx\/index.php\/wp-json\/wp\/v2\/media\/88463"}],"wp:attachment":[{"href":"https:\/\/fuentesfidedignas.com.mx\/index.php\/wp-json\/wp\/v2\/media?parent=90392"}],"wp:term":[{"taxonomy":"category","embeddable":true,"href":"https:\/\/fuentesfidedignas.com.mx\/index.php\/wp-json\/wp\/v2\/categories?post=90392"},{"taxonomy":"post_tag","embeddable":true,"href":"https:\/\/fuentesfidedignas.com.mx\/index.php\/wp-json\/wp\/v2\/tags?post=90392"}],"curies":[{"name":"wp","href":"https:\/\/api.w.org\/{rel}","templated":true}]}}