{"id":90322,"date":"2024-09-03T19:40:29","date_gmt":"2024-09-04T02:40:29","guid":{"rendered":"https:\/\/fuentesfidedignas.com.mx\/?p=90322"},"modified":"2024-09-03T19:40:31","modified_gmt":"2024-09-04T02:40:31","slug":"marina-realiza-operativo-aereo-y-terrestre-en-badiraguato","status":"publish","type":"post","link":"https:\/\/fuentesfidedignas.com.mx\/index.php\/2024\/09\/03\/marina-realiza-operativo-aereo-y-terrestre-en-badiraguato\/","title":{"rendered":"Marina realiza operativo a\u00e9reo y terrestre en Badiraguato"},"content":{"rendered":"\n<p><strong><em>El operativo, que incluy\u00f3 m\u00e1s de diez camionetas de la Secretar\u00eda de Marina y un helic\u00f3ptero, tiene resultados a\u00fan desconocidos<\/em><\/strong><\/p>\n\n\n\n<p>La comunidad de San Jos\u00e9 del Llano, municipio de Badiraguato, Sinaloa, fue escenario de un intenso operativo de seguridad llevado a cabo por la Secretar\u00eda de Marina (Semar).&nbsp;<\/p>\n\n\n\n<p><strong>\u200bGobernador de Sinaloa estuvo en\u00a0Badiraguato<\/strong><\/p>\n\n\n\n<p>Este operativo, que incluy\u00f3 un despliegue a\u00e9reo y terrestre, se realiz\u00f3 pocas horas despu\u00e9s de la visita del gobernador de Sinaloa, Rub\u00e9n Rocha Moya, al municipio.&nbsp;<\/p>\n\n\n\n<p>La visita del gobernador tuvo como prop\u00f3sito la inauguraci\u00f3n de la pavimentaci\u00f3n del camino La Apoma-El Hormiguero.<\/p>\n\n\n\n<p>M\u00e1s de diez camionetas de la Secretar\u00eda de Marina fueron movilizadas hacia la regi\u00f3n, acompa\u00f1adas por un helic\u00f3ptero que brind\u00f3 apoyo a\u00e9reo durante la operaci\u00f3n.&nbsp;<\/p>\n\n\n\n<p>Hasta el momento, no se ha dado a conocer el resultado concreto del operativo ni se han proporcionado detalles sobre cualquier posible hallazgo o arresto.\u00a0<\/p>\n\n\n\n<p><strong>Operativos en Badiraguato, Sinaloa<\/strong><br>Este tipo de operativos en la regi\u00f3n de Badiraguato\u00a0no son infrecuentes.\u00a0<\/p>\n\n\n\n<p>La zona, conocida por su compleja din\u00e1mica de seguridad, fue objeto de m\u00faltiples intervenciones por parte de las autoridades federales debido a su importancia estrat\u00e9gica en el narcotr\u00e1fico.&nbsp;<\/p>\n\n\n\n<p>San Jos\u00e9 del Llano, en particular, fue identificado como un \u00e1rea de inter\u00e9s debido a su presunta relaci\u00f3n con figuras del crimen organizado, como Aureliano Guzm\u00e1n, alias El Guano, quien es conocido por su vinculaci\u00f3n con el C\u00e1rtel de Sinaloa y su relaci\u00f3n con Joaqu\u00edn El Chapo Guzm\u00e1n.<\/p>\n\n\n\n<p><strong>As\u00ed fue el operativo en\u00a0Badiraguato, Sinaloa:\u00a0<\/strong><\/p>\n\n\n\n<blockquote class=\"twitter-tweet\"><p lang=\"es\" dir=\"ltr\">\ud83d\udea8 <a href=\"https:\/\/twitter.com\/hashtag\/%C3%9ALTIMAHORA?src=hash&amp;ref_src=twsrc%5Etfw\">#\u00daLTIMAHORA<\/a> | Marina realiza operativo a\u00e9reo y terrestre en Badiraguato, <a href=\"https:\/\/twitter.com\/hashtag\/Sinaloa?src=hash&amp;ref_src=twsrc%5Etfw\">#Sinaloa<\/a><a href=\"https:\/\/t.co\/MHGbYcnhEH\">https:\/\/t.co\/MHGbYcnhEH<\/a> <a href=\"https:\/\/t.co\/ctyrX2kykI\">pic.twitter.com\/ctyrX2kykI<\/a><\/p>&mdash; Milenio (@Milenio) <a href=\"https:\/\/twitter.com\/Milenio\/status\/1831148779145240897?ref_src=twsrc%5Etfw\">September 4, 2024<\/a><\/blockquote> <script async src=\"https:\/\/platform.twitter.com\/widgets.js\" charset=\"utf-8\"><\/script>\n\n\n\n<p><strong>\u200bViolencia en otras partes de Sinaloa<\/strong><br>El jueves 29 de agosto, en Culiac\u00e1n se registr\u00f3 una serie de enfrentamientos, bloqueos y quema de veh\u00edculos.\u00a0<\/p>\n\n\n\n<p>Los incidentes ocurrieron el mismo d\u00eda en que la Fiscal\u00eda General de la Rep\u00fablica (FGR) emiti\u00f3 un comunicado en el que relaciona a Ovidio Guzm\u00e1n, hijo de Joaqu\u00edn El Chapo Guzm\u00e1n, con la detenci\u00f3n de Ismael El Mayo Zambada, l\u00edder del C\u00e1rtel de Sinaloa, un mes antes.<\/p>\n\n\n\n<p>El primer evento se registr\u00f3 en el ejido Pe\u00f1asco, al norte de Culiac\u00e1n, donde se produjo un enfrentamiento entre civiles armados y elementos del Ej\u00e9rcito. Durante el intercambio de disparos, un accidente dej\u00f3 a un agente militar herido.&nbsp;<\/p>\n\n\n\n<p>A la par de los enfrentamientos, se reportaron bloqueos en diversas partes de la ciudad, incluyendo un punto cr\u00edtico en El Lim\u00f3n de Los Ramos, sobre la carretera M\u00e9xico 15, una de las principales arterias de la regi\u00f3n.&nbsp;<\/p>\n\n\n\n<p>De acuerdo con la Secretar\u00eda de Seguridad P\u00fablica del Estado, los bloqueos fueron una respuesta directa a la agresi\u00f3n sufrida por los elementos del Ej\u00e9rcito.<\/p>\n\n\n\n<p>Adem\u00e1s de los bloqueos, se reportaron la colocaci\u00f3n de ponchallantas en diversas vialidades, especialmente en el sector Humaya, lo que complic\u00f3 a\u00fan m\u00e1s la circulaci\u00f3n en la ciudad.\u00a0<\/p>\n","protected":false},"excerpt":{"rendered":"<p>El operativo, que incluy\u00f3 m\u00e1s de diez camionetas de la Secretar\u00eda de Marina y un helic\u00f3ptero, tiene resultados a\u00fan desconocidos La comunidad de San Jos\u00e9 del Llano, municipio de Badiraguato, Sinaloa, fue escenario de un intenso operativo de seguridad llevado a cabo por la Secretar\u00eda de Marina (Semar).&nbsp; \u200bGobernador de Sinaloa estuvo en\u00a0Badiraguato Este operativo, [&hellip;]<\/p>\n","protected":false},"author":9,"featured_media":90323,"comment_status":"open","ping_status":"open","sticky":false,"template":"","format":"standard","meta":{"tdm_status":"","tdm_grid_status":"","footnotes":""},"categories":[37],"tags":[],"class_list":{"0":"post-90322","1":"post","2":"type-post","3":"status-publish","4":"format-standard","5":"has-post-thumbnail","7":"category-nota-principal"},"yoast_head":"<!-- This site is optimized with the Yoast SEO plugin v27.5 - https:\/\/yoast.com\/product\/yoast-seo-wordpress\/ -->\n<title>Marina realiza operativo a\u00e9reo y terrestre en Badiraguato - Fuentes Fidedignas<\/title>\n<meta name=\"robots\" content=\"index, follow, max-snippet:-1, max-image-preview:large, max-video-preview:-1\" \/>\n<link rel=\"canonical\" href=\"https:\/\/fuentesfidedignas.com.mx\/index.php\/2024\/09\/03\/marina-realiza-operativo-aereo-y-terrestre-en-badiraguato\/\" \/>\n<meta property=\"og:locale\" content=\"es_MX\" \/>\n<meta property=\"og:type\" content=\"article\" \/>\n<meta property=\"og:title\" content=\"Marina realiza operativo a\u00e9reo y terrestre en Badiraguato - Fuentes Fidedignas\" \/>\n<meta property=\"og:description\" content=\"El operativo, que incluy\u00f3 m\u00e1s de diez camionetas de la Secretar\u00eda de Marina y un helic\u00f3ptero, tiene resultados a\u00fan desconocidos La comunidad de San Jos\u00e9 del Llano, municipio de Badiraguato, Sinaloa, fue escenario de un intenso operativo de seguridad llevado a cabo por la Secretar\u00eda de Marina (Semar).&nbsp; \u200bGobernador de Sinaloa estuvo en\u00a0Badiraguato Este operativo, [&hellip;]\" \/>\n<meta property=\"og:url\" content=\"https:\/\/fuentesfidedignas.com.mx\/index.php\/2024\/09\/03\/marina-realiza-operativo-aereo-y-terrestre-en-badiraguato\/\" \/>\n<meta property=\"og:site_name\" content=\"Fuentes Fidedignas\" \/>\n<meta property=\"article:publisher\" content=\"https:\/\/www.facebook.com\/Fuentes-Fidedignas-368234489921644\" \/>\n<meta property=\"article:published_time\" content=\"2024-09-04T02:40:29+00:00\" \/>\n<meta property=\"article:modified_time\" content=\"2024-09-04T02:40:31+00:00\" \/>\n<meta property=\"og:image\" content=\"https:\/\/fuentesfidedignas.com.mx\/wp-content\/uploads\/2024\/09\/militares-en-operativo.jpg\" \/>\n\t<meta property=\"og:image:width\" content=\"650\" \/>\n\t<meta property=\"og:image:height\" content=\"366\" \/>\n\t<meta property=\"og:image:type\" content=\"image\/jpeg\" \/>\n<meta name=\"author\" content=\"Milenio\" \/>\n<meta name=\"twitter:card\" content=\"summary_large_image\" \/>\n<meta name=\"twitter:creator\" content=\"@fidedignas\" \/>\n<meta name=\"twitter:site\" content=\"@fidedignas\" \/>\n<meta name=\"twitter:label1\" content=\"Escrito por\" \/>\n\t<meta name=\"twitter:data1\" content=\"Milenio\" \/>\n\t<meta name=\"twitter:label2\" content=\"Tiempo de lectura\" \/>\n\t<meta name=\"twitter:data2\" content=\"3 minutos\" \/>\n<script type=\"application\/ld+json\" class=\"yoast-schema-graph\">{\"@context\":\"https:\\\/\\\/schema.org\",\"@graph\":[{\"@type\":\"Article\",\"@id\":\"https:\\\/\\\/fuentesfidedignas.com.mx\\\/index.php\\\/2024\\\/09\\\/03\\\/marina-realiza-operativo-aereo-y-terrestre-en-badiraguato\\\/#article\",\"isPartOf\":{\"@id\":\"https:\\\/\\\/fuentesfidedignas.com.mx\\\/index.php\\\/2024\\\/09\\\/03\\\/marina-realiza-operativo-aereo-y-terrestre-en-badiraguato\\\/\"},\"author\":{\"name\":\"Milenio\",\"@id\":\"https:\\\/\\\/fuentesfidedignas.com.mx\\\/#\\\/schema\\\/person\\\/47ec0135738f4b0c7495f06a77a2c976\"},\"headline\":\"Marina realiza operativo a\u00e9reo y terrestre en Badiraguato\",\"datePublished\":\"2024-09-04T02:40:29+00:00\",\"dateModified\":\"2024-09-04T02:40:31+00:00\",\"mainEntityOfPage\":{\"@id\":\"https:\\\/\\\/fuentesfidedignas.com.mx\\\/index.php\\\/2024\\\/09\\\/03\\\/marina-realiza-operativo-aereo-y-terrestre-en-badiraguato\\\/\"},\"wordCount\":541,\"commentCount\":0,\"publisher\":{\"@id\":\"https:\\\/\\\/fuentesfidedignas.com.mx\\\/#organization\"},\"image\":{\"@id\":\"https:\\\/\\\/fuentesfidedignas.com.mx\\\/index.php\\\/2024\\\/09\\\/03\\\/marina-realiza-operativo-aereo-y-terrestre-en-badiraguato\\\/#primaryimage\"},\"thumbnailUrl\":\"https:\\\/\\\/fuentesfidedignas.com.mx\\\/wp-content\\\/uploads\\\/2024\\\/09\\\/militares-en-operativo.jpg\",\"articleSection\":[\"NOTA PRINCIPAL\"],\"inLanguage\":\"es\",\"potentialAction\":[{\"@type\":\"CommentAction\",\"name\":\"Comment\",\"target\":[\"https:\\\/\\\/fuentesfidedignas.com.mx\\\/index.php\\\/2024\\\/09\\\/03\\\/marina-realiza-operativo-aereo-y-terrestre-en-badiraguato\\\/#respond\"]}]},{\"@type\":\"WebPage\",\"@id\":\"https:\\\/\\\/fuentesfidedignas.com.mx\\\/index.php\\\/2024\\\/09\\\/03\\\/marina-realiza-operativo-aereo-y-terrestre-en-badiraguato\\\/\",\"url\":\"https:\\\/\\\/fuentesfidedignas.com.mx\\\/index.php\\\/2024\\\/09\\\/03\\\/marina-realiza-operativo-aereo-y-terrestre-en-badiraguato\\\/\",\"name\":\"Marina realiza operativo a\u00e9reo y terrestre en Badiraguato - Fuentes Fidedignas\",\"isPartOf\":{\"@id\":\"https:\\\/\\\/fuentesfidedignas.com.mx\\\/#website\"},\"primaryImageOfPage\":{\"@id\":\"https:\\\/\\\/fuentesfidedignas.com.mx\\\/index.php\\\/2024\\\/09\\\/03\\\/marina-realiza-operativo-aereo-y-terrestre-en-badiraguato\\\/#primaryimage\"},\"image\":{\"@id\":\"https:\\\/\\\/fuentesfidedignas.com.mx\\\/index.php\\\/2024\\\/09\\\/03\\\/marina-realiza-operativo-aereo-y-terrestre-en-badiraguato\\\/#primaryimage\"},\"thumbnailUrl\":\"https:\\\/\\\/fuentesfidedignas.com.mx\\\/wp-content\\\/uploads\\\/2024\\\/09\\\/militares-en-operativo.jpg\",\"datePublished\":\"2024-09-04T02:40:29+00:00\",\"dateModified\":\"2024-09-04T02:40:31+00:00\",\"breadcrumb\":{\"@id\":\"https:\\\/\\\/fuentesfidedignas.com.mx\\\/index.php\\\/2024\\\/09\\\/03\\\/marina-realiza-operativo-aereo-y-terrestre-en-badiraguato\\\/#breadcrumb\"},\"inLanguage\":\"es\",\"potentialAction\":[{\"@type\":\"ReadAction\",\"target\":[\"https:\\\/\\\/fuentesfidedignas.com.mx\\\/index.php\\\/2024\\\/09\\\/03\\\/marina-realiza-operativo-aereo-y-terrestre-en-badiraguato\\\/\"]}]},{\"@type\":\"ImageObject\",\"inLanguage\":\"es\",\"@id\":\"https:\\\/\\\/fuentesfidedignas.com.mx\\\/index.php\\\/2024\\\/09\\\/03\\\/marina-realiza-operativo-aereo-y-terrestre-en-badiraguato\\\/#primaryimage\",\"url\":\"https:\\\/\\\/fuentesfidedignas.com.mx\\\/wp-content\\\/uploads\\\/2024\\\/09\\\/militares-en-operativo.jpg\",\"contentUrl\":\"https:\\\/\\\/fuentesfidedignas.com.mx\\\/wp-content\\\/uploads\\\/2024\\\/09\\\/militares-en-operativo.jpg\",\"width\":650,\"height\":366},{\"@type\":\"BreadcrumbList\",\"@id\":\"https:\\\/\\\/fuentesfidedignas.com.mx\\\/index.php\\\/2024\\\/09\\\/03\\\/marina-realiza-operativo-aereo-y-terrestre-en-badiraguato\\\/#breadcrumb\",\"itemListElement\":[{\"@type\":\"ListItem\",\"position\":1,\"name\":\"Inicio\",\"item\":\"https:\\\/\\\/fuentesfidedignas.com.mx\\\/\"},{\"@type\":\"ListItem\",\"position\":2,\"name\":\"Marina realiza operativo a\u00e9reo y terrestre en Badiraguato\"}]},{\"@type\":\"WebSite\",\"@id\":\"https:\\\/\\\/fuentesfidedignas.com.mx\\\/#website\",\"url\":\"https:\\\/\\\/fuentesfidedignas.com.mx\\\/\",\"name\":\"Fuentes Fidedignas\",\"description\":\"Otro sitio realizado con WordPress\",\"publisher\":{\"@id\":\"https:\\\/\\\/fuentesfidedignas.com.mx\\\/#organization\"},\"potentialAction\":[{\"@type\":\"SearchAction\",\"target\":{\"@type\":\"EntryPoint\",\"urlTemplate\":\"https:\\\/\\\/fuentesfidedignas.com.mx\\\/?s={search_term_string}\"},\"query-input\":{\"@type\":\"PropertyValueSpecification\",\"valueRequired\":true,\"valueName\":\"search_term_string\"}}],\"inLanguage\":\"es\"},{\"@type\":\"Organization\",\"@id\":\"https:\\\/\\\/fuentesfidedignas.com.mx\\\/#organization\",\"name\":\"Fuentes Fidedignas\",\"url\":\"https:\\\/\\\/fuentesfidedignas.com.mx\\\/\",\"logo\":{\"@type\":\"ImageObject\",\"inLanguage\":\"es\",\"@id\":\"https:\\\/\\\/fuentesfidedignas.com.mx\\\/#\\\/schema\\\/logo\\\/image\\\/\",\"url\":\"https:\\\/\\\/fuentesfidedignas.com.mx\\\/wp-content\\\/uploads\\\/2021\\\/04\\\/logo-retina.png\",\"contentUrl\":\"https:\\\/\\\/fuentesfidedignas.com.mx\\\/wp-content\\\/uploads\\\/2021\\\/04\\\/logo-retina.png\",\"width\":280,\"height\":51,\"caption\":\"Fuentes Fidedignas\"},\"image\":{\"@id\":\"https:\\\/\\\/fuentesfidedignas.com.mx\\\/#\\\/schema\\\/logo\\\/image\\\/\"},\"sameAs\":[\"https:\\\/\\\/www.facebook.com\\\/Fuentes-Fidedignas-368234489921644\",\"https:\\\/\\\/x.com\\\/fidedignas\"]},{\"@type\":\"Person\",\"@id\":\"https:\\\/\\\/fuentesfidedignas.com.mx\\\/#\\\/schema\\\/person\\\/47ec0135738f4b0c7495f06a77a2c976\",\"name\":\"Milenio\",\"image\":{\"@type\":\"ImageObject\",\"inLanguage\":\"es\",\"@id\":\"https:\\\/\\\/secure.gravatar.com\\\/avatar\\\/acabf7b54753e51c2c76457954577c236b3b764789b19879565769739d1e4a75?s=96&d=mm&r=g\",\"url\":\"https:\\\/\\\/secure.gravatar.com\\\/avatar\\\/acabf7b54753e51c2c76457954577c236b3b764789b19879565769739d1e4a75?s=96&d=mm&r=g\",\"contentUrl\":\"https:\\\/\\\/secure.gravatar.com\\\/avatar\\\/acabf7b54753e51c2c76457954577c236b3b764789b19879565769739d1e4a75?s=96&d=mm&r=g\",\"caption\":\"Milenio\"},\"url\":\"https:\\\/\\\/fuentesfidedignas.com.mx\\\/index.php\\\/author\\\/milenio\\\/\"}]}<\/script>\n<!-- \/ Yoast SEO plugin. -->","yoast_head_json":{"title":"Marina realiza operativo a\u00e9reo y terrestre en Badiraguato - Fuentes Fidedignas","robots":{"index":"index","follow":"follow","max-snippet":"max-snippet:-1","max-image-preview":"max-image-preview:large","max-video-preview":"max-video-preview:-1"},"canonical":"https:\/\/fuentesfidedignas.com.mx\/index.php\/2024\/09\/03\/marina-realiza-operativo-aereo-y-terrestre-en-badiraguato\/","og_locale":"es_MX","og_type":"article","og_title":"Marina realiza operativo a\u00e9reo y terrestre en Badiraguato - Fuentes Fidedignas","og_description":"El operativo, que incluy\u00f3 m\u00e1s de diez camionetas de la Secretar\u00eda de Marina y un helic\u00f3ptero, tiene resultados a\u00fan desconocidos La comunidad de San Jos\u00e9 del Llano, municipio de Badiraguato, Sinaloa, fue escenario de un intenso operativo de seguridad llevado a cabo por la Secretar\u00eda de Marina (Semar).&nbsp; \u200bGobernador de Sinaloa estuvo en\u00a0Badiraguato Este operativo, [&hellip;]","og_url":"https:\/\/fuentesfidedignas.com.mx\/index.php\/2024\/09\/03\/marina-realiza-operativo-aereo-y-terrestre-en-badiraguato\/","og_site_name":"Fuentes Fidedignas","article_publisher":"https:\/\/www.facebook.com\/Fuentes-Fidedignas-368234489921644","article_published_time":"2024-09-04T02:40:29+00:00","article_modified_time":"2024-09-04T02:40:31+00:00","og_image":[{"width":650,"height":366,"url":"https:\/\/fuentesfidedignas.com.mx\/wp-content\/uploads\/2024\/09\/militares-en-operativo.jpg","type":"image\/jpeg"}],"author":"Milenio","twitter_card":"summary_large_image","twitter_creator":"@fidedignas","twitter_site":"@fidedignas","twitter_misc":{"Escrito por":"Milenio","Tiempo de lectura":"3 minutos"},"schema":{"@context":"https:\/\/schema.org","@graph":[{"@type":"Article","@id":"https:\/\/fuentesfidedignas.com.mx\/index.php\/2024\/09\/03\/marina-realiza-operativo-aereo-y-terrestre-en-badiraguato\/#article","isPartOf":{"@id":"https:\/\/fuentesfidedignas.com.mx\/index.php\/2024\/09\/03\/marina-realiza-operativo-aereo-y-terrestre-en-badiraguato\/"},"author":{"name":"Milenio","@id":"https:\/\/fuentesfidedignas.com.mx\/#\/schema\/person\/47ec0135738f4b0c7495f06a77a2c976"},"headline":"Marina realiza operativo a\u00e9reo y terrestre en Badiraguato","datePublished":"2024-09-04T02:40:29+00:00","dateModified":"2024-09-04T02:40:31+00:00","mainEntityOfPage":{"@id":"https:\/\/fuentesfidedignas.com.mx\/index.php\/2024\/09\/03\/marina-realiza-operativo-aereo-y-terrestre-en-badiraguato\/"},"wordCount":541,"commentCount":0,"publisher":{"@id":"https:\/\/fuentesfidedignas.com.mx\/#organization"},"image":{"@id":"https:\/\/fuentesfidedignas.com.mx\/index.php\/2024\/09\/03\/marina-realiza-operativo-aereo-y-terrestre-en-badiraguato\/#primaryimage"},"thumbnailUrl":"https:\/\/fuentesfidedignas.com.mx\/wp-content\/uploads\/2024\/09\/militares-en-operativo.jpg","articleSection":["NOTA PRINCIPAL"],"inLanguage":"es","potentialAction":[{"@type":"CommentAction","name":"Comment","target":["https:\/\/fuentesfidedignas.com.mx\/index.php\/2024\/09\/03\/marina-realiza-operativo-aereo-y-terrestre-en-badiraguato\/#respond"]}]},{"@type":"WebPage","@id":"https:\/\/fuentesfidedignas.com.mx\/index.php\/2024\/09\/03\/marina-realiza-operativo-aereo-y-terrestre-en-badiraguato\/","url":"https:\/\/fuentesfidedignas.com.mx\/index.php\/2024\/09\/03\/marina-realiza-operativo-aereo-y-terrestre-en-badiraguato\/","name":"Marina realiza operativo a\u00e9reo y terrestre en Badiraguato - Fuentes Fidedignas","isPartOf":{"@id":"https:\/\/fuentesfidedignas.com.mx\/#website"},"primaryImageOfPage":{"@id":"https:\/\/fuentesfidedignas.com.mx\/index.php\/2024\/09\/03\/marina-realiza-operativo-aereo-y-terrestre-en-badiraguato\/#primaryimage"},"image":{"@id":"https:\/\/fuentesfidedignas.com.mx\/index.php\/2024\/09\/03\/marina-realiza-operativo-aereo-y-terrestre-en-badiraguato\/#primaryimage"},"thumbnailUrl":"https:\/\/fuentesfidedignas.com.mx\/wp-content\/uploads\/2024\/09\/militares-en-operativo.jpg","datePublished":"2024-09-04T02:40:29+00:00","dateModified":"2024-09-04T02:40:31+00:00","breadcrumb":{"@id":"https:\/\/fuentesfidedignas.com.mx\/index.php\/2024\/09\/03\/marina-realiza-operativo-aereo-y-terrestre-en-badiraguato\/#breadcrumb"},"inLanguage":"es","potentialAction":[{"@type":"ReadAction","target":["https:\/\/fuentesfidedignas.com.mx\/index.php\/2024\/09\/03\/marina-realiza-operativo-aereo-y-terrestre-en-badiraguato\/"]}]},{"@type":"ImageObject","inLanguage":"es","@id":"https:\/\/fuentesfidedignas.com.mx\/index.php\/2024\/09\/03\/marina-realiza-operativo-aereo-y-terrestre-en-badiraguato\/#primaryimage","url":"https:\/\/fuentesfidedignas.com.mx\/wp-content\/uploads\/2024\/09\/militares-en-operativo.jpg","contentUrl":"https:\/\/fuentesfidedignas.com.mx\/wp-content\/uploads\/2024\/09\/militares-en-operativo.jpg","width":650,"height":366},{"@type":"BreadcrumbList","@id":"https:\/\/fuentesfidedignas.com.mx\/index.php\/2024\/09\/03\/marina-realiza-operativo-aereo-y-terrestre-en-badiraguato\/#breadcrumb","itemListElement":[{"@type":"ListItem","position":1,"name":"Inicio","item":"https:\/\/fuentesfidedignas.com.mx\/"},{"@type":"ListItem","position":2,"name":"Marina realiza operativo a\u00e9reo y terrestre en Badiraguato"}]},{"@type":"WebSite","@id":"https:\/\/fuentesfidedignas.com.mx\/#website","url":"https:\/\/fuentesfidedignas.com.mx\/","name":"Fuentes Fidedignas","description":"Otro sitio realizado con WordPress","publisher":{"@id":"https:\/\/fuentesfidedignas.com.mx\/#organization"},"potentialAction":[{"@type":"SearchAction","target":{"@type":"EntryPoint","urlTemplate":"https:\/\/fuentesfidedignas.com.mx\/?s={search_term_string}"},"query-input":{"@type":"PropertyValueSpecification","valueRequired":true,"valueName":"search_term_string"}}],"inLanguage":"es"},{"@type":"Organization","@id":"https:\/\/fuentesfidedignas.com.mx\/#organization","name":"Fuentes Fidedignas","url":"https:\/\/fuentesfidedignas.com.mx\/","logo":{"@type":"ImageObject","inLanguage":"es","@id":"https:\/\/fuentesfidedignas.com.mx\/#\/schema\/logo\/image\/","url":"https:\/\/fuentesfidedignas.com.mx\/wp-content\/uploads\/2021\/04\/logo-retina.png","contentUrl":"https:\/\/fuentesfidedignas.com.mx\/wp-content\/uploads\/2021\/04\/logo-retina.png","width":280,"height":51,"caption":"Fuentes Fidedignas"},"image":{"@id":"https:\/\/fuentesfidedignas.com.mx\/#\/schema\/logo\/image\/"},"sameAs":["https:\/\/www.facebook.com\/Fuentes-Fidedignas-368234489921644","https:\/\/x.com\/fidedignas"]},{"@type":"Person","@id":"https:\/\/fuentesfidedignas.com.mx\/#\/schema\/person\/47ec0135738f4b0c7495f06a77a2c976","name":"Milenio","image":{"@type":"ImageObject","inLanguage":"es","@id":"https:\/\/secure.gravatar.com\/avatar\/acabf7b54753e51c2c76457954577c236b3b764789b19879565769739d1e4a75?s=96&d=mm&r=g","url":"https:\/\/secure.gravatar.com\/avatar\/acabf7b54753e51c2c76457954577c236b3b764789b19879565769739d1e4a75?s=96&d=mm&r=g","contentUrl":"https:\/\/secure.gravatar.com\/avatar\/acabf7b54753e51c2c76457954577c236b3b764789b19879565769739d1e4a75?s=96&d=mm&r=g","caption":"Milenio"},"url":"https:\/\/fuentesfidedignas.com.mx\/index.php\/author\/milenio\/"}]}},"_links":{"self":[{"href":"https:\/\/fuentesfidedignas.com.mx\/index.php\/wp-json\/wp\/v2\/posts\/90322","targetHints":{"allow":["GET"]}}],"collection":[{"href":"https:\/\/fuentesfidedignas.com.mx\/index.php\/wp-json\/wp\/v2\/posts"}],"about":[{"href":"https:\/\/fuentesfidedignas.com.mx\/index.php\/wp-json\/wp\/v2\/types\/post"}],"author":[{"embeddable":true,"href":"https:\/\/fuentesfidedignas.com.mx\/index.php\/wp-json\/wp\/v2\/users\/9"}],"replies":[{"embeddable":true,"href":"https:\/\/fuentesfidedignas.com.mx\/index.php\/wp-json\/wp\/v2\/comments?post=90322"}],"version-history":[{"count":1,"href":"https:\/\/fuentesfidedignas.com.mx\/index.php\/wp-json\/wp\/v2\/posts\/90322\/revisions"}],"predecessor-version":[{"id":90324,"href":"https:\/\/fuentesfidedignas.com.mx\/index.php\/wp-json\/wp\/v2\/posts\/90322\/revisions\/90324"}],"wp:featuredmedia":[{"embeddable":true,"href":"https:\/\/fuentesfidedignas.com.mx\/index.php\/wp-json\/wp\/v2\/media\/90323"}],"wp:attachment":[{"href":"https:\/\/fuentesfidedignas.com.mx\/index.php\/wp-json\/wp\/v2\/media?parent=90322"}],"wp:term":[{"taxonomy":"category","embeddable":true,"href":"https:\/\/fuentesfidedignas.com.mx\/index.php\/wp-json\/wp\/v2\/categories?post=90322"},{"taxonomy":"post_tag","embeddable":true,"href":"https:\/\/fuentesfidedignas.com.mx\/index.php\/wp-json\/wp\/v2\/tags?post=90322"}],"curies":[{"name":"wp","href":"https:\/\/api.w.org\/{rel}","templated":true}]}}