{"id":90280,"date":"2024-09-03T12:15:11","date_gmt":"2024-09-03T19:15:11","guid":{"rendered":"https:\/\/fuentesfidedignas.com.mx\/?p=90280"},"modified":"2024-09-03T12:15:11","modified_gmt":"2024-09-03T19:15:11","slug":"continua-la-violencia-reportan-enfrentamientos-en-rosario","status":"publish","type":"post","link":"https:\/\/fuentesfidedignas.com.mx\/index.php\/2024\/09\/03\/continua-la-violencia-reportan-enfrentamientos-en-rosario\/","title":{"rendered":"Contin\u00faa la violencia: reportan enfrentamientos en Rosario"},"content":{"rendered":"\n<p><strong><em>Pobladores de la sindicatura \u201cLa Rastra\u201d tuvieron que permanecer en sus hogares ante el cruce de fuego<\/em><\/strong><\/p>\n\n\n\n<p>Rosario, Sin.- En el estado de&nbsp;<strong>Sinaloa&nbsp;<\/strong>contin\u00faan los reportes de&nbsp;<strong>enfrentamientos armados.&nbsp;<\/strong>El m\u00e1s reciente tuvo lugar en&nbsp;<strong>Rosario<\/strong>, en la zona serrana del municipio, donde dos grupos antag\u00f3nicos sostuvieron una confrontaci\u00f3n que gener\u00f3 alerta entre los habitantes.<\/p>\n\n\n\n<p class=\"paragraph\">A trav\u00e9s de un audio, pobladores de la<strong>sindicatura de La Rastra<\/strong>&nbsp;dieron a conocer un supuesto enfrentamiento armado el pasado 2 de septiembre, por lo que solicitaron la intervenci\u00f3n de las autoridades estatales.<\/p>\n\n\n\n<p class=\"paragraph\">Seg\u00fan informes de&nbsp;<em>Noroeste<\/em>, uno de los audios difundidos iba a acompa\u00f1ado del siguiente mensaje: \u201cBalacera en medios de las casas de La Rastra en la sierra de El Rosario, Sinaloa, la gente encerrada y sin poder salir del pueblo\u201d.<\/p>\n\n\n\n<p class=\"paragraph\">De manera extraoficial se dio a conocer que un grupo de sujetos armados intercept\u00f3 al&nbsp;<strong>conductor de un cami\u00f3n&nbsp;<\/strong>que cubr\u00eda la ruta a la comunidad de La Rastra y lo despoj\u00f3 de su unidad. Posteriormente, el veh\u00edculo fue incendiado y colocado sobre la carretera para&nbsp;<strong>bloquear&nbsp;<\/strong>la circulaci\u00f3n e impedir el paso de las autoridades.<\/p>\n\n\n\n<figure class=\"wp-block-image\"><img decoding=\"async\" src=\"https:\/\/www.infobae.com\/new-resizer\/zfgLIZoYbozmnnHs4JHq5EJ_RUw=\/arc-anglerfish-arc2-prod-infobae\/public\/DL5DN5DPHFF77MZVHK7PEW7WVM.jpg\" alt=\"Un grupo delictivo us\u00f3 un veh\u00edculo incendiado para impedir el paso de las autoridades (Foto: X@Eco1_LVM)\"\/><\/figure>\n\n\n\n<p>Un grupo delictivo us\u00f3 un veh\u00edculo incendiado para impedir el paso de las autoridades (Foto: X@Eco1_LVM)<\/p>\n\n\n\n<p class=\"paragraph\">Ante dicha situaci\u00f3n, elementos de seguridad se trasladaron a la sindicatura de La Rastra para corroborar los reportes. Hasta el momento, las autoridades sinaloenses no han emitido un informe al respecto, por lo que se desconoce cu\u00e1les fueron los grupos que protagonizaron este enfrentamiento armado.<\/p>\n\n\n\n<p class=\"paragraph\">Asimismo, no se cuentan con registros de&nbsp;<strong>v\u00edctimas mortales<\/strong>&nbsp;o personas lesionadas. De acuerdo con el registro de homicidios dolosos de la Comisi\u00f3n Nacional de Seguridad (<strong>CNS<\/strong>), el 2 de septiembre \u00fanicamente se report\u00f3 un caso por dicho delito en el estado de Sinaloa.<\/p>\n\n\n\n<p class=\"paragraph\">Estos hechos se suman a los ocurridos el jueves 29 de agosto en el municipio de&nbsp;<strong>Culiac\u00e1n<\/strong>, donde se report\u00f3 un enfrentamiento entre autoridades y miembros criminales que gener\u00f3&nbsp;<strong>narcobloqueos&nbsp;<\/strong>con veh\u00edculos incendiados.<\/p>\n\n\n\n<p class=\"paragraph\">En aquella ocasi\u00f3n, un grupo de sujetos armados agredi\u00f3 a militares en el poblado de Paredones, ubicado en la sindicatura de Jes\u00fas Mar\u00eda. De acuerdo con el alcalde de Culiac\u00e1n,&nbsp;<strong>Juan de Dios G\u00e1mez<\/strong>, el ataque se origin\u00f3 sobre la<strong>&nbsp;carretera M\u00e9xico 15<\/strong>.<\/p>\n","protected":false},"excerpt":{"rendered":"<p>Pobladores de la sindicatura \u201cLa Rastra\u201d tuvieron que permanecer en sus hogares ante el cruce de fuego Rosario, Sin.- En el estado de&nbsp;Sinaloa&nbsp;contin\u00faan los reportes de&nbsp;enfrentamientos armados.&nbsp;El m\u00e1s reciente tuvo lugar en&nbsp;Rosario, en la zona serrana del municipio, donde dos grupos antag\u00f3nicos sostuvieron una confrontaci\u00f3n que gener\u00f3 alerta entre los habitantes. A trav\u00e9s de un [&hellip;]<\/p>\n","protected":false},"author":41,"featured_media":90279,"comment_status":"closed","ping_status":"open","sticky":false,"template":"","format":"standard","meta":{"tdm_status":"","tdm_grid_status":"","footnotes":""},"categories":[37],"tags":[],"class_list":{"0":"post-90280","1":"post","2":"type-post","3":"status-publish","4":"format-standard","5":"has-post-thumbnail","7":"category-nota-principal"},"yoast_head":"<!-- This site is optimized with the Yoast SEO plugin v27.4 - https:\/\/yoast.com\/product\/yoast-seo-wordpress\/ -->\n<title>Contin\u00faa la violencia: reportan enfrentamientos en Rosario - Fuentes Fidedignas<\/title>\n<meta name=\"robots\" content=\"index, follow, max-snippet:-1, max-image-preview:large, max-video-preview:-1\" \/>\n<link rel=\"canonical\" href=\"https:\/\/fuentesfidedignas.com.mx\/index.php\/2024\/09\/03\/continua-la-violencia-reportan-enfrentamientos-en-rosario\/\" \/>\n<meta property=\"og:locale\" content=\"es_MX\" \/>\n<meta property=\"og:type\" content=\"article\" \/>\n<meta property=\"og:title\" content=\"Contin\u00faa la violencia: reportan enfrentamientos en Rosario - Fuentes Fidedignas\" \/>\n<meta property=\"og:description\" content=\"Pobladores de la sindicatura \u201cLa Rastra\u201d tuvieron que permanecer en sus hogares ante el cruce de fuego Rosario, Sin.- En el estado de&nbsp;Sinaloa&nbsp;contin\u00faan los reportes de&nbsp;enfrentamientos armados.&nbsp;El m\u00e1s reciente tuvo lugar en&nbsp;Rosario, en la zona serrana del municipio, donde dos grupos antag\u00f3nicos sostuvieron una confrontaci\u00f3n que gener\u00f3 alerta entre los habitantes. A trav\u00e9s de un [&hellip;]\" \/>\n<meta property=\"og:url\" content=\"https:\/\/fuentesfidedignas.com.mx\/index.php\/2024\/09\/03\/continua-la-violencia-reportan-enfrentamientos-en-rosario\/\" \/>\n<meta property=\"og:site_name\" content=\"Fuentes Fidedignas\" \/>\n<meta property=\"article:publisher\" content=\"https:\/\/www.facebook.com\/Fuentes-Fidedignas-368234489921644\" \/>\n<meta property=\"article:published_time\" content=\"2024-09-03T19:15:11+00:00\" \/>\n<meta property=\"og:image\" content=\"https:\/\/fuentesfidedignas.com.mx\/wp-content\/uploads\/2024\/09\/img_6629-1.jpg\" \/>\n\t<meta property=\"og:image:width\" content=\"1920\" \/>\n\t<meta property=\"og:image:height\" content=\"1080\" \/>\n\t<meta property=\"og:image:type\" content=\"image\/jpeg\" \/>\n<meta name=\"author\" content=\"Infobae\" \/>\n<meta name=\"twitter:card\" content=\"summary_large_image\" \/>\n<meta name=\"twitter:creator\" content=\"@fidedignas\" \/>\n<meta name=\"twitter:site\" content=\"@fidedignas\" \/>\n<meta name=\"twitter:label1\" content=\"Escrito por\" \/>\n\t<meta name=\"twitter:data1\" content=\"Infobae\" \/>\n\t<meta name=\"twitter:label2\" content=\"Tiempo de lectura\" \/>\n\t<meta name=\"twitter:data2\" content=\"2 minutos\" \/>\n<script type=\"application\/ld+json\" class=\"yoast-schema-graph\">{\"@context\":\"https:\\\/\\\/schema.org\",\"@graph\":[{\"@type\":\"Article\",\"@id\":\"https:\\\/\\\/fuentesfidedignas.com.mx\\\/index.php\\\/2024\\\/09\\\/03\\\/continua-la-violencia-reportan-enfrentamientos-en-rosario\\\/#article\",\"isPartOf\":{\"@id\":\"https:\\\/\\\/fuentesfidedignas.com.mx\\\/index.php\\\/2024\\\/09\\\/03\\\/continua-la-violencia-reportan-enfrentamientos-en-rosario\\\/\"},\"author\":{\"name\":\"Infobae\",\"@id\":\"https:\\\/\\\/fuentesfidedignas.com.mx\\\/#\\\/schema\\\/person\\\/8575896a7c1067d352f6c1cd6582c389\"},\"headline\":\"Contin\u00faa la violencia: reportan enfrentamientos en Rosario\",\"datePublished\":\"2024-09-03T19:15:11+00:00\",\"mainEntityOfPage\":{\"@id\":\"https:\\\/\\\/fuentesfidedignas.com.mx\\\/index.php\\\/2024\\\/09\\\/03\\\/continua-la-violencia-reportan-enfrentamientos-en-rosario\\\/\"},\"wordCount\":416,\"publisher\":{\"@id\":\"https:\\\/\\\/fuentesfidedignas.com.mx\\\/#organization\"},\"image\":{\"@id\":\"https:\\\/\\\/fuentesfidedignas.com.mx\\\/index.php\\\/2024\\\/09\\\/03\\\/continua-la-violencia-reportan-enfrentamientos-en-rosario\\\/#primaryimage\"},\"thumbnailUrl\":\"https:\\\/\\\/fuentesfidedignas.com.mx\\\/wp-content\\\/uploads\\\/2024\\\/09\\\/img_6629-1.jpg\",\"articleSection\":[\"NOTA PRINCIPAL\"],\"inLanguage\":\"es\"},{\"@type\":\"WebPage\",\"@id\":\"https:\\\/\\\/fuentesfidedignas.com.mx\\\/index.php\\\/2024\\\/09\\\/03\\\/continua-la-violencia-reportan-enfrentamientos-en-rosario\\\/\",\"url\":\"https:\\\/\\\/fuentesfidedignas.com.mx\\\/index.php\\\/2024\\\/09\\\/03\\\/continua-la-violencia-reportan-enfrentamientos-en-rosario\\\/\",\"name\":\"Contin\u00faa la violencia: reportan enfrentamientos en Rosario - Fuentes Fidedignas\",\"isPartOf\":{\"@id\":\"https:\\\/\\\/fuentesfidedignas.com.mx\\\/#website\"},\"primaryImageOfPage\":{\"@id\":\"https:\\\/\\\/fuentesfidedignas.com.mx\\\/index.php\\\/2024\\\/09\\\/03\\\/continua-la-violencia-reportan-enfrentamientos-en-rosario\\\/#primaryimage\"},\"image\":{\"@id\":\"https:\\\/\\\/fuentesfidedignas.com.mx\\\/index.php\\\/2024\\\/09\\\/03\\\/continua-la-violencia-reportan-enfrentamientos-en-rosario\\\/#primaryimage\"},\"thumbnailUrl\":\"https:\\\/\\\/fuentesfidedignas.com.mx\\\/wp-content\\\/uploads\\\/2024\\\/09\\\/img_6629-1.jpg\",\"datePublished\":\"2024-09-03T19:15:11+00:00\",\"breadcrumb\":{\"@id\":\"https:\\\/\\\/fuentesfidedignas.com.mx\\\/index.php\\\/2024\\\/09\\\/03\\\/continua-la-violencia-reportan-enfrentamientos-en-rosario\\\/#breadcrumb\"},\"inLanguage\":\"es\",\"potentialAction\":[{\"@type\":\"ReadAction\",\"target\":[\"https:\\\/\\\/fuentesfidedignas.com.mx\\\/index.php\\\/2024\\\/09\\\/03\\\/continua-la-violencia-reportan-enfrentamientos-en-rosario\\\/\"]}]},{\"@type\":\"ImageObject\",\"inLanguage\":\"es\",\"@id\":\"https:\\\/\\\/fuentesfidedignas.com.mx\\\/index.php\\\/2024\\\/09\\\/03\\\/continua-la-violencia-reportan-enfrentamientos-en-rosario\\\/#primaryimage\",\"url\":\"https:\\\/\\\/fuentesfidedignas.com.mx\\\/wp-content\\\/uploads\\\/2024\\\/09\\\/img_6629-1.jpg\",\"contentUrl\":\"https:\\\/\\\/fuentesfidedignas.com.mx\\\/wp-content\\\/uploads\\\/2024\\\/09\\\/img_6629-1.jpg\",\"width\":1920,\"height\":1080},{\"@type\":\"BreadcrumbList\",\"@id\":\"https:\\\/\\\/fuentesfidedignas.com.mx\\\/index.php\\\/2024\\\/09\\\/03\\\/continua-la-violencia-reportan-enfrentamientos-en-rosario\\\/#breadcrumb\",\"itemListElement\":[{\"@type\":\"ListItem\",\"position\":1,\"name\":\"Inicio\",\"item\":\"https:\\\/\\\/fuentesfidedignas.com.mx\\\/\"},{\"@type\":\"ListItem\",\"position\":2,\"name\":\"Contin\u00faa la violencia: reportan enfrentamientos en Rosario\"}]},{\"@type\":\"WebSite\",\"@id\":\"https:\\\/\\\/fuentesfidedignas.com.mx\\\/#website\",\"url\":\"https:\\\/\\\/fuentesfidedignas.com.mx\\\/\",\"name\":\"Fuentes Fidedignas\",\"description\":\"Otro sitio realizado con WordPress\",\"publisher\":{\"@id\":\"https:\\\/\\\/fuentesfidedignas.com.mx\\\/#organization\"},\"potentialAction\":[{\"@type\":\"SearchAction\",\"target\":{\"@type\":\"EntryPoint\",\"urlTemplate\":\"https:\\\/\\\/fuentesfidedignas.com.mx\\\/?s={search_term_string}\"},\"query-input\":{\"@type\":\"PropertyValueSpecification\",\"valueRequired\":true,\"valueName\":\"search_term_string\"}}],\"inLanguage\":\"es\"},{\"@type\":\"Organization\",\"@id\":\"https:\\\/\\\/fuentesfidedignas.com.mx\\\/#organization\",\"name\":\"Fuentes Fidedignas\",\"url\":\"https:\\\/\\\/fuentesfidedignas.com.mx\\\/\",\"logo\":{\"@type\":\"ImageObject\",\"inLanguage\":\"es\",\"@id\":\"https:\\\/\\\/fuentesfidedignas.com.mx\\\/#\\\/schema\\\/logo\\\/image\\\/\",\"url\":\"https:\\\/\\\/fuentesfidedignas.com.mx\\\/wp-content\\\/uploads\\\/2021\\\/04\\\/logo-retina.png\",\"contentUrl\":\"https:\\\/\\\/fuentesfidedignas.com.mx\\\/wp-content\\\/uploads\\\/2021\\\/04\\\/logo-retina.png\",\"width\":280,\"height\":51,\"caption\":\"Fuentes Fidedignas\"},\"image\":{\"@id\":\"https:\\\/\\\/fuentesfidedignas.com.mx\\\/#\\\/schema\\\/logo\\\/image\\\/\"},\"sameAs\":[\"https:\\\/\\\/www.facebook.com\\\/Fuentes-Fidedignas-368234489921644\",\"https:\\\/\\\/x.com\\\/fidedignas\"]},{\"@type\":\"Person\",\"@id\":\"https:\\\/\\\/fuentesfidedignas.com.mx\\\/#\\\/schema\\\/person\\\/8575896a7c1067d352f6c1cd6582c389\",\"name\":\"Infobae\",\"image\":{\"@type\":\"ImageObject\",\"inLanguage\":\"es\",\"@id\":\"https:\\\/\\\/secure.gravatar.com\\\/avatar\\\/e4ec95706f8d1670343f6526fdcec45474bab17475a851434a64ca12b5acba1c?s=96&d=mm&r=g\",\"url\":\"https:\\\/\\\/secure.gravatar.com\\\/avatar\\\/e4ec95706f8d1670343f6526fdcec45474bab17475a851434a64ca12b5acba1c?s=96&d=mm&r=g\",\"contentUrl\":\"https:\\\/\\\/secure.gravatar.com\\\/avatar\\\/e4ec95706f8d1670343f6526fdcec45474bab17475a851434a64ca12b5acba1c?s=96&d=mm&r=g\",\"caption\":\"Infobae\"},\"url\":\"https:\\\/\\\/fuentesfidedignas.com.mx\\\/index.php\\\/author\\\/infobae\\\/\"}]}<\/script>\n<!-- \/ Yoast SEO plugin. -->","yoast_head_json":{"title":"Contin\u00faa la violencia: reportan enfrentamientos en Rosario - Fuentes Fidedignas","robots":{"index":"index","follow":"follow","max-snippet":"max-snippet:-1","max-image-preview":"max-image-preview:large","max-video-preview":"max-video-preview:-1"},"canonical":"https:\/\/fuentesfidedignas.com.mx\/index.php\/2024\/09\/03\/continua-la-violencia-reportan-enfrentamientos-en-rosario\/","og_locale":"es_MX","og_type":"article","og_title":"Contin\u00faa la violencia: reportan enfrentamientos en Rosario - Fuentes Fidedignas","og_description":"Pobladores de la sindicatura \u201cLa Rastra\u201d tuvieron que permanecer en sus hogares ante el cruce de fuego Rosario, Sin.- En el estado de&nbsp;Sinaloa&nbsp;contin\u00faan los reportes de&nbsp;enfrentamientos armados.&nbsp;El m\u00e1s reciente tuvo lugar en&nbsp;Rosario, en la zona serrana del municipio, donde dos grupos antag\u00f3nicos sostuvieron una confrontaci\u00f3n que gener\u00f3 alerta entre los habitantes. A trav\u00e9s de un [&hellip;]","og_url":"https:\/\/fuentesfidedignas.com.mx\/index.php\/2024\/09\/03\/continua-la-violencia-reportan-enfrentamientos-en-rosario\/","og_site_name":"Fuentes Fidedignas","article_publisher":"https:\/\/www.facebook.com\/Fuentes-Fidedignas-368234489921644","article_published_time":"2024-09-03T19:15:11+00:00","og_image":[{"width":1920,"height":1080,"url":"https:\/\/fuentesfidedignas.com.mx\/wp-content\/uploads\/2024\/09\/img_6629-1.jpg","type":"image\/jpeg"}],"author":"Infobae","twitter_card":"summary_large_image","twitter_creator":"@fidedignas","twitter_site":"@fidedignas","twitter_misc":{"Escrito por":"Infobae","Tiempo de lectura":"2 minutos"},"schema":{"@context":"https:\/\/schema.org","@graph":[{"@type":"Article","@id":"https:\/\/fuentesfidedignas.com.mx\/index.php\/2024\/09\/03\/continua-la-violencia-reportan-enfrentamientos-en-rosario\/#article","isPartOf":{"@id":"https:\/\/fuentesfidedignas.com.mx\/index.php\/2024\/09\/03\/continua-la-violencia-reportan-enfrentamientos-en-rosario\/"},"author":{"name":"Infobae","@id":"https:\/\/fuentesfidedignas.com.mx\/#\/schema\/person\/8575896a7c1067d352f6c1cd6582c389"},"headline":"Contin\u00faa la violencia: reportan enfrentamientos en Rosario","datePublished":"2024-09-03T19:15:11+00:00","mainEntityOfPage":{"@id":"https:\/\/fuentesfidedignas.com.mx\/index.php\/2024\/09\/03\/continua-la-violencia-reportan-enfrentamientos-en-rosario\/"},"wordCount":416,"publisher":{"@id":"https:\/\/fuentesfidedignas.com.mx\/#organization"},"image":{"@id":"https:\/\/fuentesfidedignas.com.mx\/index.php\/2024\/09\/03\/continua-la-violencia-reportan-enfrentamientos-en-rosario\/#primaryimage"},"thumbnailUrl":"https:\/\/fuentesfidedignas.com.mx\/wp-content\/uploads\/2024\/09\/img_6629-1.jpg","articleSection":["NOTA PRINCIPAL"],"inLanguage":"es"},{"@type":"WebPage","@id":"https:\/\/fuentesfidedignas.com.mx\/index.php\/2024\/09\/03\/continua-la-violencia-reportan-enfrentamientos-en-rosario\/","url":"https:\/\/fuentesfidedignas.com.mx\/index.php\/2024\/09\/03\/continua-la-violencia-reportan-enfrentamientos-en-rosario\/","name":"Contin\u00faa la violencia: reportan enfrentamientos en Rosario - Fuentes Fidedignas","isPartOf":{"@id":"https:\/\/fuentesfidedignas.com.mx\/#website"},"primaryImageOfPage":{"@id":"https:\/\/fuentesfidedignas.com.mx\/index.php\/2024\/09\/03\/continua-la-violencia-reportan-enfrentamientos-en-rosario\/#primaryimage"},"image":{"@id":"https:\/\/fuentesfidedignas.com.mx\/index.php\/2024\/09\/03\/continua-la-violencia-reportan-enfrentamientos-en-rosario\/#primaryimage"},"thumbnailUrl":"https:\/\/fuentesfidedignas.com.mx\/wp-content\/uploads\/2024\/09\/img_6629-1.jpg","datePublished":"2024-09-03T19:15:11+00:00","breadcrumb":{"@id":"https:\/\/fuentesfidedignas.com.mx\/index.php\/2024\/09\/03\/continua-la-violencia-reportan-enfrentamientos-en-rosario\/#breadcrumb"},"inLanguage":"es","potentialAction":[{"@type":"ReadAction","target":["https:\/\/fuentesfidedignas.com.mx\/index.php\/2024\/09\/03\/continua-la-violencia-reportan-enfrentamientos-en-rosario\/"]}]},{"@type":"ImageObject","inLanguage":"es","@id":"https:\/\/fuentesfidedignas.com.mx\/index.php\/2024\/09\/03\/continua-la-violencia-reportan-enfrentamientos-en-rosario\/#primaryimage","url":"https:\/\/fuentesfidedignas.com.mx\/wp-content\/uploads\/2024\/09\/img_6629-1.jpg","contentUrl":"https:\/\/fuentesfidedignas.com.mx\/wp-content\/uploads\/2024\/09\/img_6629-1.jpg","width":1920,"height":1080},{"@type":"BreadcrumbList","@id":"https:\/\/fuentesfidedignas.com.mx\/index.php\/2024\/09\/03\/continua-la-violencia-reportan-enfrentamientos-en-rosario\/#breadcrumb","itemListElement":[{"@type":"ListItem","position":1,"name":"Inicio","item":"https:\/\/fuentesfidedignas.com.mx\/"},{"@type":"ListItem","position":2,"name":"Contin\u00faa la violencia: reportan enfrentamientos en Rosario"}]},{"@type":"WebSite","@id":"https:\/\/fuentesfidedignas.com.mx\/#website","url":"https:\/\/fuentesfidedignas.com.mx\/","name":"Fuentes Fidedignas","description":"Otro sitio realizado con WordPress","publisher":{"@id":"https:\/\/fuentesfidedignas.com.mx\/#organization"},"potentialAction":[{"@type":"SearchAction","target":{"@type":"EntryPoint","urlTemplate":"https:\/\/fuentesfidedignas.com.mx\/?s={search_term_string}"},"query-input":{"@type":"PropertyValueSpecification","valueRequired":true,"valueName":"search_term_string"}}],"inLanguage":"es"},{"@type":"Organization","@id":"https:\/\/fuentesfidedignas.com.mx\/#organization","name":"Fuentes Fidedignas","url":"https:\/\/fuentesfidedignas.com.mx\/","logo":{"@type":"ImageObject","inLanguage":"es","@id":"https:\/\/fuentesfidedignas.com.mx\/#\/schema\/logo\/image\/","url":"https:\/\/fuentesfidedignas.com.mx\/wp-content\/uploads\/2021\/04\/logo-retina.png","contentUrl":"https:\/\/fuentesfidedignas.com.mx\/wp-content\/uploads\/2021\/04\/logo-retina.png","width":280,"height":51,"caption":"Fuentes Fidedignas"},"image":{"@id":"https:\/\/fuentesfidedignas.com.mx\/#\/schema\/logo\/image\/"},"sameAs":["https:\/\/www.facebook.com\/Fuentes-Fidedignas-368234489921644","https:\/\/x.com\/fidedignas"]},{"@type":"Person","@id":"https:\/\/fuentesfidedignas.com.mx\/#\/schema\/person\/8575896a7c1067d352f6c1cd6582c389","name":"Infobae","image":{"@type":"ImageObject","inLanguage":"es","@id":"https:\/\/secure.gravatar.com\/avatar\/e4ec95706f8d1670343f6526fdcec45474bab17475a851434a64ca12b5acba1c?s=96&d=mm&r=g","url":"https:\/\/secure.gravatar.com\/avatar\/e4ec95706f8d1670343f6526fdcec45474bab17475a851434a64ca12b5acba1c?s=96&d=mm&r=g","contentUrl":"https:\/\/secure.gravatar.com\/avatar\/e4ec95706f8d1670343f6526fdcec45474bab17475a851434a64ca12b5acba1c?s=96&d=mm&r=g","caption":"Infobae"},"url":"https:\/\/fuentesfidedignas.com.mx\/index.php\/author\/infobae\/"}]}},"_links":{"self":[{"href":"https:\/\/fuentesfidedignas.com.mx\/index.php\/wp-json\/wp\/v2\/posts\/90280","targetHints":{"allow":["GET"]}}],"collection":[{"href":"https:\/\/fuentesfidedignas.com.mx\/index.php\/wp-json\/wp\/v2\/posts"}],"about":[{"href":"https:\/\/fuentesfidedignas.com.mx\/index.php\/wp-json\/wp\/v2\/types\/post"}],"author":[{"embeddable":true,"href":"https:\/\/fuentesfidedignas.com.mx\/index.php\/wp-json\/wp\/v2\/users\/41"}],"replies":[{"embeddable":true,"href":"https:\/\/fuentesfidedignas.com.mx\/index.php\/wp-json\/wp\/v2\/comments?post=90280"}],"version-history":[{"count":1,"href":"https:\/\/fuentesfidedignas.com.mx\/index.php\/wp-json\/wp\/v2\/posts\/90280\/revisions"}],"predecessor-version":[{"id":90281,"href":"https:\/\/fuentesfidedignas.com.mx\/index.php\/wp-json\/wp\/v2\/posts\/90280\/revisions\/90281"}],"wp:featuredmedia":[{"embeddable":true,"href":"https:\/\/fuentesfidedignas.com.mx\/index.php\/wp-json\/wp\/v2\/media\/90279"}],"wp:attachment":[{"href":"https:\/\/fuentesfidedignas.com.mx\/index.php\/wp-json\/wp\/v2\/media?parent=90280"}],"wp:term":[{"taxonomy":"category","embeddable":true,"href":"https:\/\/fuentesfidedignas.com.mx\/index.php\/wp-json\/wp\/v2\/categories?post=90280"},{"taxonomy":"post_tag","embeddable":true,"href":"https:\/\/fuentesfidedignas.com.mx\/index.php\/wp-json\/wp\/v2\/tags?post=90280"}],"curies":[{"name":"wp","href":"https:\/\/api.w.org\/{rel}","templated":true}]}}