{"id":90208,"date":"2024-09-03T03:35:00","date_gmt":"2024-09-03T10:35:00","guid":{"rendered":"https:\/\/fuentesfidedignas.com.mx\/?p=90208"},"modified":"2024-09-02T15:42:28","modified_gmt":"2024-09-02T22:42:28","slug":"papa-no-puede-ir-a-xv-anos-de-su-hija-y-ella-llega-de-sorpresa-a-su-trabajo-en-torreon","status":"publish","type":"post","link":"https:\/\/fuentesfidedignas.com.mx\/index.php\/2024\/09\/03\/papa-no-puede-ir-a-xv-anos-de-su-hija-y-ella-llega-de-sorpresa-a-su-trabajo-en-torreon\/","title":{"rendered":"Pap\u00e1 no puede ir a XV a\u00f1os de su hija y ella llega de sorpresa a su trabajo en Torre\u00f3n"},"content":{"rendered":"\n<p><strong><em>En los comentarios la joven explic\u00f3 porqu\u00e9 su pap\u00e1 no pudo asistir a su festejo, aqu\u00ed todo lo que pas\u00f3.<\/em><\/strong><\/p>\n\n\n\n<p>Cumplir quince a\u00f1os es una fecha especial para los j\u00f3venes, sobre todo para la mayor\u00eda de las mujeres que sue\u00f1an con tener una fiesta, lucir un vestido que las haga sentir como a una princesa y tambi\u00e9n, sin lugar a dudas, es el momento ideal para celebrar y estar acompa\u00f1ada de la familia y amigos.<\/p>\n\n\n\n<p>En redes sociales se hizo viral un video en el que aparece una joven quincea\u00f1era en Torre\u00f3n, que pasea por las calles de la ciudad en un auto tipo &#8216;limosina&#8217;, acompa\u00f1ada de sus amigos, pero lo peculiar es que se baja del veh\u00edculo para llegar al trabajo de su pap\u00e1 y abrazarlo, pues no pudo asistir a su festejo.<\/p>\n\n\n\n<p>De acuerdo con la publicaci\u00f3n, el padre de la festejada trabaja en una gasolinera ubicada el poniente de Torre\u00f3n, y hasta ese lugar lleg\u00f3 la quincea\u00f1era para visitarlo en ese d\u00eda especial, pues aparentemente \u00e9l no pudo asistir a la fiesta.<\/p>\n\n\n\n<p>&#8220;Mi ni\u00f1a vino a verme al gasolinera el d\u00eda de su quincea\u00f1era&#8221;, se puede leer en la publicaci\u00f3n de Facebook del usuario identificado como Zurdo G\u00f3mez.<\/p>\n\n\n\n<p><strong><em>Video gener\u00f3 emociones y dudas en usuarios<\/em><\/strong><br>En el video que dura poco menos de 1 minuto, se puede ver que ambos se abrazan y se dicen cosas al o\u00eddo, mientras los amigos e invitados de la chica, permanecen en el veh\u00edculo grabando y tomando fotos de este momento, fue esta acci\u00f3n la que hizo que miles de personas reaccionaran y compartieran la publicaci\u00f3n, calificando este encuentro como algo &#8220;muy bonito&#8221;, aunque tambi\u00e9n se generaron dudas sobre por qu\u00e9 el pap\u00e1 de la joven no hab\u00eda podido asistir a la fiesta de XV a\u00f1os.<\/p>\n\n\n\n<p>&#8220;Sobrino me hizo llorar\u2026 Muchas felicidades recibe un fuerte abrazo&#8221;, &#8221; Es el reflejo de todo lo bueno que haces por tus hijos&#8221;, &#8221; Bonito detalle, pero \u00bfpor qu\u00e9 no lo invitaron?, &#8221; Por lo que sea que no haya ido a la fiesta, a ustedes qu\u00e9 les importa pero bueno ya preguntaron, ojal\u00e1 y alguien diga por qu\u00e9 no fue&#8221;, son algunos de los comentarios que aparecen en el video.<\/p>\n\n\n\n<iframe loading=\"lazy\" src=\"https:\/\/www.facebook.com\/plugins\/video.php?height=476&#038;href=https%3A%2F%2Fwww.facebook.com%2Fzurdo.gome.52%2Fvideos%2F909516181034098%2F&#038;show_text=false&#038;width=267&#038;t=0\" width=\"267\" height=\"476\" style=\"border:none;overflow:hidden\" scrolling=\"no\" frameborder=\"0\" allowfullscreen=\"true\" allow=\"autoplay; clipboard-write; encrypted-media; picture-in-picture; web-share\" allowFullScreen=\"true\"><\/iframe>\n\n\n\n<p><strong>\u00bfPor qu\u00e9 no fue el pap\u00e1 a la fiesta de XV a\u00f1os?<\/strong><br>Luego de que las personas comenzaran a especular sobre las posibles causas del porqu\u00e9 el pap\u00e1 de la quincea\u00f1era no hab\u00eda acudido a la fiesta, fue la misma joven quien explic\u00f3 que sus pap\u00e1s est\u00e1n separados, por lo que fue imposible que \u00e9l pudiera asistir.<\/p>\n\n\n\n<p>&#8220;No es eso, simplemente mis pap\u00e1s est\u00e1n separados y no hab\u00eda posibilidad de que fuera por problemas que pasaron&#8221;, fue la raz\u00f3n que dio la joven.<\/p>\n\n\n\n<p><iframe loading=\"lazy\" src=\"https:\/\/www.facebook.com\/plugins\/post.php?href=https%3A%2F%2Fwww.facebook.com%2Fzurdo.gome.52%2Fposts%2Fpfbid037FEKgrjp41gikP5V3SDr2MBqpmiVwuNQ44V7sWDupKGjaKqRW7jevCcsAatzPvgWl&amp;show_text=true&amp;width=500\" width=\"500\" height=\"590\" style=\"border:none;overflow:hidden\" scrolling=\"no\" frameborder=\"0\" allowfullscreen=\"true\" allow=\"autoplay; clipboard-write; encrypted-media; picture-in-picture; web-share\"><\/iframe><\/p>\n","protected":false},"excerpt":{"rendered":"<p>En los comentarios la joven explic\u00f3 porqu\u00e9 su pap\u00e1 no pudo asistir a su festejo, aqu\u00ed todo lo que pas\u00f3. Cumplir quince a\u00f1os es una fecha especial para los j\u00f3venes, sobre todo para la mayor\u00eda de las mujeres que sue\u00f1an con tener una fiesta, lucir un vestido que las haga sentir como a una princesa [&hellip;]<\/p>\n","protected":false},"author":9,"featured_media":90209,"comment_status":"open","ping_status":"open","sticky":false,"template":"","format":"standard","meta":{"tdm_status":"","tdm_grid_status":"","footnotes":""},"categories":[40],"tags":[],"class_list":{"0":"post-90208","1":"post","2":"type-post","3":"status-publish","4":"format-standard","5":"has-post-thumbnail","7":"category-las-asombrosas"},"yoast_head":"<!-- This site is optimized with the Yoast SEO plugin v27.5 - https:\/\/yoast.com\/product\/yoast-seo-wordpress\/ -->\n<title>Pap\u00e1 no puede ir a XV a\u00f1os de su hija y ella llega de sorpresa a su trabajo en Torre\u00f3n - Fuentes Fidedignas<\/title>\n<meta name=\"robots\" content=\"index, follow, max-snippet:-1, max-image-preview:large, max-video-preview:-1\" \/>\n<link rel=\"canonical\" href=\"https:\/\/fuentesfidedignas.com.mx\/index.php\/2024\/09\/03\/papa-no-puede-ir-a-xv-anos-de-su-hija-y-ella-llega-de-sorpresa-a-su-trabajo-en-torreon\/\" \/>\n<meta property=\"og:locale\" content=\"es_MX\" \/>\n<meta property=\"og:type\" content=\"article\" \/>\n<meta property=\"og:title\" content=\"Pap\u00e1 no puede ir a XV a\u00f1os de su hija y ella llega de sorpresa a su trabajo en Torre\u00f3n - Fuentes Fidedignas\" \/>\n<meta property=\"og:description\" content=\"En los comentarios la joven explic\u00f3 porqu\u00e9 su pap\u00e1 no pudo asistir a su festejo, aqu\u00ed todo lo que pas\u00f3. Cumplir quince a\u00f1os es una fecha especial para los j\u00f3venes, sobre todo para la mayor\u00eda de las mujeres que sue\u00f1an con tener una fiesta, lucir un vestido que las haga sentir como a una princesa [&hellip;]\" \/>\n<meta property=\"og:url\" content=\"https:\/\/fuentesfidedignas.com.mx\/index.php\/2024\/09\/03\/papa-no-puede-ir-a-xv-anos-de-su-hija-y-ella-llega-de-sorpresa-a-su-trabajo-en-torreon\/\" \/>\n<meta property=\"og:site_name\" content=\"Fuentes Fidedignas\" \/>\n<meta property=\"article:publisher\" content=\"https:\/\/www.facebook.com\/Fuentes-Fidedignas-368234489921644\" \/>\n<meta property=\"article:published_time\" content=\"2024-09-03T10:35:00+00:00\" \/>\n<meta property=\"og:image\" content=\"https:\/\/fuentesfidedignas.com.mx\/wp-content\/uploads\/2024\/09\/xaanera-papa.jpg\" \/>\n\t<meta property=\"og:image:width\" content=\"650\" \/>\n\t<meta property=\"og:image:height\" content=\"366\" \/>\n\t<meta property=\"og:image:type\" content=\"image\/jpeg\" \/>\n<meta name=\"author\" content=\"Milenio\" \/>\n<meta name=\"twitter:card\" content=\"summary_large_image\" \/>\n<meta name=\"twitter:creator\" content=\"@fidedignas\" \/>\n<meta name=\"twitter:site\" content=\"@fidedignas\" \/>\n<meta name=\"twitter:label1\" content=\"Escrito por\" \/>\n\t<meta name=\"twitter:data1\" content=\"Milenio\" \/>\n\t<meta name=\"twitter:label2\" content=\"Tiempo de lectura\" \/>\n\t<meta name=\"twitter:data2\" content=\"3 minutos\" \/>\n<script type=\"application\/ld+json\" class=\"yoast-schema-graph\">{\"@context\":\"https:\\\/\\\/schema.org\",\"@graph\":[{\"@type\":\"Article\",\"@id\":\"https:\\\/\\\/fuentesfidedignas.com.mx\\\/index.php\\\/2024\\\/09\\\/03\\\/papa-no-puede-ir-a-xv-anos-de-su-hija-y-ella-llega-de-sorpresa-a-su-trabajo-en-torreon\\\/#article\",\"isPartOf\":{\"@id\":\"https:\\\/\\\/fuentesfidedignas.com.mx\\\/index.php\\\/2024\\\/09\\\/03\\\/papa-no-puede-ir-a-xv-anos-de-su-hija-y-ella-llega-de-sorpresa-a-su-trabajo-en-torreon\\\/\"},\"author\":{\"name\":\"Milenio\",\"@id\":\"https:\\\/\\\/fuentesfidedignas.com.mx\\\/#\\\/schema\\\/person\\\/47ec0135738f4b0c7495f06a77a2c976\"},\"headline\":\"Pap\u00e1 no puede ir a XV a\u00f1os de su hija y ella llega de sorpresa a su trabajo en Torre\u00f3n\",\"datePublished\":\"2024-09-03T10:35:00+00:00\",\"mainEntityOfPage\":{\"@id\":\"https:\\\/\\\/fuentesfidedignas.com.mx\\\/index.php\\\/2024\\\/09\\\/03\\\/papa-no-puede-ir-a-xv-anos-de-su-hija-y-ella-llega-de-sorpresa-a-su-trabajo-en-torreon\\\/\"},\"wordCount\":502,\"commentCount\":0,\"publisher\":{\"@id\":\"https:\\\/\\\/fuentesfidedignas.com.mx\\\/#organization\"},\"image\":{\"@id\":\"https:\\\/\\\/fuentesfidedignas.com.mx\\\/index.php\\\/2024\\\/09\\\/03\\\/papa-no-puede-ir-a-xv-anos-de-su-hija-y-ella-llega-de-sorpresa-a-su-trabajo-en-torreon\\\/#primaryimage\"},\"thumbnailUrl\":\"https:\\\/\\\/fuentesfidedignas.com.mx\\\/wp-content\\\/uploads\\\/2024\\\/09\\\/xaanera-papa.jpg\",\"articleSection\":[\"LAS ASOMBROSAS\"],\"inLanguage\":\"es\",\"potentialAction\":[{\"@type\":\"CommentAction\",\"name\":\"Comment\",\"target\":[\"https:\\\/\\\/fuentesfidedignas.com.mx\\\/index.php\\\/2024\\\/09\\\/03\\\/papa-no-puede-ir-a-xv-anos-de-su-hija-y-ella-llega-de-sorpresa-a-su-trabajo-en-torreon\\\/#respond\"]}]},{\"@type\":\"WebPage\",\"@id\":\"https:\\\/\\\/fuentesfidedignas.com.mx\\\/index.php\\\/2024\\\/09\\\/03\\\/papa-no-puede-ir-a-xv-anos-de-su-hija-y-ella-llega-de-sorpresa-a-su-trabajo-en-torreon\\\/\",\"url\":\"https:\\\/\\\/fuentesfidedignas.com.mx\\\/index.php\\\/2024\\\/09\\\/03\\\/papa-no-puede-ir-a-xv-anos-de-su-hija-y-ella-llega-de-sorpresa-a-su-trabajo-en-torreon\\\/\",\"name\":\"Pap\u00e1 no puede ir a XV a\u00f1os de su hija y ella llega de sorpresa a su trabajo en Torre\u00f3n - Fuentes Fidedignas\",\"isPartOf\":{\"@id\":\"https:\\\/\\\/fuentesfidedignas.com.mx\\\/#website\"},\"primaryImageOfPage\":{\"@id\":\"https:\\\/\\\/fuentesfidedignas.com.mx\\\/index.php\\\/2024\\\/09\\\/03\\\/papa-no-puede-ir-a-xv-anos-de-su-hija-y-ella-llega-de-sorpresa-a-su-trabajo-en-torreon\\\/#primaryimage\"},\"image\":{\"@id\":\"https:\\\/\\\/fuentesfidedignas.com.mx\\\/index.php\\\/2024\\\/09\\\/03\\\/papa-no-puede-ir-a-xv-anos-de-su-hija-y-ella-llega-de-sorpresa-a-su-trabajo-en-torreon\\\/#primaryimage\"},\"thumbnailUrl\":\"https:\\\/\\\/fuentesfidedignas.com.mx\\\/wp-content\\\/uploads\\\/2024\\\/09\\\/xaanera-papa.jpg\",\"datePublished\":\"2024-09-03T10:35:00+00:00\",\"breadcrumb\":{\"@id\":\"https:\\\/\\\/fuentesfidedignas.com.mx\\\/index.php\\\/2024\\\/09\\\/03\\\/papa-no-puede-ir-a-xv-anos-de-su-hija-y-ella-llega-de-sorpresa-a-su-trabajo-en-torreon\\\/#breadcrumb\"},\"inLanguage\":\"es\",\"potentialAction\":[{\"@type\":\"ReadAction\",\"target\":[\"https:\\\/\\\/fuentesfidedignas.com.mx\\\/index.php\\\/2024\\\/09\\\/03\\\/papa-no-puede-ir-a-xv-anos-de-su-hija-y-ella-llega-de-sorpresa-a-su-trabajo-en-torreon\\\/\"]}]},{\"@type\":\"ImageObject\",\"inLanguage\":\"es\",\"@id\":\"https:\\\/\\\/fuentesfidedignas.com.mx\\\/index.php\\\/2024\\\/09\\\/03\\\/papa-no-puede-ir-a-xv-anos-de-su-hija-y-ella-llega-de-sorpresa-a-su-trabajo-en-torreon\\\/#primaryimage\",\"url\":\"https:\\\/\\\/fuentesfidedignas.com.mx\\\/wp-content\\\/uploads\\\/2024\\\/09\\\/xaanera-papa.jpg\",\"contentUrl\":\"https:\\\/\\\/fuentesfidedignas.com.mx\\\/wp-content\\\/uploads\\\/2024\\\/09\\\/xaanera-papa.jpg\",\"width\":650,\"height\":366},{\"@type\":\"BreadcrumbList\",\"@id\":\"https:\\\/\\\/fuentesfidedignas.com.mx\\\/index.php\\\/2024\\\/09\\\/03\\\/papa-no-puede-ir-a-xv-anos-de-su-hija-y-ella-llega-de-sorpresa-a-su-trabajo-en-torreon\\\/#breadcrumb\",\"itemListElement\":[{\"@type\":\"ListItem\",\"position\":1,\"name\":\"Inicio\",\"item\":\"https:\\\/\\\/fuentesfidedignas.com.mx\\\/\"},{\"@type\":\"ListItem\",\"position\":2,\"name\":\"Pap\u00e1 no puede ir a XV a\u00f1os de su hija y ella llega de sorpresa a su trabajo en Torre\u00f3n\"}]},{\"@type\":\"WebSite\",\"@id\":\"https:\\\/\\\/fuentesfidedignas.com.mx\\\/#website\",\"url\":\"https:\\\/\\\/fuentesfidedignas.com.mx\\\/\",\"name\":\"Fuentes Fidedignas\",\"description\":\"Otro sitio realizado con WordPress\",\"publisher\":{\"@id\":\"https:\\\/\\\/fuentesfidedignas.com.mx\\\/#organization\"},\"potentialAction\":[{\"@type\":\"SearchAction\",\"target\":{\"@type\":\"EntryPoint\",\"urlTemplate\":\"https:\\\/\\\/fuentesfidedignas.com.mx\\\/?s={search_term_string}\"},\"query-input\":{\"@type\":\"PropertyValueSpecification\",\"valueRequired\":true,\"valueName\":\"search_term_string\"}}],\"inLanguage\":\"es\"},{\"@type\":\"Organization\",\"@id\":\"https:\\\/\\\/fuentesfidedignas.com.mx\\\/#organization\",\"name\":\"Fuentes Fidedignas\",\"url\":\"https:\\\/\\\/fuentesfidedignas.com.mx\\\/\",\"logo\":{\"@type\":\"ImageObject\",\"inLanguage\":\"es\",\"@id\":\"https:\\\/\\\/fuentesfidedignas.com.mx\\\/#\\\/schema\\\/logo\\\/image\\\/\",\"url\":\"https:\\\/\\\/fuentesfidedignas.com.mx\\\/wp-content\\\/uploads\\\/2021\\\/04\\\/logo-retina.png\",\"contentUrl\":\"https:\\\/\\\/fuentesfidedignas.com.mx\\\/wp-content\\\/uploads\\\/2021\\\/04\\\/logo-retina.png\",\"width\":280,\"height\":51,\"caption\":\"Fuentes Fidedignas\"},\"image\":{\"@id\":\"https:\\\/\\\/fuentesfidedignas.com.mx\\\/#\\\/schema\\\/logo\\\/image\\\/\"},\"sameAs\":[\"https:\\\/\\\/www.facebook.com\\\/Fuentes-Fidedignas-368234489921644\",\"https:\\\/\\\/x.com\\\/fidedignas\"]},{\"@type\":\"Person\",\"@id\":\"https:\\\/\\\/fuentesfidedignas.com.mx\\\/#\\\/schema\\\/person\\\/47ec0135738f4b0c7495f06a77a2c976\",\"name\":\"Milenio\",\"image\":{\"@type\":\"ImageObject\",\"inLanguage\":\"es\",\"@id\":\"https:\\\/\\\/secure.gravatar.com\\\/avatar\\\/acabf7b54753e51c2c76457954577c236b3b764789b19879565769739d1e4a75?s=96&d=mm&r=g\",\"url\":\"https:\\\/\\\/secure.gravatar.com\\\/avatar\\\/acabf7b54753e51c2c76457954577c236b3b764789b19879565769739d1e4a75?s=96&d=mm&r=g\",\"contentUrl\":\"https:\\\/\\\/secure.gravatar.com\\\/avatar\\\/acabf7b54753e51c2c76457954577c236b3b764789b19879565769739d1e4a75?s=96&d=mm&r=g\",\"caption\":\"Milenio\"},\"url\":\"https:\\\/\\\/fuentesfidedignas.com.mx\\\/index.php\\\/author\\\/milenio\\\/\"}]}<\/script>\n<!-- \/ Yoast SEO plugin. -->","yoast_head_json":{"title":"Pap\u00e1 no puede ir a XV a\u00f1os de su hija y ella llega de sorpresa a su trabajo en Torre\u00f3n - Fuentes Fidedignas","robots":{"index":"index","follow":"follow","max-snippet":"max-snippet:-1","max-image-preview":"max-image-preview:large","max-video-preview":"max-video-preview:-1"},"canonical":"https:\/\/fuentesfidedignas.com.mx\/index.php\/2024\/09\/03\/papa-no-puede-ir-a-xv-anos-de-su-hija-y-ella-llega-de-sorpresa-a-su-trabajo-en-torreon\/","og_locale":"es_MX","og_type":"article","og_title":"Pap\u00e1 no puede ir a XV a\u00f1os de su hija y ella llega de sorpresa a su trabajo en Torre\u00f3n - Fuentes Fidedignas","og_description":"En los comentarios la joven explic\u00f3 porqu\u00e9 su pap\u00e1 no pudo asistir a su festejo, aqu\u00ed todo lo que pas\u00f3. Cumplir quince a\u00f1os es una fecha especial para los j\u00f3venes, sobre todo para la mayor\u00eda de las mujeres que sue\u00f1an con tener una fiesta, lucir un vestido que las haga sentir como a una princesa [&hellip;]","og_url":"https:\/\/fuentesfidedignas.com.mx\/index.php\/2024\/09\/03\/papa-no-puede-ir-a-xv-anos-de-su-hija-y-ella-llega-de-sorpresa-a-su-trabajo-en-torreon\/","og_site_name":"Fuentes Fidedignas","article_publisher":"https:\/\/www.facebook.com\/Fuentes-Fidedignas-368234489921644","article_published_time":"2024-09-03T10:35:00+00:00","og_image":[{"width":650,"height":366,"url":"https:\/\/fuentesfidedignas.com.mx\/wp-content\/uploads\/2024\/09\/xaanera-papa.jpg","type":"image\/jpeg"}],"author":"Milenio","twitter_card":"summary_large_image","twitter_creator":"@fidedignas","twitter_site":"@fidedignas","twitter_misc":{"Escrito por":"Milenio","Tiempo de lectura":"3 minutos"},"schema":{"@context":"https:\/\/schema.org","@graph":[{"@type":"Article","@id":"https:\/\/fuentesfidedignas.com.mx\/index.php\/2024\/09\/03\/papa-no-puede-ir-a-xv-anos-de-su-hija-y-ella-llega-de-sorpresa-a-su-trabajo-en-torreon\/#article","isPartOf":{"@id":"https:\/\/fuentesfidedignas.com.mx\/index.php\/2024\/09\/03\/papa-no-puede-ir-a-xv-anos-de-su-hija-y-ella-llega-de-sorpresa-a-su-trabajo-en-torreon\/"},"author":{"name":"Milenio","@id":"https:\/\/fuentesfidedignas.com.mx\/#\/schema\/person\/47ec0135738f4b0c7495f06a77a2c976"},"headline":"Pap\u00e1 no puede ir a XV a\u00f1os de su hija y ella llega de sorpresa a su trabajo en Torre\u00f3n","datePublished":"2024-09-03T10:35:00+00:00","mainEntityOfPage":{"@id":"https:\/\/fuentesfidedignas.com.mx\/index.php\/2024\/09\/03\/papa-no-puede-ir-a-xv-anos-de-su-hija-y-ella-llega-de-sorpresa-a-su-trabajo-en-torreon\/"},"wordCount":502,"commentCount":0,"publisher":{"@id":"https:\/\/fuentesfidedignas.com.mx\/#organization"},"image":{"@id":"https:\/\/fuentesfidedignas.com.mx\/index.php\/2024\/09\/03\/papa-no-puede-ir-a-xv-anos-de-su-hija-y-ella-llega-de-sorpresa-a-su-trabajo-en-torreon\/#primaryimage"},"thumbnailUrl":"https:\/\/fuentesfidedignas.com.mx\/wp-content\/uploads\/2024\/09\/xaanera-papa.jpg","articleSection":["LAS ASOMBROSAS"],"inLanguage":"es","potentialAction":[{"@type":"CommentAction","name":"Comment","target":["https:\/\/fuentesfidedignas.com.mx\/index.php\/2024\/09\/03\/papa-no-puede-ir-a-xv-anos-de-su-hija-y-ella-llega-de-sorpresa-a-su-trabajo-en-torreon\/#respond"]}]},{"@type":"WebPage","@id":"https:\/\/fuentesfidedignas.com.mx\/index.php\/2024\/09\/03\/papa-no-puede-ir-a-xv-anos-de-su-hija-y-ella-llega-de-sorpresa-a-su-trabajo-en-torreon\/","url":"https:\/\/fuentesfidedignas.com.mx\/index.php\/2024\/09\/03\/papa-no-puede-ir-a-xv-anos-de-su-hija-y-ella-llega-de-sorpresa-a-su-trabajo-en-torreon\/","name":"Pap\u00e1 no puede ir a XV a\u00f1os de su hija y ella llega de sorpresa a su trabajo en Torre\u00f3n - Fuentes Fidedignas","isPartOf":{"@id":"https:\/\/fuentesfidedignas.com.mx\/#website"},"primaryImageOfPage":{"@id":"https:\/\/fuentesfidedignas.com.mx\/index.php\/2024\/09\/03\/papa-no-puede-ir-a-xv-anos-de-su-hija-y-ella-llega-de-sorpresa-a-su-trabajo-en-torreon\/#primaryimage"},"image":{"@id":"https:\/\/fuentesfidedignas.com.mx\/index.php\/2024\/09\/03\/papa-no-puede-ir-a-xv-anos-de-su-hija-y-ella-llega-de-sorpresa-a-su-trabajo-en-torreon\/#primaryimage"},"thumbnailUrl":"https:\/\/fuentesfidedignas.com.mx\/wp-content\/uploads\/2024\/09\/xaanera-papa.jpg","datePublished":"2024-09-03T10:35:00+00:00","breadcrumb":{"@id":"https:\/\/fuentesfidedignas.com.mx\/index.php\/2024\/09\/03\/papa-no-puede-ir-a-xv-anos-de-su-hija-y-ella-llega-de-sorpresa-a-su-trabajo-en-torreon\/#breadcrumb"},"inLanguage":"es","potentialAction":[{"@type":"ReadAction","target":["https:\/\/fuentesfidedignas.com.mx\/index.php\/2024\/09\/03\/papa-no-puede-ir-a-xv-anos-de-su-hija-y-ella-llega-de-sorpresa-a-su-trabajo-en-torreon\/"]}]},{"@type":"ImageObject","inLanguage":"es","@id":"https:\/\/fuentesfidedignas.com.mx\/index.php\/2024\/09\/03\/papa-no-puede-ir-a-xv-anos-de-su-hija-y-ella-llega-de-sorpresa-a-su-trabajo-en-torreon\/#primaryimage","url":"https:\/\/fuentesfidedignas.com.mx\/wp-content\/uploads\/2024\/09\/xaanera-papa.jpg","contentUrl":"https:\/\/fuentesfidedignas.com.mx\/wp-content\/uploads\/2024\/09\/xaanera-papa.jpg","width":650,"height":366},{"@type":"BreadcrumbList","@id":"https:\/\/fuentesfidedignas.com.mx\/index.php\/2024\/09\/03\/papa-no-puede-ir-a-xv-anos-de-su-hija-y-ella-llega-de-sorpresa-a-su-trabajo-en-torreon\/#breadcrumb","itemListElement":[{"@type":"ListItem","position":1,"name":"Inicio","item":"https:\/\/fuentesfidedignas.com.mx\/"},{"@type":"ListItem","position":2,"name":"Pap\u00e1 no puede ir a XV a\u00f1os de su hija y ella llega de sorpresa a su trabajo en Torre\u00f3n"}]},{"@type":"WebSite","@id":"https:\/\/fuentesfidedignas.com.mx\/#website","url":"https:\/\/fuentesfidedignas.com.mx\/","name":"Fuentes Fidedignas","description":"Otro sitio realizado con WordPress","publisher":{"@id":"https:\/\/fuentesfidedignas.com.mx\/#organization"},"potentialAction":[{"@type":"SearchAction","target":{"@type":"EntryPoint","urlTemplate":"https:\/\/fuentesfidedignas.com.mx\/?s={search_term_string}"},"query-input":{"@type":"PropertyValueSpecification","valueRequired":true,"valueName":"search_term_string"}}],"inLanguage":"es"},{"@type":"Organization","@id":"https:\/\/fuentesfidedignas.com.mx\/#organization","name":"Fuentes Fidedignas","url":"https:\/\/fuentesfidedignas.com.mx\/","logo":{"@type":"ImageObject","inLanguage":"es","@id":"https:\/\/fuentesfidedignas.com.mx\/#\/schema\/logo\/image\/","url":"https:\/\/fuentesfidedignas.com.mx\/wp-content\/uploads\/2021\/04\/logo-retina.png","contentUrl":"https:\/\/fuentesfidedignas.com.mx\/wp-content\/uploads\/2021\/04\/logo-retina.png","width":280,"height":51,"caption":"Fuentes Fidedignas"},"image":{"@id":"https:\/\/fuentesfidedignas.com.mx\/#\/schema\/logo\/image\/"},"sameAs":["https:\/\/www.facebook.com\/Fuentes-Fidedignas-368234489921644","https:\/\/x.com\/fidedignas"]},{"@type":"Person","@id":"https:\/\/fuentesfidedignas.com.mx\/#\/schema\/person\/47ec0135738f4b0c7495f06a77a2c976","name":"Milenio","image":{"@type":"ImageObject","inLanguage":"es","@id":"https:\/\/secure.gravatar.com\/avatar\/acabf7b54753e51c2c76457954577c236b3b764789b19879565769739d1e4a75?s=96&d=mm&r=g","url":"https:\/\/secure.gravatar.com\/avatar\/acabf7b54753e51c2c76457954577c236b3b764789b19879565769739d1e4a75?s=96&d=mm&r=g","contentUrl":"https:\/\/secure.gravatar.com\/avatar\/acabf7b54753e51c2c76457954577c236b3b764789b19879565769739d1e4a75?s=96&d=mm&r=g","caption":"Milenio"},"url":"https:\/\/fuentesfidedignas.com.mx\/index.php\/author\/milenio\/"}]}},"_links":{"self":[{"href":"https:\/\/fuentesfidedignas.com.mx\/index.php\/wp-json\/wp\/v2\/posts\/90208","targetHints":{"allow":["GET"]}}],"collection":[{"href":"https:\/\/fuentesfidedignas.com.mx\/index.php\/wp-json\/wp\/v2\/posts"}],"about":[{"href":"https:\/\/fuentesfidedignas.com.mx\/index.php\/wp-json\/wp\/v2\/types\/post"}],"author":[{"embeddable":true,"href":"https:\/\/fuentesfidedignas.com.mx\/index.php\/wp-json\/wp\/v2\/users\/9"}],"replies":[{"embeddable":true,"href":"https:\/\/fuentesfidedignas.com.mx\/index.php\/wp-json\/wp\/v2\/comments?post=90208"}],"version-history":[{"count":3,"href":"https:\/\/fuentesfidedignas.com.mx\/index.php\/wp-json\/wp\/v2\/posts\/90208\/revisions"}],"predecessor-version":[{"id":90212,"href":"https:\/\/fuentesfidedignas.com.mx\/index.php\/wp-json\/wp\/v2\/posts\/90208\/revisions\/90212"}],"wp:featuredmedia":[{"embeddable":true,"href":"https:\/\/fuentesfidedignas.com.mx\/index.php\/wp-json\/wp\/v2\/media\/90209"}],"wp:attachment":[{"href":"https:\/\/fuentesfidedignas.com.mx\/index.php\/wp-json\/wp\/v2\/media?parent=90208"}],"wp:term":[{"taxonomy":"category","embeddable":true,"href":"https:\/\/fuentesfidedignas.com.mx\/index.php\/wp-json\/wp\/v2\/categories?post=90208"},{"taxonomy":"post_tag","embeddable":true,"href":"https:\/\/fuentesfidedignas.com.mx\/index.php\/wp-json\/wp\/v2\/tags?post=90208"}],"curies":[{"name":"wp","href":"https:\/\/api.w.org\/{rel}","templated":true}]}}