{"id":90197,"date":"2024-09-02T13:25:26","date_gmt":"2024-09-02T20:25:26","guid":{"rendered":"https:\/\/fuentesfidedignas.com.mx\/?p=90197"},"modified":"2024-09-02T13:25:26","modified_gmt":"2024-09-02T20:25:26","slug":"eu-incauta-avion-de-nicolas-maduro-y-lo-lleva-a-su-territorio","status":"publish","type":"post","link":"https:\/\/fuentesfidedignas.com.mx\/index.php\/2024\/09\/02\/eu-incauta-avion-de-nicolas-maduro-y-lo-lleva-a-su-territorio\/","title":{"rendered":"EU incauta avi\u00f3n de Nicol\u00e1s Maduro y lo lleva a su territorio"},"content":{"rendered":"\n<p><strong><em>El gobierno estadunidense retuvo el avi\u00f3n cuando estaba en Rep\u00fablica Dominicana.<\/em><\/strong><\/p>\n\n\n\n<p>Estados Unidos ha incautado un avi\u00f3n utilizado por el presidente venezolano, Nicol\u00e1s Maduro, y lo ha trasladado desde Rep\u00fablica Dominicana a Florida tras determinar que su compra violaba las sanciones de Washington, dijo el lunes el Departamento de Justicia.<\/p>\n\n\n\n<p>La incautaci\u00f3n de la aeronave se produjo en medio de la continua presi\u00f3n sobre Maduro tras las elecciones del 28 de julio en las que logr\u00f3 la reelecci\u00f3n pese a los reclamos de la oposici\u00f3n, que sostiene que sus recuentos de votos mostraban que su candidato se hab\u00eda impuesto en las urnas.<\/p>\n\n\n\n<p>&#8220;Esta ma\u00f1ana, el Departamento de Justicia incaut\u00f3 una aeronave que alegamos fue comprada ilegalmente por 13 millones de d\u00f3lares a trav\u00e9s de una empresa fantasma y sacada de contrabando de Estados Unidos para ser utilizada por Nicol\u00e1s Maduro&#8221;, dijo el fiscal general Merrick Garland en un comunicado.<\/p>\n\n\n\n<figure class=\"wp-block-embed\"><div class=\"wp-block-embed__wrapper\">\nhttps:\/\/x.com\/EmmaRincon\/status\/1830644752426864751\n<\/div><\/figure>\n\n\n\n<p>La aeronave fue incautada en Rep\u00fablica Dominicana con la asistencia de las autoridades del pa\u00eds y transferida a Florida por haber sido &#8220;comprada ilegalmente&#8221; por&nbsp;<strong>13 millones de d\u00f3lares&nbsp;<\/strong>&#8220;a trav\u00e9s de una empresa fantasma y sacada de contrabando de los Estados Unidos para su uso por parte de Nicol\u00e1s Maduro y sus compinches&#8221;, denunci\u00f3 el fiscal general, Merrick B. Garland.<\/p>\n\n\n\n<p>Seg\u00fan la investigaci\u00f3n, a finales de 2022 y principios de 2023 personas afiliadas a Maduro supuestamente&nbsp;<strong>utilizaron una empresa fantasma&nbsp;<\/strong>con sede en el Caribe para ocultar su participaci\u00f3n en la compra ilegal del avi\u00f3n a una empresa con sede en el Distrito Sur de Florida.<\/p>\n\n\n\n<blockquote class=\"wp-block-quote is-layout-flow wp-block-quote-is-layout-flow\">\n<p>\u201cLuego, el avi\u00f3n fue&nbsp;<strong>exportado ilegalmente desde Estados Unidos&nbsp;<\/strong>a Venezuela a trav\u00e9s del Caribe en abril de 2023 y desde entonces ha volado &#8220;casi exclusivamente hacia y desde una base militar en Venezuela y se ha utilizado en beneficio de Maduro y sus representantes, incluso para transportar a Maduro en visitas a otros pa\u00edses&#8221;.<\/p>\n<\/blockquote>\n\n\n\n<p>El avi\u00f3n, cuyo costo se estima en alrededor de&nbsp;<strong>13 millones de d\u00f3lares<\/strong>, hab\u00eda estado en la Rep\u00fablica Dominicana en los \u00faltimos meses.<\/p>\n\n\n\n<blockquote class=\"wp-block-quote is-layout-flow wp-block-quote-is-layout-flow\">\n<p>Los funcionarios estadunidenses no revelaron por qu\u00e9, pero se present\u00f3 &#8220;una oportunidad&#8221; para confiscar la aeronave en una operaci\u00f3n en la que estuvieron involucradas varias agencias federales, que trabajaron &#8220;en estrecha colaboraci\u00f3n con la Rep\u00fablica Dominicana, que notific\u00f3 a Venezuela sobre la incautaci\u00f3n&#8221;.<\/p>\n<\/blockquote>\n","protected":false},"excerpt":{"rendered":"<p>El gobierno estadunidense retuvo el avi\u00f3n cuando estaba en Rep\u00fablica Dominicana. Estados Unidos ha incautado un avi\u00f3n utilizado por el presidente venezolano, Nicol\u00e1s Maduro, y lo ha trasladado desde Rep\u00fablica Dominicana a Florida tras determinar que su compra violaba las sanciones de Washington, dijo el lunes el Departamento de Justicia. La incautaci\u00f3n de la aeronave [&hellip;]<\/p>\n","protected":false},"author":9,"featured_media":90196,"comment_status":"closed","ping_status":"open","sticky":false,"template":"","format":"standard","meta":{"tdm_status":"","tdm_grid_status":"","footnotes":""},"categories":[39],"tags":[],"class_list":{"0":"post-90197","1":"post","2":"type-post","3":"status-publish","4":"format-standard","5":"has-post-thumbnail","7":"category-noticias-nacionales"},"yoast_head":"<!-- This site is optimized with the Yoast SEO plugin v27.5 - https:\/\/yoast.com\/product\/yoast-seo-wordpress\/ -->\n<title>EU incauta avi\u00f3n de Nicol\u00e1s Maduro y lo lleva a su territorio - Fuentes Fidedignas<\/title>\n<meta name=\"robots\" content=\"index, follow, max-snippet:-1, max-image-preview:large, max-video-preview:-1\" \/>\n<link rel=\"canonical\" href=\"https:\/\/fuentesfidedignas.com.mx\/index.php\/2024\/09\/02\/eu-incauta-avion-de-nicolas-maduro-y-lo-lleva-a-su-territorio\/\" \/>\n<meta property=\"og:locale\" content=\"es_MX\" \/>\n<meta property=\"og:type\" content=\"article\" \/>\n<meta property=\"og:title\" content=\"EU incauta avi\u00f3n de Nicol\u00e1s Maduro y lo lleva a su territorio - Fuentes Fidedignas\" \/>\n<meta property=\"og:description\" content=\"El gobierno estadunidense retuvo el avi\u00f3n cuando estaba en Rep\u00fablica Dominicana. Estados Unidos ha incautado un avi\u00f3n utilizado por el presidente venezolano, Nicol\u00e1s Maduro, y lo ha trasladado desde Rep\u00fablica Dominicana a Florida tras determinar que su compra violaba las sanciones de Washington, dijo el lunes el Departamento de Justicia. La incautaci\u00f3n de la aeronave [&hellip;]\" \/>\n<meta property=\"og:url\" content=\"https:\/\/fuentesfidedignas.com.mx\/index.php\/2024\/09\/02\/eu-incauta-avion-de-nicolas-maduro-y-lo-lleva-a-su-territorio\/\" \/>\n<meta property=\"og:site_name\" content=\"Fuentes Fidedignas\" \/>\n<meta property=\"article:publisher\" content=\"https:\/\/www.facebook.com\/Fuentes-Fidedignas-368234489921644\" \/>\n<meta property=\"article:published_time\" content=\"2024-09-02T20:25:26+00:00\" \/>\n<meta property=\"og:image\" content=\"https:\/\/fuentesfidedignas.com.mx\/wp-content\/uploads\/2024\/09\/img_6600-1.png\" \/>\n\t<meta property=\"og:image:width\" content=\"400\" \/>\n\t<meta property=\"og:image:height\" content=\"267\" \/>\n\t<meta property=\"og:image:type\" content=\"image\/png\" \/>\n<meta name=\"author\" content=\"Milenio\" \/>\n<meta name=\"twitter:card\" content=\"summary_large_image\" \/>\n<meta name=\"twitter:creator\" content=\"@fidedignas\" \/>\n<meta name=\"twitter:site\" content=\"@fidedignas\" \/>\n<meta name=\"twitter:label1\" content=\"Escrito por\" \/>\n\t<meta name=\"twitter:data1\" content=\"Milenio\" \/>\n\t<meta name=\"twitter:label2\" content=\"Tiempo de lectura\" \/>\n\t<meta name=\"twitter:data2\" content=\"2 minutos\" \/>\n<script type=\"application\/ld+json\" class=\"yoast-schema-graph\">{\"@context\":\"https:\\\/\\\/schema.org\",\"@graph\":[{\"@type\":\"Article\",\"@id\":\"https:\\\/\\\/fuentesfidedignas.com.mx\\\/index.php\\\/2024\\\/09\\\/02\\\/eu-incauta-avion-de-nicolas-maduro-y-lo-lleva-a-su-territorio\\\/#article\",\"isPartOf\":{\"@id\":\"https:\\\/\\\/fuentesfidedignas.com.mx\\\/index.php\\\/2024\\\/09\\\/02\\\/eu-incauta-avion-de-nicolas-maduro-y-lo-lleva-a-su-territorio\\\/\"},\"author\":{\"name\":\"Milenio\",\"@id\":\"https:\\\/\\\/fuentesfidedignas.com.mx\\\/#\\\/schema\\\/person\\\/47ec0135738f4b0c7495f06a77a2c976\"},\"headline\":\"EU incauta avi\u00f3n de Nicol\u00e1s Maduro y lo lleva a su territorio\",\"datePublished\":\"2024-09-02T20:25:26+00:00\",\"mainEntityOfPage\":{\"@id\":\"https:\\\/\\\/fuentesfidedignas.com.mx\\\/index.php\\\/2024\\\/09\\\/02\\\/eu-incauta-avion-de-nicolas-maduro-y-lo-lleva-a-su-territorio\\\/\"},\"wordCount\":430,\"publisher\":{\"@id\":\"https:\\\/\\\/fuentesfidedignas.com.mx\\\/#organization\"},\"image\":{\"@id\":\"https:\\\/\\\/fuentesfidedignas.com.mx\\\/index.php\\\/2024\\\/09\\\/02\\\/eu-incauta-avion-de-nicolas-maduro-y-lo-lleva-a-su-territorio\\\/#primaryimage\"},\"thumbnailUrl\":\"https:\\\/\\\/fuentesfidedignas.com.mx\\\/wp-content\\\/uploads\\\/2024\\\/09\\\/img_6600-1.png\",\"articleSection\":[\"NOTICIAS NACIONALES\"],\"inLanguage\":\"es\"},{\"@type\":\"WebPage\",\"@id\":\"https:\\\/\\\/fuentesfidedignas.com.mx\\\/index.php\\\/2024\\\/09\\\/02\\\/eu-incauta-avion-de-nicolas-maduro-y-lo-lleva-a-su-territorio\\\/\",\"url\":\"https:\\\/\\\/fuentesfidedignas.com.mx\\\/index.php\\\/2024\\\/09\\\/02\\\/eu-incauta-avion-de-nicolas-maduro-y-lo-lleva-a-su-territorio\\\/\",\"name\":\"EU incauta avi\u00f3n de Nicol\u00e1s Maduro y lo lleva a su territorio - Fuentes Fidedignas\",\"isPartOf\":{\"@id\":\"https:\\\/\\\/fuentesfidedignas.com.mx\\\/#website\"},\"primaryImageOfPage\":{\"@id\":\"https:\\\/\\\/fuentesfidedignas.com.mx\\\/index.php\\\/2024\\\/09\\\/02\\\/eu-incauta-avion-de-nicolas-maduro-y-lo-lleva-a-su-territorio\\\/#primaryimage\"},\"image\":{\"@id\":\"https:\\\/\\\/fuentesfidedignas.com.mx\\\/index.php\\\/2024\\\/09\\\/02\\\/eu-incauta-avion-de-nicolas-maduro-y-lo-lleva-a-su-territorio\\\/#primaryimage\"},\"thumbnailUrl\":\"https:\\\/\\\/fuentesfidedignas.com.mx\\\/wp-content\\\/uploads\\\/2024\\\/09\\\/img_6600-1.png\",\"datePublished\":\"2024-09-02T20:25:26+00:00\",\"breadcrumb\":{\"@id\":\"https:\\\/\\\/fuentesfidedignas.com.mx\\\/index.php\\\/2024\\\/09\\\/02\\\/eu-incauta-avion-de-nicolas-maduro-y-lo-lleva-a-su-territorio\\\/#breadcrumb\"},\"inLanguage\":\"es\",\"potentialAction\":[{\"@type\":\"ReadAction\",\"target\":[\"https:\\\/\\\/fuentesfidedignas.com.mx\\\/index.php\\\/2024\\\/09\\\/02\\\/eu-incauta-avion-de-nicolas-maduro-y-lo-lleva-a-su-territorio\\\/\"]}]},{\"@type\":\"ImageObject\",\"inLanguage\":\"es\",\"@id\":\"https:\\\/\\\/fuentesfidedignas.com.mx\\\/index.php\\\/2024\\\/09\\\/02\\\/eu-incauta-avion-de-nicolas-maduro-y-lo-lleva-a-su-territorio\\\/#primaryimage\",\"url\":\"https:\\\/\\\/fuentesfidedignas.com.mx\\\/wp-content\\\/uploads\\\/2024\\\/09\\\/img_6600-1.png\",\"contentUrl\":\"https:\\\/\\\/fuentesfidedignas.com.mx\\\/wp-content\\\/uploads\\\/2024\\\/09\\\/img_6600-1.png\",\"width\":400,\"height\":267},{\"@type\":\"BreadcrumbList\",\"@id\":\"https:\\\/\\\/fuentesfidedignas.com.mx\\\/index.php\\\/2024\\\/09\\\/02\\\/eu-incauta-avion-de-nicolas-maduro-y-lo-lleva-a-su-territorio\\\/#breadcrumb\",\"itemListElement\":[{\"@type\":\"ListItem\",\"position\":1,\"name\":\"Inicio\",\"item\":\"https:\\\/\\\/fuentesfidedignas.com.mx\\\/\"},{\"@type\":\"ListItem\",\"position\":2,\"name\":\"EU incauta avi\u00f3n de Nicol\u00e1s Maduro y lo lleva a su territorio\"}]},{\"@type\":\"WebSite\",\"@id\":\"https:\\\/\\\/fuentesfidedignas.com.mx\\\/#website\",\"url\":\"https:\\\/\\\/fuentesfidedignas.com.mx\\\/\",\"name\":\"Fuentes Fidedignas\",\"description\":\"Otro sitio realizado con WordPress\",\"publisher\":{\"@id\":\"https:\\\/\\\/fuentesfidedignas.com.mx\\\/#organization\"},\"potentialAction\":[{\"@type\":\"SearchAction\",\"target\":{\"@type\":\"EntryPoint\",\"urlTemplate\":\"https:\\\/\\\/fuentesfidedignas.com.mx\\\/?s={search_term_string}\"},\"query-input\":{\"@type\":\"PropertyValueSpecification\",\"valueRequired\":true,\"valueName\":\"search_term_string\"}}],\"inLanguage\":\"es\"},{\"@type\":\"Organization\",\"@id\":\"https:\\\/\\\/fuentesfidedignas.com.mx\\\/#organization\",\"name\":\"Fuentes Fidedignas\",\"url\":\"https:\\\/\\\/fuentesfidedignas.com.mx\\\/\",\"logo\":{\"@type\":\"ImageObject\",\"inLanguage\":\"es\",\"@id\":\"https:\\\/\\\/fuentesfidedignas.com.mx\\\/#\\\/schema\\\/logo\\\/image\\\/\",\"url\":\"https:\\\/\\\/fuentesfidedignas.com.mx\\\/wp-content\\\/uploads\\\/2021\\\/04\\\/logo-retina.png\",\"contentUrl\":\"https:\\\/\\\/fuentesfidedignas.com.mx\\\/wp-content\\\/uploads\\\/2021\\\/04\\\/logo-retina.png\",\"width\":280,\"height\":51,\"caption\":\"Fuentes Fidedignas\"},\"image\":{\"@id\":\"https:\\\/\\\/fuentesfidedignas.com.mx\\\/#\\\/schema\\\/logo\\\/image\\\/\"},\"sameAs\":[\"https:\\\/\\\/www.facebook.com\\\/Fuentes-Fidedignas-368234489921644\",\"https:\\\/\\\/x.com\\\/fidedignas\"]},{\"@type\":\"Person\",\"@id\":\"https:\\\/\\\/fuentesfidedignas.com.mx\\\/#\\\/schema\\\/person\\\/47ec0135738f4b0c7495f06a77a2c976\",\"name\":\"Milenio\",\"image\":{\"@type\":\"ImageObject\",\"inLanguage\":\"es\",\"@id\":\"https:\\\/\\\/secure.gravatar.com\\\/avatar\\\/acabf7b54753e51c2c76457954577c236b3b764789b19879565769739d1e4a75?s=96&d=mm&r=g\",\"url\":\"https:\\\/\\\/secure.gravatar.com\\\/avatar\\\/acabf7b54753e51c2c76457954577c236b3b764789b19879565769739d1e4a75?s=96&d=mm&r=g\",\"contentUrl\":\"https:\\\/\\\/secure.gravatar.com\\\/avatar\\\/acabf7b54753e51c2c76457954577c236b3b764789b19879565769739d1e4a75?s=96&d=mm&r=g\",\"caption\":\"Milenio\"},\"url\":\"https:\\\/\\\/fuentesfidedignas.com.mx\\\/index.php\\\/author\\\/milenio\\\/\"}]}<\/script>\n<!-- \/ Yoast SEO plugin. -->","yoast_head_json":{"title":"EU incauta avi\u00f3n de Nicol\u00e1s Maduro y lo lleva a su territorio - Fuentes Fidedignas","robots":{"index":"index","follow":"follow","max-snippet":"max-snippet:-1","max-image-preview":"max-image-preview:large","max-video-preview":"max-video-preview:-1"},"canonical":"https:\/\/fuentesfidedignas.com.mx\/index.php\/2024\/09\/02\/eu-incauta-avion-de-nicolas-maduro-y-lo-lleva-a-su-territorio\/","og_locale":"es_MX","og_type":"article","og_title":"EU incauta avi\u00f3n de Nicol\u00e1s Maduro y lo lleva a su territorio - Fuentes Fidedignas","og_description":"El gobierno estadunidense retuvo el avi\u00f3n cuando estaba en Rep\u00fablica Dominicana. Estados Unidos ha incautado un avi\u00f3n utilizado por el presidente venezolano, Nicol\u00e1s Maduro, y lo ha trasladado desde Rep\u00fablica Dominicana a Florida tras determinar que su compra violaba las sanciones de Washington, dijo el lunes el Departamento de Justicia. La incautaci\u00f3n de la aeronave [&hellip;]","og_url":"https:\/\/fuentesfidedignas.com.mx\/index.php\/2024\/09\/02\/eu-incauta-avion-de-nicolas-maduro-y-lo-lleva-a-su-territorio\/","og_site_name":"Fuentes Fidedignas","article_publisher":"https:\/\/www.facebook.com\/Fuentes-Fidedignas-368234489921644","article_published_time":"2024-09-02T20:25:26+00:00","og_image":[{"width":400,"height":267,"url":"https:\/\/fuentesfidedignas.com.mx\/wp-content\/uploads\/2024\/09\/img_6600-1.png","type":"image\/png"}],"author":"Milenio","twitter_card":"summary_large_image","twitter_creator":"@fidedignas","twitter_site":"@fidedignas","twitter_misc":{"Escrito por":"Milenio","Tiempo de lectura":"2 minutos"},"schema":{"@context":"https:\/\/schema.org","@graph":[{"@type":"Article","@id":"https:\/\/fuentesfidedignas.com.mx\/index.php\/2024\/09\/02\/eu-incauta-avion-de-nicolas-maduro-y-lo-lleva-a-su-territorio\/#article","isPartOf":{"@id":"https:\/\/fuentesfidedignas.com.mx\/index.php\/2024\/09\/02\/eu-incauta-avion-de-nicolas-maduro-y-lo-lleva-a-su-territorio\/"},"author":{"name":"Milenio","@id":"https:\/\/fuentesfidedignas.com.mx\/#\/schema\/person\/47ec0135738f4b0c7495f06a77a2c976"},"headline":"EU incauta avi\u00f3n de Nicol\u00e1s Maduro y lo lleva a su territorio","datePublished":"2024-09-02T20:25:26+00:00","mainEntityOfPage":{"@id":"https:\/\/fuentesfidedignas.com.mx\/index.php\/2024\/09\/02\/eu-incauta-avion-de-nicolas-maduro-y-lo-lleva-a-su-territorio\/"},"wordCount":430,"publisher":{"@id":"https:\/\/fuentesfidedignas.com.mx\/#organization"},"image":{"@id":"https:\/\/fuentesfidedignas.com.mx\/index.php\/2024\/09\/02\/eu-incauta-avion-de-nicolas-maduro-y-lo-lleva-a-su-territorio\/#primaryimage"},"thumbnailUrl":"https:\/\/fuentesfidedignas.com.mx\/wp-content\/uploads\/2024\/09\/img_6600-1.png","articleSection":["NOTICIAS NACIONALES"],"inLanguage":"es"},{"@type":"WebPage","@id":"https:\/\/fuentesfidedignas.com.mx\/index.php\/2024\/09\/02\/eu-incauta-avion-de-nicolas-maduro-y-lo-lleva-a-su-territorio\/","url":"https:\/\/fuentesfidedignas.com.mx\/index.php\/2024\/09\/02\/eu-incauta-avion-de-nicolas-maduro-y-lo-lleva-a-su-territorio\/","name":"EU incauta avi\u00f3n de Nicol\u00e1s Maduro y lo lleva a su territorio - Fuentes Fidedignas","isPartOf":{"@id":"https:\/\/fuentesfidedignas.com.mx\/#website"},"primaryImageOfPage":{"@id":"https:\/\/fuentesfidedignas.com.mx\/index.php\/2024\/09\/02\/eu-incauta-avion-de-nicolas-maduro-y-lo-lleva-a-su-territorio\/#primaryimage"},"image":{"@id":"https:\/\/fuentesfidedignas.com.mx\/index.php\/2024\/09\/02\/eu-incauta-avion-de-nicolas-maduro-y-lo-lleva-a-su-territorio\/#primaryimage"},"thumbnailUrl":"https:\/\/fuentesfidedignas.com.mx\/wp-content\/uploads\/2024\/09\/img_6600-1.png","datePublished":"2024-09-02T20:25:26+00:00","breadcrumb":{"@id":"https:\/\/fuentesfidedignas.com.mx\/index.php\/2024\/09\/02\/eu-incauta-avion-de-nicolas-maduro-y-lo-lleva-a-su-territorio\/#breadcrumb"},"inLanguage":"es","potentialAction":[{"@type":"ReadAction","target":["https:\/\/fuentesfidedignas.com.mx\/index.php\/2024\/09\/02\/eu-incauta-avion-de-nicolas-maduro-y-lo-lleva-a-su-territorio\/"]}]},{"@type":"ImageObject","inLanguage":"es","@id":"https:\/\/fuentesfidedignas.com.mx\/index.php\/2024\/09\/02\/eu-incauta-avion-de-nicolas-maduro-y-lo-lleva-a-su-territorio\/#primaryimage","url":"https:\/\/fuentesfidedignas.com.mx\/wp-content\/uploads\/2024\/09\/img_6600-1.png","contentUrl":"https:\/\/fuentesfidedignas.com.mx\/wp-content\/uploads\/2024\/09\/img_6600-1.png","width":400,"height":267},{"@type":"BreadcrumbList","@id":"https:\/\/fuentesfidedignas.com.mx\/index.php\/2024\/09\/02\/eu-incauta-avion-de-nicolas-maduro-y-lo-lleva-a-su-territorio\/#breadcrumb","itemListElement":[{"@type":"ListItem","position":1,"name":"Inicio","item":"https:\/\/fuentesfidedignas.com.mx\/"},{"@type":"ListItem","position":2,"name":"EU incauta avi\u00f3n de Nicol\u00e1s Maduro y lo lleva a su territorio"}]},{"@type":"WebSite","@id":"https:\/\/fuentesfidedignas.com.mx\/#website","url":"https:\/\/fuentesfidedignas.com.mx\/","name":"Fuentes Fidedignas","description":"Otro sitio realizado con WordPress","publisher":{"@id":"https:\/\/fuentesfidedignas.com.mx\/#organization"},"potentialAction":[{"@type":"SearchAction","target":{"@type":"EntryPoint","urlTemplate":"https:\/\/fuentesfidedignas.com.mx\/?s={search_term_string}"},"query-input":{"@type":"PropertyValueSpecification","valueRequired":true,"valueName":"search_term_string"}}],"inLanguage":"es"},{"@type":"Organization","@id":"https:\/\/fuentesfidedignas.com.mx\/#organization","name":"Fuentes Fidedignas","url":"https:\/\/fuentesfidedignas.com.mx\/","logo":{"@type":"ImageObject","inLanguage":"es","@id":"https:\/\/fuentesfidedignas.com.mx\/#\/schema\/logo\/image\/","url":"https:\/\/fuentesfidedignas.com.mx\/wp-content\/uploads\/2021\/04\/logo-retina.png","contentUrl":"https:\/\/fuentesfidedignas.com.mx\/wp-content\/uploads\/2021\/04\/logo-retina.png","width":280,"height":51,"caption":"Fuentes Fidedignas"},"image":{"@id":"https:\/\/fuentesfidedignas.com.mx\/#\/schema\/logo\/image\/"},"sameAs":["https:\/\/www.facebook.com\/Fuentes-Fidedignas-368234489921644","https:\/\/x.com\/fidedignas"]},{"@type":"Person","@id":"https:\/\/fuentesfidedignas.com.mx\/#\/schema\/person\/47ec0135738f4b0c7495f06a77a2c976","name":"Milenio","image":{"@type":"ImageObject","inLanguage":"es","@id":"https:\/\/secure.gravatar.com\/avatar\/acabf7b54753e51c2c76457954577c236b3b764789b19879565769739d1e4a75?s=96&d=mm&r=g","url":"https:\/\/secure.gravatar.com\/avatar\/acabf7b54753e51c2c76457954577c236b3b764789b19879565769739d1e4a75?s=96&d=mm&r=g","contentUrl":"https:\/\/secure.gravatar.com\/avatar\/acabf7b54753e51c2c76457954577c236b3b764789b19879565769739d1e4a75?s=96&d=mm&r=g","caption":"Milenio"},"url":"https:\/\/fuentesfidedignas.com.mx\/index.php\/author\/milenio\/"}]}},"_links":{"self":[{"href":"https:\/\/fuentesfidedignas.com.mx\/index.php\/wp-json\/wp\/v2\/posts\/90197","targetHints":{"allow":["GET"]}}],"collection":[{"href":"https:\/\/fuentesfidedignas.com.mx\/index.php\/wp-json\/wp\/v2\/posts"}],"about":[{"href":"https:\/\/fuentesfidedignas.com.mx\/index.php\/wp-json\/wp\/v2\/types\/post"}],"author":[{"embeddable":true,"href":"https:\/\/fuentesfidedignas.com.mx\/index.php\/wp-json\/wp\/v2\/users\/9"}],"replies":[{"embeddable":true,"href":"https:\/\/fuentesfidedignas.com.mx\/index.php\/wp-json\/wp\/v2\/comments?post=90197"}],"version-history":[{"count":1,"href":"https:\/\/fuentesfidedignas.com.mx\/index.php\/wp-json\/wp\/v2\/posts\/90197\/revisions"}],"predecessor-version":[{"id":90198,"href":"https:\/\/fuentesfidedignas.com.mx\/index.php\/wp-json\/wp\/v2\/posts\/90197\/revisions\/90198"}],"wp:featuredmedia":[{"embeddable":true,"href":"https:\/\/fuentesfidedignas.com.mx\/index.php\/wp-json\/wp\/v2\/media\/90196"}],"wp:attachment":[{"href":"https:\/\/fuentesfidedignas.com.mx\/index.php\/wp-json\/wp\/v2\/media?parent=90197"}],"wp:term":[{"taxonomy":"category","embeddable":true,"href":"https:\/\/fuentesfidedignas.com.mx\/index.php\/wp-json\/wp\/v2\/categories?post=90197"},{"taxonomy":"post_tag","embeddable":true,"href":"https:\/\/fuentesfidedignas.com.mx\/index.php\/wp-json\/wp\/v2\/tags?post=90197"}],"curies":[{"name":"wp","href":"https:\/\/api.w.org\/{rel}","templated":true}]}}