{"id":90169,"date":"2024-09-02T07:43:03","date_gmt":"2024-09-02T14:43:03","guid":{"rendered":"https:\/\/fuentesfidedignas.com.mx\/?p=90169"},"modified":"2024-09-02T07:46:29","modified_gmt":"2024-09-02T14:46:29","slug":"pension-del-bienestar-estas-son-las-fechas-para-el-pago-de-adultos-mayores-en-septiembre-2024","status":"publish","type":"post","link":"https:\/\/fuentesfidedignas.com.mx\/index.php\/2024\/09\/02\/pension-del-bienestar-estas-son-las-fechas-para-el-pago-de-adultos-mayores-en-septiembre-2024\/","title":{"rendered":"Pensi\u00f3n del Bienestar: \u00e9stas son las fechas para el pago de adultos mayores en septiembre 2024"},"content":{"rendered":"\n<p><strong><em>La pensi\u00f3n del Bienestar es una de las m\u00e1s importantes ayudas sociales para el Gobierno Federal.<\/em><\/strong><\/p>\n\n\n\n<p>De las ayudas m\u00e1s importantes que hay en M\u00e9xico es la pensi\u00f3n del Bienestar y este lunes 2 de septiembre se dio a conocer cu\u00e1les son las fechas en las que se realizar\u00e1n los pagos correspondientes a este periodo.<\/p>\n\n\n\n<p><strong>\u00bfQu\u00e9 es la pensi\u00f3n del Bienestar?<br><\/strong>La pensi\u00f3n del Bienestar tiene como objetivo contribuir al bienestar de las personas adultas mayores a trav\u00e9s de la entrega de una pensi\u00f3n no contributiva que ayude a mejorar las condiciones de vida y que a su vez permita el acceso a la protecci\u00f3n social.<\/p>\n\n\n\n<p><strong>\u00bfHay pago en septiembre?<\/strong><br>De acuerdo con lo que inform\u00f3 la titular de la Secretar\u00eda del Bienestar, Ariadna Montiel, este mes de septiembre se reanudar\u00e1n los pagos a los derecho habientes, lo que significa que necesitas conocer cu\u00e1les son las fechas establecidas para que tengas 6 mil pesos en la tarjeta del Bienestar y los puedas utilizar como m\u00e1s te convenga.<\/p>\n\n\n\n<p>No olvides que cada uno de los pagos se realizar\u00e1 de manera ordenada y ser\u00e1 con la primera letra del apellido paterno del beneficiario que el monto estar\u00e1 en las cuentas de cada uno de ellos.<\/p>\n\n\n\n<p>La secretaria de Bienestar, Ariadna Montiel Reyes, inform\u00f3 que a partir de este 2 de septiembre inicia la dispersi\u00f3n de pagos de la Pensi\u00f3n para el Bienestar de las Personas Adultas Mayores, Pensi\u00f3n para el Bienestar de las Personas con Discapacidad y Programa de Apoyo para el Bienestar de Ni\u00f1as y Ni\u00f1os, Hijos de Madres Trabajadoras.<\/p>\n\n\n\n<p>Montiel Reyes precis\u00f3 que para el bimestre septiembre-octubre, derechohabientes y beneficiarios recibir\u00e1n su pensi\u00f3n o programa a trav\u00e9s de dep\u00f3sito bancario del 2 al 21 de septiembre.<\/p>\n\n\n\n<ul class=\"wp-block-list\">\n<li><strong>\u00bfCu\u00e1l es el calendario de pagos de la pensi\u00f3n del Bienestar?<\/strong><\/li>\n\n\n\n<li>Lunes 2 de septiembre- A<\/li>\n\n\n\n<li>Martes 3 de septiembre- B<\/li>\n\n\n\n<li>Mi\u00e9rcoles 4 de septiembre- C<\/li>\n\n\n\n<li>Jueves 5 de septiembre- C<\/li>\n\n\n\n<li>Viernes 6 de septiembre- D,E,F<\/li>\n\n\n\n<li>S\u00e1bado 7 de septiembre- G<\/li>\n\n\n\n<li>Lunes 9 de septiembre- G<\/li>\n\n\n\n<li>Martes 10 de septiembre- H, I , J, K<\/li>\n\n\n\n<li>Mi\u00e9rcoles 11 de septiembre- L<\/li>\n\n\n\n<li>Jueves 12 de septiembre- M<\/li>\n\n\n\n<li>Viernes 13 de septiembre- M<\/li>\n\n\n\n<li>S\u00e1bado 14 de septiembre- N, \u00d1 , O , P , Q<\/li>\n\n\n\n<li>Mi\u00e9rcoles 18 de septiembre- R<\/li>\n\n\n\n<li>Jueves 19 de septiembre- S<\/li>\n\n\n\n<li>Viernes 20 de septiembre- T, U, V<\/li>\n\n\n\n<li>S\u00e1bado 21 de septiembre- W,X, Y, Z<\/li>\n<\/ul>\n\n\n\n<blockquote class=\"twitter-tweet\"><p lang=\"es\" dir=\"ltr\">\u2764\ufe0f<a href=\"https:\/\/twitter.com\/hashtag\/PensionesBienestar?src=hash&amp;ref_src=twsrc%5Etfw\">#PensionesBienestar<\/a>\u2764\ufe0f<br>Del 2 al 21 de septiembre se realizar\u00e1 el dep\u00f3sito del bimestre septiembre &#8211; octubre de la <a href=\"https:\/\/twitter.com\/hashtag\/Pensi%C3%B3nAdultoMayor?src=hash&amp;ref_src=twsrc%5Etfw\">#Pensi\u00f3nAdultoMayor<\/a>, <a href=\"https:\/\/twitter.com\/hashtag\/Pensi%C3%B3nDiscapacidad?src=hash&amp;ref_src=twsrc%5Etfw\">#Pensi\u00f3nDiscapacidad<\/a>, y de <a href=\"https:\/\/twitter.com\/hashtag\/MadresTrabajadoras?src=hash&amp;ref_src=twsrc%5Etfw\">#MadresTrabajadoras<\/a>.<br><br>Recuerda que el pago se realiza de acuerdo a la letra del primer apellido, a partir de ese d\u00eda\u2026 <a href=\"https:\/\/t.co\/VgS8dmhdue\">pic.twitter.com\/VgS8dmhdue<\/a><\/p>&mdash; Ariadna Montiel Reyes (@A_MontielR) <a href=\"https:\/\/twitter.com\/A_MontielR\/status\/1830597311258394654?ref_src=twsrc%5Etfw\">September 2, 2024<\/a><\/blockquote> <script async src=\"https:\/\/platform.twitter.com\/widgets.js\" charset=\"utf-8\"><\/script>\n\n\n\n<p>No olvides que cada uno de los pagos se realiza de manera autom\u00e1tica en las tarjetas del Bienestar para el mes de septiembre de este 2024.<\/p>\n","protected":false},"excerpt":{"rendered":"<p>La pensi\u00f3n del Bienestar es una de las m\u00e1s importantes ayudas sociales para el Gobierno Federal. De las ayudas m\u00e1s importantes que hay en M\u00e9xico es la pensi\u00f3n del Bienestar y este lunes 2 de septiembre se dio a conocer cu\u00e1les son las fechas en las que se realizar\u00e1n los pagos correspondientes a este periodo. [&hellip;]<\/p>\n","protected":false},"author":9,"featured_media":46275,"comment_status":"open","ping_status":"open","sticky":false,"template":"","format":"standard","meta":{"tdm_status":"","tdm_grid_status":"","footnotes":""},"categories":[39],"tags":[],"class_list":{"0":"post-90169","1":"post","2":"type-post","3":"status-publish","4":"format-standard","5":"has-post-thumbnail","7":"category-noticias-nacionales"},"yoast_head":"<!-- This site is optimized with the Yoast SEO plugin v27.5 - https:\/\/yoast.com\/product\/yoast-seo-wordpress\/ -->\n<title>Pensi\u00f3n del Bienestar: \u00e9stas son las fechas para el pago de adultos mayores en septiembre 2024 - Fuentes Fidedignas<\/title>\n<meta name=\"robots\" content=\"index, follow, max-snippet:-1, max-image-preview:large, max-video-preview:-1\" \/>\n<link rel=\"canonical\" href=\"https:\/\/fuentesfidedignas.com.mx\/index.php\/2024\/09\/02\/pension-del-bienestar-estas-son-las-fechas-para-el-pago-de-adultos-mayores-en-septiembre-2024\/\" \/>\n<meta property=\"og:locale\" content=\"es_MX\" \/>\n<meta property=\"og:type\" content=\"article\" \/>\n<meta property=\"og:title\" content=\"Pensi\u00f3n del Bienestar: \u00e9stas son las fechas para el pago de adultos mayores en septiembre 2024 - Fuentes Fidedignas\" \/>\n<meta property=\"og:description\" content=\"La pensi\u00f3n del Bienestar es una de las m\u00e1s importantes ayudas sociales para el Gobierno Federal. De las ayudas m\u00e1s importantes que hay en M\u00e9xico es la pensi\u00f3n del Bienestar y este lunes 2 de septiembre se dio a conocer cu\u00e1les son las fechas en las que se realizar\u00e1n los pagos correspondientes a este periodo. [&hellip;]\" \/>\n<meta property=\"og:url\" content=\"https:\/\/fuentesfidedignas.com.mx\/index.php\/2024\/09\/02\/pension-del-bienestar-estas-son-las-fechas-para-el-pago-de-adultos-mayores-en-septiembre-2024\/\" \/>\n<meta property=\"og:site_name\" content=\"Fuentes Fidedignas\" \/>\n<meta property=\"article:publisher\" content=\"https:\/\/www.facebook.com\/Fuentes-Fidedignas-368234489921644\" \/>\n<meta property=\"article:published_time\" content=\"2024-09-02T14:43:03+00:00\" \/>\n<meta property=\"article:modified_time\" content=\"2024-09-02T14:46:29+00:00\" \/>\n<meta property=\"og:image\" content=\"https:\/\/fuentesfidedignas.com.mx\/wp-content\/uploads\/2023\/05\/pension-bienestar-adultos-mayores-2023-deposito-pago-enero-.jpg\" \/>\n\t<meta property=\"og:image:width\" content=\"1200\" \/>\n\t<meta property=\"og:image:height\" content=\"675\" \/>\n\t<meta property=\"og:image:type\" content=\"image\/jpeg\" \/>\n<meta name=\"author\" content=\"Milenio\" \/>\n<meta name=\"twitter:card\" content=\"summary_large_image\" \/>\n<meta name=\"twitter:creator\" content=\"@fidedignas\" \/>\n<meta name=\"twitter:site\" content=\"@fidedignas\" \/>\n<meta name=\"twitter:label1\" content=\"Escrito por\" \/>\n\t<meta name=\"twitter:data1\" content=\"Milenio\" \/>\n\t<meta name=\"twitter:label2\" content=\"Tiempo de lectura\" \/>\n\t<meta name=\"twitter:data2\" content=\"3 minutos\" \/>\n<script type=\"application\/ld+json\" class=\"yoast-schema-graph\">{\"@context\":\"https:\\\/\\\/schema.org\",\"@graph\":[{\"@type\":\"Article\",\"@id\":\"https:\\\/\\\/fuentesfidedignas.com.mx\\\/index.php\\\/2024\\\/09\\\/02\\\/pension-del-bienestar-estas-son-las-fechas-para-el-pago-de-adultos-mayores-en-septiembre-2024\\\/#article\",\"isPartOf\":{\"@id\":\"https:\\\/\\\/fuentesfidedignas.com.mx\\\/index.php\\\/2024\\\/09\\\/02\\\/pension-del-bienestar-estas-son-las-fechas-para-el-pago-de-adultos-mayores-en-septiembre-2024\\\/\"},\"author\":{\"name\":\"Milenio\",\"@id\":\"https:\\\/\\\/fuentesfidedignas.com.mx\\\/#\\\/schema\\\/person\\\/47ec0135738f4b0c7495f06a77a2c976\"},\"headline\":\"Pensi\u00f3n del Bienestar: \u00e9stas son las fechas para el pago de adultos mayores en septiembre 2024\",\"datePublished\":\"2024-09-02T14:43:03+00:00\",\"dateModified\":\"2024-09-02T14:46:29+00:00\",\"mainEntityOfPage\":{\"@id\":\"https:\\\/\\\/fuentesfidedignas.com.mx\\\/index.php\\\/2024\\\/09\\\/02\\\/pension-del-bienestar-estas-son-las-fechas-para-el-pago-de-adultos-mayores-en-septiembre-2024\\\/\"},\"wordCount\":500,\"commentCount\":0,\"publisher\":{\"@id\":\"https:\\\/\\\/fuentesfidedignas.com.mx\\\/#organization\"},\"image\":{\"@id\":\"https:\\\/\\\/fuentesfidedignas.com.mx\\\/index.php\\\/2024\\\/09\\\/02\\\/pension-del-bienestar-estas-son-las-fechas-para-el-pago-de-adultos-mayores-en-septiembre-2024\\\/#primaryimage\"},\"thumbnailUrl\":\"https:\\\/\\\/fuentesfidedignas.com.mx\\\/wp-content\\\/uploads\\\/2023\\\/05\\\/pension-bienestar-adultos-mayores-2023-deposito-pago-enero-.jpg\",\"articleSection\":[\"NOTICIAS NACIONALES\"],\"inLanguage\":\"es\",\"potentialAction\":[{\"@type\":\"CommentAction\",\"name\":\"Comment\",\"target\":[\"https:\\\/\\\/fuentesfidedignas.com.mx\\\/index.php\\\/2024\\\/09\\\/02\\\/pension-del-bienestar-estas-son-las-fechas-para-el-pago-de-adultos-mayores-en-septiembre-2024\\\/#respond\"]}]},{\"@type\":\"WebPage\",\"@id\":\"https:\\\/\\\/fuentesfidedignas.com.mx\\\/index.php\\\/2024\\\/09\\\/02\\\/pension-del-bienestar-estas-son-las-fechas-para-el-pago-de-adultos-mayores-en-septiembre-2024\\\/\",\"url\":\"https:\\\/\\\/fuentesfidedignas.com.mx\\\/index.php\\\/2024\\\/09\\\/02\\\/pension-del-bienestar-estas-son-las-fechas-para-el-pago-de-adultos-mayores-en-septiembre-2024\\\/\",\"name\":\"Pensi\u00f3n del Bienestar: \u00e9stas son las fechas para el pago de adultos mayores en septiembre 2024 - Fuentes Fidedignas\",\"isPartOf\":{\"@id\":\"https:\\\/\\\/fuentesfidedignas.com.mx\\\/#website\"},\"primaryImageOfPage\":{\"@id\":\"https:\\\/\\\/fuentesfidedignas.com.mx\\\/index.php\\\/2024\\\/09\\\/02\\\/pension-del-bienestar-estas-son-las-fechas-para-el-pago-de-adultos-mayores-en-septiembre-2024\\\/#primaryimage\"},\"image\":{\"@id\":\"https:\\\/\\\/fuentesfidedignas.com.mx\\\/index.php\\\/2024\\\/09\\\/02\\\/pension-del-bienestar-estas-son-las-fechas-para-el-pago-de-adultos-mayores-en-septiembre-2024\\\/#primaryimage\"},\"thumbnailUrl\":\"https:\\\/\\\/fuentesfidedignas.com.mx\\\/wp-content\\\/uploads\\\/2023\\\/05\\\/pension-bienestar-adultos-mayores-2023-deposito-pago-enero-.jpg\",\"datePublished\":\"2024-09-02T14:43:03+00:00\",\"dateModified\":\"2024-09-02T14:46:29+00:00\",\"breadcrumb\":{\"@id\":\"https:\\\/\\\/fuentesfidedignas.com.mx\\\/index.php\\\/2024\\\/09\\\/02\\\/pension-del-bienestar-estas-son-las-fechas-para-el-pago-de-adultos-mayores-en-septiembre-2024\\\/#breadcrumb\"},\"inLanguage\":\"es\",\"potentialAction\":[{\"@type\":\"ReadAction\",\"target\":[\"https:\\\/\\\/fuentesfidedignas.com.mx\\\/index.php\\\/2024\\\/09\\\/02\\\/pension-del-bienestar-estas-son-las-fechas-para-el-pago-de-adultos-mayores-en-septiembre-2024\\\/\"]}]},{\"@type\":\"ImageObject\",\"inLanguage\":\"es\",\"@id\":\"https:\\\/\\\/fuentesfidedignas.com.mx\\\/index.php\\\/2024\\\/09\\\/02\\\/pension-del-bienestar-estas-son-las-fechas-para-el-pago-de-adultos-mayores-en-septiembre-2024\\\/#primaryimage\",\"url\":\"https:\\\/\\\/fuentesfidedignas.com.mx\\\/wp-content\\\/uploads\\\/2023\\\/05\\\/pension-bienestar-adultos-mayores-2023-deposito-pago-enero-.jpg\",\"contentUrl\":\"https:\\\/\\\/fuentesfidedignas.com.mx\\\/wp-content\\\/uploads\\\/2023\\\/05\\\/pension-bienestar-adultos-mayores-2023-deposito-pago-enero-.jpg\",\"width\":1200,\"height\":675},{\"@type\":\"BreadcrumbList\",\"@id\":\"https:\\\/\\\/fuentesfidedignas.com.mx\\\/index.php\\\/2024\\\/09\\\/02\\\/pension-del-bienestar-estas-son-las-fechas-para-el-pago-de-adultos-mayores-en-septiembre-2024\\\/#breadcrumb\",\"itemListElement\":[{\"@type\":\"ListItem\",\"position\":1,\"name\":\"Inicio\",\"item\":\"https:\\\/\\\/fuentesfidedignas.com.mx\\\/\"},{\"@type\":\"ListItem\",\"position\":2,\"name\":\"Pensi\u00f3n del Bienestar: \u00e9stas son las fechas para el pago de adultos mayores en septiembre 2024\"}]},{\"@type\":\"WebSite\",\"@id\":\"https:\\\/\\\/fuentesfidedignas.com.mx\\\/#website\",\"url\":\"https:\\\/\\\/fuentesfidedignas.com.mx\\\/\",\"name\":\"Fuentes Fidedignas\",\"description\":\"Otro sitio realizado con WordPress\",\"publisher\":{\"@id\":\"https:\\\/\\\/fuentesfidedignas.com.mx\\\/#organization\"},\"potentialAction\":[{\"@type\":\"SearchAction\",\"target\":{\"@type\":\"EntryPoint\",\"urlTemplate\":\"https:\\\/\\\/fuentesfidedignas.com.mx\\\/?s={search_term_string}\"},\"query-input\":{\"@type\":\"PropertyValueSpecification\",\"valueRequired\":true,\"valueName\":\"search_term_string\"}}],\"inLanguage\":\"es\"},{\"@type\":\"Organization\",\"@id\":\"https:\\\/\\\/fuentesfidedignas.com.mx\\\/#organization\",\"name\":\"Fuentes Fidedignas\",\"url\":\"https:\\\/\\\/fuentesfidedignas.com.mx\\\/\",\"logo\":{\"@type\":\"ImageObject\",\"inLanguage\":\"es\",\"@id\":\"https:\\\/\\\/fuentesfidedignas.com.mx\\\/#\\\/schema\\\/logo\\\/image\\\/\",\"url\":\"https:\\\/\\\/fuentesfidedignas.com.mx\\\/wp-content\\\/uploads\\\/2021\\\/04\\\/logo-retina.png\",\"contentUrl\":\"https:\\\/\\\/fuentesfidedignas.com.mx\\\/wp-content\\\/uploads\\\/2021\\\/04\\\/logo-retina.png\",\"width\":280,\"height\":51,\"caption\":\"Fuentes Fidedignas\"},\"image\":{\"@id\":\"https:\\\/\\\/fuentesfidedignas.com.mx\\\/#\\\/schema\\\/logo\\\/image\\\/\"},\"sameAs\":[\"https:\\\/\\\/www.facebook.com\\\/Fuentes-Fidedignas-368234489921644\",\"https:\\\/\\\/x.com\\\/fidedignas\"]},{\"@type\":\"Person\",\"@id\":\"https:\\\/\\\/fuentesfidedignas.com.mx\\\/#\\\/schema\\\/person\\\/47ec0135738f4b0c7495f06a77a2c976\",\"name\":\"Milenio\",\"image\":{\"@type\":\"ImageObject\",\"inLanguage\":\"es\",\"@id\":\"https:\\\/\\\/secure.gravatar.com\\\/avatar\\\/acabf7b54753e51c2c76457954577c236b3b764789b19879565769739d1e4a75?s=96&d=mm&r=g\",\"url\":\"https:\\\/\\\/secure.gravatar.com\\\/avatar\\\/acabf7b54753e51c2c76457954577c236b3b764789b19879565769739d1e4a75?s=96&d=mm&r=g\",\"contentUrl\":\"https:\\\/\\\/secure.gravatar.com\\\/avatar\\\/acabf7b54753e51c2c76457954577c236b3b764789b19879565769739d1e4a75?s=96&d=mm&r=g\",\"caption\":\"Milenio\"},\"url\":\"https:\\\/\\\/fuentesfidedignas.com.mx\\\/index.php\\\/author\\\/milenio\\\/\"}]}<\/script>\n<!-- \/ Yoast SEO plugin. -->","yoast_head_json":{"title":"Pensi\u00f3n del Bienestar: \u00e9stas son las fechas para el pago de adultos mayores en septiembre 2024 - Fuentes Fidedignas","robots":{"index":"index","follow":"follow","max-snippet":"max-snippet:-1","max-image-preview":"max-image-preview:large","max-video-preview":"max-video-preview:-1"},"canonical":"https:\/\/fuentesfidedignas.com.mx\/index.php\/2024\/09\/02\/pension-del-bienestar-estas-son-las-fechas-para-el-pago-de-adultos-mayores-en-septiembre-2024\/","og_locale":"es_MX","og_type":"article","og_title":"Pensi\u00f3n del Bienestar: \u00e9stas son las fechas para el pago de adultos mayores en septiembre 2024 - Fuentes Fidedignas","og_description":"La pensi\u00f3n del Bienestar es una de las m\u00e1s importantes ayudas sociales para el Gobierno Federal. De las ayudas m\u00e1s importantes que hay en M\u00e9xico es la pensi\u00f3n del Bienestar y este lunes 2 de septiembre se dio a conocer cu\u00e1les son las fechas en las que se realizar\u00e1n los pagos correspondientes a este periodo. [&hellip;]","og_url":"https:\/\/fuentesfidedignas.com.mx\/index.php\/2024\/09\/02\/pension-del-bienestar-estas-son-las-fechas-para-el-pago-de-adultos-mayores-en-septiembre-2024\/","og_site_name":"Fuentes Fidedignas","article_publisher":"https:\/\/www.facebook.com\/Fuentes-Fidedignas-368234489921644","article_published_time":"2024-09-02T14:43:03+00:00","article_modified_time":"2024-09-02T14:46:29+00:00","og_image":[{"width":1200,"height":675,"url":"https:\/\/fuentesfidedignas.com.mx\/wp-content\/uploads\/2023\/05\/pension-bienestar-adultos-mayores-2023-deposito-pago-enero-.jpg","type":"image\/jpeg"}],"author":"Milenio","twitter_card":"summary_large_image","twitter_creator":"@fidedignas","twitter_site":"@fidedignas","twitter_misc":{"Escrito por":"Milenio","Tiempo de lectura":"3 minutos"},"schema":{"@context":"https:\/\/schema.org","@graph":[{"@type":"Article","@id":"https:\/\/fuentesfidedignas.com.mx\/index.php\/2024\/09\/02\/pension-del-bienestar-estas-son-las-fechas-para-el-pago-de-adultos-mayores-en-septiembre-2024\/#article","isPartOf":{"@id":"https:\/\/fuentesfidedignas.com.mx\/index.php\/2024\/09\/02\/pension-del-bienestar-estas-son-las-fechas-para-el-pago-de-adultos-mayores-en-septiembre-2024\/"},"author":{"name":"Milenio","@id":"https:\/\/fuentesfidedignas.com.mx\/#\/schema\/person\/47ec0135738f4b0c7495f06a77a2c976"},"headline":"Pensi\u00f3n del Bienestar: \u00e9stas son las fechas para el pago de adultos mayores en septiembre 2024","datePublished":"2024-09-02T14:43:03+00:00","dateModified":"2024-09-02T14:46:29+00:00","mainEntityOfPage":{"@id":"https:\/\/fuentesfidedignas.com.mx\/index.php\/2024\/09\/02\/pension-del-bienestar-estas-son-las-fechas-para-el-pago-de-adultos-mayores-en-septiembre-2024\/"},"wordCount":500,"commentCount":0,"publisher":{"@id":"https:\/\/fuentesfidedignas.com.mx\/#organization"},"image":{"@id":"https:\/\/fuentesfidedignas.com.mx\/index.php\/2024\/09\/02\/pension-del-bienestar-estas-son-las-fechas-para-el-pago-de-adultos-mayores-en-septiembre-2024\/#primaryimage"},"thumbnailUrl":"https:\/\/fuentesfidedignas.com.mx\/wp-content\/uploads\/2023\/05\/pension-bienestar-adultos-mayores-2023-deposito-pago-enero-.jpg","articleSection":["NOTICIAS NACIONALES"],"inLanguage":"es","potentialAction":[{"@type":"CommentAction","name":"Comment","target":["https:\/\/fuentesfidedignas.com.mx\/index.php\/2024\/09\/02\/pension-del-bienestar-estas-son-las-fechas-para-el-pago-de-adultos-mayores-en-septiembre-2024\/#respond"]}]},{"@type":"WebPage","@id":"https:\/\/fuentesfidedignas.com.mx\/index.php\/2024\/09\/02\/pension-del-bienestar-estas-son-las-fechas-para-el-pago-de-adultos-mayores-en-septiembre-2024\/","url":"https:\/\/fuentesfidedignas.com.mx\/index.php\/2024\/09\/02\/pension-del-bienestar-estas-son-las-fechas-para-el-pago-de-adultos-mayores-en-septiembre-2024\/","name":"Pensi\u00f3n del Bienestar: \u00e9stas son las fechas para el pago de adultos mayores en septiembre 2024 - Fuentes Fidedignas","isPartOf":{"@id":"https:\/\/fuentesfidedignas.com.mx\/#website"},"primaryImageOfPage":{"@id":"https:\/\/fuentesfidedignas.com.mx\/index.php\/2024\/09\/02\/pension-del-bienestar-estas-son-las-fechas-para-el-pago-de-adultos-mayores-en-septiembre-2024\/#primaryimage"},"image":{"@id":"https:\/\/fuentesfidedignas.com.mx\/index.php\/2024\/09\/02\/pension-del-bienestar-estas-son-las-fechas-para-el-pago-de-adultos-mayores-en-septiembre-2024\/#primaryimage"},"thumbnailUrl":"https:\/\/fuentesfidedignas.com.mx\/wp-content\/uploads\/2023\/05\/pension-bienestar-adultos-mayores-2023-deposito-pago-enero-.jpg","datePublished":"2024-09-02T14:43:03+00:00","dateModified":"2024-09-02T14:46:29+00:00","breadcrumb":{"@id":"https:\/\/fuentesfidedignas.com.mx\/index.php\/2024\/09\/02\/pension-del-bienestar-estas-son-las-fechas-para-el-pago-de-adultos-mayores-en-septiembre-2024\/#breadcrumb"},"inLanguage":"es","potentialAction":[{"@type":"ReadAction","target":["https:\/\/fuentesfidedignas.com.mx\/index.php\/2024\/09\/02\/pension-del-bienestar-estas-son-las-fechas-para-el-pago-de-adultos-mayores-en-septiembre-2024\/"]}]},{"@type":"ImageObject","inLanguage":"es","@id":"https:\/\/fuentesfidedignas.com.mx\/index.php\/2024\/09\/02\/pension-del-bienestar-estas-son-las-fechas-para-el-pago-de-adultos-mayores-en-septiembre-2024\/#primaryimage","url":"https:\/\/fuentesfidedignas.com.mx\/wp-content\/uploads\/2023\/05\/pension-bienestar-adultos-mayores-2023-deposito-pago-enero-.jpg","contentUrl":"https:\/\/fuentesfidedignas.com.mx\/wp-content\/uploads\/2023\/05\/pension-bienestar-adultos-mayores-2023-deposito-pago-enero-.jpg","width":1200,"height":675},{"@type":"BreadcrumbList","@id":"https:\/\/fuentesfidedignas.com.mx\/index.php\/2024\/09\/02\/pension-del-bienestar-estas-son-las-fechas-para-el-pago-de-adultos-mayores-en-septiembre-2024\/#breadcrumb","itemListElement":[{"@type":"ListItem","position":1,"name":"Inicio","item":"https:\/\/fuentesfidedignas.com.mx\/"},{"@type":"ListItem","position":2,"name":"Pensi\u00f3n del Bienestar: \u00e9stas son las fechas para el pago de adultos mayores en septiembre 2024"}]},{"@type":"WebSite","@id":"https:\/\/fuentesfidedignas.com.mx\/#website","url":"https:\/\/fuentesfidedignas.com.mx\/","name":"Fuentes Fidedignas","description":"Otro sitio realizado con WordPress","publisher":{"@id":"https:\/\/fuentesfidedignas.com.mx\/#organization"},"potentialAction":[{"@type":"SearchAction","target":{"@type":"EntryPoint","urlTemplate":"https:\/\/fuentesfidedignas.com.mx\/?s={search_term_string}"},"query-input":{"@type":"PropertyValueSpecification","valueRequired":true,"valueName":"search_term_string"}}],"inLanguage":"es"},{"@type":"Organization","@id":"https:\/\/fuentesfidedignas.com.mx\/#organization","name":"Fuentes Fidedignas","url":"https:\/\/fuentesfidedignas.com.mx\/","logo":{"@type":"ImageObject","inLanguage":"es","@id":"https:\/\/fuentesfidedignas.com.mx\/#\/schema\/logo\/image\/","url":"https:\/\/fuentesfidedignas.com.mx\/wp-content\/uploads\/2021\/04\/logo-retina.png","contentUrl":"https:\/\/fuentesfidedignas.com.mx\/wp-content\/uploads\/2021\/04\/logo-retina.png","width":280,"height":51,"caption":"Fuentes Fidedignas"},"image":{"@id":"https:\/\/fuentesfidedignas.com.mx\/#\/schema\/logo\/image\/"},"sameAs":["https:\/\/www.facebook.com\/Fuentes-Fidedignas-368234489921644","https:\/\/x.com\/fidedignas"]},{"@type":"Person","@id":"https:\/\/fuentesfidedignas.com.mx\/#\/schema\/person\/47ec0135738f4b0c7495f06a77a2c976","name":"Milenio","image":{"@type":"ImageObject","inLanguage":"es","@id":"https:\/\/secure.gravatar.com\/avatar\/acabf7b54753e51c2c76457954577c236b3b764789b19879565769739d1e4a75?s=96&d=mm&r=g","url":"https:\/\/secure.gravatar.com\/avatar\/acabf7b54753e51c2c76457954577c236b3b764789b19879565769739d1e4a75?s=96&d=mm&r=g","contentUrl":"https:\/\/secure.gravatar.com\/avatar\/acabf7b54753e51c2c76457954577c236b3b764789b19879565769739d1e4a75?s=96&d=mm&r=g","caption":"Milenio"},"url":"https:\/\/fuentesfidedignas.com.mx\/index.php\/author\/milenio\/"}]}},"_links":{"self":[{"href":"https:\/\/fuentesfidedignas.com.mx\/index.php\/wp-json\/wp\/v2\/posts\/90169","targetHints":{"allow":["GET"]}}],"collection":[{"href":"https:\/\/fuentesfidedignas.com.mx\/index.php\/wp-json\/wp\/v2\/posts"}],"about":[{"href":"https:\/\/fuentesfidedignas.com.mx\/index.php\/wp-json\/wp\/v2\/types\/post"}],"author":[{"embeddable":true,"href":"https:\/\/fuentesfidedignas.com.mx\/index.php\/wp-json\/wp\/v2\/users\/9"}],"replies":[{"embeddable":true,"href":"https:\/\/fuentesfidedignas.com.mx\/index.php\/wp-json\/wp\/v2\/comments?post=90169"}],"version-history":[{"count":2,"href":"https:\/\/fuentesfidedignas.com.mx\/index.php\/wp-json\/wp\/v2\/posts\/90169\/revisions"}],"predecessor-version":[{"id":90171,"href":"https:\/\/fuentesfidedignas.com.mx\/index.php\/wp-json\/wp\/v2\/posts\/90169\/revisions\/90171"}],"wp:featuredmedia":[{"embeddable":true,"href":"https:\/\/fuentesfidedignas.com.mx\/index.php\/wp-json\/wp\/v2\/media\/46275"}],"wp:attachment":[{"href":"https:\/\/fuentesfidedignas.com.mx\/index.php\/wp-json\/wp\/v2\/media?parent=90169"}],"wp:term":[{"taxonomy":"category","embeddable":true,"href":"https:\/\/fuentesfidedignas.com.mx\/index.php\/wp-json\/wp\/v2\/categories?post=90169"},{"taxonomy":"post_tag","embeddable":true,"href":"https:\/\/fuentesfidedignas.com.mx\/index.php\/wp-json\/wp\/v2\/tags?post=90169"}],"curies":[{"name":"wp","href":"https:\/\/api.w.org\/{rel}","templated":true}]}}