{"id":90152,"date":"2024-09-01T17:19:14","date_gmt":"2024-09-02T00:19:14","guid":{"rendered":"https:\/\/fuentesfidedignas.com.mx\/?p=90152"},"modified":"2024-09-01T17:19:58","modified_gmt":"2024-09-02T00:19:58","slug":"analizan-juicio-politico-contra-jueces-que-suspendieron-discusion-de-reforma-judicial","status":"publish","type":"post","link":"https:\/\/fuentesfidedignas.com.mx\/index.php\/2024\/09\/01\/analizan-juicio-politico-contra-jueces-que-suspendieron-discusion-de-reforma-judicial\/","title":{"rendered":"Analizan juicio pol\u00edtico contra jueces que suspendieron discusi\u00f3n de reforma judicial"},"content":{"rendered":"\n<p><strong><em>El juicio aplicar\u00eda en contra de los jueces de Chiapas y Morelos que suspendieron las discusiones de la reforma.<\/em><\/strong><\/p>\n\n\n\n<p>Ricardo Monreal, coordinador de Morena en la C\u00e1mara de Diputados inform\u00f3 que durante la Junta de Coordinaci\u00f3n Pol\u00edtica (Jucopo) se valoraban acciones en contra de los jueces de Chiapas y Morelos que suspendieron la discusi\u00f3n de de la Reforma Judicial.<\/p>\n\n\n\n<p>\u201cJuicio pol\u00edtico, denuncia penal, por delitos cometidos en la administraci\u00f3n de justicia, y una queja en la Judicatura\u201d, se\u00f1al\u00f3 Monreal.<\/p>\n\n\n\n<p>\u00c9ste fue el mensaje de Ricardo Monreal al salir de la Jucopo:<\/p>\n\n\n\n<figure class=\"wp-block-embed is-type-rich is-provider-twitter wp-block-embed-twitter\"><div class=\"wp-block-embed__wrapper\">\n<blockquote class=\"twitter-tweet\" data-width=\"550\" data-dnt=\"true\"><p lang=\"es\" dir=\"ltr\">Converso con los medios de comunicaci\u00f3n en la C\u00e1mara de <a href=\"https:\/\/twitter.com\/Mx_Diputados?ref_src=twsrc%5Etfw\">@Mx_Diputados<\/a>. <a href=\"https:\/\/t.co\/9iPiAL6wEa\">pic.twitter.com\/9iPiAL6wEa<\/a><\/p>&mdash; Ricardo Monreal A. (@RicardoMonrealA) <a href=\"https:\/\/twitter.com\/RicardoMonrealA\/status\/1830391635923906782?ref_src=twsrc%5Etfw\">September 1, 2024<\/a><\/blockquote><script async src=\"https:\/\/platform.twitter.com\/widgets.js\" charset=\"utf-8\"><\/script>\n<\/div><\/figure>\n\n\n\n<p>Los jueces otorgaron una suspensi\u00f3n para que ambas c\u00e1maras del Congreso de la Uni\u00f3n continuaran con el proceso legislativo de las reformas en materia del Poder Judicial, y en caso de aprobarlas, se abstengan de enviarlas a los congresos de los estados y la capital para su aprobaci\u00f3n, hasta en tanto se resuelva la suspensi\u00f3n definitiva.<\/p>\n\n\n\n<p>En rueda de prensa, al t\u00e9rmino de la reuni\u00f3n de la Jucopo, Monreal explic\u00f3 que&nbsp;\u201cse propusieron tres acciones contra los jueces por su grave intromisi\u00f3n a la vida interna del Poder Legislativo\u201d.<\/p>\n\n\n\n<p>Aclar\u00f3 que ese planteamiento lo hizo el diputado de su bancada Sergio Guti\u00e9rrez Luna, quien fue invitado por los morenistas a la reuni\u00f3n de la Jucopo.<\/p>\n\n\n\n<p>Aclar\u00f3 que no se aprob\u00f3 \u201cyo ped\u00ed que se retirara para analizarlo con mayor profundidad\u201d.<\/p>\n","protected":false},"excerpt":{"rendered":"<p>El juicio aplicar\u00eda en contra de los jueces de Chiapas y Morelos que suspendieron las discusiones de la reforma. Ricardo Monreal, coordinador de Morena en la C\u00e1mara de Diputados inform\u00f3 que durante la Junta de Coordinaci\u00f3n Pol\u00edtica (Jucopo) se valoraban acciones en contra de los jueces de Chiapas y Morelos que suspendieron la discusi\u00f3n de [&hellip;]<\/p>\n","protected":false},"author":9,"featured_media":90153,"comment_status":"open","ping_status":"open","sticky":false,"template":"","format":"standard","meta":{"tdm_status":"","tdm_grid_status":"","footnotes":""},"categories":[39],"tags":[],"class_list":{"0":"post-90152","1":"post","2":"type-post","3":"status-publish","4":"format-standard","5":"has-post-thumbnail","7":"category-noticias-nacionales"},"yoast_head":"<!-- This site is optimized with the Yoast SEO plugin v27.5 - https:\/\/yoast.com\/product\/yoast-seo-wordpress\/ -->\n<title>Analizan juicio pol\u00edtico contra jueces que suspendieron discusi\u00f3n de reforma judicial - Fuentes Fidedignas<\/title>\n<meta name=\"robots\" content=\"index, follow, max-snippet:-1, max-image-preview:large, max-video-preview:-1\" \/>\n<link rel=\"canonical\" href=\"https:\/\/fuentesfidedignas.com.mx\/index.php\/2024\/09\/01\/analizan-juicio-politico-contra-jueces-que-suspendieron-discusion-de-reforma-judicial\/\" \/>\n<meta property=\"og:locale\" content=\"es_MX\" \/>\n<meta property=\"og:type\" content=\"article\" \/>\n<meta property=\"og:title\" content=\"Analizan juicio pol\u00edtico contra jueces que suspendieron discusi\u00f3n de reforma judicial - Fuentes Fidedignas\" \/>\n<meta property=\"og:description\" content=\"El juicio aplicar\u00eda en contra de los jueces de Chiapas y Morelos que suspendieron las discusiones de la reforma. Ricardo Monreal, coordinador de Morena en la C\u00e1mara de Diputados inform\u00f3 que durante la Junta de Coordinaci\u00f3n Pol\u00edtica (Jucopo) se valoraban acciones en contra de los jueces de Chiapas y Morelos que suspendieron la discusi\u00f3n de [&hellip;]\" \/>\n<meta property=\"og:url\" content=\"https:\/\/fuentesfidedignas.com.mx\/index.php\/2024\/09\/01\/analizan-juicio-politico-contra-jueces-que-suspendieron-discusion-de-reforma-judicial\/\" \/>\n<meta property=\"og:site_name\" content=\"Fuentes Fidedignas\" \/>\n<meta property=\"article:publisher\" content=\"https:\/\/www.facebook.com\/Fuentes-Fidedignas-368234489921644\" \/>\n<meta property=\"article:published_time\" content=\"2024-09-02T00:19:14+00:00\" \/>\n<meta property=\"article:modified_time\" content=\"2024-09-02T00:19:58+00:00\" \/>\n<meta property=\"og:image\" content=\"https:\/\/fuentesfidedignas.com.mx\/wp-content\/uploads\/2024\/09\/ricardo-monreal.jpg\" \/>\n\t<meta property=\"og:image:width\" content=\"650\" \/>\n\t<meta property=\"og:image:height\" content=\"409\" \/>\n\t<meta property=\"og:image:type\" content=\"image\/jpeg\" \/>\n<meta name=\"author\" content=\"Milenio\" \/>\n<meta name=\"twitter:card\" content=\"summary_large_image\" \/>\n<meta name=\"twitter:creator\" content=\"@fidedignas\" \/>\n<meta name=\"twitter:site\" content=\"@fidedignas\" \/>\n<meta name=\"twitter:label1\" content=\"Escrito por\" \/>\n\t<meta name=\"twitter:data1\" content=\"Milenio\" \/>\n\t<meta name=\"twitter:label2\" content=\"Tiempo de lectura\" \/>\n\t<meta name=\"twitter:data2\" content=\"2 minutos\" \/>\n<script type=\"application\/ld+json\" class=\"yoast-schema-graph\">{\"@context\":\"https:\\\/\\\/schema.org\",\"@graph\":[{\"@type\":\"Article\",\"@id\":\"https:\\\/\\\/fuentesfidedignas.com.mx\\\/index.php\\\/2024\\\/09\\\/01\\\/analizan-juicio-politico-contra-jueces-que-suspendieron-discusion-de-reforma-judicial\\\/#article\",\"isPartOf\":{\"@id\":\"https:\\\/\\\/fuentesfidedignas.com.mx\\\/index.php\\\/2024\\\/09\\\/01\\\/analizan-juicio-politico-contra-jueces-que-suspendieron-discusion-de-reforma-judicial\\\/\"},\"author\":{\"name\":\"Milenio\",\"@id\":\"https:\\\/\\\/fuentesfidedignas.com.mx\\\/#\\\/schema\\\/person\\\/47ec0135738f4b0c7495f06a77a2c976\"},\"headline\":\"Analizan juicio pol\u00edtico contra jueces que suspendieron discusi\u00f3n de reforma judicial\",\"datePublished\":\"2024-09-02T00:19:14+00:00\",\"dateModified\":\"2024-09-02T00:19:58+00:00\",\"mainEntityOfPage\":{\"@id\":\"https:\\\/\\\/fuentesfidedignas.com.mx\\\/index.php\\\/2024\\\/09\\\/01\\\/analizan-juicio-politico-contra-jueces-que-suspendieron-discusion-de-reforma-judicial\\\/\"},\"wordCount\":258,\"commentCount\":0,\"publisher\":{\"@id\":\"https:\\\/\\\/fuentesfidedignas.com.mx\\\/#organization\"},\"image\":{\"@id\":\"https:\\\/\\\/fuentesfidedignas.com.mx\\\/index.php\\\/2024\\\/09\\\/01\\\/analizan-juicio-politico-contra-jueces-que-suspendieron-discusion-de-reforma-judicial\\\/#primaryimage\"},\"thumbnailUrl\":\"https:\\\/\\\/fuentesfidedignas.com.mx\\\/wp-content\\\/uploads\\\/2024\\\/09\\\/ricardo-monreal.jpg\",\"articleSection\":[\"NOTICIAS NACIONALES\"],\"inLanguage\":\"es\",\"potentialAction\":[{\"@type\":\"CommentAction\",\"name\":\"Comment\",\"target\":[\"https:\\\/\\\/fuentesfidedignas.com.mx\\\/index.php\\\/2024\\\/09\\\/01\\\/analizan-juicio-politico-contra-jueces-que-suspendieron-discusion-de-reforma-judicial\\\/#respond\"]}]},{\"@type\":\"WebPage\",\"@id\":\"https:\\\/\\\/fuentesfidedignas.com.mx\\\/index.php\\\/2024\\\/09\\\/01\\\/analizan-juicio-politico-contra-jueces-que-suspendieron-discusion-de-reforma-judicial\\\/\",\"url\":\"https:\\\/\\\/fuentesfidedignas.com.mx\\\/index.php\\\/2024\\\/09\\\/01\\\/analizan-juicio-politico-contra-jueces-que-suspendieron-discusion-de-reforma-judicial\\\/\",\"name\":\"Analizan juicio pol\u00edtico contra jueces que suspendieron discusi\u00f3n de reforma judicial - Fuentes Fidedignas\",\"isPartOf\":{\"@id\":\"https:\\\/\\\/fuentesfidedignas.com.mx\\\/#website\"},\"primaryImageOfPage\":{\"@id\":\"https:\\\/\\\/fuentesfidedignas.com.mx\\\/index.php\\\/2024\\\/09\\\/01\\\/analizan-juicio-politico-contra-jueces-que-suspendieron-discusion-de-reforma-judicial\\\/#primaryimage\"},\"image\":{\"@id\":\"https:\\\/\\\/fuentesfidedignas.com.mx\\\/index.php\\\/2024\\\/09\\\/01\\\/analizan-juicio-politico-contra-jueces-que-suspendieron-discusion-de-reforma-judicial\\\/#primaryimage\"},\"thumbnailUrl\":\"https:\\\/\\\/fuentesfidedignas.com.mx\\\/wp-content\\\/uploads\\\/2024\\\/09\\\/ricardo-monreal.jpg\",\"datePublished\":\"2024-09-02T00:19:14+00:00\",\"dateModified\":\"2024-09-02T00:19:58+00:00\",\"breadcrumb\":{\"@id\":\"https:\\\/\\\/fuentesfidedignas.com.mx\\\/index.php\\\/2024\\\/09\\\/01\\\/analizan-juicio-politico-contra-jueces-que-suspendieron-discusion-de-reforma-judicial\\\/#breadcrumb\"},\"inLanguage\":\"es\",\"potentialAction\":[{\"@type\":\"ReadAction\",\"target\":[\"https:\\\/\\\/fuentesfidedignas.com.mx\\\/index.php\\\/2024\\\/09\\\/01\\\/analizan-juicio-politico-contra-jueces-que-suspendieron-discusion-de-reforma-judicial\\\/\"]}]},{\"@type\":\"ImageObject\",\"inLanguage\":\"es\",\"@id\":\"https:\\\/\\\/fuentesfidedignas.com.mx\\\/index.php\\\/2024\\\/09\\\/01\\\/analizan-juicio-politico-contra-jueces-que-suspendieron-discusion-de-reforma-judicial\\\/#primaryimage\",\"url\":\"https:\\\/\\\/fuentesfidedignas.com.mx\\\/wp-content\\\/uploads\\\/2024\\\/09\\\/ricardo-monreal.jpg\",\"contentUrl\":\"https:\\\/\\\/fuentesfidedignas.com.mx\\\/wp-content\\\/uploads\\\/2024\\\/09\\\/ricardo-monreal.jpg\",\"width\":650,\"height\":409},{\"@type\":\"BreadcrumbList\",\"@id\":\"https:\\\/\\\/fuentesfidedignas.com.mx\\\/index.php\\\/2024\\\/09\\\/01\\\/analizan-juicio-politico-contra-jueces-que-suspendieron-discusion-de-reforma-judicial\\\/#breadcrumb\",\"itemListElement\":[{\"@type\":\"ListItem\",\"position\":1,\"name\":\"Inicio\",\"item\":\"https:\\\/\\\/fuentesfidedignas.com.mx\\\/\"},{\"@type\":\"ListItem\",\"position\":2,\"name\":\"Analizan juicio pol\u00edtico contra jueces que suspendieron discusi\u00f3n de reforma judicial\"}]},{\"@type\":\"WebSite\",\"@id\":\"https:\\\/\\\/fuentesfidedignas.com.mx\\\/#website\",\"url\":\"https:\\\/\\\/fuentesfidedignas.com.mx\\\/\",\"name\":\"Fuentes Fidedignas\",\"description\":\"Otro sitio realizado con WordPress\",\"publisher\":{\"@id\":\"https:\\\/\\\/fuentesfidedignas.com.mx\\\/#organization\"},\"potentialAction\":[{\"@type\":\"SearchAction\",\"target\":{\"@type\":\"EntryPoint\",\"urlTemplate\":\"https:\\\/\\\/fuentesfidedignas.com.mx\\\/?s={search_term_string}\"},\"query-input\":{\"@type\":\"PropertyValueSpecification\",\"valueRequired\":true,\"valueName\":\"search_term_string\"}}],\"inLanguage\":\"es\"},{\"@type\":\"Organization\",\"@id\":\"https:\\\/\\\/fuentesfidedignas.com.mx\\\/#organization\",\"name\":\"Fuentes Fidedignas\",\"url\":\"https:\\\/\\\/fuentesfidedignas.com.mx\\\/\",\"logo\":{\"@type\":\"ImageObject\",\"inLanguage\":\"es\",\"@id\":\"https:\\\/\\\/fuentesfidedignas.com.mx\\\/#\\\/schema\\\/logo\\\/image\\\/\",\"url\":\"https:\\\/\\\/fuentesfidedignas.com.mx\\\/wp-content\\\/uploads\\\/2021\\\/04\\\/logo-retina.png\",\"contentUrl\":\"https:\\\/\\\/fuentesfidedignas.com.mx\\\/wp-content\\\/uploads\\\/2021\\\/04\\\/logo-retina.png\",\"width\":280,\"height\":51,\"caption\":\"Fuentes Fidedignas\"},\"image\":{\"@id\":\"https:\\\/\\\/fuentesfidedignas.com.mx\\\/#\\\/schema\\\/logo\\\/image\\\/\"},\"sameAs\":[\"https:\\\/\\\/www.facebook.com\\\/Fuentes-Fidedignas-368234489921644\",\"https:\\\/\\\/x.com\\\/fidedignas\"]},{\"@type\":\"Person\",\"@id\":\"https:\\\/\\\/fuentesfidedignas.com.mx\\\/#\\\/schema\\\/person\\\/47ec0135738f4b0c7495f06a77a2c976\",\"name\":\"Milenio\",\"image\":{\"@type\":\"ImageObject\",\"inLanguage\":\"es\",\"@id\":\"https:\\\/\\\/secure.gravatar.com\\\/avatar\\\/acabf7b54753e51c2c76457954577c236b3b764789b19879565769739d1e4a75?s=96&d=mm&r=g\",\"url\":\"https:\\\/\\\/secure.gravatar.com\\\/avatar\\\/acabf7b54753e51c2c76457954577c236b3b764789b19879565769739d1e4a75?s=96&d=mm&r=g\",\"contentUrl\":\"https:\\\/\\\/secure.gravatar.com\\\/avatar\\\/acabf7b54753e51c2c76457954577c236b3b764789b19879565769739d1e4a75?s=96&d=mm&r=g\",\"caption\":\"Milenio\"},\"url\":\"https:\\\/\\\/fuentesfidedignas.com.mx\\\/index.php\\\/author\\\/milenio\\\/\"}]}<\/script>\n<!-- \/ Yoast SEO plugin. -->","yoast_head_json":{"title":"Analizan juicio pol\u00edtico contra jueces que suspendieron discusi\u00f3n de reforma judicial - Fuentes Fidedignas","robots":{"index":"index","follow":"follow","max-snippet":"max-snippet:-1","max-image-preview":"max-image-preview:large","max-video-preview":"max-video-preview:-1"},"canonical":"https:\/\/fuentesfidedignas.com.mx\/index.php\/2024\/09\/01\/analizan-juicio-politico-contra-jueces-que-suspendieron-discusion-de-reforma-judicial\/","og_locale":"es_MX","og_type":"article","og_title":"Analizan juicio pol\u00edtico contra jueces que suspendieron discusi\u00f3n de reforma judicial - Fuentes Fidedignas","og_description":"El juicio aplicar\u00eda en contra de los jueces de Chiapas y Morelos que suspendieron las discusiones de la reforma. Ricardo Monreal, coordinador de Morena en la C\u00e1mara de Diputados inform\u00f3 que durante la Junta de Coordinaci\u00f3n Pol\u00edtica (Jucopo) se valoraban acciones en contra de los jueces de Chiapas y Morelos que suspendieron la discusi\u00f3n de [&hellip;]","og_url":"https:\/\/fuentesfidedignas.com.mx\/index.php\/2024\/09\/01\/analizan-juicio-politico-contra-jueces-que-suspendieron-discusion-de-reforma-judicial\/","og_site_name":"Fuentes Fidedignas","article_publisher":"https:\/\/www.facebook.com\/Fuentes-Fidedignas-368234489921644","article_published_time":"2024-09-02T00:19:14+00:00","article_modified_time":"2024-09-02T00:19:58+00:00","og_image":[{"width":650,"height":409,"url":"https:\/\/fuentesfidedignas.com.mx\/wp-content\/uploads\/2024\/09\/ricardo-monreal.jpg","type":"image\/jpeg"}],"author":"Milenio","twitter_card":"summary_large_image","twitter_creator":"@fidedignas","twitter_site":"@fidedignas","twitter_misc":{"Escrito por":"Milenio","Tiempo de lectura":"2 minutos"},"schema":{"@context":"https:\/\/schema.org","@graph":[{"@type":"Article","@id":"https:\/\/fuentesfidedignas.com.mx\/index.php\/2024\/09\/01\/analizan-juicio-politico-contra-jueces-que-suspendieron-discusion-de-reforma-judicial\/#article","isPartOf":{"@id":"https:\/\/fuentesfidedignas.com.mx\/index.php\/2024\/09\/01\/analizan-juicio-politico-contra-jueces-que-suspendieron-discusion-de-reforma-judicial\/"},"author":{"name":"Milenio","@id":"https:\/\/fuentesfidedignas.com.mx\/#\/schema\/person\/47ec0135738f4b0c7495f06a77a2c976"},"headline":"Analizan juicio pol\u00edtico contra jueces que suspendieron discusi\u00f3n de reforma judicial","datePublished":"2024-09-02T00:19:14+00:00","dateModified":"2024-09-02T00:19:58+00:00","mainEntityOfPage":{"@id":"https:\/\/fuentesfidedignas.com.mx\/index.php\/2024\/09\/01\/analizan-juicio-politico-contra-jueces-que-suspendieron-discusion-de-reforma-judicial\/"},"wordCount":258,"commentCount":0,"publisher":{"@id":"https:\/\/fuentesfidedignas.com.mx\/#organization"},"image":{"@id":"https:\/\/fuentesfidedignas.com.mx\/index.php\/2024\/09\/01\/analizan-juicio-politico-contra-jueces-que-suspendieron-discusion-de-reforma-judicial\/#primaryimage"},"thumbnailUrl":"https:\/\/fuentesfidedignas.com.mx\/wp-content\/uploads\/2024\/09\/ricardo-monreal.jpg","articleSection":["NOTICIAS NACIONALES"],"inLanguage":"es","potentialAction":[{"@type":"CommentAction","name":"Comment","target":["https:\/\/fuentesfidedignas.com.mx\/index.php\/2024\/09\/01\/analizan-juicio-politico-contra-jueces-que-suspendieron-discusion-de-reforma-judicial\/#respond"]}]},{"@type":"WebPage","@id":"https:\/\/fuentesfidedignas.com.mx\/index.php\/2024\/09\/01\/analizan-juicio-politico-contra-jueces-que-suspendieron-discusion-de-reforma-judicial\/","url":"https:\/\/fuentesfidedignas.com.mx\/index.php\/2024\/09\/01\/analizan-juicio-politico-contra-jueces-que-suspendieron-discusion-de-reforma-judicial\/","name":"Analizan juicio pol\u00edtico contra jueces que suspendieron discusi\u00f3n de reforma judicial - Fuentes Fidedignas","isPartOf":{"@id":"https:\/\/fuentesfidedignas.com.mx\/#website"},"primaryImageOfPage":{"@id":"https:\/\/fuentesfidedignas.com.mx\/index.php\/2024\/09\/01\/analizan-juicio-politico-contra-jueces-que-suspendieron-discusion-de-reforma-judicial\/#primaryimage"},"image":{"@id":"https:\/\/fuentesfidedignas.com.mx\/index.php\/2024\/09\/01\/analizan-juicio-politico-contra-jueces-que-suspendieron-discusion-de-reforma-judicial\/#primaryimage"},"thumbnailUrl":"https:\/\/fuentesfidedignas.com.mx\/wp-content\/uploads\/2024\/09\/ricardo-monreal.jpg","datePublished":"2024-09-02T00:19:14+00:00","dateModified":"2024-09-02T00:19:58+00:00","breadcrumb":{"@id":"https:\/\/fuentesfidedignas.com.mx\/index.php\/2024\/09\/01\/analizan-juicio-politico-contra-jueces-que-suspendieron-discusion-de-reforma-judicial\/#breadcrumb"},"inLanguage":"es","potentialAction":[{"@type":"ReadAction","target":["https:\/\/fuentesfidedignas.com.mx\/index.php\/2024\/09\/01\/analizan-juicio-politico-contra-jueces-que-suspendieron-discusion-de-reforma-judicial\/"]}]},{"@type":"ImageObject","inLanguage":"es","@id":"https:\/\/fuentesfidedignas.com.mx\/index.php\/2024\/09\/01\/analizan-juicio-politico-contra-jueces-que-suspendieron-discusion-de-reforma-judicial\/#primaryimage","url":"https:\/\/fuentesfidedignas.com.mx\/wp-content\/uploads\/2024\/09\/ricardo-monreal.jpg","contentUrl":"https:\/\/fuentesfidedignas.com.mx\/wp-content\/uploads\/2024\/09\/ricardo-monreal.jpg","width":650,"height":409},{"@type":"BreadcrumbList","@id":"https:\/\/fuentesfidedignas.com.mx\/index.php\/2024\/09\/01\/analizan-juicio-politico-contra-jueces-que-suspendieron-discusion-de-reforma-judicial\/#breadcrumb","itemListElement":[{"@type":"ListItem","position":1,"name":"Inicio","item":"https:\/\/fuentesfidedignas.com.mx\/"},{"@type":"ListItem","position":2,"name":"Analizan juicio pol\u00edtico contra jueces que suspendieron discusi\u00f3n de reforma judicial"}]},{"@type":"WebSite","@id":"https:\/\/fuentesfidedignas.com.mx\/#website","url":"https:\/\/fuentesfidedignas.com.mx\/","name":"Fuentes Fidedignas","description":"Otro sitio realizado con WordPress","publisher":{"@id":"https:\/\/fuentesfidedignas.com.mx\/#organization"},"potentialAction":[{"@type":"SearchAction","target":{"@type":"EntryPoint","urlTemplate":"https:\/\/fuentesfidedignas.com.mx\/?s={search_term_string}"},"query-input":{"@type":"PropertyValueSpecification","valueRequired":true,"valueName":"search_term_string"}}],"inLanguage":"es"},{"@type":"Organization","@id":"https:\/\/fuentesfidedignas.com.mx\/#organization","name":"Fuentes Fidedignas","url":"https:\/\/fuentesfidedignas.com.mx\/","logo":{"@type":"ImageObject","inLanguage":"es","@id":"https:\/\/fuentesfidedignas.com.mx\/#\/schema\/logo\/image\/","url":"https:\/\/fuentesfidedignas.com.mx\/wp-content\/uploads\/2021\/04\/logo-retina.png","contentUrl":"https:\/\/fuentesfidedignas.com.mx\/wp-content\/uploads\/2021\/04\/logo-retina.png","width":280,"height":51,"caption":"Fuentes Fidedignas"},"image":{"@id":"https:\/\/fuentesfidedignas.com.mx\/#\/schema\/logo\/image\/"},"sameAs":["https:\/\/www.facebook.com\/Fuentes-Fidedignas-368234489921644","https:\/\/x.com\/fidedignas"]},{"@type":"Person","@id":"https:\/\/fuentesfidedignas.com.mx\/#\/schema\/person\/47ec0135738f4b0c7495f06a77a2c976","name":"Milenio","image":{"@type":"ImageObject","inLanguage":"es","@id":"https:\/\/secure.gravatar.com\/avatar\/acabf7b54753e51c2c76457954577c236b3b764789b19879565769739d1e4a75?s=96&d=mm&r=g","url":"https:\/\/secure.gravatar.com\/avatar\/acabf7b54753e51c2c76457954577c236b3b764789b19879565769739d1e4a75?s=96&d=mm&r=g","contentUrl":"https:\/\/secure.gravatar.com\/avatar\/acabf7b54753e51c2c76457954577c236b3b764789b19879565769739d1e4a75?s=96&d=mm&r=g","caption":"Milenio"},"url":"https:\/\/fuentesfidedignas.com.mx\/index.php\/author\/milenio\/"}]}},"_links":{"self":[{"href":"https:\/\/fuentesfidedignas.com.mx\/index.php\/wp-json\/wp\/v2\/posts\/90152","targetHints":{"allow":["GET"]}}],"collection":[{"href":"https:\/\/fuentesfidedignas.com.mx\/index.php\/wp-json\/wp\/v2\/posts"}],"about":[{"href":"https:\/\/fuentesfidedignas.com.mx\/index.php\/wp-json\/wp\/v2\/types\/post"}],"author":[{"embeddable":true,"href":"https:\/\/fuentesfidedignas.com.mx\/index.php\/wp-json\/wp\/v2\/users\/9"}],"replies":[{"embeddable":true,"href":"https:\/\/fuentesfidedignas.com.mx\/index.php\/wp-json\/wp\/v2\/comments?post=90152"}],"version-history":[{"count":1,"href":"https:\/\/fuentesfidedignas.com.mx\/index.php\/wp-json\/wp\/v2\/posts\/90152\/revisions"}],"predecessor-version":[{"id":90154,"href":"https:\/\/fuentesfidedignas.com.mx\/index.php\/wp-json\/wp\/v2\/posts\/90152\/revisions\/90154"}],"wp:featuredmedia":[{"embeddable":true,"href":"https:\/\/fuentesfidedignas.com.mx\/index.php\/wp-json\/wp\/v2\/media\/90153"}],"wp:attachment":[{"href":"https:\/\/fuentesfidedignas.com.mx\/index.php\/wp-json\/wp\/v2\/media?parent=90152"}],"wp:term":[{"taxonomy":"category","embeddable":true,"href":"https:\/\/fuentesfidedignas.com.mx\/index.php\/wp-json\/wp\/v2\/categories?post=90152"},{"taxonomy":"post_tag","embeddable":true,"href":"https:\/\/fuentesfidedignas.com.mx\/index.php\/wp-json\/wp\/v2\/tags?post=90152"}],"curies":[{"name":"wp","href":"https:\/\/api.w.org\/{rel}","templated":true}]}}