{"id":89892,"date":"2024-08-29T15:12:57","date_gmt":"2024-08-29T22:12:57","guid":{"rendered":"https:\/\/fuentesfidedignas.com.mx\/?p=89892"},"modified":"2024-08-29T15:12:57","modified_gmt":"2024-08-29T22:12:57","slug":"fgr-citara-a-funcionarios-de-fge-de-sinaloa-por-irregularidades-en-caso-cuen","status":"publish","type":"post","link":"https:\/\/fuentesfidedignas.com.mx\/index.php\/2024\/08\/29\/fgr-citara-a-funcionarios-de-fge-de-sinaloa-por-irregularidades-en-caso-cuen\/","title":{"rendered":"FGR citar\u00e1 a funcionarios de FGE de Sinaloa por irregularidades en caso Cu\u00e9n"},"content":{"rendered":"\n<p><strong><em>Buscar\u00e1 precisar c\u00f3mo fue la actuaci\u00f3n de los servidores locales en la investigaci\u00f3n por el asesinato del ex rector de la UAS<\/em><\/strong><\/p>\n\n\n\n<p>Culiac\u00e1n, Sin.- La Fiscal\u00eda General de la Rep\u00fablica (FGR) citar\u00e1 a declarar a funcionarios de la Fiscal\u00eda de Sinaloa, incluyendo a polic\u00edas y peritos, para precisar c\u00f3mo fue su actuaci\u00f3n en las investigaciones por el asesinato de H\u00e9ctor Melesio Cu\u00e9n Ojeda.<\/p>\n\n\n\n<p>La FGR &#8220;<strong>proceder\u00e1 de inmediato a citar a los servidores p\u00fablicos de todos los niveles de la Fiscal\u00eda local, incluyendo a polic\u00edas y peritos, que hayan intervenido en las diligencias del fuero com\u00fan, o que tengan alg\u00fan v\u00ednculo con esos hechos<\/strong>&#8220;, indic\u00f3 mediante un comunicado.<\/p>\n\n\n\n<p><strong>FGR buscar\u00e1 precisar actos de funcionarios de la Fiscal\u00eda de Sinaloa<\/strong><\/p>\n\n\n\n<p>El llamado a los funcionarios locales se realizar\u00e1 como parte de las indagatorias por los hechos ocurridos en la hacienda Huertos del Pedregal, ubicada en Culiac\u00e1n y donde fue presuntamente secuestrado Ismael El Mayo Zambada.<\/p>\n\n\n\n<p>La FGR inform\u00f3 que buscar\u00e1 precisar&nbsp;los datos pertinentes relacionados con la actuaci\u00f3n de los funcionarios de la Fiscal\u00eda de Sinaloa en este caso.<\/p>\n\n\n\n<p><strong>FGR se\u00f1ala irregularidades en informe de la FGE<\/strong><\/p>\n\n\n\n<p>El 15 de agosto, la instituci\u00f3n&nbsp;inform\u00f3 que detect\u00f3 inconsistencias en los informes presentados por la Fiscal\u00eda de Sinaloa sobre el&nbsp;homicidio de Cu\u00e9n Ojeda, ex diputado federal y ex alcalde de Culiac\u00e1n, adem\u00e1s de ex rector de la Universidad Aut\u00f3noma de Sinaloa (UAS).<\/p>\n\n\n\n<p>Indic\u00f3 que en la necropsia no fueron establecidos de forma correcta&nbsp;los signos cadav\u00e9ricos inmediatos, temperatura, signos tanatol\u00f3gicos, livideces, ni la descripci\u00f3n correcta y evoluci\u00f3n que tuvo el cuerpo.<\/p>\n\n\n\n<p>Adem\u00e1s, mencion\u00f3 que tampoco se cumplieron, por parte de todas las autoridades involucradas, las medidas de preservaci\u00f3n del cuerpo, permiti\u00e9ndose una incineraci\u00f3n que es contraria a las pr\u00e1cticas criminal\u00edsticas sobre investigaci\u00f3n de homicidios.<\/p>\n\n\n\n<p>\u00bf<strong>C\u00f3mo fue el asesinato de H\u00e9ctor Cu\u00e9n Ojeda?<\/strong><\/p>\n\n\n\n<p>Con apoyo de un video, la Fiscal\u00eda de Sinaloa sostuvo que Cu\u00e9n Ojeda&nbsp;fue asesinado por motociclistas armados a las afueras de Culiac\u00e1n el 25 de julio, mismo d\u00eda en el que detuvieron a El Mayo Zambada.<\/p>\n\n\n\n<p>Sin embargo, el propio Zambada narr\u00f3, mediante una carta difundida por su abogado, que&nbsp;Cu\u00e9n fue asesinado en la hacienda Huertos del Pedregal, el mismo lugar donde El Mayo fue secuestrado por Joaqu\u00edn Guzm\u00e1n L\u00f3pez.<\/p>\n","protected":false},"excerpt":{"rendered":"<p>Buscar\u00e1 precisar c\u00f3mo fue la actuaci\u00f3n de los servidores locales en la investigaci\u00f3n por el asesinato del ex rector de la UAS Culiac\u00e1n, Sin.- La Fiscal\u00eda General de la Rep\u00fablica (FGR) citar\u00e1 a declarar a funcionarios de la Fiscal\u00eda de Sinaloa, incluyendo a polic\u00edas y peritos, para precisar c\u00f3mo fue su actuaci\u00f3n en las investigaciones [&hellip;]<\/p>\n","protected":false},"author":9,"featured_media":53943,"comment_status":"closed","ping_status":"open","sticky":false,"template":"","format":"standard","meta":{"tdm_status":"","tdm_grid_status":"","footnotes":""},"categories":[37],"tags":[],"class_list":{"0":"post-89892","1":"post","2":"type-post","3":"status-publish","4":"format-standard","5":"has-post-thumbnail","7":"category-nota-principal"},"yoast_head":"<!-- This site is optimized with the Yoast SEO plugin v27.5 - https:\/\/yoast.com\/product\/yoast-seo-wordpress\/ -->\n<title>FGR citar\u00e1 a funcionarios de FGE de Sinaloa por irregularidades en caso Cu\u00e9n - Fuentes Fidedignas<\/title>\n<meta name=\"robots\" content=\"index, follow, max-snippet:-1, max-image-preview:large, max-video-preview:-1\" \/>\n<link rel=\"canonical\" href=\"https:\/\/fuentesfidedignas.com.mx\/index.php\/2024\/08\/29\/fgr-citara-a-funcionarios-de-fge-de-sinaloa-por-irregularidades-en-caso-cuen\/\" \/>\n<meta property=\"og:locale\" content=\"es_MX\" \/>\n<meta property=\"og:type\" content=\"article\" \/>\n<meta property=\"og:title\" content=\"FGR citar\u00e1 a funcionarios de FGE de Sinaloa por irregularidades en caso Cu\u00e9n - Fuentes Fidedignas\" \/>\n<meta property=\"og:description\" content=\"Buscar\u00e1 precisar c\u00f3mo fue la actuaci\u00f3n de los servidores locales en la investigaci\u00f3n por el asesinato del ex rector de la UAS Culiac\u00e1n, Sin.- La Fiscal\u00eda General de la Rep\u00fablica (FGR) citar\u00e1 a declarar a funcionarios de la Fiscal\u00eda de Sinaloa, incluyendo a polic\u00edas y peritos, para precisar c\u00f3mo fue su actuaci\u00f3n en las investigaciones [&hellip;]\" \/>\n<meta property=\"og:url\" content=\"https:\/\/fuentesfidedignas.com.mx\/index.php\/2024\/08\/29\/fgr-citara-a-funcionarios-de-fge-de-sinaloa-por-irregularidades-en-caso-cuen\/\" \/>\n<meta property=\"og:site_name\" content=\"Fuentes Fidedignas\" \/>\n<meta property=\"article:publisher\" content=\"https:\/\/www.facebook.com\/Fuentes-Fidedignas-368234489921644\" \/>\n<meta property=\"article:published_time\" content=\"2024-08-29T22:12:57+00:00\" \/>\n<meta property=\"og:image\" content=\"https:\/\/fuentesfidedignas.com.mx\/wp-content\/uploads\/2023\/07\/CUEN_PAS_.jpg\" \/>\n\t<meta property=\"og:image:width\" content=\"1600\" \/>\n\t<meta property=\"og:image:height\" content=\"1066\" \/>\n\t<meta property=\"og:image:type\" content=\"image\/jpeg\" \/>\n<meta name=\"author\" content=\"Milenio\" \/>\n<meta name=\"twitter:card\" content=\"summary_large_image\" \/>\n<meta name=\"twitter:creator\" content=\"@fidedignas\" \/>\n<meta name=\"twitter:site\" content=\"@fidedignas\" \/>\n<meta name=\"twitter:label1\" content=\"Escrito por\" \/>\n\t<meta name=\"twitter:data1\" content=\"Milenio\" \/>\n\t<meta name=\"twitter:label2\" content=\"Tiempo de lectura\" \/>\n\t<meta name=\"twitter:data2\" content=\"2 minutos\" \/>\n<script type=\"application\/ld+json\" class=\"yoast-schema-graph\">{\"@context\":\"https:\\\/\\\/schema.org\",\"@graph\":[{\"@type\":\"Article\",\"@id\":\"https:\\\/\\\/fuentesfidedignas.com.mx\\\/index.php\\\/2024\\\/08\\\/29\\\/fgr-citara-a-funcionarios-de-fge-de-sinaloa-por-irregularidades-en-caso-cuen\\\/#article\",\"isPartOf\":{\"@id\":\"https:\\\/\\\/fuentesfidedignas.com.mx\\\/index.php\\\/2024\\\/08\\\/29\\\/fgr-citara-a-funcionarios-de-fge-de-sinaloa-por-irregularidades-en-caso-cuen\\\/\"},\"author\":{\"name\":\"Milenio\",\"@id\":\"https:\\\/\\\/fuentesfidedignas.com.mx\\\/#\\\/schema\\\/person\\\/47ec0135738f4b0c7495f06a77a2c976\"},\"headline\":\"FGR citar\u00e1 a funcionarios de FGE de Sinaloa por irregularidades en caso Cu\u00e9n\",\"datePublished\":\"2024-08-29T22:12:57+00:00\",\"mainEntityOfPage\":{\"@id\":\"https:\\\/\\\/fuentesfidedignas.com.mx\\\/index.php\\\/2024\\\/08\\\/29\\\/fgr-citara-a-funcionarios-de-fge-de-sinaloa-por-irregularidades-en-caso-cuen\\\/\"},\"wordCount\":442,\"publisher\":{\"@id\":\"https:\\\/\\\/fuentesfidedignas.com.mx\\\/#organization\"},\"image\":{\"@id\":\"https:\\\/\\\/fuentesfidedignas.com.mx\\\/index.php\\\/2024\\\/08\\\/29\\\/fgr-citara-a-funcionarios-de-fge-de-sinaloa-por-irregularidades-en-caso-cuen\\\/#primaryimage\"},\"thumbnailUrl\":\"https:\\\/\\\/fuentesfidedignas.com.mx\\\/wp-content\\\/uploads\\\/2023\\\/07\\\/CUEN_PAS_.jpg\",\"articleSection\":[\"NOTA PRINCIPAL\"],\"inLanguage\":\"es\"},{\"@type\":\"WebPage\",\"@id\":\"https:\\\/\\\/fuentesfidedignas.com.mx\\\/index.php\\\/2024\\\/08\\\/29\\\/fgr-citara-a-funcionarios-de-fge-de-sinaloa-por-irregularidades-en-caso-cuen\\\/\",\"url\":\"https:\\\/\\\/fuentesfidedignas.com.mx\\\/index.php\\\/2024\\\/08\\\/29\\\/fgr-citara-a-funcionarios-de-fge-de-sinaloa-por-irregularidades-en-caso-cuen\\\/\",\"name\":\"FGR citar\u00e1 a funcionarios de FGE de Sinaloa por irregularidades en caso Cu\u00e9n - Fuentes Fidedignas\",\"isPartOf\":{\"@id\":\"https:\\\/\\\/fuentesfidedignas.com.mx\\\/#website\"},\"primaryImageOfPage\":{\"@id\":\"https:\\\/\\\/fuentesfidedignas.com.mx\\\/index.php\\\/2024\\\/08\\\/29\\\/fgr-citara-a-funcionarios-de-fge-de-sinaloa-por-irregularidades-en-caso-cuen\\\/#primaryimage\"},\"image\":{\"@id\":\"https:\\\/\\\/fuentesfidedignas.com.mx\\\/index.php\\\/2024\\\/08\\\/29\\\/fgr-citara-a-funcionarios-de-fge-de-sinaloa-por-irregularidades-en-caso-cuen\\\/#primaryimage\"},\"thumbnailUrl\":\"https:\\\/\\\/fuentesfidedignas.com.mx\\\/wp-content\\\/uploads\\\/2023\\\/07\\\/CUEN_PAS_.jpg\",\"datePublished\":\"2024-08-29T22:12:57+00:00\",\"breadcrumb\":{\"@id\":\"https:\\\/\\\/fuentesfidedignas.com.mx\\\/index.php\\\/2024\\\/08\\\/29\\\/fgr-citara-a-funcionarios-de-fge-de-sinaloa-por-irregularidades-en-caso-cuen\\\/#breadcrumb\"},\"inLanguage\":\"es\",\"potentialAction\":[{\"@type\":\"ReadAction\",\"target\":[\"https:\\\/\\\/fuentesfidedignas.com.mx\\\/index.php\\\/2024\\\/08\\\/29\\\/fgr-citara-a-funcionarios-de-fge-de-sinaloa-por-irregularidades-en-caso-cuen\\\/\"]}]},{\"@type\":\"ImageObject\",\"inLanguage\":\"es\",\"@id\":\"https:\\\/\\\/fuentesfidedignas.com.mx\\\/index.php\\\/2024\\\/08\\\/29\\\/fgr-citara-a-funcionarios-de-fge-de-sinaloa-por-irregularidades-en-caso-cuen\\\/#primaryimage\",\"url\":\"https:\\\/\\\/fuentesfidedignas.com.mx\\\/wp-content\\\/uploads\\\/2023\\\/07\\\/CUEN_PAS_.jpg\",\"contentUrl\":\"https:\\\/\\\/fuentesfidedignas.com.mx\\\/wp-content\\\/uploads\\\/2023\\\/07\\\/CUEN_PAS_.jpg\",\"width\":1600,\"height\":1066},{\"@type\":\"BreadcrumbList\",\"@id\":\"https:\\\/\\\/fuentesfidedignas.com.mx\\\/index.php\\\/2024\\\/08\\\/29\\\/fgr-citara-a-funcionarios-de-fge-de-sinaloa-por-irregularidades-en-caso-cuen\\\/#breadcrumb\",\"itemListElement\":[{\"@type\":\"ListItem\",\"position\":1,\"name\":\"Inicio\",\"item\":\"https:\\\/\\\/fuentesfidedignas.com.mx\\\/\"},{\"@type\":\"ListItem\",\"position\":2,\"name\":\"FGR citar\u00e1 a funcionarios de FGE de Sinaloa por irregularidades en caso Cu\u00e9n\"}]},{\"@type\":\"WebSite\",\"@id\":\"https:\\\/\\\/fuentesfidedignas.com.mx\\\/#website\",\"url\":\"https:\\\/\\\/fuentesfidedignas.com.mx\\\/\",\"name\":\"Fuentes Fidedignas\",\"description\":\"Otro sitio realizado con WordPress\",\"publisher\":{\"@id\":\"https:\\\/\\\/fuentesfidedignas.com.mx\\\/#organization\"},\"potentialAction\":[{\"@type\":\"SearchAction\",\"target\":{\"@type\":\"EntryPoint\",\"urlTemplate\":\"https:\\\/\\\/fuentesfidedignas.com.mx\\\/?s={search_term_string}\"},\"query-input\":{\"@type\":\"PropertyValueSpecification\",\"valueRequired\":true,\"valueName\":\"search_term_string\"}}],\"inLanguage\":\"es\"},{\"@type\":\"Organization\",\"@id\":\"https:\\\/\\\/fuentesfidedignas.com.mx\\\/#organization\",\"name\":\"Fuentes Fidedignas\",\"url\":\"https:\\\/\\\/fuentesfidedignas.com.mx\\\/\",\"logo\":{\"@type\":\"ImageObject\",\"inLanguage\":\"es\",\"@id\":\"https:\\\/\\\/fuentesfidedignas.com.mx\\\/#\\\/schema\\\/logo\\\/image\\\/\",\"url\":\"https:\\\/\\\/fuentesfidedignas.com.mx\\\/wp-content\\\/uploads\\\/2021\\\/04\\\/logo-retina.png\",\"contentUrl\":\"https:\\\/\\\/fuentesfidedignas.com.mx\\\/wp-content\\\/uploads\\\/2021\\\/04\\\/logo-retina.png\",\"width\":280,\"height\":51,\"caption\":\"Fuentes Fidedignas\"},\"image\":{\"@id\":\"https:\\\/\\\/fuentesfidedignas.com.mx\\\/#\\\/schema\\\/logo\\\/image\\\/\"},\"sameAs\":[\"https:\\\/\\\/www.facebook.com\\\/Fuentes-Fidedignas-368234489921644\",\"https:\\\/\\\/x.com\\\/fidedignas\"]},{\"@type\":\"Person\",\"@id\":\"https:\\\/\\\/fuentesfidedignas.com.mx\\\/#\\\/schema\\\/person\\\/47ec0135738f4b0c7495f06a77a2c976\",\"name\":\"Milenio\",\"image\":{\"@type\":\"ImageObject\",\"inLanguage\":\"es\",\"@id\":\"https:\\\/\\\/secure.gravatar.com\\\/avatar\\\/acabf7b54753e51c2c76457954577c236b3b764789b19879565769739d1e4a75?s=96&d=mm&r=g\",\"url\":\"https:\\\/\\\/secure.gravatar.com\\\/avatar\\\/acabf7b54753e51c2c76457954577c236b3b764789b19879565769739d1e4a75?s=96&d=mm&r=g\",\"contentUrl\":\"https:\\\/\\\/secure.gravatar.com\\\/avatar\\\/acabf7b54753e51c2c76457954577c236b3b764789b19879565769739d1e4a75?s=96&d=mm&r=g\",\"caption\":\"Milenio\"},\"url\":\"https:\\\/\\\/fuentesfidedignas.com.mx\\\/index.php\\\/author\\\/milenio\\\/\"}]}<\/script>\n<!-- \/ Yoast SEO plugin. -->","yoast_head_json":{"title":"FGR citar\u00e1 a funcionarios de FGE de Sinaloa por irregularidades en caso Cu\u00e9n - Fuentes Fidedignas","robots":{"index":"index","follow":"follow","max-snippet":"max-snippet:-1","max-image-preview":"max-image-preview:large","max-video-preview":"max-video-preview:-1"},"canonical":"https:\/\/fuentesfidedignas.com.mx\/index.php\/2024\/08\/29\/fgr-citara-a-funcionarios-de-fge-de-sinaloa-por-irregularidades-en-caso-cuen\/","og_locale":"es_MX","og_type":"article","og_title":"FGR citar\u00e1 a funcionarios de FGE de Sinaloa por irregularidades en caso Cu\u00e9n - Fuentes Fidedignas","og_description":"Buscar\u00e1 precisar c\u00f3mo fue la actuaci\u00f3n de los servidores locales en la investigaci\u00f3n por el asesinato del ex rector de la UAS Culiac\u00e1n, Sin.- La Fiscal\u00eda General de la Rep\u00fablica (FGR) citar\u00e1 a declarar a funcionarios de la Fiscal\u00eda de Sinaloa, incluyendo a polic\u00edas y peritos, para precisar c\u00f3mo fue su actuaci\u00f3n en las investigaciones [&hellip;]","og_url":"https:\/\/fuentesfidedignas.com.mx\/index.php\/2024\/08\/29\/fgr-citara-a-funcionarios-de-fge-de-sinaloa-por-irregularidades-en-caso-cuen\/","og_site_name":"Fuentes Fidedignas","article_publisher":"https:\/\/www.facebook.com\/Fuentes-Fidedignas-368234489921644","article_published_time":"2024-08-29T22:12:57+00:00","og_image":[{"width":1600,"height":1066,"url":"https:\/\/fuentesfidedignas.com.mx\/wp-content\/uploads\/2023\/07\/CUEN_PAS_.jpg","type":"image\/jpeg"}],"author":"Milenio","twitter_card":"summary_large_image","twitter_creator":"@fidedignas","twitter_site":"@fidedignas","twitter_misc":{"Escrito por":"Milenio","Tiempo de lectura":"2 minutos"},"schema":{"@context":"https:\/\/schema.org","@graph":[{"@type":"Article","@id":"https:\/\/fuentesfidedignas.com.mx\/index.php\/2024\/08\/29\/fgr-citara-a-funcionarios-de-fge-de-sinaloa-por-irregularidades-en-caso-cuen\/#article","isPartOf":{"@id":"https:\/\/fuentesfidedignas.com.mx\/index.php\/2024\/08\/29\/fgr-citara-a-funcionarios-de-fge-de-sinaloa-por-irregularidades-en-caso-cuen\/"},"author":{"name":"Milenio","@id":"https:\/\/fuentesfidedignas.com.mx\/#\/schema\/person\/47ec0135738f4b0c7495f06a77a2c976"},"headline":"FGR citar\u00e1 a funcionarios de FGE de Sinaloa por irregularidades en caso Cu\u00e9n","datePublished":"2024-08-29T22:12:57+00:00","mainEntityOfPage":{"@id":"https:\/\/fuentesfidedignas.com.mx\/index.php\/2024\/08\/29\/fgr-citara-a-funcionarios-de-fge-de-sinaloa-por-irregularidades-en-caso-cuen\/"},"wordCount":442,"publisher":{"@id":"https:\/\/fuentesfidedignas.com.mx\/#organization"},"image":{"@id":"https:\/\/fuentesfidedignas.com.mx\/index.php\/2024\/08\/29\/fgr-citara-a-funcionarios-de-fge-de-sinaloa-por-irregularidades-en-caso-cuen\/#primaryimage"},"thumbnailUrl":"https:\/\/fuentesfidedignas.com.mx\/wp-content\/uploads\/2023\/07\/CUEN_PAS_.jpg","articleSection":["NOTA PRINCIPAL"],"inLanguage":"es"},{"@type":"WebPage","@id":"https:\/\/fuentesfidedignas.com.mx\/index.php\/2024\/08\/29\/fgr-citara-a-funcionarios-de-fge-de-sinaloa-por-irregularidades-en-caso-cuen\/","url":"https:\/\/fuentesfidedignas.com.mx\/index.php\/2024\/08\/29\/fgr-citara-a-funcionarios-de-fge-de-sinaloa-por-irregularidades-en-caso-cuen\/","name":"FGR citar\u00e1 a funcionarios de FGE de Sinaloa por irregularidades en caso Cu\u00e9n - Fuentes Fidedignas","isPartOf":{"@id":"https:\/\/fuentesfidedignas.com.mx\/#website"},"primaryImageOfPage":{"@id":"https:\/\/fuentesfidedignas.com.mx\/index.php\/2024\/08\/29\/fgr-citara-a-funcionarios-de-fge-de-sinaloa-por-irregularidades-en-caso-cuen\/#primaryimage"},"image":{"@id":"https:\/\/fuentesfidedignas.com.mx\/index.php\/2024\/08\/29\/fgr-citara-a-funcionarios-de-fge-de-sinaloa-por-irregularidades-en-caso-cuen\/#primaryimage"},"thumbnailUrl":"https:\/\/fuentesfidedignas.com.mx\/wp-content\/uploads\/2023\/07\/CUEN_PAS_.jpg","datePublished":"2024-08-29T22:12:57+00:00","breadcrumb":{"@id":"https:\/\/fuentesfidedignas.com.mx\/index.php\/2024\/08\/29\/fgr-citara-a-funcionarios-de-fge-de-sinaloa-por-irregularidades-en-caso-cuen\/#breadcrumb"},"inLanguage":"es","potentialAction":[{"@type":"ReadAction","target":["https:\/\/fuentesfidedignas.com.mx\/index.php\/2024\/08\/29\/fgr-citara-a-funcionarios-de-fge-de-sinaloa-por-irregularidades-en-caso-cuen\/"]}]},{"@type":"ImageObject","inLanguage":"es","@id":"https:\/\/fuentesfidedignas.com.mx\/index.php\/2024\/08\/29\/fgr-citara-a-funcionarios-de-fge-de-sinaloa-por-irregularidades-en-caso-cuen\/#primaryimage","url":"https:\/\/fuentesfidedignas.com.mx\/wp-content\/uploads\/2023\/07\/CUEN_PAS_.jpg","contentUrl":"https:\/\/fuentesfidedignas.com.mx\/wp-content\/uploads\/2023\/07\/CUEN_PAS_.jpg","width":1600,"height":1066},{"@type":"BreadcrumbList","@id":"https:\/\/fuentesfidedignas.com.mx\/index.php\/2024\/08\/29\/fgr-citara-a-funcionarios-de-fge-de-sinaloa-por-irregularidades-en-caso-cuen\/#breadcrumb","itemListElement":[{"@type":"ListItem","position":1,"name":"Inicio","item":"https:\/\/fuentesfidedignas.com.mx\/"},{"@type":"ListItem","position":2,"name":"FGR citar\u00e1 a funcionarios de FGE de Sinaloa por irregularidades en caso Cu\u00e9n"}]},{"@type":"WebSite","@id":"https:\/\/fuentesfidedignas.com.mx\/#website","url":"https:\/\/fuentesfidedignas.com.mx\/","name":"Fuentes Fidedignas","description":"Otro sitio realizado con WordPress","publisher":{"@id":"https:\/\/fuentesfidedignas.com.mx\/#organization"},"potentialAction":[{"@type":"SearchAction","target":{"@type":"EntryPoint","urlTemplate":"https:\/\/fuentesfidedignas.com.mx\/?s={search_term_string}"},"query-input":{"@type":"PropertyValueSpecification","valueRequired":true,"valueName":"search_term_string"}}],"inLanguage":"es"},{"@type":"Organization","@id":"https:\/\/fuentesfidedignas.com.mx\/#organization","name":"Fuentes Fidedignas","url":"https:\/\/fuentesfidedignas.com.mx\/","logo":{"@type":"ImageObject","inLanguage":"es","@id":"https:\/\/fuentesfidedignas.com.mx\/#\/schema\/logo\/image\/","url":"https:\/\/fuentesfidedignas.com.mx\/wp-content\/uploads\/2021\/04\/logo-retina.png","contentUrl":"https:\/\/fuentesfidedignas.com.mx\/wp-content\/uploads\/2021\/04\/logo-retina.png","width":280,"height":51,"caption":"Fuentes Fidedignas"},"image":{"@id":"https:\/\/fuentesfidedignas.com.mx\/#\/schema\/logo\/image\/"},"sameAs":["https:\/\/www.facebook.com\/Fuentes-Fidedignas-368234489921644","https:\/\/x.com\/fidedignas"]},{"@type":"Person","@id":"https:\/\/fuentesfidedignas.com.mx\/#\/schema\/person\/47ec0135738f4b0c7495f06a77a2c976","name":"Milenio","image":{"@type":"ImageObject","inLanguage":"es","@id":"https:\/\/secure.gravatar.com\/avatar\/acabf7b54753e51c2c76457954577c236b3b764789b19879565769739d1e4a75?s=96&d=mm&r=g","url":"https:\/\/secure.gravatar.com\/avatar\/acabf7b54753e51c2c76457954577c236b3b764789b19879565769739d1e4a75?s=96&d=mm&r=g","contentUrl":"https:\/\/secure.gravatar.com\/avatar\/acabf7b54753e51c2c76457954577c236b3b764789b19879565769739d1e4a75?s=96&d=mm&r=g","caption":"Milenio"},"url":"https:\/\/fuentesfidedignas.com.mx\/index.php\/author\/milenio\/"}]}},"_links":{"self":[{"href":"https:\/\/fuentesfidedignas.com.mx\/index.php\/wp-json\/wp\/v2\/posts\/89892","targetHints":{"allow":["GET"]}}],"collection":[{"href":"https:\/\/fuentesfidedignas.com.mx\/index.php\/wp-json\/wp\/v2\/posts"}],"about":[{"href":"https:\/\/fuentesfidedignas.com.mx\/index.php\/wp-json\/wp\/v2\/types\/post"}],"author":[{"embeddable":true,"href":"https:\/\/fuentesfidedignas.com.mx\/index.php\/wp-json\/wp\/v2\/users\/9"}],"replies":[{"embeddable":true,"href":"https:\/\/fuentesfidedignas.com.mx\/index.php\/wp-json\/wp\/v2\/comments?post=89892"}],"version-history":[{"count":1,"href":"https:\/\/fuentesfidedignas.com.mx\/index.php\/wp-json\/wp\/v2\/posts\/89892\/revisions"}],"predecessor-version":[{"id":89893,"href":"https:\/\/fuentesfidedignas.com.mx\/index.php\/wp-json\/wp\/v2\/posts\/89892\/revisions\/89893"}],"wp:featuredmedia":[{"embeddable":true,"href":"https:\/\/fuentesfidedignas.com.mx\/index.php\/wp-json\/wp\/v2\/media\/53943"}],"wp:attachment":[{"href":"https:\/\/fuentesfidedignas.com.mx\/index.php\/wp-json\/wp\/v2\/media?parent=89892"}],"wp:term":[{"taxonomy":"category","embeddable":true,"href":"https:\/\/fuentesfidedignas.com.mx\/index.php\/wp-json\/wp\/v2\/categories?post=89892"},{"taxonomy":"post_tag","embeddable":true,"href":"https:\/\/fuentesfidedignas.com.mx\/index.php\/wp-json\/wp\/v2\/tags?post=89892"}],"curies":[{"name":"wp","href":"https:\/\/api.w.org\/{rel}","templated":true}]}}